{"id":180154,"date":"2014-07-29T17:57:00","date_gmt":"2014-07-29T17:57:00","guid":{"rendered":"https:\/\/www.webdo.tn\/fr\/blog\/kasserine-terroristes-ouvrent-feu-helicoptere-semmama\/180154\/"},"modified":"2025-06-04T18:19:32","modified_gmt":"2025-06-04T18:19:32","slug":"kasserine-terroristes-ouvrent-feu-helicoptere-semmama-2","status":"publish","type":"post","link":"https:\/\/www.webdo.tn\/fr\/actualite\/terrorisme\/kasserine-terroristes-ouvrent-feu-helicoptere-semmama-2\/180154\/","title":{"rendered":"Kasserine : Des terroristes ouvrent le feu sur un h\u00e9licopt\u00e8re \u00e0 Semmama"},"content":{"rendered":"<p>Des terroristes ont ouvert le feu sur un h\u00e9licopt\u00e8re de l&rsquo;arm\u00e9e qui survolait le massif montagneux de Semmama vers 14h\u00a0ce mardi 29 juillet, d&rsquo;apr\u00e8s notre correspondant Mohamed Kachroudi.<\/p>\n<p>L&rsquo;engin, en vol depuis le matin, n&rsquo;a pas \u00e9t\u00e9 touch\u00e9 mais les agents ont \u00e9t\u00e9 l\u00e9g\u00e8rement bless\u00e9s.<\/p>\n<p>L&rsquo;arm\u00e9e a ripost\u00e9 avec des tirs. Aucune victime n&rsquo;a \u00e9t\u00e9 d\u00e9clar\u00e9e du c\u00f4t\u00e9 des terroristes. De la fum\u00e9e est perceptible depuis le milieu du massif montagneux nous affirme Kachroudi.<\/p>\n<p>\u00a0MAJ 19h50<\/p>\n<p>Abdel Hamid Guesmi, garde forestier retrait\u00e9 vivant sur le massif montagneux de Semmama, vient de nous informer que le feu s&rsquo;est\u00a0propag\u00e9 du c\u00f4t\u00e9 de Dalia et Wassaya dus aux tirs de canons continus de l&rsquo;arm\u00e9e.<\/p>\n","protected":false},"excerpt":{"rendered":"<p>Kasserine : Des terroristes ouvrent le feu sur un h\u00e9licopt\u00e8re \u00e0 Semmama<\/p>\n","protected":false},"author":3222,"featured_media":374993,"comment_status":"open","ping_status":"closed","sticky":false,"template":"","format":"standard","meta":{"footnotes":""},"categories":[11342],"tags":[],"class_list":["post-180154","post","type-post","status-publish","format-standard","has-post-thumbnail","hentry","category-terrorisme"],"yoast_head":"<!-- This site is optimized with the Yoast SEO Premium plugin v27.5 (Yoast SEO v27.5) - https:\/\/yoast.com\/product\/yoast-seo-premium-wordpress\/ -->\n<title>Kasserine : Des terroristes ouvrent le feu sur un h\u00e9licopt\u00e8re \u00e0 Semmama<\/title>\n<meta name=\"description\" content=\"Kasserine : Des terroristes ouvrent le feu sur un h\u00e9licopt\u00e8re \u00e0 Semmama\" \/>\n<link rel=\"canonical\" href=\"https:\/\/www.webdo.tn\/fr\/actualite\/terrorisme\/kasserine-terroristes-ouvrent-feu-helicoptere-semmama-2\/180154\/\" \/>\n<meta property=\"og:locale\" content=\"fr_FR\" \/>\n<meta property=\"og:type\" content=\"article\" \/>\n<meta property=\"og:title\" content=\"Kasserine : Des terroristes ouvrent le feu sur un h\u00e9licopt\u00e8re \u00e0 Semmama\" \/>\n<meta property=\"og:description\" content=\"Kasserine : Des terroristes ouvrent le feu sur un h\u00e9licopt\u00e8re \u00e0 Semmama\" \/>\n<meta property=\"og:url\" content=\"https:\/\/www.webdo.tn\/fr\/actualite\/terrorisme\/kasserine-terroristes-ouvrent-feu-helicoptere-semmama-2\/180154\/\" \/>\n<meta property=\"og:site_name\" content=\"webdo\" \/>\n<meta property=\"article:publisher\" content=\"https:\/\/www.facebook.com\/webdotn\" \/>\n<meta property=\"article:published_time\" content=\"2014-07-29T17:57:00+00:00\" \/>\n<meta property=\"article:modified_time\" content=\"2025-06-04T18:19:32+00:00\" \/>\n<meta name=\"author\" content=\"webdo.tn\" \/>\n<meta name=\"twitter:card\" content=\"summary_large_image\" \/>\n<meta name=\"twitter:creator\" content=\"@webdo_tn\" \/>\n<meta name=\"twitter:site\" content=\"@webdo_tn\" \/>\n<meta name=\"twitter:label1\" content=\"\u00c9crit par\" \/>\n\t<meta name=\"twitter:data1\" content=\"webdo.tn\" \/>\n\t<meta name=\"twitter:label2\" content=\"Dur\u00e9e de lecture estim\u00e9e\" \/>\n\t<meta name=\"twitter:data2\" content=\"1 minute\" \/>\n<script type=\"application\/ld+json\" class=\"yoast-schema-graph\">{\"@context\":\"https:\\\/\\\/schema.org\",\"@graph\":[{\"@type\":\"NewsArticle\",\"@id\":\"https:\\\/\\\/www.webdo.tn\\\/fr\\\/actualite\\\/terrorisme\\\/kasserine-terroristes-ouvrent-feu-helicoptere-semmama-2\\\/180154\\\/#article\",\"isPartOf\":{\"@id\":\"https:\\\/\\\/www.webdo.tn\\\/fr\\\/actualite\\\/terrorisme\\\/kasserine-terroristes-ouvrent-feu-helicoptere-semmama-2\\\/180154\\\/\"},\"author\":{\"name\":\"webdo.tn\",\"@id\":\"https:\\\/\\\/www.webdo.tn\\\/fr\\\/#\\\/schema\\\/person\\\/9a9c6118d687c117df8ef3cc36a4d175\"},\"headline\":\"Kasserine : Des terroristes ouvrent le feu sur un h\u00e9licopt\u00e8re \u00e0 Semmama\",\"datePublished\":\"2014-07-29T17:57:00+00:00\",\"dateModified\":\"2025-06-04T18:19:32+00:00\",\"mainEntityOfPage\":{\"@id\":\"https:\\\/\\\/www.webdo.tn\\\/fr\\\/actualite\\\/terrorisme\\\/kasserine-terroristes-ouvrent-feu-helicoptere-semmama-2\\\/180154\\\/\"},\"wordCount\":146,\"commentCount\":0,\"publisher\":{\"@id\":\"https:\\\/\\\/www.webdo.tn\\\/fr\\\/#organization\"},\"image\":{\"@id\":\"https:\\\/\\\/www.webdo.tn\\\/fr\\\/actualite\\\/terrorisme\\\/kasserine-terroristes-ouvrent-feu-helicoptere-semmama-2\\\/180154\\\/#primaryimage\"},\"thumbnailUrl\":\"https:\\\/\\\/www.webdo.tn\\\/fr\\\/wp-content\\\/uploads\\\/2025\\\/06\\\/Helicoptere_180154.jpg\",\"articleSection\":[\"Terrorisme\"],\"inLanguage\":\"fr-FR\"},{\"@type\":\"WebPage\",\"@id\":\"https:\\\/\\\/www.webdo.tn\\\/fr\\\/actualite\\\/terrorisme\\\/kasserine-terroristes-ouvrent-feu-helicoptere-semmama-2\\\/180154\\\/\",\"url\":\"https:\\\/\\\/www.webdo.tn\\\/fr\\\/actualite\\\/terrorisme\\\/kasserine-terroristes-ouvrent-feu-helicoptere-semmama-2\\\/180154\\\/\",\"name\":\"Kasserine : Des terroristes ouvrent le feu sur un h\u00e9licopt\u00e8re \u00e0 Semmama\",\"isPartOf\":{\"@id\":\"https:\\\/\\\/www.webdo.tn\\\/fr\\\/#website\"},\"primaryImageOfPage\":{\"@id\":\"https:\\\/\\\/www.webdo.tn\\\/fr\\\/actualite\\\/terrorisme\\\/kasserine-terroristes-ouvrent-feu-helicoptere-semmama-2\\\/180154\\\/#primaryimage\"},\"image\":{\"@id\":\"https:\\\/\\\/www.webdo.tn\\\/fr\\\/actualite\\\/terrorisme\\\/kasserine-terroristes-ouvrent-feu-helicoptere-semmama-2\\\/180154\\\/#primaryimage\"},\"thumbnailUrl\":\"https:\\\/\\\/www.webdo.tn\\\/fr\\\/wp-content\\\/uploads\\\/2025\\\/06\\\/Helicoptere_180154.jpg\",\"datePublished\":\"2014-07-29T17:57:00+00:00\",\"dateModified\":\"2025-06-04T18:19:32+00:00\",\"description\":\"Kasserine : Des terroristes ouvrent le feu sur un h\u00e9licopt\u00e8re \u00e0 Semmama\",\"breadcrumb\":{\"@id\":\"https:\\\/\\\/www.webdo.tn\\\/fr\\\/actualite\\\/terrorisme\\\/kasserine-terroristes-ouvrent-feu-helicoptere-semmama-2\\\/180154\\\/#breadcrumb\"},\"inLanguage\":\"fr-FR\",\"potentialAction\":[{\"@type\":\"ReadAction\",\"target\":[\"https:\\\/\\\/www.webdo.tn\\\/fr\\\/actualite\\\/terrorisme\\\/kasserine-terroristes-ouvrent-feu-helicoptere-semmama-2\\\/180154\\\/\"]}]},{\"@type\":\"ImageObject\",\"inLanguage\":\"fr-FR\",\"@id\":\"https:\\\/\\\/www.webdo.tn\\\/fr\\\/actualite\\\/terrorisme\\\/kasserine-terroristes-ouvrent-feu-helicoptere-semmama-2\\\/180154\\\/#primaryimage\",\"url\":\"https:\\\/\\\/www.webdo.tn\\\/fr\\\/wp-content\\\/uploads\\\/2025\\\/06\\\/Helicoptere_180154.jpg\",\"contentUrl\":\"https:\\\/\\\/www.webdo.tn\\\/fr\\\/wp-content\\\/uploads\\\/2025\\\/06\\\/Helicoptere_180154.jpg\",\"width\":443,\"height\":231,\"caption\":\"Kasserine : Des terroristes ouvrent le feu sur un h\u00e9licopt\u00e8re \u00e0 Semmama\"},{\"@type\":\"BreadcrumbList\",\"@id\":\"https:\\\/\\\/www.webdo.tn\\\/fr\\\/actualite\\\/terrorisme\\\/kasserine-terroristes-ouvrent-feu-helicoptere-semmama-2\\\/180154\\\/#breadcrumb\",\"itemListElement\":[{\"@type\":\"ListItem\",\"position\":1,\"name\":\"Accueil\",\"item\":\"https:\\\/\\\/www.webdo.tn\\\/fr\\\/\"},{\"@type\":\"ListItem\",\"position\":2,\"name\":\"Kasserine : Des terroristes ouvrent le feu sur un h\u00e9licopt\u00e8re \u00e0 Semmama\"}]},{\"@type\":\"WebSite\",\"@id\":\"https:\\\/\\\/www.webdo.tn\\\/fr\\\/#website\",\"url\":\"https:\\\/\\\/www.webdo.tn\\\/fr\\\/\",\"name\":\"webdo\",\"description\":\"Tunisie - News en Tunisie et \u00e0 l&#039;international sur Webdo.tn\",\"publisher\":{\"@id\":\"https:\\\/\\\/www.webdo.tn\\\/fr\\\/#organization\"},\"potentialAction\":[{\"@type\":\"SearchAction\",\"target\":{\"@type\":\"EntryPoint\",\"urlTemplate\":\"https:\\\/\\\/www.webdo.tn\\\/fr\\\/?s={search_term_string}\"},\"query-input\":{\"@type\":\"PropertyValueSpecification\",\"valueRequired\":true,\"valueName\":\"search_term_string\"}}],\"inLanguage\":\"fr-FR\"},{\"@type\":\"Organization\",\"@id\":\"https:\\\/\\\/www.webdo.tn\\\/fr\\\/#organization\",\"name\":\"Webdo\",\"alternateName\":\"Webdo.tn\",\"url\":\"https:\\\/\\\/www.webdo.tn\\\/fr\\\/\",\"logo\":{\"@type\":\"ImageObject\",\"inLanguage\":\"fr-FR\",\"@id\":\"https:\\\/\\\/www.webdo.tn\\\/fr\\\/#\\\/schema\\\/logo\\\/image\\\/\",\"url\":\"https:\\\/\\\/www.webdo.tn\\\/fr\\\/wp-content\\\/uploads\\\/2025\\\/06\\\/Webdo-Tunisie_168377.jpg\",\"contentUrl\":\"https:\\\/\\\/www.webdo.tn\\\/fr\\\/wp-content\\\/uploads\\\/2025\\\/06\\\/Webdo-Tunisie_168377.jpg\",\"width\":301,\"height\":301,\"caption\":\"Webdo\"},\"image\":{\"@id\":\"https:\\\/\\\/www.webdo.tn\\\/fr\\\/#\\\/schema\\\/logo\\\/image\\\/\"},\"sameAs\":[\"https:\\\/\\\/www.facebook.com\\\/webdotn\",\"https:\\\/\\\/x.com\\\/webdo_tn\"],\"description\":\"Webdo est un m\u00e9dia num\u00e9rique tunisien fond\u00e9 en 2010, sp\u00e9cialis\u00e9 dans l\u2019actualit\u00e9 nationale et internationale, l\u2019\u00e9conomie, la soci\u00e9t\u00e9 et les analyses politiques. Le site s\u2019adresse \u00e0 un large public francophone et couvre l\u2019information tunisienne en temps r\u00e9el.\",\"email\":\"redac@webdo.tn\",\"legalName\":\"YNJ SARL\",\"foundingDate\":\"2010-09-06\",\"numberOfEmployees\":{\"@type\":\"QuantitativeValue\",\"minValue\":\"11\",\"maxValue\":\"50\"}},{\"@type\":\"Person\",\"@id\":\"https:\\\/\\\/www.webdo.tn\\\/fr\\\/#\\\/schema\\\/person\\\/9a9c6118d687c117df8ef3cc36a4d175\",\"name\":\"webdo.tn\",\"image\":{\"@type\":\"ImageObject\",\"inLanguage\":\"fr-FR\",\"@id\":\"https:\\\/\\\/secure.gravatar.com\\\/avatar\\\/7ce1f28c0c3bbac99ff550b85ef8e44a6950c6ee24514fb6a5489e51d06f0298?s=96&d=mm&r=g\",\"url\":\"https:\\\/\\\/secure.gravatar.com\\\/avatar\\\/7ce1f28c0c3bbac99ff550b85ef8e44a6950c6ee24514fb6a5489e51d06f0298?s=96&d=mm&r=g\",\"contentUrl\":\"https:\\\/\\\/secure.gravatar.com\\\/avatar\\\/7ce1f28c0c3bbac99ff550b85ef8e44a6950c6ee24514fb6a5489e51d06f0298?s=96&d=mm&r=g\",\"caption\":\"webdo.tn\"},\"url\":\"https:\\\/\\\/www.webdo.tn\\\/fr\\\/actualite\\\/author\\\/webdotn\\\/\"}]}<\/script>\n<!-- \/ Yoast SEO Premium plugin. -->","yoast_head_json":{"title":"Kasserine : Des terroristes ouvrent le feu sur un h\u00e9licopt\u00e8re \u00e0 Semmama","description":"Kasserine : Des terroristes ouvrent le feu sur un h\u00e9licopt\u00e8re \u00e0 Semmama","canonical":"https:\/\/www.webdo.tn\/fr\/actualite\/terrorisme\/kasserine-terroristes-ouvrent-feu-helicoptere-semmama-2\/180154\/","og_locale":"fr_FR","og_type":"article","og_title":"Kasserine : Des terroristes ouvrent le feu sur un h\u00e9licopt\u00e8re \u00e0 Semmama","og_description":"Kasserine : Des terroristes ouvrent le feu sur un h\u00e9licopt\u00e8re \u00e0 Semmama","og_url":"https:\/\/www.webdo.tn\/fr\/actualite\/terrorisme\/kasserine-terroristes-ouvrent-feu-helicoptere-semmama-2\/180154\/","og_site_name":"webdo","article_publisher":"https:\/\/www.facebook.com\/webdotn","article_published_time":"2014-07-29T17:57:00+00:00","article_modified_time":"2025-06-04T18:19:32+00:00","author":"webdo.tn","twitter_card":"summary_large_image","twitter_creator":"@webdo_tn","twitter_site":"@webdo_tn","twitter_misc":{"\u00c9crit par":"webdo.tn","Dur\u00e9e de lecture estim\u00e9e":"1 minute"},"schema":{"@context":"https:\/\/schema.org","@graph":[{"@type":"NewsArticle","@id":"https:\/\/www.webdo.tn\/fr\/actualite\/terrorisme\/kasserine-terroristes-ouvrent-feu-helicoptere-semmama-2\/180154\/#article","isPartOf":{"@id":"https:\/\/www.webdo.tn\/fr\/actualite\/terrorisme\/kasserine-terroristes-ouvrent-feu-helicoptere-semmama-2\/180154\/"},"author":{"name":"webdo.tn","@id":"https:\/\/www.webdo.tn\/fr\/#\/schema\/person\/9a9c6118d687c117df8ef3cc36a4d175"},"headline":"Kasserine : Des terroristes ouvrent le feu sur un h\u00e9licopt\u00e8re \u00e0 Semmama","datePublished":"2014-07-29T17:57:00+00:00","dateModified":"2025-06-04T18:19:32+00:00","mainEntityOfPage":{"@id":"https:\/\/www.webdo.tn\/fr\/actualite\/terrorisme\/kasserine-terroristes-ouvrent-feu-helicoptere-semmama-2\/180154\/"},"wordCount":146,"commentCount":0,"publisher":{"@id":"https:\/\/www.webdo.tn\/fr\/#organization"},"image":{"@id":"https:\/\/www.webdo.tn\/fr\/actualite\/terrorisme\/kasserine-terroristes-ouvrent-feu-helicoptere-semmama-2\/180154\/#primaryimage"},"thumbnailUrl":"https:\/\/www.webdo.tn\/fr\/wp-content\/uploads\/2025\/06\/Helicoptere_180154.jpg","articleSection":["Terrorisme"],"inLanguage":"fr-FR"},{"@type":"WebPage","@id":"https:\/\/www.webdo.tn\/fr\/actualite\/terrorisme\/kasserine-terroristes-ouvrent-feu-helicoptere-semmama-2\/180154\/","url":"https:\/\/www.webdo.tn\/fr\/actualite\/terrorisme\/kasserine-terroristes-ouvrent-feu-helicoptere-semmama-2\/180154\/","name":"Kasserine : Des terroristes ouvrent le feu sur un h\u00e9licopt\u00e8re \u00e0 Semmama","isPartOf":{"@id":"https:\/\/www.webdo.tn\/fr\/#website"},"primaryImageOfPage":{"@id":"https:\/\/www.webdo.tn\/fr\/actualite\/terrorisme\/kasserine-terroristes-ouvrent-feu-helicoptere-semmama-2\/180154\/#primaryimage"},"image":{"@id":"https:\/\/www.webdo.tn\/fr\/actualite\/terrorisme\/kasserine-terroristes-ouvrent-feu-helicoptere-semmama-2\/180154\/#primaryimage"},"thumbnailUrl":"https:\/\/www.webdo.tn\/fr\/wp-content\/uploads\/2025\/06\/Helicoptere_180154.jpg","datePublished":"2014-07-29T17:57:00+00:00","dateModified":"2025-06-04T18:19:32+00:00","description":"Kasserine : Des terroristes ouvrent le feu sur un h\u00e9licopt\u00e8re \u00e0 Semmama","breadcrumb":{"@id":"https:\/\/www.webdo.tn\/fr\/actualite\/terrorisme\/kasserine-terroristes-ouvrent-feu-helicoptere-semmama-2\/180154\/#breadcrumb"},"inLanguage":"fr-FR","potentialAction":[{"@type":"ReadAction","target":["https:\/\/www.webdo.tn\/fr\/actualite\/terrorisme\/kasserine-terroristes-ouvrent-feu-helicoptere-semmama-2\/180154\/"]}]},{"@type":"ImageObject","inLanguage":"fr-FR","@id":"https:\/\/www.webdo.tn\/fr\/actualite\/terrorisme\/kasserine-terroristes-ouvrent-feu-helicoptere-semmama-2\/180154\/#primaryimage","url":"https:\/\/www.webdo.tn\/fr\/wp-content\/uploads\/2025\/06\/Helicoptere_180154.jpg","contentUrl":"https:\/\/www.webdo.tn\/fr\/wp-content\/uploads\/2025\/06\/Helicoptere_180154.jpg","width":443,"height":231,"caption":"Kasserine : Des terroristes ouvrent le feu sur un h\u00e9licopt\u00e8re \u00e0 Semmama"},{"@type":"BreadcrumbList","@id":"https:\/\/www.webdo.tn\/fr\/actualite\/terrorisme\/kasserine-terroristes-ouvrent-feu-helicoptere-semmama-2\/180154\/#breadcrumb","itemListElement":[{"@type":"ListItem","position":1,"name":"Accueil","item":"https:\/\/www.webdo.tn\/fr\/"},{"@type":"ListItem","position":2,"name":"Kasserine : Des terroristes ouvrent le feu sur un h\u00e9licopt\u00e8re \u00e0 Semmama"}]},{"@type":"WebSite","@id":"https:\/\/www.webdo.tn\/fr\/#website","url":"https:\/\/www.webdo.tn\/fr\/","name":"webdo","description":"Tunisie - News en Tunisie et \u00e0 l&#039;international sur Webdo.tn","publisher":{"@id":"https:\/\/www.webdo.tn\/fr\/#organization"},"potentialAction":[{"@type":"SearchAction","target":{"@type":"EntryPoint","urlTemplate":"https:\/\/www.webdo.tn\/fr\/?s={search_term_string}"},"query-input":{"@type":"PropertyValueSpecification","valueRequired":true,"valueName":"search_term_string"}}],"inLanguage":"fr-FR"},{"@type":"Organization","@id":"https:\/\/www.webdo.tn\/fr\/#organization","name":"Webdo","alternateName":"Webdo.tn","url":"https:\/\/www.webdo.tn\/fr\/","logo":{"@type":"ImageObject","inLanguage":"fr-FR","@id":"https:\/\/www.webdo.tn\/fr\/#\/schema\/logo\/image\/","url":"https:\/\/www.webdo.tn\/fr\/wp-content\/uploads\/2025\/06\/Webdo-Tunisie_168377.jpg","contentUrl":"https:\/\/www.webdo.tn\/fr\/wp-content\/uploads\/2025\/06\/Webdo-Tunisie_168377.jpg","width":301,"height":301,"caption":"Webdo"},"image":{"@id":"https:\/\/www.webdo.tn\/fr\/#\/schema\/logo\/image\/"},"sameAs":["https:\/\/www.facebook.com\/webdotn","https:\/\/x.com\/webdo_tn"],"description":"Webdo est un m\u00e9dia num\u00e9rique tunisien fond\u00e9 en 2010, sp\u00e9cialis\u00e9 dans l\u2019actualit\u00e9 nationale et internationale, l\u2019\u00e9conomie, la soci\u00e9t\u00e9 et les analyses politiques. Le site s\u2019adresse \u00e0 un large public francophone et couvre l\u2019information tunisienne en temps r\u00e9el.","email":"redac@webdo.tn","legalName":"YNJ SARL","foundingDate":"2010-09-06","numberOfEmployees":{"@type":"QuantitativeValue","minValue":"11","maxValue":"50"}},{"@type":"Person","@id":"https:\/\/www.webdo.tn\/fr\/#\/schema\/person\/9a9c6118d687c117df8ef3cc36a4d175","name":"webdo.tn","image":{"@type":"ImageObject","inLanguage":"fr-FR","@id":"https:\/\/secure.gravatar.com\/avatar\/7ce1f28c0c3bbac99ff550b85ef8e44a6950c6ee24514fb6a5489e51d06f0298?s=96&d=mm&r=g","url":"https:\/\/secure.gravatar.com\/avatar\/7ce1f28c0c3bbac99ff550b85ef8e44a6950c6ee24514fb6a5489e51d06f0298?s=96&d=mm&r=g","contentUrl":"https:\/\/secure.gravatar.com\/avatar\/7ce1f28c0c3bbac99ff550b85ef8e44a6950c6ee24514fb6a5489e51d06f0298?s=96&d=mm&r=g","caption":"webdo.tn"},"url":"https:\/\/www.webdo.tn\/fr\/actualite\/author\/webdotn\/"}]}},"_links":{"self":[{"href":"https:\/\/www.webdo.tn\/fr\/wp-json\/wp\/v2\/posts\/180154","targetHints":{"allow":["GET"]}}],"collection":[{"href":"https:\/\/www.webdo.tn\/fr\/wp-json\/wp\/v2\/posts"}],"about":[{"href":"https:\/\/www.webdo.tn\/fr\/wp-json\/wp\/v2\/types\/post"}],"author":[{"embeddable":true,"href":"https:\/\/www.webdo.tn\/fr\/wp-json\/wp\/v2\/users\/3222"}],"replies":[{"embeddable":true,"href":"https:\/\/www.webdo.tn\/fr\/wp-json\/wp\/v2\/comments?post=180154"}],"version-history":[{"count":0,"href":"https:\/\/www.webdo.tn\/fr\/wp-json\/wp\/v2\/posts\/180154\/revisions"}],"wp:featuredmedia":[{"embeddable":true,"href":"https:\/\/www.webdo.tn\/fr\/wp-json\/wp\/v2\/media\/374993"}],"wp:attachment":[{"href":"https:\/\/www.webdo.tn\/fr\/wp-json\/wp\/v2\/media?parent=180154"}],"wp:term":[{"taxonomy":"category","embeddable":true,"href":"https:\/\/www.webdo.tn\/fr\/wp-json\/wp\/v2\/categories?post=180154"},{"taxonomy":"post_tag","embeddable":true,"href":"https:\/\/www.webdo.tn\/fr\/wp-json\/wp\/v2\/tags?post=180154"}],"curies":[{"name":"wp","href":"https:\/\/api.w.org\/{rel}","templated":true}]}}