{"id":180153,"date":"2014-07-29T23:52:00","date_gmt":"2014-07-29T23:52:00","guid":{"rendered":"https:\/\/www.webdo.tn\/fr\/blog\/lancien-porte-parole-dansar-achariaa-seifeddine-rais-nouveau-arrete\/180153\/"},"modified":"2025-06-04T18:19:33","modified_gmt":"2025-06-04T18:19:33","slug":"lancien-porte-parole-dansar-achariaa-seifeddine-rais-nouveau-arrete-2","status":"publish","type":"post","link":"https:\/\/www.webdo.tn\/fr\/actualite\/terrorisme\/lancien-porte-parole-dansar-achariaa-seifeddine-rais-nouveau-arrete-2\/180153\/","title":{"rendered":"L\u2019ancien porte-parole d&rsquo;Ansar Acharia\u00e2, Seifeddine Rais, de nouveau arr\u00eat\u00e9"},"content":{"rendered":"<p>Arr\u00eat\u00e9 samedi 26 juillet puis rel\u00e2ch\u00e9, le lendemain, le 27 juillet, l&rsquo;ex-porte-parole d&rsquo;Ansar Acharia\u00e2 a, de nouveau, \u00e9t\u00e9 arr\u00eat\u00e9, ce mardi 29 juillet vers les coups de 23h00, confirme un de ses avocats, Ma\u00eetre Ines Harrath.<\/p>\n<p>Selon son avocate, Seifeddine Rais a \u00e9t\u00e9 arr\u00eat\u00e9 chez lui \u00e0 Kairouan o\u00f9 il r\u00e9side. Il a \u00e9t\u00e9 ensuite emmen\u00e9 au District de la police. L\u00e0, ses avocats ont \u00e9t\u00e9 inform\u00e9s que leur client allait \u00eatre transf\u00e9r\u00e9 \u00e0 Gorjani.<\/p>\n<p>Me Ines Harrath tient \u00e0 pr\u00e9ciser que son arrestation ne peut avoir aucun lien avec le communiqu\u00e9 publi\u00e9, lundi 28 juillet, par Ansar Acharia\u00e2 dans lequel l\u2019organisation, d\u00e9clar\u00e9e terroriste, par le gouvernement, \u00aba f\u00e9licit\u00e9 ses partisans \u00e0 l\u2019occasion de l\u2019Aid El Fitr, mais a surtout promis de venger la mort de ses combattants, tu\u00e9s dans les attaques terroristes survenues r\u00e9cemment en Tunisie et des individus arr\u00eat\u00e9s par la s\u00e9curit\u00e9 tunisienne. Ansar Acharia\u00e2 demande aux forces s\u00e9curit\u00e9 et \u00e0 l\u2019arm\u00e9e de choisir entre \u00ab\u00a0la r\u00e9conciliation\u00a0\u00bb et la guerre\u00bb.<\/p>\n<p>Son avocate insiste sur le fait qu&rsquo;il n&rsquo;a aucun rapport avec ce communiqu\u00e9 dans la mesure o\u00f9 \u00abSeifeddine Rais n&rsquo;est plus activiste ni porte-parole d&rsquo;Ansar Acharia\u00e2 depuis l&rsquo;interdiction de l&rsquo;organisation\u00bb, nous indique-t-elle.<\/p>\n<p>Son avocate indique \u00e9galement que cette nouvelle arrestation n&rsquo;est pas en rapport avec la fameuse vid\u00e9o datant de 2013 et dans laquelle Seifeddine Rais fait all\u00e9geance \u00e0 l&rsquo;Etat islamique dans l&rsquo;Irak de Rafidain et de Cham.<\/p>\n<p>Elle ajoute que les avocats de Seifeddine Rais d\u00e9noncent ces arrestations \u00e0 r\u00e9p\u00e9tition et sont en train d&rsquo;\u00e9tudier un moyen d&rsquo;\u00e9viter \u00e0 leur client cet harc\u00e8lement dont il est sujet.<\/p>\n<p>L&rsquo;ex-porte-parole d&rsquo;Ansar Acharia\u00e2 avait \u00e9t\u00e9 arr\u00eat\u00e9, samedi dernier, suite aux accusations du minist\u00e8re de l&rsquo;Int\u00e9rieur comme \u00e9tant impliqu\u00e9 dans des r\u00e9seaux qui aident des combattants \u00e0 voyager (clandestinement) en Syrie et la propagation d&rsquo;informations de nature \u00e0 nuire \u00e0 l\u2019ordre public.<\/p>\n<p>Apr\u00e8s avoir \u00e9t\u00e9 entendu par le juge d&rsquo;instruction, il avait \u00e9t\u00e9 lib\u00e9r\u00e9 le lendemain pour manque de preuves tangibles.<\/p>\n","protected":false},"excerpt":{"rendered":"<p>L\u2019ancien porte-parole d&rsquo;Ansar Acharia\u00e2, Seifeddine Rais, de nouveau arr\u00eat\u00e9<\/p>\n","protected":false},"author":3222,"featured_media":334798,"comment_status":"open","ping_status":"closed","sticky":false,"template":"","format":"standard","meta":{"footnotes":""},"categories":[11342],"tags":[],"class_list":["post-180153","post","type-post","status-publish","format-standard","has-post-thumbnail","hentry","category-terrorisme"],"yoast_head":"<!-- This site is optimized with the Yoast SEO Premium plugin v27.5 (Yoast SEO v27.5) - https:\/\/yoast.com\/product\/yoast-seo-premium-wordpress\/ -->\n<title>L\u2019ancien porte-parole d&#039;Ansar Acharia\u00e2, Seifeddine Rais, de nouveau arr\u00eat\u00e9<\/title>\n<meta name=\"description\" content=\"L\u2019ancien porte-parole d&#039;Ansar Acharia\u00e2, Seifeddine Rais, de nouveau arr\u00eat\u00e9\" \/>\n<link rel=\"canonical\" href=\"https:\/\/www.webdo.tn\/fr\/actualite\/terrorisme\/lancien-porte-parole-dansar-achariaa-seifeddine-rais-nouveau-arrete-2\/180153\/\" \/>\n<meta property=\"og:locale\" content=\"fr_FR\" \/>\n<meta property=\"og:type\" content=\"article\" \/>\n<meta property=\"og:title\" content=\"L\u2019ancien porte-parole d&#039;Ansar Acharia\u00e2, Seifeddine Rais, de nouveau arr\u00eat\u00e9\" \/>\n<meta property=\"og:description\" content=\"L\u2019ancien porte-parole d&#039;Ansar Acharia\u00e2, Seifeddine Rais, de nouveau arr\u00eat\u00e9\" \/>\n<meta property=\"og:url\" content=\"https:\/\/www.webdo.tn\/fr\/actualite\/terrorisme\/lancien-porte-parole-dansar-achariaa-seifeddine-rais-nouveau-arrete-2\/180153\/\" \/>\n<meta property=\"og:site_name\" content=\"webdo\" \/>\n<meta property=\"article:publisher\" content=\"https:\/\/www.facebook.com\/webdotn\" \/>\n<meta property=\"article:published_time\" content=\"2014-07-29T23:52:00+00:00\" \/>\n<meta property=\"article:modified_time\" content=\"2025-06-04T18:19:33+00:00\" \/>\n<meta property=\"og:image\" content=\"https:\/\/www.webdo.tn\/fr\/wp-content\/uploads\/2014\/07\/Seifeddine-Rais-2.jpg\" \/>\n\t<meta property=\"og:image:width\" content=\"500\" \/>\n\t<meta property=\"og:image:height\" content=\"333\" \/>\n\t<meta property=\"og:image:type\" content=\"image\/jpeg\" \/>\n<meta name=\"author\" content=\"webdo.tn\" \/>\n<meta name=\"twitter:card\" content=\"summary_large_image\" \/>\n<meta name=\"twitter:creator\" content=\"@webdo_tn\" \/>\n<meta name=\"twitter:site\" content=\"@webdo_tn\" \/>\n<meta name=\"twitter:label1\" content=\"\u00c9crit par\" \/>\n\t<meta name=\"twitter:data1\" content=\"webdo.tn\" \/>\n\t<meta name=\"twitter:label2\" content=\"Dur\u00e9e de lecture estim\u00e9e\" \/>\n\t<meta name=\"twitter:data2\" content=\"2 minutes\" \/>\n<script type=\"application\/ld+json\" class=\"yoast-schema-graph\">{\"@context\":\"https:\\\/\\\/schema.org\",\"@graph\":[{\"@type\":\"NewsArticle\",\"@id\":\"https:\\\/\\\/www.webdo.tn\\\/fr\\\/actualite\\\/terrorisme\\\/lancien-porte-parole-dansar-achariaa-seifeddine-rais-nouveau-arrete-2\\\/180153\\\/#article\",\"isPartOf\":{\"@id\":\"https:\\\/\\\/www.webdo.tn\\\/fr\\\/actualite\\\/terrorisme\\\/lancien-porte-parole-dansar-achariaa-seifeddine-rais-nouveau-arrete-2\\\/180153\\\/\"},\"author\":{\"name\":\"webdo.tn\",\"@id\":\"https:\\\/\\\/www.webdo.tn\\\/fr\\\/#\\\/schema\\\/person\\\/9a9c6118d687c117df8ef3cc36a4d175\"},\"headline\":\"L\u2019ancien porte-parole d&rsquo;Ansar Acharia\u00e2, Seifeddine Rais, de nouveau arr\u00eat\u00e9\",\"datePublished\":\"2014-07-29T23:52:00+00:00\",\"dateModified\":\"2025-06-04T18:19:33+00:00\",\"mainEntityOfPage\":{\"@id\":\"https:\\\/\\\/www.webdo.tn\\\/fr\\\/actualite\\\/terrorisme\\\/lancien-porte-parole-dansar-achariaa-seifeddine-rais-nouveau-arrete-2\\\/180153\\\/\"},\"wordCount\":371,\"commentCount\":0,\"publisher\":{\"@id\":\"https:\\\/\\\/www.webdo.tn\\\/fr\\\/#organization\"},\"image\":{\"@id\":\"https:\\\/\\\/www.webdo.tn\\\/fr\\\/actualite\\\/terrorisme\\\/lancien-porte-parole-dansar-achariaa-seifeddine-rais-nouveau-arrete-2\\\/180153\\\/#primaryimage\"},\"thumbnailUrl\":\"https:\\\/\\\/www.webdo.tn\\\/fr\\\/wp-content\\\/uploads\\\/2014\\\/07\\\/Seifeddine-Rais-2.jpg\",\"articleSection\":[\"Terrorisme\"],\"inLanguage\":\"fr-FR\"},{\"@type\":\"WebPage\",\"@id\":\"https:\\\/\\\/www.webdo.tn\\\/fr\\\/actualite\\\/terrorisme\\\/lancien-porte-parole-dansar-achariaa-seifeddine-rais-nouveau-arrete-2\\\/180153\\\/\",\"url\":\"https:\\\/\\\/www.webdo.tn\\\/fr\\\/actualite\\\/terrorisme\\\/lancien-porte-parole-dansar-achariaa-seifeddine-rais-nouveau-arrete-2\\\/180153\\\/\",\"name\":\"L\u2019ancien porte-parole d'Ansar Acharia\u00e2, Seifeddine Rais, de nouveau arr\u00eat\u00e9\",\"isPartOf\":{\"@id\":\"https:\\\/\\\/www.webdo.tn\\\/fr\\\/#website\"},\"primaryImageOfPage\":{\"@id\":\"https:\\\/\\\/www.webdo.tn\\\/fr\\\/actualite\\\/terrorisme\\\/lancien-porte-parole-dansar-achariaa-seifeddine-rais-nouveau-arrete-2\\\/180153\\\/#primaryimage\"},\"image\":{\"@id\":\"https:\\\/\\\/www.webdo.tn\\\/fr\\\/actualite\\\/terrorisme\\\/lancien-porte-parole-dansar-achariaa-seifeddine-rais-nouveau-arrete-2\\\/180153\\\/#primaryimage\"},\"thumbnailUrl\":\"https:\\\/\\\/www.webdo.tn\\\/fr\\\/wp-content\\\/uploads\\\/2014\\\/07\\\/Seifeddine-Rais-2.jpg\",\"datePublished\":\"2014-07-29T23:52:00+00:00\",\"dateModified\":\"2025-06-04T18:19:33+00:00\",\"description\":\"L\u2019ancien porte-parole d'Ansar Acharia\u00e2, Seifeddine Rais, de nouveau arr\u00eat\u00e9\",\"breadcrumb\":{\"@id\":\"https:\\\/\\\/www.webdo.tn\\\/fr\\\/actualite\\\/terrorisme\\\/lancien-porte-parole-dansar-achariaa-seifeddine-rais-nouveau-arrete-2\\\/180153\\\/#breadcrumb\"},\"inLanguage\":\"fr-FR\",\"potentialAction\":[{\"@type\":\"ReadAction\",\"target\":[\"https:\\\/\\\/www.webdo.tn\\\/fr\\\/actualite\\\/terrorisme\\\/lancien-porte-parole-dansar-achariaa-seifeddine-rais-nouveau-arrete-2\\\/180153\\\/\"]}]},{\"@type\":\"ImageObject\",\"inLanguage\":\"fr-FR\",\"@id\":\"https:\\\/\\\/www.webdo.tn\\\/fr\\\/actualite\\\/terrorisme\\\/lancien-porte-parole-dansar-achariaa-seifeddine-rais-nouveau-arrete-2\\\/180153\\\/#primaryimage\",\"url\":\"https:\\\/\\\/www.webdo.tn\\\/fr\\\/wp-content\\\/uploads\\\/2014\\\/07\\\/Seifeddine-Rais-2.jpg\",\"contentUrl\":\"https:\\\/\\\/www.webdo.tn\\\/fr\\\/wp-content\\\/uploads\\\/2014\\\/07\\\/Seifeddine-Rais-2.jpg\",\"width\":500,\"height\":333,\"caption\":\"L\u2019ancien porte-parole d'Ansar Acharia\u00e2, Seifeddine Rais, de nouveau arr\u00eat\u00e9\"},{\"@type\":\"BreadcrumbList\",\"@id\":\"https:\\\/\\\/www.webdo.tn\\\/fr\\\/actualite\\\/terrorisme\\\/lancien-porte-parole-dansar-achariaa-seifeddine-rais-nouveau-arrete-2\\\/180153\\\/#breadcrumb\",\"itemListElement\":[{\"@type\":\"ListItem\",\"position\":1,\"name\":\"Accueil\",\"item\":\"https:\\\/\\\/www.webdo.tn\\\/fr\\\/\"},{\"@type\":\"ListItem\",\"position\":2,\"name\":\"L\u2019ancien porte-parole d&rsquo;Ansar Acharia\u00e2, Seifeddine Rais, de nouveau arr\u00eat\u00e9\"}]},{\"@type\":\"WebSite\",\"@id\":\"https:\\\/\\\/www.webdo.tn\\\/fr\\\/#website\",\"url\":\"https:\\\/\\\/www.webdo.tn\\\/fr\\\/\",\"name\":\"webdo\",\"description\":\"Tunisie - News en Tunisie et \u00e0 l&#039;international sur Webdo.tn\",\"publisher\":{\"@id\":\"https:\\\/\\\/www.webdo.tn\\\/fr\\\/#organization\"},\"potentialAction\":[{\"@type\":\"SearchAction\",\"target\":{\"@type\":\"EntryPoint\",\"urlTemplate\":\"https:\\\/\\\/www.webdo.tn\\\/fr\\\/?s={search_term_string}\"},\"query-input\":{\"@type\":\"PropertyValueSpecification\",\"valueRequired\":true,\"valueName\":\"search_term_string\"}}],\"inLanguage\":\"fr-FR\"},{\"@type\":\"Organization\",\"@id\":\"https:\\\/\\\/www.webdo.tn\\\/fr\\\/#organization\",\"name\":\"Webdo\",\"alternateName\":\"Webdo.tn\",\"url\":\"https:\\\/\\\/www.webdo.tn\\\/fr\\\/\",\"logo\":{\"@type\":\"ImageObject\",\"inLanguage\":\"fr-FR\",\"@id\":\"https:\\\/\\\/www.webdo.tn\\\/fr\\\/#\\\/schema\\\/logo\\\/image\\\/\",\"url\":\"https:\\\/\\\/www.webdo.tn\\\/fr\\\/wp-content\\\/uploads\\\/2025\\\/06\\\/Webdo-Tunisie_168377.jpg\",\"contentUrl\":\"https:\\\/\\\/www.webdo.tn\\\/fr\\\/wp-content\\\/uploads\\\/2025\\\/06\\\/Webdo-Tunisie_168377.jpg\",\"width\":301,\"height\":301,\"caption\":\"Webdo\"},\"image\":{\"@id\":\"https:\\\/\\\/www.webdo.tn\\\/fr\\\/#\\\/schema\\\/logo\\\/image\\\/\"},\"sameAs\":[\"https:\\\/\\\/www.facebook.com\\\/webdotn\",\"https:\\\/\\\/x.com\\\/webdo_tn\"],\"description\":\"Webdo est un m\u00e9dia num\u00e9rique tunisien fond\u00e9 en 2010, sp\u00e9cialis\u00e9 dans l\u2019actualit\u00e9 nationale et internationale, l\u2019\u00e9conomie, la soci\u00e9t\u00e9 et les analyses politiques. Le site s\u2019adresse \u00e0 un large public francophone et couvre l\u2019information tunisienne en temps r\u00e9el.\",\"email\":\"redac@webdo.tn\",\"legalName\":\"YNJ SARL\",\"foundingDate\":\"2010-09-06\",\"numberOfEmployees\":{\"@type\":\"QuantitativeValue\",\"minValue\":\"11\",\"maxValue\":\"50\"}},{\"@type\":\"Person\",\"@id\":\"https:\\\/\\\/www.webdo.tn\\\/fr\\\/#\\\/schema\\\/person\\\/9a9c6118d687c117df8ef3cc36a4d175\",\"name\":\"webdo.tn\",\"image\":{\"@type\":\"ImageObject\",\"inLanguage\":\"fr-FR\",\"@id\":\"https:\\\/\\\/secure.gravatar.com\\\/avatar\\\/7ce1f28c0c3bbac99ff550b85ef8e44a6950c6ee24514fb6a5489e51d06f0298?s=96&d=mm&r=g\",\"url\":\"https:\\\/\\\/secure.gravatar.com\\\/avatar\\\/7ce1f28c0c3bbac99ff550b85ef8e44a6950c6ee24514fb6a5489e51d06f0298?s=96&d=mm&r=g\",\"contentUrl\":\"https:\\\/\\\/secure.gravatar.com\\\/avatar\\\/7ce1f28c0c3bbac99ff550b85ef8e44a6950c6ee24514fb6a5489e51d06f0298?s=96&d=mm&r=g\",\"caption\":\"webdo.tn\"},\"url\":\"https:\\\/\\\/www.webdo.tn\\\/fr\\\/actualite\\\/author\\\/webdotn\\\/\"}]}<\/script>\n<!-- \/ Yoast SEO Premium plugin. -->","yoast_head_json":{"title":"L\u2019ancien porte-parole d'Ansar Acharia\u00e2, Seifeddine Rais, de nouveau arr\u00eat\u00e9","description":"L\u2019ancien porte-parole d'Ansar Acharia\u00e2, Seifeddine Rais, de nouveau arr\u00eat\u00e9","canonical":"https:\/\/www.webdo.tn\/fr\/actualite\/terrorisme\/lancien-porte-parole-dansar-achariaa-seifeddine-rais-nouveau-arrete-2\/180153\/","og_locale":"fr_FR","og_type":"article","og_title":"L\u2019ancien porte-parole d'Ansar Acharia\u00e2, Seifeddine Rais, de nouveau arr\u00eat\u00e9","og_description":"L\u2019ancien porte-parole d'Ansar Acharia\u00e2, Seifeddine Rais, de nouveau arr\u00eat\u00e9","og_url":"https:\/\/www.webdo.tn\/fr\/actualite\/terrorisme\/lancien-porte-parole-dansar-achariaa-seifeddine-rais-nouveau-arrete-2\/180153\/","og_site_name":"webdo","article_publisher":"https:\/\/www.facebook.com\/webdotn","article_published_time":"2014-07-29T23:52:00+00:00","article_modified_time":"2025-06-04T18:19:33+00:00","og_image":[{"width":500,"height":333,"url":"https:\/\/www.webdo.tn\/fr\/wp-content\/uploads\/2014\/07\/Seifeddine-Rais-2.jpg","type":"image\/jpeg"}],"author":"webdo.tn","twitter_card":"summary_large_image","twitter_creator":"@webdo_tn","twitter_site":"@webdo_tn","twitter_misc":{"\u00c9crit par":"webdo.tn","Dur\u00e9e de lecture estim\u00e9e":"2 minutes"},"schema":{"@context":"https:\/\/schema.org","@graph":[{"@type":"NewsArticle","@id":"https:\/\/www.webdo.tn\/fr\/actualite\/terrorisme\/lancien-porte-parole-dansar-achariaa-seifeddine-rais-nouveau-arrete-2\/180153\/#article","isPartOf":{"@id":"https:\/\/www.webdo.tn\/fr\/actualite\/terrorisme\/lancien-porte-parole-dansar-achariaa-seifeddine-rais-nouveau-arrete-2\/180153\/"},"author":{"name":"webdo.tn","@id":"https:\/\/www.webdo.tn\/fr\/#\/schema\/person\/9a9c6118d687c117df8ef3cc36a4d175"},"headline":"L\u2019ancien porte-parole d&rsquo;Ansar Acharia\u00e2, Seifeddine Rais, de nouveau arr\u00eat\u00e9","datePublished":"2014-07-29T23:52:00+00:00","dateModified":"2025-06-04T18:19:33+00:00","mainEntityOfPage":{"@id":"https:\/\/www.webdo.tn\/fr\/actualite\/terrorisme\/lancien-porte-parole-dansar-achariaa-seifeddine-rais-nouveau-arrete-2\/180153\/"},"wordCount":371,"commentCount":0,"publisher":{"@id":"https:\/\/www.webdo.tn\/fr\/#organization"},"image":{"@id":"https:\/\/www.webdo.tn\/fr\/actualite\/terrorisme\/lancien-porte-parole-dansar-achariaa-seifeddine-rais-nouveau-arrete-2\/180153\/#primaryimage"},"thumbnailUrl":"https:\/\/www.webdo.tn\/fr\/wp-content\/uploads\/2014\/07\/Seifeddine-Rais-2.jpg","articleSection":["Terrorisme"],"inLanguage":"fr-FR"},{"@type":"WebPage","@id":"https:\/\/www.webdo.tn\/fr\/actualite\/terrorisme\/lancien-porte-parole-dansar-achariaa-seifeddine-rais-nouveau-arrete-2\/180153\/","url":"https:\/\/www.webdo.tn\/fr\/actualite\/terrorisme\/lancien-porte-parole-dansar-achariaa-seifeddine-rais-nouveau-arrete-2\/180153\/","name":"L\u2019ancien porte-parole d'Ansar Acharia\u00e2, Seifeddine Rais, de nouveau arr\u00eat\u00e9","isPartOf":{"@id":"https:\/\/www.webdo.tn\/fr\/#website"},"primaryImageOfPage":{"@id":"https:\/\/www.webdo.tn\/fr\/actualite\/terrorisme\/lancien-porte-parole-dansar-achariaa-seifeddine-rais-nouveau-arrete-2\/180153\/#primaryimage"},"image":{"@id":"https:\/\/www.webdo.tn\/fr\/actualite\/terrorisme\/lancien-porte-parole-dansar-achariaa-seifeddine-rais-nouveau-arrete-2\/180153\/#primaryimage"},"thumbnailUrl":"https:\/\/www.webdo.tn\/fr\/wp-content\/uploads\/2014\/07\/Seifeddine-Rais-2.jpg","datePublished":"2014-07-29T23:52:00+00:00","dateModified":"2025-06-04T18:19:33+00:00","description":"L\u2019ancien porte-parole d'Ansar Acharia\u00e2, Seifeddine Rais, de nouveau arr\u00eat\u00e9","breadcrumb":{"@id":"https:\/\/www.webdo.tn\/fr\/actualite\/terrorisme\/lancien-porte-parole-dansar-achariaa-seifeddine-rais-nouveau-arrete-2\/180153\/#breadcrumb"},"inLanguage":"fr-FR","potentialAction":[{"@type":"ReadAction","target":["https:\/\/www.webdo.tn\/fr\/actualite\/terrorisme\/lancien-porte-parole-dansar-achariaa-seifeddine-rais-nouveau-arrete-2\/180153\/"]}]},{"@type":"ImageObject","inLanguage":"fr-FR","@id":"https:\/\/www.webdo.tn\/fr\/actualite\/terrorisme\/lancien-porte-parole-dansar-achariaa-seifeddine-rais-nouveau-arrete-2\/180153\/#primaryimage","url":"https:\/\/www.webdo.tn\/fr\/wp-content\/uploads\/2014\/07\/Seifeddine-Rais-2.jpg","contentUrl":"https:\/\/www.webdo.tn\/fr\/wp-content\/uploads\/2014\/07\/Seifeddine-Rais-2.jpg","width":500,"height":333,"caption":"L\u2019ancien porte-parole d'Ansar Acharia\u00e2, Seifeddine Rais, de nouveau arr\u00eat\u00e9"},{"@type":"BreadcrumbList","@id":"https:\/\/www.webdo.tn\/fr\/actualite\/terrorisme\/lancien-porte-parole-dansar-achariaa-seifeddine-rais-nouveau-arrete-2\/180153\/#breadcrumb","itemListElement":[{"@type":"ListItem","position":1,"name":"Accueil","item":"https:\/\/www.webdo.tn\/fr\/"},{"@type":"ListItem","position":2,"name":"L\u2019ancien porte-parole d&rsquo;Ansar Acharia\u00e2, Seifeddine Rais, de nouveau arr\u00eat\u00e9"}]},{"@type":"WebSite","@id":"https:\/\/www.webdo.tn\/fr\/#website","url":"https:\/\/www.webdo.tn\/fr\/","name":"webdo","description":"Tunisie - News en Tunisie et \u00e0 l&#039;international sur Webdo.tn","publisher":{"@id":"https:\/\/www.webdo.tn\/fr\/#organization"},"potentialAction":[{"@type":"SearchAction","target":{"@type":"EntryPoint","urlTemplate":"https:\/\/www.webdo.tn\/fr\/?s={search_term_string}"},"query-input":{"@type":"PropertyValueSpecification","valueRequired":true,"valueName":"search_term_string"}}],"inLanguage":"fr-FR"},{"@type":"Organization","@id":"https:\/\/www.webdo.tn\/fr\/#organization","name":"Webdo","alternateName":"Webdo.tn","url":"https:\/\/www.webdo.tn\/fr\/","logo":{"@type":"ImageObject","inLanguage":"fr-FR","@id":"https:\/\/www.webdo.tn\/fr\/#\/schema\/logo\/image\/","url":"https:\/\/www.webdo.tn\/fr\/wp-content\/uploads\/2025\/06\/Webdo-Tunisie_168377.jpg","contentUrl":"https:\/\/www.webdo.tn\/fr\/wp-content\/uploads\/2025\/06\/Webdo-Tunisie_168377.jpg","width":301,"height":301,"caption":"Webdo"},"image":{"@id":"https:\/\/www.webdo.tn\/fr\/#\/schema\/logo\/image\/"},"sameAs":["https:\/\/www.facebook.com\/webdotn","https:\/\/x.com\/webdo_tn"],"description":"Webdo est un m\u00e9dia num\u00e9rique tunisien fond\u00e9 en 2010, sp\u00e9cialis\u00e9 dans l\u2019actualit\u00e9 nationale et internationale, l\u2019\u00e9conomie, la soci\u00e9t\u00e9 et les analyses politiques. Le site s\u2019adresse \u00e0 un large public francophone et couvre l\u2019information tunisienne en temps r\u00e9el.","email":"redac@webdo.tn","legalName":"YNJ SARL","foundingDate":"2010-09-06","numberOfEmployees":{"@type":"QuantitativeValue","minValue":"11","maxValue":"50"}},{"@type":"Person","@id":"https:\/\/www.webdo.tn\/fr\/#\/schema\/person\/9a9c6118d687c117df8ef3cc36a4d175","name":"webdo.tn","image":{"@type":"ImageObject","inLanguage":"fr-FR","@id":"https:\/\/secure.gravatar.com\/avatar\/7ce1f28c0c3bbac99ff550b85ef8e44a6950c6ee24514fb6a5489e51d06f0298?s=96&d=mm&r=g","url":"https:\/\/secure.gravatar.com\/avatar\/7ce1f28c0c3bbac99ff550b85ef8e44a6950c6ee24514fb6a5489e51d06f0298?s=96&d=mm&r=g","contentUrl":"https:\/\/secure.gravatar.com\/avatar\/7ce1f28c0c3bbac99ff550b85ef8e44a6950c6ee24514fb6a5489e51d06f0298?s=96&d=mm&r=g","caption":"webdo.tn"},"url":"https:\/\/www.webdo.tn\/fr\/actualite\/author\/webdotn\/"}]}},"_links":{"self":[{"href":"https:\/\/www.webdo.tn\/fr\/wp-json\/wp\/v2\/posts\/180153","targetHints":{"allow":["GET"]}}],"collection":[{"href":"https:\/\/www.webdo.tn\/fr\/wp-json\/wp\/v2\/posts"}],"about":[{"href":"https:\/\/www.webdo.tn\/fr\/wp-json\/wp\/v2\/types\/post"}],"author":[{"embeddable":true,"href":"https:\/\/www.webdo.tn\/fr\/wp-json\/wp\/v2\/users\/3222"}],"replies":[{"embeddable":true,"href":"https:\/\/www.webdo.tn\/fr\/wp-json\/wp\/v2\/comments?post=180153"}],"version-history":[{"count":0,"href":"https:\/\/www.webdo.tn\/fr\/wp-json\/wp\/v2\/posts\/180153\/revisions"}],"wp:featuredmedia":[{"embeddable":true,"href":"https:\/\/www.webdo.tn\/fr\/wp-json\/wp\/v2\/media\/334798"}],"wp:attachment":[{"href":"https:\/\/www.webdo.tn\/fr\/wp-json\/wp\/v2\/media?parent=180153"}],"wp:term":[{"taxonomy":"category","embeddable":true,"href":"https:\/\/www.webdo.tn\/fr\/wp-json\/wp\/v2\/categories?post=180153"},{"taxonomy":"post_tag","embeddable":true,"href":"https:\/\/www.webdo.tn\/fr\/wp-json\/wp\/v2\/tags?post=180153"}],"curies":[{"name":"wp","href":"https:\/\/api.w.org\/{rel}","templated":true}]}}