{"id":180149,"date":"2014-07-30T22:09:00","date_gmt":"2014-07-30T22:09:00","guid":{"rendered":"https:\/\/www.webdo.tn\/fr\/blog\/arrestation-dun-individu-qui-employait-une-boite-de-don-dune-mosquee-pour-approvisionner-des-terroristes\/180149\/"},"modified":"2025-06-04T18:19:23","modified_gmt":"2025-06-04T18:19:23","slug":"arrestation-dun-individu-qui-employait-une-boite-de-don-dune-mosquee-pour-approvisionner-des-terroristes-2","status":"publish","type":"post","link":"https:\/\/www.webdo.tn\/fr\/actualite\/terrorisme\/arrestation-dun-individu-qui-employait-une-boite-de-don-dune-mosquee-pour-approvisionner-des-terroristes-2\/180149\/","title":{"rendered":"Arrestation d&rsquo;un individu qui employait une bo\u00eete de don d&rsquo;une mosqu\u00e9e pour approvisionner des terroristes"},"content":{"rendered":"<p>Dans un communiqu\u00e9 publi\u00e9 ce mercredi 30 juillet, le minist\u00e8re de l&rsquo;Int\u00e9rieur a annonc\u00e9 l&rsquo;arrestation, hier, d&rsquo;un individu suspect\u00e9 de fournir des aliments et des cartes SIM aux terroristes retranch\u00e9s dans les montagnes du gouvernorat du Kef.<\/p>\n<p>D&rsquo;apr\u00e8s le minist\u00e8re, cet individu a avou\u00e9 que l&rsquo;argent d\u00e9pens\u00e9 pour fournir les terroristes est pr\u00e9lev\u00e9 sur la bo\u00eete de dons d&rsquo;une mosqu\u00e9e, et qu&rsquo;il avait lui m\u00eame install\u00e9e, avec l&rsquo;aide de ses complices.<\/p>\n","protected":false},"excerpt":{"rendered":"<p>Arrestation d&rsquo;un individu qui employait une bo\u00eete de don d&rsquo;une mosqu\u00e9e pour approvisionner des terroristes<\/p>\n","protected":false},"author":3222,"featured_media":320784,"comment_status":"open","ping_status":"closed","sticky":false,"template":"","format":"standard","meta":{"footnotes":""},"categories":[11342],"tags":[],"class_list":["post-180149","post","type-post","status-publish","format-standard","has-post-thumbnail","hentry","category-terrorisme"],"yoast_head":"<!-- This site is optimized with the Yoast SEO Premium plugin v27.5 (Yoast SEO v27.5) - https:\/\/yoast.com\/product\/yoast-seo-premium-wordpress\/ -->\n<title>Arrestation d&#039;un individu qui employait une bo\u00eete de don d&#039;une mosqu\u00e9e pour approvisionner des terroristes<\/title>\n<meta name=\"description\" content=\"Arrestation d&#039;un individu qui employait une bo\u00eete de don d&#039;une mosqu\u00e9e pour approvisionner des terroristes\" \/>\n<link rel=\"canonical\" href=\"https:\/\/www.webdo.tn\/fr\/actualite\/terrorisme\/arrestation-dun-individu-qui-employait-une-boite-de-don-dune-mosquee-pour-approvisionner-des-terroristes-2\/180149\/\" \/>\n<meta property=\"og:locale\" content=\"fr_FR\" \/>\n<meta property=\"og:type\" content=\"article\" \/>\n<meta property=\"og:title\" content=\"Arrestation d&#039;un individu qui employait une bo\u00eete de don d&#039;une mosqu\u00e9e pour approvisionner des terroristes\" \/>\n<meta property=\"og:description\" content=\"Arrestation d&#039;un individu qui employait une bo\u00eete de don d&#039;une mosqu\u00e9e pour approvisionner des terroristes\" \/>\n<meta property=\"og:url\" content=\"https:\/\/www.webdo.tn\/fr\/actualite\/terrorisme\/arrestation-dun-individu-qui-employait-une-boite-de-don-dune-mosquee-pour-approvisionner-des-terroristes-2\/180149\/\" \/>\n<meta property=\"og:site_name\" content=\"webdo\" \/>\n<meta property=\"article:publisher\" content=\"https:\/\/www.facebook.com\/webdotn\" \/>\n<meta property=\"article:published_time\" content=\"2014-07-30T22:09:00+00:00\" \/>\n<meta property=\"article:modified_time\" content=\"2025-06-04T18:19:23+00:00\" \/>\n<meta property=\"og:image\" content=\"https:\/\/www.webdo.tn\/fr\/wp-content\/uploads\/2014\/07\/Terroriste-Kef.jpg\" \/>\n\t<meta property=\"og:image:width\" content=\"600\" \/>\n\t<meta property=\"og:image:height\" content=\"202\" \/>\n\t<meta property=\"og:image:type\" content=\"image\/jpeg\" \/>\n<meta name=\"author\" content=\"webdo.tn\" \/>\n<meta name=\"twitter:card\" content=\"summary_large_image\" \/>\n<meta name=\"twitter:creator\" content=\"@webdo_tn\" \/>\n<meta name=\"twitter:site\" content=\"@webdo_tn\" \/>\n<meta name=\"twitter:label1\" content=\"\u00c9crit par\" \/>\n\t<meta name=\"twitter:data1\" content=\"webdo.tn\" \/>\n<script type=\"application\/ld+json\" class=\"yoast-schema-graph\">{\"@context\":\"https:\\\/\\\/schema.org\",\"@graph\":[{\"@type\":\"NewsArticle\",\"@id\":\"https:\\\/\\\/www.webdo.tn\\\/fr\\\/actualite\\\/terrorisme\\\/arrestation-dun-individu-qui-employait-une-boite-de-don-dune-mosquee-pour-approvisionner-des-terroristes-2\\\/180149\\\/#article\",\"isPartOf\":{\"@id\":\"https:\\\/\\\/www.webdo.tn\\\/fr\\\/actualite\\\/terrorisme\\\/arrestation-dun-individu-qui-employait-une-boite-de-don-dune-mosquee-pour-approvisionner-des-terroristes-2\\\/180149\\\/\"},\"author\":{\"name\":\"webdo.tn\",\"@id\":\"https:\\\/\\\/www.webdo.tn\\\/fr\\\/#\\\/schema\\\/person\\\/9a9c6118d687c117df8ef3cc36a4d175\"},\"headline\":\"Arrestation d&rsquo;un individu qui employait une bo\u00eete de don d&rsquo;une mosqu\u00e9e pour approvisionner des terroristes\",\"datePublished\":\"2014-07-30T22:09:00+00:00\",\"dateModified\":\"2025-06-04T18:19:23+00:00\",\"mainEntityOfPage\":{\"@id\":\"https:\\\/\\\/www.webdo.tn\\\/fr\\\/actualite\\\/terrorisme\\\/arrestation-dun-individu-qui-employait-une-boite-de-don-dune-mosquee-pour-approvisionner-des-terroristes-2\\\/180149\\\/\"},\"wordCount\":108,\"commentCount\":0,\"publisher\":{\"@id\":\"https:\\\/\\\/www.webdo.tn\\\/fr\\\/#organization\"},\"image\":{\"@id\":\"https:\\\/\\\/www.webdo.tn\\\/fr\\\/actualite\\\/terrorisme\\\/arrestation-dun-individu-qui-employait-une-boite-de-don-dune-mosquee-pour-approvisionner-des-terroristes-2\\\/180149\\\/#primaryimage\"},\"thumbnailUrl\":\"https:\\\/\\\/www.webdo.tn\\\/fr\\\/wp-content\\\/uploads\\\/2014\\\/07\\\/Terroriste-Kef.jpg\",\"articleSection\":[\"Terrorisme\"],\"inLanguage\":\"fr-FR\"},{\"@type\":\"WebPage\",\"@id\":\"https:\\\/\\\/www.webdo.tn\\\/fr\\\/actualite\\\/terrorisme\\\/arrestation-dun-individu-qui-employait-une-boite-de-don-dune-mosquee-pour-approvisionner-des-terroristes-2\\\/180149\\\/\",\"url\":\"https:\\\/\\\/www.webdo.tn\\\/fr\\\/actualite\\\/terrorisme\\\/arrestation-dun-individu-qui-employait-une-boite-de-don-dune-mosquee-pour-approvisionner-des-terroristes-2\\\/180149\\\/\",\"name\":\"Arrestation d'un individu qui employait une bo\u00eete de don d'une mosqu\u00e9e pour approvisionner des terroristes\",\"isPartOf\":{\"@id\":\"https:\\\/\\\/www.webdo.tn\\\/fr\\\/#website\"},\"primaryImageOfPage\":{\"@id\":\"https:\\\/\\\/www.webdo.tn\\\/fr\\\/actualite\\\/terrorisme\\\/arrestation-dun-individu-qui-employait-une-boite-de-don-dune-mosquee-pour-approvisionner-des-terroristes-2\\\/180149\\\/#primaryimage\"},\"image\":{\"@id\":\"https:\\\/\\\/www.webdo.tn\\\/fr\\\/actualite\\\/terrorisme\\\/arrestation-dun-individu-qui-employait-une-boite-de-don-dune-mosquee-pour-approvisionner-des-terroristes-2\\\/180149\\\/#primaryimage\"},\"thumbnailUrl\":\"https:\\\/\\\/www.webdo.tn\\\/fr\\\/wp-content\\\/uploads\\\/2014\\\/07\\\/Terroriste-Kef.jpg\",\"datePublished\":\"2014-07-30T22:09:00+00:00\",\"dateModified\":\"2025-06-04T18:19:23+00:00\",\"description\":\"Arrestation d'un individu qui employait une bo\u00eete de don d'une mosqu\u00e9e pour approvisionner des terroristes\",\"breadcrumb\":{\"@id\":\"https:\\\/\\\/www.webdo.tn\\\/fr\\\/actualite\\\/terrorisme\\\/arrestation-dun-individu-qui-employait-une-boite-de-don-dune-mosquee-pour-approvisionner-des-terroristes-2\\\/180149\\\/#breadcrumb\"},\"inLanguage\":\"fr-FR\",\"potentialAction\":[{\"@type\":\"ReadAction\",\"target\":[\"https:\\\/\\\/www.webdo.tn\\\/fr\\\/actualite\\\/terrorisme\\\/arrestation-dun-individu-qui-employait-une-boite-de-don-dune-mosquee-pour-approvisionner-des-terroristes-2\\\/180149\\\/\"]}]},{\"@type\":\"ImageObject\",\"inLanguage\":\"fr-FR\",\"@id\":\"https:\\\/\\\/www.webdo.tn\\\/fr\\\/actualite\\\/terrorisme\\\/arrestation-dun-individu-qui-employait-une-boite-de-don-dune-mosquee-pour-approvisionner-des-terroristes-2\\\/180149\\\/#primaryimage\",\"url\":\"https:\\\/\\\/www.webdo.tn\\\/fr\\\/wp-content\\\/uploads\\\/2014\\\/07\\\/Terroriste-Kef.jpg\",\"contentUrl\":\"https:\\\/\\\/www.webdo.tn\\\/fr\\\/wp-content\\\/uploads\\\/2014\\\/07\\\/Terroriste-Kef.jpg\",\"width\":600,\"height\":202,\"caption\":\"Arrestation d'un individu qui employait une bo\u00eete de don d'une mosqu\u00e9e pour approvisionner des terroristes\"},{\"@type\":\"BreadcrumbList\",\"@id\":\"https:\\\/\\\/www.webdo.tn\\\/fr\\\/actualite\\\/terrorisme\\\/arrestation-dun-individu-qui-employait-une-boite-de-don-dune-mosquee-pour-approvisionner-des-terroristes-2\\\/180149\\\/#breadcrumb\",\"itemListElement\":[{\"@type\":\"ListItem\",\"position\":1,\"name\":\"Accueil\",\"item\":\"https:\\\/\\\/www.webdo.tn\\\/fr\\\/\"},{\"@type\":\"ListItem\",\"position\":2,\"name\":\"Arrestation d&rsquo;un individu qui employait une bo\u00eete de don d&rsquo;une mosqu\u00e9e pour approvisionner des terroristes\"}]},{\"@type\":\"WebSite\",\"@id\":\"https:\\\/\\\/www.webdo.tn\\\/fr\\\/#website\",\"url\":\"https:\\\/\\\/www.webdo.tn\\\/fr\\\/\",\"name\":\"webdo\",\"description\":\"Tunisie - News en Tunisie et \u00e0 l&#039;international sur Webdo.tn\",\"publisher\":{\"@id\":\"https:\\\/\\\/www.webdo.tn\\\/fr\\\/#organization\"},\"potentialAction\":[{\"@type\":\"SearchAction\",\"target\":{\"@type\":\"EntryPoint\",\"urlTemplate\":\"https:\\\/\\\/www.webdo.tn\\\/fr\\\/?s={search_term_string}\"},\"query-input\":{\"@type\":\"PropertyValueSpecification\",\"valueRequired\":true,\"valueName\":\"search_term_string\"}}],\"inLanguage\":\"fr-FR\"},{\"@type\":\"Organization\",\"@id\":\"https:\\\/\\\/www.webdo.tn\\\/fr\\\/#organization\",\"name\":\"Webdo\",\"alternateName\":\"Webdo.tn\",\"url\":\"https:\\\/\\\/www.webdo.tn\\\/fr\\\/\",\"logo\":{\"@type\":\"ImageObject\",\"inLanguage\":\"fr-FR\",\"@id\":\"https:\\\/\\\/www.webdo.tn\\\/fr\\\/#\\\/schema\\\/logo\\\/image\\\/\",\"url\":\"https:\\\/\\\/www.webdo.tn\\\/fr\\\/wp-content\\\/uploads\\\/2025\\\/06\\\/Webdo-Tunisie_168377.jpg\",\"contentUrl\":\"https:\\\/\\\/www.webdo.tn\\\/fr\\\/wp-content\\\/uploads\\\/2025\\\/06\\\/Webdo-Tunisie_168377.jpg\",\"width\":301,\"height\":301,\"caption\":\"Webdo\"},\"image\":{\"@id\":\"https:\\\/\\\/www.webdo.tn\\\/fr\\\/#\\\/schema\\\/logo\\\/image\\\/\"},\"sameAs\":[\"https:\\\/\\\/www.facebook.com\\\/webdotn\",\"https:\\\/\\\/x.com\\\/webdo_tn\"],\"description\":\"Webdo est un m\u00e9dia num\u00e9rique tunisien fond\u00e9 en 2010, sp\u00e9cialis\u00e9 dans l\u2019actualit\u00e9 nationale et internationale, l\u2019\u00e9conomie, la soci\u00e9t\u00e9 et les analyses politiques. Le site s\u2019adresse \u00e0 un large public francophone et couvre l\u2019information tunisienne en temps r\u00e9el.\",\"email\":\"redac@webdo.tn\",\"legalName\":\"YNJ SARL\",\"foundingDate\":\"2010-09-06\",\"numberOfEmployees\":{\"@type\":\"QuantitativeValue\",\"minValue\":\"11\",\"maxValue\":\"50\"}},{\"@type\":\"Person\",\"@id\":\"https:\\\/\\\/www.webdo.tn\\\/fr\\\/#\\\/schema\\\/person\\\/9a9c6118d687c117df8ef3cc36a4d175\",\"name\":\"webdo.tn\",\"image\":{\"@type\":\"ImageObject\",\"inLanguage\":\"fr-FR\",\"@id\":\"https:\\\/\\\/secure.gravatar.com\\\/avatar\\\/7ce1f28c0c3bbac99ff550b85ef8e44a6950c6ee24514fb6a5489e51d06f0298?s=96&d=mm&r=g\",\"url\":\"https:\\\/\\\/secure.gravatar.com\\\/avatar\\\/7ce1f28c0c3bbac99ff550b85ef8e44a6950c6ee24514fb6a5489e51d06f0298?s=96&d=mm&r=g\",\"contentUrl\":\"https:\\\/\\\/secure.gravatar.com\\\/avatar\\\/7ce1f28c0c3bbac99ff550b85ef8e44a6950c6ee24514fb6a5489e51d06f0298?s=96&d=mm&r=g\",\"caption\":\"webdo.tn\"},\"url\":\"https:\\\/\\\/www.webdo.tn\\\/fr\\\/actualite\\\/author\\\/webdotn\\\/\"}]}<\/script>\n<!-- \/ Yoast SEO Premium plugin. -->","yoast_head_json":{"title":"Arrestation d'un individu qui employait une bo\u00eete de don d'une mosqu\u00e9e pour approvisionner des terroristes","description":"Arrestation d'un individu qui employait une bo\u00eete de don d'une mosqu\u00e9e pour approvisionner des terroristes","canonical":"https:\/\/www.webdo.tn\/fr\/actualite\/terrorisme\/arrestation-dun-individu-qui-employait-une-boite-de-don-dune-mosquee-pour-approvisionner-des-terroristes-2\/180149\/","og_locale":"fr_FR","og_type":"article","og_title":"Arrestation d'un individu qui employait une bo\u00eete de don d'une mosqu\u00e9e pour approvisionner des terroristes","og_description":"Arrestation d'un individu qui employait une bo\u00eete de don d'une mosqu\u00e9e pour approvisionner des terroristes","og_url":"https:\/\/www.webdo.tn\/fr\/actualite\/terrorisme\/arrestation-dun-individu-qui-employait-une-boite-de-don-dune-mosquee-pour-approvisionner-des-terroristes-2\/180149\/","og_site_name":"webdo","article_publisher":"https:\/\/www.facebook.com\/webdotn","article_published_time":"2014-07-30T22:09:00+00:00","article_modified_time":"2025-06-04T18:19:23+00:00","og_image":[{"width":600,"height":202,"url":"https:\/\/www.webdo.tn\/fr\/wp-content\/uploads\/2014\/07\/Terroriste-Kef.jpg","type":"image\/jpeg"}],"author":"webdo.tn","twitter_card":"summary_large_image","twitter_creator":"@webdo_tn","twitter_site":"@webdo_tn","twitter_misc":{"\u00c9crit par":"webdo.tn"},"schema":{"@context":"https:\/\/schema.org","@graph":[{"@type":"NewsArticle","@id":"https:\/\/www.webdo.tn\/fr\/actualite\/terrorisme\/arrestation-dun-individu-qui-employait-une-boite-de-don-dune-mosquee-pour-approvisionner-des-terroristes-2\/180149\/#article","isPartOf":{"@id":"https:\/\/www.webdo.tn\/fr\/actualite\/terrorisme\/arrestation-dun-individu-qui-employait-une-boite-de-don-dune-mosquee-pour-approvisionner-des-terroristes-2\/180149\/"},"author":{"name":"webdo.tn","@id":"https:\/\/www.webdo.tn\/fr\/#\/schema\/person\/9a9c6118d687c117df8ef3cc36a4d175"},"headline":"Arrestation d&rsquo;un individu qui employait une bo\u00eete de don d&rsquo;une mosqu\u00e9e pour approvisionner des terroristes","datePublished":"2014-07-30T22:09:00+00:00","dateModified":"2025-06-04T18:19:23+00:00","mainEntityOfPage":{"@id":"https:\/\/www.webdo.tn\/fr\/actualite\/terrorisme\/arrestation-dun-individu-qui-employait-une-boite-de-don-dune-mosquee-pour-approvisionner-des-terroristes-2\/180149\/"},"wordCount":108,"commentCount":0,"publisher":{"@id":"https:\/\/www.webdo.tn\/fr\/#organization"},"image":{"@id":"https:\/\/www.webdo.tn\/fr\/actualite\/terrorisme\/arrestation-dun-individu-qui-employait-une-boite-de-don-dune-mosquee-pour-approvisionner-des-terroristes-2\/180149\/#primaryimage"},"thumbnailUrl":"https:\/\/www.webdo.tn\/fr\/wp-content\/uploads\/2014\/07\/Terroriste-Kef.jpg","articleSection":["Terrorisme"],"inLanguage":"fr-FR"},{"@type":"WebPage","@id":"https:\/\/www.webdo.tn\/fr\/actualite\/terrorisme\/arrestation-dun-individu-qui-employait-une-boite-de-don-dune-mosquee-pour-approvisionner-des-terroristes-2\/180149\/","url":"https:\/\/www.webdo.tn\/fr\/actualite\/terrorisme\/arrestation-dun-individu-qui-employait-une-boite-de-don-dune-mosquee-pour-approvisionner-des-terroristes-2\/180149\/","name":"Arrestation d'un individu qui employait une bo\u00eete de don d'une mosqu\u00e9e pour approvisionner des terroristes","isPartOf":{"@id":"https:\/\/www.webdo.tn\/fr\/#website"},"primaryImageOfPage":{"@id":"https:\/\/www.webdo.tn\/fr\/actualite\/terrorisme\/arrestation-dun-individu-qui-employait-une-boite-de-don-dune-mosquee-pour-approvisionner-des-terroristes-2\/180149\/#primaryimage"},"image":{"@id":"https:\/\/www.webdo.tn\/fr\/actualite\/terrorisme\/arrestation-dun-individu-qui-employait-une-boite-de-don-dune-mosquee-pour-approvisionner-des-terroristes-2\/180149\/#primaryimage"},"thumbnailUrl":"https:\/\/www.webdo.tn\/fr\/wp-content\/uploads\/2014\/07\/Terroriste-Kef.jpg","datePublished":"2014-07-30T22:09:00+00:00","dateModified":"2025-06-04T18:19:23+00:00","description":"Arrestation d'un individu qui employait une bo\u00eete de don d'une mosqu\u00e9e pour approvisionner des terroristes","breadcrumb":{"@id":"https:\/\/www.webdo.tn\/fr\/actualite\/terrorisme\/arrestation-dun-individu-qui-employait-une-boite-de-don-dune-mosquee-pour-approvisionner-des-terroristes-2\/180149\/#breadcrumb"},"inLanguage":"fr-FR","potentialAction":[{"@type":"ReadAction","target":["https:\/\/www.webdo.tn\/fr\/actualite\/terrorisme\/arrestation-dun-individu-qui-employait-une-boite-de-don-dune-mosquee-pour-approvisionner-des-terroristes-2\/180149\/"]}]},{"@type":"ImageObject","inLanguage":"fr-FR","@id":"https:\/\/www.webdo.tn\/fr\/actualite\/terrorisme\/arrestation-dun-individu-qui-employait-une-boite-de-don-dune-mosquee-pour-approvisionner-des-terroristes-2\/180149\/#primaryimage","url":"https:\/\/www.webdo.tn\/fr\/wp-content\/uploads\/2014\/07\/Terroriste-Kef.jpg","contentUrl":"https:\/\/www.webdo.tn\/fr\/wp-content\/uploads\/2014\/07\/Terroriste-Kef.jpg","width":600,"height":202,"caption":"Arrestation d'un individu qui employait une bo\u00eete de don d'une mosqu\u00e9e pour approvisionner des terroristes"},{"@type":"BreadcrumbList","@id":"https:\/\/www.webdo.tn\/fr\/actualite\/terrorisme\/arrestation-dun-individu-qui-employait-une-boite-de-don-dune-mosquee-pour-approvisionner-des-terroristes-2\/180149\/#breadcrumb","itemListElement":[{"@type":"ListItem","position":1,"name":"Accueil","item":"https:\/\/www.webdo.tn\/fr\/"},{"@type":"ListItem","position":2,"name":"Arrestation d&rsquo;un individu qui employait une bo\u00eete de don d&rsquo;une mosqu\u00e9e pour approvisionner des terroristes"}]},{"@type":"WebSite","@id":"https:\/\/www.webdo.tn\/fr\/#website","url":"https:\/\/www.webdo.tn\/fr\/","name":"webdo","description":"Tunisie - News en Tunisie et \u00e0 l&#039;international sur Webdo.tn","publisher":{"@id":"https:\/\/www.webdo.tn\/fr\/#organization"},"potentialAction":[{"@type":"SearchAction","target":{"@type":"EntryPoint","urlTemplate":"https:\/\/www.webdo.tn\/fr\/?s={search_term_string}"},"query-input":{"@type":"PropertyValueSpecification","valueRequired":true,"valueName":"search_term_string"}}],"inLanguage":"fr-FR"},{"@type":"Organization","@id":"https:\/\/www.webdo.tn\/fr\/#organization","name":"Webdo","alternateName":"Webdo.tn","url":"https:\/\/www.webdo.tn\/fr\/","logo":{"@type":"ImageObject","inLanguage":"fr-FR","@id":"https:\/\/www.webdo.tn\/fr\/#\/schema\/logo\/image\/","url":"https:\/\/www.webdo.tn\/fr\/wp-content\/uploads\/2025\/06\/Webdo-Tunisie_168377.jpg","contentUrl":"https:\/\/www.webdo.tn\/fr\/wp-content\/uploads\/2025\/06\/Webdo-Tunisie_168377.jpg","width":301,"height":301,"caption":"Webdo"},"image":{"@id":"https:\/\/www.webdo.tn\/fr\/#\/schema\/logo\/image\/"},"sameAs":["https:\/\/www.facebook.com\/webdotn","https:\/\/x.com\/webdo_tn"],"description":"Webdo est un m\u00e9dia num\u00e9rique tunisien fond\u00e9 en 2010, sp\u00e9cialis\u00e9 dans l\u2019actualit\u00e9 nationale et internationale, l\u2019\u00e9conomie, la soci\u00e9t\u00e9 et les analyses politiques. Le site s\u2019adresse \u00e0 un large public francophone et couvre l\u2019information tunisienne en temps r\u00e9el.","email":"redac@webdo.tn","legalName":"YNJ SARL","foundingDate":"2010-09-06","numberOfEmployees":{"@type":"QuantitativeValue","minValue":"11","maxValue":"50"}},{"@type":"Person","@id":"https:\/\/www.webdo.tn\/fr\/#\/schema\/person\/9a9c6118d687c117df8ef3cc36a4d175","name":"webdo.tn","image":{"@type":"ImageObject","inLanguage":"fr-FR","@id":"https:\/\/secure.gravatar.com\/avatar\/7ce1f28c0c3bbac99ff550b85ef8e44a6950c6ee24514fb6a5489e51d06f0298?s=96&d=mm&r=g","url":"https:\/\/secure.gravatar.com\/avatar\/7ce1f28c0c3bbac99ff550b85ef8e44a6950c6ee24514fb6a5489e51d06f0298?s=96&d=mm&r=g","contentUrl":"https:\/\/secure.gravatar.com\/avatar\/7ce1f28c0c3bbac99ff550b85ef8e44a6950c6ee24514fb6a5489e51d06f0298?s=96&d=mm&r=g","caption":"webdo.tn"},"url":"https:\/\/www.webdo.tn\/fr\/actualite\/author\/webdotn\/"}]}},"_links":{"self":[{"href":"https:\/\/www.webdo.tn\/fr\/wp-json\/wp\/v2\/posts\/180149","targetHints":{"allow":["GET"]}}],"collection":[{"href":"https:\/\/www.webdo.tn\/fr\/wp-json\/wp\/v2\/posts"}],"about":[{"href":"https:\/\/www.webdo.tn\/fr\/wp-json\/wp\/v2\/types\/post"}],"author":[{"embeddable":true,"href":"https:\/\/www.webdo.tn\/fr\/wp-json\/wp\/v2\/users\/3222"}],"replies":[{"embeddable":true,"href":"https:\/\/www.webdo.tn\/fr\/wp-json\/wp\/v2\/comments?post=180149"}],"version-history":[{"count":0,"href":"https:\/\/www.webdo.tn\/fr\/wp-json\/wp\/v2\/posts\/180149\/revisions"}],"wp:featuredmedia":[{"embeddable":true,"href":"https:\/\/www.webdo.tn\/fr\/wp-json\/wp\/v2\/media\/320784"}],"wp:attachment":[{"href":"https:\/\/www.webdo.tn\/fr\/wp-json\/wp\/v2\/media?parent=180149"}],"wp:term":[{"taxonomy":"category","embeddable":true,"href":"https:\/\/www.webdo.tn\/fr\/wp-json\/wp\/v2\/categories?post=180149"},{"taxonomy":"post_tag","embeddable":true,"href":"https:\/\/www.webdo.tn\/fr\/wp-json\/wp\/v2\/tags?post=180149"}],"curies":[{"name":"wp","href":"https:\/\/api.w.org\/{rel}","templated":true}]}}