{"id":180148,"date":"2014-07-31T05:25:00","date_gmt":"2014-07-31T05:25:00","guid":{"rendered":"https:\/\/www.webdo.tn\/fr\/blog\/lette-ouverte-au-ministre-defense-nationale-abdelaziz-belkhodja\/184544\/"},"modified":"2025-06-04T18:19:25","modified_gmt":"2025-06-04T18:19:25","slug":"lette-ouverte-au-ministre-defense-nationale-abdelaziz-belkhodja","status":"publish","type":"post","link":"https:\/\/www.webdo.tn\/fr\/actualite\/terrorisme\/lette-ouverte-au-ministre-defense-nationale-abdelaziz-belkhodja\/180148\/","title":{"rendered":"Lette ouverte au ministre de la D\u00e9fense nationale par Abdelaziz Belkhodja"},"content":{"rendered":"<p>Opinion | par AbdelAziz Belkhodja<\/p>\n<p>Monsieur le ministre,<\/p>\n<p>Les nominations des plus hauts cadres de l&rsquo;arm\u00e9e tunisienne sont depuis longtemps sujettes \u00e0 deux conditions, la tradition militaire du plus ancien grad\u00e9 arrang\u00e9e avec une tradition tribale qui se r\u00e9sume en une petite phrase \u00ab\u00a0un homme \u00e0 nous\u00a0\u00bb.<\/p>\n<p>Cette tradition nous a men\u00e9 l\u00e0 o\u00f9 nous sommes, avec une arm\u00e9e incapable de vaincre quelques centaines de djihadistes.Si nous voulons sortir notre pays du danger terroriste, les nominations doivent se faire sur le crit\u00e8re de la comp\u00e9tence, or, il y a un probl\u00e8me de base qui se pose, celui de l&rsquo;inadaptation de l&rsquo;arm\u00e9e au combat antiterroriste.<\/p>\n<p>Ce probl\u00e8me doit \u00eatre soulev\u00e9 et il doit vous conduire \u00e0 choisir le futur chef d&rsquo;\u00e9tat-major de l&rsquo;Arm\u00e9e de Terre non au sein d&rsquo;un \u00e9tat-major dont les comp\u00e9tences sont inadapt\u00e9es, mais au sein des officiers de l&rsquo;Acad\u00e9mie militaire, haute et prestigieuse institution dont plusieurs dipl\u00f4m\u00e9s ont \u00e9t\u00e9 form\u00e9s pour ce genre de combat, qui jouissent des connaissances n\u00e9cessaires de la guerre et du renseignement \u00e9lectroniques, des techniques de combat djihadistes, des armes intelligentes (3C) et des tactiques op\u00e9rationnelles n\u00e9cessaires pour d\u00e9busquer les djihadistes. <\/p>\n<p>Beaucoup de ces officiers sont malheureusement mis \u00e0 l\u2019\u00e9cart de la lutte antiterroriste, pour des raisons que nous aimerions bien conna\u00eetre.Si cela n&rsquo;est pas fait, monsieur le Ministre, si les hommes qu\u2019il faut ne sont pas nomm\u00e9s dans les postes de d\u00e9cision militaire, les djihadistes continueront \u00e0 narguer notre arm\u00e9e et \u00e0 travers elle notre nation. Ils finiront d\u2019ailleurs, comme leurs fr\u00e8res en Irak, par rallier une grande partie des Tunisiens qui ne verront plus, dans une arm\u00e9e incapable de les d\u00e9fendre, une institution digne de leur respect.<\/p>\n<p>Il est de votre responsabilit\u00e9 de bouleverser des traditions devenues caduques et extr\u00eamement dangereuses, et de nommer les personnes idoines aux postes dont d\u00e9pend l&rsquo;avenir de notre pays.Avec mes respectsAbdelaziz Belkhodja<\/p>\n","protected":false},"excerpt":{"rendered":"<p>Lette ouverte au ministre de la D\u00e9fense nationale par Abdelaziz Belkhodja<\/p>\n","protected":false},"author":3222,"featured_media":320793,"comment_status":"open","ping_status":"closed","sticky":false,"template":"","format":"standard","meta":{"footnotes":""},"categories":[11342],"tags":[],"class_list":["post-180148","post","type-post","status-publish","format-standard","has-post-thumbnail","hentry","category-terrorisme"],"yoast_head":"<!-- This site is optimized with the Yoast SEO Premium plugin v27.5 (Yoast SEO v27.5) - https:\/\/yoast.com\/product\/yoast-seo-premium-wordpress\/ -->\n<title>Lette ouverte au ministre de la D\u00e9fense nationale par Abdelaziz Belkhodja<\/title>\n<meta name=\"description\" content=\"Lette ouverte au ministre de la D\u00e9fense nationale par Abdelaziz Belkhodja\" \/>\n<link rel=\"canonical\" href=\"https:\/\/www.webdo.tn\/fr\/actualite\/gouv\/lette-ouverte-au-ministre-defense-nationale-abdelaziz-belkhodja\/180148\/\" \/>\n<meta property=\"og:locale\" content=\"fr_FR\" \/>\n<meta property=\"og:type\" content=\"article\" \/>\n<meta property=\"og:title\" content=\"Lette ouverte au ministre de la D\u00e9fense nationale par Abdelaziz Belkhodja\" \/>\n<meta property=\"og:description\" content=\"Lette ouverte au ministre de la D\u00e9fense nationale par Abdelaziz Belkhodja\" \/>\n<meta property=\"og:url\" content=\"https:\/\/www.webdo.tn\/fr\/actualite\/gouv\/lette-ouverte-au-ministre-defense-nationale-abdelaziz-belkhodja\/180148\/\" \/>\n<meta property=\"og:site_name\" content=\"webdo\" \/>\n<meta property=\"article:publisher\" content=\"https:\/\/www.facebook.com\/webdotn\" \/>\n<meta property=\"article:published_time\" content=\"2014-07-31T05:25:00+00:00\" \/>\n<meta property=\"article:modified_time\" content=\"2025-06-04T18:19:25+00:00\" \/>\n<meta property=\"og:image\" content=\"https:\/\/www.webdo.tn\/fr\/wp-content\/uploads\/2014\/07\/Abdelaziz-Belkhodja.jpg\" \/>\n\t<meta property=\"og:image:width\" content=\"307\" \/>\n\t<meta property=\"og:image:height\" content=\"230\" \/>\n\t<meta property=\"og:image:type\" content=\"image\/jpeg\" \/>\n<meta name=\"author\" content=\"webdo.tn\" \/>\n<meta name=\"twitter:card\" content=\"summary_large_image\" \/>\n<meta name=\"twitter:creator\" content=\"@webdo_tn\" \/>\n<meta name=\"twitter:site\" content=\"@webdo_tn\" \/>\n<meta name=\"twitter:label1\" content=\"\u00c9crit par\" \/>\n\t<meta name=\"twitter:data1\" content=\"webdo.tn\" \/>\n\t<meta name=\"twitter:label2\" content=\"Dur\u00e9e de lecture estim\u00e9e\" \/>\n\t<meta name=\"twitter:data2\" content=\"2 minutes\" \/>\n<script type=\"application\/ld+json\" class=\"yoast-schema-graph\">{\"@context\":\"https:\\\/\\\/schema.org\",\"@graph\":[{\"@type\":\"NewsArticle\",\"@id\":\"https:\\\/\\\/www.webdo.tn\\\/fr\\\/actualite\\\/gouv\\\/lette-ouverte-au-ministre-defense-nationale-abdelaziz-belkhodja\\\/180148\\\/#article\",\"isPartOf\":{\"@id\":\"https:\\\/\\\/www.webdo.tn\\\/fr\\\/actualite\\\/gouv\\\/lette-ouverte-au-ministre-defense-nationale-abdelaziz-belkhodja\\\/180148\\\/\"},\"author\":{\"name\":\"webdo.tn\",\"@id\":\"https:\\\/\\\/www.webdo.tn\\\/fr\\\/#\\\/schema\\\/person\\\/9a9c6118d687c117df8ef3cc36a4d175\"},\"headline\":\"Lette ouverte au ministre de la D\u00e9fense nationale par Abdelaziz Belkhodja\",\"datePublished\":\"2014-07-31T05:25:00+00:00\",\"dateModified\":\"2025-06-04T18:19:25+00:00\",\"mainEntityOfPage\":{\"@id\":\"https:\\\/\\\/www.webdo.tn\\\/fr\\\/actualite\\\/gouv\\\/lette-ouverte-au-ministre-defense-nationale-abdelaziz-belkhodja\\\/180148\\\/\"},\"wordCount\":355,\"commentCount\":0,\"publisher\":{\"@id\":\"https:\\\/\\\/www.webdo.tn\\\/fr\\\/#organization\"},\"image\":{\"@id\":\"https:\\\/\\\/www.webdo.tn\\\/fr\\\/actualite\\\/gouv\\\/lette-ouverte-au-ministre-defense-nationale-abdelaziz-belkhodja\\\/180148\\\/#primaryimage\"},\"thumbnailUrl\":\"https:\\\/\\\/www.webdo.tn\\\/fr\\\/wp-content\\\/uploads\\\/2014\\\/07\\\/Abdelaziz-Belkhodja.jpg\",\"articleSection\":[\"Terrorisme\"],\"inLanguage\":\"fr-FR\"},{\"@type\":\"WebPage\",\"@id\":\"https:\\\/\\\/www.webdo.tn\\\/fr\\\/actualite\\\/gouv\\\/lette-ouverte-au-ministre-defense-nationale-abdelaziz-belkhodja\\\/180148\\\/\",\"url\":\"https:\\\/\\\/www.webdo.tn\\\/fr\\\/actualite\\\/gouv\\\/lette-ouverte-au-ministre-defense-nationale-abdelaziz-belkhodja\\\/180148\\\/\",\"name\":\"Lette ouverte au ministre de la D\u00e9fense nationale par Abdelaziz Belkhodja\",\"isPartOf\":{\"@id\":\"https:\\\/\\\/www.webdo.tn\\\/fr\\\/#website\"},\"primaryImageOfPage\":{\"@id\":\"https:\\\/\\\/www.webdo.tn\\\/fr\\\/actualite\\\/gouv\\\/lette-ouverte-au-ministre-defense-nationale-abdelaziz-belkhodja\\\/180148\\\/#primaryimage\"},\"image\":{\"@id\":\"https:\\\/\\\/www.webdo.tn\\\/fr\\\/actualite\\\/gouv\\\/lette-ouverte-au-ministre-defense-nationale-abdelaziz-belkhodja\\\/180148\\\/#primaryimage\"},\"thumbnailUrl\":\"https:\\\/\\\/www.webdo.tn\\\/fr\\\/wp-content\\\/uploads\\\/2014\\\/07\\\/Abdelaziz-Belkhodja.jpg\",\"datePublished\":\"2014-07-31T05:25:00+00:00\",\"dateModified\":\"2025-06-04T18:19:25+00:00\",\"description\":\"Lette ouverte au ministre de la D\u00e9fense nationale par Abdelaziz Belkhodja\",\"breadcrumb\":{\"@id\":\"https:\\\/\\\/www.webdo.tn\\\/fr\\\/actualite\\\/gouv\\\/lette-ouverte-au-ministre-defense-nationale-abdelaziz-belkhodja\\\/180148\\\/#breadcrumb\"},\"inLanguage\":\"fr-FR\",\"potentialAction\":[{\"@type\":\"ReadAction\",\"target\":[\"https:\\\/\\\/www.webdo.tn\\\/fr\\\/actualite\\\/gouv\\\/lette-ouverte-au-ministre-defense-nationale-abdelaziz-belkhodja\\\/180148\\\/\"]}]},{\"@type\":\"ImageObject\",\"inLanguage\":\"fr-FR\",\"@id\":\"https:\\\/\\\/www.webdo.tn\\\/fr\\\/actualite\\\/gouv\\\/lette-ouverte-au-ministre-defense-nationale-abdelaziz-belkhodja\\\/180148\\\/#primaryimage\",\"url\":\"https:\\\/\\\/www.webdo.tn\\\/fr\\\/wp-content\\\/uploads\\\/2014\\\/07\\\/Abdelaziz-Belkhodja.jpg\",\"contentUrl\":\"https:\\\/\\\/www.webdo.tn\\\/fr\\\/wp-content\\\/uploads\\\/2014\\\/07\\\/Abdelaziz-Belkhodja.jpg\",\"width\":307,\"height\":230,\"caption\":\"Lette ouverte au ministre de la D\u00e9fense nationale par Abdelaziz Belkhodja\"},{\"@type\":\"BreadcrumbList\",\"@id\":\"https:\\\/\\\/www.webdo.tn\\\/fr\\\/actualite\\\/gouv\\\/lette-ouverte-au-ministre-defense-nationale-abdelaziz-belkhodja\\\/180148\\\/#breadcrumb\",\"itemListElement\":[{\"@type\":\"ListItem\",\"position\":1,\"name\":\"Accueil\",\"item\":\"https:\\\/\\\/www.webdo.tn\\\/fr\\\/\"},{\"@type\":\"ListItem\",\"position\":2,\"name\":\"Lette ouverte au ministre de la D\u00e9fense nationale par Abdelaziz Belkhodja\"}]},{\"@type\":\"WebSite\",\"@id\":\"https:\\\/\\\/www.webdo.tn\\\/fr\\\/#website\",\"url\":\"https:\\\/\\\/www.webdo.tn\\\/fr\\\/\",\"name\":\"webdo\",\"description\":\"Tunisie - News en Tunisie et \u00e0 l&#039;international sur Webdo.tn\",\"publisher\":{\"@id\":\"https:\\\/\\\/www.webdo.tn\\\/fr\\\/#organization\"},\"potentialAction\":[{\"@type\":\"SearchAction\",\"target\":{\"@type\":\"EntryPoint\",\"urlTemplate\":\"https:\\\/\\\/www.webdo.tn\\\/fr\\\/?s={search_term_string}\"},\"query-input\":{\"@type\":\"PropertyValueSpecification\",\"valueRequired\":true,\"valueName\":\"search_term_string\"}}],\"inLanguage\":\"fr-FR\"},{\"@type\":\"Organization\",\"@id\":\"https:\\\/\\\/www.webdo.tn\\\/fr\\\/#organization\",\"name\":\"Webdo\",\"alternateName\":\"Webdo.tn\",\"url\":\"https:\\\/\\\/www.webdo.tn\\\/fr\\\/\",\"logo\":{\"@type\":\"ImageObject\",\"inLanguage\":\"fr-FR\",\"@id\":\"https:\\\/\\\/www.webdo.tn\\\/fr\\\/#\\\/schema\\\/logo\\\/image\\\/\",\"url\":\"https:\\\/\\\/www.webdo.tn\\\/fr\\\/wp-content\\\/uploads\\\/2025\\\/06\\\/Webdo-Tunisie_168377.jpg\",\"contentUrl\":\"https:\\\/\\\/www.webdo.tn\\\/fr\\\/wp-content\\\/uploads\\\/2025\\\/06\\\/Webdo-Tunisie_168377.jpg\",\"width\":301,\"height\":301,\"caption\":\"Webdo\"},\"image\":{\"@id\":\"https:\\\/\\\/www.webdo.tn\\\/fr\\\/#\\\/schema\\\/logo\\\/image\\\/\"},\"sameAs\":[\"https:\\\/\\\/www.facebook.com\\\/webdotn\",\"https:\\\/\\\/x.com\\\/webdo_tn\"],\"description\":\"Webdo est un m\u00e9dia num\u00e9rique tunisien fond\u00e9 en 2010, sp\u00e9cialis\u00e9 dans l\u2019actualit\u00e9 nationale et internationale, l\u2019\u00e9conomie, la soci\u00e9t\u00e9 et les analyses politiques. Le site s\u2019adresse \u00e0 un large public francophone et couvre l\u2019information tunisienne en temps r\u00e9el.\",\"email\":\"redac@webdo.tn\",\"legalName\":\"YNJ SARL\",\"foundingDate\":\"2010-09-06\",\"numberOfEmployees\":{\"@type\":\"QuantitativeValue\",\"minValue\":\"11\",\"maxValue\":\"50\"}},{\"@type\":\"Person\",\"@id\":\"https:\\\/\\\/www.webdo.tn\\\/fr\\\/#\\\/schema\\\/person\\\/9a9c6118d687c117df8ef3cc36a4d175\",\"name\":\"webdo.tn\",\"image\":{\"@type\":\"ImageObject\",\"inLanguage\":\"fr-FR\",\"@id\":\"https:\\\/\\\/secure.gravatar.com\\\/avatar\\\/7ce1f28c0c3bbac99ff550b85ef8e44a6950c6ee24514fb6a5489e51d06f0298?s=96&d=mm&r=g\",\"url\":\"https:\\\/\\\/secure.gravatar.com\\\/avatar\\\/7ce1f28c0c3bbac99ff550b85ef8e44a6950c6ee24514fb6a5489e51d06f0298?s=96&d=mm&r=g\",\"contentUrl\":\"https:\\\/\\\/secure.gravatar.com\\\/avatar\\\/7ce1f28c0c3bbac99ff550b85ef8e44a6950c6ee24514fb6a5489e51d06f0298?s=96&d=mm&r=g\",\"caption\":\"webdo.tn\"},\"url\":\"https:\\\/\\\/www.webdo.tn\\\/fr\\\/actualite\\\/author\\\/webdotn\\\/\"}]}<\/script>\n<!-- \/ Yoast SEO Premium plugin. -->","yoast_head_json":{"title":"Lette ouverte au ministre de la D\u00e9fense nationale par Abdelaziz Belkhodja","description":"Lette ouverte au ministre de la D\u00e9fense nationale par Abdelaziz Belkhodja","canonical":"https:\/\/www.webdo.tn\/fr\/actualite\/gouv\/lette-ouverte-au-ministre-defense-nationale-abdelaziz-belkhodja\/180148\/","og_locale":"fr_FR","og_type":"article","og_title":"Lette ouverte au ministre de la D\u00e9fense nationale par Abdelaziz Belkhodja","og_description":"Lette ouverte au ministre de la D\u00e9fense nationale par Abdelaziz Belkhodja","og_url":"https:\/\/www.webdo.tn\/fr\/actualite\/gouv\/lette-ouverte-au-ministre-defense-nationale-abdelaziz-belkhodja\/180148\/","og_site_name":"webdo","article_publisher":"https:\/\/www.facebook.com\/webdotn","article_published_time":"2014-07-31T05:25:00+00:00","article_modified_time":"2025-06-04T18:19:25+00:00","og_image":[{"width":307,"height":230,"url":"https:\/\/www.webdo.tn\/fr\/wp-content\/uploads\/2014\/07\/Abdelaziz-Belkhodja.jpg","type":"image\/jpeg"}],"author":"webdo.tn","twitter_card":"summary_large_image","twitter_creator":"@webdo_tn","twitter_site":"@webdo_tn","twitter_misc":{"\u00c9crit par":"webdo.tn","Dur\u00e9e de lecture estim\u00e9e":"2 minutes"},"schema":{"@context":"https:\/\/schema.org","@graph":[{"@type":"NewsArticle","@id":"https:\/\/www.webdo.tn\/fr\/actualite\/gouv\/lette-ouverte-au-ministre-defense-nationale-abdelaziz-belkhodja\/180148\/#article","isPartOf":{"@id":"https:\/\/www.webdo.tn\/fr\/actualite\/gouv\/lette-ouverte-au-ministre-defense-nationale-abdelaziz-belkhodja\/180148\/"},"author":{"name":"webdo.tn","@id":"https:\/\/www.webdo.tn\/fr\/#\/schema\/person\/9a9c6118d687c117df8ef3cc36a4d175"},"headline":"Lette ouverte au ministre de la D\u00e9fense nationale par Abdelaziz Belkhodja","datePublished":"2014-07-31T05:25:00+00:00","dateModified":"2025-06-04T18:19:25+00:00","mainEntityOfPage":{"@id":"https:\/\/www.webdo.tn\/fr\/actualite\/gouv\/lette-ouverte-au-ministre-defense-nationale-abdelaziz-belkhodja\/180148\/"},"wordCount":355,"commentCount":0,"publisher":{"@id":"https:\/\/www.webdo.tn\/fr\/#organization"},"image":{"@id":"https:\/\/www.webdo.tn\/fr\/actualite\/gouv\/lette-ouverte-au-ministre-defense-nationale-abdelaziz-belkhodja\/180148\/#primaryimage"},"thumbnailUrl":"https:\/\/www.webdo.tn\/fr\/wp-content\/uploads\/2014\/07\/Abdelaziz-Belkhodja.jpg","articleSection":["Terrorisme"],"inLanguage":"fr-FR"},{"@type":"WebPage","@id":"https:\/\/www.webdo.tn\/fr\/actualite\/gouv\/lette-ouverte-au-ministre-defense-nationale-abdelaziz-belkhodja\/180148\/","url":"https:\/\/www.webdo.tn\/fr\/actualite\/gouv\/lette-ouverte-au-ministre-defense-nationale-abdelaziz-belkhodja\/180148\/","name":"Lette ouverte au ministre de la D\u00e9fense nationale par Abdelaziz Belkhodja","isPartOf":{"@id":"https:\/\/www.webdo.tn\/fr\/#website"},"primaryImageOfPage":{"@id":"https:\/\/www.webdo.tn\/fr\/actualite\/gouv\/lette-ouverte-au-ministre-defense-nationale-abdelaziz-belkhodja\/180148\/#primaryimage"},"image":{"@id":"https:\/\/www.webdo.tn\/fr\/actualite\/gouv\/lette-ouverte-au-ministre-defense-nationale-abdelaziz-belkhodja\/180148\/#primaryimage"},"thumbnailUrl":"https:\/\/www.webdo.tn\/fr\/wp-content\/uploads\/2014\/07\/Abdelaziz-Belkhodja.jpg","datePublished":"2014-07-31T05:25:00+00:00","dateModified":"2025-06-04T18:19:25+00:00","description":"Lette ouverte au ministre de la D\u00e9fense nationale par Abdelaziz Belkhodja","breadcrumb":{"@id":"https:\/\/www.webdo.tn\/fr\/actualite\/gouv\/lette-ouverte-au-ministre-defense-nationale-abdelaziz-belkhodja\/180148\/#breadcrumb"},"inLanguage":"fr-FR","potentialAction":[{"@type":"ReadAction","target":["https:\/\/www.webdo.tn\/fr\/actualite\/gouv\/lette-ouverte-au-ministre-defense-nationale-abdelaziz-belkhodja\/180148\/"]}]},{"@type":"ImageObject","inLanguage":"fr-FR","@id":"https:\/\/www.webdo.tn\/fr\/actualite\/gouv\/lette-ouverte-au-ministre-defense-nationale-abdelaziz-belkhodja\/180148\/#primaryimage","url":"https:\/\/www.webdo.tn\/fr\/wp-content\/uploads\/2014\/07\/Abdelaziz-Belkhodja.jpg","contentUrl":"https:\/\/www.webdo.tn\/fr\/wp-content\/uploads\/2014\/07\/Abdelaziz-Belkhodja.jpg","width":307,"height":230,"caption":"Lette ouverte au ministre de la D\u00e9fense nationale par Abdelaziz Belkhodja"},{"@type":"BreadcrumbList","@id":"https:\/\/www.webdo.tn\/fr\/actualite\/gouv\/lette-ouverte-au-ministre-defense-nationale-abdelaziz-belkhodja\/180148\/#breadcrumb","itemListElement":[{"@type":"ListItem","position":1,"name":"Accueil","item":"https:\/\/www.webdo.tn\/fr\/"},{"@type":"ListItem","position":2,"name":"Lette ouverte au ministre de la D\u00e9fense nationale par Abdelaziz Belkhodja"}]},{"@type":"WebSite","@id":"https:\/\/www.webdo.tn\/fr\/#website","url":"https:\/\/www.webdo.tn\/fr\/","name":"webdo","description":"Tunisie - News en Tunisie et \u00e0 l&#039;international sur Webdo.tn","publisher":{"@id":"https:\/\/www.webdo.tn\/fr\/#organization"},"potentialAction":[{"@type":"SearchAction","target":{"@type":"EntryPoint","urlTemplate":"https:\/\/www.webdo.tn\/fr\/?s={search_term_string}"},"query-input":{"@type":"PropertyValueSpecification","valueRequired":true,"valueName":"search_term_string"}}],"inLanguage":"fr-FR"},{"@type":"Organization","@id":"https:\/\/www.webdo.tn\/fr\/#organization","name":"Webdo","alternateName":"Webdo.tn","url":"https:\/\/www.webdo.tn\/fr\/","logo":{"@type":"ImageObject","inLanguage":"fr-FR","@id":"https:\/\/www.webdo.tn\/fr\/#\/schema\/logo\/image\/","url":"https:\/\/www.webdo.tn\/fr\/wp-content\/uploads\/2025\/06\/Webdo-Tunisie_168377.jpg","contentUrl":"https:\/\/www.webdo.tn\/fr\/wp-content\/uploads\/2025\/06\/Webdo-Tunisie_168377.jpg","width":301,"height":301,"caption":"Webdo"},"image":{"@id":"https:\/\/www.webdo.tn\/fr\/#\/schema\/logo\/image\/"},"sameAs":["https:\/\/www.facebook.com\/webdotn","https:\/\/x.com\/webdo_tn"],"description":"Webdo est un m\u00e9dia num\u00e9rique tunisien fond\u00e9 en 2010, sp\u00e9cialis\u00e9 dans l\u2019actualit\u00e9 nationale et internationale, l\u2019\u00e9conomie, la soci\u00e9t\u00e9 et les analyses politiques. Le site s\u2019adresse \u00e0 un large public francophone et couvre l\u2019information tunisienne en temps r\u00e9el.","email":"redac@webdo.tn","legalName":"YNJ SARL","foundingDate":"2010-09-06","numberOfEmployees":{"@type":"QuantitativeValue","minValue":"11","maxValue":"50"}},{"@type":"Person","@id":"https:\/\/www.webdo.tn\/fr\/#\/schema\/person\/9a9c6118d687c117df8ef3cc36a4d175","name":"webdo.tn","image":{"@type":"ImageObject","inLanguage":"fr-FR","@id":"https:\/\/secure.gravatar.com\/avatar\/7ce1f28c0c3bbac99ff550b85ef8e44a6950c6ee24514fb6a5489e51d06f0298?s=96&d=mm&r=g","url":"https:\/\/secure.gravatar.com\/avatar\/7ce1f28c0c3bbac99ff550b85ef8e44a6950c6ee24514fb6a5489e51d06f0298?s=96&d=mm&r=g","contentUrl":"https:\/\/secure.gravatar.com\/avatar\/7ce1f28c0c3bbac99ff550b85ef8e44a6950c6ee24514fb6a5489e51d06f0298?s=96&d=mm&r=g","caption":"webdo.tn"},"url":"https:\/\/www.webdo.tn\/fr\/actualite\/author\/webdotn\/"}]}},"_links":{"self":[{"href":"https:\/\/www.webdo.tn\/fr\/wp-json\/wp\/v2\/posts\/180148","targetHints":{"allow":["GET"]}}],"collection":[{"href":"https:\/\/www.webdo.tn\/fr\/wp-json\/wp\/v2\/posts"}],"about":[{"href":"https:\/\/www.webdo.tn\/fr\/wp-json\/wp\/v2\/types\/post"}],"author":[{"embeddable":true,"href":"https:\/\/www.webdo.tn\/fr\/wp-json\/wp\/v2\/users\/3222"}],"replies":[{"embeddable":true,"href":"https:\/\/www.webdo.tn\/fr\/wp-json\/wp\/v2\/comments?post=180148"}],"version-history":[{"count":0,"href":"https:\/\/www.webdo.tn\/fr\/wp-json\/wp\/v2\/posts\/180148\/revisions"}],"wp:featuredmedia":[{"embeddable":true,"href":"https:\/\/www.webdo.tn\/fr\/wp-json\/wp\/v2\/media\/320793"}],"wp:attachment":[{"href":"https:\/\/www.webdo.tn\/fr\/wp-json\/wp\/v2\/media?parent=180148"}],"wp:term":[{"taxonomy":"category","embeddable":true,"href":"https:\/\/www.webdo.tn\/fr\/wp-json\/wp\/v2\/categories?post=180148"},{"taxonomy":"post_tag","embeddable":true,"href":"https:\/\/www.webdo.tn\/fr\/wp-json\/wp\/v2\/tags?post=180148"}],"curies":[{"name":"wp","href":"https:\/\/api.w.org\/{rel}","templated":true}]}}