{"id":180146,"date":"2014-07-31T15:41:00","date_gmt":"2014-07-31T15:41:00","guid":{"rendered":"https:\/\/www.webdo.tn\/fr\/blog\/representant-lonu-eclate-en-sanglots-en-parlant-morts-gaza\/180146\/"},"modified":"2025-06-04T18:19:04","modified_gmt":"2025-06-04T18:19:04","slug":"representant-lonu-eclate-en-sanglots-en-parlant-morts-gaza","status":"publish","type":"post","link":"https:\/\/www.webdo.tn\/fr\/actualite\/terrorisme\/representant-lonu-eclate-en-sanglots-en-parlant-morts-gaza\/180146\/","title":{"rendered":"Un repr\u00e9sentant de l\u2019ONU \u00e9clate en sanglots en parlant des morts de Gaza"},"content":{"rendered":"<p>Suite \u00e0 l&rsquo;attaque, ce mercredi 30 juillet, d&rsquo;une \u00e9cole \u00e9l\u00e9mentaire \u00e0 Jabaliya, o\u00f9 \u00e9taient r\u00e9fugi\u00e9es plus de 3 300 personnes, 16 personnes ont \u00e9t\u00e9 tu\u00e9es ce qui a pouss\u00e9 l&rsquo;Agence onusienne pour l&rsquo;aide aux r\u00e9fugi\u00e9s palestiniens (UNRWA) \u00e0 r\u00e9agir vigoureusement contre les agressions en s\u00e9rie d\u2019Isra\u00ebl et l\u2019accuser de \u00abviolation grave du droit international\u00bb.<\/p>\n<p>Face \u00e0 ce drame qui se d\u00e9roule \u00e0 ciel ouvert dans la bande de Gaza, le porte-parole de l\u2019agence onusienne, Christopher Guness, n\u2019a pu se retenir et a \u00e9clat\u00e9 en sanglots au simple fait de parler des lourdes pertes humaines dans la bande de Gaza et des 16 personnes tu\u00e9es dans l&rsquo;\u00e9cole du camp de Jabaliya suite aux bombardements isra\u00e9liens.<\/p>\n<p>Le responsable craque en direct devant les cam\u00e9ras d\u2019Al Jazeera. Une vid\u00e9o qui tourne d\u00e9sormais en boucle sur les r\u00e9seaux sociaux. \u00abLes droits des Palestiniens, m\u00eame quand il s\u2019agit d\u2019enfants, sont totalement bafou\u00e9s et ceci est r\u00e9voltant\u00bb a-t-il notamment lanc\u00e9.<\/p>\n<p>L\u2019attaque contre l\u2019\u00e9cole \u00e9l\u00e9mentaire de Jabaliya, hier (16 morts) et contre celle Beit Hanoun, le 24 juillet (l&rsquo;ONU avait d\u00e9plor\u00e9 au moins 16 morts, dont certains de ses employ\u00e9s, ont provoqu\u00e9 la col\u00e8re des Nations unies qui a accus\u00e9 l&rsquo;Etat h\u00e9breu d&rsquo;\u00eatre \u00e0 l&rsquo;origine de ce massacre.<\/p>\n<p>L&rsquo;UNRWA dispose de 245 \u00e9coles dans la bande de Gaza, dont 85 servent de refuge en cas d&rsquo;op\u00e9ration militaire isra\u00e9lienne, et b\u00e9n\u00e9ficient normalement d&rsquo;un droit d&rsquo;inviolabilit\u00e9.<\/p>\n<p>Aujourd\u2019hui, jeudi 31 juillet, une autre \u00e9cole a \u00e9t\u00e9 touch\u00e9e par un bombardement cens\u00e9 viser la mosqu\u00e9e voisine. L&rsquo;attentat a fait quinze bless\u00e9s.<\/p>\n","protected":false},"excerpt":{"rendered":"<p>Un repr\u00e9sentant de l\u2019ONU \u00e9clate en sanglots en parlant des morts de Gaza<\/p>\n","protected":false},"author":3222,"featured_media":334814,"comment_status":"open","ping_status":"closed","sticky":false,"template":"","format":"standard","meta":{"footnotes":""},"categories":[11342],"tags":[],"class_list":["post-180146","post","type-post","status-publish","format-standard","has-post-thumbnail","hentry","category-terrorisme"],"yoast_head":"<!-- This site is optimized with the Yoast SEO Premium plugin v27.5 (Yoast SEO v27.5) - https:\/\/yoast.com\/product\/yoast-seo-premium-wordpress\/ -->\n<title>Un repr\u00e9sentant de l\u2019ONU \u00e9clate en sanglots en parlant des morts de Gaza<\/title>\n<meta name=\"description\" content=\"Un repr\u00e9sentant de l\u2019ONU \u00e9clate en sanglots en parlant des morts de Gaza\" \/>\n<link rel=\"canonical\" href=\"https:\/\/www.webdo.tn\/fr\/actualite\/blog\/representant-lonu-eclate-en-sanglots-en-parlant-morts-gaza\/180146\/\" \/>\n<meta property=\"og:locale\" content=\"fr_FR\" \/>\n<meta property=\"og:type\" content=\"article\" \/>\n<meta property=\"og:title\" content=\"Un repr\u00e9sentant de l\u2019ONU \u00e9clate en sanglots en parlant des morts de Gaza\" \/>\n<meta property=\"og:description\" content=\"Un repr\u00e9sentant de l\u2019ONU \u00e9clate en sanglots en parlant des morts de Gaza\" \/>\n<meta property=\"og:url\" content=\"https:\/\/www.webdo.tn\/fr\/actualite\/blog\/representant-lonu-eclate-en-sanglots-en-parlant-morts-gaza\/180146\/\" \/>\n<meta property=\"og:site_name\" content=\"webdo\" \/>\n<meta property=\"article:publisher\" content=\"https:\/\/www.facebook.com\/webdotn\" \/>\n<meta property=\"article:published_time\" content=\"2014-07-31T15:41:00+00:00\" \/>\n<meta property=\"article:modified_time\" content=\"2025-06-04T18:19:04+00:00\" \/>\n<meta property=\"og:image\" content=\"https:\/\/www.webdo.tn\/fr\/wp-content\/uploads\/2014\/07\/Gaza-UNRWA.jpg\" \/>\n\t<meta property=\"og:image:width\" content=\"584\" \/>\n\t<meta property=\"og:image:height\" content=\"334\" \/>\n\t<meta property=\"og:image:type\" content=\"image\/jpeg\" \/>\n<meta name=\"author\" content=\"webdo.tn\" \/>\n<meta name=\"twitter:card\" content=\"summary_large_image\" \/>\n<meta name=\"twitter:creator\" content=\"@webdo_tn\" \/>\n<meta name=\"twitter:site\" content=\"@webdo_tn\" \/>\n<meta name=\"twitter:label1\" content=\"\u00c9crit par\" \/>\n\t<meta name=\"twitter:data1\" content=\"webdo.tn\" \/>\n\t<meta name=\"twitter:label2\" content=\"Dur\u00e9e de lecture estim\u00e9e\" \/>\n\t<meta name=\"twitter:data2\" content=\"1 minute\" \/>\n<script type=\"application\/ld+json\" class=\"yoast-schema-graph\">{\"@context\":\"https:\\\/\\\/schema.org\",\"@graph\":[{\"@type\":\"NewsArticle\",\"@id\":\"https:\\\/\\\/www.webdo.tn\\\/fr\\\/actualite\\\/blog\\\/representant-lonu-eclate-en-sanglots-en-parlant-morts-gaza\\\/180146\\\/#article\",\"isPartOf\":{\"@id\":\"https:\\\/\\\/www.webdo.tn\\\/fr\\\/actualite\\\/blog\\\/representant-lonu-eclate-en-sanglots-en-parlant-morts-gaza\\\/180146\\\/\"},\"author\":{\"name\":\"webdo.tn\",\"@id\":\"https:\\\/\\\/www.webdo.tn\\\/fr\\\/#\\\/schema\\\/person\\\/9a9c6118d687c117df8ef3cc36a4d175\"},\"headline\":\"Un repr\u00e9sentant de l\u2019ONU \u00e9clate en sanglots en parlant des morts de Gaza\",\"datePublished\":\"2014-07-31T15:41:00+00:00\",\"dateModified\":\"2025-06-04T18:19:04+00:00\",\"mainEntityOfPage\":{\"@id\":\"https:\\\/\\\/www.webdo.tn\\\/fr\\\/actualite\\\/blog\\\/representant-lonu-eclate-en-sanglots-en-parlant-morts-gaza\\\/180146\\\/\"},\"wordCount\":303,\"commentCount\":0,\"publisher\":{\"@id\":\"https:\\\/\\\/www.webdo.tn\\\/fr\\\/#organization\"},\"image\":{\"@id\":\"https:\\\/\\\/www.webdo.tn\\\/fr\\\/actualite\\\/blog\\\/representant-lonu-eclate-en-sanglots-en-parlant-morts-gaza\\\/180146\\\/#primaryimage\"},\"thumbnailUrl\":\"https:\\\/\\\/www.webdo.tn\\\/fr\\\/wp-content\\\/uploads\\\/2014\\\/07\\\/Gaza-UNRWA.jpg\",\"articleSection\":[\"Terrorisme\"],\"inLanguage\":\"fr-FR\"},{\"@type\":\"WebPage\",\"@id\":\"https:\\\/\\\/www.webdo.tn\\\/fr\\\/actualite\\\/blog\\\/representant-lonu-eclate-en-sanglots-en-parlant-morts-gaza\\\/180146\\\/\",\"url\":\"https:\\\/\\\/www.webdo.tn\\\/fr\\\/actualite\\\/blog\\\/representant-lonu-eclate-en-sanglots-en-parlant-morts-gaza\\\/180146\\\/\",\"name\":\"Un repr\u00e9sentant de l\u2019ONU \u00e9clate en sanglots en parlant des morts de Gaza\",\"isPartOf\":{\"@id\":\"https:\\\/\\\/www.webdo.tn\\\/fr\\\/#website\"},\"primaryImageOfPage\":{\"@id\":\"https:\\\/\\\/www.webdo.tn\\\/fr\\\/actualite\\\/blog\\\/representant-lonu-eclate-en-sanglots-en-parlant-morts-gaza\\\/180146\\\/#primaryimage\"},\"image\":{\"@id\":\"https:\\\/\\\/www.webdo.tn\\\/fr\\\/actualite\\\/blog\\\/representant-lonu-eclate-en-sanglots-en-parlant-morts-gaza\\\/180146\\\/#primaryimage\"},\"thumbnailUrl\":\"https:\\\/\\\/www.webdo.tn\\\/fr\\\/wp-content\\\/uploads\\\/2014\\\/07\\\/Gaza-UNRWA.jpg\",\"datePublished\":\"2014-07-31T15:41:00+00:00\",\"dateModified\":\"2025-06-04T18:19:04+00:00\",\"description\":\"Un repr\u00e9sentant de l\u2019ONU \u00e9clate en sanglots en parlant des morts de Gaza\",\"breadcrumb\":{\"@id\":\"https:\\\/\\\/www.webdo.tn\\\/fr\\\/actualite\\\/blog\\\/representant-lonu-eclate-en-sanglots-en-parlant-morts-gaza\\\/180146\\\/#breadcrumb\"},\"inLanguage\":\"fr-FR\",\"potentialAction\":[{\"@type\":\"ReadAction\",\"target\":[\"https:\\\/\\\/www.webdo.tn\\\/fr\\\/actualite\\\/blog\\\/representant-lonu-eclate-en-sanglots-en-parlant-morts-gaza\\\/180146\\\/\"]}]},{\"@type\":\"ImageObject\",\"inLanguage\":\"fr-FR\",\"@id\":\"https:\\\/\\\/www.webdo.tn\\\/fr\\\/actualite\\\/blog\\\/representant-lonu-eclate-en-sanglots-en-parlant-morts-gaza\\\/180146\\\/#primaryimage\",\"url\":\"https:\\\/\\\/www.webdo.tn\\\/fr\\\/wp-content\\\/uploads\\\/2014\\\/07\\\/Gaza-UNRWA.jpg\",\"contentUrl\":\"https:\\\/\\\/www.webdo.tn\\\/fr\\\/wp-content\\\/uploads\\\/2014\\\/07\\\/Gaza-UNRWA.jpg\",\"width\":584,\"height\":334,\"caption\":\"Un repr\u00e9sentant de l\u2019ONU \u00e9clate en sanglots en parlant des morts de Gaza\"},{\"@type\":\"BreadcrumbList\",\"@id\":\"https:\\\/\\\/www.webdo.tn\\\/fr\\\/actualite\\\/blog\\\/representant-lonu-eclate-en-sanglots-en-parlant-morts-gaza\\\/180146\\\/#breadcrumb\",\"itemListElement\":[{\"@type\":\"ListItem\",\"position\":1,\"name\":\"Accueil\",\"item\":\"https:\\\/\\\/www.webdo.tn\\\/fr\\\/\"},{\"@type\":\"ListItem\",\"position\":2,\"name\":\"Un repr\u00e9sentant de l\u2019ONU \u00e9clate en sanglots en parlant des morts de Gaza\"}]},{\"@type\":\"WebSite\",\"@id\":\"https:\\\/\\\/www.webdo.tn\\\/fr\\\/#website\",\"url\":\"https:\\\/\\\/www.webdo.tn\\\/fr\\\/\",\"name\":\"webdo\",\"description\":\"Tunisie - News en Tunisie et \u00e0 l&#039;international sur Webdo.tn\",\"publisher\":{\"@id\":\"https:\\\/\\\/www.webdo.tn\\\/fr\\\/#organization\"},\"potentialAction\":[{\"@type\":\"SearchAction\",\"target\":{\"@type\":\"EntryPoint\",\"urlTemplate\":\"https:\\\/\\\/www.webdo.tn\\\/fr\\\/?s={search_term_string}\"},\"query-input\":{\"@type\":\"PropertyValueSpecification\",\"valueRequired\":true,\"valueName\":\"search_term_string\"}}],\"inLanguage\":\"fr-FR\"},{\"@type\":\"Organization\",\"@id\":\"https:\\\/\\\/www.webdo.tn\\\/fr\\\/#organization\",\"name\":\"Webdo\",\"alternateName\":\"Webdo.tn\",\"url\":\"https:\\\/\\\/www.webdo.tn\\\/fr\\\/\",\"logo\":{\"@type\":\"ImageObject\",\"inLanguage\":\"fr-FR\",\"@id\":\"https:\\\/\\\/www.webdo.tn\\\/fr\\\/#\\\/schema\\\/logo\\\/image\\\/\",\"url\":\"https:\\\/\\\/www.webdo.tn\\\/fr\\\/wp-content\\\/uploads\\\/2025\\\/06\\\/Webdo-Tunisie_168377.jpg\",\"contentUrl\":\"https:\\\/\\\/www.webdo.tn\\\/fr\\\/wp-content\\\/uploads\\\/2025\\\/06\\\/Webdo-Tunisie_168377.jpg\",\"width\":301,\"height\":301,\"caption\":\"Webdo\"},\"image\":{\"@id\":\"https:\\\/\\\/www.webdo.tn\\\/fr\\\/#\\\/schema\\\/logo\\\/image\\\/\"},\"sameAs\":[\"https:\\\/\\\/www.facebook.com\\\/webdotn\",\"https:\\\/\\\/x.com\\\/webdo_tn\"],\"description\":\"Webdo est un m\u00e9dia num\u00e9rique tunisien fond\u00e9 en 2010, sp\u00e9cialis\u00e9 dans l\u2019actualit\u00e9 nationale et internationale, l\u2019\u00e9conomie, la soci\u00e9t\u00e9 et les analyses politiques. Le site s\u2019adresse \u00e0 un large public francophone et couvre l\u2019information tunisienne en temps r\u00e9el.\",\"email\":\"redac@webdo.tn\",\"legalName\":\"YNJ SARL\",\"foundingDate\":\"2010-09-06\",\"numberOfEmployees\":{\"@type\":\"QuantitativeValue\",\"minValue\":\"11\",\"maxValue\":\"50\"}},{\"@type\":\"Person\",\"@id\":\"https:\\\/\\\/www.webdo.tn\\\/fr\\\/#\\\/schema\\\/person\\\/9a9c6118d687c117df8ef3cc36a4d175\",\"name\":\"webdo.tn\",\"image\":{\"@type\":\"ImageObject\",\"inLanguage\":\"fr-FR\",\"@id\":\"https:\\\/\\\/secure.gravatar.com\\\/avatar\\\/7ce1f28c0c3bbac99ff550b85ef8e44a6950c6ee24514fb6a5489e51d06f0298?s=96&d=mm&r=g\",\"url\":\"https:\\\/\\\/secure.gravatar.com\\\/avatar\\\/7ce1f28c0c3bbac99ff550b85ef8e44a6950c6ee24514fb6a5489e51d06f0298?s=96&d=mm&r=g\",\"contentUrl\":\"https:\\\/\\\/secure.gravatar.com\\\/avatar\\\/7ce1f28c0c3bbac99ff550b85ef8e44a6950c6ee24514fb6a5489e51d06f0298?s=96&d=mm&r=g\",\"caption\":\"webdo.tn\"},\"url\":\"https:\\\/\\\/www.webdo.tn\\\/fr\\\/actualite\\\/author\\\/webdotn\\\/\"}]}<\/script>\n<!-- \/ Yoast SEO Premium plugin. -->","yoast_head_json":{"title":"Un repr\u00e9sentant de l\u2019ONU \u00e9clate en sanglots en parlant des morts de Gaza","description":"Un repr\u00e9sentant de l\u2019ONU \u00e9clate en sanglots en parlant des morts de Gaza","canonical":"https:\/\/www.webdo.tn\/fr\/actualite\/blog\/representant-lonu-eclate-en-sanglots-en-parlant-morts-gaza\/180146\/","og_locale":"fr_FR","og_type":"article","og_title":"Un repr\u00e9sentant de l\u2019ONU \u00e9clate en sanglots en parlant des morts de Gaza","og_description":"Un repr\u00e9sentant de l\u2019ONU \u00e9clate en sanglots en parlant des morts de Gaza","og_url":"https:\/\/www.webdo.tn\/fr\/actualite\/blog\/representant-lonu-eclate-en-sanglots-en-parlant-morts-gaza\/180146\/","og_site_name":"webdo","article_publisher":"https:\/\/www.facebook.com\/webdotn","article_published_time":"2014-07-31T15:41:00+00:00","article_modified_time":"2025-06-04T18:19:04+00:00","og_image":[{"width":584,"height":334,"url":"https:\/\/www.webdo.tn\/fr\/wp-content\/uploads\/2014\/07\/Gaza-UNRWA.jpg","type":"image\/jpeg"}],"author":"webdo.tn","twitter_card":"summary_large_image","twitter_creator":"@webdo_tn","twitter_site":"@webdo_tn","twitter_misc":{"\u00c9crit par":"webdo.tn","Dur\u00e9e de lecture estim\u00e9e":"1 minute"},"schema":{"@context":"https:\/\/schema.org","@graph":[{"@type":"NewsArticle","@id":"https:\/\/www.webdo.tn\/fr\/actualite\/blog\/representant-lonu-eclate-en-sanglots-en-parlant-morts-gaza\/180146\/#article","isPartOf":{"@id":"https:\/\/www.webdo.tn\/fr\/actualite\/blog\/representant-lonu-eclate-en-sanglots-en-parlant-morts-gaza\/180146\/"},"author":{"name":"webdo.tn","@id":"https:\/\/www.webdo.tn\/fr\/#\/schema\/person\/9a9c6118d687c117df8ef3cc36a4d175"},"headline":"Un repr\u00e9sentant de l\u2019ONU \u00e9clate en sanglots en parlant des morts de Gaza","datePublished":"2014-07-31T15:41:00+00:00","dateModified":"2025-06-04T18:19:04+00:00","mainEntityOfPage":{"@id":"https:\/\/www.webdo.tn\/fr\/actualite\/blog\/representant-lonu-eclate-en-sanglots-en-parlant-morts-gaza\/180146\/"},"wordCount":303,"commentCount":0,"publisher":{"@id":"https:\/\/www.webdo.tn\/fr\/#organization"},"image":{"@id":"https:\/\/www.webdo.tn\/fr\/actualite\/blog\/representant-lonu-eclate-en-sanglots-en-parlant-morts-gaza\/180146\/#primaryimage"},"thumbnailUrl":"https:\/\/www.webdo.tn\/fr\/wp-content\/uploads\/2014\/07\/Gaza-UNRWA.jpg","articleSection":["Terrorisme"],"inLanguage":"fr-FR"},{"@type":"WebPage","@id":"https:\/\/www.webdo.tn\/fr\/actualite\/blog\/representant-lonu-eclate-en-sanglots-en-parlant-morts-gaza\/180146\/","url":"https:\/\/www.webdo.tn\/fr\/actualite\/blog\/representant-lonu-eclate-en-sanglots-en-parlant-morts-gaza\/180146\/","name":"Un repr\u00e9sentant de l\u2019ONU \u00e9clate en sanglots en parlant des morts de Gaza","isPartOf":{"@id":"https:\/\/www.webdo.tn\/fr\/#website"},"primaryImageOfPage":{"@id":"https:\/\/www.webdo.tn\/fr\/actualite\/blog\/representant-lonu-eclate-en-sanglots-en-parlant-morts-gaza\/180146\/#primaryimage"},"image":{"@id":"https:\/\/www.webdo.tn\/fr\/actualite\/blog\/representant-lonu-eclate-en-sanglots-en-parlant-morts-gaza\/180146\/#primaryimage"},"thumbnailUrl":"https:\/\/www.webdo.tn\/fr\/wp-content\/uploads\/2014\/07\/Gaza-UNRWA.jpg","datePublished":"2014-07-31T15:41:00+00:00","dateModified":"2025-06-04T18:19:04+00:00","description":"Un repr\u00e9sentant de l\u2019ONU \u00e9clate en sanglots en parlant des morts de Gaza","breadcrumb":{"@id":"https:\/\/www.webdo.tn\/fr\/actualite\/blog\/representant-lonu-eclate-en-sanglots-en-parlant-morts-gaza\/180146\/#breadcrumb"},"inLanguage":"fr-FR","potentialAction":[{"@type":"ReadAction","target":["https:\/\/www.webdo.tn\/fr\/actualite\/blog\/representant-lonu-eclate-en-sanglots-en-parlant-morts-gaza\/180146\/"]}]},{"@type":"ImageObject","inLanguage":"fr-FR","@id":"https:\/\/www.webdo.tn\/fr\/actualite\/blog\/representant-lonu-eclate-en-sanglots-en-parlant-morts-gaza\/180146\/#primaryimage","url":"https:\/\/www.webdo.tn\/fr\/wp-content\/uploads\/2014\/07\/Gaza-UNRWA.jpg","contentUrl":"https:\/\/www.webdo.tn\/fr\/wp-content\/uploads\/2014\/07\/Gaza-UNRWA.jpg","width":584,"height":334,"caption":"Un repr\u00e9sentant de l\u2019ONU \u00e9clate en sanglots en parlant des morts de Gaza"},{"@type":"BreadcrumbList","@id":"https:\/\/www.webdo.tn\/fr\/actualite\/blog\/representant-lonu-eclate-en-sanglots-en-parlant-morts-gaza\/180146\/#breadcrumb","itemListElement":[{"@type":"ListItem","position":1,"name":"Accueil","item":"https:\/\/www.webdo.tn\/fr\/"},{"@type":"ListItem","position":2,"name":"Un repr\u00e9sentant de l\u2019ONU \u00e9clate en sanglots en parlant des morts de Gaza"}]},{"@type":"WebSite","@id":"https:\/\/www.webdo.tn\/fr\/#website","url":"https:\/\/www.webdo.tn\/fr\/","name":"webdo","description":"Tunisie - News en Tunisie et \u00e0 l&#039;international sur Webdo.tn","publisher":{"@id":"https:\/\/www.webdo.tn\/fr\/#organization"},"potentialAction":[{"@type":"SearchAction","target":{"@type":"EntryPoint","urlTemplate":"https:\/\/www.webdo.tn\/fr\/?s={search_term_string}"},"query-input":{"@type":"PropertyValueSpecification","valueRequired":true,"valueName":"search_term_string"}}],"inLanguage":"fr-FR"},{"@type":"Organization","@id":"https:\/\/www.webdo.tn\/fr\/#organization","name":"Webdo","alternateName":"Webdo.tn","url":"https:\/\/www.webdo.tn\/fr\/","logo":{"@type":"ImageObject","inLanguage":"fr-FR","@id":"https:\/\/www.webdo.tn\/fr\/#\/schema\/logo\/image\/","url":"https:\/\/www.webdo.tn\/fr\/wp-content\/uploads\/2025\/06\/Webdo-Tunisie_168377.jpg","contentUrl":"https:\/\/www.webdo.tn\/fr\/wp-content\/uploads\/2025\/06\/Webdo-Tunisie_168377.jpg","width":301,"height":301,"caption":"Webdo"},"image":{"@id":"https:\/\/www.webdo.tn\/fr\/#\/schema\/logo\/image\/"},"sameAs":["https:\/\/www.facebook.com\/webdotn","https:\/\/x.com\/webdo_tn"],"description":"Webdo est un m\u00e9dia num\u00e9rique tunisien fond\u00e9 en 2010, sp\u00e9cialis\u00e9 dans l\u2019actualit\u00e9 nationale et internationale, l\u2019\u00e9conomie, la soci\u00e9t\u00e9 et les analyses politiques. Le site s\u2019adresse \u00e0 un large public francophone et couvre l\u2019information tunisienne en temps r\u00e9el.","email":"redac@webdo.tn","legalName":"YNJ SARL","foundingDate":"2010-09-06","numberOfEmployees":{"@type":"QuantitativeValue","minValue":"11","maxValue":"50"}},{"@type":"Person","@id":"https:\/\/www.webdo.tn\/fr\/#\/schema\/person\/9a9c6118d687c117df8ef3cc36a4d175","name":"webdo.tn","image":{"@type":"ImageObject","inLanguage":"fr-FR","@id":"https:\/\/secure.gravatar.com\/avatar\/7ce1f28c0c3bbac99ff550b85ef8e44a6950c6ee24514fb6a5489e51d06f0298?s=96&d=mm&r=g","url":"https:\/\/secure.gravatar.com\/avatar\/7ce1f28c0c3bbac99ff550b85ef8e44a6950c6ee24514fb6a5489e51d06f0298?s=96&d=mm&r=g","contentUrl":"https:\/\/secure.gravatar.com\/avatar\/7ce1f28c0c3bbac99ff550b85ef8e44a6950c6ee24514fb6a5489e51d06f0298?s=96&d=mm&r=g","caption":"webdo.tn"},"url":"https:\/\/www.webdo.tn\/fr\/actualite\/author\/webdotn\/"}]}},"_links":{"self":[{"href":"https:\/\/www.webdo.tn\/fr\/wp-json\/wp\/v2\/posts\/180146","targetHints":{"allow":["GET"]}}],"collection":[{"href":"https:\/\/www.webdo.tn\/fr\/wp-json\/wp\/v2\/posts"}],"about":[{"href":"https:\/\/www.webdo.tn\/fr\/wp-json\/wp\/v2\/types\/post"}],"author":[{"embeddable":true,"href":"https:\/\/www.webdo.tn\/fr\/wp-json\/wp\/v2\/users\/3222"}],"replies":[{"embeddable":true,"href":"https:\/\/www.webdo.tn\/fr\/wp-json\/wp\/v2\/comments?post=180146"}],"version-history":[{"count":0,"href":"https:\/\/www.webdo.tn\/fr\/wp-json\/wp\/v2\/posts\/180146\/revisions"}],"wp:featuredmedia":[{"embeddable":true,"href":"https:\/\/www.webdo.tn\/fr\/wp-json\/wp\/v2\/media\/334814"}],"wp:attachment":[{"href":"https:\/\/www.webdo.tn\/fr\/wp-json\/wp\/v2\/media?parent=180146"}],"wp:term":[{"taxonomy":"category","embeddable":true,"href":"https:\/\/www.webdo.tn\/fr\/wp-json\/wp\/v2\/categories?post=180146"},{"taxonomy":"post_tag","embeddable":true,"href":"https:\/\/www.webdo.tn\/fr\/wp-json\/wp\/v2\/tags?post=180146"}],"curies":[{"name":"wp","href":"https:\/\/api.w.org\/{rel}","templated":true}]}}