{"id":180145,"date":"2014-07-31T17:02:00","date_gmt":"2014-07-31T15:02:00","guid":{"rendered":"https:\/\/www.webdo.tn\/fr\/actualite\/terrorisme\/crise-en-libye-mehdi-jomaa-veut-tunisie-soit-pays-transit-refuge\/180145"},"modified":"2025-06-04T18:19:10","modified_gmt":"2025-06-04T18:19:10","slug":"crise-en-libye-mehdi-jomaa-veut-tunisie-soit-pays-transit-refuge","status":"publish","type":"post","link":"https:\/\/www.webdo.tn\/fr\/actualite\/terrorisme\/crise-en-libye-mehdi-jomaa-veut-tunisie-soit-pays-transit-refuge\/180145\/","title":{"rendered":"Crise en Libye : Mehdi Jomaa veut que la Tunisie soit un pays de transit et non de refuge"},"content":{"rendered":"<p>Apr\u00e8s la conf\u00e9rence du ministre des Affaires \u00e9trang\u00e8res d&rsquo;hier, une \u00a0r\u00e9union avec la cellule de crise charg\u00e9e de la s\u00e9curit\u00e9, sous l&rsquo;\u00e9gide du\u00a0chef du gouvernement, Mehdi Jomaa, a eu lieu ce jeudi 31 juillet \u00e0 la Kasbah de Tunis.<\/p>\n<p>M. Jomaa et son \u00e9quipe ont d\u00e9cid\u00e9 une s\u00e9rie de mesures en rapport ave la crise en Libye, a rapport\u00e9, dans un communiqu\u00e9, la pr\u00e9sidence du gouvernement.<\/p>\n<p> \u00ab\u00a0La poursuite de l&rsquo;\u00e9vacuation imm\u00e9diate des citoyens tunisiens de Libye ;<br \/>\n Aider les \u00e9trangers bloqu\u00e9s au niveau des points de passage frontaliers afin de leur permettre de rejoindre leurs pays respectifs et cela avec pr\u00e9cision et rapidit\u00e9. La Tunisie, vue la situation par laquelle elle passe, sera un pays de transit et non pas un pays de refuge ;<br \/>\n La r\u00e9organisation, en coordination avec les pays voisins, des proc\u00e9dures de passage au niveau de la fronti\u00e8re tuniso-libyenne ;<br \/>\n L&rsquo;adoption d&rsquo;une strat\u00e9gie progressive de protection et de s\u00e9curisation des fronti\u00e8res, bas\u00e9e sur des mesures claires et suivant les \u00e9volutions de la situation en Libye. La fermeture des fronti\u00e8res, en cas de n\u00e9cessit\u00e9, n&rsquo;est pas exclue, partant du fait que la priorit\u00e9 absolue est donn\u00e9e \u00e0 la s\u00e9curit\u00e9 globale de la Tunisie ;<br \/>\n Le renforcement du positionnement des forces s\u00e9curitaires et militaires au niveau des fronti\u00e8res, des points de passage frontaliers, et hausser leur degr\u00e9 de vigilance et de pr\u00e9paration.\u00bb<\/p>\n<p>Lotfi Ben Jeddou, ministre de l&rsquo;Int\u00e9rieur, Ghazi Jeribi, ministre de la D\u00e9fense nationale, Hafedh Ben Salah, ministre de la Justice, des Droits de l&rsquo;Homme et de la Justice transitionnelle, Mongi Hamdi, ministre des Affaires \u00e9trang\u00e8res, et Ridha Sfar, ministre d\u00e9l\u00e9gu\u00e9 aupr\u00e8s du ministre de l&rsquo;Int\u00e9rieur, charg\u00e9 de la S\u00e9curit\u00e9 nationale, ont assist\u00e9 \u00e0 cette r\u00e9union.<\/p>\n<p>Rappelons qu&rsquo;un bureau consulaire a \u00e9t\u00e9 ouvert au poste frontalier Ras Jdir et des cellules de contr\u00f4le mobiles ont \u00e9t\u00e9 mis en place pour faire le\u00a0suivi de la situation des Libyens affluant vers M\u00e9denine.<\/p>\n","protected":false},"excerpt":{"rendered":"<p>Crise en Libye : Mehdi Jomaa veut que la Tunisie soit un pays de transit et non de refuge <\/p>\n","protected":false},"author":3222,"featured_media":373774,"comment_status":"open","ping_status":"open","sticky":false,"template":"","format":"standard","meta":{"footnotes":""},"categories":[11342],"tags":[],"class_list":["post-180145","post","type-post","status-publish","format-standard","has-post-thumbnail","hentry","category-terrorisme"],"yoast_head":"<!-- This site is optimized with the Yoast SEO Premium plugin v27.5 (Yoast SEO v27.5) - https:\/\/yoast.com\/product\/yoast-seo-premium-wordpress\/ -->\n<title>Crise en Libye : Mehdi Jomaa veut que la Tunisie soit un pays de transit et non de refuge<\/title>\n<meta name=\"description\" content=\"Crise en Libye : Mehdi Jomaa veut que la Tunisie soit un pays de transit et non de refuge\" \/>\n<link rel=\"canonical\" href=\"https:\/\/www.webdo.tn\/fr\/actualite\/terrorisme\/crise-en-libye-mehdi-jomaa-veut-tunisie-soit-pays-transit-refuge\/180145\/\" \/>\n<meta property=\"og:locale\" content=\"fr_FR\" \/>\n<meta property=\"og:type\" content=\"article\" \/>\n<meta property=\"og:title\" content=\"Crise en Libye : Mehdi Jomaa veut que la Tunisie soit un pays de transit et non de refuge\" \/>\n<meta property=\"og:description\" content=\"Crise en Libye : Mehdi Jomaa veut que la Tunisie soit un pays de transit et non de refuge\" \/>\n<meta property=\"og:url\" content=\"https:\/\/www.webdo.tn\/fr\/actualite\/terrorisme\/crise-en-libye-mehdi-jomaa-veut-tunisie-soit-pays-transit-refuge\/180145\/\" \/>\n<meta property=\"og:site_name\" content=\"webdo\" \/>\n<meta property=\"article:publisher\" content=\"https:\/\/www.facebook.com\/webdotn\" \/>\n<meta property=\"article:published_time\" content=\"2014-07-31T15:02:00+00:00\" \/>\n<meta property=\"article:modified_time\" content=\"2025-06-04T18:19:10+00:00\" \/>\n<meta name=\"author\" content=\"webdo.tn\" \/>\n<meta name=\"twitter:card\" content=\"summary_large_image\" \/>\n<meta name=\"twitter:creator\" content=\"@webdo_tn\" \/>\n<meta name=\"twitter:site\" content=\"@webdo_tn\" \/>\n<meta name=\"twitter:label1\" content=\"\u00c9crit par\" \/>\n\t<meta name=\"twitter:data1\" content=\"webdo.tn\" \/>\n\t<meta name=\"twitter:label2\" content=\"Dur\u00e9e de lecture estim\u00e9e\" \/>\n\t<meta name=\"twitter:data2\" content=\"2 minutes\" \/>\n<script type=\"application\/ld+json\" class=\"yoast-schema-graph\">{\"@context\":\"https:\\\/\\\/schema.org\",\"@graph\":[{\"@type\":\"NewsArticle\",\"@id\":\"https:\\\/\\\/www.webdo.tn\\\/fr\\\/actualite\\\/terrorisme\\\/crise-en-libye-mehdi-jomaa-veut-tunisie-soit-pays-transit-refuge\\\/180145\\\/#article\",\"isPartOf\":{\"@id\":\"https:\\\/\\\/www.webdo.tn\\\/fr\\\/actualite\\\/terrorisme\\\/crise-en-libye-mehdi-jomaa-veut-tunisie-soit-pays-transit-refuge\\\/180145\\\/\"},\"author\":{\"name\":\"webdo.tn\",\"@id\":\"https:\\\/\\\/www.webdo.tn\\\/fr\\\/#\\\/schema\\\/person\\\/9a9c6118d687c117df8ef3cc36a4d175\"},\"headline\":\"Crise en Libye : Mehdi Jomaa veut que la Tunisie soit un pays de transit et non de refuge\",\"datePublished\":\"2014-07-31T15:02:00+00:00\",\"dateModified\":\"2025-06-04T18:19:10+00:00\",\"mainEntityOfPage\":{\"@id\":\"https:\\\/\\\/www.webdo.tn\\\/fr\\\/actualite\\\/terrorisme\\\/crise-en-libye-mehdi-jomaa-veut-tunisie-soit-pays-transit-refuge\\\/180145\\\/\"},\"wordCount\":372,\"commentCount\":0,\"publisher\":{\"@id\":\"https:\\\/\\\/www.webdo.tn\\\/fr\\\/#organization\"},\"image\":{\"@id\":\"https:\\\/\\\/www.webdo.tn\\\/fr\\\/actualite\\\/terrorisme\\\/crise-en-libye-mehdi-jomaa-veut-tunisie-soit-pays-transit-refuge\\\/180145\\\/#primaryimage\"},\"thumbnailUrl\":\"https:\\\/\\\/www.webdo.tn\\\/fr\\\/wp-content\\\/uploads\\\/2025\\\/06\\\/Cellule-de-crise-31-juillet-20141_180145.jpg\",\"articleSection\":[\"Terrorisme\"],\"inLanguage\":\"fr-FR\"},{\"@type\":\"WebPage\",\"@id\":\"https:\\\/\\\/www.webdo.tn\\\/fr\\\/actualite\\\/terrorisme\\\/crise-en-libye-mehdi-jomaa-veut-tunisie-soit-pays-transit-refuge\\\/180145\\\/\",\"url\":\"https:\\\/\\\/www.webdo.tn\\\/fr\\\/actualite\\\/terrorisme\\\/crise-en-libye-mehdi-jomaa-veut-tunisie-soit-pays-transit-refuge\\\/180145\\\/\",\"name\":\"Crise en Libye : Mehdi Jomaa veut que la Tunisie soit un pays de transit et non de refuge\",\"isPartOf\":{\"@id\":\"https:\\\/\\\/www.webdo.tn\\\/fr\\\/#website\"},\"primaryImageOfPage\":{\"@id\":\"https:\\\/\\\/www.webdo.tn\\\/fr\\\/actualite\\\/terrorisme\\\/crise-en-libye-mehdi-jomaa-veut-tunisie-soit-pays-transit-refuge\\\/180145\\\/#primaryimage\"},\"image\":{\"@id\":\"https:\\\/\\\/www.webdo.tn\\\/fr\\\/actualite\\\/terrorisme\\\/crise-en-libye-mehdi-jomaa-veut-tunisie-soit-pays-transit-refuge\\\/180145\\\/#primaryimage\"},\"thumbnailUrl\":\"https:\\\/\\\/www.webdo.tn\\\/fr\\\/wp-content\\\/uploads\\\/2025\\\/06\\\/Cellule-de-crise-31-juillet-20141_180145.jpg\",\"datePublished\":\"2014-07-31T15:02:00+00:00\",\"dateModified\":\"2025-06-04T18:19:10+00:00\",\"description\":\"Crise en Libye : Mehdi Jomaa veut que la Tunisie soit un pays de transit et non de refuge\",\"breadcrumb\":{\"@id\":\"https:\\\/\\\/www.webdo.tn\\\/fr\\\/actualite\\\/terrorisme\\\/crise-en-libye-mehdi-jomaa-veut-tunisie-soit-pays-transit-refuge\\\/180145\\\/#breadcrumb\"},\"inLanguage\":\"fr-FR\",\"potentialAction\":[{\"@type\":\"ReadAction\",\"target\":[\"https:\\\/\\\/www.webdo.tn\\\/fr\\\/actualite\\\/terrorisme\\\/crise-en-libye-mehdi-jomaa-veut-tunisie-soit-pays-transit-refuge\\\/180145\\\/\"]}]},{\"@type\":\"ImageObject\",\"inLanguage\":\"fr-FR\",\"@id\":\"https:\\\/\\\/www.webdo.tn\\\/fr\\\/actualite\\\/terrorisme\\\/crise-en-libye-mehdi-jomaa-veut-tunisie-soit-pays-transit-refuge\\\/180145\\\/#primaryimage\",\"url\":\"https:\\\/\\\/www.webdo.tn\\\/fr\\\/wp-content\\\/uploads\\\/2025\\\/06\\\/Cellule-de-crise-31-juillet-20141_180145.jpg\",\"contentUrl\":\"https:\\\/\\\/www.webdo.tn\\\/fr\\\/wp-content\\\/uploads\\\/2025\\\/06\\\/Cellule-de-crise-31-juillet-20141_180145.jpg\",\"width\":395,\"height\":210,\"caption\":\"Crise en Libye : Mehdi Jomaa veut que la Tunisie soit un pays de transit et non de refuge\"},{\"@type\":\"BreadcrumbList\",\"@id\":\"https:\\\/\\\/www.webdo.tn\\\/fr\\\/actualite\\\/terrorisme\\\/crise-en-libye-mehdi-jomaa-veut-tunisie-soit-pays-transit-refuge\\\/180145\\\/#breadcrumb\",\"itemListElement\":[{\"@type\":\"ListItem\",\"position\":1,\"name\":\"Accueil\",\"item\":\"https:\\\/\\\/www.webdo.tn\\\/fr\\\/\"},{\"@type\":\"ListItem\",\"position\":2,\"name\":\"Crise en Libye : Mehdi Jomaa veut que la Tunisie soit un pays de transit et non de refuge\"}]},{\"@type\":\"WebSite\",\"@id\":\"https:\\\/\\\/www.webdo.tn\\\/fr\\\/#website\",\"url\":\"https:\\\/\\\/www.webdo.tn\\\/fr\\\/\",\"name\":\"webdo\",\"description\":\"Tunisie - News en Tunisie et \u00e0 l&#039;international sur Webdo.tn\",\"publisher\":{\"@id\":\"https:\\\/\\\/www.webdo.tn\\\/fr\\\/#organization\"},\"potentialAction\":[{\"@type\":\"SearchAction\",\"target\":{\"@type\":\"EntryPoint\",\"urlTemplate\":\"https:\\\/\\\/www.webdo.tn\\\/fr\\\/?s={search_term_string}\"},\"query-input\":{\"@type\":\"PropertyValueSpecification\",\"valueRequired\":true,\"valueName\":\"search_term_string\"}}],\"inLanguage\":\"fr-FR\"},{\"@type\":\"Organization\",\"@id\":\"https:\\\/\\\/www.webdo.tn\\\/fr\\\/#organization\",\"name\":\"Webdo\",\"alternateName\":\"Webdo.tn\",\"url\":\"https:\\\/\\\/www.webdo.tn\\\/fr\\\/\",\"logo\":{\"@type\":\"ImageObject\",\"inLanguage\":\"fr-FR\",\"@id\":\"https:\\\/\\\/www.webdo.tn\\\/fr\\\/#\\\/schema\\\/logo\\\/image\\\/\",\"url\":\"https:\\\/\\\/www.webdo.tn\\\/fr\\\/wp-content\\\/uploads\\\/2025\\\/06\\\/Webdo-Tunisie_168377.jpg\",\"contentUrl\":\"https:\\\/\\\/www.webdo.tn\\\/fr\\\/wp-content\\\/uploads\\\/2025\\\/06\\\/Webdo-Tunisie_168377.jpg\",\"width\":301,\"height\":301,\"caption\":\"Webdo\"},\"image\":{\"@id\":\"https:\\\/\\\/www.webdo.tn\\\/fr\\\/#\\\/schema\\\/logo\\\/image\\\/\"},\"sameAs\":[\"https:\\\/\\\/www.facebook.com\\\/webdotn\",\"https:\\\/\\\/x.com\\\/webdo_tn\"],\"description\":\"Webdo est un m\u00e9dia num\u00e9rique tunisien fond\u00e9 en 2010, sp\u00e9cialis\u00e9 dans l\u2019actualit\u00e9 nationale et internationale, l\u2019\u00e9conomie, la soci\u00e9t\u00e9 et les analyses politiques. Le site s\u2019adresse \u00e0 un large public francophone et couvre l\u2019information tunisienne en temps r\u00e9el.\",\"email\":\"redac@webdo.tn\",\"legalName\":\"YNJ SARL\",\"foundingDate\":\"2010-09-06\",\"numberOfEmployees\":{\"@type\":\"QuantitativeValue\",\"minValue\":\"11\",\"maxValue\":\"50\"}},{\"@type\":\"Person\",\"@id\":\"https:\\\/\\\/www.webdo.tn\\\/fr\\\/#\\\/schema\\\/person\\\/9a9c6118d687c117df8ef3cc36a4d175\",\"name\":\"webdo.tn\",\"image\":{\"@type\":\"ImageObject\",\"inLanguage\":\"fr-FR\",\"@id\":\"https:\\\/\\\/secure.gravatar.com\\\/avatar\\\/7ce1f28c0c3bbac99ff550b85ef8e44a6950c6ee24514fb6a5489e51d06f0298?s=96&d=mm&r=g\",\"url\":\"https:\\\/\\\/secure.gravatar.com\\\/avatar\\\/7ce1f28c0c3bbac99ff550b85ef8e44a6950c6ee24514fb6a5489e51d06f0298?s=96&d=mm&r=g\",\"contentUrl\":\"https:\\\/\\\/secure.gravatar.com\\\/avatar\\\/7ce1f28c0c3bbac99ff550b85ef8e44a6950c6ee24514fb6a5489e51d06f0298?s=96&d=mm&r=g\",\"caption\":\"webdo.tn\"},\"url\":\"https:\\\/\\\/www.webdo.tn\\\/fr\\\/actualite\\\/author\\\/webdotn\\\/\"}]}<\/script>\n<!-- \/ Yoast SEO Premium plugin. -->","yoast_head_json":{"title":"Crise en Libye : Mehdi Jomaa veut que la Tunisie soit un pays de transit et non de refuge","description":"Crise en Libye : Mehdi Jomaa veut que la Tunisie soit un pays de transit et non de refuge","canonical":"https:\/\/www.webdo.tn\/fr\/actualite\/terrorisme\/crise-en-libye-mehdi-jomaa-veut-tunisie-soit-pays-transit-refuge\/180145\/","og_locale":"fr_FR","og_type":"article","og_title":"Crise en Libye : Mehdi Jomaa veut que la Tunisie soit un pays de transit et non de refuge","og_description":"Crise en Libye : Mehdi Jomaa veut que la Tunisie soit un pays de transit et non de refuge","og_url":"https:\/\/www.webdo.tn\/fr\/actualite\/terrorisme\/crise-en-libye-mehdi-jomaa-veut-tunisie-soit-pays-transit-refuge\/180145\/","og_site_name":"webdo","article_publisher":"https:\/\/www.facebook.com\/webdotn","article_published_time":"2014-07-31T15:02:00+00:00","article_modified_time":"2025-06-04T18:19:10+00:00","author":"webdo.tn","twitter_card":"summary_large_image","twitter_creator":"@webdo_tn","twitter_site":"@webdo_tn","twitter_misc":{"\u00c9crit par":"webdo.tn","Dur\u00e9e de lecture estim\u00e9e":"2 minutes"},"schema":{"@context":"https:\/\/schema.org","@graph":[{"@type":"NewsArticle","@id":"https:\/\/www.webdo.tn\/fr\/actualite\/terrorisme\/crise-en-libye-mehdi-jomaa-veut-tunisie-soit-pays-transit-refuge\/180145\/#article","isPartOf":{"@id":"https:\/\/www.webdo.tn\/fr\/actualite\/terrorisme\/crise-en-libye-mehdi-jomaa-veut-tunisie-soit-pays-transit-refuge\/180145\/"},"author":{"name":"webdo.tn","@id":"https:\/\/www.webdo.tn\/fr\/#\/schema\/person\/9a9c6118d687c117df8ef3cc36a4d175"},"headline":"Crise en Libye : Mehdi Jomaa veut que la Tunisie soit un pays de transit et non de refuge","datePublished":"2014-07-31T15:02:00+00:00","dateModified":"2025-06-04T18:19:10+00:00","mainEntityOfPage":{"@id":"https:\/\/www.webdo.tn\/fr\/actualite\/terrorisme\/crise-en-libye-mehdi-jomaa-veut-tunisie-soit-pays-transit-refuge\/180145\/"},"wordCount":372,"commentCount":0,"publisher":{"@id":"https:\/\/www.webdo.tn\/fr\/#organization"},"image":{"@id":"https:\/\/www.webdo.tn\/fr\/actualite\/terrorisme\/crise-en-libye-mehdi-jomaa-veut-tunisie-soit-pays-transit-refuge\/180145\/#primaryimage"},"thumbnailUrl":"https:\/\/www.webdo.tn\/fr\/wp-content\/uploads\/2025\/06\/Cellule-de-crise-31-juillet-20141_180145.jpg","articleSection":["Terrorisme"],"inLanguage":"fr-FR"},{"@type":"WebPage","@id":"https:\/\/www.webdo.tn\/fr\/actualite\/terrorisme\/crise-en-libye-mehdi-jomaa-veut-tunisie-soit-pays-transit-refuge\/180145\/","url":"https:\/\/www.webdo.tn\/fr\/actualite\/terrorisme\/crise-en-libye-mehdi-jomaa-veut-tunisie-soit-pays-transit-refuge\/180145\/","name":"Crise en Libye : Mehdi Jomaa veut que la Tunisie soit un pays de transit et non de refuge","isPartOf":{"@id":"https:\/\/www.webdo.tn\/fr\/#website"},"primaryImageOfPage":{"@id":"https:\/\/www.webdo.tn\/fr\/actualite\/terrorisme\/crise-en-libye-mehdi-jomaa-veut-tunisie-soit-pays-transit-refuge\/180145\/#primaryimage"},"image":{"@id":"https:\/\/www.webdo.tn\/fr\/actualite\/terrorisme\/crise-en-libye-mehdi-jomaa-veut-tunisie-soit-pays-transit-refuge\/180145\/#primaryimage"},"thumbnailUrl":"https:\/\/www.webdo.tn\/fr\/wp-content\/uploads\/2025\/06\/Cellule-de-crise-31-juillet-20141_180145.jpg","datePublished":"2014-07-31T15:02:00+00:00","dateModified":"2025-06-04T18:19:10+00:00","description":"Crise en Libye : Mehdi Jomaa veut que la Tunisie soit un pays de transit et non de refuge","breadcrumb":{"@id":"https:\/\/www.webdo.tn\/fr\/actualite\/terrorisme\/crise-en-libye-mehdi-jomaa-veut-tunisie-soit-pays-transit-refuge\/180145\/#breadcrumb"},"inLanguage":"fr-FR","potentialAction":[{"@type":"ReadAction","target":["https:\/\/www.webdo.tn\/fr\/actualite\/terrorisme\/crise-en-libye-mehdi-jomaa-veut-tunisie-soit-pays-transit-refuge\/180145\/"]}]},{"@type":"ImageObject","inLanguage":"fr-FR","@id":"https:\/\/www.webdo.tn\/fr\/actualite\/terrorisme\/crise-en-libye-mehdi-jomaa-veut-tunisie-soit-pays-transit-refuge\/180145\/#primaryimage","url":"https:\/\/www.webdo.tn\/fr\/wp-content\/uploads\/2025\/06\/Cellule-de-crise-31-juillet-20141_180145.jpg","contentUrl":"https:\/\/www.webdo.tn\/fr\/wp-content\/uploads\/2025\/06\/Cellule-de-crise-31-juillet-20141_180145.jpg","width":395,"height":210,"caption":"Crise en Libye : Mehdi Jomaa veut que la Tunisie soit un pays de transit et non de refuge"},{"@type":"BreadcrumbList","@id":"https:\/\/www.webdo.tn\/fr\/actualite\/terrorisme\/crise-en-libye-mehdi-jomaa-veut-tunisie-soit-pays-transit-refuge\/180145\/#breadcrumb","itemListElement":[{"@type":"ListItem","position":1,"name":"Accueil","item":"https:\/\/www.webdo.tn\/fr\/"},{"@type":"ListItem","position":2,"name":"Crise en Libye : Mehdi Jomaa veut que la Tunisie soit un pays de transit et non de refuge"}]},{"@type":"WebSite","@id":"https:\/\/www.webdo.tn\/fr\/#website","url":"https:\/\/www.webdo.tn\/fr\/","name":"webdo","description":"Tunisie - News en Tunisie et \u00e0 l&#039;international sur Webdo.tn","publisher":{"@id":"https:\/\/www.webdo.tn\/fr\/#organization"},"potentialAction":[{"@type":"SearchAction","target":{"@type":"EntryPoint","urlTemplate":"https:\/\/www.webdo.tn\/fr\/?s={search_term_string}"},"query-input":{"@type":"PropertyValueSpecification","valueRequired":true,"valueName":"search_term_string"}}],"inLanguage":"fr-FR"},{"@type":"Organization","@id":"https:\/\/www.webdo.tn\/fr\/#organization","name":"Webdo","alternateName":"Webdo.tn","url":"https:\/\/www.webdo.tn\/fr\/","logo":{"@type":"ImageObject","inLanguage":"fr-FR","@id":"https:\/\/www.webdo.tn\/fr\/#\/schema\/logo\/image\/","url":"https:\/\/www.webdo.tn\/fr\/wp-content\/uploads\/2025\/06\/Webdo-Tunisie_168377.jpg","contentUrl":"https:\/\/www.webdo.tn\/fr\/wp-content\/uploads\/2025\/06\/Webdo-Tunisie_168377.jpg","width":301,"height":301,"caption":"Webdo"},"image":{"@id":"https:\/\/www.webdo.tn\/fr\/#\/schema\/logo\/image\/"},"sameAs":["https:\/\/www.facebook.com\/webdotn","https:\/\/x.com\/webdo_tn"],"description":"Webdo est un m\u00e9dia num\u00e9rique tunisien fond\u00e9 en 2010, sp\u00e9cialis\u00e9 dans l\u2019actualit\u00e9 nationale et internationale, l\u2019\u00e9conomie, la soci\u00e9t\u00e9 et les analyses politiques. Le site s\u2019adresse \u00e0 un large public francophone et couvre l\u2019information tunisienne en temps r\u00e9el.","email":"redac@webdo.tn","legalName":"YNJ SARL","foundingDate":"2010-09-06","numberOfEmployees":{"@type":"QuantitativeValue","minValue":"11","maxValue":"50"}},{"@type":"Person","@id":"https:\/\/www.webdo.tn\/fr\/#\/schema\/person\/9a9c6118d687c117df8ef3cc36a4d175","name":"webdo.tn","image":{"@type":"ImageObject","inLanguage":"fr-FR","@id":"https:\/\/secure.gravatar.com\/avatar\/7ce1f28c0c3bbac99ff550b85ef8e44a6950c6ee24514fb6a5489e51d06f0298?s=96&d=mm&r=g","url":"https:\/\/secure.gravatar.com\/avatar\/7ce1f28c0c3bbac99ff550b85ef8e44a6950c6ee24514fb6a5489e51d06f0298?s=96&d=mm&r=g","contentUrl":"https:\/\/secure.gravatar.com\/avatar\/7ce1f28c0c3bbac99ff550b85ef8e44a6950c6ee24514fb6a5489e51d06f0298?s=96&d=mm&r=g","caption":"webdo.tn"},"url":"https:\/\/www.webdo.tn\/fr\/actualite\/author\/webdotn\/"}]}},"_links":{"self":[{"href":"https:\/\/www.webdo.tn\/fr\/wp-json\/wp\/v2\/posts\/180145","targetHints":{"allow":["GET"]}}],"collection":[{"href":"https:\/\/www.webdo.tn\/fr\/wp-json\/wp\/v2\/posts"}],"about":[{"href":"https:\/\/www.webdo.tn\/fr\/wp-json\/wp\/v2\/types\/post"}],"author":[{"embeddable":true,"href":"https:\/\/www.webdo.tn\/fr\/wp-json\/wp\/v2\/users\/3222"}],"replies":[{"embeddable":true,"href":"https:\/\/www.webdo.tn\/fr\/wp-json\/wp\/v2\/comments?post=180145"}],"version-history":[{"count":0,"href":"https:\/\/www.webdo.tn\/fr\/wp-json\/wp\/v2\/posts\/180145\/revisions"}],"wp:featuredmedia":[{"embeddable":true,"href":"https:\/\/www.webdo.tn\/fr\/wp-json\/wp\/v2\/media\/373774"}],"wp:attachment":[{"href":"https:\/\/www.webdo.tn\/fr\/wp-json\/wp\/v2\/media?parent=180145"}],"wp:term":[{"taxonomy":"category","embeddable":true,"href":"https:\/\/www.webdo.tn\/fr\/wp-json\/wp\/v2\/categories?post=180145"},{"taxonomy":"post_tag","embeddable":true,"href":"https:\/\/www.webdo.tn\/fr\/wp-json\/wp\/v2\/tags?post=180145"}],"curies":[{"name":"wp","href":"https:\/\/api.w.org\/{rel}","templated":true}]}}