{"id":180144,"date":"2014-07-31T17:27:00","date_gmt":"2014-07-31T17:27:00","guid":{"rendered":"https:\/\/www.webdo.tn\/fr\/blog\/tunisie-afif-amouri-lun-leaders-dansar-charia-arrete-regueb\/184542\/"},"modified":"2025-06-04T18:19:08","modified_gmt":"2025-06-04T18:19:08","slug":"tunisie-afif-amouri-lun-leaders-dansar-charia-arrete-regueb-3","status":"publish","type":"post","link":"https:\/\/www.webdo.tn\/fr\/actualite\/terrorisme\/tunisie-afif-amouri-lun-leaders-dansar-charia-arrete-regueb-3\/180144\/","title":{"rendered":"Afif Amouri, l&rsquo;un des leaders d&rsquo;Ansar Charia, arr\u00eat\u00e9 \u00e0 Regueb"},"content":{"rendered":"<p>Le minist\u00e8re de l&rsquo;Int\u00e9rieur a annonc\u00e9 ce jeudi 31 juillet que Afif Amouri, qualifi\u00e9 de \u00ab\u00a0dangereux terroriste\u00a0\u00bb,\u00a0l&rsquo;un des dirigeants de l&rsquo;organisation interdite Ansar Charia,\u00a0a \u00e9t\u00e9\u00a0arr\u00eat\u00e9 \u00e0 R\u00e9gueb (gouvernorat de Sidi Bouzid) par l&rsquo;Unit\u00e9 nationale d&rsquo;enqu\u00eate sur les\u00a0crimes de terrorisme, en collaboration avec la Garde nationale.<\/p>\n<p>D&rsquo;apr\u00e8s radio SabraFM qui diffuse de la ville du Kairouan, Afif Amouri serait le deuxi\u00e8me porte-parole d&rsquo;Ansar Charia, apr\u00e8s Seif Eddine Rais. L&rsquo;arrestation a eu lieu hier soir vers 21h apr\u00e8s\u00a0coordination avec\u00a0le tribunal de Premi\u00e8re instance de Tunis.<\/p>\n<p>Il serait recherch\u00e9 pour des affaires de terrorisme et d&rsquo;attentats, selon le minist\u00e8re.<\/p>\n<p>Rappelons que Rais a \u00e9t\u00e9 lui-aussi arr\u00eat\u00e9 ce mardi 29 juillet. Transf\u00e9r\u00e9 \u00e0 Gorjeni, il est actuellement en garde \u00e0 vue.<\/p>\n","protected":false},"excerpt":{"rendered":"<p>Afif Amouri, l&rsquo;un des leaders d&rsquo;Ansar Charia, arr\u00eat\u00e9 \u00e0 Regueb <\/p>\n","protected":false},"author":3222,"featured_media":320786,"comment_status":"open","ping_status":"closed","sticky":false,"template":"","format":"standard","meta":{"footnotes":""},"categories":[11342],"tags":[],"class_list":["post-180144","post","type-post","status-publish","format-standard","has-post-thumbnail","hentry","category-terrorisme"],"yoast_head":"<!-- This site is optimized with the Yoast SEO Premium plugin v27.5 (Yoast SEO v27.5) - https:\/\/yoast.com\/product\/yoast-seo-premium-wordpress\/ -->\n<title>Afif Amouri, l&#039;un des leaders d&#039;Ansar Charia, arr\u00eat\u00e9 \u00e0 Regueb<\/title>\n<meta name=\"description\" content=\"Afif Amouri, l&#039;un des leaders d&#039;Ansar Charia, arr\u00eat\u00e9 \u00e0 Regueb\" \/>\n<link rel=\"canonical\" href=\"https:\/\/www.webdo.tn\/fr\/actualite\/terrorisme\/tunisie-afif-amouri-lun-leaders-dansar-charia-arrete-regueb-3\/180144\/\" \/>\n<meta property=\"og:locale\" content=\"fr_FR\" \/>\n<meta property=\"og:type\" content=\"article\" \/>\n<meta property=\"og:title\" content=\"Afif Amouri, l&#039;un des leaders d&#039;Ansar Charia, arr\u00eat\u00e9 \u00e0 Regueb\" \/>\n<meta property=\"og:description\" content=\"Afif Amouri, l&#039;un des leaders d&#039;Ansar Charia, arr\u00eat\u00e9 \u00e0 Regueb\" \/>\n<meta property=\"og:url\" content=\"https:\/\/www.webdo.tn\/fr\/actualite\/terrorisme\/tunisie-afif-amouri-lun-leaders-dansar-charia-arrete-regueb-3\/180144\/\" \/>\n<meta property=\"og:site_name\" content=\"webdo\" \/>\n<meta property=\"article:publisher\" content=\"https:\/\/www.facebook.com\/webdotn\" \/>\n<meta property=\"article:published_time\" content=\"2014-07-31T17:27:00+00:00\" \/>\n<meta property=\"article:modified_time\" content=\"2025-06-04T18:19:08+00:00\" \/>\n<meta property=\"og:image\" content=\"https:\/\/www.webdo.tn\/fr\/wp-content\/uploads\/2014\/07\/ministere-de-l-interieur-300x217-1.jpg\" \/>\n\t<meta property=\"og:image:width\" content=\"300\" \/>\n\t<meta property=\"og:image:height\" content=\"217\" \/>\n\t<meta property=\"og:image:type\" content=\"image\/jpeg\" \/>\n<meta name=\"author\" content=\"webdo.tn\" \/>\n<meta name=\"twitter:card\" content=\"summary_large_image\" \/>\n<meta name=\"twitter:creator\" content=\"@webdo_tn\" \/>\n<meta name=\"twitter:site\" content=\"@webdo_tn\" \/>\n<meta name=\"twitter:label1\" content=\"\u00c9crit par\" \/>\n\t<meta name=\"twitter:data1\" content=\"webdo.tn\" \/>\n\t<meta name=\"twitter:label2\" content=\"Dur\u00e9e de lecture estim\u00e9e\" \/>\n\t<meta name=\"twitter:data2\" content=\"1 minute\" \/>\n<script type=\"application\/ld+json\" class=\"yoast-schema-graph\">{\"@context\":\"https:\\\/\\\/schema.org\",\"@graph\":[{\"@type\":\"NewsArticle\",\"@id\":\"https:\\\/\\\/www.webdo.tn\\\/fr\\\/actualite\\\/terrorisme\\\/tunisie-afif-amouri-lun-leaders-dansar-charia-arrete-regueb-3\\\/180144\\\/#article\",\"isPartOf\":{\"@id\":\"https:\\\/\\\/www.webdo.tn\\\/fr\\\/actualite\\\/terrorisme\\\/tunisie-afif-amouri-lun-leaders-dansar-charia-arrete-regueb-3\\\/180144\\\/\"},\"author\":{\"name\":\"webdo.tn\",\"@id\":\"https:\\\/\\\/www.webdo.tn\\\/fr\\\/#\\\/schema\\\/person\\\/9a9c6118d687c117df8ef3cc36a4d175\"},\"headline\":\"Afif Amouri, l&rsquo;un des leaders d&rsquo;Ansar Charia, arr\u00eat\u00e9 \u00e0 Regueb\",\"datePublished\":\"2014-07-31T17:27:00+00:00\",\"dateModified\":\"2025-06-04T18:19:08+00:00\",\"mainEntityOfPage\":{\"@id\":\"https:\\\/\\\/www.webdo.tn\\\/fr\\\/actualite\\\/terrorisme\\\/tunisie-afif-amouri-lun-leaders-dansar-charia-arrete-regueb-3\\\/180144\\\/\"},\"wordCount\":152,\"commentCount\":0,\"publisher\":{\"@id\":\"https:\\\/\\\/www.webdo.tn\\\/fr\\\/#organization\"},\"image\":{\"@id\":\"https:\\\/\\\/www.webdo.tn\\\/fr\\\/actualite\\\/terrorisme\\\/tunisie-afif-amouri-lun-leaders-dansar-charia-arrete-regueb-3\\\/180144\\\/#primaryimage\"},\"thumbnailUrl\":\"https:\\\/\\\/www.webdo.tn\\\/fr\\\/wp-content\\\/uploads\\\/2014\\\/07\\\/ministere-de-l-interieur-300x217-1.jpg\",\"articleSection\":[\"Terrorisme\"],\"inLanguage\":\"fr-FR\"},{\"@type\":\"WebPage\",\"@id\":\"https:\\\/\\\/www.webdo.tn\\\/fr\\\/actualite\\\/terrorisme\\\/tunisie-afif-amouri-lun-leaders-dansar-charia-arrete-regueb-3\\\/180144\\\/\",\"url\":\"https:\\\/\\\/www.webdo.tn\\\/fr\\\/actualite\\\/terrorisme\\\/tunisie-afif-amouri-lun-leaders-dansar-charia-arrete-regueb-3\\\/180144\\\/\",\"name\":\"Afif Amouri, l'un des leaders d'Ansar Charia, arr\u00eat\u00e9 \u00e0 Regueb\",\"isPartOf\":{\"@id\":\"https:\\\/\\\/www.webdo.tn\\\/fr\\\/#website\"},\"primaryImageOfPage\":{\"@id\":\"https:\\\/\\\/www.webdo.tn\\\/fr\\\/actualite\\\/terrorisme\\\/tunisie-afif-amouri-lun-leaders-dansar-charia-arrete-regueb-3\\\/180144\\\/#primaryimage\"},\"image\":{\"@id\":\"https:\\\/\\\/www.webdo.tn\\\/fr\\\/actualite\\\/terrorisme\\\/tunisie-afif-amouri-lun-leaders-dansar-charia-arrete-regueb-3\\\/180144\\\/#primaryimage\"},\"thumbnailUrl\":\"https:\\\/\\\/www.webdo.tn\\\/fr\\\/wp-content\\\/uploads\\\/2014\\\/07\\\/ministere-de-l-interieur-300x217-1.jpg\",\"datePublished\":\"2014-07-31T17:27:00+00:00\",\"dateModified\":\"2025-06-04T18:19:08+00:00\",\"description\":\"Afif Amouri, l'un des leaders d'Ansar Charia, arr\u00eat\u00e9 \u00e0 Regueb\",\"breadcrumb\":{\"@id\":\"https:\\\/\\\/www.webdo.tn\\\/fr\\\/actualite\\\/terrorisme\\\/tunisie-afif-amouri-lun-leaders-dansar-charia-arrete-regueb-3\\\/180144\\\/#breadcrumb\"},\"inLanguage\":\"fr-FR\",\"potentialAction\":[{\"@type\":\"ReadAction\",\"target\":[\"https:\\\/\\\/www.webdo.tn\\\/fr\\\/actualite\\\/terrorisme\\\/tunisie-afif-amouri-lun-leaders-dansar-charia-arrete-regueb-3\\\/180144\\\/\"]}]},{\"@type\":\"ImageObject\",\"inLanguage\":\"fr-FR\",\"@id\":\"https:\\\/\\\/www.webdo.tn\\\/fr\\\/actualite\\\/terrorisme\\\/tunisie-afif-amouri-lun-leaders-dansar-charia-arrete-regueb-3\\\/180144\\\/#primaryimage\",\"url\":\"https:\\\/\\\/www.webdo.tn\\\/fr\\\/wp-content\\\/uploads\\\/2014\\\/07\\\/ministere-de-l-interieur-300x217-1.jpg\",\"contentUrl\":\"https:\\\/\\\/www.webdo.tn\\\/fr\\\/wp-content\\\/uploads\\\/2014\\\/07\\\/ministere-de-l-interieur-300x217-1.jpg\",\"width\":300,\"height\":217,\"caption\":\"Afif Amouri, l'un des leaders d'Ansar Charia, arr\u00eat\u00e9 \u00e0 Regueb\"},{\"@type\":\"BreadcrumbList\",\"@id\":\"https:\\\/\\\/www.webdo.tn\\\/fr\\\/actualite\\\/terrorisme\\\/tunisie-afif-amouri-lun-leaders-dansar-charia-arrete-regueb-3\\\/180144\\\/#breadcrumb\",\"itemListElement\":[{\"@type\":\"ListItem\",\"position\":1,\"name\":\"Accueil\",\"item\":\"https:\\\/\\\/www.webdo.tn\\\/fr\\\/\"},{\"@type\":\"ListItem\",\"position\":2,\"name\":\"Afif Amouri, l&rsquo;un des leaders d&rsquo;Ansar Charia, arr\u00eat\u00e9 \u00e0 Regueb\"}]},{\"@type\":\"WebSite\",\"@id\":\"https:\\\/\\\/www.webdo.tn\\\/fr\\\/#website\",\"url\":\"https:\\\/\\\/www.webdo.tn\\\/fr\\\/\",\"name\":\"webdo\",\"description\":\"Tunisie - News en Tunisie et \u00e0 l&#039;international sur Webdo.tn\",\"publisher\":{\"@id\":\"https:\\\/\\\/www.webdo.tn\\\/fr\\\/#organization\"},\"potentialAction\":[{\"@type\":\"SearchAction\",\"target\":{\"@type\":\"EntryPoint\",\"urlTemplate\":\"https:\\\/\\\/www.webdo.tn\\\/fr\\\/?s={search_term_string}\"},\"query-input\":{\"@type\":\"PropertyValueSpecification\",\"valueRequired\":true,\"valueName\":\"search_term_string\"}}],\"inLanguage\":\"fr-FR\"},{\"@type\":\"Organization\",\"@id\":\"https:\\\/\\\/www.webdo.tn\\\/fr\\\/#organization\",\"name\":\"Webdo\",\"alternateName\":\"Webdo.tn\",\"url\":\"https:\\\/\\\/www.webdo.tn\\\/fr\\\/\",\"logo\":{\"@type\":\"ImageObject\",\"inLanguage\":\"fr-FR\",\"@id\":\"https:\\\/\\\/www.webdo.tn\\\/fr\\\/#\\\/schema\\\/logo\\\/image\\\/\",\"url\":\"https:\\\/\\\/www.webdo.tn\\\/fr\\\/wp-content\\\/uploads\\\/2025\\\/06\\\/Webdo-Tunisie_168377.jpg\",\"contentUrl\":\"https:\\\/\\\/www.webdo.tn\\\/fr\\\/wp-content\\\/uploads\\\/2025\\\/06\\\/Webdo-Tunisie_168377.jpg\",\"width\":301,\"height\":301,\"caption\":\"Webdo\"},\"image\":{\"@id\":\"https:\\\/\\\/www.webdo.tn\\\/fr\\\/#\\\/schema\\\/logo\\\/image\\\/\"},\"sameAs\":[\"https:\\\/\\\/www.facebook.com\\\/webdotn\",\"https:\\\/\\\/x.com\\\/webdo_tn\"],\"description\":\"Webdo est un m\u00e9dia num\u00e9rique tunisien fond\u00e9 en 2010, sp\u00e9cialis\u00e9 dans l\u2019actualit\u00e9 nationale et internationale, l\u2019\u00e9conomie, la soci\u00e9t\u00e9 et les analyses politiques. Le site s\u2019adresse \u00e0 un large public francophone et couvre l\u2019information tunisienne en temps r\u00e9el.\",\"email\":\"redac@webdo.tn\",\"legalName\":\"YNJ SARL\",\"foundingDate\":\"2010-09-06\",\"numberOfEmployees\":{\"@type\":\"QuantitativeValue\",\"minValue\":\"11\",\"maxValue\":\"50\"}},{\"@type\":\"Person\",\"@id\":\"https:\\\/\\\/www.webdo.tn\\\/fr\\\/#\\\/schema\\\/person\\\/9a9c6118d687c117df8ef3cc36a4d175\",\"name\":\"webdo.tn\",\"image\":{\"@type\":\"ImageObject\",\"inLanguage\":\"fr-FR\",\"@id\":\"https:\\\/\\\/secure.gravatar.com\\\/avatar\\\/7ce1f28c0c3bbac99ff550b85ef8e44a6950c6ee24514fb6a5489e51d06f0298?s=96&d=mm&r=g\",\"url\":\"https:\\\/\\\/secure.gravatar.com\\\/avatar\\\/7ce1f28c0c3bbac99ff550b85ef8e44a6950c6ee24514fb6a5489e51d06f0298?s=96&d=mm&r=g\",\"contentUrl\":\"https:\\\/\\\/secure.gravatar.com\\\/avatar\\\/7ce1f28c0c3bbac99ff550b85ef8e44a6950c6ee24514fb6a5489e51d06f0298?s=96&d=mm&r=g\",\"caption\":\"webdo.tn\"},\"url\":\"https:\\\/\\\/www.webdo.tn\\\/fr\\\/actualite\\\/author\\\/webdotn\\\/\"}]}<\/script>\n<!-- \/ Yoast SEO Premium plugin. -->","yoast_head_json":{"title":"Afif Amouri, l'un des leaders d'Ansar Charia, arr\u00eat\u00e9 \u00e0 Regueb","description":"Afif Amouri, l'un des leaders d'Ansar Charia, arr\u00eat\u00e9 \u00e0 Regueb","canonical":"https:\/\/www.webdo.tn\/fr\/actualite\/terrorisme\/tunisie-afif-amouri-lun-leaders-dansar-charia-arrete-regueb-3\/180144\/","og_locale":"fr_FR","og_type":"article","og_title":"Afif Amouri, l'un des leaders d'Ansar Charia, arr\u00eat\u00e9 \u00e0 Regueb","og_description":"Afif Amouri, l'un des leaders d'Ansar Charia, arr\u00eat\u00e9 \u00e0 Regueb","og_url":"https:\/\/www.webdo.tn\/fr\/actualite\/terrorisme\/tunisie-afif-amouri-lun-leaders-dansar-charia-arrete-regueb-3\/180144\/","og_site_name":"webdo","article_publisher":"https:\/\/www.facebook.com\/webdotn","article_published_time":"2014-07-31T17:27:00+00:00","article_modified_time":"2025-06-04T18:19:08+00:00","og_image":[{"width":300,"height":217,"url":"https:\/\/www.webdo.tn\/fr\/wp-content\/uploads\/2014\/07\/ministere-de-l-interieur-300x217-1.jpg","type":"image\/jpeg"}],"author":"webdo.tn","twitter_card":"summary_large_image","twitter_creator":"@webdo_tn","twitter_site":"@webdo_tn","twitter_misc":{"\u00c9crit par":"webdo.tn","Dur\u00e9e de lecture estim\u00e9e":"1 minute"},"schema":{"@context":"https:\/\/schema.org","@graph":[{"@type":"NewsArticle","@id":"https:\/\/www.webdo.tn\/fr\/actualite\/terrorisme\/tunisie-afif-amouri-lun-leaders-dansar-charia-arrete-regueb-3\/180144\/#article","isPartOf":{"@id":"https:\/\/www.webdo.tn\/fr\/actualite\/terrorisme\/tunisie-afif-amouri-lun-leaders-dansar-charia-arrete-regueb-3\/180144\/"},"author":{"name":"webdo.tn","@id":"https:\/\/www.webdo.tn\/fr\/#\/schema\/person\/9a9c6118d687c117df8ef3cc36a4d175"},"headline":"Afif Amouri, l&rsquo;un des leaders d&rsquo;Ansar Charia, arr\u00eat\u00e9 \u00e0 Regueb","datePublished":"2014-07-31T17:27:00+00:00","dateModified":"2025-06-04T18:19:08+00:00","mainEntityOfPage":{"@id":"https:\/\/www.webdo.tn\/fr\/actualite\/terrorisme\/tunisie-afif-amouri-lun-leaders-dansar-charia-arrete-regueb-3\/180144\/"},"wordCount":152,"commentCount":0,"publisher":{"@id":"https:\/\/www.webdo.tn\/fr\/#organization"},"image":{"@id":"https:\/\/www.webdo.tn\/fr\/actualite\/terrorisme\/tunisie-afif-amouri-lun-leaders-dansar-charia-arrete-regueb-3\/180144\/#primaryimage"},"thumbnailUrl":"https:\/\/www.webdo.tn\/fr\/wp-content\/uploads\/2014\/07\/ministere-de-l-interieur-300x217-1.jpg","articleSection":["Terrorisme"],"inLanguage":"fr-FR"},{"@type":"WebPage","@id":"https:\/\/www.webdo.tn\/fr\/actualite\/terrorisme\/tunisie-afif-amouri-lun-leaders-dansar-charia-arrete-regueb-3\/180144\/","url":"https:\/\/www.webdo.tn\/fr\/actualite\/terrorisme\/tunisie-afif-amouri-lun-leaders-dansar-charia-arrete-regueb-3\/180144\/","name":"Afif Amouri, l'un des leaders d'Ansar Charia, arr\u00eat\u00e9 \u00e0 Regueb","isPartOf":{"@id":"https:\/\/www.webdo.tn\/fr\/#website"},"primaryImageOfPage":{"@id":"https:\/\/www.webdo.tn\/fr\/actualite\/terrorisme\/tunisie-afif-amouri-lun-leaders-dansar-charia-arrete-regueb-3\/180144\/#primaryimage"},"image":{"@id":"https:\/\/www.webdo.tn\/fr\/actualite\/terrorisme\/tunisie-afif-amouri-lun-leaders-dansar-charia-arrete-regueb-3\/180144\/#primaryimage"},"thumbnailUrl":"https:\/\/www.webdo.tn\/fr\/wp-content\/uploads\/2014\/07\/ministere-de-l-interieur-300x217-1.jpg","datePublished":"2014-07-31T17:27:00+00:00","dateModified":"2025-06-04T18:19:08+00:00","description":"Afif Amouri, l'un des leaders d'Ansar Charia, arr\u00eat\u00e9 \u00e0 Regueb","breadcrumb":{"@id":"https:\/\/www.webdo.tn\/fr\/actualite\/terrorisme\/tunisie-afif-amouri-lun-leaders-dansar-charia-arrete-regueb-3\/180144\/#breadcrumb"},"inLanguage":"fr-FR","potentialAction":[{"@type":"ReadAction","target":["https:\/\/www.webdo.tn\/fr\/actualite\/terrorisme\/tunisie-afif-amouri-lun-leaders-dansar-charia-arrete-regueb-3\/180144\/"]}]},{"@type":"ImageObject","inLanguage":"fr-FR","@id":"https:\/\/www.webdo.tn\/fr\/actualite\/terrorisme\/tunisie-afif-amouri-lun-leaders-dansar-charia-arrete-regueb-3\/180144\/#primaryimage","url":"https:\/\/www.webdo.tn\/fr\/wp-content\/uploads\/2014\/07\/ministere-de-l-interieur-300x217-1.jpg","contentUrl":"https:\/\/www.webdo.tn\/fr\/wp-content\/uploads\/2014\/07\/ministere-de-l-interieur-300x217-1.jpg","width":300,"height":217,"caption":"Afif Amouri, l'un des leaders d'Ansar Charia, arr\u00eat\u00e9 \u00e0 Regueb"},{"@type":"BreadcrumbList","@id":"https:\/\/www.webdo.tn\/fr\/actualite\/terrorisme\/tunisie-afif-amouri-lun-leaders-dansar-charia-arrete-regueb-3\/180144\/#breadcrumb","itemListElement":[{"@type":"ListItem","position":1,"name":"Accueil","item":"https:\/\/www.webdo.tn\/fr\/"},{"@type":"ListItem","position":2,"name":"Afif Amouri, l&rsquo;un des leaders d&rsquo;Ansar Charia, arr\u00eat\u00e9 \u00e0 Regueb"}]},{"@type":"WebSite","@id":"https:\/\/www.webdo.tn\/fr\/#website","url":"https:\/\/www.webdo.tn\/fr\/","name":"webdo","description":"Tunisie - News en Tunisie et \u00e0 l&#039;international sur Webdo.tn","publisher":{"@id":"https:\/\/www.webdo.tn\/fr\/#organization"},"potentialAction":[{"@type":"SearchAction","target":{"@type":"EntryPoint","urlTemplate":"https:\/\/www.webdo.tn\/fr\/?s={search_term_string}"},"query-input":{"@type":"PropertyValueSpecification","valueRequired":true,"valueName":"search_term_string"}}],"inLanguage":"fr-FR"},{"@type":"Organization","@id":"https:\/\/www.webdo.tn\/fr\/#organization","name":"Webdo","alternateName":"Webdo.tn","url":"https:\/\/www.webdo.tn\/fr\/","logo":{"@type":"ImageObject","inLanguage":"fr-FR","@id":"https:\/\/www.webdo.tn\/fr\/#\/schema\/logo\/image\/","url":"https:\/\/www.webdo.tn\/fr\/wp-content\/uploads\/2025\/06\/Webdo-Tunisie_168377.jpg","contentUrl":"https:\/\/www.webdo.tn\/fr\/wp-content\/uploads\/2025\/06\/Webdo-Tunisie_168377.jpg","width":301,"height":301,"caption":"Webdo"},"image":{"@id":"https:\/\/www.webdo.tn\/fr\/#\/schema\/logo\/image\/"},"sameAs":["https:\/\/www.facebook.com\/webdotn","https:\/\/x.com\/webdo_tn"],"description":"Webdo est un m\u00e9dia num\u00e9rique tunisien fond\u00e9 en 2010, sp\u00e9cialis\u00e9 dans l\u2019actualit\u00e9 nationale et internationale, l\u2019\u00e9conomie, la soci\u00e9t\u00e9 et les analyses politiques. Le site s\u2019adresse \u00e0 un large public francophone et couvre l\u2019information tunisienne en temps r\u00e9el.","email":"redac@webdo.tn","legalName":"YNJ SARL","foundingDate":"2010-09-06","numberOfEmployees":{"@type":"QuantitativeValue","minValue":"11","maxValue":"50"}},{"@type":"Person","@id":"https:\/\/www.webdo.tn\/fr\/#\/schema\/person\/9a9c6118d687c117df8ef3cc36a4d175","name":"webdo.tn","image":{"@type":"ImageObject","inLanguage":"fr-FR","@id":"https:\/\/secure.gravatar.com\/avatar\/7ce1f28c0c3bbac99ff550b85ef8e44a6950c6ee24514fb6a5489e51d06f0298?s=96&d=mm&r=g","url":"https:\/\/secure.gravatar.com\/avatar\/7ce1f28c0c3bbac99ff550b85ef8e44a6950c6ee24514fb6a5489e51d06f0298?s=96&d=mm&r=g","contentUrl":"https:\/\/secure.gravatar.com\/avatar\/7ce1f28c0c3bbac99ff550b85ef8e44a6950c6ee24514fb6a5489e51d06f0298?s=96&d=mm&r=g","caption":"webdo.tn"},"url":"https:\/\/www.webdo.tn\/fr\/actualite\/author\/webdotn\/"}]}},"_links":{"self":[{"href":"https:\/\/www.webdo.tn\/fr\/wp-json\/wp\/v2\/posts\/180144","targetHints":{"allow":["GET"]}}],"collection":[{"href":"https:\/\/www.webdo.tn\/fr\/wp-json\/wp\/v2\/posts"}],"about":[{"href":"https:\/\/www.webdo.tn\/fr\/wp-json\/wp\/v2\/types\/post"}],"author":[{"embeddable":true,"href":"https:\/\/www.webdo.tn\/fr\/wp-json\/wp\/v2\/users\/3222"}],"replies":[{"embeddable":true,"href":"https:\/\/www.webdo.tn\/fr\/wp-json\/wp\/v2\/comments?post=180144"}],"version-history":[{"count":0,"href":"https:\/\/www.webdo.tn\/fr\/wp-json\/wp\/v2\/posts\/180144\/revisions"}],"wp:featuredmedia":[{"embeddable":true,"href":"https:\/\/www.webdo.tn\/fr\/wp-json\/wp\/v2\/media\/320786"}],"wp:attachment":[{"href":"https:\/\/www.webdo.tn\/fr\/wp-json\/wp\/v2\/media?parent=180144"}],"wp:term":[{"taxonomy":"category","embeddable":true,"href":"https:\/\/www.webdo.tn\/fr\/wp-json\/wp\/v2\/categories?post=180144"},{"taxonomy":"post_tag","embeddable":true,"href":"https:\/\/www.webdo.tn\/fr\/wp-json\/wp\/v2\/tags?post=180144"}],"curies":[{"name":"wp","href":"https:\/\/api.w.org\/{rel}","templated":true}]}}