{"id":180143,"date":"2014-07-31T18:56:00","date_gmt":"2014-07-31T18:56:00","guid":{"rendered":"https:\/\/www.webdo.tn\/fr\/blog\/afif-amouri-leader-dansar-charia-lie-lassassinat-chokri-belaid\/168723\/"},"modified":"2025-05-22T13:08:16","modified_gmt":"2025-05-22T13:08:16","slug":"afif-amouri-leader-dansar-charia-lie-lassassinat-chokri-belaid","status":"publish","type":"post","link":"https:\/\/www.webdo.tn\/fr\/actualite\/terrorisme\/afif-amouri-leader-dansar-charia-lie-lassassinat-chokri-belaid\/180143\/","title":{"rendered":"Afif Amouri, leader d&rsquo;Ansar Charia, serait li\u00e9 \u00e0 l&rsquo;assassinat de Chokri Belaid"},"content":{"rendered":"<p>Le minist\u00e8re de l&rsquo;Int\u00e9rieur a annonc\u00e9 ce jeudi 31 juillet que\u00a0Afif Amouri, qualifi\u00e9 de \u00ab\u00a0dangereux terroriste\u00a0\u00bb,\u00a0l&rsquo;un des dirigeants de l&rsquo;organisation interdite Ansar Charia,\u00a0a \u00e9t\u00e9\u00a0arr\u00eat\u00e9 \u00e0 Regueb, dans le gouvernorat de Sidi Bouzid.<\/p>\n<p>Afif Amouri, deuxi\u00e8me porte-parole d&rsquo;Ansar Charia\u00a0<\/p>\n<p>D&rsquo;apr\u00e8s radio SabraFM, qui diffuse depuis la ville de Kairouan, Afif Amouri serait\u00a0est le deuxi\u00e8me porte-parole\u00a0 le deuxi\u00e8me responsable de la communication d&rsquo;Ansar Charia, apr\u00e8s Seif Eddine Rais, ex-porte-parole depuis l&rsquo;interdiction de l&rsquo;organisation selon son avocate.<\/p>\n<p>L&rsquo;arrestation a eu lieu hier soir vers 21h apr\u00e8s\u00a0coordination avec\u00a0le tribunal de Premi\u00e8re instance de Tunis.\u00a0Il serait recherch\u00e9 pour des affaires de terrorisme et d&rsquo;attentats, selon le minist\u00e8re.<\/p>\n<p>MAJ 20 h : Sur Crowdleak.info, le journaliste Ramzi Bettaieb a publi\u00e9 un document de l&rsquo;Unit\u00e9 nationale d&rsquo;enqu\u00eate sur les crimes de terrorisme d\u00e9signant Amouri comme le responsable de la communication d&rsquo;Ansar Charia.<\/p>\n<p>Rappelons que Rais a \u00e9t\u00e9 lui-aussi arr\u00eat\u00e9 ce mardi 29 juillet. Transf\u00e9r\u00e9 \u00e0 Gorjeni, il est actuellement en garde \u00e0 vue.<\/p>\n<p>\u00a0<\/p>\n<p>Le nom de Afif Amouri mentionn\u00e9 par l&rsquo;IRVA au sujet de\u00a0l&rsquo;assassinat de Chokri Belaid<\/p>\n<p>Lors de sa conf\u00e9rence au mois de f\u00e9vrier 2014, l&rsquo;\u00a0IRVA (Initiative pour la Recherche de la V\u00e9rit\u00e9 sur l&rsquo;Assassinat de\u00a0Chokri Bela\u00efd) a accus\u00e9 le minist\u00e8re de l&rsquo;Int\u00e9rieur d&rsquo;avoir dissimul\u00e9 le nom de Afif Amouri.<\/p>\n<p>Ce dernier a\u00a0\u00e9t\u00e9 mentionn\u00e9 dans le rapport de Adel Arfaoui, chef de la direction de lutte contre le terrorisme, qui a notifi\u00e9 sa relation avec Yasser Moualhi, un autre criminel impliqu\u00e9 dans l&rsquo;assassinat. <\/p>\n<p>Cinq mois plus t\u00f4t, l&rsquo;IRVA avait d\u00e9nonc\u00e9 le fait que le nom de Afif Amouri n&rsquo;a \u00e9t\u00e9 ni int\u00e9gr\u00e9 dans la liste des personnes \u00e0 interroger ni fait\u00a0l&rsquo;objet d&rsquo;un mandat de recherche pour enqu\u00eater sur son implication dans l&rsquo;assassinat de Bela\u00efd.<\/p>\n<p>MAJ 20h : Le\u00a0document publi\u00e9 par notre confr\u00e8re Bettaieb de son investigation datant du 25 juillet, mentionne le nom de Amouri et confirme les d\u00e9clarations de l&rsquo;IRVA de fevrier 2014.<\/p>\n<p>Par ailleurs, le minist\u00e8re de l&rsquo;Int\u00e9rieur a pr\u00e9cis\u00e9, aujourd&rsquo;hui, que trois mandats de recherche avaient \u00e9t\u00e9 lanc\u00e9s \u00e0 l&rsquo;encontre de Afif Amouri.<\/p>\n","protected":false},"excerpt":{"rendered":"<p>Afif Amouri, leader d&rsquo;Ansar Charia, serait li\u00e9 \u00e0 l&rsquo;assassinat de Chokri Belaid <\/p>\n","protected":false},"author":3222,"featured_media":320778,"comment_status":"open","ping_status":"closed","sticky":false,"template":"","format":"standard","meta":{"footnotes":""},"categories":[11342],"tags":[],"class_list":["post-180143","post","type-post","status-publish","format-standard","has-post-thumbnail","hentry","category-terrorisme"],"yoast_head":"<!-- This site is optimized with the Yoast SEO Premium plugin v27.5 (Yoast SEO v27.5) - https:\/\/yoast.com\/product\/yoast-seo-premium-wordpress\/ -->\n<title>Afif Amouri, leader d&#039;Ansar Charia, serait li\u00e9 \u00e0 l&#039;assassinat de Chokri Belaid<\/title>\n<meta name=\"description\" content=\"Afif Amouri, leader d&#039;Ansar Charia, serait li\u00e9 \u00e0 l&#039;assassinat de Chokri Belaid\" \/>\n<link rel=\"canonical\" href=\"https:\/\/www.webdo.tn\/fr\/actualite\/terrorisme\/afif-amouri-leader-dansar-charia-lie-lassassinat-chokri-belaid\/180143\/\" \/>\n<meta property=\"og:locale\" content=\"fr_FR\" \/>\n<meta property=\"og:type\" content=\"article\" \/>\n<meta property=\"og:title\" content=\"Afif Amouri, leader d&#039;Ansar Charia, serait li\u00e9 \u00e0 l&#039;assassinat de Chokri Belaid\" \/>\n<meta property=\"og:description\" content=\"Afif Amouri, leader d&#039;Ansar Charia, serait li\u00e9 \u00e0 l&#039;assassinat de Chokri Belaid\" \/>\n<meta property=\"og:url\" content=\"https:\/\/www.webdo.tn\/fr\/actualite\/terrorisme\/afif-amouri-leader-dansar-charia-lie-lassassinat-chokri-belaid\/180143\/\" \/>\n<meta property=\"og:site_name\" content=\"webdo\" \/>\n<meta property=\"article:publisher\" content=\"https:\/\/www.facebook.com\/webdotn\" \/>\n<meta property=\"article:published_time\" content=\"2014-07-31T18:56:00+00:00\" \/>\n<meta property=\"article:modified_time\" content=\"2025-05-22T13:08:16+00:00\" \/>\n<meta property=\"og:image\" content=\"https:\/\/www.webdo.tn\/fr\/wp-content\/uploads\/2014\/07\/Brigade-Anti-Terrorisme.jpg\" \/>\n\t<meta property=\"og:image:width\" content=\"266\" \/>\n\t<meta property=\"og:image:height\" content=\"200\" \/>\n\t<meta property=\"og:image:type\" content=\"image\/jpeg\" \/>\n<meta name=\"author\" content=\"webdo.tn\" \/>\n<meta name=\"twitter:card\" content=\"summary_large_image\" \/>\n<meta name=\"twitter:creator\" content=\"@webdo_tn\" \/>\n<meta name=\"twitter:site\" content=\"@webdo_tn\" \/>\n<meta name=\"twitter:label1\" content=\"\u00c9crit par\" \/>\n\t<meta name=\"twitter:data1\" content=\"webdo.tn\" \/>\n\t<meta name=\"twitter:label2\" content=\"Dur\u00e9e de lecture estim\u00e9e\" \/>\n\t<meta name=\"twitter:data2\" content=\"2 minutes\" \/>\n<script type=\"application\/ld+json\" class=\"yoast-schema-graph\">{\"@context\":\"https:\\\/\\\/schema.org\",\"@graph\":[{\"@type\":\"NewsArticle\",\"@id\":\"https:\\\/\\\/www.webdo.tn\\\/fr\\\/actualite\\\/terrorisme\\\/afif-amouri-leader-dansar-charia-lie-lassassinat-chokri-belaid\\\/180143\\\/#article\",\"isPartOf\":{\"@id\":\"https:\\\/\\\/www.webdo.tn\\\/fr\\\/actualite\\\/terrorisme\\\/afif-amouri-leader-dansar-charia-lie-lassassinat-chokri-belaid\\\/180143\\\/\"},\"author\":{\"name\":\"webdo.tn\",\"@id\":\"https:\\\/\\\/www.webdo.tn\\\/fr\\\/#\\\/schema\\\/person\\\/9a9c6118d687c117df8ef3cc36a4d175\"},\"headline\":\"Afif Amouri, leader d&rsquo;Ansar Charia, serait li\u00e9 \u00e0 l&rsquo;assassinat de Chokri Belaid\",\"datePublished\":\"2014-07-31T18:56:00+00:00\",\"dateModified\":\"2025-05-22T13:08:16+00:00\",\"mainEntityOfPage\":{\"@id\":\"https:\\\/\\\/www.webdo.tn\\\/fr\\\/actualite\\\/terrorisme\\\/afif-amouri-leader-dansar-charia-lie-lassassinat-chokri-belaid\\\/180143\\\/\"},\"wordCount\":405,\"commentCount\":0,\"publisher\":{\"@id\":\"https:\\\/\\\/www.webdo.tn\\\/fr\\\/#organization\"},\"image\":{\"@id\":\"https:\\\/\\\/www.webdo.tn\\\/fr\\\/actualite\\\/terrorisme\\\/afif-amouri-leader-dansar-charia-lie-lassassinat-chokri-belaid\\\/180143\\\/#primaryimage\"},\"thumbnailUrl\":\"https:\\\/\\\/www.webdo.tn\\\/fr\\\/wp-content\\\/uploads\\\/2014\\\/07\\\/Brigade-Anti-Terrorisme.jpg\",\"articleSection\":[\"Terrorisme\"],\"inLanguage\":\"fr-FR\"},{\"@type\":\"WebPage\",\"@id\":\"https:\\\/\\\/www.webdo.tn\\\/fr\\\/actualite\\\/terrorisme\\\/afif-amouri-leader-dansar-charia-lie-lassassinat-chokri-belaid\\\/180143\\\/\",\"url\":\"https:\\\/\\\/www.webdo.tn\\\/fr\\\/actualite\\\/terrorisme\\\/afif-amouri-leader-dansar-charia-lie-lassassinat-chokri-belaid\\\/180143\\\/\",\"name\":\"Afif Amouri, leader d'Ansar Charia, serait li\u00e9 \u00e0 l'assassinat de Chokri Belaid\",\"isPartOf\":{\"@id\":\"https:\\\/\\\/www.webdo.tn\\\/fr\\\/#website\"},\"primaryImageOfPage\":{\"@id\":\"https:\\\/\\\/www.webdo.tn\\\/fr\\\/actualite\\\/terrorisme\\\/afif-amouri-leader-dansar-charia-lie-lassassinat-chokri-belaid\\\/180143\\\/#primaryimage\"},\"image\":{\"@id\":\"https:\\\/\\\/www.webdo.tn\\\/fr\\\/actualite\\\/terrorisme\\\/afif-amouri-leader-dansar-charia-lie-lassassinat-chokri-belaid\\\/180143\\\/#primaryimage\"},\"thumbnailUrl\":\"https:\\\/\\\/www.webdo.tn\\\/fr\\\/wp-content\\\/uploads\\\/2014\\\/07\\\/Brigade-Anti-Terrorisme.jpg\",\"datePublished\":\"2014-07-31T18:56:00+00:00\",\"dateModified\":\"2025-05-22T13:08:16+00:00\",\"description\":\"Afif Amouri, leader d'Ansar Charia, serait li\u00e9 \u00e0 l'assassinat de Chokri Belaid\",\"breadcrumb\":{\"@id\":\"https:\\\/\\\/www.webdo.tn\\\/fr\\\/actualite\\\/terrorisme\\\/afif-amouri-leader-dansar-charia-lie-lassassinat-chokri-belaid\\\/180143\\\/#breadcrumb\"},\"inLanguage\":\"fr-FR\",\"potentialAction\":[{\"@type\":\"ReadAction\",\"target\":[\"https:\\\/\\\/www.webdo.tn\\\/fr\\\/actualite\\\/terrorisme\\\/afif-amouri-leader-dansar-charia-lie-lassassinat-chokri-belaid\\\/180143\\\/\"]}]},{\"@type\":\"ImageObject\",\"inLanguage\":\"fr-FR\",\"@id\":\"https:\\\/\\\/www.webdo.tn\\\/fr\\\/actualite\\\/terrorisme\\\/afif-amouri-leader-dansar-charia-lie-lassassinat-chokri-belaid\\\/180143\\\/#primaryimage\",\"url\":\"https:\\\/\\\/www.webdo.tn\\\/fr\\\/wp-content\\\/uploads\\\/2014\\\/07\\\/Brigade-Anti-Terrorisme.jpg\",\"contentUrl\":\"https:\\\/\\\/www.webdo.tn\\\/fr\\\/wp-content\\\/uploads\\\/2014\\\/07\\\/Brigade-Anti-Terrorisme.jpg\",\"width\":266,\"height\":200,\"caption\":\"Afif Amouri, leader d'Ansar Charia, serait li\u00e9 \u00e0 l'assassinat de Chokri Belaid\"},{\"@type\":\"BreadcrumbList\",\"@id\":\"https:\\\/\\\/www.webdo.tn\\\/fr\\\/actualite\\\/terrorisme\\\/afif-amouri-leader-dansar-charia-lie-lassassinat-chokri-belaid\\\/180143\\\/#breadcrumb\",\"itemListElement\":[{\"@type\":\"ListItem\",\"position\":1,\"name\":\"Accueil\",\"item\":\"https:\\\/\\\/www.webdo.tn\\\/fr\\\/\"},{\"@type\":\"ListItem\",\"position\":2,\"name\":\"Afif Amouri, leader d&rsquo;Ansar Charia, serait li\u00e9 \u00e0 l&rsquo;assassinat de Chokri Belaid\"}]},{\"@type\":\"WebSite\",\"@id\":\"https:\\\/\\\/www.webdo.tn\\\/fr\\\/#website\",\"url\":\"https:\\\/\\\/www.webdo.tn\\\/fr\\\/\",\"name\":\"webdo\",\"description\":\"Tunisie - News en Tunisie et \u00e0 l&#039;international sur Webdo.tn\",\"publisher\":{\"@id\":\"https:\\\/\\\/www.webdo.tn\\\/fr\\\/#organization\"},\"potentialAction\":[{\"@type\":\"SearchAction\",\"target\":{\"@type\":\"EntryPoint\",\"urlTemplate\":\"https:\\\/\\\/www.webdo.tn\\\/fr\\\/?s={search_term_string}\"},\"query-input\":{\"@type\":\"PropertyValueSpecification\",\"valueRequired\":true,\"valueName\":\"search_term_string\"}}],\"inLanguage\":\"fr-FR\"},{\"@type\":\"Organization\",\"@id\":\"https:\\\/\\\/www.webdo.tn\\\/fr\\\/#organization\",\"name\":\"Webdo\",\"alternateName\":\"Webdo.tn\",\"url\":\"https:\\\/\\\/www.webdo.tn\\\/fr\\\/\",\"logo\":{\"@type\":\"ImageObject\",\"inLanguage\":\"fr-FR\",\"@id\":\"https:\\\/\\\/www.webdo.tn\\\/fr\\\/#\\\/schema\\\/logo\\\/image\\\/\",\"url\":\"https:\\\/\\\/www.webdo.tn\\\/fr\\\/wp-content\\\/uploads\\\/2025\\\/06\\\/Webdo-Tunisie_168377.jpg\",\"contentUrl\":\"https:\\\/\\\/www.webdo.tn\\\/fr\\\/wp-content\\\/uploads\\\/2025\\\/06\\\/Webdo-Tunisie_168377.jpg\",\"width\":301,\"height\":301,\"caption\":\"Webdo\"},\"image\":{\"@id\":\"https:\\\/\\\/www.webdo.tn\\\/fr\\\/#\\\/schema\\\/logo\\\/image\\\/\"},\"sameAs\":[\"https:\\\/\\\/www.facebook.com\\\/webdotn\",\"https:\\\/\\\/x.com\\\/webdo_tn\"],\"description\":\"Webdo est un m\u00e9dia num\u00e9rique tunisien fond\u00e9 en 2010, sp\u00e9cialis\u00e9 dans l\u2019actualit\u00e9 nationale et internationale, l\u2019\u00e9conomie, la soci\u00e9t\u00e9 et les analyses politiques. Le site s\u2019adresse \u00e0 un large public francophone et couvre l\u2019information tunisienne en temps r\u00e9el.\",\"email\":\"redac@webdo.tn\",\"legalName\":\"YNJ SARL\",\"foundingDate\":\"2010-09-06\",\"numberOfEmployees\":{\"@type\":\"QuantitativeValue\",\"minValue\":\"11\",\"maxValue\":\"50\"}},{\"@type\":\"Person\",\"@id\":\"https:\\\/\\\/www.webdo.tn\\\/fr\\\/#\\\/schema\\\/person\\\/9a9c6118d687c117df8ef3cc36a4d175\",\"name\":\"webdo.tn\",\"image\":{\"@type\":\"ImageObject\",\"inLanguage\":\"fr-FR\",\"@id\":\"https:\\\/\\\/secure.gravatar.com\\\/avatar\\\/7ce1f28c0c3bbac99ff550b85ef8e44a6950c6ee24514fb6a5489e51d06f0298?s=96&d=mm&r=g\",\"url\":\"https:\\\/\\\/secure.gravatar.com\\\/avatar\\\/7ce1f28c0c3bbac99ff550b85ef8e44a6950c6ee24514fb6a5489e51d06f0298?s=96&d=mm&r=g\",\"contentUrl\":\"https:\\\/\\\/secure.gravatar.com\\\/avatar\\\/7ce1f28c0c3bbac99ff550b85ef8e44a6950c6ee24514fb6a5489e51d06f0298?s=96&d=mm&r=g\",\"caption\":\"webdo.tn\"},\"url\":\"https:\\\/\\\/www.webdo.tn\\\/fr\\\/actualite\\\/author\\\/webdotn\\\/\"}]}<\/script>\n<!-- \/ Yoast SEO Premium plugin. -->","yoast_head_json":{"title":"Afif Amouri, leader d'Ansar Charia, serait li\u00e9 \u00e0 l'assassinat de Chokri Belaid","description":"Afif Amouri, leader d'Ansar Charia, serait li\u00e9 \u00e0 l'assassinat de Chokri Belaid","canonical":"https:\/\/www.webdo.tn\/fr\/actualite\/terrorisme\/afif-amouri-leader-dansar-charia-lie-lassassinat-chokri-belaid\/180143\/","og_locale":"fr_FR","og_type":"article","og_title":"Afif Amouri, leader d'Ansar Charia, serait li\u00e9 \u00e0 l'assassinat de Chokri Belaid","og_description":"Afif Amouri, leader d'Ansar Charia, serait li\u00e9 \u00e0 l'assassinat de Chokri Belaid","og_url":"https:\/\/www.webdo.tn\/fr\/actualite\/terrorisme\/afif-amouri-leader-dansar-charia-lie-lassassinat-chokri-belaid\/180143\/","og_site_name":"webdo","article_publisher":"https:\/\/www.facebook.com\/webdotn","article_published_time":"2014-07-31T18:56:00+00:00","article_modified_time":"2025-05-22T13:08:16+00:00","og_image":[{"width":266,"height":200,"url":"https:\/\/www.webdo.tn\/fr\/wp-content\/uploads\/2014\/07\/Brigade-Anti-Terrorisme.jpg","type":"image\/jpeg"}],"author":"webdo.tn","twitter_card":"summary_large_image","twitter_creator":"@webdo_tn","twitter_site":"@webdo_tn","twitter_misc":{"\u00c9crit par":"webdo.tn","Dur\u00e9e de lecture estim\u00e9e":"2 minutes"},"schema":{"@context":"https:\/\/schema.org","@graph":[{"@type":"NewsArticle","@id":"https:\/\/www.webdo.tn\/fr\/actualite\/terrorisme\/afif-amouri-leader-dansar-charia-lie-lassassinat-chokri-belaid\/180143\/#article","isPartOf":{"@id":"https:\/\/www.webdo.tn\/fr\/actualite\/terrorisme\/afif-amouri-leader-dansar-charia-lie-lassassinat-chokri-belaid\/180143\/"},"author":{"name":"webdo.tn","@id":"https:\/\/www.webdo.tn\/fr\/#\/schema\/person\/9a9c6118d687c117df8ef3cc36a4d175"},"headline":"Afif Amouri, leader d&rsquo;Ansar Charia, serait li\u00e9 \u00e0 l&rsquo;assassinat de Chokri Belaid","datePublished":"2014-07-31T18:56:00+00:00","dateModified":"2025-05-22T13:08:16+00:00","mainEntityOfPage":{"@id":"https:\/\/www.webdo.tn\/fr\/actualite\/terrorisme\/afif-amouri-leader-dansar-charia-lie-lassassinat-chokri-belaid\/180143\/"},"wordCount":405,"commentCount":0,"publisher":{"@id":"https:\/\/www.webdo.tn\/fr\/#organization"},"image":{"@id":"https:\/\/www.webdo.tn\/fr\/actualite\/terrorisme\/afif-amouri-leader-dansar-charia-lie-lassassinat-chokri-belaid\/180143\/#primaryimage"},"thumbnailUrl":"https:\/\/www.webdo.tn\/fr\/wp-content\/uploads\/2014\/07\/Brigade-Anti-Terrorisme.jpg","articleSection":["Terrorisme"],"inLanguage":"fr-FR"},{"@type":"WebPage","@id":"https:\/\/www.webdo.tn\/fr\/actualite\/terrorisme\/afif-amouri-leader-dansar-charia-lie-lassassinat-chokri-belaid\/180143\/","url":"https:\/\/www.webdo.tn\/fr\/actualite\/terrorisme\/afif-amouri-leader-dansar-charia-lie-lassassinat-chokri-belaid\/180143\/","name":"Afif Amouri, leader d'Ansar Charia, serait li\u00e9 \u00e0 l'assassinat de Chokri Belaid","isPartOf":{"@id":"https:\/\/www.webdo.tn\/fr\/#website"},"primaryImageOfPage":{"@id":"https:\/\/www.webdo.tn\/fr\/actualite\/terrorisme\/afif-amouri-leader-dansar-charia-lie-lassassinat-chokri-belaid\/180143\/#primaryimage"},"image":{"@id":"https:\/\/www.webdo.tn\/fr\/actualite\/terrorisme\/afif-amouri-leader-dansar-charia-lie-lassassinat-chokri-belaid\/180143\/#primaryimage"},"thumbnailUrl":"https:\/\/www.webdo.tn\/fr\/wp-content\/uploads\/2014\/07\/Brigade-Anti-Terrorisme.jpg","datePublished":"2014-07-31T18:56:00+00:00","dateModified":"2025-05-22T13:08:16+00:00","description":"Afif Amouri, leader d'Ansar Charia, serait li\u00e9 \u00e0 l'assassinat de Chokri Belaid","breadcrumb":{"@id":"https:\/\/www.webdo.tn\/fr\/actualite\/terrorisme\/afif-amouri-leader-dansar-charia-lie-lassassinat-chokri-belaid\/180143\/#breadcrumb"},"inLanguage":"fr-FR","potentialAction":[{"@type":"ReadAction","target":["https:\/\/www.webdo.tn\/fr\/actualite\/terrorisme\/afif-amouri-leader-dansar-charia-lie-lassassinat-chokri-belaid\/180143\/"]}]},{"@type":"ImageObject","inLanguage":"fr-FR","@id":"https:\/\/www.webdo.tn\/fr\/actualite\/terrorisme\/afif-amouri-leader-dansar-charia-lie-lassassinat-chokri-belaid\/180143\/#primaryimage","url":"https:\/\/www.webdo.tn\/fr\/wp-content\/uploads\/2014\/07\/Brigade-Anti-Terrorisme.jpg","contentUrl":"https:\/\/www.webdo.tn\/fr\/wp-content\/uploads\/2014\/07\/Brigade-Anti-Terrorisme.jpg","width":266,"height":200,"caption":"Afif Amouri, leader d'Ansar Charia, serait li\u00e9 \u00e0 l'assassinat de Chokri Belaid"},{"@type":"BreadcrumbList","@id":"https:\/\/www.webdo.tn\/fr\/actualite\/terrorisme\/afif-amouri-leader-dansar-charia-lie-lassassinat-chokri-belaid\/180143\/#breadcrumb","itemListElement":[{"@type":"ListItem","position":1,"name":"Accueil","item":"https:\/\/www.webdo.tn\/fr\/"},{"@type":"ListItem","position":2,"name":"Afif Amouri, leader d&rsquo;Ansar Charia, serait li\u00e9 \u00e0 l&rsquo;assassinat de Chokri Belaid"}]},{"@type":"WebSite","@id":"https:\/\/www.webdo.tn\/fr\/#website","url":"https:\/\/www.webdo.tn\/fr\/","name":"webdo","description":"Tunisie - News en Tunisie et \u00e0 l&#039;international sur Webdo.tn","publisher":{"@id":"https:\/\/www.webdo.tn\/fr\/#organization"},"potentialAction":[{"@type":"SearchAction","target":{"@type":"EntryPoint","urlTemplate":"https:\/\/www.webdo.tn\/fr\/?s={search_term_string}"},"query-input":{"@type":"PropertyValueSpecification","valueRequired":true,"valueName":"search_term_string"}}],"inLanguage":"fr-FR"},{"@type":"Organization","@id":"https:\/\/www.webdo.tn\/fr\/#organization","name":"Webdo","alternateName":"Webdo.tn","url":"https:\/\/www.webdo.tn\/fr\/","logo":{"@type":"ImageObject","inLanguage":"fr-FR","@id":"https:\/\/www.webdo.tn\/fr\/#\/schema\/logo\/image\/","url":"https:\/\/www.webdo.tn\/fr\/wp-content\/uploads\/2025\/06\/Webdo-Tunisie_168377.jpg","contentUrl":"https:\/\/www.webdo.tn\/fr\/wp-content\/uploads\/2025\/06\/Webdo-Tunisie_168377.jpg","width":301,"height":301,"caption":"Webdo"},"image":{"@id":"https:\/\/www.webdo.tn\/fr\/#\/schema\/logo\/image\/"},"sameAs":["https:\/\/www.facebook.com\/webdotn","https:\/\/x.com\/webdo_tn"],"description":"Webdo est un m\u00e9dia num\u00e9rique tunisien fond\u00e9 en 2010, sp\u00e9cialis\u00e9 dans l\u2019actualit\u00e9 nationale et internationale, l\u2019\u00e9conomie, la soci\u00e9t\u00e9 et les analyses politiques. Le site s\u2019adresse \u00e0 un large public francophone et couvre l\u2019information tunisienne en temps r\u00e9el.","email":"redac@webdo.tn","legalName":"YNJ SARL","foundingDate":"2010-09-06","numberOfEmployees":{"@type":"QuantitativeValue","minValue":"11","maxValue":"50"}},{"@type":"Person","@id":"https:\/\/www.webdo.tn\/fr\/#\/schema\/person\/9a9c6118d687c117df8ef3cc36a4d175","name":"webdo.tn","image":{"@type":"ImageObject","inLanguage":"fr-FR","@id":"https:\/\/secure.gravatar.com\/avatar\/7ce1f28c0c3bbac99ff550b85ef8e44a6950c6ee24514fb6a5489e51d06f0298?s=96&d=mm&r=g","url":"https:\/\/secure.gravatar.com\/avatar\/7ce1f28c0c3bbac99ff550b85ef8e44a6950c6ee24514fb6a5489e51d06f0298?s=96&d=mm&r=g","contentUrl":"https:\/\/secure.gravatar.com\/avatar\/7ce1f28c0c3bbac99ff550b85ef8e44a6950c6ee24514fb6a5489e51d06f0298?s=96&d=mm&r=g","caption":"webdo.tn"},"url":"https:\/\/www.webdo.tn\/fr\/actualite\/author\/webdotn\/"}]}},"_links":{"self":[{"href":"https:\/\/www.webdo.tn\/fr\/wp-json\/wp\/v2\/posts\/180143","targetHints":{"allow":["GET"]}}],"collection":[{"href":"https:\/\/www.webdo.tn\/fr\/wp-json\/wp\/v2\/posts"}],"about":[{"href":"https:\/\/www.webdo.tn\/fr\/wp-json\/wp\/v2\/types\/post"}],"author":[{"embeddable":true,"href":"https:\/\/www.webdo.tn\/fr\/wp-json\/wp\/v2\/users\/3222"}],"replies":[{"embeddable":true,"href":"https:\/\/www.webdo.tn\/fr\/wp-json\/wp\/v2\/comments?post=180143"}],"version-history":[{"count":0,"href":"https:\/\/www.webdo.tn\/fr\/wp-json\/wp\/v2\/posts\/180143\/revisions"}],"wp:featuredmedia":[{"embeddable":true,"href":"https:\/\/www.webdo.tn\/fr\/wp-json\/wp\/v2\/media\/320778"}],"wp:attachment":[{"href":"https:\/\/www.webdo.tn\/fr\/wp-json\/wp\/v2\/media?parent=180143"}],"wp:term":[{"taxonomy":"category","embeddable":true,"href":"https:\/\/www.webdo.tn\/fr\/wp-json\/wp\/v2\/categories?post=180143"},{"taxonomy":"post_tag","embeddable":true,"href":"https:\/\/www.webdo.tn\/fr\/wp-json\/wp\/v2\/tags?post=180143"}],"curies":[{"name":"wp","href":"https:\/\/api.w.org\/{rel}","templated":true}]}}