{"id":180142,"date":"2014-07-31T22:47:00","date_gmt":"2014-07-31T22:47:00","guid":{"rendered":"https:\/\/www.webdo.tn\/fr\/blog\/amouri-dansar-charia-dammak-aide-abou-iyadh-senfuir-mosquee-fath\/180142\/"},"modified":"2025-05-22T13:20:50","modified_gmt":"2025-05-22T13:20:50","slug":"amouri-dansar-charia-dammak-aide-abou-iyadh-senfuir-mosquee-fath","status":"publish","type":"post","link":"https:\/\/www.webdo.tn\/fr\/actualite\/terrorisme\/amouri-dansar-charia-dammak-aide-abou-iyadh-senfuir-mosquee-fath\/180142\/","title":{"rendered":"Amouri d&rsquo;Ansar Charia et Dammak ont aid\u00e9 Abou Iyadh \u00e0 s&rsquo;enfuir de la mosqu\u00e9e Fath"},"content":{"rendered":"<p>Le minist\u00e8re de l&rsquo;Int\u00e9rieur a annonc\u00e9 ce jeudi 31 juillet que\u00a0Afif Amouri, qualifi\u00e9 de \u00abdangereux terroriste\u00bb,\u00a0l&rsquo;un des dirigeants de l&rsquo;organisation interdite Ansar Charia,\u00a0a \u00e9t\u00e9\u00a0arr\u00eat\u00e9 \u00e0 Regueb sans donner plus de d\u00e9tails.<\/p>\n<p>Une voiture \u00e0 la disposition de Afif Amouri pour faire fuir Abou Iyadh<\/p>\n<p>D&rsquo;apr\u00e8s un document de\u00a0l&rsquo;Unit\u00e9 nationale d&rsquo;enqu\u00eate sur les crimes de terrorisme\u00a0publi\u00e9 par notre confr\u00e8re Ramzi Bettaieb, \u00a0Afif Amouri, responsable de la communication d&rsquo;Ansar Charia,\u00a0serait celui qui\u00a0a aid\u00e9, \u00a0le 17 septembre 2012, Seif Allah Ben Hassine (Abou Iyadh) \u00e0 s&rsquo;enfuir de la mosqu\u00e9e Al Fath encercl\u00e9e par les forces de l&rsquo;ordre.<\/p>\n<p>Abou Iyadh, fondateur de l&rsquo;Ansar Charia\u00a0et connu pour ses liens avec Al Qaida et Aqmi, s&rsquo;y est rendu, trois jours apr\u00e8s l&rsquo;attaque de l&rsquo;ambassade des Etats-Unis \u00e0 Tunis\u00a0pour faire un pr\u00eache \u00e0 la mosqu\u00e9e suite \u00e0 la mort de quatre salafistes.\u00a0Une d\u00e9monstration de force et de d\u00e9fi des autorit\u00e9s qui a \u00e9tonn\u00e9 tout le monde vu le contexte, notamment aussi par la facilit\u00e9 avec laquelle il a pu s&rsquo;enfuir sans se faire arr\u00eater.<\/p>\n<p>L&rsquo;ancien directeur g\u00e9n\u00e9ral Dimassi a divulgu\u00e9, au mois de mai dernier, que c&rsquo;est sous les ordres d&rsquo;Ali Larayedh, l&rsquo;ex-ministre de l&rsquo;Int\u00e9rieur, que la fuite a eu lieu.\u00a0<\/p>\n<p>L&rsquo;enqu\u00eate de l&rsquo;Unit\u00e9 r\u00e9v\u00e8le aussi que c&rsquo;est Mohamed Ali Dammak qui a mis \u00e0 la disposition de Amouri une Peugeot 307 \u00e0 cet effet.<\/p>\n<p>Le nom de Afif Amouri dissimul\u00e9 par le minist\u00e8re de l&rsquo;Int\u00e9rieur<\/p>\n<p>Lors de sa conf\u00e9rence au mois de f\u00e9vrier 2014, l&rsquo;\u00a0IRVA (Initiative\u00a0pour la Recherche de la V\u00e9rit\u00e9 sur l&rsquo;Assassinat de\u00a0Chokri Bela\u00efd)\u00a0a\u00a0accus\u00e9 le minist\u00e8re de l&rsquo;Int\u00e9rieur d&rsquo;avoir sciemment dissimul\u00e9 le nom de Afif Amouri.<\/p>\n<p>\u00a0L&rsquo;IRVA avait d\u00e9nonc\u00e9 cinq mois plus t\u00f4t le fait que le nom d&rsquo;Afif Amouri n&rsquo;a \u00e9t\u00e9 ni int\u00e9gr\u00e9 dans la liste des personnes \u00e0 interroger ni avoir fait l&rsquo;objet d&rsquo;un mandat de recherche pour enqu\u00eater sur son implication dans l&rsquo;assassinat de Bela\u00efd.<\/p>\n<p>Par ailleurs, le minist\u00e8re de l&rsquo;Int\u00e9rieur a pr\u00e9cis\u00e9, aujourd&rsquo;hui, que trois mandats de recherche avaient \u00e9t\u00e9 lanc\u00e9s \u00e0 l&rsquo;encontre de Afif Amouri.<\/p>\n","protected":false},"excerpt":{"rendered":"<p>Amouri d&rsquo;Ansar Charia et Dammak ont aid\u00e9 Abou Iyadh \u00e0 s&rsquo;enfuir de la mosqu\u00e9e Fath <\/p>\n","protected":false},"author":3222,"featured_media":334813,"comment_status":"open","ping_status":"closed","sticky":false,"template":"","format":"standard","meta":{"footnotes":""},"categories":[11342],"tags":[],"class_list":["post-180142","post","type-post","status-publish","format-standard","has-post-thumbnail","hentry","category-terrorisme"],"yoast_head":"<!-- This site is optimized with the Yoast SEO Premium plugin v27.5 (Yoast SEO v27.5) - https:\/\/yoast.com\/product\/yoast-seo-premium-wordpress\/ -->\n<title>Amouri d&#039;Ansar Charia et Dammak ont aid\u00e9 Abou Iyadh \u00e0 s&#039;enfuir de la mosqu\u00e9e Fath<\/title>\n<meta name=\"description\" content=\"Amouri d&#039;Ansar Charia et Dammak ont aid\u00e9 Abou Iyadh \u00e0 s&#039;enfuir de la mosqu\u00e9e Fath\" \/>\n<link rel=\"canonical\" href=\"https:\/\/www.webdo.tn\/fr\/actualite\/terrorisme\/amouri-dansar-charia-dammak-aide-abou-iyadh-senfuir-mosquee-fath\/180142\/\" \/>\n<meta property=\"og:locale\" content=\"fr_FR\" \/>\n<meta property=\"og:type\" content=\"article\" \/>\n<meta property=\"og:title\" content=\"Amouri d&#039;Ansar Charia et Dammak ont aid\u00e9 Abou Iyadh \u00e0 s&#039;enfuir de la mosqu\u00e9e Fath\" \/>\n<meta property=\"og:description\" content=\"Amouri d&#039;Ansar Charia et Dammak ont aid\u00e9 Abou Iyadh \u00e0 s&#039;enfuir de la mosqu\u00e9e Fath\" \/>\n<meta property=\"og:url\" content=\"https:\/\/www.webdo.tn\/fr\/actualite\/terrorisme\/amouri-dansar-charia-dammak-aide-abou-iyadh-senfuir-mosquee-fath\/180142\/\" \/>\n<meta property=\"og:site_name\" content=\"webdo\" \/>\n<meta property=\"article:publisher\" content=\"https:\/\/www.facebook.com\/webdotn\" \/>\n<meta property=\"article:published_time\" content=\"2014-07-31T22:47:00+00:00\" \/>\n<meta property=\"article:modified_time\" content=\"2025-05-22T13:20:50+00:00\" \/>\n<meta property=\"og:image\" content=\"https:\/\/www.webdo.tn\/fr\/wp-content\/uploads\/2014\/07\/Abou-Iyadh.jpg\" \/>\n\t<meta property=\"og:image:width\" content=\"248\" \/>\n\t<meta property=\"og:image:height\" content=\"200\" \/>\n\t<meta property=\"og:image:type\" content=\"image\/jpeg\" \/>\n<meta name=\"author\" content=\"webdo.tn\" \/>\n<meta name=\"twitter:card\" content=\"summary_large_image\" \/>\n<meta name=\"twitter:creator\" content=\"@webdo_tn\" \/>\n<meta name=\"twitter:site\" content=\"@webdo_tn\" \/>\n<meta name=\"twitter:label1\" content=\"\u00c9crit par\" \/>\n\t<meta name=\"twitter:data1\" content=\"webdo.tn\" \/>\n\t<meta name=\"twitter:label2\" content=\"Dur\u00e9e de lecture estim\u00e9e\" \/>\n\t<meta name=\"twitter:data2\" content=\"2 minutes\" \/>\n<script type=\"application\/ld+json\" class=\"yoast-schema-graph\">{\"@context\":\"https:\\\/\\\/schema.org\",\"@graph\":[{\"@type\":\"NewsArticle\",\"@id\":\"https:\\\/\\\/www.webdo.tn\\\/fr\\\/actualite\\\/terrorisme\\\/amouri-dansar-charia-dammak-aide-abou-iyadh-senfuir-mosquee-fath\\\/180142\\\/#article\",\"isPartOf\":{\"@id\":\"https:\\\/\\\/www.webdo.tn\\\/fr\\\/actualite\\\/terrorisme\\\/amouri-dansar-charia-dammak-aide-abou-iyadh-senfuir-mosquee-fath\\\/180142\\\/\"},\"author\":{\"name\":\"webdo.tn\",\"@id\":\"https:\\\/\\\/www.webdo.tn\\\/fr\\\/#\\\/schema\\\/person\\\/9a9c6118d687c117df8ef3cc36a4d175\"},\"headline\":\"Amouri d&rsquo;Ansar Charia et Dammak ont aid\u00e9 Abou Iyadh \u00e0 s&rsquo;enfuir de la mosqu\u00e9e Fath\",\"datePublished\":\"2014-07-31T22:47:00+00:00\",\"dateModified\":\"2025-05-22T13:20:50+00:00\",\"mainEntityOfPage\":{\"@id\":\"https:\\\/\\\/www.webdo.tn\\\/fr\\\/actualite\\\/terrorisme\\\/amouri-dansar-charia-dammak-aide-abou-iyadh-senfuir-mosquee-fath\\\/180142\\\/\"},\"wordCount\":417,\"commentCount\":0,\"publisher\":{\"@id\":\"https:\\\/\\\/www.webdo.tn\\\/fr\\\/#organization\"},\"image\":{\"@id\":\"https:\\\/\\\/www.webdo.tn\\\/fr\\\/actualite\\\/terrorisme\\\/amouri-dansar-charia-dammak-aide-abou-iyadh-senfuir-mosquee-fath\\\/180142\\\/#primaryimage\"},\"thumbnailUrl\":\"https:\\\/\\\/www.webdo.tn\\\/fr\\\/wp-content\\\/uploads\\\/2014\\\/07\\\/Abou-Iyadh.jpg\",\"articleSection\":[\"Terrorisme\"],\"inLanguage\":\"fr-FR\"},{\"@type\":\"WebPage\",\"@id\":\"https:\\\/\\\/www.webdo.tn\\\/fr\\\/actualite\\\/terrorisme\\\/amouri-dansar-charia-dammak-aide-abou-iyadh-senfuir-mosquee-fath\\\/180142\\\/\",\"url\":\"https:\\\/\\\/www.webdo.tn\\\/fr\\\/actualite\\\/terrorisme\\\/amouri-dansar-charia-dammak-aide-abou-iyadh-senfuir-mosquee-fath\\\/180142\\\/\",\"name\":\"Amouri d'Ansar Charia et Dammak ont aid\u00e9 Abou Iyadh \u00e0 s'enfuir de la mosqu\u00e9e Fath\",\"isPartOf\":{\"@id\":\"https:\\\/\\\/www.webdo.tn\\\/fr\\\/#website\"},\"primaryImageOfPage\":{\"@id\":\"https:\\\/\\\/www.webdo.tn\\\/fr\\\/actualite\\\/terrorisme\\\/amouri-dansar-charia-dammak-aide-abou-iyadh-senfuir-mosquee-fath\\\/180142\\\/#primaryimage\"},\"image\":{\"@id\":\"https:\\\/\\\/www.webdo.tn\\\/fr\\\/actualite\\\/terrorisme\\\/amouri-dansar-charia-dammak-aide-abou-iyadh-senfuir-mosquee-fath\\\/180142\\\/#primaryimage\"},\"thumbnailUrl\":\"https:\\\/\\\/www.webdo.tn\\\/fr\\\/wp-content\\\/uploads\\\/2014\\\/07\\\/Abou-Iyadh.jpg\",\"datePublished\":\"2014-07-31T22:47:00+00:00\",\"dateModified\":\"2025-05-22T13:20:50+00:00\",\"description\":\"Amouri d'Ansar Charia et Dammak ont aid\u00e9 Abou Iyadh \u00e0 s'enfuir de la mosqu\u00e9e Fath\",\"breadcrumb\":{\"@id\":\"https:\\\/\\\/www.webdo.tn\\\/fr\\\/actualite\\\/terrorisme\\\/amouri-dansar-charia-dammak-aide-abou-iyadh-senfuir-mosquee-fath\\\/180142\\\/#breadcrumb\"},\"inLanguage\":\"fr-FR\",\"potentialAction\":[{\"@type\":\"ReadAction\",\"target\":[\"https:\\\/\\\/www.webdo.tn\\\/fr\\\/actualite\\\/terrorisme\\\/amouri-dansar-charia-dammak-aide-abou-iyadh-senfuir-mosquee-fath\\\/180142\\\/\"]}]},{\"@type\":\"ImageObject\",\"inLanguage\":\"fr-FR\",\"@id\":\"https:\\\/\\\/www.webdo.tn\\\/fr\\\/actualite\\\/terrorisme\\\/amouri-dansar-charia-dammak-aide-abou-iyadh-senfuir-mosquee-fath\\\/180142\\\/#primaryimage\",\"url\":\"https:\\\/\\\/www.webdo.tn\\\/fr\\\/wp-content\\\/uploads\\\/2014\\\/07\\\/Abou-Iyadh.jpg\",\"contentUrl\":\"https:\\\/\\\/www.webdo.tn\\\/fr\\\/wp-content\\\/uploads\\\/2014\\\/07\\\/Abou-Iyadh.jpg\",\"width\":248,\"height\":200,\"caption\":\"Amouri d'Ansar Charia et Dammak ont aid\u00e9 Abou Iyadh \u00e0 s'enfuir de la mosqu\u00e9e Fath\"},{\"@type\":\"BreadcrumbList\",\"@id\":\"https:\\\/\\\/www.webdo.tn\\\/fr\\\/actualite\\\/terrorisme\\\/amouri-dansar-charia-dammak-aide-abou-iyadh-senfuir-mosquee-fath\\\/180142\\\/#breadcrumb\",\"itemListElement\":[{\"@type\":\"ListItem\",\"position\":1,\"name\":\"Accueil\",\"item\":\"https:\\\/\\\/www.webdo.tn\\\/fr\\\/\"},{\"@type\":\"ListItem\",\"position\":2,\"name\":\"Amouri d&rsquo;Ansar Charia et Dammak ont aid\u00e9 Abou Iyadh \u00e0 s&rsquo;enfuir de la mosqu\u00e9e Fath\"}]},{\"@type\":\"WebSite\",\"@id\":\"https:\\\/\\\/www.webdo.tn\\\/fr\\\/#website\",\"url\":\"https:\\\/\\\/www.webdo.tn\\\/fr\\\/\",\"name\":\"webdo\",\"description\":\"Tunisie - News en Tunisie et \u00e0 l&#039;international sur Webdo.tn\",\"publisher\":{\"@id\":\"https:\\\/\\\/www.webdo.tn\\\/fr\\\/#organization\"},\"potentialAction\":[{\"@type\":\"SearchAction\",\"target\":{\"@type\":\"EntryPoint\",\"urlTemplate\":\"https:\\\/\\\/www.webdo.tn\\\/fr\\\/?s={search_term_string}\"},\"query-input\":{\"@type\":\"PropertyValueSpecification\",\"valueRequired\":true,\"valueName\":\"search_term_string\"}}],\"inLanguage\":\"fr-FR\"},{\"@type\":\"Organization\",\"@id\":\"https:\\\/\\\/www.webdo.tn\\\/fr\\\/#organization\",\"name\":\"Webdo\",\"alternateName\":\"Webdo.tn\",\"url\":\"https:\\\/\\\/www.webdo.tn\\\/fr\\\/\",\"logo\":{\"@type\":\"ImageObject\",\"inLanguage\":\"fr-FR\",\"@id\":\"https:\\\/\\\/www.webdo.tn\\\/fr\\\/#\\\/schema\\\/logo\\\/image\\\/\",\"url\":\"https:\\\/\\\/www.webdo.tn\\\/fr\\\/wp-content\\\/uploads\\\/2025\\\/06\\\/Webdo-Tunisie_168377.jpg\",\"contentUrl\":\"https:\\\/\\\/www.webdo.tn\\\/fr\\\/wp-content\\\/uploads\\\/2025\\\/06\\\/Webdo-Tunisie_168377.jpg\",\"width\":301,\"height\":301,\"caption\":\"Webdo\"},\"image\":{\"@id\":\"https:\\\/\\\/www.webdo.tn\\\/fr\\\/#\\\/schema\\\/logo\\\/image\\\/\"},\"sameAs\":[\"https:\\\/\\\/www.facebook.com\\\/webdotn\",\"https:\\\/\\\/x.com\\\/webdo_tn\"],\"description\":\"Webdo est un m\u00e9dia num\u00e9rique tunisien fond\u00e9 en 2010, sp\u00e9cialis\u00e9 dans l\u2019actualit\u00e9 nationale et internationale, l\u2019\u00e9conomie, la soci\u00e9t\u00e9 et les analyses politiques. Le site s\u2019adresse \u00e0 un large public francophone et couvre l\u2019information tunisienne en temps r\u00e9el.\",\"email\":\"redac@webdo.tn\",\"legalName\":\"YNJ SARL\",\"foundingDate\":\"2010-09-06\",\"numberOfEmployees\":{\"@type\":\"QuantitativeValue\",\"minValue\":\"11\",\"maxValue\":\"50\"}},{\"@type\":\"Person\",\"@id\":\"https:\\\/\\\/www.webdo.tn\\\/fr\\\/#\\\/schema\\\/person\\\/9a9c6118d687c117df8ef3cc36a4d175\",\"name\":\"webdo.tn\",\"image\":{\"@type\":\"ImageObject\",\"inLanguage\":\"fr-FR\",\"@id\":\"https:\\\/\\\/secure.gravatar.com\\\/avatar\\\/7ce1f28c0c3bbac99ff550b85ef8e44a6950c6ee24514fb6a5489e51d06f0298?s=96&d=mm&r=g\",\"url\":\"https:\\\/\\\/secure.gravatar.com\\\/avatar\\\/7ce1f28c0c3bbac99ff550b85ef8e44a6950c6ee24514fb6a5489e51d06f0298?s=96&d=mm&r=g\",\"contentUrl\":\"https:\\\/\\\/secure.gravatar.com\\\/avatar\\\/7ce1f28c0c3bbac99ff550b85ef8e44a6950c6ee24514fb6a5489e51d06f0298?s=96&d=mm&r=g\",\"caption\":\"webdo.tn\"},\"url\":\"https:\\\/\\\/www.webdo.tn\\\/fr\\\/actualite\\\/author\\\/webdotn\\\/\"}]}<\/script>\n<!-- \/ Yoast SEO Premium plugin. -->","yoast_head_json":{"title":"Amouri d'Ansar Charia et Dammak ont aid\u00e9 Abou Iyadh \u00e0 s'enfuir de la mosqu\u00e9e Fath","description":"Amouri d'Ansar Charia et Dammak ont aid\u00e9 Abou Iyadh \u00e0 s'enfuir de la mosqu\u00e9e Fath","canonical":"https:\/\/www.webdo.tn\/fr\/actualite\/terrorisme\/amouri-dansar-charia-dammak-aide-abou-iyadh-senfuir-mosquee-fath\/180142\/","og_locale":"fr_FR","og_type":"article","og_title":"Amouri d'Ansar Charia et Dammak ont aid\u00e9 Abou Iyadh \u00e0 s'enfuir de la mosqu\u00e9e Fath","og_description":"Amouri d'Ansar Charia et Dammak ont aid\u00e9 Abou Iyadh \u00e0 s'enfuir de la mosqu\u00e9e Fath","og_url":"https:\/\/www.webdo.tn\/fr\/actualite\/terrorisme\/amouri-dansar-charia-dammak-aide-abou-iyadh-senfuir-mosquee-fath\/180142\/","og_site_name":"webdo","article_publisher":"https:\/\/www.facebook.com\/webdotn","article_published_time":"2014-07-31T22:47:00+00:00","article_modified_time":"2025-05-22T13:20:50+00:00","og_image":[{"width":248,"height":200,"url":"https:\/\/www.webdo.tn\/fr\/wp-content\/uploads\/2014\/07\/Abou-Iyadh.jpg","type":"image\/jpeg"}],"author":"webdo.tn","twitter_card":"summary_large_image","twitter_creator":"@webdo_tn","twitter_site":"@webdo_tn","twitter_misc":{"\u00c9crit par":"webdo.tn","Dur\u00e9e de lecture estim\u00e9e":"2 minutes"},"schema":{"@context":"https:\/\/schema.org","@graph":[{"@type":"NewsArticle","@id":"https:\/\/www.webdo.tn\/fr\/actualite\/terrorisme\/amouri-dansar-charia-dammak-aide-abou-iyadh-senfuir-mosquee-fath\/180142\/#article","isPartOf":{"@id":"https:\/\/www.webdo.tn\/fr\/actualite\/terrorisme\/amouri-dansar-charia-dammak-aide-abou-iyadh-senfuir-mosquee-fath\/180142\/"},"author":{"name":"webdo.tn","@id":"https:\/\/www.webdo.tn\/fr\/#\/schema\/person\/9a9c6118d687c117df8ef3cc36a4d175"},"headline":"Amouri d&rsquo;Ansar Charia et Dammak ont aid\u00e9 Abou Iyadh \u00e0 s&rsquo;enfuir de la mosqu\u00e9e Fath","datePublished":"2014-07-31T22:47:00+00:00","dateModified":"2025-05-22T13:20:50+00:00","mainEntityOfPage":{"@id":"https:\/\/www.webdo.tn\/fr\/actualite\/terrorisme\/amouri-dansar-charia-dammak-aide-abou-iyadh-senfuir-mosquee-fath\/180142\/"},"wordCount":417,"commentCount":0,"publisher":{"@id":"https:\/\/www.webdo.tn\/fr\/#organization"},"image":{"@id":"https:\/\/www.webdo.tn\/fr\/actualite\/terrorisme\/amouri-dansar-charia-dammak-aide-abou-iyadh-senfuir-mosquee-fath\/180142\/#primaryimage"},"thumbnailUrl":"https:\/\/www.webdo.tn\/fr\/wp-content\/uploads\/2014\/07\/Abou-Iyadh.jpg","articleSection":["Terrorisme"],"inLanguage":"fr-FR"},{"@type":"WebPage","@id":"https:\/\/www.webdo.tn\/fr\/actualite\/terrorisme\/amouri-dansar-charia-dammak-aide-abou-iyadh-senfuir-mosquee-fath\/180142\/","url":"https:\/\/www.webdo.tn\/fr\/actualite\/terrorisme\/amouri-dansar-charia-dammak-aide-abou-iyadh-senfuir-mosquee-fath\/180142\/","name":"Amouri d'Ansar Charia et Dammak ont aid\u00e9 Abou Iyadh \u00e0 s'enfuir de la mosqu\u00e9e Fath","isPartOf":{"@id":"https:\/\/www.webdo.tn\/fr\/#website"},"primaryImageOfPage":{"@id":"https:\/\/www.webdo.tn\/fr\/actualite\/terrorisme\/amouri-dansar-charia-dammak-aide-abou-iyadh-senfuir-mosquee-fath\/180142\/#primaryimage"},"image":{"@id":"https:\/\/www.webdo.tn\/fr\/actualite\/terrorisme\/amouri-dansar-charia-dammak-aide-abou-iyadh-senfuir-mosquee-fath\/180142\/#primaryimage"},"thumbnailUrl":"https:\/\/www.webdo.tn\/fr\/wp-content\/uploads\/2014\/07\/Abou-Iyadh.jpg","datePublished":"2014-07-31T22:47:00+00:00","dateModified":"2025-05-22T13:20:50+00:00","description":"Amouri d'Ansar Charia et Dammak ont aid\u00e9 Abou Iyadh \u00e0 s'enfuir de la mosqu\u00e9e Fath","breadcrumb":{"@id":"https:\/\/www.webdo.tn\/fr\/actualite\/terrorisme\/amouri-dansar-charia-dammak-aide-abou-iyadh-senfuir-mosquee-fath\/180142\/#breadcrumb"},"inLanguage":"fr-FR","potentialAction":[{"@type":"ReadAction","target":["https:\/\/www.webdo.tn\/fr\/actualite\/terrorisme\/amouri-dansar-charia-dammak-aide-abou-iyadh-senfuir-mosquee-fath\/180142\/"]}]},{"@type":"ImageObject","inLanguage":"fr-FR","@id":"https:\/\/www.webdo.tn\/fr\/actualite\/terrorisme\/amouri-dansar-charia-dammak-aide-abou-iyadh-senfuir-mosquee-fath\/180142\/#primaryimage","url":"https:\/\/www.webdo.tn\/fr\/wp-content\/uploads\/2014\/07\/Abou-Iyadh.jpg","contentUrl":"https:\/\/www.webdo.tn\/fr\/wp-content\/uploads\/2014\/07\/Abou-Iyadh.jpg","width":248,"height":200,"caption":"Amouri d'Ansar Charia et Dammak ont aid\u00e9 Abou Iyadh \u00e0 s'enfuir de la mosqu\u00e9e Fath"},{"@type":"BreadcrumbList","@id":"https:\/\/www.webdo.tn\/fr\/actualite\/terrorisme\/amouri-dansar-charia-dammak-aide-abou-iyadh-senfuir-mosquee-fath\/180142\/#breadcrumb","itemListElement":[{"@type":"ListItem","position":1,"name":"Accueil","item":"https:\/\/www.webdo.tn\/fr\/"},{"@type":"ListItem","position":2,"name":"Amouri d&rsquo;Ansar Charia et Dammak ont aid\u00e9 Abou Iyadh \u00e0 s&rsquo;enfuir de la mosqu\u00e9e Fath"}]},{"@type":"WebSite","@id":"https:\/\/www.webdo.tn\/fr\/#website","url":"https:\/\/www.webdo.tn\/fr\/","name":"webdo","description":"Tunisie - News en Tunisie et \u00e0 l&#039;international sur Webdo.tn","publisher":{"@id":"https:\/\/www.webdo.tn\/fr\/#organization"},"potentialAction":[{"@type":"SearchAction","target":{"@type":"EntryPoint","urlTemplate":"https:\/\/www.webdo.tn\/fr\/?s={search_term_string}"},"query-input":{"@type":"PropertyValueSpecification","valueRequired":true,"valueName":"search_term_string"}}],"inLanguage":"fr-FR"},{"@type":"Organization","@id":"https:\/\/www.webdo.tn\/fr\/#organization","name":"Webdo","alternateName":"Webdo.tn","url":"https:\/\/www.webdo.tn\/fr\/","logo":{"@type":"ImageObject","inLanguage":"fr-FR","@id":"https:\/\/www.webdo.tn\/fr\/#\/schema\/logo\/image\/","url":"https:\/\/www.webdo.tn\/fr\/wp-content\/uploads\/2025\/06\/Webdo-Tunisie_168377.jpg","contentUrl":"https:\/\/www.webdo.tn\/fr\/wp-content\/uploads\/2025\/06\/Webdo-Tunisie_168377.jpg","width":301,"height":301,"caption":"Webdo"},"image":{"@id":"https:\/\/www.webdo.tn\/fr\/#\/schema\/logo\/image\/"},"sameAs":["https:\/\/www.facebook.com\/webdotn","https:\/\/x.com\/webdo_tn"],"description":"Webdo est un m\u00e9dia num\u00e9rique tunisien fond\u00e9 en 2010, sp\u00e9cialis\u00e9 dans l\u2019actualit\u00e9 nationale et internationale, l\u2019\u00e9conomie, la soci\u00e9t\u00e9 et les analyses politiques. Le site s\u2019adresse \u00e0 un large public francophone et couvre l\u2019information tunisienne en temps r\u00e9el.","email":"redac@webdo.tn","legalName":"YNJ SARL","foundingDate":"2010-09-06","numberOfEmployees":{"@type":"QuantitativeValue","minValue":"11","maxValue":"50"}},{"@type":"Person","@id":"https:\/\/www.webdo.tn\/fr\/#\/schema\/person\/9a9c6118d687c117df8ef3cc36a4d175","name":"webdo.tn","image":{"@type":"ImageObject","inLanguage":"fr-FR","@id":"https:\/\/secure.gravatar.com\/avatar\/7ce1f28c0c3bbac99ff550b85ef8e44a6950c6ee24514fb6a5489e51d06f0298?s=96&d=mm&r=g","url":"https:\/\/secure.gravatar.com\/avatar\/7ce1f28c0c3bbac99ff550b85ef8e44a6950c6ee24514fb6a5489e51d06f0298?s=96&d=mm&r=g","contentUrl":"https:\/\/secure.gravatar.com\/avatar\/7ce1f28c0c3bbac99ff550b85ef8e44a6950c6ee24514fb6a5489e51d06f0298?s=96&d=mm&r=g","caption":"webdo.tn"},"url":"https:\/\/www.webdo.tn\/fr\/actualite\/author\/webdotn\/"}]}},"_links":{"self":[{"href":"https:\/\/www.webdo.tn\/fr\/wp-json\/wp\/v2\/posts\/180142","targetHints":{"allow":["GET"]}}],"collection":[{"href":"https:\/\/www.webdo.tn\/fr\/wp-json\/wp\/v2\/posts"}],"about":[{"href":"https:\/\/www.webdo.tn\/fr\/wp-json\/wp\/v2\/types\/post"}],"author":[{"embeddable":true,"href":"https:\/\/www.webdo.tn\/fr\/wp-json\/wp\/v2\/users\/3222"}],"replies":[{"embeddable":true,"href":"https:\/\/www.webdo.tn\/fr\/wp-json\/wp\/v2\/comments?post=180142"}],"version-history":[{"count":0,"href":"https:\/\/www.webdo.tn\/fr\/wp-json\/wp\/v2\/posts\/180142\/revisions"}],"wp:featuredmedia":[{"embeddable":true,"href":"https:\/\/www.webdo.tn\/fr\/wp-json\/wp\/v2\/media\/334813"}],"wp:attachment":[{"href":"https:\/\/www.webdo.tn\/fr\/wp-json\/wp\/v2\/media?parent=180142"}],"wp:term":[{"taxonomy":"category","embeddable":true,"href":"https:\/\/www.webdo.tn\/fr\/wp-json\/wp\/v2\/categories?post=180142"},{"taxonomy":"post_tag","embeddable":true,"href":"https:\/\/www.webdo.tn\/fr\/wp-json\/wp\/v2\/tags?post=180142"}],"curies":[{"name":"wp","href":"https:\/\/api.w.org\/{rel}","templated":true}]}}