{"id":180137,"date":"2014-08-04T13:10:00","date_gmt":"2014-08-04T13:10:00","guid":{"rendered":"https:\/\/www.webdo.tn\/fr\/blog\/kasserine-carte-attaques-terroristes\/180137\/"},"modified":"2025-05-22T13:07:57","modified_gmt":"2025-05-22T13:07:57","slug":"kasserine-carte-attaques-terroristes","status":"publish","type":"post","link":"https:\/\/www.webdo.tn\/fr\/actualite\/terrorisme\/kasserine-carte-attaques-terroristes\/180137\/","title":{"rendered":"Kasserine : Carte des attaques terroristes"},"content":{"rendered":"<p>22 d\u00e9cembre 2014<\/p>\n<p>Deux cadavres de \u00ab terroristes \u00bb retrouv\u00e9s enterr\u00e9s \u00e0 Chambi selon le porte-parole du minist\u00e8re de la D\u00e9fense<\/p>\n<p>16 ao\u00fbt 2014<br \/>\nUne explosion d&rsquo;une mine \u00e0\u00a0Chambi, \u00e0 Henchir Ettala plus exactement, a eu lieu ce samedi 16 ao\u00fbt d&rsquo;apr\u00e8s notre correspondant Mohamed Kachroudi \u00e0\u00a0Kasserine,\u00a0l\u00e0 o\u00f9\u00a015 militaires ont \u00e9t\u00e9 tu\u00e9s il y a un mois jour pour jour, le 16 juillet\u00a0dernier. Deux militaires ont \u00e9t\u00e9 bless\u00e9s, dont l&rsquo;un a perdu une jambe.\u00a0<br \/>\n4 ao\u00fbt 2014<br \/>\nUn commando a \u00e9t\u00e9 attaqu\u00e9 \u00e0 Jebal Semmama ce lundi 4 ao\u00fbt par des terroristes.<\/p>\n<p>Entour\u00e9e par les monts Cha\u00e2mbi et Semmama, la r\u00e9gion de Kasserine est celle qui souffre le plus des attaques terroristes depuis 2011.<\/p>\n<p>Le Jebal Selloum lui-m\u00eame, le troisi\u00e8me massif montagneux de la r\u00e9gion, semble \u00e9galement \u00eatre une zone sensible : des mines y ont explos\u00e9 les 11 juin et 1er juillet derniers, touchant des citoyens civils.<\/p>\n<p>L&rsquo;ex porte-parole du minist\u00e8re de la D\u00e9fense, Taoufik Rahmouni, avait d\u00e9clar\u00e9 le 15 f\u00e9vrier 2014 sur les ondes de la radio Shems FM que les trois monts &#8211; Cha\u00e2mbi, Semmama et Selloum &#8211; avaient \u00e9t\u00e9 bombard\u00e9s \u00e0 plusieurs emplacements \u00e0 l&rsquo;aide de canons et d&rsquo;avions :<br \/>\n[quote_box_center]\u00a0\u00bb\u00c0 chaque fois qu&rsquo;il y a localisation d&rsquo;\u00e9l\u00e9ments suspects, les canons, et m\u00eame les avions s&rsquo;ils le faut, bombardent ces massifs\u00a0\u00bb.\u00a0[\/quote_box_center]<br \/>\nCe dimanche vers 1h du matin, un groupe de terroristes, en \u00a04&#215;4, a\u00a0tir\u00e9 sur un militaire et un homme en civil\u00a0devant la caserne de Sbeitla \u00e0 Kasserine.\u00a0Une autre attaque a eu lieu simultan\u00e9ment\u00a0\u00e0 Haidra, toujours \u00e0 Kasserine, \u00e0 quelques kilom\u00e8tres de la fronti\u00e8re alg\u00e9rienne.<\/p>\n","protected":false},"excerpt":{"rendered":"<p>Kasserine : Carte des attaques terroristes <\/p>\n","protected":false},"author":3222,"featured_media":320762,"comment_status":"open","ping_status":"closed","sticky":false,"template":"","format":"standard","meta":{"footnotes":""},"categories":[11342],"tags":[],"class_list":["post-180137","post","type-post","status-publish","format-standard","has-post-thumbnail","hentry","category-terrorisme"],"yoast_head":"<!-- This site is optimized with the Yoast SEO Premium plugin v27.5 (Yoast SEO v27.5) - https:\/\/yoast.com\/product\/yoast-seo-premium-wordpress\/ -->\n<title>Kasserine : Carte des attaques terroristes<\/title>\n<meta name=\"description\" content=\"Kasserine : Carte des attaques terroristes\" \/>\n<link rel=\"canonical\" href=\"https:\/\/www.webdo.tn\/fr\/actualite\/terrorisme\/kasserine-carte-attaques-terroristes\/180137\/\" \/>\n<meta property=\"og:locale\" content=\"fr_FR\" \/>\n<meta property=\"og:type\" content=\"article\" \/>\n<meta property=\"og:title\" content=\"Kasserine : Carte des attaques terroristes\" \/>\n<meta property=\"og:description\" content=\"Kasserine : Carte des attaques terroristes\" \/>\n<meta property=\"og:url\" content=\"https:\/\/www.webdo.tn\/fr\/actualite\/terrorisme\/kasserine-carte-attaques-terroristes\/180137\/\" \/>\n<meta property=\"og:site_name\" content=\"webdo\" \/>\n<meta property=\"article:publisher\" content=\"https:\/\/www.facebook.com\/webdotn\" \/>\n<meta property=\"article:published_time\" content=\"2014-08-04T13:10:00+00:00\" \/>\n<meta property=\"article:modified_time\" content=\"2025-05-22T13:07:57+00:00\" \/>\n<meta property=\"og:image\" content=\"https:\/\/www.webdo.tn\/fr\/wp-content\/uploads\/2014\/08\/Carte-des-attaques-terroristes.jpg\" \/>\n\t<meta property=\"og:image:width\" content=\"544\" \/>\n\t<meta property=\"og:image:height\" content=\"305\" \/>\n\t<meta property=\"og:image:type\" content=\"image\/jpeg\" \/>\n<meta name=\"author\" content=\"webdo.tn\" \/>\n<meta name=\"twitter:card\" content=\"summary_large_image\" \/>\n<meta name=\"twitter:creator\" content=\"@webdo_tn\" \/>\n<meta name=\"twitter:site\" content=\"@webdo_tn\" \/>\n<meta name=\"twitter:label1\" content=\"\u00c9crit par\" \/>\n\t<meta name=\"twitter:data1\" content=\"webdo.tn\" \/>\n\t<meta name=\"twitter:label2\" content=\"Dur\u00e9e de lecture estim\u00e9e\" \/>\n\t<meta name=\"twitter:data2\" content=\"1 minute\" \/>\n<script type=\"application\/ld+json\" class=\"yoast-schema-graph\">{\"@context\":\"https:\\\/\\\/schema.org\",\"@graph\":[{\"@type\":\"NewsArticle\",\"@id\":\"https:\\\/\\\/www.webdo.tn\\\/fr\\\/actualite\\\/terrorisme\\\/kasserine-carte-attaques-terroristes\\\/180137\\\/#article\",\"isPartOf\":{\"@id\":\"https:\\\/\\\/www.webdo.tn\\\/fr\\\/actualite\\\/terrorisme\\\/kasserine-carte-attaques-terroristes\\\/180137\\\/\"},\"author\":{\"name\":\"webdo.tn\",\"@id\":\"https:\\\/\\\/www.webdo.tn\\\/fr\\\/#\\\/schema\\\/person\\\/9a9c6118d687c117df8ef3cc36a4d175\"},\"headline\":\"Kasserine : Carte des attaques terroristes\",\"datePublished\":\"2014-08-04T13:10:00+00:00\",\"dateModified\":\"2025-05-22T13:07:57+00:00\",\"mainEntityOfPage\":{\"@id\":\"https:\\\/\\\/www.webdo.tn\\\/fr\\\/actualite\\\/terrorisme\\\/kasserine-carte-attaques-terroristes\\\/180137\\\/\"},\"wordCount\":288,\"commentCount\":0,\"publisher\":{\"@id\":\"https:\\\/\\\/www.webdo.tn\\\/fr\\\/#organization\"},\"image\":{\"@id\":\"https:\\\/\\\/www.webdo.tn\\\/fr\\\/actualite\\\/terrorisme\\\/kasserine-carte-attaques-terroristes\\\/180137\\\/#primaryimage\"},\"thumbnailUrl\":\"https:\\\/\\\/www.webdo.tn\\\/fr\\\/wp-content\\\/uploads\\\/2014\\\/08\\\/Carte-des-attaques-terroristes.jpg\",\"articleSection\":[\"Terrorisme\"],\"inLanguage\":\"fr-FR\"},{\"@type\":\"WebPage\",\"@id\":\"https:\\\/\\\/www.webdo.tn\\\/fr\\\/actualite\\\/terrorisme\\\/kasserine-carte-attaques-terroristes\\\/180137\\\/\",\"url\":\"https:\\\/\\\/www.webdo.tn\\\/fr\\\/actualite\\\/terrorisme\\\/kasserine-carte-attaques-terroristes\\\/180137\\\/\",\"name\":\"Kasserine : Carte des attaques terroristes\",\"isPartOf\":{\"@id\":\"https:\\\/\\\/www.webdo.tn\\\/fr\\\/#website\"},\"primaryImageOfPage\":{\"@id\":\"https:\\\/\\\/www.webdo.tn\\\/fr\\\/actualite\\\/terrorisme\\\/kasserine-carte-attaques-terroristes\\\/180137\\\/#primaryimage\"},\"image\":{\"@id\":\"https:\\\/\\\/www.webdo.tn\\\/fr\\\/actualite\\\/terrorisme\\\/kasserine-carte-attaques-terroristes\\\/180137\\\/#primaryimage\"},\"thumbnailUrl\":\"https:\\\/\\\/www.webdo.tn\\\/fr\\\/wp-content\\\/uploads\\\/2014\\\/08\\\/Carte-des-attaques-terroristes.jpg\",\"datePublished\":\"2014-08-04T13:10:00+00:00\",\"dateModified\":\"2025-05-22T13:07:57+00:00\",\"description\":\"Kasserine : Carte des attaques terroristes\",\"breadcrumb\":{\"@id\":\"https:\\\/\\\/www.webdo.tn\\\/fr\\\/actualite\\\/terrorisme\\\/kasserine-carte-attaques-terroristes\\\/180137\\\/#breadcrumb\"},\"inLanguage\":\"fr-FR\",\"potentialAction\":[{\"@type\":\"ReadAction\",\"target\":[\"https:\\\/\\\/www.webdo.tn\\\/fr\\\/actualite\\\/terrorisme\\\/kasserine-carte-attaques-terroristes\\\/180137\\\/\"]}]},{\"@type\":\"ImageObject\",\"inLanguage\":\"fr-FR\",\"@id\":\"https:\\\/\\\/www.webdo.tn\\\/fr\\\/actualite\\\/terrorisme\\\/kasserine-carte-attaques-terroristes\\\/180137\\\/#primaryimage\",\"url\":\"https:\\\/\\\/www.webdo.tn\\\/fr\\\/wp-content\\\/uploads\\\/2014\\\/08\\\/Carte-des-attaques-terroristes.jpg\",\"contentUrl\":\"https:\\\/\\\/www.webdo.tn\\\/fr\\\/wp-content\\\/uploads\\\/2014\\\/08\\\/Carte-des-attaques-terroristes.jpg\",\"width\":544,\"height\":305,\"caption\":\"Kasserine : Carte des attaques terroristes\"},{\"@type\":\"BreadcrumbList\",\"@id\":\"https:\\\/\\\/www.webdo.tn\\\/fr\\\/actualite\\\/terrorisme\\\/kasserine-carte-attaques-terroristes\\\/180137\\\/#breadcrumb\",\"itemListElement\":[{\"@type\":\"ListItem\",\"position\":1,\"name\":\"Accueil\",\"item\":\"https:\\\/\\\/www.webdo.tn\\\/fr\\\/\"},{\"@type\":\"ListItem\",\"position\":2,\"name\":\"Kasserine : Carte des attaques terroristes\"}]},{\"@type\":\"WebSite\",\"@id\":\"https:\\\/\\\/www.webdo.tn\\\/fr\\\/#website\",\"url\":\"https:\\\/\\\/www.webdo.tn\\\/fr\\\/\",\"name\":\"webdo\",\"description\":\"Tunisie - News en Tunisie et \u00e0 l&#039;international sur Webdo.tn\",\"publisher\":{\"@id\":\"https:\\\/\\\/www.webdo.tn\\\/fr\\\/#organization\"},\"potentialAction\":[{\"@type\":\"SearchAction\",\"target\":{\"@type\":\"EntryPoint\",\"urlTemplate\":\"https:\\\/\\\/www.webdo.tn\\\/fr\\\/?s={search_term_string}\"},\"query-input\":{\"@type\":\"PropertyValueSpecification\",\"valueRequired\":true,\"valueName\":\"search_term_string\"}}],\"inLanguage\":\"fr-FR\"},{\"@type\":\"Organization\",\"@id\":\"https:\\\/\\\/www.webdo.tn\\\/fr\\\/#organization\",\"name\":\"Webdo\",\"alternateName\":\"Webdo.tn\",\"url\":\"https:\\\/\\\/www.webdo.tn\\\/fr\\\/\",\"logo\":{\"@type\":\"ImageObject\",\"inLanguage\":\"fr-FR\",\"@id\":\"https:\\\/\\\/www.webdo.tn\\\/fr\\\/#\\\/schema\\\/logo\\\/image\\\/\",\"url\":\"https:\\\/\\\/www.webdo.tn\\\/fr\\\/wp-content\\\/uploads\\\/2025\\\/06\\\/Webdo-Tunisie_168377.jpg\",\"contentUrl\":\"https:\\\/\\\/www.webdo.tn\\\/fr\\\/wp-content\\\/uploads\\\/2025\\\/06\\\/Webdo-Tunisie_168377.jpg\",\"width\":301,\"height\":301,\"caption\":\"Webdo\"},\"image\":{\"@id\":\"https:\\\/\\\/www.webdo.tn\\\/fr\\\/#\\\/schema\\\/logo\\\/image\\\/\"},\"sameAs\":[\"https:\\\/\\\/www.facebook.com\\\/webdotn\",\"https:\\\/\\\/x.com\\\/webdo_tn\"],\"description\":\"Webdo est un m\u00e9dia num\u00e9rique tunisien fond\u00e9 en 2010, sp\u00e9cialis\u00e9 dans l\u2019actualit\u00e9 nationale et internationale, l\u2019\u00e9conomie, la soci\u00e9t\u00e9 et les analyses politiques. Le site s\u2019adresse \u00e0 un large public francophone et couvre l\u2019information tunisienne en temps r\u00e9el.\",\"email\":\"redac@webdo.tn\",\"legalName\":\"YNJ SARL\",\"foundingDate\":\"2010-09-06\",\"numberOfEmployees\":{\"@type\":\"QuantitativeValue\",\"minValue\":\"11\",\"maxValue\":\"50\"}},{\"@type\":\"Person\",\"@id\":\"https:\\\/\\\/www.webdo.tn\\\/fr\\\/#\\\/schema\\\/person\\\/9a9c6118d687c117df8ef3cc36a4d175\",\"name\":\"webdo.tn\",\"image\":{\"@type\":\"ImageObject\",\"inLanguage\":\"fr-FR\",\"@id\":\"https:\\\/\\\/secure.gravatar.com\\\/avatar\\\/7ce1f28c0c3bbac99ff550b85ef8e44a6950c6ee24514fb6a5489e51d06f0298?s=96&d=mm&r=g\",\"url\":\"https:\\\/\\\/secure.gravatar.com\\\/avatar\\\/7ce1f28c0c3bbac99ff550b85ef8e44a6950c6ee24514fb6a5489e51d06f0298?s=96&d=mm&r=g\",\"contentUrl\":\"https:\\\/\\\/secure.gravatar.com\\\/avatar\\\/7ce1f28c0c3bbac99ff550b85ef8e44a6950c6ee24514fb6a5489e51d06f0298?s=96&d=mm&r=g\",\"caption\":\"webdo.tn\"},\"url\":\"https:\\\/\\\/www.webdo.tn\\\/fr\\\/actualite\\\/author\\\/webdotn\\\/\"}]}<\/script>\n<!-- \/ Yoast SEO Premium plugin. -->","yoast_head_json":{"title":"Kasserine : Carte des attaques terroristes","description":"Kasserine : Carte des attaques terroristes","canonical":"https:\/\/www.webdo.tn\/fr\/actualite\/terrorisme\/kasserine-carte-attaques-terroristes\/180137\/","og_locale":"fr_FR","og_type":"article","og_title":"Kasserine : Carte des attaques terroristes","og_description":"Kasserine : Carte des attaques terroristes","og_url":"https:\/\/www.webdo.tn\/fr\/actualite\/terrorisme\/kasserine-carte-attaques-terroristes\/180137\/","og_site_name":"webdo","article_publisher":"https:\/\/www.facebook.com\/webdotn","article_published_time":"2014-08-04T13:10:00+00:00","article_modified_time":"2025-05-22T13:07:57+00:00","og_image":[{"width":544,"height":305,"url":"https:\/\/www.webdo.tn\/fr\/wp-content\/uploads\/2014\/08\/Carte-des-attaques-terroristes.jpg","type":"image\/jpeg"}],"author":"webdo.tn","twitter_card":"summary_large_image","twitter_creator":"@webdo_tn","twitter_site":"@webdo_tn","twitter_misc":{"\u00c9crit par":"webdo.tn","Dur\u00e9e de lecture estim\u00e9e":"1 minute"},"schema":{"@context":"https:\/\/schema.org","@graph":[{"@type":"NewsArticle","@id":"https:\/\/www.webdo.tn\/fr\/actualite\/terrorisme\/kasserine-carte-attaques-terroristes\/180137\/#article","isPartOf":{"@id":"https:\/\/www.webdo.tn\/fr\/actualite\/terrorisme\/kasserine-carte-attaques-terroristes\/180137\/"},"author":{"name":"webdo.tn","@id":"https:\/\/www.webdo.tn\/fr\/#\/schema\/person\/9a9c6118d687c117df8ef3cc36a4d175"},"headline":"Kasserine : Carte des attaques terroristes","datePublished":"2014-08-04T13:10:00+00:00","dateModified":"2025-05-22T13:07:57+00:00","mainEntityOfPage":{"@id":"https:\/\/www.webdo.tn\/fr\/actualite\/terrorisme\/kasserine-carte-attaques-terroristes\/180137\/"},"wordCount":288,"commentCount":0,"publisher":{"@id":"https:\/\/www.webdo.tn\/fr\/#organization"},"image":{"@id":"https:\/\/www.webdo.tn\/fr\/actualite\/terrorisme\/kasserine-carte-attaques-terroristes\/180137\/#primaryimage"},"thumbnailUrl":"https:\/\/www.webdo.tn\/fr\/wp-content\/uploads\/2014\/08\/Carte-des-attaques-terroristes.jpg","articleSection":["Terrorisme"],"inLanguage":"fr-FR"},{"@type":"WebPage","@id":"https:\/\/www.webdo.tn\/fr\/actualite\/terrorisme\/kasserine-carte-attaques-terroristes\/180137\/","url":"https:\/\/www.webdo.tn\/fr\/actualite\/terrorisme\/kasserine-carte-attaques-terroristes\/180137\/","name":"Kasserine : Carte des attaques terroristes","isPartOf":{"@id":"https:\/\/www.webdo.tn\/fr\/#website"},"primaryImageOfPage":{"@id":"https:\/\/www.webdo.tn\/fr\/actualite\/terrorisme\/kasserine-carte-attaques-terroristes\/180137\/#primaryimage"},"image":{"@id":"https:\/\/www.webdo.tn\/fr\/actualite\/terrorisme\/kasserine-carte-attaques-terroristes\/180137\/#primaryimage"},"thumbnailUrl":"https:\/\/www.webdo.tn\/fr\/wp-content\/uploads\/2014\/08\/Carte-des-attaques-terroristes.jpg","datePublished":"2014-08-04T13:10:00+00:00","dateModified":"2025-05-22T13:07:57+00:00","description":"Kasserine : Carte des attaques terroristes","breadcrumb":{"@id":"https:\/\/www.webdo.tn\/fr\/actualite\/terrorisme\/kasserine-carte-attaques-terroristes\/180137\/#breadcrumb"},"inLanguage":"fr-FR","potentialAction":[{"@type":"ReadAction","target":["https:\/\/www.webdo.tn\/fr\/actualite\/terrorisme\/kasserine-carte-attaques-terroristes\/180137\/"]}]},{"@type":"ImageObject","inLanguage":"fr-FR","@id":"https:\/\/www.webdo.tn\/fr\/actualite\/terrorisme\/kasserine-carte-attaques-terroristes\/180137\/#primaryimage","url":"https:\/\/www.webdo.tn\/fr\/wp-content\/uploads\/2014\/08\/Carte-des-attaques-terroristes.jpg","contentUrl":"https:\/\/www.webdo.tn\/fr\/wp-content\/uploads\/2014\/08\/Carte-des-attaques-terroristes.jpg","width":544,"height":305,"caption":"Kasserine : Carte des attaques terroristes"},{"@type":"BreadcrumbList","@id":"https:\/\/www.webdo.tn\/fr\/actualite\/terrorisme\/kasserine-carte-attaques-terroristes\/180137\/#breadcrumb","itemListElement":[{"@type":"ListItem","position":1,"name":"Accueil","item":"https:\/\/www.webdo.tn\/fr\/"},{"@type":"ListItem","position":2,"name":"Kasserine : Carte des attaques terroristes"}]},{"@type":"WebSite","@id":"https:\/\/www.webdo.tn\/fr\/#website","url":"https:\/\/www.webdo.tn\/fr\/","name":"webdo","description":"Tunisie - News en Tunisie et \u00e0 l&#039;international sur Webdo.tn","publisher":{"@id":"https:\/\/www.webdo.tn\/fr\/#organization"},"potentialAction":[{"@type":"SearchAction","target":{"@type":"EntryPoint","urlTemplate":"https:\/\/www.webdo.tn\/fr\/?s={search_term_string}"},"query-input":{"@type":"PropertyValueSpecification","valueRequired":true,"valueName":"search_term_string"}}],"inLanguage":"fr-FR"},{"@type":"Organization","@id":"https:\/\/www.webdo.tn\/fr\/#organization","name":"Webdo","alternateName":"Webdo.tn","url":"https:\/\/www.webdo.tn\/fr\/","logo":{"@type":"ImageObject","inLanguage":"fr-FR","@id":"https:\/\/www.webdo.tn\/fr\/#\/schema\/logo\/image\/","url":"https:\/\/www.webdo.tn\/fr\/wp-content\/uploads\/2025\/06\/Webdo-Tunisie_168377.jpg","contentUrl":"https:\/\/www.webdo.tn\/fr\/wp-content\/uploads\/2025\/06\/Webdo-Tunisie_168377.jpg","width":301,"height":301,"caption":"Webdo"},"image":{"@id":"https:\/\/www.webdo.tn\/fr\/#\/schema\/logo\/image\/"},"sameAs":["https:\/\/www.facebook.com\/webdotn","https:\/\/x.com\/webdo_tn"],"description":"Webdo est un m\u00e9dia num\u00e9rique tunisien fond\u00e9 en 2010, sp\u00e9cialis\u00e9 dans l\u2019actualit\u00e9 nationale et internationale, l\u2019\u00e9conomie, la soci\u00e9t\u00e9 et les analyses politiques. Le site s\u2019adresse \u00e0 un large public francophone et couvre l\u2019information tunisienne en temps r\u00e9el.","email":"redac@webdo.tn","legalName":"YNJ SARL","foundingDate":"2010-09-06","numberOfEmployees":{"@type":"QuantitativeValue","minValue":"11","maxValue":"50"}},{"@type":"Person","@id":"https:\/\/www.webdo.tn\/fr\/#\/schema\/person\/9a9c6118d687c117df8ef3cc36a4d175","name":"webdo.tn","image":{"@type":"ImageObject","inLanguage":"fr-FR","@id":"https:\/\/secure.gravatar.com\/avatar\/7ce1f28c0c3bbac99ff550b85ef8e44a6950c6ee24514fb6a5489e51d06f0298?s=96&d=mm&r=g","url":"https:\/\/secure.gravatar.com\/avatar\/7ce1f28c0c3bbac99ff550b85ef8e44a6950c6ee24514fb6a5489e51d06f0298?s=96&d=mm&r=g","contentUrl":"https:\/\/secure.gravatar.com\/avatar\/7ce1f28c0c3bbac99ff550b85ef8e44a6950c6ee24514fb6a5489e51d06f0298?s=96&d=mm&r=g","caption":"webdo.tn"},"url":"https:\/\/www.webdo.tn\/fr\/actualite\/author\/webdotn\/"}]}},"_links":{"self":[{"href":"https:\/\/www.webdo.tn\/fr\/wp-json\/wp\/v2\/posts\/180137","targetHints":{"allow":["GET"]}}],"collection":[{"href":"https:\/\/www.webdo.tn\/fr\/wp-json\/wp\/v2\/posts"}],"about":[{"href":"https:\/\/www.webdo.tn\/fr\/wp-json\/wp\/v2\/types\/post"}],"author":[{"embeddable":true,"href":"https:\/\/www.webdo.tn\/fr\/wp-json\/wp\/v2\/users\/3222"}],"replies":[{"embeddable":true,"href":"https:\/\/www.webdo.tn\/fr\/wp-json\/wp\/v2\/comments?post=180137"}],"version-history":[{"count":0,"href":"https:\/\/www.webdo.tn\/fr\/wp-json\/wp\/v2\/posts\/180137\/revisions"}],"wp:featuredmedia":[{"embeddable":true,"href":"https:\/\/www.webdo.tn\/fr\/wp-json\/wp\/v2\/media\/320762"}],"wp:attachment":[{"href":"https:\/\/www.webdo.tn\/fr\/wp-json\/wp\/v2\/media?parent=180137"}],"wp:term":[{"taxonomy":"category","embeddable":true,"href":"https:\/\/www.webdo.tn\/fr\/wp-json\/wp\/v2\/categories?post=180137"},{"taxonomy":"post_tag","embeddable":true,"href":"https:\/\/www.webdo.tn\/fr\/wp-json\/wp\/v2\/tags?post=180137"}],"curies":[{"name":"wp","href":"https:\/\/api.w.org\/{rel}","templated":true}]}}