{"id":180136,"date":"2014-08-04T18:00:00","date_gmt":"2014-08-04T18:00:00","guid":{"rendered":"https:\/\/www.webdo.tn\/fr\/blog\/reouverture-cinq-mosquees-fermees-cellule-crise-gouvernementale\/184540\/"},"modified":"2025-06-04T18:18:32","modified_gmt":"2025-06-04T18:18:32","slug":"reouverture-cinq-mosquees-fermees-cellule-crise-gouvernementale-2","status":"publish","type":"post","link":"https:\/\/www.webdo.tn\/fr\/actualite\/terrorisme\/reouverture-cinq-mosquees-fermees-cellule-crise-gouvernementale-2\/180136\/","title":{"rendered":"R\u00e9ouverture de cinq mosqu\u00e9es ferm\u00e9es par la cellule de crise gouvernementale"},"content":{"rendered":"<p>Dans un communiqu\u00e9 publi\u00e9 ce lundi 4 ao\u00fbt, le minist\u00e8re des Affaires religieuses a annonc\u00e9 la r\u00e9ouverture de quelques mosqu\u00e9es qui ont \u00e9t\u00e9 ferm\u00e9es notamment pour absence d&rsquo;autorisation, suite \u00e0 une d\u00e9cision de la cellule de crise gouvernementale charg\u00e9e combattre le terrorisme et l&rsquo;extr\u00e9misme religieux, le 19 juillet dernier.<\/p>\n<p>\u00ab\u00a0Apr\u00e8s v\u00e9rification de la situation juridique et fonci\u00e8re de ces lieux, certains d&rsquo;entre eux ont \u00e9t\u00e9 rouverts vu qu&rsquo;ils r\u00e9pondent, d\u00e9sormais, aux conditions d&rsquo;installation des mosqu\u00e9es\u00a0\u00bb, a pr\u00e9cis\u00e9 le minist\u00e8re.<\/p>\n<p>Les mosqu\u00e9es concern\u00e9es par ce communiqu\u00e9 sont :<\/p>\n<p> Mosqu\u00e9e Al Safa &#8211; Ariana<br \/>\n Mosqu\u00e9e Al Iman &#8211; Amdoun (gouvernorat de B\u00e9ja)<br \/>\n Mosqu\u00e9e Ennour &#8211; Mejez El Bab (gouvernorat de B\u00e9ja)<br \/>\n Mosqu\u00e9e de la Cit\u00e9 Al Massaken &#8211; Gbollat (gouvernorat de B\u00e9ja)<br \/>\n Mosqu\u00e9e Al Dhawehiriya &#8211; Sejnane (gouvernorat de Bizerte)<\/p>\n<p>Par ailleurs, la mosqu\u00e9e Ennour, \u00e0 Bou Argoub (gouvernorat de Nabeul), sera incessamment rouverte, et ce, en attendant la finalisation de la d\u00e9signation de ses nouveaux responsables.<\/p>\n","protected":false},"excerpt":{"rendered":"<p>R\u00e9ouverture de cinq mosqu\u00e9es ferm\u00e9es par la cellule de crise gouvernementale<\/p>\n","protected":false},"author":3222,"featured_media":320768,"comment_status":"open","ping_status":"closed","sticky":false,"template":"","format":"standard","meta":{"footnotes":""},"categories":[11342],"tags":[],"class_list":["post-180136","post","type-post","status-publish","format-standard","has-post-thumbnail","hentry","category-terrorisme"],"yoast_head":"<!-- This site is optimized with the Yoast SEO Premium plugin v27.5 (Yoast SEO v27.5) - https:\/\/yoast.com\/product\/yoast-seo-premium-wordpress\/ -->\n<title>R\u00e9ouverture de cinq mosqu\u00e9es ferm\u00e9es par la cellule de crise gouvernementale<\/title>\n<meta name=\"description\" content=\"R\u00e9ouverture de cinq mosqu\u00e9es ferm\u00e9es par la cellule de crise gouvernementale\" \/>\n<link rel=\"canonical\" href=\"https:\/\/www.webdo.tn\/fr\/actualite\/terrorisme\/reouverture-cinq-mosquees-fermees-cellule-crise-gouvernementale-2\/180136\/\" \/>\n<meta property=\"og:locale\" content=\"fr_FR\" \/>\n<meta property=\"og:type\" content=\"article\" \/>\n<meta property=\"og:title\" content=\"R\u00e9ouverture de cinq mosqu\u00e9es ferm\u00e9es par la cellule de crise gouvernementale\" \/>\n<meta property=\"og:description\" content=\"R\u00e9ouverture de cinq mosqu\u00e9es ferm\u00e9es par la cellule de crise gouvernementale\" \/>\n<meta property=\"og:url\" content=\"https:\/\/www.webdo.tn\/fr\/actualite\/terrorisme\/reouverture-cinq-mosquees-fermees-cellule-crise-gouvernementale-2\/180136\/\" \/>\n<meta property=\"og:site_name\" content=\"webdo\" \/>\n<meta property=\"article:publisher\" content=\"https:\/\/www.facebook.com\/webdotn\" \/>\n<meta property=\"article:published_time\" content=\"2014-08-04T18:00:00+00:00\" \/>\n<meta property=\"article:modified_time\" content=\"2025-06-04T18:18:32+00:00\" \/>\n<meta property=\"og:image\" content=\"https:\/\/www.webdo.tn\/fr\/wp-content\/uploads\/2014\/08\/Ministere-des-Affaires-religieuses.jpeg\" \/>\n\t<meta property=\"og:image:width\" content=\"515\" \/>\n\t<meta property=\"og:image:height\" content=\"322\" \/>\n\t<meta property=\"og:image:type\" content=\"image\/jpeg\" \/>\n<meta name=\"author\" content=\"webdo.tn\" \/>\n<meta name=\"twitter:card\" content=\"summary_large_image\" \/>\n<meta name=\"twitter:creator\" content=\"@webdo_tn\" \/>\n<meta name=\"twitter:site\" content=\"@webdo_tn\" \/>\n<meta name=\"twitter:label1\" content=\"\u00c9crit par\" \/>\n\t<meta name=\"twitter:data1\" content=\"webdo.tn\" \/>\n\t<meta name=\"twitter:label2\" content=\"Dur\u00e9e de lecture estim\u00e9e\" \/>\n\t<meta name=\"twitter:data2\" content=\"1 minute\" \/>\n<script type=\"application\/ld+json\" class=\"yoast-schema-graph\">{\"@context\":\"https:\\\/\\\/schema.org\",\"@graph\":[{\"@type\":\"NewsArticle\",\"@id\":\"https:\\\/\\\/www.webdo.tn\\\/fr\\\/actualite\\\/terrorisme\\\/reouverture-cinq-mosquees-fermees-cellule-crise-gouvernementale-2\\\/180136\\\/#article\",\"isPartOf\":{\"@id\":\"https:\\\/\\\/www.webdo.tn\\\/fr\\\/actualite\\\/terrorisme\\\/reouverture-cinq-mosquees-fermees-cellule-crise-gouvernementale-2\\\/180136\\\/\"},\"author\":{\"name\":\"webdo.tn\",\"@id\":\"https:\\\/\\\/www.webdo.tn\\\/fr\\\/#\\\/schema\\\/person\\\/9a9c6118d687c117df8ef3cc36a4d175\"},\"headline\":\"R\u00e9ouverture de cinq mosqu\u00e9es ferm\u00e9es par la cellule de crise gouvernementale\",\"datePublished\":\"2014-08-04T18:00:00+00:00\",\"dateModified\":\"2025-06-04T18:18:32+00:00\",\"mainEntityOfPage\":{\"@id\":\"https:\\\/\\\/www.webdo.tn\\\/fr\\\/actualite\\\/terrorisme\\\/reouverture-cinq-mosquees-fermees-cellule-crise-gouvernementale-2\\\/180136\\\/\"},\"wordCount\":197,\"commentCount\":0,\"publisher\":{\"@id\":\"https:\\\/\\\/www.webdo.tn\\\/fr\\\/#organization\"},\"image\":{\"@id\":\"https:\\\/\\\/www.webdo.tn\\\/fr\\\/actualite\\\/terrorisme\\\/reouverture-cinq-mosquees-fermees-cellule-crise-gouvernementale-2\\\/180136\\\/#primaryimage\"},\"thumbnailUrl\":\"https:\\\/\\\/www.webdo.tn\\\/fr\\\/wp-content\\\/uploads\\\/2014\\\/08\\\/Ministere-des-Affaires-religieuses.jpeg\",\"articleSection\":[\"Terrorisme\"],\"inLanguage\":\"fr-FR\"},{\"@type\":\"WebPage\",\"@id\":\"https:\\\/\\\/www.webdo.tn\\\/fr\\\/actualite\\\/terrorisme\\\/reouverture-cinq-mosquees-fermees-cellule-crise-gouvernementale-2\\\/180136\\\/\",\"url\":\"https:\\\/\\\/www.webdo.tn\\\/fr\\\/actualite\\\/terrorisme\\\/reouverture-cinq-mosquees-fermees-cellule-crise-gouvernementale-2\\\/180136\\\/\",\"name\":\"R\u00e9ouverture de cinq mosqu\u00e9es ferm\u00e9es par la cellule de crise gouvernementale\",\"isPartOf\":{\"@id\":\"https:\\\/\\\/www.webdo.tn\\\/fr\\\/#website\"},\"primaryImageOfPage\":{\"@id\":\"https:\\\/\\\/www.webdo.tn\\\/fr\\\/actualite\\\/terrorisme\\\/reouverture-cinq-mosquees-fermees-cellule-crise-gouvernementale-2\\\/180136\\\/#primaryimage\"},\"image\":{\"@id\":\"https:\\\/\\\/www.webdo.tn\\\/fr\\\/actualite\\\/terrorisme\\\/reouverture-cinq-mosquees-fermees-cellule-crise-gouvernementale-2\\\/180136\\\/#primaryimage\"},\"thumbnailUrl\":\"https:\\\/\\\/www.webdo.tn\\\/fr\\\/wp-content\\\/uploads\\\/2014\\\/08\\\/Ministere-des-Affaires-religieuses.jpeg\",\"datePublished\":\"2014-08-04T18:00:00+00:00\",\"dateModified\":\"2025-06-04T18:18:32+00:00\",\"description\":\"R\u00e9ouverture de cinq mosqu\u00e9es ferm\u00e9es par la cellule de crise gouvernementale\",\"breadcrumb\":{\"@id\":\"https:\\\/\\\/www.webdo.tn\\\/fr\\\/actualite\\\/terrorisme\\\/reouverture-cinq-mosquees-fermees-cellule-crise-gouvernementale-2\\\/180136\\\/#breadcrumb\"},\"inLanguage\":\"fr-FR\",\"potentialAction\":[{\"@type\":\"ReadAction\",\"target\":[\"https:\\\/\\\/www.webdo.tn\\\/fr\\\/actualite\\\/terrorisme\\\/reouverture-cinq-mosquees-fermees-cellule-crise-gouvernementale-2\\\/180136\\\/\"]}]},{\"@type\":\"ImageObject\",\"inLanguage\":\"fr-FR\",\"@id\":\"https:\\\/\\\/www.webdo.tn\\\/fr\\\/actualite\\\/terrorisme\\\/reouverture-cinq-mosquees-fermees-cellule-crise-gouvernementale-2\\\/180136\\\/#primaryimage\",\"url\":\"https:\\\/\\\/www.webdo.tn\\\/fr\\\/wp-content\\\/uploads\\\/2014\\\/08\\\/Ministere-des-Affaires-religieuses.jpeg\",\"contentUrl\":\"https:\\\/\\\/www.webdo.tn\\\/fr\\\/wp-content\\\/uploads\\\/2014\\\/08\\\/Ministere-des-Affaires-religieuses.jpeg\",\"width\":515,\"height\":322,\"caption\":\"R\u00e9ouverture de cinq mosqu\u00e9es ferm\u00e9es par la cellule de crise gouvernementale\"},{\"@type\":\"BreadcrumbList\",\"@id\":\"https:\\\/\\\/www.webdo.tn\\\/fr\\\/actualite\\\/terrorisme\\\/reouverture-cinq-mosquees-fermees-cellule-crise-gouvernementale-2\\\/180136\\\/#breadcrumb\",\"itemListElement\":[{\"@type\":\"ListItem\",\"position\":1,\"name\":\"Accueil\",\"item\":\"https:\\\/\\\/www.webdo.tn\\\/fr\\\/\"},{\"@type\":\"ListItem\",\"position\":2,\"name\":\"R\u00e9ouverture de cinq mosqu\u00e9es ferm\u00e9es par la cellule de crise gouvernementale\"}]},{\"@type\":\"WebSite\",\"@id\":\"https:\\\/\\\/www.webdo.tn\\\/fr\\\/#website\",\"url\":\"https:\\\/\\\/www.webdo.tn\\\/fr\\\/\",\"name\":\"webdo\",\"description\":\"Tunisie - News en Tunisie et \u00e0 l&#039;international sur Webdo.tn\",\"publisher\":{\"@id\":\"https:\\\/\\\/www.webdo.tn\\\/fr\\\/#organization\"},\"potentialAction\":[{\"@type\":\"SearchAction\",\"target\":{\"@type\":\"EntryPoint\",\"urlTemplate\":\"https:\\\/\\\/www.webdo.tn\\\/fr\\\/?s={search_term_string}\"},\"query-input\":{\"@type\":\"PropertyValueSpecification\",\"valueRequired\":true,\"valueName\":\"search_term_string\"}}],\"inLanguage\":\"fr-FR\"},{\"@type\":\"Organization\",\"@id\":\"https:\\\/\\\/www.webdo.tn\\\/fr\\\/#organization\",\"name\":\"Webdo\",\"alternateName\":\"Webdo.tn\",\"url\":\"https:\\\/\\\/www.webdo.tn\\\/fr\\\/\",\"logo\":{\"@type\":\"ImageObject\",\"inLanguage\":\"fr-FR\",\"@id\":\"https:\\\/\\\/www.webdo.tn\\\/fr\\\/#\\\/schema\\\/logo\\\/image\\\/\",\"url\":\"https:\\\/\\\/www.webdo.tn\\\/fr\\\/wp-content\\\/uploads\\\/2025\\\/06\\\/Webdo-Tunisie_168377.jpg\",\"contentUrl\":\"https:\\\/\\\/www.webdo.tn\\\/fr\\\/wp-content\\\/uploads\\\/2025\\\/06\\\/Webdo-Tunisie_168377.jpg\",\"width\":301,\"height\":301,\"caption\":\"Webdo\"},\"image\":{\"@id\":\"https:\\\/\\\/www.webdo.tn\\\/fr\\\/#\\\/schema\\\/logo\\\/image\\\/\"},\"sameAs\":[\"https:\\\/\\\/www.facebook.com\\\/webdotn\",\"https:\\\/\\\/x.com\\\/webdo_tn\"],\"description\":\"Webdo est un m\u00e9dia num\u00e9rique tunisien fond\u00e9 en 2010, sp\u00e9cialis\u00e9 dans l\u2019actualit\u00e9 nationale et internationale, l\u2019\u00e9conomie, la soci\u00e9t\u00e9 et les analyses politiques. Le site s\u2019adresse \u00e0 un large public francophone et couvre l\u2019information tunisienne en temps r\u00e9el.\",\"email\":\"redac@webdo.tn\",\"legalName\":\"YNJ SARL\",\"foundingDate\":\"2010-09-06\",\"numberOfEmployees\":{\"@type\":\"QuantitativeValue\",\"minValue\":\"11\",\"maxValue\":\"50\"}},{\"@type\":\"Person\",\"@id\":\"https:\\\/\\\/www.webdo.tn\\\/fr\\\/#\\\/schema\\\/person\\\/9a9c6118d687c117df8ef3cc36a4d175\",\"name\":\"webdo.tn\",\"image\":{\"@type\":\"ImageObject\",\"inLanguage\":\"fr-FR\",\"@id\":\"https:\\\/\\\/secure.gravatar.com\\\/avatar\\\/7ce1f28c0c3bbac99ff550b85ef8e44a6950c6ee24514fb6a5489e51d06f0298?s=96&d=mm&r=g\",\"url\":\"https:\\\/\\\/secure.gravatar.com\\\/avatar\\\/7ce1f28c0c3bbac99ff550b85ef8e44a6950c6ee24514fb6a5489e51d06f0298?s=96&d=mm&r=g\",\"contentUrl\":\"https:\\\/\\\/secure.gravatar.com\\\/avatar\\\/7ce1f28c0c3bbac99ff550b85ef8e44a6950c6ee24514fb6a5489e51d06f0298?s=96&d=mm&r=g\",\"caption\":\"webdo.tn\"},\"url\":\"https:\\\/\\\/www.webdo.tn\\\/fr\\\/actualite\\\/author\\\/webdotn\\\/\"}]}<\/script>\n<!-- \/ Yoast SEO Premium plugin. -->","yoast_head_json":{"title":"R\u00e9ouverture de cinq mosqu\u00e9es ferm\u00e9es par la cellule de crise gouvernementale","description":"R\u00e9ouverture de cinq mosqu\u00e9es ferm\u00e9es par la cellule de crise gouvernementale","canonical":"https:\/\/www.webdo.tn\/fr\/actualite\/terrorisme\/reouverture-cinq-mosquees-fermees-cellule-crise-gouvernementale-2\/180136\/","og_locale":"fr_FR","og_type":"article","og_title":"R\u00e9ouverture de cinq mosqu\u00e9es ferm\u00e9es par la cellule de crise gouvernementale","og_description":"R\u00e9ouverture de cinq mosqu\u00e9es ferm\u00e9es par la cellule de crise gouvernementale","og_url":"https:\/\/www.webdo.tn\/fr\/actualite\/terrorisme\/reouverture-cinq-mosquees-fermees-cellule-crise-gouvernementale-2\/180136\/","og_site_name":"webdo","article_publisher":"https:\/\/www.facebook.com\/webdotn","article_published_time":"2014-08-04T18:00:00+00:00","article_modified_time":"2025-06-04T18:18:32+00:00","og_image":[{"width":515,"height":322,"url":"https:\/\/www.webdo.tn\/fr\/wp-content\/uploads\/2014\/08\/Ministere-des-Affaires-religieuses.jpeg","type":"image\/jpeg"}],"author":"webdo.tn","twitter_card":"summary_large_image","twitter_creator":"@webdo_tn","twitter_site":"@webdo_tn","twitter_misc":{"\u00c9crit par":"webdo.tn","Dur\u00e9e de lecture estim\u00e9e":"1 minute"},"schema":{"@context":"https:\/\/schema.org","@graph":[{"@type":"NewsArticle","@id":"https:\/\/www.webdo.tn\/fr\/actualite\/terrorisme\/reouverture-cinq-mosquees-fermees-cellule-crise-gouvernementale-2\/180136\/#article","isPartOf":{"@id":"https:\/\/www.webdo.tn\/fr\/actualite\/terrorisme\/reouverture-cinq-mosquees-fermees-cellule-crise-gouvernementale-2\/180136\/"},"author":{"name":"webdo.tn","@id":"https:\/\/www.webdo.tn\/fr\/#\/schema\/person\/9a9c6118d687c117df8ef3cc36a4d175"},"headline":"R\u00e9ouverture de cinq mosqu\u00e9es ferm\u00e9es par la cellule de crise gouvernementale","datePublished":"2014-08-04T18:00:00+00:00","dateModified":"2025-06-04T18:18:32+00:00","mainEntityOfPage":{"@id":"https:\/\/www.webdo.tn\/fr\/actualite\/terrorisme\/reouverture-cinq-mosquees-fermees-cellule-crise-gouvernementale-2\/180136\/"},"wordCount":197,"commentCount":0,"publisher":{"@id":"https:\/\/www.webdo.tn\/fr\/#organization"},"image":{"@id":"https:\/\/www.webdo.tn\/fr\/actualite\/terrorisme\/reouverture-cinq-mosquees-fermees-cellule-crise-gouvernementale-2\/180136\/#primaryimage"},"thumbnailUrl":"https:\/\/www.webdo.tn\/fr\/wp-content\/uploads\/2014\/08\/Ministere-des-Affaires-religieuses.jpeg","articleSection":["Terrorisme"],"inLanguage":"fr-FR"},{"@type":"WebPage","@id":"https:\/\/www.webdo.tn\/fr\/actualite\/terrorisme\/reouverture-cinq-mosquees-fermees-cellule-crise-gouvernementale-2\/180136\/","url":"https:\/\/www.webdo.tn\/fr\/actualite\/terrorisme\/reouverture-cinq-mosquees-fermees-cellule-crise-gouvernementale-2\/180136\/","name":"R\u00e9ouverture de cinq mosqu\u00e9es ferm\u00e9es par la cellule de crise gouvernementale","isPartOf":{"@id":"https:\/\/www.webdo.tn\/fr\/#website"},"primaryImageOfPage":{"@id":"https:\/\/www.webdo.tn\/fr\/actualite\/terrorisme\/reouverture-cinq-mosquees-fermees-cellule-crise-gouvernementale-2\/180136\/#primaryimage"},"image":{"@id":"https:\/\/www.webdo.tn\/fr\/actualite\/terrorisme\/reouverture-cinq-mosquees-fermees-cellule-crise-gouvernementale-2\/180136\/#primaryimage"},"thumbnailUrl":"https:\/\/www.webdo.tn\/fr\/wp-content\/uploads\/2014\/08\/Ministere-des-Affaires-religieuses.jpeg","datePublished":"2014-08-04T18:00:00+00:00","dateModified":"2025-06-04T18:18:32+00:00","description":"R\u00e9ouverture de cinq mosqu\u00e9es ferm\u00e9es par la cellule de crise gouvernementale","breadcrumb":{"@id":"https:\/\/www.webdo.tn\/fr\/actualite\/terrorisme\/reouverture-cinq-mosquees-fermees-cellule-crise-gouvernementale-2\/180136\/#breadcrumb"},"inLanguage":"fr-FR","potentialAction":[{"@type":"ReadAction","target":["https:\/\/www.webdo.tn\/fr\/actualite\/terrorisme\/reouverture-cinq-mosquees-fermees-cellule-crise-gouvernementale-2\/180136\/"]}]},{"@type":"ImageObject","inLanguage":"fr-FR","@id":"https:\/\/www.webdo.tn\/fr\/actualite\/terrorisme\/reouverture-cinq-mosquees-fermees-cellule-crise-gouvernementale-2\/180136\/#primaryimage","url":"https:\/\/www.webdo.tn\/fr\/wp-content\/uploads\/2014\/08\/Ministere-des-Affaires-religieuses.jpeg","contentUrl":"https:\/\/www.webdo.tn\/fr\/wp-content\/uploads\/2014\/08\/Ministere-des-Affaires-religieuses.jpeg","width":515,"height":322,"caption":"R\u00e9ouverture de cinq mosqu\u00e9es ferm\u00e9es par la cellule de crise gouvernementale"},{"@type":"BreadcrumbList","@id":"https:\/\/www.webdo.tn\/fr\/actualite\/terrorisme\/reouverture-cinq-mosquees-fermees-cellule-crise-gouvernementale-2\/180136\/#breadcrumb","itemListElement":[{"@type":"ListItem","position":1,"name":"Accueil","item":"https:\/\/www.webdo.tn\/fr\/"},{"@type":"ListItem","position":2,"name":"R\u00e9ouverture de cinq mosqu\u00e9es ferm\u00e9es par la cellule de crise gouvernementale"}]},{"@type":"WebSite","@id":"https:\/\/www.webdo.tn\/fr\/#website","url":"https:\/\/www.webdo.tn\/fr\/","name":"webdo","description":"Tunisie - News en Tunisie et \u00e0 l&#039;international sur Webdo.tn","publisher":{"@id":"https:\/\/www.webdo.tn\/fr\/#organization"},"potentialAction":[{"@type":"SearchAction","target":{"@type":"EntryPoint","urlTemplate":"https:\/\/www.webdo.tn\/fr\/?s={search_term_string}"},"query-input":{"@type":"PropertyValueSpecification","valueRequired":true,"valueName":"search_term_string"}}],"inLanguage":"fr-FR"},{"@type":"Organization","@id":"https:\/\/www.webdo.tn\/fr\/#organization","name":"Webdo","alternateName":"Webdo.tn","url":"https:\/\/www.webdo.tn\/fr\/","logo":{"@type":"ImageObject","inLanguage":"fr-FR","@id":"https:\/\/www.webdo.tn\/fr\/#\/schema\/logo\/image\/","url":"https:\/\/www.webdo.tn\/fr\/wp-content\/uploads\/2025\/06\/Webdo-Tunisie_168377.jpg","contentUrl":"https:\/\/www.webdo.tn\/fr\/wp-content\/uploads\/2025\/06\/Webdo-Tunisie_168377.jpg","width":301,"height":301,"caption":"Webdo"},"image":{"@id":"https:\/\/www.webdo.tn\/fr\/#\/schema\/logo\/image\/"},"sameAs":["https:\/\/www.facebook.com\/webdotn","https:\/\/x.com\/webdo_tn"],"description":"Webdo est un m\u00e9dia num\u00e9rique tunisien fond\u00e9 en 2010, sp\u00e9cialis\u00e9 dans l\u2019actualit\u00e9 nationale et internationale, l\u2019\u00e9conomie, la soci\u00e9t\u00e9 et les analyses politiques. Le site s\u2019adresse \u00e0 un large public francophone et couvre l\u2019information tunisienne en temps r\u00e9el.","email":"redac@webdo.tn","legalName":"YNJ SARL","foundingDate":"2010-09-06","numberOfEmployees":{"@type":"QuantitativeValue","minValue":"11","maxValue":"50"}},{"@type":"Person","@id":"https:\/\/www.webdo.tn\/fr\/#\/schema\/person\/9a9c6118d687c117df8ef3cc36a4d175","name":"webdo.tn","image":{"@type":"ImageObject","inLanguage":"fr-FR","@id":"https:\/\/secure.gravatar.com\/avatar\/7ce1f28c0c3bbac99ff550b85ef8e44a6950c6ee24514fb6a5489e51d06f0298?s=96&d=mm&r=g","url":"https:\/\/secure.gravatar.com\/avatar\/7ce1f28c0c3bbac99ff550b85ef8e44a6950c6ee24514fb6a5489e51d06f0298?s=96&d=mm&r=g","contentUrl":"https:\/\/secure.gravatar.com\/avatar\/7ce1f28c0c3bbac99ff550b85ef8e44a6950c6ee24514fb6a5489e51d06f0298?s=96&d=mm&r=g","caption":"webdo.tn"},"url":"https:\/\/www.webdo.tn\/fr\/actualite\/author\/webdotn\/"}]}},"_links":{"self":[{"href":"https:\/\/www.webdo.tn\/fr\/wp-json\/wp\/v2\/posts\/180136","targetHints":{"allow":["GET"]}}],"collection":[{"href":"https:\/\/www.webdo.tn\/fr\/wp-json\/wp\/v2\/posts"}],"about":[{"href":"https:\/\/www.webdo.tn\/fr\/wp-json\/wp\/v2\/types\/post"}],"author":[{"embeddable":true,"href":"https:\/\/www.webdo.tn\/fr\/wp-json\/wp\/v2\/users\/3222"}],"replies":[{"embeddable":true,"href":"https:\/\/www.webdo.tn\/fr\/wp-json\/wp\/v2\/comments?post=180136"}],"version-history":[{"count":0,"href":"https:\/\/www.webdo.tn\/fr\/wp-json\/wp\/v2\/posts\/180136\/revisions"}],"wp:featuredmedia":[{"embeddable":true,"href":"https:\/\/www.webdo.tn\/fr\/wp-json\/wp\/v2\/media\/320768"}],"wp:attachment":[{"href":"https:\/\/www.webdo.tn\/fr\/wp-json\/wp\/v2\/media?parent=180136"}],"wp:term":[{"taxonomy":"category","embeddable":true,"href":"https:\/\/www.webdo.tn\/fr\/wp-json\/wp\/v2\/categories?post=180136"},{"taxonomy":"post_tag","embeddable":true,"href":"https:\/\/www.webdo.tn\/fr\/wp-json\/wp\/v2\/tags?post=180136"}],"curies":[{"name":"wp","href":"https:\/\/api.w.org\/{rel}","templated":true}]}}