{"id":180135,"date":"2014-08-04T19:06:00","date_gmt":"2014-08-04T17:06:00","guid":{"rendered":"https:\/\/www.webdo.tn\/fr\/actualite\/terrorisme\/seifeddine-erraies-sera-juge-selon-loi-antiterroriste-2003\/180135"},"modified":"2025-06-04T18:18:33","modified_gmt":"2025-06-04T18:18:33","slug":"seifeddine-erraies-sera-juge-selon-loi-antiterroriste-2003-2","status":"publish","type":"post","link":"https:\/\/www.webdo.tn\/fr\/actualite\/terrorisme\/seifeddine-erraies-sera-juge-selon-loi-antiterroriste-2003-2\/180135\/","title":{"rendered":"Se\u00effeddine Erra\u00efes sera jug\u00e9 selon la loi antiterroriste de 2003"},"content":{"rendered":"<p>L\u2019ancien porte-parole d\u2019Ansar Charia, Se\u00effeddine Erra\u00efes, arr\u00eat\u00e9 le 29 juillet dernier, sera jug\u00e9 selon la loi du 10 d\u00e9cembre 2003 relative au soutien des efforts internationaux de lutte contre le terrorisme et \u00e0 la r\u00e9pression du blanchiment d&rsquo;argent, ainsi que selon le d\u00e9cret-loi n\u00b0115 du 2 novembre 2011 relatif \u00e0 la libert\u00e9 de la presse, de l&rsquo;impression et de l&rsquo;\u00e9dition.<\/p>\n<p>Son avocate Ma\u00eetre Ines Harrath nous a inform\u00e9 que Se\u00effeddine Erra\u00efes a comparu, aujourd\u2019hui, devant le juge d\u2019instruction pr\u00e8s du Tribunal de premi\u00e8re instance de Tunis, qui a d\u00e9cid\u00e9 d&rsquo;\u00e9mettre un mandat de d\u00e9p\u00f4t contre lui.<\/p>\n<p>\u00abTous les articles de la loi antiterroriste, en plus de quelques articles du d\u00e9cret-loi n\u00b0115, ont \u00e9t\u00e9 retenus contre lui\u00bb, nous a affirm\u00e9 Me Harrath.<\/p>\n<p>Elle a, par ailleurs, point\u00e9 du doigt l\u2019absence d\u2019accusations concr\u00e8tes contre son client et les vices de proc\u00e9dures ayant entour\u00e9 son inculpation.<\/p>\n<p>Me Harrath nous a d\u00e9clar\u00e9, aussi, que les aveux d\u2019Afif Amouri concernant des r\u00e9unions avec Erra\u00efes et des leaders d\u2019Ansar Charia pour pr\u00e9parer des actes terroristes, ont \u00e9t\u00e9 obtenus sous la torture, et ce, un jour apr\u00e8s l\u2019arrestation de son client.<\/p>\n<p>\u00abIl n\u2019est pas logique que Se\u00effeddine Erra\u00efes soit arr\u00eat\u00e9 avant m\u00eame les d\u00e9clarations d\u2019Afif Amouri, et qui constituent un des motifs de son arrestation, en plus de la vid\u00e9o d\u2019ao\u00fbt 2013, pr\u00e9sent\u00e9e comme \u00e9tant une all\u00e9geance \u00e0 Abu Baker Al Baghdadi (d\u00e9signe calife de l\u2019Etat islamique, ndlr)\u00bb, a-t-elle d\u00e9plor\u00e9.<\/p>\n<p>Elle nous a indiqu\u00e9 que Afif Amouri s\u2019est r\u00e9tract\u00e9 lors de la confrontation avec Se\u00effeddine Erra\u00efes.<\/p>\n","protected":false},"excerpt":{"rendered":"<p>Se\u00effeddine Erra\u00efes sera jug\u00e9 selon la loi antiterroriste de 2003<\/p>\n","protected":false},"author":3222,"featured_media":373765,"comment_status":"open","ping_status":"open","sticky":false,"template":"","format":"standard","meta":{"footnotes":""},"categories":[11342],"tags":[],"class_list":["post-180135","post","type-post","status-publish","format-standard","has-post-thumbnail","hentry","category-terrorisme"],"yoast_head":"<!-- This site is optimized with the Yoast SEO Premium plugin v27.5 (Yoast SEO v27.5) - https:\/\/yoast.com\/product\/yoast-seo-premium-wordpress\/ -->\n<title>Se\u00effeddine Erra\u00efes sera jug\u00e9 selon la loi antiterroriste de 2003<\/title>\n<meta name=\"description\" content=\"Se\u00effeddine Erra\u00efes sera jug\u00e9 selon la loi antiterroriste de 2003\" \/>\n<link rel=\"canonical\" href=\"https:\/\/www.webdo.tn\/fr\/actualite\/blog\/seifeddine-erraies-sera-juge-selon-loi-antiterroriste-2003-2\/180135\/\" \/>\n<meta property=\"og:locale\" content=\"fr_FR\" \/>\n<meta property=\"og:type\" content=\"article\" \/>\n<meta property=\"og:title\" content=\"Se\u00effeddine Erra\u00efes sera jug\u00e9 selon la loi antiterroriste de 2003\" \/>\n<meta property=\"og:description\" content=\"Se\u00effeddine Erra\u00efes sera jug\u00e9 selon la loi antiterroriste de 2003\" \/>\n<meta property=\"og:url\" content=\"https:\/\/www.webdo.tn\/fr\/actualite\/blog\/seifeddine-erraies-sera-juge-selon-loi-antiterroriste-2003-2\/180135\/\" \/>\n<meta property=\"og:site_name\" content=\"webdo\" \/>\n<meta property=\"article:publisher\" content=\"https:\/\/www.facebook.com\/webdotn\" \/>\n<meta property=\"article:published_time\" content=\"2014-08-04T17:06:00+00:00\" \/>\n<meta property=\"article:modified_time\" content=\"2025-06-04T18:18:33+00:00\" \/>\n<meta name=\"author\" content=\"webdo.tn\" \/>\n<meta name=\"twitter:card\" content=\"summary_large_image\" \/>\n<meta name=\"twitter:creator\" content=\"@webdo_tn\" \/>\n<meta name=\"twitter:site\" content=\"@webdo_tn\" \/>\n<meta name=\"twitter:label1\" content=\"\u00c9crit par\" \/>\n\t<meta name=\"twitter:data1\" content=\"webdo.tn\" \/>\n\t<meta name=\"twitter:label2\" content=\"Dur\u00e9e de lecture estim\u00e9e\" \/>\n\t<meta name=\"twitter:data2\" content=\"1 minute\" \/>\n<script type=\"application\/ld+json\" class=\"yoast-schema-graph\">{\"@context\":\"https:\\\/\\\/schema.org\",\"@graph\":[{\"@type\":\"NewsArticle\",\"@id\":\"https:\\\/\\\/www.webdo.tn\\\/fr\\\/actualite\\\/blog\\\/seifeddine-erraies-sera-juge-selon-loi-antiterroriste-2003-2\\\/180135\\\/#article\",\"isPartOf\":{\"@id\":\"https:\\\/\\\/www.webdo.tn\\\/fr\\\/actualite\\\/blog\\\/seifeddine-erraies-sera-juge-selon-loi-antiterroriste-2003-2\\\/180135\\\/\"},\"author\":{\"name\":\"webdo.tn\",\"@id\":\"https:\\\/\\\/www.webdo.tn\\\/fr\\\/#\\\/schema\\\/person\\\/9a9c6118d687c117df8ef3cc36a4d175\"},\"headline\":\"Se\u00effeddine Erra\u00efes sera jug\u00e9 selon la loi antiterroriste de 2003\",\"datePublished\":\"2014-08-04T17:06:00+00:00\",\"dateModified\":\"2025-06-04T18:18:33+00:00\",\"mainEntityOfPage\":{\"@id\":\"https:\\\/\\\/www.webdo.tn\\\/fr\\\/actualite\\\/blog\\\/seifeddine-erraies-sera-juge-selon-loi-antiterroriste-2003-2\\\/180135\\\/\"},\"wordCount\":306,\"commentCount\":0,\"publisher\":{\"@id\":\"https:\\\/\\\/www.webdo.tn\\\/fr\\\/#organization\"},\"image\":{\"@id\":\"https:\\\/\\\/www.webdo.tn\\\/fr\\\/actualite\\\/blog\\\/seifeddine-erraies-sera-juge-selon-loi-antiterroriste-2003-2\\\/180135\\\/#primaryimage\"},\"thumbnailUrl\":\"https:\\\/\\\/www.webdo.tn\\\/fr\\\/wp-content\\\/uploads\\\/2025\\\/06\\\/Seifeddine-Rais_180135.jpg\",\"articleSection\":[\"Terrorisme\"],\"inLanguage\":\"fr-FR\"},{\"@type\":\"WebPage\",\"@id\":\"https:\\\/\\\/www.webdo.tn\\\/fr\\\/actualite\\\/blog\\\/seifeddine-erraies-sera-juge-selon-loi-antiterroriste-2003-2\\\/180135\\\/\",\"url\":\"https:\\\/\\\/www.webdo.tn\\\/fr\\\/actualite\\\/blog\\\/seifeddine-erraies-sera-juge-selon-loi-antiterroriste-2003-2\\\/180135\\\/\",\"name\":\"Se\u00effeddine Erra\u00efes sera jug\u00e9 selon la loi antiterroriste de 2003\",\"isPartOf\":{\"@id\":\"https:\\\/\\\/www.webdo.tn\\\/fr\\\/#website\"},\"primaryImageOfPage\":{\"@id\":\"https:\\\/\\\/www.webdo.tn\\\/fr\\\/actualite\\\/blog\\\/seifeddine-erraies-sera-juge-selon-loi-antiterroriste-2003-2\\\/180135\\\/#primaryimage\"},\"image\":{\"@id\":\"https:\\\/\\\/www.webdo.tn\\\/fr\\\/actualite\\\/blog\\\/seifeddine-erraies-sera-juge-selon-loi-antiterroriste-2003-2\\\/180135\\\/#primaryimage\"},\"thumbnailUrl\":\"https:\\\/\\\/www.webdo.tn\\\/fr\\\/wp-content\\\/uploads\\\/2025\\\/06\\\/Seifeddine-Rais_180135.jpg\",\"datePublished\":\"2014-08-04T17:06:00+00:00\",\"dateModified\":\"2025-06-04T18:18:33+00:00\",\"description\":\"Se\u00effeddine Erra\u00efes sera jug\u00e9 selon la loi antiterroriste de 2003\",\"breadcrumb\":{\"@id\":\"https:\\\/\\\/www.webdo.tn\\\/fr\\\/actualite\\\/blog\\\/seifeddine-erraies-sera-juge-selon-loi-antiterroriste-2003-2\\\/180135\\\/#breadcrumb\"},\"inLanguage\":\"fr-FR\",\"potentialAction\":[{\"@type\":\"ReadAction\",\"target\":[\"https:\\\/\\\/www.webdo.tn\\\/fr\\\/actualite\\\/blog\\\/seifeddine-erraies-sera-juge-selon-loi-antiterroriste-2003-2\\\/180135\\\/\"]}]},{\"@type\":\"ImageObject\",\"inLanguage\":\"fr-FR\",\"@id\":\"https:\\\/\\\/www.webdo.tn\\\/fr\\\/actualite\\\/blog\\\/seifeddine-erraies-sera-juge-selon-loi-antiterroriste-2003-2\\\/180135\\\/#primaryimage\",\"url\":\"https:\\\/\\\/www.webdo.tn\\\/fr\\\/wp-content\\\/uploads\\\/2025\\\/06\\\/Seifeddine-Rais_180135.jpg\",\"contentUrl\":\"https:\\\/\\\/www.webdo.tn\\\/fr\\\/wp-content\\\/uploads\\\/2025\\\/06\\\/Seifeddine-Rais_180135.jpg\",\"width\":500,\"height\":333,\"caption\":\"Se\u00effeddine Erra\u00efes sera jug\u00e9 selon la loi antiterroriste de 2003\"},{\"@type\":\"BreadcrumbList\",\"@id\":\"https:\\\/\\\/www.webdo.tn\\\/fr\\\/actualite\\\/blog\\\/seifeddine-erraies-sera-juge-selon-loi-antiterroriste-2003-2\\\/180135\\\/#breadcrumb\",\"itemListElement\":[{\"@type\":\"ListItem\",\"position\":1,\"name\":\"Accueil\",\"item\":\"https:\\\/\\\/www.webdo.tn\\\/fr\\\/\"},{\"@type\":\"ListItem\",\"position\":2,\"name\":\"Se\u00effeddine Erra\u00efes sera jug\u00e9 selon la loi antiterroriste de 2003\"}]},{\"@type\":\"WebSite\",\"@id\":\"https:\\\/\\\/www.webdo.tn\\\/fr\\\/#website\",\"url\":\"https:\\\/\\\/www.webdo.tn\\\/fr\\\/\",\"name\":\"webdo\",\"description\":\"Tunisie - News en Tunisie et \u00e0 l&#039;international sur Webdo.tn\",\"publisher\":{\"@id\":\"https:\\\/\\\/www.webdo.tn\\\/fr\\\/#organization\"},\"potentialAction\":[{\"@type\":\"SearchAction\",\"target\":{\"@type\":\"EntryPoint\",\"urlTemplate\":\"https:\\\/\\\/www.webdo.tn\\\/fr\\\/?s={search_term_string}\"},\"query-input\":{\"@type\":\"PropertyValueSpecification\",\"valueRequired\":true,\"valueName\":\"search_term_string\"}}],\"inLanguage\":\"fr-FR\"},{\"@type\":\"Organization\",\"@id\":\"https:\\\/\\\/www.webdo.tn\\\/fr\\\/#organization\",\"name\":\"Webdo\",\"alternateName\":\"Webdo.tn\",\"url\":\"https:\\\/\\\/www.webdo.tn\\\/fr\\\/\",\"logo\":{\"@type\":\"ImageObject\",\"inLanguage\":\"fr-FR\",\"@id\":\"https:\\\/\\\/www.webdo.tn\\\/fr\\\/#\\\/schema\\\/logo\\\/image\\\/\",\"url\":\"https:\\\/\\\/www.webdo.tn\\\/fr\\\/wp-content\\\/uploads\\\/2025\\\/06\\\/Webdo-Tunisie_168377.jpg\",\"contentUrl\":\"https:\\\/\\\/www.webdo.tn\\\/fr\\\/wp-content\\\/uploads\\\/2025\\\/06\\\/Webdo-Tunisie_168377.jpg\",\"width\":301,\"height\":301,\"caption\":\"Webdo\"},\"image\":{\"@id\":\"https:\\\/\\\/www.webdo.tn\\\/fr\\\/#\\\/schema\\\/logo\\\/image\\\/\"},\"sameAs\":[\"https:\\\/\\\/www.facebook.com\\\/webdotn\",\"https:\\\/\\\/x.com\\\/webdo_tn\"],\"description\":\"Webdo est un m\u00e9dia num\u00e9rique tunisien fond\u00e9 en 2010, sp\u00e9cialis\u00e9 dans l\u2019actualit\u00e9 nationale et internationale, l\u2019\u00e9conomie, la soci\u00e9t\u00e9 et les analyses politiques. Le site s\u2019adresse \u00e0 un large public francophone et couvre l\u2019information tunisienne en temps r\u00e9el.\",\"email\":\"redac@webdo.tn\",\"legalName\":\"YNJ SARL\",\"foundingDate\":\"2010-09-06\",\"numberOfEmployees\":{\"@type\":\"QuantitativeValue\",\"minValue\":\"11\",\"maxValue\":\"50\"}},{\"@type\":\"Person\",\"@id\":\"https:\\\/\\\/www.webdo.tn\\\/fr\\\/#\\\/schema\\\/person\\\/9a9c6118d687c117df8ef3cc36a4d175\",\"name\":\"webdo.tn\",\"image\":{\"@type\":\"ImageObject\",\"inLanguage\":\"fr-FR\",\"@id\":\"https:\\\/\\\/secure.gravatar.com\\\/avatar\\\/7ce1f28c0c3bbac99ff550b85ef8e44a6950c6ee24514fb6a5489e51d06f0298?s=96&d=mm&r=g\",\"url\":\"https:\\\/\\\/secure.gravatar.com\\\/avatar\\\/7ce1f28c0c3bbac99ff550b85ef8e44a6950c6ee24514fb6a5489e51d06f0298?s=96&d=mm&r=g\",\"contentUrl\":\"https:\\\/\\\/secure.gravatar.com\\\/avatar\\\/7ce1f28c0c3bbac99ff550b85ef8e44a6950c6ee24514fb6a5489e51d06f0298?s=96&d=mm&r=g\",\"caption\":\"webdo.tn\"},\"url\":\"https:\\\/\\\/www.webdo.tn\\\/fr\\\/actualite\\\/author\\\/webdotn\\\/\"}]}<\/script>\n<!-- \/ Yoast SEO Premium plugin. -->","yoast_head_json":{"title":"Se\u00effeddine Erra\u00efes sera jug\u00e9 selon la loi antiterroriste de 2003","description":"Se\u00effeddine Erra\u00efes sera jug\u00e9 selon la loi antiterroriste de 2003","canonical":"https:\/\/www.webdo.tn\/fr\/actualite\/blog\/seifeddine-erraies-sera-juge-selon-loi-antiterroriste-2003-2\/180135\/","og_locale":"fr_FR","og_type":"article","og_title":"Se\u00effeddine Erra\u00efes sera jug\u00e9 selon la loi antiterroriste de 2003","og_description":"Se\u00effeddine Erra\u00efes sera jug\u00e9 selon la loi antiterroriste de 2003","og_url":"https:\/\/www.webdo.tn\/fr\/actualite\/blog\/seifeddine-erraies-sera-juge-selon-loi-antiterroriste-2003-2\/180135\/","og_site_name":"webdo","article_publisher":"https:\/\/www.facebook.com\/webdotn","article_published_time":"2014-08-04T17:06:00+00:00","article_modified_time":"2025-06-04T18:18:33+00:00","author":"webdo.tn","twitter_card":"summary_large_image","twitter_creator":"@webdo_tn","twitter_site":"@webdo_tn","twitter_misc":{"\u00c9crit par":"webdo.tn","Dur\u00e9e de lecture estim\u00e9e":"1 minute"},"schema":{"@context":"https:\/\/schema.org","@graph":[{"@type":"NewsArticle","@id":"https:\/\/www.webdo.tn\/fr\/actualite\/blog\/seifeddine-erraies-sera-juge-selon-loi-antiterroriste-2003-2\/180135\/#article","isPartOf":{"@id":"https:\/\/www.webdo.tn\/fr\/actualite\/blog\/seifeddine-erraies-sera-juge-selon-loi-antiterroriste-2003-2\/180135\/"},"author":{"name":"webdo.tn","@id":"https:\/\/www.webdo.tn\/fr\/#\/schema\/person\/9a9c6118d687c117df8ef3cc36a4d175"},"headline":"Se\u00effeddine Erra\u00efes sera jug\u00e9 selon la loi antiterroriste de 2003","datePublished":"2014-08-04T17:06:00+00:00","dateModified":"2025-06-04T18:18:33+00:00","mainEntityOfPage":{"@id":"https:\/\/www.webdo.tn\/fr\/actualite\/blog\/seifeddine-erraies-sera-juge-selon-loi-antiterroriste-2003-2\/180135\/"},"wordCount":306,"commentCount":0,"publisher":{"@id":"https:\/\/www.webdo.tn\/fr\/#organization"},"image":{"@id":"https:\/\/www.webdo.tn\/fr\/actualite\/blog\/seifeddine-erraies-sera-juge-selon-loi-antiterroriste-2003-2\/180135\/#primaryimage"},"thumbnailUrl":"https:\/\/www.webdo.tn\/fr\/wp-content\/uploads\/2025\/06\/Seifeddine-Rais_180135.jpg","articleSection":["Terrorisme"],"inLanguage":"fr-FR"},{"@type":"WebPage","@id":"https:\/\/www.webdo.tn\/fr\/actualite\/blog\/seifeddine-erraies-sera-juge-selon-loi-antiterroriste-2003-2\/180135\/","url":"https:\/\/www.webdo.tn\/fr\/actualite\/blog\/seifeddine-erraies-sera-juge-selon-loi-antiterroriste-2003-2\/180135\/","name":"Se\u00effeddine Erra\u00efes sera jug\u00e9 selon la loi antiterroriste de 2003","isPartOf":{"@id":"https:\/\/www.webdo.tn\/fr\/#website"},"primaryImageOfPage":{"@id":"https:\/\/www.webdo.tn\/fr\/actualite\/blog\/seifeddine-erraies-sera-juge-selon-loi-antiterroriste-2003-2\/180135\/#primaryimage"},"image":{"@id":"https:\/\/www.webdo.tn\/fr\/actualite\/blog\/seifeddine-erraies-sera-juge-selon-loi-antiterroriste-2003-2\/180135\/#primaryimage"},"thumbnailUrl":"https:\/\/www.webdo.tn\/fr\/wp-content\/uploads\/2025\/06\/Seifeddine-Rais_180135.jpg","datePublished":"2014-08-04T17:06:00+00:00","dateModified":"2025-06-04T18:18:33+00:00","description":"Se\u00effeddine Erra\u00efes sera jug\u00e9 selon la loi antiterroriste de 2003","breadcrumb":{"@id":"https:\/\/www.webdo.tn\/fr\/actualite\/blog\/seifeddine-erraies-sera-juge-selon-loi-antiterroriste-2003-2\/180135\/#breadcrumb"},"inLanguage":"fr-FR","potentialAction":[{"@type":"ReadAction","target":["https:\/\/www.webdo.tn\/fr\/actualite\/blog\/seifeddine-erraies-sera-juge-selon-loi-antiterroriste-2003-2\/180135\/"]}]},{"@type":"ImageObject","inLanguage":"fr-FR","@id":"https:\/\/www.webdo.tn\/fr\/actualite\/blog\/seifeddine-erraies-sera-juge-selon-loi-antiterroriste-2003-2\/180135\/#primaryimage","url":"https:\/\/www.webdo.tn\/fr\/wp-content\/uploads\/2025\/06\/Seifeddine-Rais_180135.jpg","contentUrl":"https:\/\/www.webdo.tn\/fr\/wp-content\/uploads\/2025\/06\/Seifeddine-Rais_180135.jpg","width":500,"height":333,"caption":"Se\u00effeddine Erra\u00efes sera jug\u00e9 selon la loi antiterroriste de 2003"},{"@type":"BreadcrumbList","@id":"https:\/\/www.webdo.tn\/fr\/actualite\/blog\/seifeddine-erraies-sera-juge-selon-loi-antiterroriste-2003-2\/180135\/#breadcrumb","itemListElement":[{"@type":"ListItem","position":1,"name":"Accueil","item":"https:\/\/www.webdo.tn\/fr\/"},{"@type":"ListItem","position":2,"name":"Se\u00effeddine Erra\u00efes sera jug\u00e9 selon la loi antiterroriste de 2003"}]},{"@type":"WebSite","@id":"https:\/\/www.webdo.tn\/fr\/#website","url":"https:\/\/www.webdo.tn\/fr\/","name":"webdo","description":"Tunisie - News en Tunisie et \u00e0 l&#039;international sur Webdo.tn","publisher":{"@id":"https:\/\/www.webdo.tn\/fr\/#organization"},"potentialAction":[{"@type":"SearchAction","target":{"@type":"EntryPoint","urlTemplate":"https:\/\/www.webdo.tn\/fr\/?s={search_term_string}"},"query-input":{"@type":"PropertyValueSpecification","valueRequired":true,"valueName":"search_term_string"}}],"inLanguage":"fr-FR"},{"@type":"Organization","@id":"https:\/\/www.webdo.tn\/fr\/#organization","name":"Webdo","alternateName":"Webdo.tn","url":"https:\/\/www.webdo.tn\/fr\/","logo":{"@type":"ImageObject","inLanguage":"fr-FR","@id":"https:\/\/www.webdo.tn\/fr\/#\/schema\/logo\/image\/","url":"https:\/\/www.webdo.tn\/fr\/wp-content\/uploads\/2025\/06\/Webdo-Tunisie_168377.jpg","contentUrl":"https:\/\/www.webdo.tn\/fr\/wp-content\/uploads\/2025\/06\/Webdo-Tunisie_168377.jpg","width":301,"height":301,"caption":"Webdo"},"image":{"@id":"https:\/\/www.webdo.tn\/fr\/#\/schema\/logo\/image\/"},"sameAs":["https:\/\/www.facebook.com\/webdotn","https:\/\/x.com\/webdo_tn"],"description":"Webdo est un m\u00e9dia num\u00e9rique tunisien fond\u00e9 en 2010, sp\u00e9cialis\u00e9 dans l\u2019actualit\u00e9 nationale et internationale, l\u2019\u00e9conomie, la soci\u00e9t\u00e9 et les analyses politiques. Le site s\u2019adresse \u00e0 un large public francophone et couvre l\u2019information tunisienne en temps r\u00e9el.","email":"redac@webdo.tn","legalName":"YNJ SARL","foundingDate":"2010-09-06","numberOfEmployees":{"@type":"QuantitativeValue","minValue":"11","maxValue":"50"}},{"@type":"Person","@id":"https:\/\/www.webdo.tn\/fr\/#\/schema\/person\/9a9c6118d687c117df8ef3cc36a4d175","name":"webdo.tn","image":{"@type":"ImageObject","inLanguage":"fr-FR","@id":"https:\/\/secure.gravatar.com\/avatar\/7ce1f28c0c3bbac99ff550b85ef8e44a6950c6ee24514fb6a5489e51d06f0298?s=96&d=mm&r=g","url":"https:\/\/secure.gravatar.com\/avatar\/7ce1f28c0c3bbac99ff550b85ef8e44a6950c6ee24514fb6a5489e51d06f0298?s=96&d=mm&r=g","contentUrl":"https:\/\/secure.gravatar.com\/avatar\/7ce1f28c0c3bbac99ff550b85ef8e44a6950c6ee24514fb6a5489e51d06f0298?s=96&d=mm&r=g","caption":"webdo.tn"},"url":"https:\/\/www.webdo.tn\/fr\/actualite\/author\/webdotn\/"}]}},"_links":{"self":[{"href":"https:\/\/www.webdo.tn\/fr\/wp-json\/wp\/v2\/posts\/180135","targetHints":{"allow":["GET"]}}],"collection":[{"href":"https:\/\/www.webdo.tn\/fr\/wp-json\/wp\/v2\/posts"}],"about":[{"href":"https:\/\/www.webdo.tn\/fr\/wp-json\/wp\/v2\/types\/post"}],"author":[{"embeddable":true,"href":"https:\/\/www.webdo.tn\/fr\/wp-json\/wp\/v2\/users\/3222"}],"replies":[{"embeddable":true,"href":"https:\/\/www.webdo.tn\/fr\/wp-json\/wp\/v2\/comments?post=180135"}],"version-history":[{"count":0,"href":"https:\/\/www.webdo.tn\/fr\/wp-json\/wp\/v2\/posts\/180135\/revisions"}],"wp:featuredmedia":[{"embeddable":true,"href":"https:\/\/www.webdo.tn\/fr\/wp-json\/wp\/v2\/media\/373765"}],"wp:attachment":[{"href":"https:\/\/www.webdo.tn\/fr\/wp-json\/wp\/v2\/media?parent=180135"}],"wp:term":[{"taxonomy":"category","embeddable":true,"href":"https:\/\/www.webdo.tn\/fr\/wp-json\/wp\/v2\/categories?post=180135"},{"taxonomy":"post_tag","embeddable":true,"href":"https:\/\/www.webdo.tn\/fr\/wp-json\/wp\/v2\/tags?post=180135"}],"curies":[{"name":"wp","href":"https:\/\/api.w.org\/{rel}","templated":true}]}}