{"id":180134,"date":"2014-08-05T12:07:00","date_gmt":"2014-08-05T12:07:00","guid":{"rendered":"https:\/\/www.webdo.tn\/fr\/blog\/fernana-jeune-civil-tue-jeunes-blesses-erreur-lors-doperations-ratissage-larmee\/180134\/"},"modified":"2025-06-04T18:18:37","modified_gmt":"2025-06-04T18:18:37","slug":"fernana-jeune-civil-tue-jeunes-blesses-erreur-lors-doperations-ratissage-larmee-2","status":"publish","type":"post","link":"https:\/\/www.webdo.tn\/fr\/actualite\/terrorisme\/fernana-jeune-civil-tue-jeunes-blesses-erreur-lors-doperations-ratissage-larmee-2\/180134\/","title":{"rendered":"Fernana : un jeune civil tu\u00e9 et deux autres bless\u00e9s par erreur lors d&rsquo;op\u00e9rations de ratissage de l&rsquo;arm\u00e9e"},"content":{"rendered":"<p>Un jeune civil a \u00e9t\u00e9 tu\u00e9 par erreur ce mardi 5 ao\u00fbt dans la matin\u00e9e, lors d&rsquo;un bombardement effectu\u00e9 par les unit\u00e9s de l&rsquo;arm\u00e9e et de la garde nationale \u00e0 Sidi Sa\u00efd et Jbel Ben Ahmed, dans la d\u00e9l\u00e9gation de Fernana (gouvernorat de Jendouba), a indiqu\u00e9 une source s\u00e9curitaire \u00e0 la TAP.<\/p>\n<p>Selon des t\u00e9moins pr\u00e9sents sur place, le jeune homme est d\u00e9c\u00e9d\u00e9 alors qu&rsquo;il \u00e9tait assis \u00e0 c\u00f4t\u00e9 d&rsquo;une maison proche des op\u00e9rations de bombardement en compagnie de deux autres jeunes, qui ont \u00e9t\u00e9 bless\u00e9s.<\/p>\n<p>Les bombardements \u00e9taient destin\u00e9s \u00e0 d\u00e9truire des caches de terroristes.<\/p>\n<p>L&rsquo;arm\u00e9e et la garde nationale m\u00e8nent depuis ce matin de larges op\u00e9rations de ratissage dans les monts Ben Ahmed, Abbessa et Boukhzar.<\/p>\n","protected":false},"excerpt":{"rendered":"<p>Fernana : un jeune civil tu\u00e9 et deux autres bless\u00e9s par erreur lors d&rsquo;op\u00e9rations de ratissage de l&rsquo;arm\u00e9e<\/p>\n","protected":false},"author":3222,"featured_media":375009,"comment_status":"open","ping_status":"closed","sticky":false,"template":"","format":"standard","meta":{"footnotes":""},"categories":[11342],"tags":[],"class_list":["post-180134","post","type-post","status-publish","format-standard","has-post-thumbnail","hentry","category-terrorisme"],"yoast_head":"<!-- This site is optimized with the Yoast SEO Premium plugin v27.5 (Yoast SEO v27.5) - https:\/\/yoast.com\/product\/yoast-seo-premium-wordpress\/ -->\n<title>Fernana : un jeune civil tu\u00e9 et deux autres bless\u00e9s par erreur lors d&#039;op\u00e9rations de ratissage de l&#039;arm\u00e9e<\/title>\n<meta name=\"description\" content=\"Fernana : un jeune civil tu\u00e9 et deux autres bless\u00e9s par erreur lors d&#039;op\u00e9rations de ratissage de l&#039;arm\u00e9e\" \/>\n<link rel=\"canonical\" href=\"https:\/\/www.webdo.tn\/fr\/actualite\/terrorisme\/fernana-jeune-civil-tue-jeunes-blesses-erreur-lors-doperations-ratissage-larmee-2\/180134\/\" \/>\n<meta property=\"og:locale\" content=\"fr_FR\" \/>\n<meta property=\"og:type\" content=\"article\" \/>\n<meta property=\"og:title\" content=\"Fernana : un jeune civil tu\u00e9 et deux autres bless\u00e9s par erreur lors d&#039;op\u00e9rations de ratissage de l&#039;arm\u00e9e\" \/>\n<meta property=\"og:description\" content=\"Fernana : un jeune civil tu\u00e9 et deux autres bless\u00e9s par erreur lors d&#039;op\u00e9rations de ratissage de l&#039;arm\u00e9e\" \/>\n<meta property=\"og:url\" content=\"https:\/\/www.webdo.tn\/fr\/actualite\/terrorisme\/fernana-jeune-civil-tue-jeunes-blesses-erreur-lors-doperations-ratissage-larmee-2\/180134\/\" \/>\n<meta property=\"og:site_name\" content=\"webdo\" \/>\n<meta property=\"article:publisher\" content=\"https:\/\/www.facebook.com\/webdotn\" \/>\n<meta property=\"article:published_time\" content=\"2014-08-05T12:07:00+00:00\" \/>\n<meta property=\"article:modified_time\" content=\"2025-06-04T18:18:37+00:00\" \/>\n<meta name=\"author\" content=\"webdo.tn\" \/>\n<meta name=\"twitter:card\" content=\"summary_large_image\" \/>\n<meta name=\"twitter:creator\" content=\"@webdo_tn\" \/>\n<meta name=\"twitter:site\" content=\"@webdo_tn\" \/>\n<meta name=\"twitter:label1\" content=\"\u00c9crit par\" \/>\n\t<meta name=\"twitter:data1\" content=\"webdo.tn\" \/>\n\t<meta name=\"twitter:label2\" content=\"Dur\u00e9e de lecture estim\u00e9e\" \/>\n\t<meta name=\"twitter:data2\" content=\"1 minute\" \/>\n<script type=\"application\/ld+json\" class=\"yoast-schema-graph\">{\"@context\":\"https:\\\/\\\/schema.org\",\"@graph\":[{\"@type\":\"NewsArticle\",\"@id\":\"https:\\\/\\\/www.webdo.tn\\\/fr\\\/actualite\\\/terrorisme\\\/fernana-jeune-civil-tue-jeunes-blesses-erreur-lors-doperations-ratissage-larmee-2\\\/180134\\\/#article\",\"isPartOf\":{\"@id\":\"https:\\\/\\\/www.webdo.tn\\\/fr\\\/actualite\\\/terrorisme\\\/fernana-jeune-civil-tue-jeunes-blesses-erreur-lors-doperations-ratissage-larmee-2\\\/180134\\\/\"},\"author\":{\"name\":\"webdo.tn\",\"@id\":\"https:\\\/\\\/www.webdo.tn\\\/fr\\\/#\\\/schema\\\/person\\\/9a9c6118d687c117df8ef3cc36a4d175\"},\"headline\":\"Fernana : un jeune civil tu\u00e9 et deux autres bless\u00e9s par erreur lors d&rsquo;op\u00e9rations de ratissage de l&rsquo;arm\u00e9e\",\"datePublished\":\"2014-08-05T12:07:00+00:00\",\"dateModified\":\"2025-06-04T18:18:37+00:00\",\"mainEntityOfPage\":{\"@id\":\"https:\\\/\\\/www.webdo.tn\\\/fr\\\/actualite\\\/terrorisme\\\/fernana-jeune-civil-tue-jeunes-blesses-erreur-lors-doperations-ratissage-larmee-2\\\/180134\\\/\"},\"wordCount\":160,\"commentCount\":0,\"publisher\":{\"@id\":\"https:\\\/\\\/www.webdo.tn\\\/fr\\\/#organization\"},\"image\":{\"@id\":\"https:\\\/\\\/www.webdo.tn\\\/fr\\\/actualite\\\/terrorisme\\\/fernana-jeune-civil-tue-jeunes-blesses-erreur-lors-doperations-ratissage-larmee-2\\\/180134\\\/#primaryimage\"},\"thumbnailUrl\":\"https:\\\/\\\/www.webdo.tn\\\/fr\\\/wp-content\\\/uploads\\\/2025\\\/06\\\/Fernana-credit-Mehdi-Marzouk-ok-300x225_180134.jpg\",\"articleSection\":[\"Terrorisme\"],\"inLanguage\":\"fr-FR\"},{\"@type\":\"WebPage\",\"@id\":\"https:\\\/\\\/www.webdo.tn\\\/fr\\\/actualite\\\/terrorisme\\\/fernana-jeune-civil-tue-jeunes-blesses-erreur-lors-doperations-ratissage-larmee-2\\\/180134\\\/\",\"url\":\"https:\\\/\\\/www.webdo.tn\\\/fr\\\/actualite\\\/terrorisme\\\/fernana-jeune-civil-tue-jeunes-blesses-erreur-lors-doperations-ratissage-larmee-2\\\/180134\\\/\",\"name\":\"Fernana : un jeune civil tu\u00e9 et deux autres bless\u00e9s par erreur lors d'op\u00e9rations de ratissage de l'arm\u00e9e\",\"isPartOf\":{\"@id\":\"https:\\\/\\\/www.webdo.tn\\\/fr\\\/#website\"},\"primaryImageOfPage\":{\"@id\":\"https:\\\/\\\/www.webdo.tn\\\/fr\\\/actualite\\\/terrorisme\\\/fernana-jeune-civil-tue-jeunes-blesses-erreur-lors-doperations-ratissage-larmee-2\\\/180134\\\/#primaryimage\"},\"image\":{\"@id\":\"https:\\\/\\\/www.webdo.tn\\\/fr\\\/actualite\\\/terrorisme\\\/fernana-jeune-civil-tue-jeunes-blesses-erreur-lors-doperations-ratissage-larmee-2\\\/180134\\\/#primaryimage\"},\"thumbnailUrl\":\"https:\\\/\\\/www.webdo.tn\\\/fr\\\/wp-content\\\/uploads\\\/2025\\\/06\\\/Fernana-credit-Mehdi-Marzouk-ok-300x225_180134.jpg\",\"datePublished\":\"2014-08-05T12:07:00+00:00\",\"dateModified\":\"2025-06-04T18:18:37+00:00\",\"description\":\"Fernana : un jeune civil tu\u00e9 et deux autres bless\u00e9s par erreur lors d'op\u00e9rations de ratissage de l'arm\u00e9e\",\"breadcrumb\":{\"@id\":\"https:\\\/\\\/www.webdo.tn\\\/fr\\\/actualite\\\/terrorisme\\\/fernana-jeune-civil-tue-jeunes-blesses-erreur-lors-doperations-ratissage-larmee-2\\\/180134\\\/#breadcrumb\"},\"inLanguage\":\"fr-FR\",\"potentialAction\":[{\"@type\":\"ReadAction\",\"target\":[\"https:\\\/\\\/www.webdo.tn\\\/fr\\\/actualite\\\/terrorisme\\\/fernana-jeune-civil-tue-jeunes-blesses-erreur-lors-doperations-ratissage-larmee-2\\\/180134\\\/\"]}]},{\"@type\":\"ImageObject\",\"inLanguage\":\"fr-FR\",\"@id\":\"https:\\\/\\\/www.webdo.tn\\\/fr\\\/actualite\\\/terrorisme\\\/fernana-jeune-civil-tue-jeunes-blesses-erreur-lors-doperations-ratissage-larmee-2\\\/180134\\\/#primaryimage\",\"url\":\"https:\\\/\\\/www.webdo.tn\\\/fr\\\/wp-content\\\/uploads\\\/2025\\\/06\\\/Fernana-credit-Mehdi-Marzouk-ok-300x225_180134.jpg\",\"contentUrl\":\"https:\\\/\\\/www.webdo.tn\\\/fr\\\/wp-content\\\/uploads\\\/2025\\\/06\\\/Fernana-credit-Mehdi-Marzouk-ok-300x225_180134.jpg\",\"width\":300,\"height\":225,\"caption\":\"Fernana : un jeune civil tu\u00e9 et deux autres bless\u00e9s par erreur lors d'op\u00e9rations de ratissage de l'arm\u00e9e\"},{\"@type\":\"BreadcrumbList\",\"@id\":\"https:\\\/\\\/www.webdo.tn\\\/fr\\\/actualite\\\/terrorisme\\\/fernana-jeune-civil-tue-jeunes-blesses-erreur-lors-doperations-ratissage-larmee-2\\\/180134\\\/#breadcrumb\",\"itemListElement\":[{\"@type\":\"ListItem\",\"position\":1,\"name\":\"Accueil\",\"item\":\"https:\\\/\\\/www.webdo.tn\\\/fr\\\/\"},{\"@type\":\"ListItem\",\"position\":2,\"name\":\"Fernana : un jeune civil tu\u00e9 et deux autres bless\u00e9s par erreur lors d&rsquo;op\u00e9rations de ratissage de l&rsquo;arm\u00e9e\"}]},{\"@type\":\"WebSite\",\"@id\":\"https:\\\/\\\/www.webdo.tn\\\/fr\\\/#website\",\"url\":\"https:\\\/\\\/www.webdo.tn\\\/fr\\\/\",\"name\":\"webdo\",\"description\":\"Tunisie - News en Tunisie et \u00e0 l&#039;international sur Webdo.tn\",\"publisher\":{\"@id\":\"https:\\\/\\\/www.webdo.tn\\\/fr\\\/#organization\"},\"potentialAction\":[{\"@type\":\"SearchAction\",\"target\":{\"@type\":\"EntryPoint\",\"urlTemplate\":\"https:\\\/\\\/www.webdo.tn\\\/fr\\\/?s={search_term_string}\"},\"query-input\":{\"@type\":\"PropertyValueSpecification\",\"valueRequired\":true,\"valueName\":\"search_term_string\"}}],\"inLanguage\":\"fr-FR\"},{\"@type\":\"Organization\",\"@id\":\"https:\\\/\\\/www.webdo.tn\\\/fr\\\/#organization\",\"name\":\"Webdo\",\"alternateName\":\"Webdo.tn\",\"url\":\"https:\\\/\\\/www.webdo.tn\\\/fr\\\/\",\"logo\":{\"@type\":\"ImageObject\",\"inLanguage\":\"fr-FR\",\"@id\":\"https:\\\/\\\/www.webdo.tn\\\/fr\\\/#\\\/schema\\\/logo\\\/image\\\/\",\"url\":\"https:\\\/\\\/www.webdo.tn\\\/fr\\\/wp-content\\\/uploads\\\/2025\\\/06\\\/Webdo-Tunisie_168377.jpg\",\"contentUrl\":\"https:\\\/\\\/www.webdo.tn\\\/fr\\\/wp-content\\\/uploads\\\/2025\\\/06\\\/Webdo-Tunisie_168377.jpg\",\"width\":301,\"height\":301,\"caption\":\"Webdo\"},\"image\":{\"@id\":\"https:\\\/\\\/www.webdo.tn\\\/fr\\\/#\\\/schema\\\/logo\\\/image\\\/\"},\"sameAs\":[\"https:\\\/\\\/www.facebook.com\\\/webdotn\",\"https:\\\/\\\/x.com\\\/webdo_tn\"],\"description\":\"Webdo est un m\u00e9dia num\u00e9rique tunisien fond\u00e9 en 2010, sp\u00e9cialis\u00e9 dans l\u2019actualit\u00e9 nationale et internationale, l\u2019\u00e9conomie, la soci\u00e9t\u00e9 et les analyses politiques. Le site s\u2019adresse \u00e0 un large public francophone et couvre l\u2019information tunisienne en temps r\u00e9el.\",\"email\":\"redac@webdo.tn\",\"legalName\":\"YNJ SARL\",\"foundingDate\":\"2010-09-06\",\"numberOfEmployees\":{\"@type\":\"QuantitativeValue\",\"minValue\":\"11\",\"maxValue\":\"50\"}},{\"@type\":\"Person\",\"@id\":\"https:\\\/\\\/www.webdo.tn\\\/fr\\\/#\\\/schema\\\/person\\\/9a9c6118d687c117df8ef3cc36a4d175\",\"name\":\"webdo.tn\",\"image\":{\"@type\":\"ImageObject\",\"inLanguage\":\"fr-FR\",\"@id\":\"https:\\\/\\\/secure.gravatar.com\\\/avatar\\\/7ce1f28c0c3bbac99ff550b85ef8e44a6950c6ee24514fb6a5489e51d06f0298?s=96&d=mm&r=g\",\"url\":\"https:\\\/\\\/secure.gravatar.com\\\/avatar\\\/7ce1f28c0c3bbac99ff550b85ef8e44a6950c6ee24514fb6a5489e51d06f0298?s=96&d=mm&r=g\",\"contentUrl\":\"https:\\\/\\\/secure.gravatar.com\\\/avatar\\\/7ce1f28c0c3bbac99ff550b85ef8e44a6950c6ee24514fb6a5489e51d06f0298?s=96&d=mm&r=g\",\"caption\":\"webdo.tn\"},\"url\":\"https:\\\/\\\/www.webdo.tn\\\/fr\\\/actualite\\\/author\\\/webdotn\\\/\"}]}<\/script>\n<!-- \/ Yoast SEO Premium plugin. -->","yoast_head_json":{"title":"Fernana : un jeune civil tu\u00e9 et deux autres bless\u00e9s par erreur lors d'op\u00e9rations de ratissage de l'arm\u00e9e","description":"Fernana : un jeune civil tu\u00e9 et deux autres bless\u00e9s par erreur lors d'op\u00e9rations de ratissage de l'arm\u00e9e","canonical":"https:\/\/www.webdo.tn\/fr\/actualite\/terrorisme\/fernana-jeune-civil-tue-jeunes-blesses-erreur-lors-doperations-ratissage-larmee-2\/180134\/","og_locale":"fr_FR","og_type":"article","og_title":"Fernana : un jeune civil tu\u00e9 et deux autres bless\u00e9s par erreur lors d'op\u00e9rations de ratissage de l'arm\u00e9e","og_description":"Fernana : un jeune civil tu\u00e9 et deux autres bless\u00e9s par erreur lors d'op\u00e9rations de ratissage de l'arm\u00e9e","og_url":"https:\/\/www.webdo.tn\/fr\/actualite\/terrorisme\/fernana-jeune-civil-tue-jeunes-blesses-erreur-lors-doperations-ratissage-larmee-2\/180134\/","og_site_name":"webdo","article_publisher":"https:\/\/www.facebook.com\/webdotn","article_published_time":"2014-08-05T12:07:00+00:00","article_modified_time":"2025-06-04T18:18:37+00:00","author":"webdo.tn","twitter_card":"summary_large_image","twitter_creator":"@webdo_tn","twitter_site":"@webdo_tn","twitter_misc":{"\u00c9crit par":"webdo.tn","Dur\u00e9e de lecture estim\u00e9e":"1 minute"},"schema":{"@context":"https:\/\/schema.org","@graph":[{"@type":"NewsArticle","@id":"https:\/\/www.webdo.tn\/fr\/actualite\/terrorisme\/fernana-jeune-civil-tue-jeunes-blesses-erreur-lors-doperations-ratissage-larmee-2\/180134\/#article","isPartOf":{"@id":"https:\/\/www.webdo.tn\/fr\/actualite\/terrorisme\/fernana-jeune-civil-tue-jeunes-blesses-erreur-lors-doperations-ratissage-larmee-2\/180134\/"},"author":{"name":"webdo.tn","@id":"https:\/\/www.webdo.tn\/fr\/#\/schema\/person\/9a9c6118d687c117df8ef3cc36a4d175"},"headline":"Fernana : un jeune civil tu\u00e9 et deux autres bless\u00e9s par erreur lors d&rsquo;op\u00e9rations de ratissage de l&rsquo;arm\u00e9e","datePublished":"2014-08-05T12:07:00+00:00","dateModified":"2025-06-04T18:18:37+00:00","mainEntityOfPage":{"@id":"https:\/\/www.webdo.tn\/fr\/actualite\/terrorisme\/fernana-jeune-civil-tue-jeunes-blesses-erreur-lors-doperations-ratissage-larmee-2\/180134\/"},"wordCount":160,"commentCount":0,"publisher":{"@id":"https:\/\/www.webdo.tn\/fr\/#organization"},"image":{"@id":"https:\/\/www.webdo.tn\/fr\/actualite\/terrorisme\/fernana-jeune-civil-tue-jeunes-blesses-erreur-lors-doperations-ratissage-larmee-2\/180134\/#primaryimage"},"thumbnailUrl":"https:\/\/www.webdo.tn\/fr\/wp-content\/uploads\/2025\/06\/Fernana-credit-Mehdi-Marzouk-ok-300x225_180134.jpg","articleSection":["Terrorisme"],"inLanguage":"fr-FR"},{"@type":"WebPage","@id":"https:\/\/www.webdo.tn\/fr\/actualite\/terrorisme\/fernana-jeune-civil-tue-jeunes-blesses-erreur-lors-doperations-ratissage-larmee-2\/180134\/","url":"https:\/\/www.webdo.tn\/fr\/actualite\/terrorisme\/fernana-jeune-civil-tue-jeunes-blesses-erreur-lors-doperations-ratissage-larmee-2\/180134\/","name":"Fernana : un jeune civil tu\u00e9 et deux autres bless\u00e9s par erreur lors d'op\u00e9rations de ratissage de l'arm\u00e9e","isPartOf":{"@id":"https:\/\/www.webdo.tn\/fr\/#website"},"primaryImageOfPage":{"@id":"https:\/\/www.webdo.tn\/fr\/actualite\/terrorisme\/fernana-jeune-civil-tue-jeunes-blesses-erreur-lors-doperations-ratissage-larmee-2\/180134\/#primaryimage"},"image":{"@id":"https:\/\/www.webdo.tn\/fr\/actualite\/terrorisme\/fernana-jeune-civil-tue-jeunes-blesses-erreur-lors-doperations-ratissage-larmee-2\/180134\/#primaryimage"},"thumbnailUrl":"https:\/\/www.webdo.tn\/fr\/wp-content\/uploads\/2025\/06\/Fernana-credit-Mehdi-Marzouk-ok-300x225_180134.jpg","datePublished":"2014-08-05T12:07:00+00:00","dateModified":"2025-06-04T18:18:37+00:00","description":"Fernana : un jeune civil tu\u00e9 et deux autres bless\u00e9s par erreur lors d'op\u00e9rations de ratissage de l'arm\u00e9e","breadcrumb":{"@id":"https:\/\/www.webdo.tn\/fr\/actualite\/terrorisme\/fernana-jeune-civil-tue-jeunes-blesses-erreur-lors-doperations-ratissage-larmee-2\/180134\/#breadcrumb"},"inLanguage":"fr-FR","potentialAction":[{"@type":"ReadAction","target":["https:\/\/www.webdo.tn\/fr\/actualite\/terrorisme\/fernana-jeune-civil-tue-jeunes-blesses-erreur-lors-doperations-ratissage-larmee-2\/180134\/"]}]},{"@type":"ImageObject","inLanguage":"fr-FR","@id":"https:\/\/www.webdo.tn\/fr\/actualite\/terrorisme\/fernana-jeune-civil-tue-jeunes-blesses-erreur-lors-doperations-ratissage-larmee-2\/180134\/#primaryimage","url":"https:\/\/www.webdo.tn\/fr\/wp-content\/uploads\/2025\/06\/Fernana-credit-Mehdi-Marzouk-ok-300x225_180134.jpg","contentUrl":"https:\/\/www.webdo.tn\/fr\/wp-content\/uploads\/2025\/06\/Fernana-credit-Mehdi-Marzouk-ok-300x225_180134.jpg","width":300,"height":225,"caption":"Fernana : un jeune civil tu\u00e9 et deux autres bless\u00e9s par erreur lors d'op\u00e9rations de ratissage de l'arm\u00e9e"},{"@type":"BreadcrumbList","@id":"https:\/\/www.webdo.tn\/fr\/actualite\/terrorisme\/fernana-jeune-civil-tue-jeunes-blesses-erreur-lors-doperations-ratissage-larmee-2\/180134\/#breadcrumb","itemListElement":[{"@type":"ListItem","position":1,"name":"Accueil","item":"https:\/\/www.webdo.tn\/fr\/"},{"@type":"ListItem","position":2,"name":"Fernana : un jeune civil tu\u00e9 et deux autres bless\u00e9s par erreur lors d&rsquo;op\u00e9rations de ratissage de l&rsquo;arm\u00e9e"}]},{"@type":"WebSite","@id":"https:\/\/www.webdo.tn\/fr\/#website","url":"https:\/\/www.webdo.tn\/fr\/","name":"webdo","description":"Tunisie - News en Tunisie et \u00e0 l&#039;international sur Webdo.tn","publisher":{"@id":"https:\/\/www.webdo.tn\/fr\/#organization"},"potentialAction":[{"@type":"SearchAction","target":{"@type":"EntryPoint","urlTemplate":"https:\/\/www.webdo.tn\/fr\/?s={search_term_string}"},"query-input":{"@type":"PropertyValueSpecification","valueRequired":true,"valueName":"search_term_string"}}],"inLanguage":"fr-FR"},{"@type":"Organization","@id":"https:\/\/www.webdo.tn\/fr\/#organization","name":"Webdo","alternateName":"Webdo.tn","url":"https:\/\/www.webdo.tn\/fr\/","logo":{"@type":"ImageObject","inLanguage":"fr-FR","@id":"https:\/\/www.webdo.tn\/fr\/#\/schema\/logo\/image\/","url":"https:\/\/www.webdo.tn\/fr\/wp-content\/uploads\/2025\/06\/Webdo-Tunisie_168377.jpg","contentUrl":"https:\/\/www.webdo.tn\/fr\/wp-content\/uploads\/2025\/06\/Webdo-Tunisie_168377.jpg","width":301,"height":301,"caption":"Webdo"},"image":{"@id":"https:\/\/www.webdo.tn\/fr\/#\/schema\/logo\/image\/"},"sameAs":["https:\/\/www.facebook.com\/webdotn","https:\/\/x.com\/webdo_tn"],"description":"Webdo est un m\u00e9dia num\u00e9rique tunisien fond\u00e9 en 2010, sp\u00e9cialis\u00e9 dans l\u2019actualit\u00e9 nationale et internationale, l\u2019\u00e9conomie, la soci\u00e9t\u00e9 et les analyses politiques. Le site s\u2019adresse \u00e0 un large public francophone et couvre l\u2019information tunisienne en temps r\u00e9el.","email":"redac@webdo.tn","legalName":"YNJ SARL","foundingDate":"2010-09-06","numberOfEmployees":{"@type":"QuantitativeValue","minValue":"11","maxValue":"50"}},{"@type":"Person","@id":"https:\/\/www.webdo.tn\/fr\/#\/schema\/person\/9a9c6118d687c117df8ef3cc36a4d175","name":"webdo.tn","image":{"@type":"ImageObject","inLanguage":"fr-FR","@id":"https:\/\/secure.gravatar.com\/avatar\/7ce1f28c0c3bbac99ff550b85ef8e44a6950c6ee24514fb6a5489e51d06f0298?s=96&d=mm&r=g","url":"https:\/\/secure.gravatar.com\/avatar\/7ce1f28c0c3bbac99ff550b85ef8e44a6950c6ee24514fb6a5489e51d06f0298?s=96&d=mm&r=g","contentUrl":"https:\/\/secure.gravatar.com\/avatar\/7ce1f28c0c3bbac99ff550b85ef8e44a6950c6ee24514fb6a5489e51d06f0298?s=96&d=mm&r=g","caption":"webdo.tn"},"url":"https:\/\/www.webdo.tn\/fr\/actualite\/author\/webdotn\/"}]}},"_links":{"self":[{"href":"https:\/\/www.webdo.tn\/fr\/wp-json\/wp\/v2\/posts\/180134","targetHints":{"allow":["GET"]}}],"collection":[{"href":"https:\/\/www.webdo.tn\/fr\/wp-json\/wp\/v2\/posts"}],"about":[{"href":"https:\/\/www.webdo.tn\/fr\/wp-json\/wp\/v2\/types\/post"}],"author":[{"embeddable":true,"href":"https:\/\/www.webdo.tn\/fr\/wp-json\/wp\/v2\/users\/3222"}],"replies":[{"embeddable":true,"href":"https:\/\/www.webdo.tn\/fr\/wp-json\/wp\/v2\/comments?post=180134"}],"version-history":[{"count":0,"href":"https:\/\/www.webdo.tn\/fr\/wp-json\/wp\/v2\/posts\/180134\/revisions"}],"wp:featuredmedia":[{"embeddable":true,"href":"https:\/\/www.webdo.tn\/fr\/wp-json\/wp\/v2\/media\/375009"}],"wp:attachment":[{"href":"https:\/\/www.webdo.tn\/fr\/wp-json\/wp\/v2\/media?parent=180134"}],"wp:term":[{"taxonomy":"category","embeddable":true,"href":"https:\/\/www.webdo.tn\/fr\/wp-json\/wp\/v2\/categories?post=180134"},{"taxonomy":"post_tag","embeddable":true,"href":"https:\/\/www.webdo.tn\/fr\/wp-json\/wp\/v2\/tags?post=180134"}],"curies":[{"name":"wp","href":"https:\/\/api.w.org\/{rel}","templated":true}]}}