{"id":180133,"date":"2014-08-06T10:27:00","date_gmt":"2014-08-06T10:27:00","guid":{"rendered":"https:\/\/www.webdo.tn\/fr\/blog\/washington-marzouki-appelle-strategie-regionale-contre-terrorisme\/180133\/"},"modified":"2025-05-22T13:07:51","modified_gmt":"2025-05-22T13:07:51","slug":"washington-marzouki-appelle-strategie-regionale-contre-terrorisme","status":"publish","type":"post","link":"https:\/\/www.webdo.tn\/fr\/actualite\/terrorisme\/washington-marzouki-appelle-strategie-regionale-contre-terrorisme\/180133\/","title":{"rendered":"Marzouki appelle les USA \u00e0 fournir \u00e0 la Tunisie 12 h\u00e9licopt\u00e8res"},"content":{"rendered":"<p>En voyage, depuis hier 5 ao\u00fbt, au \u00c9tats-Unis pour participer au sommet am\u00e9ricano-africain, sur invitation de son homologue am\u00e9ricain Barak Obama, le pr\u00e9sident Marzouki \u00a0a appel\u00e9 \u00e0 l&rsquo;adoption d&rsquo;une strat\u00e9gie r\u00e9gionale de lutte contre le terrorisme.<\/p>\n<p>Le 23 juillet dernier, le D\u00e9partement d&rsquo;Etat am\u00e9ricain (l&rsquo;\u00e9quivalent du minist\u00e8re des Affaires \u00e9trang\u00e8res) a approuv\u00e9 une possible vente d&rsquo;\u00e9quipements militaires \u00e0 la Tunisie pour un co\u00fbt de 700 millions de dollars US, soit l&rsquo;\u00e9quivalent de 1,2 milliards de dinars.<\/p>\n<p>Parmi ces demandes adress\u00e9es au Etats-Unis par Marzouki, dans le cadre de la lutte contre le terrorisme, il y a 12 h\u00e9licopt\u00e8res ainsi que des instruments de vision nocturne de communication.<\/p>\n<p>Lors de son discours \u00e0 propos de\u00a0l&rsquo;investissement dans la g\u00e9n\u00e9ration \u00e0 venir, le pr\u00e9sident de la R\u00e9publique\u00a0a affirm\u00e9 que\u00a0cette strat\u00e9gie requiert une approche \u00e0 la fois militaire, s\u00e9curitaire et \u00e9conomique.<\/p>\n","protected":false},"excerpt":{"rendered":"<p>Marzouki appelle les USA \u00e0 fournir \u00e0 la Tunisie 12 h\u00e9licopt\u00e8res<\/p>\n","protected":false},"author":3222,"featured_media":320744,"comment_status":"open","ping_status":"closed","sticky":false,"template":"","format":"standard","meta":{"footnotes":""},"categories":[11342],"tags":[],"class_list":["post-180133","post","type-post","status-publish","format-standard","has-post-thumbnail","hentry","category-terrorisme"],"yoast_head":"<!-- This site is optimized with the Yoast SEO Premium plugin v27.5 (Yoast SEO v27.5) - https:\/\/yoast.com\/product\/yoast-seo-premium-wordpress\/ -->\n<title>Marzouki appelle les USA \u00e0 fournir \u00e0 la Tunisie 12 h\u00e9licopt\u00e8res<\/title>\n<meta name=\"description\" content=\"Marzouki appelle les USA \u00e0 fournir \u00e0 la Tunisie 12 h\u00e9licopt\u00e8res\" \/>\n<link rel=\"canonical\" href=\"https:\/\/www.webdo.tn\/fr\/actualite\/terrorisme\/washington-marzouki-appelle-strategie-regionale-contre-terrorisme\/180133\/\" \/>\n<meta property=\"og:locale\" content=\"fr_FR\" \/>\n<meta property=\"og:type\" content=\"article\" \/>\n<meta property=\"og:title\" content=\"Marzouki appelle les USA \u00e0 fournir \u00e0 la Tunisie 12 h\u00e9licopt\u00e8res\" \/>\n<meta property=\"og:description\" content=\"Marzouki appelle les USA \u00e0 fournir \u00e0 la Tunisie 12 h\u00e9licopt\u00e8res\" \/>\n<meta property=\"og:url\" content=\"https:\/\/www.webdo.tn\/fr\/actualite\/terrorisme\/washington-marzouki-appelle-strategie-regionale-contre-terrorisme\/180133\/\" \/>\n<meta property=\"og:site_name\" content=\"webdo\" \/>\n<meta property=\"article:publisher\" content=\"https:\/\/www.facebook.com\/webdotn\" \/>\n<meta property=\"article:published_time\" content=\"2014-08-06T10:27:00+00:00\" \/>\n<meta property=\"article:modified_time\" content=\"2025-05-22T13:07:51+00:00\" \/>\n<meta property=\"og:image\" content=\"https:\/\/www.webdo.tn\/fr\/wp-content\/uploads\/2014\/08\/marzouki-2.jpg\" \/>\n\t<meta property=\"og:image:width\" content=\"500\" \/>\n\t<meta property=\"og:image:height\" content=\"312\" \/>\n\t<meta property=\"og:image:type\" content=\"image\/jpeg\" \/>\n<meta name=\"author\" content=\"webdo.tn\" \/>\n<meta name=\"twitter:card\" content=\"summary_large_image\" \/>\n<meta name=\"twitter:creator\" content=\"@webdo_tn\" \/>\n<meta name=\"twitter:site\" content=\"@webdo_tn\" \/>\n<meta name=\"twitter:label1\" content=\"\u00c9crit par\" \/>\n\t<meta name=\"twitter:data1\" content=\"webdo.tn\" \/>\n\t<meta name=\"twitter:label2\" content=\"Dur\u00e9e de lecture estim\u00e9e\" \/>\n\t<meta name=\"twitter:data2\" content=\"1 minute\" \/>\n<script type=\"application\/ld+json\" class=\"yoast-schema-graph\">{\"@context\":\"https:\\\/\\\/schema.org\",\"@graph\":[{\"@type\":\"NewsArticle\",\"@id\":\"https:\\\/\\\/www.webdo.tn\\\/fr\\\/actualite\\\/terrorisme\\\/washington-marzouki-appelle-strategie-regionale-contre-terrorisme\\\/180133\\\/#article\",\"isPartOf\":{\"@id\":\"https:\\\/\\\/www.webdo.tn\\\/fr\\\/actualite\\\/terrorisme\\\/washington-marzouki-appelle-strategie-regionale-contre-terrorisme\\\/180133\\\/\"},\"author\":{\"name\":\"webdo.tn\",\"@id\":\"https:\\\/\\\/www.webdo.tn\\\/fr\\\/#\\\/schema\\\/person\\\/9a9c6118d687c117df8ef3cc36a4d175\"},\"headline\":\"Marzouki appelle les USA \u00e0 fournir \u00e0 la Tunisie 12 h\u00e9licopt\u00e8res\",\"datePublished\":\"2014-08-06T10:27:00+00:00\",\"dateModified\":\"2025-05-22T13:07:51+00:00\",\"mainEntityOfPage\":{\"@id\":\"https:\\\/\\\/www.webdo.tn\\\/fr\\\/actualite\\\/terrorisme\\\/washington-marzouki-appelle-strategie-regionale-contre-terrorisme\\\/180133\\\/\"},\"wordCount\":167,\"commentCount\":0,\"publisher\":{\"@id\":\"https:\\\/\\\/www.webdo.tn\\\/fr\\\/#organization\"},\"image\":{\"@id\":\"https:\\\/\\\/www.webdo.tn\\\/fr\\\/actualite\\\/terrorisme\\\/washington-marzouki-appelle-strategie-regionale-contre-terrorisme\\\/180133\\\/#primaryimage\"},\"thumbnailUrl\":\"https:\\\/\\\/www.webdo.tn\\\/fr\\\/wp-content\\\/uploads\\\/2014\\\/08\\\/marzouki-2.jpg\",\"articleSection\":[\"Terrorisme\"],\"inLanguage\":\"fr-FR\"},{\"@type\":\"WebPage\",\"@id\":\"https:\\\/\\\/www.webdo.tn\\\/fr\\\/actualite\\\/terrorisme\\\/washington-marzouki-appelle-strategie-regionale-contre-terrorisme\\\/180133\\\/\",\"url\":\"https:\\\/\\\/www.webdo.tn\\\/fr\\\/actualite\\\/terrorisme\\\/washington-marzouki-appelle-strategie-regionale-contre-terrorisme\\\/180133\\\/\",\"name\":\"Marzouki appelle les USA \u00e0 fournir \u00e0 la Tunisie 12 h\u00e9licopt\u00e8res\",\"isPartOf\":{\"@id\":\"https:\\\/\\\/www.webdo.tn\\\/fr\\\/#website\"},\"primaryImageOfPage\":{\"@id\":\"https:\\\/\\\/www.webdo.tn\\\/fr\\\/actualite\\\/terrorisme\\\/washington-marzouki-appelle-strategie-regionale-contre-terrorisme\\\/180133\\\/#primaryimage\"},\"image\":{\"@id\":\"https:\\\/\\\/www.webdo.tn\\\/fr\\\/actualite\\\/terrorisme\\\/washington-marzouki-appelle-strategie-regionale-contre-terrorisme\\\/180133\\\/#primaryimage\"},\"thumbnailUrl\":\"https:\\\/\\\/www.webdo.tn\\\/fr\\\/wp-content\\\/uploads\\\/2014\\\/08\\\/marzouki-2.jpg\",\"datePublished\":\"2014-08-06T10:27:00+00:00\",\"dateModified\":\"2025-05-22T13:07:51+00:00\",\"description\":\"Marzouki appelle les USA \u00e0 fournir \u00e0 la Tunisie 12 h\u00e9licopt\u00e8res\",\"breadcrumb\":{\"@id\":\"https:\\\/\\\/www.webdo.tn\\\/fr\\\/actualite\\\/terrorisme\\\/washington-marzouki-appelle-strategie-regionale-contre-terrorisme\\\/180133\\\/#breadcrumb\"},\"inLanguage\":\"fr-FR\",\"potentialAction\":[{\"@type\":\"ReadAction\",\"target\":[\"https:\\\/\\\/www.webdo.tn\\\/fr\\\/actualite\\\/terrorisme\\\/washington-marzouki-appelle-strategie-regionale-contre-terrorisme\\\/180133\\\/\"]}]},{\"@type\":\"ImageObject\",\"inLanguage\":\"fr-FR\",\"@id\":\"https:\\\/\\\/www.webdo.tn\\\/fr\\\/actualite\\\/terrorisme\\\/washington-marzouki-appelle-strategie-regionale-contre-terrorisme\\\/180133\\\/#primaryimage\",\"url\":\"https:\\\/\\\/www.webdo.tn\\\/fr\\\/wp-content\\\/uploads\\\/2014\\\/08\\\/marzouki-2.jpg\",\"contentUrl\":\"https:\\\/\\\/www.webdo.tn\\\/fr\\\/wp-content\\\/uploads\\\/2014\\\/08\\\/marzouki-2.jpg\",\"width\":500,\"height\":312,\"caption\":\"Marzouki appelle les USA \u00e0 fournir \u00e0 la Tunisie 12 h\u00e9licopt\u00e8res\"},{\"@type\":\"BreadcrumbList\",\"@id\":\"https:\\\/\\\/www.webdo.tn\\\/fr\\\/actualite\\\/terrorisme\\\/washington-marzouki-appelle-strategie-regionale-contre-terrorisme\\\/180133\\\/#breadcrumb\",\"itemListElement\":[{\"@type\":\"ListItem\",\"position\":1,\"name\":\"Accueil\",\"item\":\"https:\\\/\\\/www.webdo.tn\\\/fr\\\/\"},{\"@type\":\"ListItem\",\"position\":2,\"name\":\"Marzouki appelle les USA \u00e0 fournir \u00e0 la Tunisie 12 h\u00e9licopt\u00e8res\"}]},{\"@type\":\"WebSite\",\"@id\":\"https:\\\/\\\/www.webdo.tn\\\/fr\\\/#website\",\"url\":\"https:\\\/\\\/www.webdo.tn\\\/fr\\\/\",\"name\":\"webdo\",\"description\":\"Tunisie - News en Tunisie et \u00e0 l&#039;international sur Webdo.tn\",\"publisher\":{\"@id\":\"https:\\\/\\\/www.webdo.tn\\\/fr\\\/#organization\"},\"potentialAction\":[{\"@type\":\"SearchAction\",\"target\":{\"@type\":\"EntryPoint\",\"urlTemplate\":\"https:\\\/\\\/www.webdo.tn\\\/fr\\\/?s={search_term_string}\"},\"query-input\":{\"@type\":\"PropertyValueSpecification\",\"valueRequired\":true,\"valueName\":\"search_term_string\"}}],\"inLanguage\":\"fr-FR\"},{\"@type\":\"Organization\",\"@id\":\"https:\\\/\\\/www.webdo.tn\\\/fr\\\/#organization\",\"name\":\"Webdo\",\"alternateName\":\"Webdo.tn\",\"url\":\"https:\\\/\\\/www.webdo.tn\\\/fr\\\/\",\"logo\":{\"@type\":\"ImageObject\",\"inLanguage\":\"fr-FR\",\"@id\":\"https:\\\/\\\/www.webdo.tn\\\/fr\\\/#\\\/schema\\\/logo\\\/image\\\/\",\"url\":\"https:\\\/\\\/www.webdo.tn\\\/fr\\\/wp-content\\\/uploads\\\/2025\\\/06\\\/Webdo-Tunisie_168377.jpg\",\"contentUrl\":\"https:\\\/\\\/www.webdo.tn\\\/fr\\\/wp-content\\\/uploads\\\/2025\\\/06\\\/Webdo-Tunisie_168377.jpg\",\"width\":301,\"height\":301,\"caption\":\"Webdo\"},\"image\":{\"@id\":\"https:\\\/\\\/www.webdo.tn\\\/fr\\\/#\\\/schema\\\/logo\\\/image\\\/\"},\"sameAs\":[\"https:\\\/\\\/www.facebook.com\\\/webdotn\",\"https:\\\/\\\/x.com\\\/webdo_tn\"],\"description\":\"Webdo est un m\u00e9dia num\u00e9rique tunisien fond\u00e9 en 2010, sp\u00e9cialis\u00e9 dans l\u2019actualit\u00e9 nationale et internationale, l\u2019\u00e9conomie, la soci\u00e9t\u00e9 et les analyses politiques. Le site s\u2019adresse \u00e0 un large public francophone et couvre l\u2019information tunisienne en temps r\u00e9el.\",\"email\":\"redac@webdo.tn\",\"legalName\":\"YNJ SARL\",\"foundingDate\":\"2010-09-06\",\"numberOfEmployees\":{\"@type\":\"QuantitativeValue\",\"minValue\":\"11\",\"maxValue\":\"50\"}},{\"@type\":\"Person\",\"@id\":\"https:\\\/\\\/www.webdo.tn\\\/fr\\\/#\\\/schema\\\/person\\\/9a9c6118d687c117df8ef3cc36a4d175\",\"name\":\"webdo.tn\",\"image\":{\"@type\":\"ImageObject\",\"inLanguage\":\"fr-FR\",\"@id\":\"https:\\\/\\\/secure.gravatar.com\\\/avatar\\\/7ce1f28c0c3bbac99ff550b85ef8e44a6950c6ee24514fb6a5489e51d06f0298?s=96&d=mm&r=g\",\"url\":\"https:\\\/\\\/secure.gravatar.com\\\/avatar\\\/7ce1f28c0c3bbac99ff550b85ef8e44a6950c6ee24514fb6a5489e51d06f0298?s=96&d=mm&r=g\",\"contentUrl\":\"https:\\\/\\\/secure.gravatar.com\\\/avatar\\\/7ce1f28c0c3bbac99ff550b85ef8e44a6950c6ee24514fb6a5489e51d06f0298?s=96&d=mm&r=g\",\"caption\":\"webdo.tn\"},\"url\":\"https:\\\/\\\/www.webdo.tn\\\/fr\\\/actualite\\\/author\\\/webdotn\\\/\"}]}<\/script>\n<!-- \/ Yoast SEO Premium plugin. -->","yoast_head_json":{"title":"Marzouki appelle les USA \u00e0 fournir \u00e0 la Tunisie 12 h\u00e9licopt\u00e8res","description":"Marzouki appelle les USA \u00e0 fournir \u00e0 la Tunisie 12 h\u00e9licopt\u00e8res","canonical":"https:\/\/www.webdo.tn\/fr\/actualite\/terrorisme\/washington-marzouki-appelle-strategie-regionale-contre-terrorisme\/180133\/","og_locale":"fr_FR","og_type":"article","og_title":"Marzouki appelle les USA \u00e0 fournir \u00e0 la Tunisie 12 h\u00e9licopt\u00e8res","og_description":"Marzouki appelle les USA \u00e0 fournir \u00e0 la Tunisie 12 h\u00e9licopt\u00e8res","og_url":"https:\/\/www.webdo.tn\/fr\/actualite\/terrorisme\/washington-marzouki-appelle-strategie-regionale-contre-terrorisme\/180133\/","og_site_name":"webdo","article_publisher":"https:\/\/www.facebook.com\/webdotn","article_published_time":"2014-08-06T10:27:00+00:00","article_modified_time":"2025-05-22T13:07:51+00:00","og_image":[{"width":500,"height":312,"url":"https:\/\/www.webdo.tn\/fr\/wp-content\/uploads\/2014\/08\/marzouki-2.jpg","type":"image\/jpeg"}],"author":"webdo.tn","twitter_card":"summary_large_image","twitter_creator":"@webdo_tn","twitter_site":"@webdo_tn","twitter_misc":{"\u00c9crit par":"webdo.tn","Dur\u00e9e de lecture estim\u00e9e":"1 minute"},"schema":{"@context":"https:\/\/schema.org","@graph":[{"@type":"NewsArticle","@id":"https:\/\/www.webdo.tn\/fr\/actualite\/terrorisme\/washington-marzouki-appelle-strategie-regionale-contre-terrorisme\/180133\/#article","isPartOf":{"@id":"https:\/\/www.webdo.tn\/fr\/actualite\/terrorisme\/washington-marzouki-appelle-strategie-regionale-contre-terrorisme\/180133\/"},"author":{"name":"webdo.tn","@id":"https:\/\/www.webdo.tn\/fr\/#\/schema\/person\/9a9c6118d687c117df8ef3cc36a4d175"},"headline":"Marzouki appelle les USA \u00e0 fournir \u00e0 la Tunisie 12 h\u00e9licopt\u00e8res","datePublished":"2014-08-06T10:27:00+00:00","dateModified":"2025-05-22T13:07:51+00:00","mainEntityOfPage":{"@id":"https:\/\/www.webdo.tn\/fr\/actualite\/terrorisme\/washington-marzouki-appelle-strategie-regionale-contre-terrorisme\/180133\/"},"wordCount":167,"commentCount":0,"publisher":{"@id":"https:\/\/www.webdo.tn\/fr\/#organization"},"image":{"@id":"https:\/\/www.webdo.tn\/fr\/actualite\/terrorisme\/washington-marzouki-appelle-strategie-regionale-contre-terrorisme\/180133\/#primaryimage"},"thumbnailUrl":"https:\/\/www.webdo.tn\/fr\/wp-content\/uploads\/2014\/08\/marzouki-2.jpg","articleSection":["Terrorisme"],"inLanguage":"fr-FR"},{"@type":"WebPage","@id":"https:\/\/www.webdo.tn\/fr\/actualite\/terrorisme\/washington-marzouki-appelle-strategie-regionale-contre-terrorisme\/180133\/","url":"https:\/\/www.webdo.tn\/fr\/actualite\/terrorisme\/washington-marzouki-appelle-strategie-regionale-contre-terrorisme\/180133\/","name":"Marzouki appelle les USA \u00e0 fournir \u00e0 la Tunisie 12 h\u00e9licopt\u00e8res","isPartOf":{"@id":"https:\/\/www.webdo.tn\/fr\/#website"},"primaryImageOfPage":{"@id":"https:\/\/www.webdo.tn\/fr\/actualite\/terrorisme\/washington-marzouki-appelle-strategie-regionale-contre-terrorisme\/180133\/#primaryimage"},"image":{"@id":"https:\/\/www.webdo.tn\/fr\/actualite\/terrorisme\/washington-marzouki-appelle-strategie-regionale-contre-terrorisme\/180133\/#primaryimage"},"thumbnailUrl":"https:\/\/www.webdo.tn\/fr\/wp-content\/uploads\/2014\/08\/marzouki-2.jpg","datePublished":"2014-08-06T10:27:00+00:00","dateModified":"2025-05-22T13:07:51+00:00","description":"Marzouki appelle les USA \u00e0 fournir \u00e0 la Tunisie 12 h\u00e9licopt\u00e8res","breadcrumb":{"@id":"https:\/\/www.webdo.tn\/fr\/actualite\/terrorisme\/washington-marzouki-appelle-strategie-regionale-contre-terrorisme\/180133\/#breadcrumb"},"inLanguage":"fr-FR","potentialAction":[{"@type":"ReadAction","target":["https:\/\/www.webdo.tn\/fr\/actualite\/terrorisme\/washington-marzouki-appelle-strategie-regionale-contre-terrorisme\/180133\/"]}]},{"@type":"ImageObject","inLanguage":"fr-FR","@id":"https:\/\/www.webdo.tn\/fr\/actualite\/terrorisme\/washington-marzouki-appelle-strategie-regionale-contre-terrorisme\/180133\/#primaryimage","url":"https:\/\/www.webdo.tn\/fr\/wp-content\/uploads\/2014\/08\/marzouki-2.jpg","contentUrl":"https:\/\/www.webdo.tn\/fr\/wp-content\/uploads\/2014\/08\/marzouki-2.jpg","width":500,"height":312,"caption":"Marzouki appelle les USA \u00e0 fournir \u00e0 la Tunisie 12 h\u00e9licopt\u00e8res"},{"@type":"BreadcrumbList","@id":"https:\/\/www.webdo.tn\/fr\/actualite\/terrorisme\/washington-marzouki-appelle-strategie-regionale-contre-terrorisme\/180133\/#breadcrumb","itemListElement":[{"@type":"ListItem","position":1,"name":"Accueil","item":"https:\/\/www.webdo.tn\/fr\/"},{"@type":"ListItem","position":2,"name":"Marzouki appelle les USA \u00e0 fournir \u00e0 la Tunisie 12 h\u00e9licopt\u00e8res"}]},{"@type":"WebSite","@id":"https:\/\/www.webdo.tn\/fr\/#website","url":"https:\/\/www.webdo.tn\/fr\/","name":"webdo","description":"Tunisie - News en Tunisie et \u00e0 l&#039;international sur Webdo.tn","publisher":{"@id":"https:\/\/www.webdo.tn\/fr\/#organization"},"potentialAction":[{"@type":"SearchAction","target":{"@type":"EntryPoint","urlTemplate":"https:\/\/www.webdo.tn\/fr\/?s={search_term_string}"},"query-input":{"@type":"PropertyValueSpecification","valueRequired":true,"valueName":"search_term_string"}}],"inLanguage":"fr-FR"},{"@type":"Organization","@id":"https:\/\/www.webdo.tn\/fr\/#organization","name":"Webdo","alternateName":"Webdo.tn","url":"https:\/\/www.webdo.tn\/fr\/","logo":{"@type":"ImageObject","inLanguage":"fr-FR","@id":"https:\/\/www.webdo.tn\/fr\/#\/schema\/logo\/image\/","url":"https:\/\/www.webdo.tn\/fr\/wp-content\/uploads\/2025\/06\/Webdo-Tunisie_168377.jpg","contentUrl":"https:\/\/www.webdo.tn\/fr\/wp-content\/uploads\/2025\/06\/Webdo-Tunisie_168377.jpg","width":301,"height":301,"caption":"Webdo"},"image":{"@id":"https:\/\/www.webdo.tn\/fr\/#\/schema\/logo\/image\/"},"sameAs":["https:\/\/www.facebook.com\/webdotn","https:\/\/x.com\/webdo_tn"],"description":"Webdo est un m\u00e9dia num\u00e9rique tunisien fond\u00e9 en 2010, sp\u00e9cialis\u00e9 dans l\u2019actualit\u00e9 nationale et internationale, l\u2019\u00e9conomie, la soci\u00e9t\u00e9 et les analyses politiques. Le site s\u2019adresse \u00e0 un large public francophone et couvre l\u2019information tunisienne en temps r\u00e9el.","email":"redac@webdo.tn","legalName":"YNJ SARL","foundingDate":"2010-09-06","numberOfEmployees":{"@type":"QuantitativeValue","minValue":"11","maxValue":"50"}},{"@type":"Person","@id":"https:\/\/www.webdo.tn\/fr\/#\/schema\/person\/9a9c6118d687c117df8ef3cc36a4d175","name":"webdo.tn","image":{"@type":"ImageObject","inLanguage":"fr-FR","@id":"https:\/\/secure.gravatar.com\/avatar\/7ce1f28c0c3bbac99ff550b85ef8e44a6950c6ee24514fb6a5489e51d06f0298?s=96&d=mm&r=g","url":"https:\/\/secure.gravatar.com\/avatar\/7ce1f28c0c3bbac99ff550b85ef8e44a6950c6ee24514fb6a5489e51d06f0298?s=96&d=mm&r=g","contentUrl":"https:\/\/secure.gravatar.com\/avatar\/7ce1f28c0c3bbac99ff550b85ef8e44a6950c6ee24514fb6a5489e51d06f0298?s=96&d=mm&r=g","caption":"webdo.tn"},"url":"https:\/\/www.webdo.tn\/fr\/actualite\/author\/webdotn\/"}]}},"_links":{"self":[{"href":"https:\/\/www.webdo.tn\/fr\/wp-json\/wp\/v2\/posts\/180133","targetHints":{"allow":["GET"]}}],"collection":[{"href":"https:\/\/www.webdo.tn\/fr\/wp-json\/wp\/v2\/posts"}],"about":[{"href":"https:\/\/www.webdo.tn\/fr\/wp-json\/wp\/v2\/types\/post"}],"author":[{"embeddable":true,"href":"https:\/\/www.webdo.tn\/fr\/wp-json\/wp\/v2\/users\/3222"}],"replies":[{"embeddable":true,"href":"https:\/\/www.webdo.tn\/fr\/wp-json\/wp\/v2\/comments?post=180133"}],"version-history":[{"count":0,"href":"https:\/\/www.webdo.tn\/fr\/wp-json\/wp\/v2\/posts\/180133\/revisions"}],"wp:featuredmedia":[{"embeddable":true,"href":"https:\/\/www.webdo.tn\/fr\/wp-json\/wp\/v2\/media\/320744"}],"wp:attachment":[{"href":"https:\/\/www.webdo.tn\/fr\/wp-json\/wp\/v2\/media?parent=180133"}],"wp:term":[{"taxonomy":"category","embeddable":true,"href":"https:\/\/www.webdo.tn\/fr\/wp-json\/wp\/v2\/categories?post=180133"},{"taxonomy":"post_tag","embeddable":true,"href":"https:\/\/www.webdo.tn\/fr\/wp-json\/wp\/v2\/tags?post=180133"}],"curies":[{"name":"wp","href":"https:\/\/api.w.org\/{rel}","templated":true}]}}