{"id":180132,"date":"2014-08-06T14:12:00","date_gmt":"2014-08-06T14:12:00","guid":{"rendered":"https:\/\/www.webdo.tn\/fr\/blog\/essebsi-confirme-don-emirati-voitures-blindees-compte\/180132\/"},"modified":"2025-06-04T18:18:12","modified_gmt":"2025-06-04T18:18:12","slug":"essebsi-confirme-don-emirati-voitures-blindees-compte-2","status":"publish","type":"post","link":"https:\/\/www.webdo.tn\/fr\/actualite\/terrorisme\/essebsi-confirme-don-emirati-voitures-blindees-compte-2\/180132\/","title":{"rendered":"Essebsi confirme le don de l&rsquo;ambassade \u00e9miratie de deux voitures blind\u00e9es pour son propre compte"},"content":{"rendered":"<p>Dans une d\u00e9claration accord\u00e9e au journal Al Maghreb, dans son \u00e9dition de ce 6 ao\u00fbt, B\u00e9ji Ca\u00efd Essebsi, pr\u00e9sident de Nidaa Tounes, confirme le don de deux voitures par les \u00c9mirats arabes unis, en pr\u00e9cisant que c&rsquo;\u00e9tait pour sa personne.<br \/>\nNidaa Tounes a notifi\u00e9 que ces deux voitures \u00e9taient destin\u00e9es \u00e0\u00a0\u00a0\u00bb prot\u00e9ger Essebsi et l&rsquo;\u00e9quipe qui veille sur lui dans le cadre du dispositif s\u00e9curitaire mis \u00e0 sa disposition de la part du minist\u00e8re de l&rsquo;Int\u00e9rieur\u00a0\u00bb.<\/p>\n<p>MAJ 7 ao\u00fbt :<\/p>\n<p>Le d\u00e9put\u00e9 du mouvement Nidaa Tounes, Abdelaziz Kotti a pr\u00e9cis\u00e9\u00a0sur les ondes de la radio Express FM, que \u00ab\u00a0Les cartes grises des deux voitures sont sous le nom de minist\u00e8re de l\u2019Int\u00e9rieur\u00a0\u00bb .\u00a0<\/p>\n<p>\u00a0<br \/>\nL&rsquo;ambassade des\u00a0Emirats arabes unis en Tunisie offre un don \u00e0 la personne de B\u00e9ji Caid Essebsi et non au Minist\u00e8re de l&rsquo;Int\u00e9rieur<br \/>\nUn document fuit\u00e9\u00a0par le blogueur Yassine Ayari,\u00a0au sujet de ce don, atteste qu&rsquo;il est destin\u00e9 \u00e0 la personne de M. Essebsi et non \u00e0 l&rsquo;Etat ou au minist\u00e8re de l&rsquo;Int\u00e9rieur.<br \/>\nCe document, sous forme de lettre, a \u00e9t\u00e9 envoy\u00e9 de la part de l\u2019ambassade des Emirats arabes unis en Tunisie \u00e0 l&rsquo;attention de\u00a0la direction de la douane. L&rsquo;ambassade informait\u00a0celle-ci d&rsquo;un don \u00a0de\u00a0deux voitures \u00a0(estim\u00e9es \u00e0 une valeur d&rsquo;environ deux milliards) au profit de la personne de B\u00e9ji Ca\u00efd Essebsi, le 24 juillet 2014 en Tunisie \u00a0: une Mercedes S550 et une Toyota Land Cruiser.<br \/>\nHier, le bureau de communication de Nidaa Tounes a confirm\u00e9 dans son \u00a0communiqu\u00e9\u00a0l&rsquo;authenticit\u00e9 des informations du document en question.<br \/>\n\u00a0La fuite du document : preuve de \u00ab\u00a0l&rsquo;infiltration de l&rsquo;Etat\u00a0\u00bb et d&rsquo;une attaque de donn\u00e9es personnelles selon Nidaa Tounes<br \/>\nLe bureau de communication du parti Nidaa Tounes s&rsquo;est indign\u00e9 de\u00a0la fuite de ce \u00abdocument officiel\u00bb qui \u00a0serait une nouvelle preuve de\u00a0\u00a0\u00abl\u2019infiltration des institutions de l\u2019\u00c9tat par certains partis politiques\u00bb. Nidaa Tounes\u00a0a aussi d\u00e9sign\u00e9 \u00a0la fuite du document comme une attaque des donn\u00e9es personnelles de son chef de parti M. Essebsi.<\/p>\n<p>Nidaa Tounes a justifi\u00e9 ce don par\u00a0la persistance de menaces terroristes \u00abs\u00e9rieuses\u00bb visant M. Essebsi.\u00a0Des \u00abamis de longue date\u00bb au sein de l\u2019\u00c9tat \u00e9mirati ont pris l\u2019initiative d&rsquo;offrir \u00e0 M. Essebsi deux v\u00e9hicules blind\u00e9s pour \u00able prot\u00e9ger et prot\u00e9ger l\u2019\u00e9quipe charg\u00e9e de l\u2019accompagner dans le cadre du dispositif s\u00e9curitaire mis \u00e0 sa disposition par le minist\u00e8re de l\u2019Int\u00e9rieur\u00bb.\u00a0 Le parti a fait part de son indignation devant \u00ables rumeurs tendancieuses\u00bb\u00a0dans les r\u00e9seaux sociaux qui ont\u00a0\u00a0\u00a0\u00abfuit\u00e9 un document officiel en violation des donn\u00e9es personnelles, afin de semer la confusion\u00bb.<\/p>\n","protected":false},"excerpt":{"rendered":"<p>Essebsi confirme le don de l&rsquo;ambassade \u00e9miratie de deux voitures blind\u00e9es pour son propre compte<\/p>\n","protected":false},"author":3222,"featured_media":373755,"comment_status":"open","ping_status":"closed","sticky":false,"template":"","format":"standard","meta":{"footnotes":""},"categories":[11342],"tags":[],"class_list":["post-180132","post","type-post","status-publish","format-standard","has-post-thumbnail","hentry","category-terrorisme"],"yoast_head":"<!-- This site is optimized with the Yoast SEO Premium plugin v27.5 (Yoast SEO v27.5) - https:\/\/yoast.com\/product\/yoast-seo-premium-wordpress\/ -->\n<title>Essebsi confirme le don de l&#039;ambassade \u00e9miratie de deux voitures blind\u00e9es pour son propre compte<\/title>\n<meta name=\"description\" content=\"Essebsi confirme le don de l&#039;ambassade \u00e9miratie de deux voitures blind\u00e9es pour son propre compte\" \/>\n<link rel=\"canonical\" href=\"https:\/\/www.webdo.tn\/fr\/actualite\/terrorisme\/essebsi-confirme-don-emirati-voitures-blindees-compte-2\/180132\/\" \/>\n<meta property=\"og:locale\" content=\"fr_FR\" \/>\n<meta property=\"og:type\" content=\"article\" \/>\n<meta property=\"og:title\" content=\"Essebsi confirme le don de l&#039;ambassade \u00e9miratie de deux voitures blind\u00e9es pour son propre compte\" \/>\n<meta property=\"og:description\" content=\"Essebsi confirme le don de l&#039;ambassade \u00e9miratie de deux voitures blind\u00e9es pour son propre compte\" \/>\n<meta property=\"og:url\" content=\"https:\/\/www.webdo.tn\/fr\/actualite\/terrorisme\/essebsi-confirme-don-emirati-voitures-blindees-compte-2\/180132\/\" \/>\n<meta property=\"og:site_name\" content=\"webdo\" \/>\n<meta property=\"article:publisher\" content=\"https:\/\/www.facebook.com\/webdotn\" \/>\n<meta property=\"article:published_time\" content=\"2014-08-06T14:12:00+00:00\" \/>\n<meta property=\"article:modified_time\" content=\"2025-06-04T18:18:12+00:00\" \/>\n<meta name=\"author\" content=\"webdo.tn\" \/>\n<meta name=\"twitter:card\" content=\"summary_large_image\" \/>\n<meta name=\"twitter:creator\" content=\"@webdo_tn\" \/>\n<meta name=\"twitter:site\" content=\"@webdo_tn\" \/>\n<meta name=\"twitter:label1\" content=\"\u00c9crit par\" \/>\n\t<meta name=\"twitter:data1\" content=\"webdo.tn\" \/>\n\t<meta name=\"twitter:label2\" content=\"Dur\u00e9e de lecture estim\u00e9e\" \/>\n\t<meta name=\"twitter:data2\" content=\"2 minutes\" \/>\n<script type=\"application\/ld+json\" class=\"yoast-schema-graph\">{\"@context\":\"https:\\\/\\\/schema.org\",\"@graph\":[{\"@type\":\"NewsArticle\",\"@id\":\"https:\\\/\\\/www.webdo.tn\\\/fr\\\/actualite\\\/terrorisme\\\/essebsi-confirme-don-emirati-voitures-blindees-compte-2\\\/180132\\\/#article\",\"isPartOf\":{\"@id\":\"https:\\\/\\\/www.webdo.tn\\\/fr\\\/actualite\\\/terrorisme\\\/essebsi-confirme-don-emirati-voitures-blindees-compte-2\\\/180132\\\/\"},\"author\":{\"name\":\"webdo.tn\",\"@id\":\"https:\\\/\\\/www.webdo.tn\\\/fr\\\/#\\\/schema\\\/person\\\/9a9c6118d687c117df8ef3cc36a4d175\"},\"headline\":\"Essebsi confirme le don de l&rsquo;ambassade \u00e9miratie de deux voitures blind\u00e9es pour son propre compte\",\"datePublished\":\"2014-08-06T14:12:00+00:00\",\"dateModified\":\"2025-06-04T18:18:12+00:00\",\"mainEntityOfPage\":{\"@id\":\"https:\\\/\\\/www.webdo.tn\\\/fr\\\/actualite\\\/terrorisme\\\/essebsi-confirme-don-emirati-voitures-blindees-compte-2\\\/180132\\\/\"},\"wordCount\":487,\"commentCount\":0,\"publisher\":{\"@id\":\"https:\\\/\\\/www.webdo.tn\\\/fr\\\/#organization\"},\"image\":{\"@id\":\"https:\\\/\\\/www.webdo.tn\\\/fr\\\/actualite\\\/terrorisme\\\/essebsi-confirme-don-emirati-voitures-blindees-compte-2\\\/180132\\\/#primaryimage\"},\"thumbnailUrl\":\"https:\\\/\\\/www.webdo.tn\\\/fr\\\/wp-content\\\/uploads\\\/2025\\\/06\\\/Beji-Caid-Essebsi_180132.jpg\",\"articleSection\":[\"Terrorisme\"],\"inLanguage\":\"fr-FR\"},{\"@type\":\"WebPage\",\"@id\":\"https:\\\/\\\/www.webdo.tn\\\/fr\\\/actualite\\\/terrorisme\\\/essebsi-confirme-don-emirati-voitures-blindees-compte-2\\\/180132\\\/\",\"url\":\"https:\\\/\\\/www.webdo.tn\\\/fr\\\/actualite\\\/terrorisme\\\/essebsi-confirme-don-emirati-voitures-blindees-compte-2\\\/180132\\\/\",\"name\":\"Essebsi confirme le don de l'ambassade \u00e9miratie de deux voitures blind\u00e9es pour son propre compte\",\"isPartOf\":{\"@id\":\"https:\\\/\\\/www.webdo.tn\\\/fr\\\/#website\"},\"primaryImageOfPage\":{\"@id\":\"https:\\\/\\\/www.webdo.tn\\\/fr\\\/actualite\\\/terrorisme\\\/essebsi-confirme-don-emirati-voitures-blindees-compte-2\\\/180132\\\/#primaryimage\"},\"image\":{\"@id\":\"https:\\\/\\\/www.webdo.tn\\\/fr\\\/actualite\\\/terrorisme\\\/essebsi-confirme-don-emirati-voitures-blindees-compte-2\\\/180132\\\/#primaryimage\"},\"thumbnailUrl\":\"https:\\\/\\\/www.webdo.tn\\\/fr\\\/wp-content\\\/uploads\\\/2025\\\/06\\\/Beji-Caid-Essebsi_180132.jpg\",\"datePublished\":\"2014-08-06T14:12:00+00:00\",\"dateModified\":\"2025-06-04T18:18:12+00:00\",\"description\":\"Essebsi confirme le don de l'ambassade \u00e9miratie de deux voitures blind\u00e9es pour son propre compte\",\"breadcrumb\":{\"@id\":\"https:\\\/\\\/www.webdo.tn\\\/fr\\\/actualite\\\/terrorisme\\\/essebsi-confirme-don-emirati-voitures-blindees-compte-2\\\/180132\\\/#breadcrumb\"},\"inLanguage\":\"fr-FR\",\"potentialAction\":[{\"@type\":\"ReadAction\",\"target\":[\"https:\\\/\\\/www.webdo.tn\\\/fr\\\/actualite\\\/terrorisme\\\/essebsi-confirme-don-emirati-voitures-blindees-compte-2\\\/180132\\\/\"]}]},{\"@type\":\"ImageObject\",\"inLanguage\":\"fr-FR\",\"@id\":\"https:\\\/\\\/www.webdo.tn\\\/fr\\\/actualite\\\/terrorisme\\\/essebsi-confirme-don-emirati-voitures-blindees-compte-2\\\/180132\\\/#primaryimage\",\"url\":\"https:\\\/\\\/www.webdo.tn\\\/fr\\\/wp-content\\\/uploads\\\/2025\\\/06\\\/Beji-Caid-Essebsi_180132.jpg\",\"contentUrl\":\"https:\\\/\\\/www.webdo.tn\\\/fr\\\/wp-content\\\/uploads\\\/2025\\\/06\\\/Beji-Caid-Essebsi_180132.jpg\",\"width\":360,\"height\":203,\"caption\":\"Essebsi confirme le don de l'ambassade \u00e9miratie de deux voitures blind\u00e9es pour son propre compte\"},{\"@type\":\"BreadcrumbList\",\"@id\":\"https:\\\/\\\/www.webdo.tn\\\/fr\\\/actualite\\\/terrorisme\\\/essebsi-confirme-don-emirati-voitures-blindees-compte-2\\\/180132\\\/#breadcrumb\",\"itemListElement\":[{\"@type\":\"ListItem\",\"position\":1,\"name\":\"Accueil\",\"item\":\"https:\\\/\\\/www.webdo.tn\\\/fr\\\/\"},{\"@type\":\"ListItem\",\"position\":2,\"name\":\"Essebsi confirme le don de l&rsquo;ambassade \u00e9miratie de deux voitures blind\u00e9es pour son propre compte\"}]},{\"@type\":\"WebSite\",\"@id\":\"https:\\\/\\\/www.webdo.tn\\\/fr\\\/#website\",\"url\":\"https:\\\/\\\/www.webdo.tn\\\/fr\\\/\",\"name\":\"webdo\",\"description\":\"Tunisie - News en Tunisie et \u00e0 l&#039;international sur Webdo.tn\",\"publisher\":{\"@id\":\"https:\\\/\\\/www.webdo.tn\\\/fr\\\/#organization\"},\"potentialAction\":[{\"@type\":\"SearchAction\",\"target\":{\"@type\":\"EntryPoint\",\"urlTemplate\":\"https:\\\/\\\/www.webdo.tn\\\/fr\\\/?s={search_term_string}\"},\"query-input\":{\"@type\":\"PropertyValueSpecification\",\"valueRequired\":true,\"valueName\":\"search_term_string\"}}],\"inLanguage\":\"fr-FR\"},{\"@type\":\"Organization\",\"@id\":\"https:\\\/\\\/www.webdo.tn\\\/fr\\\/#organization\",\"name\":\"Webdo\",\"alternateName\":\"Webdo.tn\",\"url\":\"https:\\\/\\\/www.webdo.tn\\\/fr\\\/\",\"logo\":{\"@type\":\"ImageObject\",\"inLanguage\":\"fr-FR\",\"@id\":\"https:\\\/\\\/www.webdo.tn\\\/fr\\\/#\\\/schema\\\/logo\\\/image\\\/\",\"url\":\"https:\\\/\\\/www.webdo.tn\\\/fr\\\/wp-content\\\/uploads\\\/2025\\\/06\\\/Webdo-Tunisie_168377.jpg\",\"contentUrl\":\"https:\\\/\\\/www.webdo.tn\\\/fr\\\/wp-content\\\/uploads\\\/2025\\\/06\\\/Webdo-Tunisie_168377.jpg\",\"width\":301,\"height\":301,\"caption\":\"Webdo\"},\"image\":{\"@id\":\"https:\\\/\\\/www.webdo.tn\\\/fr\\\/#\\\/schema\\\/logo\\\/image\\\/\"},\"sameAs\":[\"https:\\\/\\\/www.facebook.com\\\/webdotn\",\"https:\\\/\\\/x.com\\\/webdo_tn\"],\"description\":\"Webdo est un m\u00e9dia num\u00e9rique tunisien fond\u00e9 en 2010, sp\u00e9cialis\u00e9 dans l\u2019actualit\u00e9 nationale et internationale, l\u2019\u00e9conomie, la soci\u00e9t\u00e9 et les analyses politiques. Le site s\u2019adresse \u00e0 un large public francophone et couvre l\u2019information tunisienne en temps r\u00e9el.\",\"email\":\"redac@webdo.tn\",\"legalName\":\"YNJ SARL\",\"foundingDate\":\"2010-09-06\",\"numberOfEmployees\":{\"@type\":\"QuantitativeValue\",\"minValue\":\"11\",\"maxValue\":\"50\"}},{\"@type\":\"Person\",\"@id\":\"https:\\\/\\\/www.webdo.tn\\\/fr\\\/#\\\/schema\\\/person\\\/9a9c6118d687c117df8ef3cc36a4d175\",\"name\":\"webdo.tn\",\"image\":{\"@type\":\"ImageObject\",\"inLanguage\":\"fr-FR\",\"@id\":\"https:\\\/\\\/secure.gravatar.com\\\/avatar\\\/7ce1f28c0c3bbac99ff550b85ef8e44a6950c6ee24514fb6a5489e51d06f0298?s=96&d=mm&r=g\",\"url\":\"https:\\\/\\\/secure.gravatar.com\\\/avatar\\\/7ce1f28c0c3bbac99ff550b85ef8e44a6950c6ee24514fb6a5489e51d06f0298?s=96&d=mm&r=g\",\"contentUrl\":\"https:\\\/\\\/secure.gravatar.com\\\/avatar\\\/7ce1f28c0c3bbac99ff550b85ef8e44a6950c6ee24514fb6a5489e51d06f0298?s=96&d=mm&r=g\",\"caption\":\"webdo.tn\"},\"url\":\"https:\\\/\\\/www.webdo.tn\\\/fr\\\/actualite\\\/author\\\/webdotn\\\/\"}]}<\/script>\n<!-- \/ Yoast SEO Premium plugin. -->","yoast_head_json":{"title":"Essebsi confirme le don de l'ambassade \u00e9miratie de deux voitures blind\u00e9es pour son propre compte","description":"Essebsi confirme le don de l'ambassade \u00e9miratie de deux voitures blind\u00e9es pour son propre compte","canonical":"https:\/\/www.webdo.tn\/fr\/actualite\/terrorisme\/essebsi-confirme-don-emirati-voitures-blindees-compte-2\/180132\/","og_locale":"fr_FR","og_type":"article","og_title":"Essebsi confirme le don de l'ambassade \u00e9miratie de deux voitures blind\u00e9es pour son propre compte","og_description":"Essebsi confirme le don de l'ambassade \u00e9miratie de deux voitures blind\u00e9es pour son propre compte","og_url":"https:\/\/www.webdo.tn\/fr\/actualite\/terrorisme\/essebsi-confirme-don-emirati-voitures-blindees-compte-2\/180132\/","og_site_name":"webdo","article_publisher":"https:\/\/www.facebook.com\/webdotn","article_published_time":"2014-08-06T14:12:00+00:00","article_modified_time":"2025-06-04T18:18:12+00:00","author":"webdo.tn","twitter_card":"summary_large_image","twitter_creator":"@webdo_tn","twitter_site":"@webdo_tn","twitter_misc":{"\u00c9crit par":"webdo.tn","Dur\u00e9e de lecture estim\u00e9e":"2 minutes"},"schema":{"@context":"https:\/\/schema.org","@graph":[{"@type":"NewsArticle","@id":"https:\/\/www.webdo.tn\/fr\/actualite\/terrorisme\/essebsi-confirme-don-emirati-voitures-blindees-compte-2\/180132\/#article","isPartOf":{"@id":"https:\/\/www.webdo.tn\/fr\/actualite\/terrorisme\/essebsi-confirme-don-emirati-voitures-blindees-compte-2\/180132\/"},"author":{"name":"webdo.tn","@id":"https:\/\/www.webdo.tn\/fr\/#\/schema\/person\/9a9c6118d687c117df8ef3cc36a4d175"},"headline":"Essebsi confirme le don de l&rsquo;ambassade \u00e9miratie de deux voitures blind\u00e9es pour son propre compte","datePublished":"2014-08-06T14:12:00+00:00","dateModified":"2025-06-04T18:18:12+00:00","mainEntityOfPage":{"@id":"https:\/\/www.webdo.tn\/fr\/actualite\/terrorisme\/essebsi-confirme-don-emirati-voitures-blindees-compte-2\/180132\/"},"wordCount":487,"commentCount":0,"publisher":{"@id":"https:\/\/www.webdo.tn\/fr\/#organization"},"image":{"@id":"https:\/\/www.webdo.tn\/fr\/actualite\/terrorisme\/essebsi-confirme-don-emirati-voitures-blindees-compte-2\/180132\/#primaryimage"},"thumbnailUrl":"https:\/\/www.webdo.tn\/fr\/wp-content\/uploads\/2025\/06\/Beji-Caid-Essebsi_180132.jpg","articleSection":["Terrorisme"],"inLanguage":"fr-FR"},{"@type":"WebPage","@id":"https:\/\/www.webdo.tn\/fr\/actualite\/terrorisme\/essebsi-confirme-don-emirati-voitures-blindees-compte-2\/180132\/","url":"https:\/\/www.webdo.tn\/fr\/actualite\/terrorisme\/essebsi-confirme-don-emirati-voitures-blindees-compte-2\/180132\/","name":"Essebsi confirme le don de l'ambassade \u00e9miratie de deux voitures blind\u00e9es pour son propre compte","isPartOf":{"@id":"https:\/\/www.webdo.tn\/fr\/#website"},"primaryImageOfPage":{"@id":"https:\/\/www.webdo.tn\/fr\/actualite\/terrorisme\/essebsi-confirme-don-emirati-voitures-blindees-compte-2\/180132\/#primaryimage"},"image":{"@id":"https:\/\/www.webdo.tn\/fr\/actualite\/terrorisme\/essebsi-confirme-don-emirati-voitures-blindees-compte-2\/180132\/#primaryimage"},"thumbnailUrl":"https:\/\/www.webdo.tn\/fr\/wp-content\/uploads\/2025\/06\/Beji-Caid-Essebsi_180132.jpg","datePublished":"2014-08-06T14:12:00+00:00","dateModified":"2025-06-04T18:18:12+00:00","description":"Essebsi confirme le don de l'ambassade \u00e9miratie de deux voitures blind\u00e9es pour son propre compte","breadcrumb":{"@id":"https:\/\/www.webdo.tn\/fr\/actualite\/terrorisme\/essebsi-confirme-don-emirati-voitures-blindees-compte-2\/180132\/#breadcrumb"},"inLanguage":"fr-FR","potentialAction":[{"@type":"ReadAction","target":["https:\/\/www.webdo.tn\/fr\/actualite\/terrorisme\/essebsi-confirme-don-emirati-voitures-blindees-compte-2\/180132\/"]}]},{"@type":"ImageObject","inLanguage":"fr-FR","@id":"https:\/\/www.webdo.tn\/fr\/actualite\/terrorisme\/essebsi-confirme-don-emirati-voitures-blindees-compte-2\/180132\/#primaryimage","url":"https:\/\/www.webdo.tn\/fr\/wp-content\/uploads\/2025\/06\/Beji-Caid-Essebsi_180132.jpg","contentUrl":"https:\/\/www.webdo.tn\/fr\/wp-content\/uploads\/2025\/06\/Beji-Caid-Essebsi_180132.jpg","width":360,"height":203,"caption":"Essebsi confirme le don de l'ambassade \u00e9miratie de deux voitures blind\u00e9es pour son propre compte"},{"@type":"BreadcrumbList","@id":"https:\/\/www.webdo.tn\/fr\/actualite\/terrorisme\/essebsi-confirme-don-emirati-voitures-blindees-compte-2\/180132\/#breadcrumb","itemListElement":[{"@type":"ListItem","position":1,"name":"Accueil","item":"https:\/\/www.webdo.tn\/fr\/"},{"@type":"ListItem","position":2,"name":"Essebsi confirme le don de l&rsquo;ambassade \u00e9miratie de deux voitures blind\u00e9es pour son propre compte"}]},{"@type":"WebSite","@id":"https:\/\/www.webdo.tn\/fr\/#website","url":"https:\/\/www.webdo.tn\/fr\/","name":"webdo","description":"Tunisie - News en Tunisie et \u00e0 l&#039;international sur Webdo.tn","publisher":{"@id":"https:\/\/www.webdo.tn\/fr\/#organization"},"potentialAction":[{"@type":"SearchAction","target":{"@type":"EntryPoint","urlTemplate":"https:\/\/www.webdo.tn\/fr\/?s={search_term_string}"},"query-input":{"@type":"PropertyValueSpecification","valueRequired":true,"valueName":"search_term_string"}}],"inLanguage":"fr-FR"},{"@type":"Organization","@id":"https:\/\/www.webdo.tn\/fr\/#organization","name":"Webdo","alternateName":"Webdo.tn","url":"https:\/\/www.webdo.tn\/fr\/","logo":{"@type":"ImageObject","inLanguage":"fr-FR","@id":"https:\/\/www.webdo.tn\/fr\/#\/schema\/logo\/image\/","url":"https:\/\/www.webdo.tn\/fr\/wp-content\/uploads\/2025\/06\/Webdo-Tunisie_168377.jpg","contentUrl":"https:\/\/www.webdo.tn\/fr\/wp-content\/uploads\/2025\/06\/Webdo-Tunisie_168377.jpg","width":301,"height":301,"caption":"Webdo"},"image":{"@id":"https:\/\/www.webdo.tn\/fr\/#\/schema\/logo\/image\/"},"sameAs":["https:\/\/www.facebook.com\/webdotn","https:\/\/x.com\/webdo_tn"],"description":"Webdo est un m\u00e9dia num\u00e9rique tunisien fond\u00e9 en 2010, sp\u00e9cialis\u00e9 dans l\u2019actualit\u00e9 nationale et internationale, l\u2019\u00e9conomie, la soci\u00e9t\u00e9 et les analyses politiques. Le site s\u2019adresse \u00e0 un large public francophone et couvre l\u2019information tunisienne en temps r\u00e9el.","email":"redac@webdo.tn","legalName":"YNJ SARL","foundingDate":"2010-09-06","numberOfEmployees":{"@type":"QuantitativeValue","minValue":"11","maxValue":"50"}},{"@type":"Person","@id":"https:\/\/www.webdo.tn\/fr\/#\/schema\/person\/9a9c6118d687c117df8ef3cc36a4d175","name":"webdo.tn","image":{"@type":"ImageObject","inLanguage":"fr-FR","@id":"https:\/\/secure.gravatar.com\/avatar\/7ce1f28c0c3bbac99ff550b85ef8e44a6950c6ee24514fb6a5489e51d06f0298?s=96&d=mm&r=g","url":"https:\/\/secure.gravatar.com\/avatar\/7ce1f28c0c3bbac99ff550b85ef8e44a6950c6ee24514fb6a5489e51d06f0298?s=96&d=mm&r=g","contentUrl":"https:\/\/secure.gravatar.com\/avatar\/7ce1f28c0c3bbac99ff550b85ef8e44a6950c6ee24514fb6a5489e51d06f0298?s=96&d=mm&r=g","caption":"webdo.tn"},"url":"https:\/\/www.webdo.tn\/fr\/actualite\/author\/webdotn\/"}]}},"_links":{"self":[{"href":"https:\/\/www.webdo.tn\/fr\/wp-json\/wp\/v2\/posts\/180132","targetHints":{"allow":["GET"]}}],"collection":[{"href":"https:\/\/www.webdo.tn\/fr\/wp-json\/wp\/v2\/posts"}],"about":[{"href":"https:\/\/www.webdo.tn\/fr\/wp-json\/wp\/v2\/types\/post"}],"author":[{"embeddable":true,"href":"https:\/\/www.webdo.tn\/fr\/wp-json\/wp\/v2\/users\/3222"}],"replies":[{"embeddable":true,"href":"https:\/\/www.webdo.tn\/fr\/wp-json\/wp\/v2\/comments?post=180132"}],"version-history":[{"count":0,"href":"https:\/\/www.webdo.tn\/fr\/wp-json\/wp\/v2\/posts\/180132\/revisions"}],"wp:featuredmedia":[{"embeddable":true,"href":"https:\/\/www.webdo.tn\/fr\/wp-json\/wp\/v2\/media\/373755"}],"wp:attachment":[{"href":"https:\/\/www.webdo.tn\/fr\/wp-json\/wp\/v2\/media?parent=180132"}],"wp:term":[{"taxonomy":"category","embeddable":true,"href":"https:\/\/www.webdo.tn\/fr\/wp-json\/wp\/v2\/categories?post=180132"},{"taxonomy":"post_tag","embeddable":true,"href":"https:\/\/www.webdo.tn\/fr\/wp-json\/wp\/v2\/tags?post=180132"}],"curies":[{"name":"wp","href":"https:\/\/api.w.org\/{rel}","templated":true}]}}