{"id":180131,"date":"2014-08-07T15:49:00","date_gmt":"2014-08-07T15:49:00","guid":{"rendered":"https:\/\/www.webdo.tn\/fr\/blog\/ministere-linterieur-annonce-larrestation-ali-ben-hicham-rabeh-dangereux-terroriste\/180131\/"},"modified":"2025-06-04T18:17:55","modified_gmt":"2025-06-04T18:17:55","slug":"ministere-linterieur-annonce-larrestation-ali-ben-hicham-rabeh-dangereux-terroriste","status":"publish","type":"post","link":"https:\/\/www.webdo.tn\/fr\/actualite\/terrorisme\/ministere-linterieur-annonce-larrestation-ali-ben-hicham-rabeh-dangereux-terroriste\/180131\/","title":{"rendered":"Le minist\u00e8re de l&rsquo;Int\u00e9rieur annonce l&rsquo;arrestation de Ali Ben Hicham Rabeh, un \u00ab\u00a0dangereux terroriste\u00a0\u00bb"},"content":{"rendered":"<p>\u00ab\u00a0La garde nationale a arr\u00eat\u00e9 le 2 ao\u00fbt 2014 Ali Ben Hicham Rabeh, dangereux membre terroriste qui devait se rendre en Libye pour rejoindre un dirigeant d&rsquo;Ansar Chariaa\u00a0\u00bb, a annonc\u00e9 le porte-parole du minist\u00e8re de l&rsquo;Int\u00e9rieur Mohamed Ali Laroui lors d&rsquo;un point presse tenu ce jeudi 7 ao\u00fbt dans l&rsquo;apr\u00e8s-midi \u00e0 la caserne de la garde nationale \u00e0 l&rsquo;Aouina,<\/p>\n","protected":false},"excerpt":{"rendered":"<p>Le minist\u00e8re de l&rsquo;Int\u00e9rieur annonce l&rsquo;arrestation de Ali Ben Hicham Rabeh, un  dangereux terroriste <\/p>\n","protected":false},"author":3222,"featured_media":320729,"comment_status":"open","ping_status":"closed","sticky":false,"template":"","format":"standard","meta":{"footnotes":""},"categories":[11342],"tags":[],"class_list":["post-180131","post","type-post","status-publish","format-standard","has-post-thumbnail","hentry","category-terrorisme"],"yoast_head":"<!-- This site is optimized with the Yoast SEO Premium plugin v27.5 (Yoast SEO v27.5) - https:\/\/yoast.com\/product\/yoast-seo-premium-wordpress\/ -->\n<title>Le minist\u00e8re de l&#039;Int\u00e9rieur annonce l&#039;arrestation de Ali Ben Hicham Rabeh, un dangereux terroriste<\/title>\n<meta name=\"description\" content=\"Le minist\u00e8re de l&#039;Int\u00e9rieur annonce l&#039;arrestation de Ali Ben Hicham Rabeh, un dangereux terroriste\" \/>\n<link rel=\"canonical\" href=\"https:\/\/www.webdo.tn\/fr\/actualite\/terrorisme\/ministere-linterieur-annonce-larrestation-ali-ben-hicham-rabeh-dangereux-terroriste\/180131\/\" \/>\n<meta property=\"og:locale\" content=\"fr_FR\" \/>\n<meta property=\"og:type\" content=\"article\" \/>\n<meta property=\"og:title\" content=\"Le minist\u00e8re de l&#039;Int\u00e9rieur annonce l&#039;arrestation de Ali Ben Hicham Rabeh, un &quot;dangereux terroriste&quot;\" \/>\n<meta property=\"og:description\" content=\"Le minist\u00e8re de l&#039;Int\u00e9rieur annonce l&#039;arrestation de Ali Ben Hicham Rabeh, un dangereux terroriste\" \/>\n<meta property=\"og:url\" content=\"https:\/\/www.webdo.tn\/fr\/actualite\/terrorisme\/ministere-linterieur-annonce-larrestation-ali-ben-hicham-rabeh-dangereux-terroriste\/180131\/\" \/>\n<meta property=\"og:site_name\" content=\"webdo\" \/>\n<meta property=\"article:publisher\" content=\"https:\/\/www.facebook.com\/webdotn\" \/>\n<meta property=\"article:published_time\" content=\"2014-08-07T15:49:00+00:00\" \/>\n<meta property=\"article:modified_time\" content=\"2025-06-04T18:17:55+00:00\" \/>\n<meta property=\"og:image\" content=\"https:\/\/www.webdo.tn\/fr\/wp-content\/uploads\/2014\/08\/garde-nationale-3-300x168-1.jpg\" \/>\n\t<meta property=\"og:image:width\" content=\"300\" \/>\n\t<meta property=\"og:image:height\" content=\"168\" \/>\n\t<meta property=\"og:image:type\" content=\"image\/jpeg\" \/>\n<meta name=\"author\" content=\"webdo.tn\" \/>\n<meta name=\"twitter:card\" content=\"summary_large_image\" \/>\n<meta name=\"twitter:creator\" content=\"@webdo_tn\" \/>\n<meta name=\"twitter:site\" content=\"@webdo_tn\" \/>\n<meta name=\"twitter:label1\" content=\"\u00c9crit par\" \/>\n\t<meta name=\"twitter:data1\" content=\"webdo.tn\" \/>\n<script type=\"application\/ld+json\" class=\"yoast-schema-graph\">{\"@context\":\"https:\\\/\\\/schema.org\",\"@graph\":[{\"@type\":\"NewsArticle\",\"@id\":\"https:\\\/\\\/www.webdo.tn\\\/fr\\\/actualite\\\/terrorisme\\\/ministere-linterieur-annonce-larrestation-ali-ben-hicham-rabeh-dangereux-terroriste\\\/180131\\\/#article\",\"isPartOf\":{\"@id\":\"https:\\\/\\\/www.webdo.tn\\\/fr\\\/actualite\\\/terrorisme\\\/ministere-linterieur-annonce-larrestation-ali-ben-hicham-rabeh-dangereux-terroriste\\\/180131\\\/\"},\"author\":{\"name\":\"webdo.tn\",\"@id\":\"https:\\\/\\\/www.webdo.tn\\\/fr\\\/#\\\/schema\\\/person\\\/9a9c6118d687c117df8ef3cc36a4d175\"},\"headline\":\"Le minist\u00e8re de l&rsquo;Int\u00e9rieur annonce l&rsquo;arrestation de Ali Ben Hicham Rabeh, un \u00ab\u00a0dangereux terroriste\u00a0\u00bb\",\"datePublished\":\"2014-08-07T15:49:00+00:00\",\"dateModified\":\"2025-06-04T18:17:55+00:00\",\"mainEntityOfPage\":{\"@id\":\"https:\\\/\\\/www.webdo.tn\\\/fr\\\/actualite\\\/terrorisme\\\/ministere-linterieur-annonce-larrestation-ali-ben-hicham-rabeh-dangereux-terroriste\\\/180131\\\/\"},\"wordCount\":83,\"commentCount\":0,\"publisher\":{\"@id\":\"https:\\\/\\\/www.webdo.tn\\\/fr\\\/#organization\"},\"image\":{\"@id\":\"https:\\\/\\\/www.webdo.tn\\\/fr\\\/actualite\\\/terrorisme\\\/ministere-linterieur-annonce-larrestation-ali-ben-hicham-rabeh-dangereux-terroriste\\\/180131\\\/#primaryimage\"},\"thumbnailUrl\":\"https:\\\/\\\/www.webdo.tn\\\/fr\\\/wp-content\\\/uploads\\\/2014\\\/08\\\/garde-nationale-3-300x168-1.jpg\",\"articleSection\":[\"Terrorisme\"],\"inLanguage\":\"fr-FR\"},{\"@type\":\"WebPage\",\"@id\":\"https:\\\/\\\/www.webdo.tn\\\/fr\\\/actualite\\\/terrorisme\\\/ministere-linterieur-annonce-larrestation-ali-ben-hicham-rabeh-dangereux-terroriste\\\/180131\\\/\",\"url\":\"https:\\\/\\\/www.webdo.tn\\\/fr\\\/actualite\\\/terrorisme\\\/ministere-linterieur-annonce-larrestation-ali-ben-hicham-rabeh-dangereux-terroriste\\\/180131\\\/\",\"name\":\"Le minist\u00e8re de l'Int\u00e9rieur annonce l'arrestation de Ali Ben Hicham Rabeh, un dangereux terroriste\",\"isPartOf\":{\"@id\":\"https:\\\/\\\/www.webdo.tn\\\/fr\\\/#website\"},\"primaryImageOfPage\":{\"@id\":\"https:\\\/\\\/www.webdo.tn\\\/fr\\\/actualite\\\/terrorisme\\\/ministere-linterieur-annonce-larrestation-ali-ben-hicham-rabeh-dangereux-terroriste\\\/180131\\\/#primaryimage\"},\"image\":{\"@id\":\"https:\\\/\\\/www.webdo.tn\\\/fr\\\/actualite\\\/terrorisme\\\/ministere-linterieur-annonce-larrestation-ali-ben-hicham-rabeh-dangereux-terroriste\\\/180131\\\/#primaryimage\"},\"thumbnailUrl\":\"https:\\\/\\\/www.webdo.tn\\\/fr\\\/wp-content\\\/uploads\\\/2014\\\/08\\\/garde-nationale-3-300x168-1.jpg\",\"datePublished\":\"2014-08-07T15:49:00+00:00\",\"dateModified\":\"2025-06-04T18:17:55+00:00\",\"description\":\"Le minist\u00e8re de l'Int\u00e9rieur annonce l'arrestation de Ali Ben Hicham Rabeh, un dangereux terroriste\",\"breadcrumb\":{\"@id\":\"https:\\\/\\\/www.webdo.tn\\\/fr\\\/actualite\\\/terrorisme\\\/ministere-linterieur-annonce-larrestation-ali-ben-hicham-rabeh-dangereux-terroriste\\\/180131\\\/#breadcrumb\"},\"inLanguage\":\"fr-FR\",\"potentialAction\":[{\"@type\":\"ReadAction\",\"target\":[\"https:\\\/\\\/www.webdo.tn\\\/fr\\\/actualite\\\/terrorisme\\\/ministere-linterieur-annonce-larrestation-ali-ben-hicham-rabeh-dangereux-terroriste\\\/180131\\\/\"]}]},{\"@type\":\"ImageObject\",\"inLanguage\":\"fr-FR\",\"@id\":\"https:\\\/\\\/www.webdo.tn\\\/fr\\\/actualite\\\/terrorisme\\\/ministere-linterieur-annonce-larrestation-ali-ben-hicham-rabeh-dangereux-terroriste\\\/180131\\\/#primaryimage\",\"url\":\"https:\\\/\\\/www.webdo.tn\\\/fr\\\/wp-content\\\/uploads\\\/2014\\\/08\\\/garde-nationale-3-300x168-1.jpg\",\"contentUrl\":\"https:\\\/\\\/www.webdo.tn\\\/fr\\\/wp-content\\\/uploads\\\/2014\\\/08\\\/garde-nationale-3-300x168-1.jpg\",\"width\":300,\"height\":168,\"caption\":\"Le minist\u00e8re de l'Int\u00e9rieur annonce l'arrestation de Ali Ben Hicham Rabeh, un \\\"dangereux terroriste\\\"\"},{\"@type\":\"BreadcrumbList\",\"@id\":\"https:\\\/\\\/www.webdo.tn\\\/fr\\\/actualite\\\/terrorisme\\\/ministere-linterieur-annonce-larrestation-ali-ben-hicham-rabeh-dangereux-terroriste\\\/180131\\\/#breadcrumb\",\"itemListElement\":[{\"@type\":\"ListItem\",\"position\":1,\"name\":\"Accueil\",\"item\":\"https:\\\/\\\/www.webdo.tn\\\/fr\\\/\"},{\"@type\":\"ListItem\",\"position\":2,\"name\":\"Le minist\u00e8re de l&rsquo;Int\u00e9rieur annonce l&rsquo;arrestation de Ali Ben Hicham Rabeh, un \u00ab\u00a0dangereux terroriste\u00a0\u00bb\"}]},{\"@type\":\"WebSite\",\"@id\":\"https:\\\/\\\/www.webdo.tn\\\/fr\\\/#website\",\"url\":\"https:\\\/\\\/www.webdo.tn\\\/fr\\\/\",\"name\":\"webdo\",\"description\":\"Tunisie - News en Tunisie et \u00e0 l&#039;international sur Webdo.tn\",\"publisher\":{\"@id\":\"https:\\\/\\\/www.webdo.tn\\\/fr\\\/#organization\"},\"potentialAction\":[{\"@type\":\"SearchAction\",\"target\":{\"@type\":\"EntryPoint\",\"urlTemplate\":\"https:\\\/\\\/www.webdo.tn\\\/fr\\\/?s={search_term_string}\"},\"query-input\":{\"@type\":\"PropertyValueSpecification\",\"valueRequired\":true,\"valueName\":\"search_term_string\"}}],\"inLanguage\":\"fr-FR\"},{\"@type\":\"Organization\",\"@id\":\"https:\\\/\\\/www.webdo.tn\\\/fr\\\/#organization\",\"name\":\"Webdo\",\"alternateName\":\"Webdo.tn\",\"url\":\"https:\\\/\\\/www.webdo.tn\\\/fr\\\/\",\"logo\":{\"@type\":\"ImageObject\",\"inLanguage\":\"fr-FR\",\"@id\":\"https:\\\/\\\/www.webdo.tn\\\/fr\\\/#\\\/schema\\\/logo\\\/image\\\/\",\"url\":\"https:\\\/\\\/www.webdo.tn\\\/fr\\\/wp-content\\\/uploads\\\/2025\\\/06\\\/Webdo-Tunisie_168377.jpg\",\"contentUrl\":\"https:\\\/\\\/www.webdo.tn\\\/fr\\\/wp-content\\\/uploads\\\/2025\\\/06\\\/Webdo-Tunisie_168377.jpg\",\"width\":301,\"height\":301,\"caption\":\"Webdo\"},\"image\":{\"@id\":\"https:\\\/\\\/www.webdo.tn\\\/fr\\\/#\\\/schema\\\/logo\\\/image\\\/\"},\"sameAs\":[\"https:\\\/\\\/www.facebook.com\\\/webdotn\",\"https:\\\/\\\/x.com\\\/webdo_tn\"],\"description\":\"Webdo est un m\u00e9dia num\u00e9rique tunisien fond\u00e9 en 2010, sp\u00e9cialis\u00e9 dans l\u2019actualit\u00e9 nationale et internationale, l\u2019\u00e9conomie, la soci\u00e9t\u00e9 et les analyses politiques. Le site s\u2019adresse \u00e0 un large public francophone et couvre l\u2019information tunisienne en temps r\u00e9el.\",\"email\":\"redac@webdo.tn\",\"legalName\":\"YNJ SARL\",\"foundingDate\":\"2010-09-06\",\"numberOfEmployees\":{\"@type\":\"QuantitativeValue\",\"minValue\":\"11\",\"maxValue\":\"50\"}},{\"@type\":\"Person\",\"@id\":\"https:\\\/\\\/www.webdo.tn\\\/fr\\\/#\\\/schema\\\/person\\\/9a9c6118d687c117df8ef3cc36a4d175\",\"name\":\"webdo.tn\",\"image\":{\"@type\":\"ImageObject\",\"inLanguage\":\"fr-FR\",\"@id\":\"https:\\\/\\\/secure.gravatar.com\\\/avatar\\\/7ce1f28c0c3bbac99ff550b85ef8e44a6950c6ee24514fb6a5489e51d06f0298?s=96&d=mm&r=g\",\"url\":\"https:\\\/\\\/secure.gravatar.com\\\/avatar\\\/7ce1f28c0c3bbac99ff550b85ef8e44a6950c6ee24514fb6a5489e51d06f0298?s=96&d=mm&r=g\",\"contentUrl\":\"https:\\\/\\\/secure.gravatar.com\\\/avatar\\\/7ce1f28c0c3bbac99ff550b85ef8e44a6950c6ee24514fb6a5489e51d06f0298?s=96&d=mm&r=g\",\"caption\":\"webdo.tn\"},\"url\":\"https:\\\/\\\/www.webdo.tn\\\/fr\\\/actualite\\\/author\\\/webdotn\\\/\"}]}<\/script>\n<!-- \/ Yoast SEO Premium plugin. -->","yoast_head_json":{"title":"Le minist\u00e8re de l'Int\u00e9rieur annonce l'arrestation de Ali Ben Hicham Rabeh, un dangereux terroriste","description":"Le minist\u00e8re de l'Int\u00e9rieur annonce l'arrestation de Ali Ben Hicham Rabeh, un dangereux terroriste","canonical":"https:\/\/www.webdo.tn\/fr\/actualite\/terrorisme\/ministere-linterieur-annonce-larrestation-ali-ben-hicham-rabeh-dangereux-terroriste\/180131\/","og_locale":"fr_FR","og_type":"article","og_title":"Le minist\u00e8re de l'Int\u00e9rieur annonce l'arrestation de Ali Ben Hicham Rabeh, un \"dangereux terroriste\"","og_description":"Le minist\u00e8re de l'Int\u00e9rieur annonce l'arrestation de Ali Ben Hicham Rabeh, un dangereux terroriste","og_url":"https:\/\/www.webdo.tn\/fr\/actualite\/terrorisme\/ministere-linterieur-annonce-larrestation-ali-ben-hicham-rabeh-dangereux-terroriste\/180131\/","og_site_name":"webdo","article_publisher":"https:\/\/www.facebook.com\/webdotn","article_published_time":"2014-08-07T15:49:00+00:00","article_modified_time":"2025-06-04T18:17:55+00:00","og_image":[{"width":300,"height":168,"url":"https:\/\/www.webdo.tn\/fr\/wp-content\/uploads\/2014\/08\/garde-nationale-3-300x168-1.jpg","type":"image\/jpeg"}],"author":"webdo.tn","twitter_card":"summary_large_image","twitter_creator":"@webdo_tn","twitter_site":"@webdo_tn","twitter_misc":{"\u00c9crit par":"webdo.tn"},"schema":{"@context":"https:\/\/schema.org","@graph":[{"@type":"NewsArticle","@id":"https:\/\/www.webdo.tn\/fr\/actualite\/terrorisme\/ministere-linterieur-annonce-larrestation-ali-ben-hicham-rabeh-dangereux-terroriste\/180131\/#article","isPartOf":{"@id":"https:\/\/www.webdo.tn\/fr\/actualite\/terrorisme\/ministere-linterieur-annonce-larrestation-ali-ben-hicham-rabeh-dangereux-terroriste\/180131\/"},"author":{"name":"webdo.tn","@id":"https:\/\/www.webdo.tn\/fr\/#\/schema\/person\/9a9c6118d687c117df8ef3cc36a4d175"},"headline":"Le minist\u00e8re de l&rsquo;Int\u00e9rieur annonce l&rsquo;arrestation de Ali Ben Hicham Rabeh, un \u00ab\u00a0dangereux terroriste\u00a0\u00bb","datePublished":"2014-08-07T15:49:00+00:00","dateModified":"2025-06-04T18:17:55+00:00","mainEntityOfPage":{"@id":"https:\/\/www.webdo.tn\/fr\/actualite\/terrorisme\/ministere-linterieur-annonce-larrestation-ali-ben-hicham-rabeh-dangereux-terroriste\/180131\/"},"wordCount":83,"commentCount":0,"publisher":{"@id":"https:\/\/www.webdo.tn\/fr\/#organization"},"image":{"@id":"https:\/\/www.webdo.tn\/fr\/actualite\/terrorisme\/ministere-linterieur-annonce-larrestation-ali-ben-hicham-rabeh-dangereux-terroriste\/180131\/#primaryimage"},"thumbnailUrl":"https:\/\/www.webdo.tn\/fr\/wp-content\/uploads\/2014\/08\/garde-nationale-3-300x168-1.jpg","articleSection":["Terrorisme"],"inLanguage":"fr-FR"},{"@type":"WebPage","@id":"https:\/\/www.webdo.tn\/fr\/actualite\/terrorisme\/ministere-linterieur-annonce-larrestation-ali-ben-hicham-rabeh-dangereux-terroriste\/180131\/","url":"https:\/\/www.webdo.tn\/fr\/actualite\/terrorisme\/ministere-linterieur-annonce-larrestation-ali-ben-hicham-rabeh-dangereux-terroriste\/180131\/","name":"Le minist\u00e8re de l'Int\u00e9rieur annonce l'arrestation de Ali Ben Hicham Rabeh, un dangereux terroriste","isPartOf":{"@id":"https:\/\/www.webdo.tn\/fr\/#website"},"primaryImageOfPage":{"@id":"https:\/\/www.webdo.tn\/fr\/actualite\/terrorisme\/ministere-linterieur-annonce-larrestation-ali-ben-hicham-rabeh-dangereux-terroriste\/180131\/#primaryimage"},"image":{"@id":"https:\/\/www.webdo.tn\/fr\/actualite\/terrorisme\/ministere-linterieur-annonce-larrestation-ali-ben-hicham-rabeh-dangereux-terroriste\/180131\/#primaryimage"},"thumbnailUrl":"https:\/\/www.webdo.tn\/fr\/wp-content\/uploads\/2014\/08\/garde-nationale-3-300x168-1.jpg","datePublished":"2014-08-07T15:49:00+00:00","dateModified":"2025-06-04T18:17:55+00:00","description":"Le minist\u00e8re de l'Int\u00e9rieur annonce l'arrestation de Ali Ben Hicham Rabeh, un dangereux terroriste","breadcrumb":{"@id":"https:\/\/www.webdo.tn\/fr\/actualite\/terrorisme\/ministere-linterieur-annonce-larrestation-ali-ben-hicham-rabeh-dangereux-terroriste\/180131\/#breadcrumb"},"inLanguage":"fr-FR","potentialAction":[{"@type":"ReadAction","target":["https:\/\/www.webdo.tn\/fr\/actualite\/terrorisme\/ministere-linterieur-annonce-larrestation-ali-ben-hicham-rabeh-dangereux-terroriste\/180131\/"]}]},{"@type":"ImageObject","inLanguage":"fr-FR","@id":"https:\/\/www.webdo.tn\/fr\/actualite\/terrorisme\/ministere-linterieur-annonce-larrestation-ali-ben-hicham-rabeh-dangereux-terroriste\/180131\/#primaryimage","url":"https:\/\/www.webdo.tn\/fr\/wp-content\/uploads\/2014\/08\/garde-nationale-3-300x168-1.jpg","contentUrl":"https:\/\/www.webdo.tn\/fr\/wp-content\/uploads\/2014\/08\/garde-nationale-3-300x168-1.jpg","width":300,"height":168,"caption":"Le minist\u00e8re de l'Int\u00e9rieur annonce l'arrestation de Ali Ben Hicham Rabeh, un \"dangereux terroriste\""},{"@type":"BreadcrumbList","@id":"https:\/\/www.webdo.tn\/fr\/actualite\/terrorisme\/ministere-linterieur-annonce-larrestation-ali-ben-hicham-rabeh-dangereux-terroriste\/180131\/#breadcrumb","itemListElement":[{"@type":"ListItem","position":1,"name":"Accueil","item":"https:\/\/www.webdo.tn\/fr\/"},{"@type":"ListItem","position":2,"name":"Le minist\u00e8re de l&rsquo;Int\u00e9rieur annonce l&rsquo;arrestation de Ali Ben Hicham Rabeh, un \u00ab\u00a0dangereux terroriste\u00a0\u00bb"}]},{"@type":"WebSite","@id":"https:\/\/www.webdo.tn\/fr\/#website","url":"https:\/\/www.webdo.tn\/fr\/","name":"webdo","description":"Tunisie - News en Tunisie et \u00e0 l&#039;international sur Webdo.tn","publisher":{"@id":"https:\/\/www.webdo.tn\/fr\/#organization"},"potentialAction":[{"@type":"SearchAction","target":{"@type":"EntryPoint","urlTemplate":"https:\/\/www.webdo.tn\/fr\/?s={search_term_string}"},"query-input":{"@type":"PropertyValueSpecification","valueRequired":true,"valueName":"search_term_string"}}],"inLanguage":"fr-FR"},{"@type":"Organization","@id":"https:\/\/www.webdo.tn\/fr\/#organization","name":"Webdo","alternateName":"Webdo.tn","url":"https:\/\/www.webdo.tn\/fr\/","logo":{"@type":"ImageObject","inLanguage":"fr-FR","@id":"https:\/\/www.webdo.tn\/fr\/#\/schema\/logo\/image\/","url":"https:\/\/www.webdo.tn\/fr\/wp-content\/uploads\/2025\/06\/Webdo-Tunisie_168377.jpg","contentUrl":"https:\/\/www.webdo.tn\/fr\/wp-content\/uploads\/2025\/06\/Webdo-Tunisie_168377.jpg","width":301,"height":301,"caption":"Webdo"},"image":{"@id":"https:\/\/www.webdo.tn\/fr\/#\/schema\/logo\/image\/"},"sameAs":["https:\/\/www.facebook.com\/webdotn","https:\/\/x.com\/webdo_tn"],"description":"Webdo est un m\u00e9dia num\u00e9rique tunisien fond\u00e9 en 2010, sp\u00e9cialis\u00e9 dans l\u2019actualit\u00e9 nationale et internationale, l\u2019\u00e9conomie, la soci\u00e9t\u00e9 et les analyses politiques. Le site s\u2019adresse \u00e0 un large public francophone et couvre l\u2019information tunisienne en temps r\u00e9el.","email":"redac@webdo.tn","legalName":"YNJ SARL","foundingDate":"2010-09-06","numberOfEmployees":{"@type":"QuantitativeValue","minValue":"11","maxValue":"50"}},{"@type":"Person","@id":"https:\/\/www.webdo.tn\/fr\/#\/schema\/person\/9a9c6118d687c117df8ef3cc36a4d175","name":"webdo.tn","image":{"@type":"ImageObject","inLanguage":"fr-FR","@id":"https:\/\/secure.gravatar.com\/avatar\/7ce1f28c0c3bbac99ff550b85ef8e44a6950c6ee24514fb6a5489e51d06f0298?s=96&d=mm&r=g","url":"https:\/\/secure.gravatar.com\/avatar\/7ce1f28c0c3bbac99ff550b85ef8e44a6950c6ee24514fb6a5489e51d06f0298?s=96&d=mm&r=g","contentUrl":"https:\/\/secure.gravatar.com\/avatar\/7ce1f28c0c3bbac99ff550b85ef8e44a6950c6ee24514fb6a5489e51d06f0298?s=96&d=mm&r=g","caption":"webdo.tn"},"url":"https:\/\/www.webdo.tn\/fr\/actualite\/author\/webdotn\/"}]}},"_links":{"self":[{"href":"https:\/\/www.webdo.tn\/fr\/wp-json\/wp\/v2\/posts\/180131","targetHints":{"allow":["GET"]}}],"collection":[{"href":"https:\/\/www.webdo.tn\/fr\/wp-json\/wp\/v2\/posts"}],"about":[{"href":"https:\/\/www.webdo.tn\/fr\/wp-json\/wp\/v2\/types\/post"}],"author":[{"embeddable":true,"href":"https:\/\/www.webdo.tn\/fr\/wp-json\/wp\/v2\/users\/3222"}],"replies":[{"embeddable":true,"href":"https:\/\/www.webdo.tn\/fr\/wp-json\/wp\/v2\/comments?post=180131"}],"version-history":[{"count":0,"href":"https:\/\/www.webdo.tn\/fr\/wp-json\/wp\/v2\/posts\/180131\/revisions"}],"wp:featuredmedia":[{"embeddable":true,"href":"https:\/\/www.webdo.tn\/fr\/wp-json\/wp\/v2\/media\/320729"}],"wp:attachment":[{"href":"https:\/\/www.webdo.tn\/fr\/wp-json\/wp\/v2\/media?parent=180131"}],"wp:term":[{"taxonomy":"category","embeddable":true,"href":"https:\/\/www.webdo.tn\/fr\/wp-json\/wp\/v2\/categories?post=180131"},{"taxonomy":"post_tag","embeddable":true,"href":"https:\/\/www.webdo.tn\/fr\/wp-json\/wp\/v2\/tags?post=180131"}],"curies":[{"name":"wp","href":"https:\/\/api.w.org\/{rel}","templated":true}]}}