{"id":180130,"date":"2014-08-07T16:00:00","date_gmt":"2014-08-07T16:00:00","guid":{"rendered":"https:\/\/www.webdo.tn\/fr\/blog\/mohamed-ali-laroui-arrestation-21-membres-5-groupes-terroristes-preparaient-attentats\/180130\/"},"modified":"2025-06-04T18:17:54","modified_gmt":"2025-06-04T18:17:54","slug":"mohamed-ali-laroui-arrestation-21-membres-5-groupes-terroristes-preparaient-attentats-2","status":"publish","type":"post","link":"https:\/\/www.webdo.tn\/fr\/actualite\/terrorisme\/mohamed-ali-laroui-arrestation-21-membres-5-groupes-terroristes-preparaient-attentats-2\/180130\/","title":{"rendered":"Mohamed Ali Laroui : Arrestation de 21 membres de 5 groupes terroristes qui pr\u00e9paraient des attentats"},"content":{"rendered":"<p>Lors d&rsquo;un point presse tenue ce jeudi 7 ao\u00fbt dans l&rsquo;apr\u00e8s-midi \u00e0 la caserne de la garde nationale \u00e0 l&rsquo;Aouina, le porte-parole du minist\u00e8re de l&rsquo;Int\u00e9rieur Mohamed Ali Laroui a annonc\u00e9 l&rsquo;arrestation de 21 personnes appartenant \u00e0 5 groupes terroristes. Neuf autres sont aujourd&rsquo;hui en fuite. Ces arrestations ont eu lieu lors de ces six derniers jours, depuis le 2 ao\u00fbt. \u00ab\u00a0Ces cinq groupes comptaient commettre des attentats contre des hommes de m\u00e9dias, des hommes politiques et des citoyens, et mener des attentats dans des points s\u00e9curitaires au Kram, \u00e0 Raoued et \u00e0 La Soukra\u00a0\u00bb, a pr\u00e9cis\u00e9 Mohamed Ali Laroui. Ces groupes son bas\u00e9s \u00e0 :<\/p>\n<p> La Soukra (banlieue nord de Tunis). Chef : Hichem Morsen<br \/>\n Dar Fadhal (banlieue de Tunis). Chef : Souhail Issaoui<br \/>\n Raoued (gouvernorat de l&rsquo;Ariana). Chef : Shams Najat (surnom)<br \/>\n Kram (banlieue nord de Tunis).\u00a0Mohammed Nasser Dridi, tu\u00e9 lors de l&rsquo;op\u00e9ration de Raoued le 4 f\u00e9vrier 2014 avec Kamel Gadhgadhi, \u00e9tait membre de ce groupe.<br \/>\n Chrarda (gouvernorat de Kairouan). Chef : en fuite (le minist\u00e8re de l&rsquo;Int\u00e9rieur refuse de d\u00e9voiler son nom)<\/p>\n<p>C&rsquo;est l&rsquo;arrestation de Ali Ben Hichem Rabeh, d\u00e9sign\u00e9 comme un \u00ab\u00a0dangereux terroriste\u00a0\u00bb, qui a permi d&rsquo;arr\u00eater ces groupes terroristes, a expliqu\u00e9 le porte-parole du minist\u00e8re de l&rsquo;Int\u00e9rieur.<\/p>\n","protected":false},"excerpt":{"rendered":"<p>Mohamed Ali Laroui : Arrestation de 21 membres de 5 groupes terroristes qui pr\u00e9paraient des attentats<\/p>\n","protected":false},"author":3222,"featured_media":320733,"comment_status":"open","ping_status":"closed","sticky":false,"template":"","format":"standard","meta":{"footnotes":""},"categories":[11342],"tags":[],"class_list":["post-180130","post","type-post","status-publish","format-standard","has-post-thumbnail","hentry","category-terrorisme"],"yoast_head":"<!-- This site is optimized with the Yoast SEO Premium plugin v27.5 (Yoast SEO v27.5) - https:\/\/yoast.com\/product\/yoast-seo-premium-wordpress\/ -->\n<title>Mohamed Ali Laroui : Arrestation de 21 membres de 5 groupes terroristes qui pr\u00e9paraient des attentats<\/title>\n<meta name=\"description\" content=\"Mohamed Ali Laroui : Arrestation de 21 membres de 5 groupes terroristes qui pr\u00e9paraient des attentats\" \/>\n<link rel=\"canonical\" href=\"https:\/\/www.webdo.tn\/fr\/actualite\/terrorisme\/mohamed-ali-laroui-arrestation-21-membres-5-groupes-terroristes-preparaient-attentats-2\/180130\/\" \/>\n<meta property=\"og:locale\" content=\"fr_FR\" \/>\n<meta property=\"og:type\" content=\"article\" \/>\n<meta property=\"og:title\" content=\"Mohamed Ali Laroui : Arrestation de 21 membres de 5 groupes terroristes qui pr\u00e9paraient des attentats\" \/>\n<meta property=\"og:description\" content=\"Mohamed Ali Laroui : Arrestation de 21 membres de 5 groupes terroristes qui pr\u00e9paraient des attentats\" \/>\n<meta property=\"og:url\" content=\"https:\/\/www.webdo.tn\/fr\/actualite\/terrorisme\/mohamed-ali-laroui-arrestation-21-membres-5-groupes-terroristes-preparaient-attentats-2\/180130\/\" \/>\n<meta property=\"og:site_name\" content=\"webdo\" \/>\n<meta property=\"article:publisher\" content=\"https:\/\/www.facebook.com\/webdotn\" \/>\n<meta property=\"article:published_time\" content=\"2014-08-07T16:00:00+00:00\" \/>\n<meta property=\"article:modified_time\" content=\"2025-06-04T18:17:54+00:00\" \/>\n<meta property=\"og:image\" content=\"https:\/\/www.webdo.tn\/fr\/wp-content\/uploads\/2014\/08\/garde-nationale-photo-afp.jpg\" \/>\n\t<meta property=\"og:image:width\" content=\"400\" \/>\n\t<meta property=\"og:image:height\" content=\"262\" \/>\n\t<meta property=\"og:image:type\" content=\"image\/jpeg\" \/>\n<meta name=\"author\" content=\"webdo.tn\" \/>\n<meta name=\"twitter:card\" content=\"summary_large_image\" \/>\n<meta name=\"twitter:creator\" content=\"@webdo_tn\" \/>\n<meta name=\"twitter:site\" content=\"@webdo_tn\" \/>\n<meta name=\"twitter:label1\" content=\"\u00c9crit par\" \/>\n\t<meta name=\"twitter:data1\" content=\"webdo.tn\" \/>\n\t<meta name=\"twitter:label2\" content=\"Dur\u00e9e de lecture estim\u00e9e\" \/>\n\t<meta name=\"twitter:data2\" content=\"1 minute\" \/>\n<script type=\"application\/ld+json\" class=\"yoast-schema-graph\">{\"@context\":\"https:\\\/\\\/schema.org\",\"@graph\":[{\"@type\":\"NewsArticle\",\"@id\":\"https:\\\/\\\/www.webdo.tn\\\/fr\\\/actualite\\\/terrorisme\\\/mohamed-ali-laroui-arrestation-21-membres-5-groupes-terroristes-preparaient-attentats-2\\\/180130\\\/#article\",\"isPartOf\":{\"@id\":\"https:\\\/\\\/www.webdo.tn\\\/fr\\\/actualite\\\/terrorisme\\\/mohamed-ali-laroui-arrestation-21-membres-5-groupes-terroristes-preparaient-attentats-2\\\/180130\\\/\"},\"author\":{\"name\":\"webdo.tn\",\"@id\":\"https:\\\/\\\/www.webdo.tn\\\/fr\\\/#\\\/schema\\\/person\\\/9a9c6118d687c117df8ef3cc36a4d175\"},\"headline\":\"Mohamed Ali Laroui : Arrestation de 21 membres de 5 groupes terroristes qui pr\u00e9paraient des attentats\",\"datePublished\":\"2014-08-07T16:00:00+00:00\",\"dateModified\":\"2025-06-04T18:17:54+00:00\",\"mainEntityOfPage\":{\"@id\":\"https:\\\/\\\/www.webdo.tn\\\/fr\\\/actualite\\\/terrorisme\\\/mohamed-ali-laroui-arrestation-21-membres-5-groupes-terroristes-preparaient-attentats-2\\\/180130\\\/\"},\"wordCount\":232,\"commentCount\":0,\"publisher\":{\"@id\":\"https:\\\/\\\/www.webdo.tn\\\/fr\\\/#organization\"},\"image\":{\"@id\":\"https:\\\/\\\/www.webdo.tn\\\/fr\\\/actualite\\\/terrorisme\\\/mohamed-ali-laroui-arrestation-21-membres-5-groupes-terroristes-preparaient-attentats-2\\\/180130\\\/#primaryimage\"},\"thumbnailUrl\":\"https:\\\/\\\/www.webdo.tn\\\/fr\\\/wp-content\\\/uploads\\\/2014\\\/08\\\/garde-nationale-photo-afp.jpg\",\"articleSection\":[\"Terrorisme\"],\"inLanguage\":\"fr-FR\"},{\"@type\":\"WebPage\",\"@id\":\"https:\\\/\\\/www.webdo.tn\\\/fr\\\/actualite\\\/terrorisme\\\/mohamed-ali-laroui-arrestation-21-membres-5-groupes-terroristes-preparaient-attentats-2\\\/180130\\\/\",\"url\":\"https:\\\/\\\/www.webdo.tn\\\/fr\\\/actualite\\\/terrorisme\\\/mohamed-ali-laroui-arrestation-21-membres-5-groupes-terroristes-preparaient-attentats-2\\\/180130\\\/\",\"name\":\"Mohamed Ali Laroui : Arrestation de 21 membres de 5 groupes terroristes qui pr\u00e9paraient des attentats\",\"isPartOf\":{\"@id\":\"https:\\\/\\\/www.webdo.tn\\\/fr\\\/#website\"},\"primaryImageOfPage\":{\"@id\":\"https:\\\/\\\/www.webdo.tn\\\/fr\\\/actualite\\\/terrorisme\\\/mohamed-ali-laroui-arrestation-21-membres-5-groupes-terroristes-preparaient-attentats-2\\\/180130\\\/#primaryimage\"},\"image\":{\"@id\":\"https:\\\/\\\/www.webdo.tn\\\/fr\\\/actualite\\\/terrorisme\\\/mohamed-ali-laroui-arrestation-21-membres-5-groupes-terroristes-preparaient-attentats-2\\\/180130\\\/#primaryimage\"},\"thumbnailUrl\":\"https:\\\/\\\/www.webdo.tn\\\/fr\\\/wp-content\\\/uploads\\\/2014\\\/08\\\/garde-nationale-photo-afp.jpg\",\"datePublished\":\"2014-08-07T16:00:00+00:00\",\"dateModified\":\"2025-06-04T18:17:54+00:00\",\"description\":\"Mohamed Ali Laroui : Arrestation de 21 membres de 5 groupes terroristes qui pr\u00e9paraient des attentats\",\"breadcrumb\":{\"@id\":\"https:\\\/\\\/www.webdo.tn\\\/fr\\\/actualite\\\/terrorisme\\\/mohamed-ali-laroui-arrestation-21-membres-5-groupes-terroristes-preparaient-attentats-2\\\/180130\\\/#breadcrumb\"},\"inLanguage\":\"fr-FR\",\"potentialAction\":[{\"@type\":\"ReadAction\",\"target\":[\"https:\\\/\\\/www.webdo.tn\\\/fr\\\/actualite\\\/terrorisme\\\/mohamed-ali-laroui-arrestation-21-membres-5-groupes-terroristes-preparaient-attentats-2\\\/180130\\\/\"]}]},{\"@type\":\"ImageObject\",\"inLanguage\":\"fr-FR\",\"@id\":\"https:\\\/\\\/www.webdo.tn\\\/fr\\\/actualite\\\/terrorisme\\\/mohamed-ali-laroui-arrestation-21-membres-5-groupes-terroristes-preparaient-attentats-2\\\/180130\\\/#primaryimage\",\"url\":\"https:\\\/\\\/www.webdo.tn\\\/fr\\\/wp-content\\\/uploads\\\/2014\\\/08\\\/garde-nationale-photo-afp.jpg\",\"contentUrl\":\"https:\\\/\\\/www.webdo.tn\\\/fr\\\/wp-content\\\/uploads\\\/2014\\\/08\\\/garde-nationale-photo-afp.jpg\",\"width\":400,\"height\":262,\"caption\":\"Mohamed Ali Laroui : Arrestation de 21 membres de 5 groupes terroristes qui pr\u00e9paraient des attentats\"},{\"@type\":\"BreadcrumbList\",\"@id\":\"https:\\\/\\\/www.webdo.tn\\\/fr\\\/actualite\\\/terrorisme\\\/mohamed-ali-laroui-arrestation-21-membres-5-groupes-terroristes-preparaient-attentats-2\\\/180130\\\/#breadcrumb\",\"itemListElement\":[{\"@type\":\"ListItem\",\"position\":1,\"name\":\"Accueil\",\"item\":\"https:\\\/\\\/www.webdo.tn\\\/fr\\\/\"},{\"@type\":\"ListItem\",\"position\":2,\"name\":\"Mohamed Ali Laroui : Arrestation de 21 membres de 5 groupes terroristes qui pr\u00e9paraient des attentats\"}]},{\"@type\":\"WebSite\",\"@id\":\"https:\\\/\\\/www.webdo.tn\\\/fr\\\/#website\",\"url\":\"https:\\\/\\\/www.webdo.tn\\\/fr\\\/\",\"name\":\"webdo\",\"description\":\"Tunisie - News en Tunisie et \u00e0 l&#039;international sur Webdo.tn\",\"publisher\":{\"@id\":\"https:\\\/\\\/www.webdo.tn\\\/fr\\\/#organization\"},\"potentialAction\":[{\"@type\":\"SearchAction\",\"target\":{\"@type\":\"EntryPoint\",\"urlTemplate\":\"https:\\\/\\\/www.webdo.tn\\\/fr\\\/?s={search_term_string}\"},\"query-input\":{\"@type\":\"PropertyValueSpecification\",\"valueRequired\":true,\"valueName\":\"search_term_string\"}}],\"inLanguage\":\"fr-FR\"},{\"@type\":\"Organization\",\"@id\":\"https:\\\/\\\/www.webdo.tn\\\/fr\\\/#organization\",\"name\":\"Webdo\",\"alternateName\":\"Webdo.tn\",\"url\":\"https:\\\/\\\/www.webdo.tn\\\/fr\\\/\",\"logo\":{\"@type\":\"ImageObject\",\"inLanguage\":\"fr-FR\",\"@id\":\"https:\\\/\\\/www.webdo.tn\\\/fr\\\/#\\\/schema\\\/logo\\\/image\\\/\",\"url\":\"https:\\\/\\\/www.webdo.tn\\\/fr\\\/wp-content\\\/uploads\\\/2025\\\/06\\\/Webdo-Tunisie_168377.jpg\",\"contentUrl\":\"https:\\\/\\\/www.webdo.tn\\\/fr\\\/wp-content\\\/uploads\\\/2025\\\/06\\\/Webdo-Tunisie_168377.jpg\",\"width\":301,\"height\":301,\"caption\":\"Webdo\"},\"image\":{\"@id\":\"https:\\\/\\\/www.webdo.tn\\\/fr\\\/#\\\/schema\\\/logo\\\/image\\\/\"},\"sameAs\":[\"https:\\\/\\\/www.facebook.com\\\/webdotn\",\"https:\\\/\\\/x.com\\\/webdo_tn\"],\"description\":\"Webdo est un m\u00e9dia num\u00e9rique tunisien fond\u00e9 en 2010, sp\u00e9cialis\u00e9 dans l\u2019actualit\u00e9 nationale et internationale, l\u2019\u00e9conomie, la soci\u00e9t\u00e9 et les analyses politiques. Le site s\u2019adresse \u00e0 un large public francophone et couvre l\u2019information tunisienne en temps r\u00e9el.\",\"email\":\"redac@webdo.tn\",\"legalName\":\"YNJ SARL\",\"foundingDate\":\"2010-09-06\",\"numberOfEmployees\":{\"@type\":\"QuantitativeValue\",\"minValue\":\"11\",\"maxValue\":\"50\"}},{\"@type\":\"Person\",\"@id\":\"https:\\\/\\\/www.webdo.tn\\\/fr\\\/#\\\/schema\\\/person\\\/9a9c6118d687c117df8ef3cc36a4d175\",\"name\":\"webdo.tn\",\"image\":{\"@type\":\"ImageObject\",\"inLanguage\":\"fr-FR\",\"@id\":\"https:\\\/\\\/secure.gravatar.com\\\/avatar\\\/7ce1f28c0c3bbac99ff550b85ef8e44a6950c6ee24514fb6a5489e51d06f0298?s=96&d=mm&r=g\",\"url\":\"https:\\\/\\\/secure.gravatar.com\\\/avatar\\\/7ce1f28c0c3bbac99ff550b85ef8e44a6950c6ee24514fb6a5489e51d06f0298?s=96&d=mm&r=g\",\"contentUrl\":\"https:\\\/\\\/secure.gravatar.com\\\/avatar\\\/7ce1f28c0c3bbac99ff550b85ef8e44a6950c6ee24514fb6a5489e51d06f0298?s=96&d=mm&r=g\",\"caption\":\"webdo.tn\"},\"url\":\"https:\\\/\\\/www.webdo.tn\\\/fr\\\/actualite\\\/author\\\/webdotn\\\/\"}]}<\/script>\n<!-- \/ Yoast SEO Premium plugin. -->","yoast_head_json":{"title":"Mohamed Ali Laroui : Arrestation de 21 membres de 5 groupes terroristes qui pr\u00e9paraient des attentats","description":"Mohamed Ali Laroui : Arrestation de 21 membres de 5 groupes terroristes qui pr\u00e9paraient des attentats","canonical":"https:\/\/www.webdo.tn\/fr\/actualite\/terrorisme\/mohamed-ali-laroui-arrestation-21-membres-5-groupes-terroristes-preparaient-attentats-2\/180130\/","og_locale":"fr_FR","og_type":"article","og_title":"Mohamed Ali Laroui : Arrestation de 21 membres de 5 groupes terroristes qui pr\u00e9paraient des attentats","og_description":"Mohamed Ali Laroui : Arrestation de 21 membres de 5 groupes terroristes qui pr\u00e9paraient des attentats","og_url":"https:\/\/www.webdo.tn\/fr\/actualite\/terrorisme\/mohamed-ali-laroui-arrestation-21-membres-5-groupes-terroristes-preparaient-attentats-2\/180130\/","og_site_name":"webdo","article_publisher":"https:\/\/www.facebook.com\/webdotn","article_published_time":"2014-08-07T16:00:00+00:00","article_modified_time":"2025-06-04T18:17:54+00:00","og_image":[{"width":400,"height":262,"url":"https:\/\/www.webdo.tn\/fr\/wp-content\/uploads\/2014\/08\/garde-nationale-photo-afp.jpg","type":"image\/jpeg"}],"author":"webdo.tn","twitter_card":"summary_large_image","twitter_creator":"@webdo_tn","twitter_site":"@webdo_tn","twitter_misc":{"\u00c9crit par":"webdo.tn","Dur\u00e9e de lecture estim\u00e9e":"1 minute"},"schema":{"@context":"https:\/\/schema.org","@graph":[{"@type":"NewsArticle","@id":"https:\/\/www.webdo.tn\/fr\/actualite\/terrorisme\/mohamed-ali-laroui-arrestation-21-membres-5-groupes-terroristes-preparaient-attentats-2\/180130\/#article","isPartOf":{"@id":"https:\/\/www.webdo.tn\/fr\/actualite\/terrorisme\/mohamed-ali-laroui-arrestation-21-membres-5-groupes-terroristes-preparaient-attentats-2\/180130\/"},"author":{"name":"webdo.tn","@id":"https:\/\/www.webdo.tn\/fr\/#\/schema\/person\/9a9c6118d687c117df8ef3cc36a4d175"},"headline":"Mohamed Ali Laroui : Arrestation de 21 membres de 5 groupes terroristes qui pr\u00e9paraient des attentats","datePublished":"2014-08-07T16:00:00+00:00","dateModified":"2025-06-04T18:17:54+00:00","mainEntityOfPage":{"@id":"https:\/\/www.webdo.tn\/fr\/actualite\/terrorisme\/mohamed-ali-laroui-arrestation-21-membres-5-groupes-terroristes-preparaient-attentats-2\/180130\/"},"wordCount":232,"commentCount":0,"publisher":{"@id":"https:\/\/www.webdo.tn\/fr\/#organization"},"image":{"@id":"https:\/\/www.webdo.tn\/fr\/actualite\/terrorisme\/mohamed-ali-laroui-arrestation-21-membres-5-groupes-terroristes-preparaient-attentats-2\/180130\/#primaryimage"},"thumbnailUrl":"https:\/\/www.webdo.tn\/fr\/wp-content\/uploads\/2014\/08\/garde-nationale-photo-afp.jpg","articleSection":["Terrorisme"],"inLanguage":"fr-FR"},{"@type":"WebPage","@id":"https:\/\/www.webdo.tn\/fr\/actualite\/terrorisme\/mohamed-ali-laroui-arrestation-21-membres-5-groupes-terroristes-preparaient-attentats-2\/180130\/","url":"https:\/\/www.webdo.tn\/fr\/actualite\/terrorisme\/mohamed-ali-laroui-arrestation-21-membres-5-groupes-terroristes-preparaient-attentats-2\/180130\/","name":"Mohamed Ali Laroui : Arrestation de 21 membres de 5 groupes terroristes qui pr\u00e9paraient des attentats","isPartOf":{"@id":"https:\/\/www.webdo.tn\/fr\/#website"},"primaryImageOfPage":{"@id":"https:\/\/www.webdo.tn\/fr\/actualite\/terrorisme\/mohamed-ali-laroui-arrestation-21-membres-5-groupes-terroristes-preparaient-attentats-2\/180130\/#primaryimage"},"image":{"@id":"https:\/\/www.webdo.tn\/fr\/actualite\/terrorisme\/mohamed-ali-laroui-arrestation-21-membres-5-groupes-terroristes-preparaient-attentats-2\/180130\/#primaryimage"},"thumbnailUrl":"https:\/\/www.webdo.tn\/fr\/wp-content\/uploads\/2014\/08\/garde-nationale-photo-afp.jpg","datePublished":"2014-08-07T16:00:00+00:00","dateModified":"2025-06-04T18:17:54+00:00","description":"Mohamed Ali Laroui : Arrestation de 21 membres de 5 groupes terroristes qui pr\u00e9paraient des attentats","breadcrumb":{"@id":"https:\/\/www.webdo.tn\/fr\/actualite\/terrorisme\/mohamed-ali-laroui-arrestation-21-membres-5-groupes-terroristes-preparaient-attentats-2\/180130\/#breadcrumb"},"inLanguage":"fr-FR","potentialAction":[{"@type":"ReadAction","target":["https:\/\/www.webdo.tn\/fr\/actualite\/terrorisme\/mohamed-ali-laroui-arrestation-21-membres-5-groupes-terroristes-preparaient-attentats-2\/180130\/"]}]},{"@type":"ImageObject","inLanguage":"fr-FR","@id":"https:\/\/www.webdo.tn\/fr\/actualite\/terrorisme\/mohamed-ali-laroui-arrestation-21-membres-5-groupes-terroristes-preparaient-attentats-2\/180130\/#primaryimage","url":"https:\/\/www.webdo.tn\/fr\/wp-content\/uploads\/2014\/08\/garde-nationale-photo-afp.jpg","contentUrl":"https:\/\/www.webdo.tn\/fr\/wp-content\/uploads\/2014\/08\/garde-nationale-photo-afp.jpg","width":400,"height":262,"caption":"Mohamed Ali Laroui : Arrestation de 21 membres de 5 groupes terroristes qui pr\u00e9paraient des attentats"},{"@type":"BreadcrumbList","@id":"https:\/\/www.webdo.tn\/fr\/actualite\/terrorisme\/mohamed-ali-laroui-arrestation-21-membres-5-groupes-terroristes-preparaient-attentats-2\/180130\/#breadcrumb","itemListElement":[{"@type":"ListItem","position":1,"name":"Accueil","item":"https:\/\/www.webdo.tn\/fr\/"},{"@type":"ListItem","position":2,"name":"Mohamed Ali Laroui : Arrestation de 21 membres de 5 groupes terroristes qui pr\u00e9paraient des attentats"}]},{"@type":"WebSite","@id":"https:\/\/www.webdo.tn\/fr\/#website","url":"https:\/\/www.webdo.tn\/fr\/","name":"webdo","description":"Tunisie - News en Tunisie et \u00e0 l&#039;international sur Webdo.tn","publisher":{"@id":"https:\/\/www.webdo.tn\/fr\/#organization"},"potentialAction":[{"@type":"SearchAction","target":{"@type":"EntryPoint","urlTemplate":"https:\/\/www.webdo.tn\/fr\/?s={search_term_string}"},"query-input":{"@type":"PropertyValueSpecification","valueRequired":true,"valueName":"search_term_string"}}],"inLanguage":"fr-FR"},{"@type":"Organization","@id":"https:\/\/www.webdo.tn\/fr\/#organization","name":"Webdo","alternateName":"Webdo.tn","url":"https:\/\/www.webdo.tn\/fr\/","logo":{"@type":"ImageObject","inLanguage":"fr-FR","@id":"https:\/\/www.webdo.tn\/fr\/#\/schema\/logo\/image\/","url":"https:\/\/www.webdo.tn\/fr\/wp-content\/uploads\/2025\/06\/Webdo-Tunisie_168377.jpg","contentUrl":"https:\/\/www.webdo.tn\/fr\/wp-content\/uploads\/2025\/06\/Webdo-Tunisie_168377.jpg","width":301,"height":301,"caption":"Webdo"},"image":{"@id":"https:\/\/www.webdo.tn\/fr\/#\/schema\/logo\/image\/"},"sameAs":["https:\/\/www.facebook.com\/webdotn","https:\/\/x.com\/webdo_tn"],"description":"Webdo est un m\u00e9dia num\u00e9rique tunisien fond\u00e9 en 2010, sp\u00e9cialis\u00e9 dans l\u2019actualit\u00e9 nationale et internationale, l\u2019\u00e9conomie, la soci\u00e9t\u00e9 et les analyses politiques. Le site s\u2019adresse \u00e0 un large public francophone et couvre l\u2019information tunisienne en temps r\u00e9el.","email":"redac@webdo.tn","legalName":"YNJ SARL","foundingDate":"2010-09-06","numberOfEmployees":{"@type":"QuantitativeValue","minValue":"11","maxValue":"50"}},{"@type":"Person","@id":"https:\/\/www.webdo.tn\/fr\/#\/schema\/person\/9a9c6118d687c117df8ef3cc36a4d175","name":"webdo.tn","image":{"@type":"ImageObject","inLanguage":"fr-FR","@id":"https:\/\/secure.gravatar.com\/avatar\/7ce1f28c0c3bbac99ff550b85ef8e44a6950c6ee24514fb6a5489e51d06f0298?s=96&d=mm&r=g","url":"https:\/\/secure.gravatar.com\/avatar\/7ce1f28c0c3bbac99ff550b85ef8e44a6950c6ee24514fb6a5489e51d06f0298?s=96&d=mm&r=g","contentUrl":"https:\/\/secure.gravatar.com\/avatar\/7ce1f28c0c3bbac99ff550b85ef8e44a6950c6ee24514fb6a5489e51d06f0298?s=96&d=mm&r=g","caption":"webdo.tn"},"url":"https:\/\/www.webdo.tn\/fr\/actualite\/author\/webdotn\/"}]}},"_links":{"self":[{"href":"https:\/\/www.webdo.tn\/fr\/wp-json\/wp\/v2\/posts\/180130","targetHints":{"allow":["GET"]}}],"collection":[{"href":"https:\/\/www.webdo.tn\/fr\/wp-json\/wp\/v2\/posts"}],"about":[{"href":"https:\/\/www.webdo.tn\/fr\/wp-json\/wp\/v2\/types\/post"}],"author":[{"embeddable":true,"href":"https:\/\/www.webdo.tn\/fr\/wp-json\/wp\/v2\/users\/3222"}],"replies":[{"embeddable":true,"href":"https:\/\/www.webdo.tn\/fr\/wp-json\/wp\/v2\/comments?post=180130"}],"version-history":[{"count":0,"href":"https:\/\/www.webdo.tn\/fr\/wp-json\/wp\/v2\/posts\/180130\/revisions"}],"wp:featuredmedia":[{"embeddable":true,"href":"https:\/\/www.webdo.tn\/fr\/wp-json\/wp\/v2\/media\/320733"}],"wp:attachment":[{"href":"https:\/\/www.webdo.tn\/fr\/wp-json\/wp\/v2\/media?parent=180130"}],"wp:term":[{"taxonomy":"category","embeddable":true,"href":"https:\/\/www.webdo.tn\/fr\/wp-json\/wp\/v2\/categories?post=180130"},{"taxonomy":"post_tag","embeddable":true,"href":"https:\/\/www.webdo.tn\/fr\/wp-json\/wp\/v2\/tags?post=180130"}],"curies":[{"name":"wp","href":"https:\/\/api.w.org\/{rel}","templated":true}]}}