{"id":180128,"date":"2014-08-09T12:34:00","date_gmt":"2014-08-09T12:34:00","guid":{"rendered":"https:\/\/www.webdo.tn\/fr\/blog\/ghannouchi-mosquee-il-faut-corriger-les-concepts-djihad\/180128\/"},"modified":"2025-05-22T13:07:38","modified_gmt":"2025-05-22T13:07:38","slug":"ghannouchi-mosquee-il-faut-corriger-les-concepts-djihad","status":"publish","type":"post","link":"https:\/\/www.webdo.tn\/fr\/actualite\/terrorisme\/ghannouchi-mosquee-il-faut-corriger-les-concepts-djihad\/180128\/","title":{"rendered":"A la mosqu\u00e9e : Ghannouchi analyse Daech et le concept du djihad"},"content":{"rendered":"<p>Le chef du parti islamiste Ennahdha Rached Ghannouchi a fait un pr\u00eache \u00e0 la mosqu\u00e9e, ce vendredi 8 ao\u00fbt, o\u00f9 il a \u00e9voqu\u00e9, entre autres le concept du djihad et la question de \u00ab\u00a0Daech\u00a0\u00bb, l&rsquo;organisation arm\u00e9e djihadiste\u00a0qui a proclam\u00e9 au mois de juin dernier un califat islamique en Irak et en Syrie.\u00a0<\/p>\n<p>Cat\u00e9gorique, pour lui,\u00a0\u00a0Daech met en place des projets de guerres civiles et recourt \u00e0 l\u2019int\u00e9grisme qui divise, en excluant les minorit\u00e9s de leurs terres et en les obligeant \u00e0 se convertir \u00e0 l&rsquo;Islam.\u00a0<\/p>\n<p>\u00a0<\/p>\n<p>Daech, un projet de guerres civiles contre le Printemps arabe et la diversit\u00e9<\/p>\n<p>Ghannouchi a consid\u00e9r\u00e9 cette organisation comme un mouvement de recul qui tend \u00e0 mettre fin au Printemps arabe, d\u00e9signant ses membres d&rsquo;ignorants.<\/p>\n<p>[pull_quote_left]Quand ces ignorants sont venus, ils ont dit non, ils les [les minorit\u00e9s non musulmanes\u00a0\u00bb] ont oblig\u00e9 \u00e0 partir de leur environnement, du Mossoul et autres\u00a0[\/pull_quote_left]<\/p>\n<p>En faisant r\u00e9f\u00e9rence aux ex\u00e9cutions et massacres subis par les minorit\u00e9s depuis des semaines \u00e0 cause de\u00a0l&rsquo;EI guid\u00e9 par Abou Bakr Al Baghdadi, Ghannouchi a \u00e9voqu\u00e9 les questions du djihad, des minorit\u00e9s et de l&rsquo;Etat.<\/p>\n<p>Il\u00a0a rappel\u00e9 l&rsquo;histoire de l&rsquo;Irak et de la Syrie (o\u00f9 il a \u00e9tudi\u00e9) aux fid\u00e8les de la mosqu\u00e9e en mettant l&rsquo;accent sur l&rsquo;importance du respect des minorit\u00e9s religieuses et ethniques.<\/p>\n<p>[quote_box_center]\u00abL\u2019Irak a connu l\u2019Etat abbasside qui a dur\u00e9 plus de cinq si\u00e8cles, idem pour l\u2019Etat omeyyade bas\u00e9 \u00e0 Damas &#8230; ce qui est extraordinaire [dans ces Etats], c\u2019est de trouver dans ces deux patries le plus grand nombre de religions, croyances et ethnies. Ce qui explique le\u00a0fait qu\u2019ils ont v\u00e9cu jusqu\u2019\u00e0 aujourd\u2019hui &#8230;avant qu\u2019ils soient rattrap\u00e9s par Daech malheureusement \u2026 cela veut dire que les tenants des grandes religions, les grands savants de l\u2019Islam Abou Haniffa, \u00a0Shaffii, Ibn Hanbal, Jaafar Al Sadok, qui ont mis les bases de la jurisprudence musulmane dans ces pays, \u00a0ont donn\u00e9 un espace \u00e0 ces religions, \u00e0 ces croyances et \u00e0 ces ethnies, ce qui a constitu\u00e9 la civilisation\u00a0musulmane.\u00a0\u00bb[\/quote_box_center]<\/p>\n<p>Ghannouchi a \u00e9galement compar\u00e9 l\u2019Irak \u00e0\u00a0un mus\u00e9e pour les religions. \u00abIl y a des religions qui n\u2019existent pas hors de l\u2019Irak comme les y\u00e9zidis et les Chr\u00e9tiens rejet\u00e9s par les grands clerg\u00e9s et n\u2019ont trouv\u00e9 de refuge que sous la banni\u00e8re de la civilisation musulmane\u00a0\u00bb.<\/p>\n<p>Le concept de l&rsquo;Etat musulman adapt\u00e9 \u00e0 la modernit\u00e9<\/p>\n<p>Le chef du parti Ennahdha a mis en exergue l&rsquo;erreur d&rsquo;obliger les non musulmans \u00e0 la conversion en \u00e9voquant sa conception de la civilisation musulmane et de l&rsquo;Etat.<\/p>\n<p>[quote_box_right]\u00ab\u00a0Ils (Daech) les ont contraints\u00a0\u2026 ils leur ont dit \u2018\u2019o\u00f9 vous devenez musulmans ou vous partez ou vous payez Al Dj\u00efzia\u00a0\u00bb, croyant que c\u2019est cela la charia islamique. Ils n\u2019\u00e9taient pas conscients des d\u00e9veloppements qu\u2019il y a eu dans cet environnement musulman et de la composition soci\u00e9tale et politique de ces pays\u00bb mart\u00e8le-t-il.[\/quote_box_right]<\/p>\n<p>\u00abL\u2019Etat moderne se repose sur le partage d\u2019une seule terre, repose sur le principe de citoyennet\u00e9, des droits et des obligations\u2026Ceux qui sont sur terre ont des droits et obligations d\u2019une mani\u00e8re \u00e9quitable, sans prendre en consid\u00e9ration la diff\u00e9rence ethnique et religieuse. Est-ce que cela a une place en Isalm, bien sur que oui et le Coran a mentionn\u00e9 cela et c\u2019est pour \u00e7a que les juifs avaient des droits \u00e9quitables avec les musulmans alors que les musulmans, qui \u00e9taient \u00e0 la Mecque ne les avaient pas parce qu\u2019ils n\u2019\u00e9taient pas sur la m\u00eame terre de l\u2019Etat \u00bb a-t-il pr\u00e9cis\u00e9 en analysant les exemples\u00a0au prisme de l&rsquo;histoire islamique au 7\u00e8me si\u00e8cle dans la P\u00e9ninsule\u00a0Arabique.\u00a0<\/p>\n<p>Corriger les concepts du djihad<\/p>\n<p>D&rsquo;apr\u00e8s Ghannouchi, le terrorisme est\u00a0\u00ab\u00a0un fusil lou\u00e9\u00a0au profit des grands comploteurs du monde\u00bb qui cr\u00e9e la confusion en associant l&rsquo;agression \u00e0 la religion musulmane.<\/p>\n<p>\u00ab\u00a0Ce qui se passe ces jours-ci en Irak, des sc\u00e8nes qui font mal vraiment puisque le djihad en Islam est associ\u00e9 \u00e0 l\u2019agression contre les minorit\u00e9s non musulmanes comme les Chr\u00e9tiens ou\u00a0Y\u00e9zidis\u00a0[&#8230;]\u00a0\u00a0Il faut corriger ces concepts de djihads pour que l\u2019Islam soit associ\u00e9 \u00e0 la mis\u00e9ricorde, \u00e0 la justice et \u00e0 la d\u00e9mocratie, aux droits de la femme et aux droits des minorit\u00e9s\u00a0\u00bb a-t-il affirm\u00e9.<\/p>\n<p>D&rsquo;apr\u00e8s lui, le djihad est en Palestine alors que celui de Daech serait contre la charia et le r\u00e9f\u00e9rent de la civilisation musulmane.<\/p>\n<p>\u00abSeul le fusil en Palestine a la bonne direction alors que les autres fusils qui sont dirig\u00e9s vers des citoyens musulmans et contre des institutions musulmanes, contre notre arm\u00e9e et police et les institutions de notre pays \u2026sont des fusils corrompus. [&#8230;]\u00a0Ce fusil a pour munition l\u2019ignorance et l\u2019arrogance et non \u00a0la foi, la justice et l\u2019Islam\u00a0\u00bb a-t-il expliqu\u00e9.<\/p>\n","protected":false},"excerpt":{"rendered":"<p>A la mosqu\u00e9e : Ghannouchi analyse Daech et le concept du djihad<\/p>\n","protected":false},"author":3222,"featured_media":373729,"comment_status":"open","ping_status":"closed","sticky":false,"template":"","format":"standard","meta":{"footnotes":""},"categories":[11342],"tags":[],"class_list":["post-180128","post","type-post","status-publish","format-standard","has-post-thumbnail","hentry","category-terrorisme"],"yoast_head":"<!-- This site is optimized with the Yoast SEO Premium plugin v27.5 (Yoast SEO v27.5) - https:\/\/yoast.com\/product\/yoast-seo-premium-wordpress\/ -->\n<title>A la mosqu\u00e9e : Ghannouchi analyse Daech et le concept du djihad<\/title>\n<meta name=\"description\" content=\"A la mosqu\u00e9e : Ghannouchi analyse Daech et le concept du djihad\" \/>\n<link rel=\"canonical\" href=\"https:\/\/www.webdo.tn\/fr\/actualite\/terrorisme\/ghannouchi-mosquee-il-faut-corriger-les-concepts-djihad\/180128\/\" \/>\n<meta property=\"og:locale\" content=\"fr_FR\" \/>\n<meta property=\"og:type\" content=\"article\" \/>\n<meta property=\"og:title\" content=\"A la mosqu\u00e9e : Ghannouchi analyse Daech et le concept du djihad\" \/>\n<meta property=\"og:description\" content=\"A la mosqu\u00e9e : Ghannouchi analyse Daech et le concept du djihad\" \/>\n<meta property=\"og:url\" content=\"https:\/\/www.webdo.tn\/fr\/actualite\/terrorisme\/ghannouchi-mosquee-il-faut-corriger-les-concepts-djihad\/180128\/\" \/>\n<meta property=\"og:site_name\" content=\"webdo\" \/>\n<meta property=\"article:publisher\" content=\"https:\/\/www.facebook.com\/webdotn\" \/>\n<meta property=\"article:published_time\" content=\"2014-08-09T12:34:00+00:00\" \/>\n<meta property=\"article:modified_time\" content=\"2025-05-22T13:07:38+00:00\" \/>\n<meta property=\"og:image\" content=\"https:\/\/www.webdo.tn\/fr\/wp-content\/uploads\/2025\/06\/Rached-Ghonnouchi-a-la-mosquee_180128.jpg\" \/>\n\t<meta property=\"og:image:width\" content=\"366\" \/>\n\t<meta property=\"og:image:height\" content=\"200\" \/>\n\t<meta property=\"og:image:type\" content=\"image\/jpeg\" \/>\n<meta name=\"author\" content=\"webdo.tn\" \/>\n<meta name=\"twitter:card\" content=\"summary_large_image\" \/>\n<meta name=\"twitter:creator\" content=\"@webdo_tn\" \/>\n<meta name=\"twitter:site\" content=\"@webdo_tn\" \/>\n<meta name=\"twitter:label1\" content=\"\u00c9crit par\" \/>\n\t<meta name=\"twitter:data1\" content=\"webdo.tn\" \/>\n\t<meta name=\"twitter:label2\" content=\"Dur\u00e9e de lecture estim\u00e9e\" \/>\n\t<meta name=\"twitter:data2\" content=\"4 minutes\" \/>\n<script type=\"application\/ld+json\" class=\"yoast-schema-graph\">{\"@context\":\"https:\\\/\\\/schema.org\",\"@graph\":[{\"@type\":\"NewsArticle\",\"@id\":\"https:\\\/\\\/www.webdo.tn\\\/fr\\\/actualite\\\/terrorisme\\\/ghannouchi-mosquee-il-faut-corriger-les-concepts-djihad\\\/180128\\\/#article\",\"isPartOf\":{\"@id\":\"https:\\\/\\\/www.webdo.tn\\\/fr\\\/actualite\\\/terrorisme\\\/ghannouchi-mosquee-il-faut-corriger-les-concepts-djihad\\\/180128\\\/\"},\"author\":{\"name\":\"webdo.tn\",\"@id\":\"https:\\\/\\\/www.webdo.tn\\\/fr\\\/#\\\/schema\\\/person\\\/9a9c6118d687c117df8ef3cc36a4d175\"},\"headline\":\"A la mosqu\u00e9e : Ghannouchi analyse Daech et le concept du djihad\",\"datePublished\":\"2014-08-09T12:34:00+00:00\",\"dateModified\":\"2025-05-22T13:07:38+00:00\",\"mainEntityOfPage\":{\"@id\":\"https:\\\/\\\/www.webdo.tn\\\/fr\\\/actualite\\\/terrorisme\\\/ghannouchi-mosquee-il-faut-corriger-les-concepts-djihad\\\/180128\\\/\"},\"wordCount\":867,\"commentCount\":0,\"publisher\":{\"@id\":\"https:\\\/\\\/www.webdo.tn\\\/fr\\\/#organization\"},\"image\":{\"@id\":\"https:\\\/\\\/www.webdo.tn\\\/fr\\\/actualite\\\/terrorisme\\\/ghannouchi-mosquee-il-faut-corriger-les-concepts-djihad\\\/180128\\\/#primaryimage\"},\"thumbnailUrl\":\"https:\\\/\\\/www.webdo.tn\\\/fr\\\/wp-content\\\/uploads\\\/2025\\\/06\\\/Rached-Ghonnouchi-a-la-mosquee_180128.jpg\",\"articleSection\":[\"Terrorisme\"],\"inLanguage\":\"fr-FR\"},{\"@type\":\"WebPage\",\"@id\":\"https:\\\/\\\/www.webdo.tn\\\/fr\\\/actualite\\\/terrorisme\\\/ghannouchi-mosquee-il-faut-corriger-les-concepts-djihad\\\/180128\\\/\",\"url\":\"https:\\\/\\\/www.webdo.tn\\\/fr\\\/actualite\\\/terrorisme\\\/ghannouchi-mosquee-il-faut-corriger-les-concepts-djihad\\\/180128\\\/\",\"name\":\"A la mosqu\u00e9e : Ghannouchi analyse Daech et le concept du djihad\",\"isPartOf\":{\"@id\":\"https:\\\/\\\/www.webdo.tn\\\/fr\\\/#website\"},\"primaryImageOfPage\":{\"@id\":\"https:\\\/\\\/www.webdo.tn\\\/fr\\\/actualite\\\/terrorisme\\\/ghannouchi-mosquee-il-faut-corriger-les-concepts-djihad\\\/180128\\\/#primaryimage\"},\"image\":{\"@id\":\"https:\\\/\\\/www.webdo.tn\\\/fr\\\/actualite\\\/terrorisme\\\/ghannouchi-mosquee-il-faut-corriger-les-concepts-djihad\\\/180128\\\/#primaryimage\"},\"thumbnailUrl\":\"https:\\\/\\\/www.webdo.tn\\\/fr\\\/wp-content\\\/uploads\\\/2025\\\/06\\\/Rached-Ghonnouchi-a-la-mosquee_180128.jpg\",\"datePublished\":\"2014-08-09T12:34:00+00:00\",\"dateModified\":\"2025-05-22T13:07:38+00:00\",\"description\":\"A la mosqu\u00e9e : Ghannouchi analyse Daech et le concept du djihad\",\"breadcrumb\":{\"@id\":\"https:\\\/\\\/www.webdo.tn\\\/fr\\\/actualite\\\/terrorisme\\\/ghannouchi-mosquee-il-faut-corriger-les-concepts-djihad\\\/180128\\\/#breadcrumb\"},\"inLanguage\":\"fr-FR\",\"potentialAction\":[{\"@type\":\"ReadAction\",\"target\":[\"https:\\\/\\\/www.webdo.tn\\\/fr\\\/actualite\\\/terrorisme\\\/ghannouchi-mosquee-il-faut-corriger-les-concepts-djihad\\\/180128\\\/\"]}]},{\"@type\":\"ImageObject\",\"inLanguage\":\"fr-FR\",\"@id\":\"https:\\\/\\\/www.webdo.tn\\\/fr\\\/actualite\\\/terrorisme\\\/ghannouchi-mosquee-il-faut-corriger-les-concepts-djihad\\\/180128\\\/#primaryimage\",\"url\":\"https:\\\/\\\/www.webdo.tn\\\/fr\\\/wp-content\\\/uploads\\\/2025\\\/06\\\/Rached-Ghonnouchi-a-la-mosquee_180128.jpg\",\"contentUrl\":\"https:\\\/\\\/www.webdo.tn\\\/fr\\\/wp-content\\\/uploads\\\/2025\\\/06\\\/Rached-Ghonnouchi-a-la-mosquee_180128.jpg\",\"width\":366,\"height\":200,\"caption\":\"A la mosqu\u00e9e : Ghannouchi analyse Daech et le concept du djihad\"},{\"@type\":\"BreadcrumbList\",\"@id\":\"https:\\\/\\\/www.webdo.tn\\\/fr\\\/actualite\\\/terrorisme\\\/ghannouchi-mosquee-il-faut-corriger-les-concepts-djihad\\\/180128\\\/#breadcrumb\",\"itemListElement\":[{\"@type\":\"ListItem\",\"position\":1,\"name\":\"Accueil\",\"item\":\"https:\\\/\\\/www.webdo.tn\\\/fr\\\/\"},{\"@type\":\"ListItem\",\"position\":2,\"name\":\"A la mosqu\u00e9e : Ghannouchi analyse Daech et le concept du djihad\"}]},{\"@type\":\"WebSite\",\"@id\":\"https:\\\/\\\/www.webdo.tn\\\/fr\\\/#website\",\"url\":\"https:\\\/\\\/www.webdo.tn\\\/fr\\\/\",\"name\":\"webdo\",\"description\":\"Tunisie - News en Tunisie et \u00e0 l&#039;international sur Webdo.tn\",\"publisher\":{\"@id\":\"https:\\\/\\\/www.webdo.tn\\\/fr\\\/#organization\"},\"potentialAction\":[{\"@type\":\"SearchAction\",\"target\":{\"@type\":\"EntryPoint\",\"urlTemplate\":\"https:\\\/\\\/www.webdo.tn\\\/fr\\\/?s={search_term_string}\"},\"query-input\":{\"@type\":\"PropertyValueSpecification\",\"valueRequired\":true,\"valueName\":\"search_term_string\"}}],\"inLanguage\":\"fr-FR\"},{\"@type\":\"Organization\",\"@id\":\"https:\\\/\\\/www.webdo.tn\\\/fr\\\/#organization\",\"name\":\"Webdo\",\"alternateName\":\"Webdo.tn\",\"url\":\"https:\\\/\\\/www.webdo.tn\\\/fr\\\/\",\"logo\":{\"@type\":\"ImageObject\",\"inLanguage\":\"fr-FR\",\"@id\":\"https:\\\/\\\/www.webdo.tn\\\/fr\\\/#\\\/schema\\\/logo\\\/image\\\/\",\"url\":\"https:\\\/\\\/www.webdo.tn\\\/fr\\\/wp-content\\\/uploads\\\/2025\\\/06\\\/Webdo-Tunisie_168377.jpg\",\"contentUrl\":\"https:\\\/\\\/www.webdo.tn\\\/fr\\\/wp-content\\\/uploads\\\/2025\\\/06\\\/Webdo-Tunisie_168377.jpg\",\"width\":301,\"height\":301,\"caption\":\"Webdo\"},\"image\":{\"@id\":\"https:\\\/\\\/www.webdo.tn\\\/fr\\\/#\\\/schema\\\/logo\\\/image\\\/\"},\"sameAs\":[\"https:\\\/\\\/www.facebook.com\\\/webdotn\",\"https:\\\/\\\/x.com\\\/webdo_tn\"],\"description\":\"Webdo est un m\u00e9dia num\u00e9rique tunisien fond\u00e9 en 2010, sp\u00e9cialis\u00e9 dans l\u2019actualit\u00e9 nationale et internationale, l\u2019\u00e9conomie, la soci\u00e9t\u00e9 et les analyses politiques. Le site s\u2019adresse \u00e0 un large public francophone et couvre l\u2019information tunisienne en temps r\u00e9el.\",\"email\":\"redac@webdo.tn\",\"legalName\":\"YNJ SARL\",\"foundingDate\":\"2010-09-06\",\"numberOfEmployees\":{\"@type\":\"QuantitativeValue\",\"minValue\":\"11\",\"maxValue\":\"50\"}},{\"@type\":\"Person\",\"@id\":\"https:\\\/\\\/www.webdo.tn\\\/fr\\\/#\\\/schema\\\/person\\\/9a9c6118d687c117df8ef3cc36a4d175\",\"name\":\"webdo.tn\",\"image\":{\"@type\":\"ImageObject\",\"inLanguage\":\"fr-FR\",\"@id\":\"https:\\\/\\\/secure.gravatar.com\\\/avatar\\\/7ce1f28c0c3bbac99ff550b85ef8e44a6950c6ee24514fb6a5489e51d06f0298?s=96&d=mm&r=g\",\"url\":\"https:\\\/\\\/secure.gravatar.com\\\/avatar\\\/7ce1f28c0c3bbac99ff550b85ef8e44a6950c6ee24514fb6a5489e51d06f0298?s=96&d=mm&r=g\",\"contentUrl\":\"https:\\\/\\\/secure.gravatar.com\\\/avatar\\\/7ce1f28c0c3bbac99ff550b85ef8e44a6950c6ee24514fb6a5489e51d06f0298?s=96&d=mm&r=g\",\"caption\":\"webdo.tn\"},\"url\":\"https:\\\/\\\/www.webdo.tn\\\/fr\\\/actualite\\\/author\\\/webdotn\\\/\"}]}<\/script>\n<!-- \/ Yoast SEO Premium plugin. -->","yoast_head_json":{"title":"A la mosqu\u00e9e : Ghannouchi analyse Daech et le concept du djihad","description":"A la mosqu\u00e9e : Ghannouchi analyse Daech et le concept du djihad","canonical":"https:\/\/www.webdo.tn\/fr\/actualite\/terrorisme\/ghannouchi-mosquee-il-faut-corriger-les-concepts-djihad\/180128\/","og_locale":"fr_FR","og_type":"article","og_title":"A la mosqu\u00e9e : Ghannouchi analyse Daech et le concept du djihad","og_description":"A la mosqu\u00e9e : Ghannouchi analyse Daech et le concept du djihad","og_url":"https:\/\/www.webdo.tn\/fr\/actualite\/terrorisme\/ghannouchi-mosquee-il-faut-corriger-les-concepts-djihad\/180128\/","og_site_name":"webdo","article_publisher":"https:\/\/www.facebook.com\/webdotn","article_published_time":"2014-08-09T12:34:00+00:00","article_modified_time":"2025-05-22T13:07:38+00:00","og_image":[{"width":366,"height":200,"url":"https:\/\/www.webdo.tn\/fr\/wp-content\/uploads\/2025\/06\/Rached-Ghonnouchi-a-la-mosquee_180128.jpg","type":"image\/jpeg"}],"author":"webdo.tn","twitter_card":"summary_large_image","twitter_creator":"@webdo_tn","twitter_site":"@webdo_tn","twitter_misc":{"\u00c9crit par":"webdo.tn","Dur\u00e9e de lecture estim\u00e9e":"4 minutes"},"schema":{"@context":"https:\/\/schema.org","@graph":[{"@type":"NewsArticle","@id":"https:\/\/www.webdo.tn\/fr\/actualite\/terrorisme\/ghannouchi-mosquee-il-faut-corriger-les-concepts-djihad\/180128\/#article","isPartOf":{"@id":"https:\/\/www.webdo.tn\/fr\/actualite\/terrorisme\/ghannouchi-mosquee-il-faut-corriger-les-concepts-djihad\/180128\/"},"author":{"name":"webdo.tn","@id":"https:\/\/www.webdo.tn\/fr\/#\/schema\/person\/9a9c6118d687c117df8ef3cc36a4d175"},"headline":"A la mosqu\u00e9e : Ghannouchi analyse Daech et le concept du djihad","datePublished":"2014-08-09T12:34:00+00:00","dateModified":"2025-05-22T13:07:38+00:00","mainEntityOfPage":{"@id":"https:\/\/www.webdo.tn\/fr\/actualite\/terrorisme\/ghannouchi-mosquee-il-faut-corriger-les-concepts-djihad\/180128\/"},"wordCount":867,"commentCount":0,"publisher":{"@id":"https:\/\/www.webdo.tn\/fr\/#organization"},"image":{"@id":"https:\/\/www.webdo.tn\/fr\/actualite\/terrorisme\/ghannouchi-mosquee-il-faut-corriger-les-concepts-djihad\/180128\/#primaryimage"},"thumbnailUrl":"https:\/\/www.webdo.tn\/fr\/wp-content\/uploads\/2025\/06\/Rached-Ghonnouchi-a-la-mosquee_180128.jpg","articleSection":["Terrorisme"],"inLanguage":"fr-FR"},{"@type":"WebPage","@id":"https:\/\/www.webdo.tn\/fr\/actualite\/terrorisme\/ghannouchi-mosquee-il-faut-corriger-les-concepts-djihad\/180128\/","url":"https:\/\/www.webdo.tn\/fr\/actualite\/terrorisme\/ghannouchi-mosquee-il-faut-corriger-les-concepts-djihad\/180128\/","name":"A la mosqu\u00e9e : Ghannouchi analyse Daech et le concept du djihad","isPartOf":{"@id":"https:\/\/www.webdo.tn\/fr\/#website"},"primaryImageOfPage":{"@id":"https:\/\/www.webdo.tn\/fr\/actualite\/terrorisme\/ghannouchi-mosquee-il-faut-corriger-les-concepts-djihad\/180128\/#primaryimage"},"image":{"@id":"https:\/\/www.webdo.tn\/fr\/actualite\/terrorisme\/ghannouchi-mosquee-il-faut-corriger-les-concepts-djihad\/180128\/#primaryimage"},"thumbnailUrl":"https:\/\/www.webdo.tn\/fr\/wp-content\/uploads\/2025\/06\/Rached-Ghonnouchi-a-la-mosquee_180128.jpg","datePublished":"2014-08-09T12:34:00+00:00","dateModified":"2025-05-22T13:07:38+00:00","description":"A la mosqu\u00e9e : Ghannouchi analyse Daech et le concept du djihad","breadcrumb":{"@id":"https:\/\/www.webdo.tn\/fr\/actualite\/terrorisme\/ghannouchi-mosquee-il-faut-corriger-les-concepts-djihad\/180128\/#breadcrumb"},"inLanguage":"fr-FR","potentialAction":[{"@type":"ReadAction","target":["https:\/\/www.webdo.tn\/fr\/actualite\/terrorisme\/ghannouchi-mosquee-il-faut-corriger-les-concepts-djihad\/180128\/"]}]},{"@type":"ImageObject","inLanguage":"fr-FR","@id":"https:\/\/www.webdo.tn\/fr\/actualite\/terrorisme\/ghannouchi-mosquee-il-faut-corriger-les-concepts-djihad\/180128\/#primaryimage","url":"https:\/\/www.webdo.tn\/fr\/wp-content\/uploads\/2025\/06\/Rached-Ghonnouchi-a-la-mosquee_180128.jpg","contentUrl":"https:\/\/www.webdo.tn\/fr\/wp-content\/uploads\/2025\/06\/Rached-Ghonnouchi-a-la-mosquee_180128.jpg","width":366,"height":200,"caption":"A la mosqu\u00e9e : Ghannouchi analyse Daech et le concept du djihad"},{"@type":"BreadcrumbList","@id":"https:\/\/www.webdo.tn\/fr\/actualite\/terrorisme\/ghannouchi-mosquee-il-faut-corriger-les-concepts-djihad\/180128\/#breadcrumb","itemListElement":[{"@type":"ListItem","position":1,"name":"Accueil","item":"https:\/\/www.webdo.tn\/fr\/"},{"@type":"ListItem","position":2,"name":"A la mosqu\u00e9e : Ghannouchi analyse Daech et le concept du djihad"}]},{"@type":"WebSite","@id":"https:\/\/www.webdo.tn\/fr\/#website","url":"https:\/\/www.webdo.tn\/fr\/","name":"webdo","description":"Tunisie - News en Tunisie et \u00e0 l&#039;international sur Webdo.tn","publisher":{"@id":"https:\/\/www.webdo.tn\/fr\/#organization"},"potentialAction":[{"@type":"SearchAction","target":{"@type":"EntryPoint","urlTemplate":"https:\/\/www.webdo.tn\/fr\/?s={search_term_string}"},"query-input":{"@type":"PropertyValueSpecification","valueRequired":true,"valueName":"search_term_string"}}],"inLanguage":"fr-FR"},{"@type":"Organization","@id":"https:\/\/www.webdo.tn\/fr\/#organization","name":"Webdo","alternateName":"Webdo.tn","url":"https:\/\/www.webdo.tn\/fr\/","logo":{"@type":"ImageObject","inLanguage":"fr-FR","@id":"https:\/\/www.webdo.tn\/fr\/#\/schema\/logo\/image\/","url":"https:\/\/www.webdo.tn\/fr\/wp-content\/uploads\/2025\/06\/Webdo-Tunisie_168377.jpg","contentUrl":"https:\/\/www.webdo.tn\/fr\/wp-content\/uploads\/2025\/06\/Webdo-Tunisie_168377.jpg","width":301,"height":301,"caption":"Webdo"},"image":{"@id":"https:\/\/www.webdo.tn\/fr\/#\/schema\/logo\/image\/"},"sameAs":["https:\/\/www.facebook.com\/webdotn","https:\/\/x.com\/webdo_tn"],"description":"Webdo est un m\u00e9dia num\u00e9rique tunisien fond\u00e9 en 2010, sp\u00e9cialis\u00e9 dans l\u2019actualit\u00e9 nationale et internationale, l\u2019\u00e9conomie, la soci\u00e9t\u00e9 et les analyses politiques. Le site s\u2019adresse \u00e0 un large public francophone et couvre l\u2019information tunisienne en temps r\u00e9el.","email":"redac@webdo.tn","legalName":"YNJ SARL","foundingDate":"2010-09-06","numberOfEmployees":{"@type":"QuantitativeValue","minValue":"11","maxValue":"50"}},{"@type":"Person","@id":"https:\/\/www.webdo.tn\/fr\/#\/schema\/person\/9a9c6118d687c117df8ef3cc36a4d175","name":"webdo.tn","image":{"@type":"ImageObject","inLanguage":"fr-FR","@id":"https:\/\/secure.gravatar.com\/avatar\/7ce1f28c0c3bbac99ff550b85ef8e44a6950c6ee24514fb6a5489e51d06f0298?s=96&d=mm&r=g","url":"https:\/\/secure.gravatar.com\/avatar\/7ce1f28c0c3bbac99ff550b85ef8e44a6950c6ee24514fb6a5489e51d06f0298?s=96&d=mm&r=g","contentUrl":"https:\/\/secure.gravatar.com\/avatar\/7ce1f28c0c3bbac99ff550b85ef8e44a6950c6ee24514fb6a5489e51d06f0298?s=96&d=mm&r=g","caption":"webdo.tn"},"url":"https:\/\/www.webdo.tn\/fr\/actualite\/author\/webdotn\/"}]}},"_links":{"self":[{"href":"https:\/\/www.webdo.tn\/fr\/wp-json\/wp\/v2\/posts\/180128","targetHints":{"allow":["GET"]}}],"collection":[{"href":"https:\/\/www.webdo.tn\/fr\/wp-json\/wp\/v2\/posts"}],"about":[{"href":"https:\/\/www.webdo.tn\/fr\/wp-json\/wp\/v2\/types\/post"}],"author":[{"embeddable":true,"href":"https:\/\/www.webdo.tn\/fr\/wp-json\/wp\/v2\/users\/3222"}],"replies":[{"embeddable":true,"href":"https:\/\/www.webdo.tn\/fr\/wp-json\/wp\/v2\/comments?post=180128"}],"version-history":[{"count":0,"href":"https:\/\/www.webdo.tn\/fr\/wp-json\/wp\/v2\/posts\/180128\/revisions"}],"wp:featuredmedia":[{"embeddable":true,"href":"https:\/\/www.webdo.tn\/fr\/wp-json\/wp\/v2\/media\/373729"}],"wp:attachment":[{"href":"https:\/\/www.webdo.tn\/fr\/wp-json\/wp\/v2\/media?parent=180128"}],"wp:term":[{"taxonomy":"category","embeddable":true,"href":"https:\/\/www.webdo.tn\/fr\/wp-json\/wp\/v2\/categories?post=180128"},{"taxonomy":"post_tag","embeddable":true,"href":"https:\/\/www.webdo.tn\/fr\/wp-json\/wp\/v2\/tags?post=180128"}],"curies":[{"name":"wp","href":"https:\/\/api.w.org\/{rel}","templated":true}]}}