{"id":180125,"date":"2014-08-11T17:36:00","date_gmt":"2014-08-11T17:36:00","guid":{"rendered":"https:\/\/www.webdo.tn\/fr\/blog\/depute-denonce-interventions-au-sein-ministeres-liberer-terroristes\/180125\/"},"modified":"2025-05-22T13:07:20","modified_gmt":"2025-05-22T13:07:20","slug":"depute-denonce-interventions-au-sein-ministeres-liberer-terroristes","status":"publish","type":"post","link":"https:\/\/www.webdo.tn\/fr\/actualite\/terrorisme\/depute-denonce-interventions-au-sein-ministeres-liberer-terroristes\/180125\/","title":{"rendered":"Un d\u00e9put\u00e9 d\u00e9nonce des \u00ab\u00a0interventions\u00a0\u00bb au sein des minist\u00e8res pour lib\u00e9rer des terroristes"},"content":{"rendered":"<p>TERRORISME | Le d\u00e9put\u00e9 ind\u00e9pendant Mohamed Ali Nasri (ex Congr\u00e8s pour la R\u00e9publique et ex Nidaa Toun\u00e8s) a d\u00e9nonc\u00e9, ce lundi 11 ao\u00fbt, au sein de l&rsquo;Assembl\u00e9e nationale, les interventions que m\u00e8neraient certaines personnes pour lib\u00e9rer des terroristes, et ce, au niveau des minist\u00e8res, a-t-il accus\u00e9.<br \/>\nMohamed Ali Nasri \u00ab\u00a0Il y a des gens qui interviennent pour lib\u00e9rer des terroristes, au niveau m\u00eame des minist\u00e8res\u00a0\u00bb #TnAC #Terrorisme<\/p>\n<p>\u2014 AlBawsala (@AlBawsalaTN) 11 Ao\u00fbt 2014<\/p>\n<p>Notons que cette intervention de Mohamed Ali Nasri a \u00e9t\u00e9 faite, il y a de cela quelques minutes, lors de la s\u00e9ance pl\u00e9ni\u00e8re consacr\u00e9e \u00e0 l&rsquo;examen du projet de loi sur la lutte contre les crimes terroristes et l&rsquo;interdiction du blanchiment d&rsquo;argent.<\/p>\n<p>[D&rsquo;apr\u00e8s Al Bawsala]<\/p>\n","protected":false},"excerpt":{"rendered":"<p>Un d\u00e9put\u00e9 d\u00e9nonce des  interventions  au sein des minist\u00e8res pour lib\u00e9rer des terroristes<\/p>\n","protected":false},"author":3222,"featured_media":320676,"comment_status":"open","ping_status":"closed","sticky":false,"template":"","format":"standard","meta":{"footnotes":""},"categories":[11342],"tags":[],"class_list":["post-180125","post","type-post","status-publish","format-standard","has-post-thumbnail","hentry","category-terrorisme"],"yoast_head":"<!-- This site is optimized with the Yoast SEO Premium plugin v27.5 (Yoast SEO v27.5) - https:\/\/yoast.com\/product\/yoast-seo-premium-wordpress\/ -->\n<title>Un d\u00e9put\u00e9 d\u00e9nonce des interventions au sein des minist\u00e8res pour lib\u00e9rer des terroristes<\/title>\n<meta name=\"description\" content=\"Un d\u00e9put\u00e9 d\u00e9nonce des interventions au sein des minist\u00e8res pour lib\u00e9rer des terroristes\" \/>\n<link rel=\"canonical\" href=\"https:\/\/www.webdo.tn\/fr\/actualite\/terrorisme\/depute-denonce-interventions-au-sein-ministeres-liberer-terroristes\/180125\/\" \/>\n<meta property=\"og:locale\" content=\"fr_FR\" \/>\n<meta property=\"og:type\" content=\"article\" \/>\n<meta property=\"og:title\" content=\"Un d\u00e9put\u00e9 d\u00e9nonce des &quot;interventions&quot; au sein des minist\u00e8res pour lib\u00e9rer des terroristes\" \/>\n<meta property=\"og:description\" content=\"Un d\u00e9put\u00e9 d\u00e9nonce des interventions au sein des minist\u00e8res pour lib\u00e9rer des terroristes\" \/>\n<meta property=\"og:url\" content=\"https:\/\/www.webdo.tn\/fr\/actualite\/terrorisme\/depute-denonce-interventions-au-sein-ministeres-liberer-terroristes\/180125\/\" \/>\n<meta property=\"og:site_name\" content=\"webdo\" \/>\n<meta property=\"article:publisher\" content=\"https:\/\/www.facebook.com\/webdotn\" \/>\n<meta property=\"article:published_time\" content=\"2014-08-11T17:36:00+00:00\" \/>\n<meta property=\"article:modified_time\" content=\"2025-05-22T13:07:20+00:00\" \/>\n<meta property=\"og:image\" content=\"https:\/\/www.webdo.tn\/fr\/wp-content\/uploads\/2014\/08\/Mohamed_Ali_Nasri.jpg\" \/>\n\t<meta property=\"og:image:width\" content=\"240\" \/>\n\t<meta property=\"og:image:height\" content=\"240\" \/>\n\t<meta property=\"og:image:type\" content=\"image\/jpeg\" \/>\n<meta name=\"author\" content=\"webdo.tn\" \/>\n<meta name=\"twitter:card\" content=\"summary_large_image\" \/>\n<meta name=\"twitter:creator\" content=\"@webdo_tn\" \/>\n<meta name=\"twitter:site\" content=\"@webdo_tn\" \/>\n<meta name=\"twitter:label1\" content=\"\u00c9crit par\" \/>\n\t<meta name=\"twitter:data1\" content=\"webdo.tn\" \/>\n\t<meta name=\"twitter:label2\" content=\"Dur\u00e9e de lecture estim\u00e9e\" \/>\n\t<meta name=\"twitter:data2\" content=\"1 minute\" \/>\n<script type=\"application\/ld+json\" class=\"yoast-schema-graph\">{\"@context\":\"https:\\\/\\\/schema.org\",\"@graph\":[{\"@type\":\"NewsArticle\",\"@id\":\"https:\\\/\\\/www.webdo.tn\\\/fr\\\/actualite\\\/terrorisme\\\/depute-denonce-interventions-au-sein-ministeres-liberer-terroristes\\\/180125\\\/#article\",\"isPartOf\":{\"@id\":\"https:\\\/\\\/www.webdo.tn\\\/fr\\\/actualite\\\/terrorisme\\\/depute-denonce-interventions-au-sein-ministeres-liberer-terroristes\\\/180125\\\/\"},\"author\":{\"name\":\"webdo.tn\",\"@id\":\"https:\\\/\\\/www.webdo.tn\\\/fr\\\/#\\\/schema\\\/person\\\/9a9c6118d687c117df8ef3cc36a4d175\"},\"headline\":\"Un d\u00e9put\u00e9 d\u00e9nonce des \u00ab\u00a0interventions\u00a0\u00bb au sein des minist\u00e8res pour lib\u00e9rer des terroristes\",\"datePublished\":\"2014-08-11T17:36:00+00:00\",\"dateModified\":\"2025-05-22T13:07:20+00:00\",\"mainEntityOfPage\":{\"@id\":\"https:\\\/\\\/www.webdo.tn\\\/fr\\\/actualite\\\/terrorisme\\\/depute-denonce-interventions-au-sein-ministeres-liberer-terroristes\\\/180125\\\/\"},\"wordCount\":154,\"commentCount\":0,\"publisher\":{\"@id\":\"https:\\\/\\\/www.webdo.tn\\\/fr\\\/#organization\"},\"image\":{\"@id\":\"https:\\\/\\\/www.webdo.tn\\\/fr\\\/actualite\\\/terrorisme\\\/depute-denonce-interventions-au-sein-ministeres-liberer-terroristes\\\/180125\\\/#primaryimage\"},\"thumbnailUrl\":\"https:\\\/\\\/www.webdo.tn\\\/fr\\\/wp-content\\\/uploads\\\/2014\\\/08\\\/Mohamed_Ali_Nasri.jpg\",\"articleSection\":[\"Terrorisme\"],\"inLanguage\":\"fr-FR\"},{\"@type\":\"WebPage\",\"@id\":\"https:\\\/\\\/www.webdo.tn\\\/fr\\\/actualite\\\/terrorisme\\\/depute-denonce-interventions-au-sein-ministeres-liberer-terroristes\\\/180125\\\/\",\"url\":\"https:\\\/\\\/www.webdo.tn\\\/fr\\\/actualite\\\/terrorisme\\\/depute-denonce-interventions-au-sein-ministeres-liberer-terroristes\\\/180125\\\/\",\"name\":\"Un d\u00e9put\u00e9 d\u00e9nonce des interventions au sein des minist\u00e8res pour lib\u00e9rer des terroristes\",\"isPartOf\":{\"@id\":\"https:\\\/\\\/www.webdo.tn\\\/fr\\\/#website\"},\"primaryImageOfPage\":{\"@id\":\"https:\\\/\\\/www.webdo.tn\\\/fr\\\/actualite\\\/terrorisme\\\/depute-denonce-interventions-au-sein-ministeres-liberer-terroristes\\\/180125\\\/#primaryimage\"},\"image\":{\"@id\":\"https:\\\/\\\/www.webdo.tn\\\/fr\\\/actualite\\\/terrorisme\\\/depute-denonce-interventions-au-sein-ministeres-liberer-terroristes\\\/180125\\\/#primaryimage\"},\"thumbnailUrl\":\"https:\\\/\\\/www.webdo.tn\\\/fr\\\/wp-content\\\/uploads\\\/2014\\\/08\\\/Mohamed_Ali_Nasri.jpg\",\"datePublished\":\"2014-08-11T17:36:00+00:00\",\"dateModified\":\"2025-05-22T13:07:20+00:00\",\"description\":\"Un d\u00e9put\u00e9 d\u00e9nonce des interventions au sein des minist\u00e8res pour lib\u00e9rer des terroristes\",\"breadcrumb\":{\"@id\":\"https:\\\/\\\/www.webdo.tn\\\/fr\\\/actualite\\\/terrorisme\\\/depute-denonce-interventions-au-sein-ministeres-liberer-terroristes\\\/180125\\\/#breadcrumb\"},\"inLanguage\":\"fr-FR\",\"potentialAction\":[{\"@type\":\"ReadAction\",\"target\":[\"https:\\\/\\\/www.webdo.tn\\\/fr\\\/actualite\\\/terrorisme\\\/depute-denonce-interventions-au-sein-ministeres-liberer-terroristes\\\/180125\\\/\"]}]},{\"@type\":\"ImageObject\",\"inLanguage\":\"fr-FR\",\"@id\":\"https:\\\/\\\/www.webdo.tn\\\/fr\\\/actualite\\\/terrorisme\\\/depute-denonce-interventions-au-sein-ministeres-liberer-terroristes\\\/180125\\\/#primaryimage\",\"url\":\"https:\\\/\\\/www.webdo.tn\\\/fr\\\/wp-content\\\/uploads\\\/2014\\\/08\\\/Mohamed_Ali_Nasri.jpg\",\"contentUrl\":\"https:\\\/\\\/www.webdo.tn\\\/fr\\\/wp-content\\\/uploads\\\/2014\\\/08\\\/Mohamed_Ali_Nasri.jpg\",\"width\":240,\"height\":240,\"caption\":\"Un d\u00e9put\u00e9 d\u00e9nonce des \\\"interventions\\\" au sein des minist\u00e8res pour lib\u00e9rer des terroristes\"},{\"@type\":\"BreadcrumbList\",\"@id\":\"https:\\\/\\\/www.webdo.tn\\\/fr\\\/actualite\\\/terrorisme\\\/depute-denonce-interventions-au-sein-ministeres-liberer-terroristes\\\/180125\\\/#breadcrumb\",\"itemListElement\":[{\"@type\":\"ListItem\",\"position\":1,\"name\":\"Accueil\",\"item\":\"https:\\\/\\\/www.webdo.tn\\\/fr\\\/\"},{\"@type\":\"ListItem\",\"position\":2,\"name\":\"Un d\u00e9put\u00e9 d\u00e9nonce des \u00ab\u00a0interventions\u00a0\u00bb au sein des minist\u00e8res pour lib\u00e9rer des terroristes\"}]},{\"@type\":\"WebSite\",\"@id\":\"https:\\\/\\\/www.webdo.tn\\\/fr\\\/#website\",\"url\":\"https:\\\/\\\/www.webdo.tn\\\/fr\\\/\",\"name\":\"webdo\",\"description\":\"Tunisie - News en Tunisie et \u00e0 l&#039;international sur Webdo.tn\",\"publisher\":{\"@id\":\"https:\\\/\\\/www.webdo.tn\\\/fr\\\/#organization\"},\"potentialAction\":[{\"@type\":\"SearchAction\",\"target\":{\"@type\":\"EntryPoint\",\"urlTemplate\":\"https:\\\/\\\/www.webdo.tn\\\/fr\\\/?s={search_term_string}\"},\"query-input\":{\"@type\":\"PropertyValueSpecification\",\"valueRequired\":true,\"valueName\":\"search_term_string\"}}],\"inLanguage\":\"fr-FR\"},{\"@type\":\"Organization\",\"@id\":\"https:\\\/\\\/www.webdo.tn\\\/fr\\\/#organization\",\"name\":\"Webdo\",\"alternateName\":\"Webdo.tn\",\"url\":\"https:\\\/\\\/www.webdo.tn\\\/fr\\\/\",\"logo\":{\"@type\":\"ImageObject\",\"inLanguage\":\"fr-FR\",\"@id\":\"https:\\\/\\\/www.webdo.tn\\\/fr\\\/#\\\/schema\\\/logo\\\/image\\\/\",\"url\":\"https:\\\/\\\/www.webdo.tn\\\/fr\\\/wp-content\\\/uploads\\\/2025\\\/06\\\/Webdo-Tunisie_168377.jpg\",\"contentUrl\":\"https:\\\/\\\/www.webdo.tn\\\/fr\\\/wp-content\\\/uploads\\\/2025\\\/06\\\/Webdo-Tunisie_168377.jpg\",\"width\":301,\"height\":301,\"caption\":\"Webdo\"},\"image\":{\"@id\":\"https:\\\/\\\/www.webdo.tn\\\/fr\\\/#\\\/schema\\\/logo\\\/image\\\/\"},\"sameAs\":[\"https:\\\/\\\/www.facebook.com\\\/webdotn\",\"https:\\\/\\\/x.com\\\/webdo_tn\"],\"description\":\"Webdo est un m\u00e9dia num\u00e9rique tunisien fond\u00e9 en 2010, sp\u00e9cialis\u00e9 dans l\u2019actualit\u00e9 nationale et internationale, l\u2019\u00e9conomie, la soci\u00e9t\u00e9 et les analyses politiques. Le site s\u2019adresse \u00e0 un large public francophone et couvre l\u2019information tunisienne en temps r\u00e9el.\",\"email\":\"redac@webdo.tn\",\"legalName\":\"YNJ SARL\",\"foundingDate\":\"2010-09-06\",\"numberOfEmployees\":{\"@type\":\"QuantitativeValue\",\"minValue\":\"11\",\"maxValue\":\"50\"}},{\"@type\":\"Person\",\"@id\":\"https:\\\/\\\/www.webdo.tn\\\/fr\\\/#\\\/schema\\\/person\\\/9a9c6118d687c117df8ef3cc36a4d175\",\"name\":\"webdo.tn\",\"image\":{\"@type\":\"ImageObject\",\"inLanguage\":\"fr-FR\",\"@id\":\"https:\\\/\\\/secure.gravatar.com\\\/avatar\\\/7ce1f28c0c3bbac99ff550b85ef8e44a6950c6ee24514fb6a5489e51d06f0298?s=96&d=mm&r=g\",\"url\":\"https:\\\/\\\/secure.gravatar.com\\\/avatar\\\/7ce1f28c0c3bbac99ff550b85ef8e44a6950c6ee24514fb6a5489e51d06f0298?s=96&d=mm&r=g\",\"contentUrl\":\"https:\\\/\\\/secure.gravatar.com\\\/avatar\\\/7ce1f28c0c3bbac99ff550b85ef8e44a6950c6ee24514fb6a5489e51d06f0298?s=96&d=mm&r=g\",\"caption\":\"webdo.tn\"},\"url\":\"https:\\\/\\\/www.webdo.tn\\\/fr\\\/actualite\\\/author\\\/webdotn\\\/\"}]}<\/script>\n<!-- \/ Yoast SEO Premium plugin. -->","yoast_head_json":{"title":"Un d\u00e9put\u00e9 d\u00e9nonce des interventions au sein des minist\u00e8res pour lib\u00e9rer des terroristes","description":"Un d\u00e9put\u00e9 d\u00e9nonce des interventions au sein des minist\u00e8res pour lib\u00e9rer des terroristes","canonical":"https:\/\/www.webdo.tn\/fr\/actualite\/terrorisme\/depute-denonce-interventions-au-sein-ministeres-liberer-terroristes\/180125\/","og_locale":"fr_FR","og_type":"article","og_title":"Un d\u00e9put\u00e9 d\u00e9nonce des \"interventions\" au sein des minist\u00e8res pour lib\u00e9rer des terroristes","og_description":"Un d\u00e9put\u00e9 d\u00e9nonce des interventions au sein des minist\u00e8res pour lib\u00e9rer des terroristes","og_url":"https:\/\/www.webdo.tn\/fr\/actualite\/terrorisme\/depute-denonce-interventions-au-sein-ministeres-liberer-terroristes\/180125\/","og_site_name":"webdo","article_publisher":"https:\/\/www.facebook.com\/webdotn","article_published_time":"2014-08-11T17:36:00+00:00","article_modified_time":"2025-05-22T13:07:20+00:00","og_image":[{"width":240,"height":240,"url":"https:\/\/www.webdo.tn\/fr\/wp-content\/uploads\/2014\/08\/Mohamed_Ali_Nasri.jpg","type":"image\/jpeg"}],"author":"webdo.tn","twitter_card":"summary_large_image","twitter_creator":"@webdo_tn","twitter_site":"@webdo_tn","twitter_misc":{"\u00c9crit par":"webdo.tn","Dur\u00e9e de lecture estim\u00e9e":"1 minute"},"schema":{"@context":"https:\/\/schema.org","@graph":[{"@type":"NewsArticle","@id":"https:\/\/www.webdo.tn\/fr\/actualite\/terrorisme\/depute-denonce-interventions-au-sein-ministeres-liberer-terroristes\/180125\/#article","isPartOf":{"@id":"https:\/\/www.webdo.tn\/fr\/actualite\/terrorisme\/depute-denonce-interventions-au-sein-ministeres-liberer-terroristes\/180125\/"},"author":{"name":"webdo.tn","@id":"https:\/\/www.webdo.tn\/fr\/#\/schema\/person\/9a9c6118d687c117df8ef3cc36a4d175"},"headline":"Un d\u00e9put\u00e9 d\u00e9nonce des \u00ab\u00a0interventions\u00a0\u00bb au sein des minist\u00e8res pour lib\u00e9rer des terroristes","datePublished":"2014-08-11T17:36:00+00:00","dateModified":"2025-05-22T13:07:20+00:00","mainEntityOfPage":{"@id":"https:\/\/www.webdo.tn\/fr\/actualite\/terrorisme\/depute-denonce-interventions-au-sein-ministeres-liberer-terroristes\/180125\/"},"wordCount":154,"commentCount":0,"publisher":{"@id":"https:\/\/www.webdo.tn\/fr\/#organization"},"image":{"@id":"https:\/\/www.webdo.tn\/fr\/actualite\/terrorisme\/depute-denonce-interventions-au-sein-ministeres-liberer-terroristes\/180125\/#primaryimage"},"thumbnailUrl":"https:\/\/www.webdo.tn\/fr\/wp-content\/uploads\/2014\/08\/Mohamed_Ali_Nasri.jpg","articleSection":["Terrorisme"],"inLanguage":"fr-FR"},{"@type":"WebPage","@id":"https:\/\/www.webdo.tn\/fr\/actualite\/terrorisme\/depute-denonce-interventions-au-sein-ministeres-liberer-terroristes\/180125\/","url":"https:\/\/www.webdo.tn\/fr\/actualite\/terrorisme\/depute-denonce-interventions-au-sein-ministeres-liberer-terroristes\/180125\/","name":"Un d\u00e9put\u00e9 d\u00e9nonce des interventions au sein des minist\u00e8res pour lib\u00e9rer des terroristes","isPartOf":{"@id":"https:\/\/www.webdo.tn\/fr\/#website"},"primaryImageOfPage":{"@id":"https:\/\/www.webdo.tn\/fr\/actualite\/terrorisme\/depute-denonce-interventions-au-sein-ministeres-liberer-terroristes\/180125\/#primaryimage"},"image":{"@id":"https:\/\/www.webdo.tn\/fr\/actualite\/terrorisme\/depute-denonce-interventions-au-sein-ministeres-liberer-terroristes\/180125\/#primaryimage"},"thumbnailUrl":"https:\/\/www.webdo.tn\/fr\/wp-content\/uploads\/2014\/08\/Mohamed_Ali_Nasri.jpg","datePublished":"2014-08-11T17:36:00+00:00","dateModified":"2025-05-22T13:07:20+00:00","description":"Un d\u00e9put\u00e9 d\u00e9nonce des interventions au sein des minist\u00e8res pour lib\u00e9rer des terroristes","breadcrumb":{"@id":"https:\/\/www.webdo.tn\/fr\/actualite\/terrorisme\/depute-denonce-interventions-au-sein-ministeres-liberer-terroristes\/180125\/#breadcrumb"},"inLanguage":"fr-FR","potentialAction":[{"@type":"ReadAction","target":["https:\/\/www.webdo.tn\/fr\/actualite\/terrorisme\/depute-denonce-interventions-au-sein-ministeres-liberer-terroristes\/180125\/"]}]},{"@type":"ImageObject","inLanguage":"fr-FR","@id":"https:\/\/www.webdo.tn\/fr\/actualite\/terrorisme\/depute-denonce-interventions-au-sein-ministeres-liberer-terroristes\/180125\/#primaryimage","url":"https:\/\/www.webdo.tn\/fr\/wp-content\/uploads\/2014\/08\/Mohamed_Ali_Nasri.jpg","contentUrl":"https:\/\/www.webdo.tn\/fr\/wp-content\/uploads\/2014\/08\/Mohamed_Ali_Nasri.jpg","width":240,"height":240,"caption":"Un d\u00e9put\u00e9 d\u00e9nonce des \"interventions\" au sein des minist\u00e8res pour lib\u00e9rer des terroristes"},{"@type":"BreadcrumbList","@id":"https:\/\/www.webdo.tn\/fr\/actualite\/terrorisme\/depute-denonce-interventions-au-sein-ministeres-liberer-terroristes\/180125\/#breadcrumb","itemListElement":[{"@type":"ListItem","position":1,"name":"Accueil","item":"https:\/\/www.webdo.tn\/fr\/"},{"@type":"ListItem","position":2,"name":"Un d\u00e9put\u00e9 d\u00e9nonce des \u00ab\u00a0interventions\u00a0\u00bb au sein des minist\u00e8res pour lib\u00e9rer des terroristes"}]},{"@type":"WebSite","@id":"https:\/\/www.webdo.tn\/fr\/#website","url":"https:\/\/www.webdo.tn\/fr\/","name":"webdo","description":"Tunisie - News en Tunisie et \u00e0 l&#039;international sur Webdo.tn","publisher":{"@id":"https:\/\/www.webdo.tn\/fr\/#organization"},"potentialAction":[{"@type":"SearchAction","target":{"@type":"EntryPoint","urlTemplate":"https:\/\/www.webdo.tn\/fr\/?s={search_term_string}"},"query-input":{"@type":"PropertyValueSpecification","valueRequired":true,"valueName":"search_term_string"}}],"inLanguage":"fr-FR"},{"@type":"Organization","@id":"https:\/\/www.webdo.tn\/fr\/#organization","name":"Webdo","alternateName":"Webdo.tn","url":"https:\/\/www.webdo.tn\/fr\/","logo":{"@type":"ImageObject","inLanguage":"fr-FR","@id":"https:\/\/www.webdo.tn\/fr\/#\/schema\/logo\/image\/","url":"https:\/\/www.webdo.tn\/fr\/wp-content\/uploads\/2025\/06\/Webdo-Tunisie_168377.jpg","contentUrl":"https:\/\/www.webdo.tn\/fr\/wp-content\/uploads\/2025\/06\/Webdo-Tunisie_168377.jpg","width":301,"height":301,"caption":"Webdo"},"image":{"@id":"https:\/\/www.webdo.tn\/fr\/#\/schema\/logo\/image\/"},"sameAs":["https:\/\/www.facebook.com\/webdotn","https:\/\/x.com\/webdo_tn"],"description":"Webdo est un m\u00e9dia num\u00e9rique tunisien fond\u00e9 en 2010, sp\u00e9cialis\u00e9 dans l\u2019actualit\u00e9 nationale et internationale, l\u2019\u00e9conomie, la soci\u00e9t\u00e9 et les analyses politiques. Le site s\u2019adresse \u00e0 un large public francophone et couvre l\u2019information tunisienne en temps r\u00e9el.","email":"redac@webdo.tn","legalName":"YNJ SARL","foundingDate":"2010-09-06","numberOfEmployees":{"@type":"QuantitativeValue","minValue":"11","maxValue":"50"}},{"@type":"Person","@id":"https:\/\/www.webdo.tn\/fr\/#\/schema\/person\/9a9c6118d687c117df8ef3cc36a4d175","name":"webdo.tn","image":{"@type":"ImageObject","inLanguage":"fr-FR","@id":"https:\/\/secure.gravatar.com\/avatar\/7ce1f28c0c3bbac99ff550b85ef8e44a6950c6ee24514fb6a5489e51d06f0298?s=96&d=mm&r=g","url":"https:\/\/secure.gravatar.com\/avatar\/7ce1f28c0c3bbac99ff550b85ef8e44a6950c6ee24514fb6a5489e51d06f0298?s=96&d=mm&r=g","contentUrl":"https:\/\/secure.gravatar.com\/avatar\/7ce1f28c0c3bbac99ff550b85ef8e44a6950c6ee24514fb6a5489e51d06f0298?s=96&d=mm&r=g","caption":"webdo.tn"},"url":"https:\/\/www.webdo.tn\/fr\/actualite\/author\/webdotn\/"}]}},"_links":{"self":[{"href":"https:\/\/www.webdo.tn\/fr\/wp-json\/wp\/v2\/posts\/180125","targetHints":{"allow":["GET"]}}],"collection":[{"href":"https:\/\/www.webdo.tn\/fr\/wp-json\/wp\/v2\/posts"}],"about":[{"href":"https:\/\/www.webdo.tn\/fr\/wp-json\/wp\/v2\/types\/post"}],"author":[{"embeddable":true,"href":"https:\/\/www.webdo.tn\/fr\/wp-json\/wp\/v2\/users\/3222"}],"replies":[{"embeddable":true,"href":"https:\/\/www.webdo.tn\/fr\/wp-json\/wp\/v2\/comments?post=180125"}],"version-history":[{"count":0,"href":"https:\/\/www.webdo.tn\/fr\/wp-json\/wp\/v2\/posts\/180125\/revisions"}],"wp:featuredmedia":[{"embeddable":true,"href":"https:\/\/www.webdo.tn\/fr\/wp-json\/wp\/v2\/media\/320676"}],"wp:attachment":[{"href":"https:\/\/www.webdo.tn\/fr\/wp-json\/wp\/v2\/media?parent=180125"}],"wp:term":[{"taxonomy":"category","embeddable":true,"href":"https:\/\/www.webdo.tn\/fr\/wp-json\/wp\/v2\/categories?post=180125"},{"taxonomy":"post_tag","embeddable":true,"href":"https:\/\/www.webdo.tn\/fr\/wp-json\/wp\/v2\/tags?post=180125"}],"curies":[{"name":"wp","href":"https:\/\/api.w.org\/{rel}","templated":true}]}}