{"id":180124,"date":"2014-08-11T18:35:00","date_gmt":"2014-08-11T18:35:00","guid":{"rendered":"https:\/\/www.webdo.tn\/fr\/blog\/abderraouf-ayadi-defend-bec-et-ongles-les-droits-des-presumes-terroristes\/184729\/"},"modified":"2025-05-22T13:07:22","modified_gmt":"2025-05-22T13:07:22","slug":"abderraouf-ayadi-defend-bec-et-ongles-les-droits-des-presumes-terroristes","status":"publish","type":"post","link":"https:\/\/www.webdo.tn\/fr\/actualite\/terrorisme\/abderraouf-ayadi-defend-bec-et-ongles-les-droits-des-presumes-terroristes\/180124\/","title":{"rendered":"Abderraouf Ayadi d\u00e9fend bec et ongles les droits des pr\u00e9sum\u00e9s terroristes"},"content":{"rendered":"<p>ASSEMBLE\u00a0| Abderraouf Ayadi, d\u00e9put\u00e9 du Mouvement Wafa, s&rsquo;est \u00e9lev\u00e9, ce lundi 11 ao\u00fbt, contre les m\u00e9dias qui,\u00a0pr\u00e9cipitamment, accusent de terrorisme des personnes arr\u00eat\u00e9es.<br \/>\nA.Ayadi \u00ab\u00a0Des m\u00e9dias qualifient directement de terroristes des personnes avec des barbes sans qu&rsquo;elles soient jug\u00e9es\u00a0\u00bb #TnAC #Terrorisme<\/p>\n<p>\u2014 AlBawsala (@AlBawsalaTN) 11 Ao\u00fbt 2014<br \/>\n\u00ab\u00a0Ceux ne sont pas les m\u00e9dias qui jugent qui est terroriste et qui ne l&rsquo;est pas. C&rsquo;est le r\u00f4le de la justice\u00a0\u00bb, s&rsquo;est indign\u00e9 Abderraouf Ayadi contre les atteintes \u00e0 la pr\u00e9somption d&rsquo;innocence.<\/p>\n<p>Il a rappel\u00e9, par ailleurs, que le principe de la l\u00e9galit\u00e9 des d\u00e9lits et des peines exige une d\u00e9finition du crime terroriste. Il a d\u00e9plor\u00e9, \u00e0 ce titre, l&rsquo;absence d&rsquo;une telle d\u00e9finition dans le projet de loi sur la lutte contre les crimes terroristes et l&rsquo;interdiction du blanchiment d&rsquo;argent.<\/p>\n<p>\u00ab\u00a0Instaurez la justice\u00a0\u00bb, a-t-il martel\u00e9, en s&rsquo;adressant \u00e0 Hafedh Ben Salah, ministre de la Justice, des Droits de l&rsquo;Homme et de la Justice transitionnelle.<\/p>\n<p>A.Ayadi \u00ab\u00a0Ce n&rsquo;est pas le texte de la loi qui met fin au terrorisme mais l&rsquo;instauration de la justice\u00a0\u00bb #TnAC #Terrorisme<\/p>\n<p>\u2014 AlBawsala (@AlBawsalaTN) 11 Ao\u00fbt 2014<\/p>\n<p>Il s&rsquo;est appuy\u00e9, ainsi, sur les injustices qu&rsquo;a provoqu\u00e9es la loi du 10 d\u00e9cembre 2003 relative \u00e0 la lutte contre le terrorisme et la r\u00e9pression du blanchiment d&rsquo;argent.<br \/>\nA.Ayadi \u00ab\u00a0Des gens ont \u00e9t\u00e9 d\u00e9truits avec cette loi. Est ce qu&rsquo;il y a eu r\u00e9forme de la justice ? du corps s\u00e9curitaire ? Non\u00a0\u00bb #TnAC #Terrorisme<\/p>\n<p>\u2014 AlBawsala (@AlBawsalaTN) 11 Ao\u00fbt 2014<br \/>\nAyadi a soutenu, \u00e9galement, que ce projet de loi ne traite que des crimes terroristes commis par un individu ou par des groupes, occultant le terrorisme d\u2019\u00c9tat.<\/p>\n<p>A.Ayadi \u00ab\u00a0Oui il y a le terrorisme des individus, mais il y a aussi le terrorisme de l&rsquo;Etat qui n&rsquo;a pas \u00e9t\u00e9 \u00e9voqu\u00e9 par ce projet\u00a0\u00bb #TnAC \u2014 AlBawsala (@AlBawsalaTN) 11 Ao\u00fbt 2014<\/p>\n","protected":false},"excerpt":{"rendered":"<p>Abderraouf Ayadi d\u00e9fend bec et ongles les droits des pr\u00e9sum\u00e9s terroristes <\/p>\n","protected":false},"author":3222,"featured_media":320681,"comment_status":"open","ping_status":"closed","sticky":false,"template":"","format":"standard","meta":{"footnotes":""},"categories":[11342],"tags":[],"class_list":["post-180124","post","type-post","status-publish","format-standard","has-post-thumbnail","hentry","category-terrorisme"],"yoast_head":"<!-- This site is optimized with the Yoast SEO Premium plugin v27.5 (Yoast SEO v27.5) - https:\/\/yoast.com\/product\/yoast-seo-premium-wordpress\/ -->\n<title>Abderraouf Ayadi d\u00e9fend bec et ongles les droits des pr\u00e9sum\u00e9s terroristes<\/title>\n<meta name=\"description\" content=\"Abderraouf Ayadi d\u00e9fend bec et ongles les droits des pr\u00e9sum\u00e9s terroristes\" \/>\n<link rel=\"canonical\" href=\"https:\/\/www.webdo.tn\/fr\/actualite\/terrorisme\/abderraouf-ayadi-defend-bec-et-ongles-les-droits-des-presumes-terroristes\/180124\/\" \/>\n<meta property=\"og:locale\" content=\"fr_FR\" \/>\n<meta property=\"og:type\" content=\"article\" \/>\n<meta property=\"og:title\" content=\"Abderraouf Ayadi d\u00e9fend bec et ongles les droits des pr\u00e9sum\u00e9s terroristes\" \/>\n<meta property=\"og:description\" content=\"Abderraouf Ayadi d\u00e9fend bec et ongles les droits des pr\u00e9sum\u00e9s terroristes\" \/>\n<meta property=\"og:url\" content=\"https:\/\/www.webdo.tn\/fr\/actualite\/terrorisme\/abderraouf-ayadi-defend-bec-et-ongles-les-droits-des-presumes-terroristes\/180124\/\" \/>\n<meta property=\"og:site_name\" content=\"webdo\" \/>\n<meta property=\"article:publisher\" content=\"https:\/\/www.facebook.com\/webdotn\" \/>\n<meta property=\"article:published_time\" content=\"2014-08-11T18:35:00+00:00\" \/>\n<meta property=\"article:modified_time\" content=\"2025-05-22T13:07:22+00:00\" \/>\n<meta property=\"og:image\" content=\"https:\/\/www.webdo.tn\/fr\/wp-content\/uploads\/2014\/08\/Abderraouf-Ayadi.jpg\" \/>\n\t<meta property=\"og:image:width\" content=\"600\" \/>\n\t<meta property=\"og:image:height\" content=\"277\" \/>\n\t<meta property=\"og:image:type\" content=\"image\/jpeg\" \/>\n<meta name=\"author\" content=\"webdo.tn\" \/>\n<meta name=\"twitter:card\" content=\"summary_large_image\" \/>\n<meta name=\"twitter:creator\" content=\"@webdo_tn\" \/>\n<meta name=\"twitter:site\" content=\"@webdo_tn\" \/>\n<meta name=\"twitter:label1\" content=\"\u00c9crit par\" \/>\n\t<meta name=\"twitter:data1\" content=\"webdo.tn\" \/>\n\t<meta name=\"twitter:label2\" content=\"Dur\u00e9e de lecture estim\u00e9e\" \/>\n\t<meta name=\"twitter:data2\" content=\"2 minutes\" \/>\n<script type=\"application\/ld+json\" class=\"yoast-schema-graph\">{\"@context\":\"https:\\\/\\\/schema.org\",\"@graph\":[{\"@type\":\"NewsArticle\",\"@id\":\"https:\\\/\\\/www.webdo.tn\\\/fr\\\/actualite\\\/terrorisme\\\/abderraouf-ayadi-defend-bec-et-ongles-les-droits-des-presumes-terroristes\\\/180124\\\/#article\",\"isPartOf\":{\"@id\":\"https:\\\/\\\/www.webdo.tn\\\/fr\\\/actualite\\\/terrorisme\\\/abderraouf-ayadi-defend-bec-et-ongles-les-droits-des-presumes-terroristes\\\/180124\\\/\"},\"author\":{\"name\":\"webdo.tn\",\"@id\":\"https:\\\/\\\/www.webdo.tn\\\/fr\\\/#\\\/schema\\\/person\\\/9a9c6118d687c117df8ef3cc36a4d175\"},\"headline\":\"Abderraouf Ayadi d\u00e9fend bec et ongles les droits des pr\u00e9sum\u00e9s terroristes\",\"datePublished\":\"2014-08-11T18:35:00+00:00\",\"dateModified\":\"2025-05-22T13:07:22+00:00\",\"mainEntityOfPage\":{\"@id\":\"https:\\\/\\\/www.webdo.tn\\\/fr\\\/actualite\\\/terrorisme\\\/abderraouf-ayadi-defend-bec-et-ongles-les-droits-des-presumes-terroristes\\\/180124\\\/\"},\"wordCount\":346,\"commentCount\":0,\"publisher\":{\"@id\":\"https:\\\/\\\/www.webdo.tn\\\/fr\\\/#organization\"},\"image\":{\"@id\":\"https:\\\/\\\/www.webdo.tn\\\/fr\\\/actualite\\\/terrorisme\\\/abderraouf-ayadi-defend-bec-et-ongles-les-droits-des-presumes-terroristes\\\/180124\\\/#primaryimage\"},\"thumbnailUrl\":\"https:\\\/\\\/www.webdo.tn\\\/fr\\\/wp-content\\\/uploads\\\/2014\\\/08\\\/Abderraouf-Ayadi.jpg\",\"articleSection\":[\"Terrorisme\"],\"inLanguage\":\"fr-FR\"},{\"@type\":\"WebPage\",\"@id\":\"https:\\\/\\\/www.webdo.tn\\\/fr\\\/actualite\\\/terrorisme\\\/abderraouf-ayadi-defend-bec-et-ongles-les-droits-des-presumes-terroristes\\\/180124\\\/\",\"url\":\"https:\\\/\\\/www.webdo.tn\\\/fr\\\/actualite\\\/terrorisme\\\/abderraouf-ayadi-defend-bec-et-ongles-les-droits-des-presumes-terroristes\\\/180124\\\/\",\"name\":\"Abderraouf Ayadi d\u00e9fend bec et ongles les droits des pr\u00e9sum\u00e9s terroristes\",\"isPartOf\":{\"@id\":\"https:\\\/\\\/www.webdo.tn\\\/fr\\\/#website\"},\"primaryImageOfPage\":{\"@id\":\"https:\\\/\\\/www.webdo.tn\\\/fr\\\/actualite\\\/terrorisme\\\/abderraouf-ayadi-defend-bec-et-ongles-les-droits-des-presumes-terroristes\\\/180124\\\/#primaryimage\"},\"image\":{\"@id\":\"https:\\\/\\\/www.webdo.tn\\\/fr\\\/actualite\\\/terrorisme\\\/abderraouf-ayadi-defend-bec-et-ongles-les-droits-des-presumes-terroristes\\\/180124\\\/#primaryimage\"},\"thumbnailUrl\":\"https:\\\/\\\/www.webdo.tn\\\/fr\\\/wp-content\\\/uploads\\\/2014\\\/08\\\/Abderraouf-Ayadi.jpg\",\"datePublished\":\"2014-08-11T18:35:00+00:00\",\"dateModified\":\"2025-05-22T13:07:22+00:00\",\"description\":\"Abderraouf Ayadi d\u00e9fend bec et ongles les droits des pr\u00e9sum\u00e9s terroristes\",\"breadcrumb\":{\"@id\":\"https:\\\/\\\/www.webdo.tn\\\/fr\\\/actualite\\\/terrorisme\\\/abderraouf-ayadi-defend-bec-et-ongles-les-droits-des-presumes-terroristes\\\/180124\\\/#breadcrumb\"},\"inLanguage\":\"fr-FR\",\"potentialAction\":[{\"@type\":\"ReadAction\",\"target\":[\"https:\\\/\\\/www.webdo.tn\\\/fr\\\/actualite\\\/terrorisme\\\/abderraouf-ayadi-defend-bec-et-ongles-les-droits-des-presumes-terroristes\\\/180124\\\/\"]}]},{\"@type\":\"ImageObject\",\"inLanguage\":\"fr-FR\",\"@id\":\"https:\\\/\\\/www.webdo.tn\\\/fr\\\/actualite\\\/terrorisme\\\/abderraouf-ayadi-defend-bec-et-ongles-les-droits-des-presumes-terroristes\\\/180124\\\/#primaryimage\",\"url\":\"https:\\\/\\\/www.webdo.tn\\\/fr\\\/wp-content\\\/uploads\\\/2014\\\/08\\\/Abderraouf-Ayadi.jpg\",\"contentUrl\":\"https:\\\/\\\/www.webdo.tn\\\/fr\\\/wp-content\\\/uploads\\\/2014\\\/08\\\/Abderraouf-Ayadi.jpg\",\"width\":600,\"height\":277,\"caption\":\"Abderraouf Ayadi d\u00e9fend bec et ongles les droits des pr\u00e9sum\u00e9s terroristes\"},{\"@type\":\"BreadcrumbList\",\"@id\":\"https:\\\/\\\/www.webdo.tn\\\/fr\\\/actualite\\\/terrorisme\\\/abderraouf-ayadi-defend-bec-et-ongles-les-droits-des-presumes-terroristes\\\/180124\\\/#breadcrumb\",\"itemListElement\":[{\"@type\":\"ListItem\",\"position\":1,\"name\":\"Accueil\",\"item\":\"https:\\\/\\\/www.webdo.tn\\\/fr\\\/\"},{\"@type\":\"ListItem\",\"position\":2,\"name\":\"Abderraouf Ayadi d\u00e9fend bec et ongles les droits des pr\u00e9sum\u00e9s terroristes\"}]},{\"@type\":\"WebSite\",\"@id\":\"https:\\\/\\\/www.webdo.tn\\\/fr\\\/#website\",\"url\":\"https:\\\/\\\/www.webdo.tn\\\/fr\\\/\",\"name\":\"webdo\",\"description\":\"Tunisie - News en Tunisie et \u00e0 l&#039;international sur Webdo.tn\",\"publisher\":{\"@id\":\"https:\\\/\\\/www.webdo.tn\\\/fr\\\/#organization\"},\"potentialAction\":[{\"@type\":\"SearchAction\",\"target\":{\"@type\":\"EntryPoint\",\"urlTemplate\":\"https:\\\/\\\/www.webdo.tn\\\/fr\\\/?s={search_term_string}\"},\"query-input\":{\"@type\":\"PropertyValueSpecification\",\"valueRequired\":true,\"valueName\":\"search_term_string\"}}],\"inLanguage\":\"fr-FR\"},{\"@type\":\"Organization\",\"@id\":\"https:\\\/\\\/www.webdo.tn\\\/fr\\\/#organization\",\"name\":\"Webdo\",\"alternateName\":\"Webdo.tn\",\"url\":\"https:\\\/\\\/www.webdo.tn\\\/fr\\\/\",\"logo\":{\"@type\":\"ImageObject\",\"inLanguage\":\"fr-FR\",\"@id\":\"https:\\\/\\\/www.webdo.tn\\\/fr\\\/#\\\/schema\\\/logo\\\/image\\\/\",\"url\":\"https:\\\/\\\/www.webdo.tn\\\/fr\\\/wp-content\\\/uploads\\\/2025\\\/06\\\/Webdo-Tunisie_168377.jpg\",\"contentUrl\":\"https:\\\/\\\/www.webdo.tn\\\/fr\\\/wp-content\\\/uploads\\\/2025\\\/06\\\/Webdo-Tunisie_168377.jpg\",\"width\":301,\"height\":301,\"caption\":\"Webdo\"},\"image\":{\"@id\":\"https:\\\/\\\/www.webdo.tn\\\/fr\\\/#\\\/schema\\\/logo\\\/image\\\/\"},\"sameAs\":[\"https:\\\/\\\/www.facebook.com\\\/webdotn\",\"https:\\\/\\\/x.com\\\/webdo_tn\"],\"description\":\"Webdo est un m\u00e9dia num\u00e9rique tunisien fond\u00e9 en 2010, sp\u00e9cialis\u00e9 dans l\u2019actualit\u00e9 nationale et internationale, l\u2019\u00e9conomie, la soci\u00e9t\u00e9 et les analyses politiques. Le site s\u2019adresse \u00e0 un large public francophone et couvre l\u2019information tunisienne en temps r\u00e9el.\",\"email\":\"redac@webdo.tn\",\"legalName\":\"YNJ SARL\",\"foundingDate\":\"2010-09-06\",\"numberOfEmployees\":{\"@type\":\"QuantitativeValue\",\"minValue\":\"11\",\"maxValue\":\"50\"}},{\"@type\":\"Person\",\"@id\":\"https:\\\/\\\/www.webdo.tn\\\/fr\\\/#\\\/schema\\\/person\\\/9a9c6118d687c117df8ef3cc36a4d175\",\"name\":\"webdo.tn\",\"image\":{\"@type\":\"ImageObject\",\"inLanguage\":\"fr-FR\",\"@id\":\"https:\\\/\\\/secure.gravatar.com\\\/avatar\\\/7ce1f28c0c3bbac99ff550b85ef8e44a6950c6ee24514fb6a5489e51d06f0298?s=96&d=mm&r=g\",\"url\":\"https:\\\/\\\/secure.gravatar.com\\\/avatar\\\/7ce1f28c0c3bbac99ff550b85ef8e44a6950c6ee24514fb6a5489e51d06f0298?s=96&d=mm&r=g\",\"contentUrl\":\"https:\\\/\\\/secure.gravatar.com\\\/avatar\\\/7ce1f28c0c3bbac99ff550b85ef8e44a6950c6ee24514fb6a5489e51d06f0298?s=96&d=mm&r=g\",\"caption\":\"webdo.tn\"},\"url\":\"https:\\\/\\\/www.webdo.tn\\\/fr\\\/actualite\\\/author\\\/webdotn\\\/\"}]}<\/script>\n<!-- \/ Yoast SEO Premium plugin. -->","yoast_head_json":{"title":"Abderraouf Ayadi d\u00e9fend bec et ongles les droits des pr\u00e9sum\u00e9s terroristes","description":"Abderraouf Ayadi d\u00e9fend bec et ongles les droits des pr\u00e9sum\u00e9s terroristes","canonical":"https:\/\/www.webdo.tn\/fr\/actualite\/terrorisme\/abderraouf-ayadi-defend-bec-et-ongles-les-droits-des-presumes-terroristes\/180124\/","og_locale":"fr_FR","og_type":"article","og_title":"Abderraouf Ayadi d\u00e9fend bec et ongles les droits des pr\u00e9sum\u00e9s terroristes","og_description":"Abderraouf Ayadi d\u00e9fend bec et ongles les droits des pr\u00e9sum\u00e9s terroristes","og_url":"https:\/\/www.webdo.tn\/fr\/actualite\/terrorisme\/abderraouf-ayadi-defend-bec-et-ongles-les-droits-des-presumes-terroristes\/180124\/","og_site_name":"webdo","article_publisher":"https:\/\/www.facebook.com\/webdotn","article_published_time":"2014-08-11T18:35:00+00:00","article_modified_time":"2025-05-22T13:07:22+00:00","og_image":[{"width":600,"height":277,"url":"https:\/\/www.webdo.tn\/fr\/wp-content\/uploads\/2014\/08\/Abderraouf-Ayadi.jpg","type":"image\/jpeg"}],"author":"webdo.tn","twitter_card":"summary_large_image","twitter_creator":"@webdo_tn","twitter_site":"@webdo_tn","twitter_misc":{"\u00c9crit par":"webdo.tn","Dur\u00e9e de lecture estim\u00e9e":"2 minutes"},"schema":{"@context":"https:\/\/schema.org","@graph":[{"@type":"NewsArticle","@id":"https:\/\/www.webdo.tn\/fr\/actualite\/terrorisme\/abderraouf-ayadi-defend-bec-et-ongles-les-droits-des-presumes-terroristes\/180124\/#article","isPartOf":{"@id":"https:\/\/www.webdo.tn\/fr\/actualite\/terrorisme\/abderraouf-ayadi-defend-bec-et-ongles-les-droits-des-presumes-terroristes\/180124\/"},"author":{"name":"webdo.tn","@id":"https:\/\/www.webdo.tn\/fr\/#\/schema\/person\/9a9c6118d687c117df8ef3cc36a4d175"},"headline":"Abderraouf Ayadi d\u00e9fend bec et ongles les droits des pr\u00e9sum\u00e9s terroristes","datePublished":"2014-08-11T18:35:00+00:00","dateModified":"2025-05-22T13:07:22+00:00","mainEntityOfPage":{"@id":"https:\/\/www.webdo.tn\/fr\/actualite\/terrorisme\/abderraouf-ayadi-defend-bec-et-ongles-les-droits-des-presumes-terroristes\/180124\/"},"wordCount":346,"commentCount":0,"publisher":{"@id":"https:\/\/www.webdo.tn\/fr\/#organization"},"image":{"@id":"https:\/\/www.webdo.tn\/fr\/actualite\/terrorisme\/abderraouf-ayadi-defend-bec-et-ongles-les-droits-des-presumes-terroristes\/180124\/#primaryimage"},"thumbnailUrl":"https:\/\/www.webdo.tn\/fr\/wp-content\/uploads\/2014\/08\/Abderraouf-Ayadi.jpg","articleSection":["Terrorisme"],"inLanguage":"fr-FR"},{"@type":"WebPage","@id":"https:\/\/www.webdo.tn\/fr\/actualite\/terrorisme\/abderraouf-ayadi-defend-bec-et-ongles-les-droits-des-presumes-terroristes\/180124\/","url":"https:\/\/www.webdo.tn\/fr\/actualite\/terrorisme\/abderraouf-ayadi-defend-bec-et-ongles-les-droits-des-presumes-terroristes\/180124\/","name":"Abderraouf Ayadi d\u00e9fend bec et ongles les droits des pr\u00e9sum\u00e9s terroristes","isPartOf":{"@id":"https:\/\/www.webdo.tn\/fr\/#website"},"primaryImageOfPage":{"@id":"https:\/\/www.webdo.tn\/fr\/actualite\/terrorisme\/abderraouf-ayadi-defend-bec-et-ongles-les-droits-des-presumes-terroristes\/180124\/#primaryimage"},"image":{"@id":"https:\/\/www.webdo.tn\/fr\/actualite\/terrorisme\/abderraouf-ayadi-defend-bec-et-ongles-les-droits-des-presumes-terroristes\/180124\/#primaryimage"},"thumbnailUrl":"https:\/\/www.webdo.tn\/fr\/wp-content\/uploads\/2014\/08\/Abderraouf-Ayadi.jpg","datePublished":"2014-08-11T18:35:00+00:00","dateModified":"2025-05-22T13:07:22+00:00","description":"Abderraouf Ayadi d\u00e9fend bec et ongles les droits des pr\u00e9sum\u00e9s terroristes","breadcrumb":{"@id":"https:\/\/www.webdo.tn\/fr\/actualite\/terrorisme\/abderraouf-ayadi-defend-bec-et-ongles-les-droits-des-presumes-terroristes\/180124\/#breadcrumb"},"inLanguage":"fr-FR","potentialAction":[{"@type":"ReadAction","target":["https:\/\/www.webdo.tn\/fr\/actualite\/terrorisme\/abderraouf-ayadi-defend-bec-et-ongles-les-droits-des-presumes-terroristes\/180124\/"]}]},{"@type":"ImageObject","inLanguage":"fr-FR","@id":"https:\/\/www.webdo.tn\/fr\/actualite\/terrorisme\/abderraouf-ayadi-defend-bec-et-ongles-les-droits-des-presumes-terroristes\/180124\/#primaryimage","url":"https:\/\/www.webdo.tn\/fr\/wp-content\/uploads\/2014\/08\/Abderraouf-Ayadi.jpg","contentUrl":"https:\/\/www.webdo.tn\/fr\/wp-content\/uploads\/2014\/08\/Abderraouf-Ayadi.jpg","width":600,"height":277,"caption":"Abderraouf Ayadi d\u00e9fend bec et ongles les droits des pr\u00e9sum\u00e9s terroristes"},{"@type":"BreadcrumbList","@id":"https:\/\/www.webdo.tn\/fr\/actualite\/terrorisme\/abderraouf-ayadi-defend-bec-et-ongles-les-droits-des-presumes-terroristes\/180124\/#breadcrumb","itemListElement":[{"@type":"ListItem","position":1,"name":"Accueil","item":"https:\/\/www.webdo.tn\/fr\/"},{"@type":"ListItem","position":2,"name":"Abderraouf Ayadi d\u00e9fend bec et ongles les droits des pr\u00e9sum\u00e9s terroristes"}]},{"@type":"WebSite","@id":"https:\/\/www.webdo.tn\/fr\/#website","url":"https:\/\/www.webdo.tn\/fr\/","name":"webdo","description":"Tunisie - News en Tunisie et \u00e0 l&#039;international sur Webdo.tn","publisher":{"@id":"https:\/\/www.webdo.tn\/fr\/#organization"},"potentialAction":[{"@type":"SearchAction","target":{"@type":"EntryPoint","urlTemplate":"https:\/\/www.webdo.tn\/fr\/?s={search_term_string}"},"query-input":{"@type":"PropertyValueSpecification","valueRequired":true,"valueName":"search_term_string"}}],"inLanguage":"fr-FR"},{"@type":"Organization","@id":"https:\/\/www.webdo.tn\/fr\/#organization","name":"Webdo","alternateName":"Webdo.tn","url":"https:\/\/www.webdo.tn\/fr\/","logo":{"@type":"ImageObject","inLanguage":"fr-FR","@id":"https:\/\/www.webdo.tn\/fr\/#\/schema\/logo\/image\/","url":"https:\/\/www.webdo.tn\/fr\/wp-content\/uploads\/2025\/06\/Webdo-Tunisie_168377.jpg","contentUrl":"https:\/\/www.webdo.tn\/fr\/wp-content\/uploads\/2025\/06\/Webdo-Tunisie_168377.jpg","width":301,"height":301,"caption":"Webdo"},"image":{"@id":"https:\/\/www.webdo.tn\/fr\/#\/schema\/logo\/image\/"},"sameAs":["https:\/\/www.facebook.com\/webdotn","https:\/\/x.com\/webdo_tn"],"description":"Webdo est un m\u00e9dia num\u00e9rique tunisien fond\u00e9 en 2010, sp\u00e9cialis\u00e9 dans l\u2019actualit\u00e9 nationale et internationale, l\u2019\u00e9conomie, la soci\u00e9t\u00e9 et les analyses politiques. Le site s\u2019adresse \u00e0 un large public francophone et couvre l\u2019information tunisienne en temps r\u00e9el.","email":"redac@webdo.tn","legalName":"YNJ SARL","foundingDate":"2010-09-06","numberOfEmployees":{"@type":"QuantitativeValue","minValue":"11","maxValue":"50"}},{"@type":"Person","@id":"https:\/\/www.webdo.tn\/fr\/#\/schema\/person\/9a9c6118d687c117df8ef3cc36a4d175","name":"webdo.tn","image":{"@type":"ImageObject","inLanguage":"fr-FR","@id":"https:\/\/secure.gravatar.com\/avatar\/7ce1f28c0c3bbac99ff550b85ef8e44a6950c6ee24514fb6a5489e51d06f0298?s=96&d=mm&r=g","url":"https:\/\/secure.gravatar.com\/avatar\/7ce1f28c0c3bbac99ff550b85ef8e44a6950c6ee24514fb6a5489e51d06f0298?s=96&d=mm&r=g","contentUrl":"https:\/\/secure.gravatar.com\/avatar\/7ce1f28c0c3bbac99ff550b85ef8e44a6950c6ee24514fb6a5489e51d06f0298?s=96&d=mm&r=g","caption":"webdo.tn"},"url":"https:\/\/www.webdo.tn\/fr\/actualite\/author\/webdotn\/"}]}},"_links":{"self":[{"href":"https:\/\/www.webdo.tn\/fr\/wp-json\/wp\/v2\/posts\/180124","targetHints":{"allow":["GET"]}}],"collection":[{"href":"https:\/\/www.webdo.tn\/fr\/wp-json\/wp\/v2\/posts"}],"about":[{"href":"https:\/\/www.webdo.tn\/fr\/wp-json\/wp\/v2\/types\/post"}],"author":[{"embeddable":true,"href":"https:\/\/www.webdo.tn\/fr\/wp-json\/wp\/v2\/users\/3222"}],"replies":[{"embeddable":true,"href":"https:\/\/www.webdo.tn\/fr\/wp-json\/wp\/v2\/comments?post=180124"}],"version-history":[{"count":0,"href":"https:\/\/www.webdo.tn\/fr\/wp-json\/wp\/v2\/posts\/180124\/revisions"}],"wp:featuredmedia":[{"embeddable":true,"href":"https:\/\/www.webdo.tn\/fr\/wp-json\/wp\/v2\/media\/320681"}],"wp:attachment":[{"href":"https:\/\/www.webdo.tn\/fr\/wp-json\/wp\/v2\/media?parent=180124"}],"wp:term":[{"taxonomy":"category","embeddable":true,"href":"https:\/\/www.webdo.tn\/fr\/wp-json\/wp\/v2\/categories?post=180124"},{"taxonomy":"post_tag","embeddable":true,"href":"https:\/\/www.webdo.tn\/fr\/wp-json\/wp\/v2\/tags?post=180124"}],"curies":[{"name":"wp","href":"https:\/\/api.w.org\/{rel}","templated":true}]}}