{"id":180123,"date":"2014-08-11T18:50:00","date_gmt":"2014-08-11T18:50:00","guid":{"rendered":"https:\/\/www.webdo.tn\/fr\/blog\/tunisie-lassemblee-nationale-mobilisee-pour-le-projet-de-loi-antiterroriste\/180123\/"},"modified":"2025-05-22T13:07:22","modified_gmt":"2025-05-22T13:07:22","slug":"tunisie-lassemblee-nationale-mobilisee-pour-le-projet-de-loi-antiterroriste","status":"publish","type":"post","link":"https:\/\/www.webdo.tn\/fr\/actualite\/terrorisme\/tunisie-lassemblee-nationale-mobilisee-pour-le-projet-de-loi-antiterroriste\/180123\/","title":{"rendered":"L&rsquo;Assembl\u00e9e nationale mobilis\u00e9e pour le projet de loi antiterroriste"},"content":{"rendered":"<p>Assembl\u00e9e\u00a0| Le bureau de l&rsquo;Assembl\u00e9e nationale, pr\u00e9sid\u00e9 par Mustapha Ben Ja\u00e2far, s&rsquo;est r\u00e9uni, ce lundi 11 ao\u00fbt, et a d\u00e9cid\u00e9 de consacrer tous les jours de la semaine en cours et de celle d&rsquo;apr\u00e8s\u00a0pour tenir des s\u00e9ances pl\u00e9ni\u00e8res relatives \u00e0 l&rsquo;adoption du projet de loi sur la lutte contre les crimes terroristes et l&rsquo;interdiction du blanchiment d&rsquo;argent.<\/p>\n<p>En cas de n\u00e9cessit\u00e9, la commission des consensus sera appel\u00e9e \u00e0 se r\u00e9unir, a indiqu\u00e9 le bureau de l&rsquo;Assembl\u00e9e nationale, dans un communiqu\u00e9 publi\u00e9 aujourd&rsquo;hui.<\/p>\n<p>Par ailleurs, il a \u00e9t\u00e9 d\u00e9cid\u00e9 qu&rsquo;aucune s\u00e9ance pl\u00e9ni\u00e8re ne se tiendra du 22 au 29 ao\u00fbt 2014, \u00ab\u00a0vu les exigences du calendrier \u00e9lectoral\u00a0\u00bb.<\/p>\n<p>Notons que l&rsquo;Assembl\u00e9e nationale a entam\u00e9, aujourd&rsquo;hui, l&rsquo;examen du projet de loi antiterroriste\u00a0et l\u2019interdiction du blanchiment d&rsquo;argent.<\/p>\n","protected":false},"excerpt":{"rendered":"<p>L&rsquo;Assembl\u00e9e nationale mobilis\u00e9e pour le projet de loi antiterroriste<\/p>\n","protected":false},"author":3222,"featured_media":373707,"comment_status":"open","ping_status":"closed","sticky":false,"template":"","format":"standard","meta":{"footnotes":""},"categories":[11342],"tags":[],"class_list":["post-180123","post","type-post","status-publish","format-standard","has-post-thumbnail","hentry","category-terrorisme"],"yoast_head":"<!-- This site is optimized with the Yoast SEO Premium plugin v27.5 (Yoast SEO v27.5) - https:\/\/yoast.com\/product\/yoast-seo-premium-wordpress\/ -->\n<title>L&#039;Assembl\u00e9e nationale mobilis\u00e9e pour le projet de loi antiterroriste<\/title>\n<meta name=\"description\" content=\"L&#039;Assembl\u00e9e nationale mobilis\u00e9e pour le projet de loi antiterroriste\" \/>\n<link rel=\"canonical\" href=\"https:\/\/www.webdo.tn\/fr\/actualite\/terrorisme\/tunisie-lassemblee-nationale-mobilisee-pour-le-projet-de-loi-antiterroriste\/180123\/\" \/>\n<meta property=\"og:locale\" content=\"fr_FR\" \/>\n<meta property=\"og:type\" content=\"article\" \/>\n<meta property=\"og:title\" content=\"L&#039;Assembl\u00e9e nationale mobilis\u00e9e pour le projet de loi antiterroriste\" \/>\n<meta property=\"og:description\" content=\"L&#039;Assembl\u00e9e nationale mobilis\u00e9e pour le projet de loi antiterroriste\" \/>\n<meta property=\"og:url\" content=\"https:\/\/www.webdo.tn\/fr\/actualite\/terrorisme\/tunisie-lassemblee-nationale-mobilisee-pour-le-projet-de-loi-antiterroriste\/180123\/\" \/>\n<meta property=\"og:site_name\" content=\"webdo\" \/>\n<meta property=\"article:publisher\" content=\"https:\/\/www.facebook.com\/webdotn\" \/>\n<meta property=\"article:published_time\" content=\"2014-08-11T18:50:00+00:00\" \/>\n<meta property=\"article:modified_time\" content=\"2025-05-22T13:07:22+00:00\" \/>\n<meta property=\"og:image\" content=\"https:\/\/www.webdo.tn\/fr\/wp-content\/uploads\/2025\/06\/Assemblee-Nationale-Constituante-photo-le-journalcom_180123.jpg\" \/>\n\t<meta property=\"og:image:width\" content=\"300\" \/>\n\t<meta property=\"og:image:height\" content=\"200\" \/>\n\t<meta property=\"og:image:type\" content=\"image\/jpeg\" \/>\n<meta name=\"author\" content=\"webdo.tn\" \/>\n<meta name=\"twitter:card\" content=\"summary_large_image\" \/>\n<meta name=\"twitter:creator\" content=\"@webdo_tn\" \/>\n<meta name=\"twitter:site\" content=\"@webdo_tn\" \/>\n<meta name=\"twitter:label1\" content=\"\u00c9crit par\" \/>\n\t<meta name=\"twitter:data1\" content=\"webdo.tn\" \/>\n\t<meta name=\"twitter:label2\" content=\"Dur\u00e9e de lecture estim\u00e9e\" \/>\n\t<meta name=\"twitter:data2\" content=\"1 minute\" \/>\n<script type=\"application\/ld+json\" class=\"yoast-schema-graph\">{\"@context\":\"https:\\\/\\\/schema.org\",\"@graph\":[{\"@type\":\"NewsArticle\",\"@id\":\"https:\\\/\\\/www.webdo.tn\\\/fr\\\/actualite\\\/terrorisme\\\/tunisie-lassemblee-nationale-mobilisee-pour-le-projet-de-loi-antiterroriste\\\/180123\\\/#article\",\"isPartOf\":{\"@id\":\"https:\\\/\\\/www.webdo.tn\\\/fr\\\/actualite\\\/terrorisme\\\/tunisie-lassemblee-nationale-mobilisee-pour-le-projet-de-loi-antiterroriste\\\/180123\\\/\"},\"author\":{\"name\":\"webdo.tn\",\"@id\":\"https:\\\/\\\/www.webdo.tn\\\/fr\\\/#\\\/schema\\\/person\\\/9a9c6118d687c117df8ef3cc36a4d175\"},\"headline\":\"L&rsquo;Assembl\u00e9e nationale mobilis\u00e9e pour le projet de loi antiterroriste\",\"datePublished\":\"2014-08-11T18:50:00+00:00\",\"dateModified\":\"2025-05-22T13:07:22+00:00\",\"mainEntityOfPage\":{\"@id\":\"https:\\\/\\\/www.webdo.tn\\\/fr\\\/actualite\\\/terrorisme\\\/tunisie-lassemblee-nationale-mobilisee-pour-le-projet-de-loi-antiterroriste\\\/180123\\\/\"},\"wordCount\":166,\"commentCount\":0,\"publisher\":{\"@id\":\"https:\\\/\\\/www.webdo.tn\\\/fr\\\/#organization\"},\"image\":{\"@id\":\"https:\\\/\\\/www.webdo.tn\\\/fr\\\/actualite\\\/terrorisme\\\/tunisie-lassemblee-nationale-mobilisee-pour-le-projet-de-loi-antiterroriste\\\/180123\\\/#primaryimage\"},\"thumbnailUrl\":\"https:\\\/\\\/www.webdo.tn\\\/fr\\\/wp-content\\\/uploads\\\/2025\\\/06\\\/Assemblee-Nationale-Constituante-photo-le-journalcom_180123.jpg\",\"articleSection\":[\"Terrorisme\"],\"inLanguage\":\"fr-FR\"},{\"@type\":\"WebPage\",\"@id\":\"https:\\\/\\\/www.webdo.tn\\\/fr\\\/actualite\\\/terrorisme\\\/tunisie-lassemblee-nationale-mobilisee-pour-le-projet-de-loi-antiterroriste\\\/180123\\\/\",\"url\":\"https:\\\/\\\/www.webdo.tn\\\/fr\\\/actualite\\\/terrorisme\\\/tunisie-lassemblee-nationale-mobilisee-pour-le-projet-de-loi-antiterroriste\\\/180123\\\/\",\"name\":\"L'Assembl\u00e9e nationale mobilis\u00e9e pour le projet de loi antiterroriste\",\"isPartOf\":{\"@id\":\"https:\\\/\\\/www.webdo.tn\\\/fr\\\/#website\"},\"primaryImageOfPage\":{\"@id\":\"https:\\\/\\\/www.webdo.tn\\\/fr\\\/actualite\\\/terrorisme\\\/tunisie-lassemblee-nationale-mobilisee-pour-le-projet-de-loi-antiterroriste\\\/180123\\\/#primaryimage\"},\"image\":{\"@id\":\"https:\\\/\\\/www.webdo.tn\\\/fr\\\/actualite\\\/terrorisme\\\/tunisie-lassemblee-nationale-mobilisee-pour-le-projet-de-loi-antiterroriste\\\/180123\\\/#primaryimage\"},\"thumbnailUrl\":\"https:\\\/\\\/www.webdo.tn\\\/fr\\\/wp-content\\\/uploads\\\/2025\\\/06\\\/Assemblee-Nationale-Constituante-photo-le-journalcom_180123.jpg\",\"datePublished\":\"2014-08-11T18:50:00+00:00\",\"dateModified\":\"2025-05-22T13:07:22+00:00\",\"description\":\"L'Assembl\u00e9e nationale mobilis\u00e9e pour le projet de loi antiterroriste\",\"breadcrumb\":{\"@id\":\"https:\\\/\\\/www.webdo.tn\\\/fr\\\/actualite\\\/terrorisme\\\/tunisie-lassemblee-nationale-mobilisee-pour-le-projet-de-loi-antiterroriste\\\/180123\\\/#breadcrumb\"},\"inLanguage\":\"fr-FR\",\"potentialAction\":[{\"@type\":\"ReadAction\",\"target\":[\"https:\\\/\\\/www.webdo.tn\\\/fr\\\/actualite\\\/terrorisme\\\/tunisie-lassemblee-nationale-mobilisee-pour-le-projet-de-loi-antiterroriste\\\/180123\\\/\"]}]},{\"@type\":\"ImageObject\",\"inLanguage\":\"fr-FR\",\"@id\":\"https:\\\/\\\/www.webdo.tn\\\/fr\\\/actualite\\\/terrorisme\\\/tunisie-lassemblee-nationale-mobilisee-pour-le-projet-de-loi-antiterroriste\\\/180123\\\/#primaryimage\",\"url\":\"https:\\\/\\\/www.webdo.tn\\\/fr\\\/wp-content\\\/uploads\\\/2025\\\/06\\\/Assemblee-Nationale-Constituante-photo-le-journalcom_180123.jpg\",\"contentUrl\":\"https:\\\/\\\/www.webdo.tn\\\/fr\\\/wp-content\\\/uploads\\\/2025\\\/06\\\/Assemblee-Nationale-Constituante-photo-le-journalcom_180123.jpg\",\"width\":300,\"height\":200,\"caption\":\"L'Assembl\u00e9e nationale mobilis\u00e9e pour le projet de loi antiterroriste\"},{\"@type\":\"BreadcrumbList\",\"@id\":\"https:\\\/\\\/www.webdo.tn\\\/fr\\\/actualite\\\/terrorisme\\\/tunisie-lassemblee-nationale-mobilisee-pour-le-projet-de-loi-antiterroriste\\\/180123\\\/#breadcrumb\",\"itemListElement\":[{\"@type\":\"ListItem\",\"position\":1,\"name\":\"Accueil\",\"item\":\"https:\\\/\\\/www.webdo.tn\\\/fr\\\/\"},{\"@type\":\"ListItem\",\"position\":2,\"name\":\"L&rsquo;Assembl\u00e9e nationale mobilis\u00e9e pour le projet de loi antiterroriste\"}]},{\"@type\":\"WebSite\",\"@id\":\"https:\\\/\\\/www.webdo.tn\\\/fr\\\/#website\",\"url\":\"https:\\\/\\\/www.webdo.tn\\\/fr\\\/\",\"name\":\"webdo\",\"description\":\"Tunisie - News en Tunisie et \u00e0 l&#039;international sur Webdo.tn\",\"publisher\":{\"@id\":\"https:\\\/\\\/www.webdo.tn\\\/fr\\\/#organization\"},\"potentialAction\":[{\"@type\":\"SearchAction\",\"target\":{\"@type\":\"EntryPoint\",\"urlTemplate\":\"https:\\\/\\\/www.webdo.tn\\\/fr\\\/?s={search_term_string}\"},\"query-input\":{\"@type\":\"PropertyValueSpecification\",\"valueRequired\":true,\"valueName\":\"search_term_string\"}}],\"inLanguage\":\"fr-FR\"},{\"@type\":\"Organization\",\"@id\":\"https:\\\/\\\/www.webdo.tn\\\/fr\\\/#organization\",\"name\":\"Webdo\",\"alternateName\":\"Webdo.tn\",\"url\":\"https:\\\/\\\/www.webdo.tn\\\/fr\\\/\",\"logo\":{\"@type\":\"ImageObject\",\"inLanguage\":\"fr-FR\",\"@id\":\"https:\\\/\\\/www.webdo.tn\\\/fr\\\/#\\\/schema\\\/logo\\\/image\\\/\",\"url\":\"https:\\\/\\\/www.webdo.tn\\\/fr\\\/wp-content\\\/uploads\\\/2025\\\/06\\\/Webdo-Tunisie_168377.jpg\",\"contentUrl\":\"https:\\\/\\\/www.webdo.tn\\\/fr\\\/wp-content\\\/uploads\\\/2025\\\/06\\\/Webdo-Tunisie_168377.jpg\",\"width\":301,\"height\":301,\"caption\":\"Webdo\"},\"image\":{\"@id\":\"https:\\\/\\\/www.webdo.tn\\\/fr\\\/#\\\/schema\\\/logo\\\/image\\\/\"},\"sameAs\":[\"https:\\\/\\\/www.facebook.com\\\/webdotn\",\"https:\\\/\\\/x.com\\\/webdo_tn\"],\"description\":\"Webdo est un m\u00e9dia num\u00e9rique tunisien fond\u00e9 en 2010, sp\u00e9cialis\u00e9 dans l\u2019actualit\u00e9 nationale et internationale, l\u2019\u00e9conomie, la soci\u00e9t\u00e9 et les analyses politiques. Le site s\u2019adresse \u00e0 un large public francophone et couvre l\u2019information tunisienne en temps r\u00e9el.\",\"email\":\"redac@webdo.tn\",\"legalName\":\"YNJ SARL\",\"foundingDate\":\"2010-09-06\",\"numberOfEmployees\":{\"@type\":\"QuantitativeValue\",\"minValue\":\"11\",\"maxValue\":\"50\"}},{\"@type\":\"Person\",\"@id\":\"https:\\\/\\\/www.webdo.tn\\\/fr\\\/#\\\/schema\\\/person\\\/9a9c6118d687c117df8ef3cc36a4d175\",\"name\":\"webdo.tn\",\"image\":{\"@type\":\"ImageObject\",\"inLanguage\":\"fr-FR\",\"@id\":\"https:\\\/\\\/secure.gravatar.com\\\/avatar\\\/7ce1f28c0c3bbac99ff550b85ef8e44a6950c6ee24514fb6a5489e51d06f0298?s=96&d=mm&r=g\",\"url\":\"https:\\\/\\\/secure.gravatar.com\\\/avatar\\\/7ce1f28c0c3bbac99ff550b85ef8e44a6950c6ee24514fb6a5489e51d06f0298?s=96&d=mm&r=g\",\"contentUrl\":\"https:\\\/\\\/secure.gravatar.com\\\/avatar\\\/7ce1f28c0c3bbac99ff550b85ef8e44a6950c6ee24514fb6a5489e51d06f0298?s=96&d=mm&r=g\",\"caption\":\"webdo.tn\"},\"url\":\"https:\\\/\\\/www.webdo.tn\\\/fr\\\/actualite\\\/author\\\/webdotn\\\/\"}]}<\/script>\n<!-- \/ Yoast SEO Premium plugin. -->","yoast_head_json":{"title":"L'Assembl\u00e9e nationale mobilis\u00e9e pour le projet de loi antiterroriste","description":"L'Assembl\u00e9e nationale mobilis\u00e9e pour le projet de loi antiterroriste","canonical":"https:\/\/www.webdo.tn\/fr\/actualite\/terrorisme\/tunisie-lassemblee-nationale-mobilisee-pour-le-projet-de-loi-antiterroriste\/180123\/","og_locale":"fr_FR","og_type":"article","og_title":"L'Assembl\u00e9e nationale mobilis\u00e9e pour le projet de loi antiterroriste","og_description":"L'Assembl\u00e9e nationale mobilis\u00e9e pour le projet de loi antiterroriste","og_url":"https:\/\/www.webdo.tn\/fr\/actualite\/terrorisme\/tunisie-lassemblee-nationale-mobilisee-pour-le-projet-de-loi-antiterroriste\/180123\/","og_site_name":"webdo","article_publisher":"https:\/\/www.facebook.com\/webdotn","article_published_time":"2014-08-11T18:50:00+00:00","article_modified_time":"2025-05-22T13:07:22+00:00","og_image":[{"width":300,"height":200,"url":"https:\/\/www.webdo.tn\/fr\/wp-content\/uploads\/2025\/06\/Assemblee-Nationale-Constituante-photo-le-journalcom_180123.jpg","type":"image\/jpeg"}],"author":"webdo.tn","twitter_card":"summary_large_image","twitter_creator":"@webdo_tn","twitter_site":"@webdo_tn","twitter_misc":{"\u00c9crit par":"webdo.tn","Dur\u00e9e de lecture estim\u00e9e":"1 minute"},"schema":{"@context":"https:\/\/schema.org","@graph":[{"@type":"NewsArticle","@id":"https:\/\/www.webdo.tn\/fr\/actualite\/terrorisme\/tunisie-lassemblee-nationale-mobilisee-pour-le-projet-de-loi-antiterroriste\/180123\/#article","isPartOf":{"@id":"https:\/\/www.webdo.tn\/fr\/actualite\/terrorisme\/tunisie-lassemblee-nationale-mobilisee-pour-le-projet-de-loi-antiterroriste\/180123\/"},"author":{"name":"webdo.tn","@id":"https:\/\/www.webdo.tn\/fr\/#\/schema\/person\/9a9c6118d687c117df8ef3cc36a4d175"},"headline":"L&rsquo;Assembl\u00e9e nationale mobilis\u00e9e pour le projet de loi antiterroriste","datePublished":"2014-08-11T18:50:00+00:00","dateModified":"2025-05-22T13:07:22+00:00","mainEntityOfPage":{"@id":"https:\/\/www.webdo.tn\/fr\/actualite\/terrorisme\/tunisie-lassemblee-nationale-mobilisee-pour-le-projet-de-loi-antiterroriste\/180123\/"},"wordCount":166,"commentCount":0,"publisher":{"@id":"https:\/\/www.webdo.tn\/fr\/#organization"},"image":{"@id":"https:\/\/www.webdo.tn\/fr\/actualite\/terrorisme\/tunisie-lassemblee-nationale-mobilisee-pour-le-projet-de-loi-antiterroriste\/180123\/#primaryimage"},"thumbnailUrl":"https:\/\/www.webdo.tn\/fr\/wp-content\/uploads\/2025\/06\/Assemblee-Nationale-Constituante-photo-le-journalcom_180123.jpg","articleSection":["Terrorisme"],"inLanguage":"fr-FR"},{"@type":"WebPage","@id":"https:\/\/www.webdo.tn\/fr\/actualite\/terrorisme\/tunisie-lassemblee-nationale-mobilisee-pour-le-projet-de-loi-antiterroriste\/180123\/","url":"https:\/\/www.webdo.tn\/fr\/actualite\/terrorisme\/tunisie-lassemblee-nationale-mobilisee-pour-le-projet-de-loi-antiterroriste\/180123\/","name":"L'Assembl\u00e9e nationale mobilis\u00e9e pour le projet de loi antiterroriste","isPartOf":{"@id":"https:\/\/www.webdo.tn\/fr\/#website"},"primaryImageOfPage":{"@id":"https:\/\/www.webdo.tn\/fr\/actualite\/terrorisme\/tunisie-lassemblee-nationale-mobilisee-pour-le-projet-de-loi-antiterroriste\/180123\/#primaryimage"},"image":{"@id":"https:\/\/www.webdo.tn\/fr\/actualite\/terrorisme\/tunisie-lassemblee-nationale-mobilisee-pour-le-projet-de-loi-antiterroriste\/180123\/#primaryimage"},"thumbnailUrl":"https:\/\/www.webdo.tn\/fr\/wp-content\/uploads\/2025\/06\/Assemblee-Nationale-Constituante-photo-le-journalcom_180123.jpg","datePublished":"2014-08-11T18:50:00+00:00","dateModified":"2025-05-22T13:07:22+00:00","description":"L'Assembl\u00e9e nationale mobilis\u00e9e pour le projet de loi antiterroriste","breadcrumb":{"@id":"https:\/\/www.webdo.tn\/fr\/actualite\/terrorisme\/tunisie-lassemblee-nationale-mobilisee-pour-le-projet-de-loi-antiterroriste\/180123\/#breadcrumb"},"inLanguage":"fr-FR","potentialAction":[{"@type":"ReadAction","target":["https:\/\/www.webdo.tn\/fr\/actualite\/terrorisme\/tunisie-lassemblee-nationale-mobilisee-pour-le-projet-de-loi-antiterroriste\/180123\/"]}]},{"@type":"ImageObject","inLanguage":"fr-FR","@id":"https:\/\/www.webdo.tn\/fr\/actualite\/terrorisme\/tunisie-lassemblee-nationale-mobilisee-pour-le-projet-de-loi-antiterroriste\/180123\/#primaryimage","url":"https:\/\/www.webdo.tn\/fr\/wp-content\/uploads\/2025\/06\/Assemblee-Nationale-Constituante-photo-le-journalcom_180123.jpg","contentUrl":"https:\/\/www.webdo.tn\/fr\/wp-content\/uploads\/2025\/06\/Assemblee-Nationale-Constituante-photo-le-journalcom_180123.jpg","width":300,"height":200,"caption":"L'Assembl\u00e9e nationale mobilis\u00e9e pour le projet de loi antiterroriste"},{"@type":"BreadcrumbList","@id":"https:\/\/www.webdo.tn\/fr\/actualite\/terrorisme\/tunisie-lassemblee-nationale-mobilisee-pour-le-projet-de-loi-antiterroriste\/180123\/#breadcrumb","itemListElement":[{"@type":"ListItem","position":1,"name":"Accueil","item":"https:\/\/www.webdo.tn\/fr\/"},{"@type":"ListItem","position":2,"name":"L&rsquo;Assembl\u00e9e nationale mobilis\u00e9e pour le projet de loi antiterroriste"}]},{"@type":"WebSite","@id":"https:\/\/www.webdo.tn\/fr\/#website","url":"https:\/\/www.webdo.tn\/fr\/","name":"webdo","description":"Tunisie - News en Tunisie et \u00e0 l&#039;international sur Webdo.tn","publisher":{"@id":"https:\/\/www.webdo.tn\/fr\/#organization"},"potentialAction":[{"@type":"SearchAction","target":{"@type":"EntryPoint","urlTemplate":"https:\/\/www.webdo.tn\/fr\/?s={search_term_string}"},"query-input":{"@type":"PropertyValueSpecification","valueRequired":true,"valueName":"search_term_string"}}],"inLanguage":"fr-FR"},{"@type":"Organization","@id":"https:\/\/www.webdo.tn\/fr\/#organization","name":"Webdo","alternateName":"Webdo.tn","url":"https:\/\/www.webdo.tn\/fr\/","logo":{"@type":"ImageObject","inLanguage":"fr-FR","@id":"https:\/\/www.webdo.tn\/fr\/#\/schema\/logo\/image\/","url":"https:\/\/www.webdo.tn\/fr\/wp-content\/uploads\/2025\/06\/Webdo-Tunisie_168377.jpg","contentUrl":"https:\/\/www.webdo.tn\/fr\/wp-content\/uploads\/2025\/06\/Webdo-Tunisie_168377.jpg","width":301,"height":301,"caption":"Webdo"},"image":{"@id":"https:\/\/www.webdo.tn\/fr\/#\/schema\/logo\/image\/"},"sameAs":["https:\/\/www.facebook.com\/webdotn","https:\/\/x.com\/webdo_tn"],"description":"Webdo est un m\u00e9dia num\u00e9rique tunisien fond\u00e9 en 2010, sp\u00e9cialis\u00e9 dans l\u2019actualit\u00e9 nationale et internationale, l\u2019\u00e9conomie, la soci\u00e9t\u00e9 et les analyses politiques. Le site s\u2019adresse \u00e0 un large public francophone et couvre l\u2019information tunisienne en temps r\u00e9el.","email":"redac@webdo.tn","legalName":"YNJ SARL","foundingDate":"2010-09-06","numberOfEmployees":{"@type":"QuantitativeValue","minValue":"11","maxValue":"50"}},{"@type":"Person","@id":"https:\/\/www.webdo.tn\/fr\/#\/schema\/person\/9a9c6118d687c117df8ef3cc36a4d175","name":"webdo.tn","image":{"@type":"ImageObject","inLanguage":"fr-FR","@id":"https:\/\/secure.gravatar.com\/avatar\/7ce1f28c0c3bbac99ff550b85ef8e44a6950c6ee24514fb6a5489e51d06f0298?s=96&d=mm&r=g","url":"https:\/\/secure.gravatar.com\/avatar\/7ce1f28c0c3bbac99ff550b85ef8e44a6950c6ee24514fb6a5489e51d06f0298?s=96&d=mm&r=g","contentUrl":"https:\/\/secure.gravatar.com\/avatar\/7ce1f28c0c3bbac99ff550b85ef8e44a6950c6ee24514fb6a5489e51d06f0298?s=96&d=mm&r=g","caption":"webdo.tn"},"url":"https:\/\/www.webdo.tn\/fr\/actualite\/author\/webdotn\/"}]}},"_links":{"self":[{"href":"https:\/\/www.webdo.tn\/fr\/wp-json\/wp\/v2\/posts\/180123","targetHints":{"allow":["GET"]}}],"collection":[{"href":"https:\/\/www.webdo.tn\/fr\/wp-json\/wp\/v2\/posts"}],"about":[{"href":"https:\/\/www.webdo.tn\/fr\/wp-json\/wp\/v2\/types\/post"}],"author":[{"embeddable":true,"href":"https:\/\/www.webdo.tn\/fr\/wp-json\/wp\/v2\/users\/3222"}],"replies":[{"embeddable":true,"href":"https:\/\/www.webdo.tn\/fr\/wp-json\/wp\/v2\/comments?post=180123"}],"version-history":[{"count":0,"href":"https:\/\/www.webdo.tn\/fr\/wp-json\/wp\/v2\/posts\/180123\/revisions"}],"wp:featuredmedia":[{"embeddable":true,"href":"https:\/\/www.webdo.tn\/fr\/wp-json\/wp\/v2\/media\/373707"}],"wp:attachment":[{"href":"https:\/\/www.webdo.tn\/fr\/wp-json\/wp\/v2\/media?parent=180123"}],"wp:term":[{"taxonomy":"category","embeddable":true,"href":"https:\/\/www.webdo.tn\/fr\/wp-json\/wp\/v2\/categories?post=180123"},{"taxonomy":"post_tag","embeddable":true,"href":"https:\/\/www.webdo.tn\/fr\/wp-json\/wp\/v2\/tags?post=180123"}],"curies":[{"name":"wp","href":"https:\/\/api.w.org\/{rel}","templated":true}]}}