{"id":180121,"date":"2014-08-12T15:21:00","date_gmt":"2014-08-12T13:21:00","guid":{"rendered":"https:\/\/www.webdo.tn\/fr\/actualite\/terrorisme\/marzouki-les-yezidis-les-chretiens-dirak-les-bienvenus-en-tunisie\/180121"},"modified":"2025-06-04T18:17:41","modified_gmt":"2025-06-04T18:17:41","slug":"marzouki-les-yezidis-les-chretiens-dirak-les-bienvenus-en-tunisie-2","status":"publish","type":"post","link":"https:\/\/www.webdo.tn\/fr\/actualite\/terrorisme\/marzouki-les-yezidis-les-chretiens-dirak-les-bienvenus-en-tunisie-2\/180121\/","title":{"rendered":"Marzouki : Les Y\u00e9zidis et les Chr\u00e9tiens d&rsquo;Irak sont les bienvenus en Tunisie"},"content":{"rendered":"<p>MONDE ARABE | Dans une nouvelle tribune publi\u00e9e ce lundi 11 ao\u00fbt sur le site Aljazeera.net, le pr\u00e9sident de la R\u00e9publique, Moncef Marzouki, a d\u00e9nonc\u00e9 la pers\u00e9cution des communaut\u00e9s chr\u00e9tiennes et y\u00e9zidis du nord de l&rsquo;Irak par les djihadistes de l\u2019\u00c9tat islamique, apr\u00e8s une longue introduction disculpant l&rsquo;islam des horreurs commises par Daech.<\/p>\n<p>\u00ab\u00a0A nos fr\u00e8res chr\u00e9tiens et Y\u00e9zidis, [&#8230;] s&rsquo;ils trouvent leur chemin vers la Tunisie, qui a v\u00e9cu et qui vivra sous un Islam tol\u00e9rant, mod\u00e9r\u00e9 et dans un \u00c9tat de droit et des institutions, qui a int\u00e9gr\u00e9 les droits de l&rsquo;homme dans sa Constitution, je vais \u0153uvrer\u00a0de tout mon pouvoir, en tant que militant des droits de l&rsquo;homme avant tout autre statut, de leur accorder un bon accueil et la protection \u00a0pour retourner ensuite chez eux, [&#8230;] afin de\u00a0continuer \u00e0 vivre sans terrorisme et sans discrimination, comme cela l&rsquo;a \u00e9t\u00e9 depuis des si\u00e8cles.\u00a0\u00bb<\/p>\n<p>Il a condamn\u00e9 la\u00a0pers\u00e9cution des minorit\u00e9s en Irak, en d\u00e9signant les membres de Daech \u00ab\u00a0d&rsquo;ignorants et d&rsquo;int\u00e9gristes\u00a0\u00bb<\/p>\n<p>\u00ab\u00a0Il existe une \u00e9norme diff\u00e9rence entre ceux qui r\u00e9sistent pour la terre et l&rsquo;honneur \u00e0 Gaza l&rsquo;h\u00e9ro\u00efque, et ceux qui tuent et expulsent dans les terres domin\u00e9es par les int\u00e9gristes\u00a0et les ignorants\u00a0\u00bb, a-t-il pr\u00e9cis\u00e9.<\/p>\n","protected":false},"excerpt":{"rendered":"<p>Marzouki : Les Y\u00e9zidis et les Chr\u00e9tiens d&rsquo;Irak sont les bienvenus en Tunisie<\/p>\n","protected":false},"author":3222,"featured_media":373711,"comment_status":"open","ping_status":"open","sticky":false,"template":"","format":"standard","meta":{"footnotes":""},"categories":[11342],"tags":[],"class_list":["post-180121","post","type-post","status-publish","format-standard","has-post-thumbnail","hentry","category-terrorisme"],"yoast_head":"<!-- This site is optimized with the Yoast SEO Premium plugin v27.5 (Yoast SEO v27.5) - https:\/\/yoast.com\/product\/yoast-seo-premium-wordpress\/ -->\n<title>Marzouki : Les Y\u00e9zidis et les Chr\u00e9tiens d&#039;Irak sont les bienvenus en Tunisie<\/title>\n<meta name=\"description\" content=\"Marzouki : Les Y\u00e9zidis et les Chr\u00e9tiens d&#039;Irak sont les bienvenus en Tunisie\" \/>\n<link rel=\"canonical\" href=\"https:\/\/www.webdo.tn\/fr\/actualite\/blog\/marzouki-les-yezidis-les-chretiens-dirak-les-bienvenus-en-tunisie-2\/180121\/\" \/>\n<meta property=\"og:locale\" content=\"fr_FR\" \/>\n<meta property=\"og:type\" content=\"article\" \/>\n<meta property=\"og:title\" content=\"Marzouki : Les Y\u00e9zidis et les Chr\u00e9tiens d&#039;Irak sont les bienvenus en Tunisie\" \/>\n<meta property=\"og:description\" content=\"Marzouki : Les Y\u00e9zidis et les Chr\u00e9tiens d&#039;Irak sont les bienvenus en Tunisie\" \/>\n<meta property=\"og:url\" content=\"https:\/\/www.webdo.tn\/fr\/actualite\/blog\/marzouki-les-yezidis-les-chretiens-dirak-les-bienvenus-en-tunisie-2\/180121\/\" \/>\n<meta property=\"og:site_name\" content=\"webdo\" \/>\n<meta property=\"article:publisher\" content=\"https:\/\/www.facebook.com\/webdotn\" \/>\n<meta property=\"article:published_time\" content=\"2014-08-12T13:21:00+00:00\" \/>\n<meta property=\"article:modified_time\" content=\"2025-06-04T18:17:41+00:00\" \/>\n<meta name=\"author\" content=\"webdo.tn\" \/>\n<meta name=\"twitter:card\" content=\"summary_large_image\" \/>\n<meta name=\"twitter:creator\" content=\"@webdo_tn\" \/>\n<meta name=\"twitter:site\" content=\"@webdo_tn\" \/>\n<meta name=\"twitter:label1\" content=\"\u00c9crit par\" \/>\n\t<meta name=\"twitter:data1\" content=\"webdo.tn\" \/>\n\t<meta name=\"twitter:label2\" content=\"Dur\u00e9e de lecture estim\u00e9e\" \/>\n\t<meta name=\"twitter:data2\" content=\"1 minute\" \/>\n<script type=\"application\/ld+json\" class=\"yoast-schema-graph\">{\"@context\":\"https:\\\/\\\/schema.org\",\"@graph\":[{\"@type\":\"NewsArticle\",\"@id\":\"https:\\\/\\\/www.webdo.tn\\\/fr\\\/actualite\\\/blog\\\/marzouki-les-yezidis-les-chretiens-dirak-les-bienvenus-en-tunisie-2\\\/180121\\\/#article\",\"isPartOf\":{\"@id\":\"https:\\\/\\\/www.webdo.tn\\\/fr\\\/actualite\\\/blog\\\/marzouki-les-yezidis-les-chretiens-dirak-les-bienvenus-en-tunisie-2\\\/180121\\\/\"},\"author\":{\"name\":\"webdo.tn\",\"@id\":\"https:\\\/\\\/www.webdo.tn\\\/fr\\\/#\\\/schema\\\/person\\\/9a9c6118d687c117df8ef3cc36a4d175\"},\"headline\":\"Marzouki : Les Y\u00e9zidis et les Chr\u00e9tiens d&rsquo;Irak sont les bienvenus en Tunisie\",\"datePublished\":\"2014-08-12T13:21:00+00:00\",\"dateModified\":\"2025-06-04T18:17:41+00:00\",\"mainEntityOfPage\":{\"@id\":\"https:\\\/\\\/www.webdo.tn\\\/fr\\\/actualite\\\/blog\\\/marzouki-les-yezidis-les-chretiens-dirak-les-bienvenus-en-tunisie-2\\\/180121\\\/\"},\"wordCount\":251,\"commentCount\":0,\"publisher\":{\"@id\":\"https:\\\/\\\/www.webdo.tn\\\/fr\\\/#organization\"},\"image\":{\"@id\":\"https:\\\/\\\/www.webdo.tn\\\/fr\\\/actualite\\\/blog\\\/marzouki-les-yezidis-les-chretiens-dirak-les-bienvenus-en-tunisie-2\\\/180121\\\/#primaryimage\"},\"thumbnailUrl\":\"https:\\\/\\\/www.webdo.tn\\\/fr\\\/wp-content\\\/uploads\\\/2025\\\/06\\\/Moncef-Marzouki-photo-leskoop.com__180121.jpg\",\"articleSection\":[\"Terrorisme\"],\"inLanguage\":\"fr-FR\"},{\"@type\":\"WebPage\",\"@id\":\"https:\\\/\\\/www.webdo.tn\\\/fr\\\/actualite\\\/blog\\\/marzouki-les-yezidis-les-chretiens-dirak-les-bienvenus-en-tunisie-2\\\/180121\\\/\",\"url\":\"https:\\\/\\\/www.webdo.tn\\\/fr\\\/actualite\\\/blog\\\/marzouki-les-yezidis-les-chretiens-dirak-les-bienvenus-en-tunisie-2\\\/180121\\\/\",\"name\":\"Marzouki : Les Y\u00e9zidis et les Chr\u00e9tiens d'Irak sont les bienvenus en Tunisie\",\"isPartOf\":{\"@id\":\"https:\\\/\\\/www.webdo.tn\\\/fr\\\/#website\"},\"primaryImageOfPage\":{\"@id\":\"https:\\\/\\\/www.webdo.tn\\\/fr\\\/actualite\\\/blog\\\/marzouki-les-yezidis-les-chretiens-dirak-les-bienvenus-en-tunisie-2\\\/180121\\\/#primaryimage\"},\"image\":{\"@id\":\"https:\\\/\\\/www.webdo.tn\\\/fr\\\/actualite\\\/blog\\\/marzouki-les-yezidis-les-chretiens-dirak-les-bienvenus-en-tunisie-2\\\/180121\\\/#primaryimage\"},\"thumbnailUrl\":\"https:\\\/\\\/www.webdo.tn\\\/fr\\\/wp-content\\\/uploads\\\/2025\\\/06\\\/Moncef-Marzouki-photo-leskoop.com__180121.jpg\",\"datePublished\":\"2014-08-12T13:21:00+00:00\",\"dateModified\":\"2025-06-04T18:17:41+00:00\",\"description\":\"Marzouki : Les Y\u00e9zidis et les Chr\u00e9tiens d'Irak sont les bienvenus en Tunisie\",\"breadcrumb\":{\"@id\":\"https:\\\/\\\/www.webdo.tn\\\/fr\\\/actualite\\\/blog\\\/marzouki-les-yezidis-les-chretiens-dirak-les-bienvenus-en-tunisie-2\\\/180121\\\/#breadcrumb\"},\"inLanguage\":\"fr-FR\",\"potentialAction\":[{\"@type\":\"ReadAction\",\"target\":[\"https:\\\/\\\/www.webdo.tn\\\/fr\\\/actualite\\\/blog\\\/marzouki-les-yezidis-les-chretiens-dirak-les-bienvenus-en-tunisie-2\\\/180121\\\/\"]}]},{\"@type\":\"ImageObject\",\"inLanguage\":\"fr-FR\",\"@id\":\"https:\\\/\\\/www.webdo.tn\\\/fr\\\/actualite\\\/blog\\\/marzouki-les-yezidis-les-chretiens-dirak-les-bienvenus-en-tunisie-2\\\/180121\\\/#primaryimage\",\"url\":\"https:\\\/\\\/www.webdo.tn\\\/fr\\\/wp-content\\\/uploads\\\/2025\\\/06\\\/Moncef-Marzouki-photo-leskoop.com__180121.jpg\",\"contentUrl\":\"https:\\\/\\\/www.webdo.tn\\\/fr\\\/wp-content\\\/uploads\\\/2025\\\/06\\\/Moncef-Marzouki-photo-leskoop.com__180121.jpg\",\"width\":375,\"height\":250,\"caption\":\"Marzouki : Les Y\u00e9zidis et les Chr\u00e9tiens d'Irak sont les bienvenus en Tunisie\"},{\"@type\":\"BreadcrumbList\",\"@id\":\"https:\\\/\\\/www.webdo.tn\\\/fr\\\/actualite\\\/blog\\\/marzouki-les-yezidis-les-chretiens-dirak-les-bienvenus-en-tunisie-2\\\/180121\\\/#breadcrumb\",\"itemListElement\":[{\"@type\":\"ListItem\",\"position\":1,\"name\":\"Accueil\",\"item\":\"https:\\\/\\\/www.webdo.tn\\\/fr\\\/\"},{\"@type\":\"ListItem\",\"position\":2,\"name\":\"Marzouki : Les Y\u00e9zidis et les Chr\u00e9tiens d&rsquo;Irak sont les bienvenus en Tunisie\"}]},{\"@type\":\"WebSite\",\"@id\":\"https:\\\/\\\/www.webdo.tn\\\/fr\\\/#website\",\"url\":\"https:\\\/\\\/www.webdo.tn\\\/fr\\\/\",\"name\":\"webdo\",\"description\":\"Tunisie - News en Tunisie et \u00e0 l&#039;international sur Webdo.tn\",\"publisher\":{\"@id\":\"https:\\\/\\\/www.webdo.tn\\\/fr\\\/#organization\"},\"potentialAction\":[{\"@type\":\"SearchAction\",\"target\":{\"@type\":\"EntryPoint\",\"urlTemplate\":\"https:\\\/\\\/www.webdo.tn\\\/fr\\\/?s={search_term_string}\"},\"query-input\":{\"@type\":\"PropertyValueSpecification\",\"valueRequired\":true,\"valueName\":\"search_term_string\"}}],\"inLanguage\":\"fr-FR\"},{\"@type\":\"Organization\",\"@id\":\"https:\\\/\\\/www.webdo.tn\\\/fr\\\/#organization\",\"name\":\"Webdo\",\"alternateName\":\"Webdo.tn\",\"url\":\"https:\\\/\\\/www.webdo.tn\\\/fr\\\/\",\"logo\":{\"@type\":\"ImageObject\",\"inLanguage\":\"fr-FR\",\"@id\":\"https:\\\/\\\/www.webdo.tn\\\/fr\\\/#\\\/schema\\\/logo\\\/image\\\/\",\"url\":\"https:\\\/\\\/www.webdo.tn\\\/fr\\\/wp-content\\\/uploads\\\/2025\\\/06\\\/Webdo-Tunisie_168377.jpg\",\"contentUrl\":\"https:\\\/\\\/www.webdo.tn\\\/fr\\\/wp-content\\\/uploads\\\/2025\\\/06\\\/Webdo-Tunisie_168377.jpg\",\"width\":301,\"height\":301,\"caption\":\"Webdo\"},\"image\":{\"@id\":\"https:\\\/\\\/www.webdo.tn\\\/fr\\\/#\\\/schema\\\/logo\\\/image\\\/\"},\"sameAs\":[\"https:\\\/\\\/www.facebook.com\\\/webdotn\",\"https:\\\/\\\/x.com\\\/webdo_tn\"],\"description\":\"Webdo est un m\u00e9dia num\u00e9rique tunisien fond\u00e9 en 2010, sp\u00e9cialis\u00e9 dans l\u2019actualit\u00e9 nationale et internationale, l\u2019\u00e9conomie, la soci\u00e9t\u00e9 et les analyses politiques. Le site s\u2019adresse \u00e0 un large public francophone et couvre l\u2019information tunisienne en temps r\u00e9el.\",\"email\":\"redac@webdo.tn\",\"legalName\":\"YNJ SARL\",\"foundingDate\":\"2010-09-06\",\"numberOfEmployees\":{\"@type\":\"QuantitativeValue\",\"minValue\":\"11\",\"maxValue\":\"50\"}},{\"@type\":\"Person\",\"@id\":\"https:\\\/\\\/www.webdo.tn\\\/fr\\\/#\\\/schema\\\/person\\\/9a9c6118d687c117df8ef3cc36a4d175\",\"name\":\"webdo.tn\",\"image\":{\"@type\":\"ImageObject\",\"inLanguage\":\"fr-FR\",\"@id\":\"https:\\\/\\\/secure.gravatar.com\\\/avatar\\\/7ce1f28c0c3bbac99ff550b85ef8e44a6950c6ee24514fb6a5489e51d06f0298?s=96&d=mm&r=g\",\"url\":\"https:\\\/\\\/secure.gravatar.com\\\/avatar\\\/7ce1f28c0c3bbac99ff550b85ef8e44a6950c6ee24514fb6a5489e51d06f0298?s=96&d=mm&r=g\",\"contentUrl\":\"https:\\\/\\\/secure.gravatar.com\\\/avatar\\\/7ce1f28c0c3bbac99ff550b85ef8e44a6950c6ee24514fb6a5489e51d06f0298?s=96&d=mm&r=g\",\"caption\":\"webdo.tn\"},\"url\":\"https:\\\/\\\/www.webdo.tn\\\/fr\\\/actualite\\\/author\\\/webdotn\\\/\"}]}<\/script>\n<!-- \/ Yoast SEO Premium plugin. -->","yoast_head_json":{"title":"Marzouki : Les Y\u00e9zidis et les Chr\u00e9tiens d'Irak sont les bienvenus en Tunisie","description":"Marzouki : Les Y\u00e9zidis et les Chr\u00e9tiens d'Irak sont les bienvenus en Tunisie","canonical":"https:\/\/www.webdo.tn\/fr\/actualite\/blog\/marzouki-les-yezidis-les-chretiens-dirak-les-bienvenus-en-tunisie-2\/180121\/","og_locale":"fr_FR","og_type":"article","og_title":"Marzouki : Les Y\u00e9zidis et les Chr\u00e9tiens d'Irak sont les bienvenus en Tunisie","og_description":"Marzouki : Les Y\u00e9zidis et les Chr\u00e9tiens d'Irak sont les bienvenus en Tunisie","og_url":"https:\/\/www.webdo.tn\/fr\/actualite\/blog\/marzouki-les-yezidis-les-chretiens-dirak-les-bienvenus-en-tunisie-2\/180121\/","og_site_name":"webdo","article_publisher":"https:\/\/www.facebook.com\/webdotn","article_published_time":"2014-08-12T13:21:00+00:00","article_modified_time":"2025-06-04T18:17:41+00:00","author":"webdo.tn","twitter_card":"summary_large_image","twitter_creator":"@webdo_tn","twitter_site":"@webdo_tn","twitter_misc":{"\u00c9crit par":"webdo.tn","Dur\u00e9e de lecture estim\u00e9e":"1 minute"},"schema":{"@context":"https:\/\/schema.org","@graph":[{"@type":"NewsArticle","@id":"https:\/\/www.webdo.tn\/fr\/actualite\/blog\/marzouki-les-yezidis-les-chretiens-dirak-les-bienvenus-en-tunisie-2\/180121\/#article","isPartOf":{"@id":"https:\/\/www.webdo.tn\/fr\/actualite\/blog\/marzouki-les-yezidis-les-chretiens-dirak-les-bienvenus-en-tunisie-2\/180121\/"},"author":{"name":"webdo.tn","@id":"https:\/\/www.webdo.tn\/fr\/#\/schema\/person\/9a9c6118d687c117df8ef3cc36a4d175"},"headline":"Marzouki : Les Y\u00e9zidis et les Chr\u00e9tiens d&rsquo;Irak sont les bienvenus en Tunisie","datePublished":"2014-08-12T13:21:00+00:00","dateModified":"2025-06-04T18:17:41+00:00","mainEntityOfPage":{"@id":"https:\/\/www.webdo.tn\/fr\/actualite\/blog\/marzouki-les-yezidis-les-chretiens-dirak-les-bienvenus-en-tunisie-2\/180121\/"},"wordCount":251,"commentCount":0,"publisher":{"@id":"https:\/\/www.webdo.tn\/fr\/#organization"},"image":{"@id":"https:\/\/www.webdo.tn\/fr\/actualite\/blog\/marzouki-les-yezidis-les-chretiens-dirak-les-bienvenus-en-tunisie-2\/180121\/#primaryimage"},"thumbnailUrl":"https:\/\/www.webdo.tn\/fr\/wp-content\/uploads\/2025\/06\/Moncef-Marzouki-photo-leskoop.com__180121.jpg","articleSection":["Terrorisme"],"inLanguage":"fr-FR"},{"@type":"WebPage","@id":"https:\/\/www.webdo.tn\/fr\/actualite\/blog\/marzouki-les-yezidis-les-chretiens-dirak-les-bienvenus-en-tunisie-2\/180121\/","url":"https:\/\/www.webdo.tn\/fr\/actualite\/blog\/marzouki-les-yezidis-les-chretiens-dirak-les-bienvenus-en-tunisie-2\/180121\/","name":"Marzouki : Les Y\u00e9zidis et les Chr\u00e9tiens d'Irak sont les bienvenus en Tunisie","isPartOf":{"@id":"https:\/\/www.webdo.tn\/fr\/#website"},"primaryImageOfPage":{"@id":"https:\/\/www.webdo.tn\/fr\/actualite\/blog\/marzouki-les-yezidis-les-chretiens-dirak-les-bienvenus-en-tunisie-2\/180121\/#primaryimage"},"image":{"@id":"https:\/\/www.webdo.tn\/fr\/actualite\/blog\/marzouki-les-yezidis-les-chretiens-dirak-les-bienvenus-en-tunisie-2\/180121\/#primaryimage"},"thumbnailUrl":"https:\/\/www.webdo.tn\/fr\/wp-content\/uploads\/2025\/06\/Moncef-Marzouki-photo-leskoop.com__180121.jpg","datePublished":"2014-08-12T13:21:00+00:00","dateModified":"2025-06-04T18:17:41+00:00","description":"Marzouki : Les Y\u00e9zidis et les Chr\u00e9tiens d'Irak sont les bienvenus en Tunisie","breadcrumb":{"@id":"https:\/\/www.webdo.tn\/fr\/actualite\/blog\/marzouki-les-yezidis-les-chretiens-dirak-les-bienvenus-en-tunisie-2\/180121\/#breadcrumb"},"inLanguage":"fr-FR","potentialAction":[{"@type":"ReadAction","target":["https:\/\/www.webdo.tn\/fr\/actualite\/blog\/marzouki-les-yezidis-les-chretiens-dirak-les-bienvenus-en-tunisie-2\/180121\/"]}]},{"@type":"ImageObject","inLanguage":"fr-FR","@id":"https:\/\/www.webdo.tn\/fr\/actualite\/blog\/marzouki-les-yezidis-les-chretiens-dirak-les-bienvenus-en-tunisie-2\/180121\/#primaryimage","url":"https:\/\/www.webdo.tn\/fr\/wp-content\/uploads\/2025\/06\/Moncef-Marzouki-photo-leskoop.com__180121.jpg","contentUrl":"https:\/\/www.webdo.tn\/fr\/wp-content\/uploads\/2025\/06\/Moncef-Marzouki-photo-leskoop.com__180121.jpg","width":375,"height":250,"caption":"Marzouki : Les Y\u00e9zidis et les Chr\u00e9tiens d'Irak sont les bienvenus en Tunisie"},{"@type":"BreadcrumbList","@id":"https:\/\/www.webdo.tn\/fr\/actualite\/blog\/marzouki-les-yezidis-les-chretiens-dirak-les-bienvenus-en-tunisie-2\/180121\/#breadcrumb","itemListElement":[{"@type":"ListItem","position":1,"name":"Accueil","item":"https:\/\/www.webdo.tn\/fr\/"},{"@type":"ListItem","position":2,"name":"Marzouki : Les Y\u00e9zidis et les Chr\u00e9tiens d&rsquo;Irak sont les bienvenus en Tunisie"}]},{"@type":"WebSite","@id":"https:\/\/www.webdo.tn\/fr\/#website","url":"https:\/\/www.webdo.tn\/fr\/","name":"webdo","description":"Tunisie - News en Tunisie et \u00e0 l&#039;international sur Webdo.tn","publisher":{"@id":"https:\/\/www.webdo.tn\/fr\/#organization"},"potentialAction":[{"@type":"SearchAction","target":{"@type":"EntryPoint","urlTemplate":"https:\/\/www.webdo.tn\/fr\/?s={search_term_string}"},"query-input":{"@type":"PropertyValueSpecification","valueRequired":true,"valueName":"search_term_string"}}],"inLanguage":"fr-FR"},{"@type":"Organization","@id":"https:\/\/www.webdo.tn\/fr\/#organization","name":"Webdo","alternateName":"Webdo.tn","url":"https:\/\/www.webdo.tn\/fr\/","logo":{"@type":"ImageObject","inLanguage":"fr-FR","@id":"https:\/\/www.webdo.tn\/fr\/#\/schema\/logo\/image\/","url":"https:\/\/www.webdo.tn\/fr\/wp-content\/uploads\/2025\/06\/Webdo-Tunisie_168377.jpg","contentUrl":"https:\/\/www.webdo.tn\/fr\/wp-content\/uploads\/2025\/06\/Webdo-Tunisie_168377.jpg","width":301,"height":301,"caption":"Webdo"},"image":{"@id":"https:\/\/www.webdo.tn\/fr\/#\/schema\/logo\/image\/"},"sameAs":["https:\/\/www.facebook.com\/webdotn","https:\/\/x.com\/webdo_tn"],"description":"Webdo est un m\u00e9dia num\u00e9rique tunisien fond\u00e9 en 2010, sp\u00e9cialis\u00e9 dans l\u2019actualit\u00e9 nationale et internationale, l\u2019\u00e9conomie, la soci\u00e9t\u00e9 et les analyses politiques. Le site s\u2019adresse \u00e0 un large public francophone et couvre l\u2019information tunisienne en temps r\u00e9el.","email":"redac@webdo.tn","legalName":"YNJ SARL","foundingDate":"2010-09-06","numberOfEmployees":{"@type":"QuantitativeValue","minValue":"11","maxValue":"50"}},{"@type":"Person","@id":"https:\/\/www.webdo.tn\/fr\/#\/schema\/person\/9a9c6118d687c117df8ef3cc36a4d175","name":"webdo.tn","image":{"@type":"ImageObject","inLanguage":"fr-FR","@id":"https:\/\/secure.gravatar.com\/avatar\/7ce1f28c0c3bbac99ff550b85ef8e44a6950c6ee24514fb6a5489e51d06f0298?s=96&d=mm&r=g","url":"https:\/\/secure.gravatar.com\/avatar\/7ce1f28c0c3bbac99ff550b85ef8e44a6950c6ee24514fb6a5489e51d06f0298?s=96&d=mm&r=g","contentUrl":"https:\/\/secure.gravatar.com\/avatar\/7ce1f28c0c3bbac99ff550b85ef8e44a6950c6ee24514fb6a5489e51d06f0298?s=96&d=mm&r=g","caption":"webdo.tn"},"url":"https:\/\/www.webdo.tn\/fr\/actualite\/author\/webdotn\/"}]}},"_links":{"self":[{"href":"https:\/\/www.webdo.tn\/fr\/wp-json\/wp\/v2\/posts\/180121","targetHints":{"allow":["GET"]}}],"collection":[{"href":"https:\/\/www.webdo.tn\/fr\/wp-json\/wp\/v2\/posts"}],"about":[{"href":"https:\/\/www.webdo.tn\/fr\/wp-json\/wp\/v2\/types\/post"}],"author":[{"embeddable":true,"href":"https:\/\/www.webdo.tn\/fr\/wp-json\/wp\/v2\/users\/3222"}],"replies":[{"embeddable":true,"href":"https:\/\/www.webdo.tn\/fr\/wp-json\/wp\/v2\/comments?post=180121"}],"version-history":[{"count":0,"href":"https:\/\/www.webdo.tn\/fr\/wp-json\/wp\/v2\/posts\/180121\/revisions"}],"wp:featuredmedia":[{"embeddable":true,"href":"https:\/\/www.webdo.tn\/fr\/wp-json\/wp\/v2\/media\/373711"}],"wp:attachment":[{"href":"https:\/\/www.webdo.tn\/fr\/wp-json\/wp\/v2\/media?parent=180121"}],"wp:term":[{"taxonomy":"category","embeddable":true,"href":"https:\/\/www.webdo.tn\/fr\/wp-json\/wp\/v2\/categories?post=180121"},{"taxonomy":"post_tag","embeddable":true,"href":"https:\/\/www.webdo.tn\/fr\/wp-json\/wp\/v2\/tags?post=180121"}],"curies":[{"name":"wp","href":"https:\/\/api.w.org\/{rel}","templated":true}]}}