{"id":180120,"date":"2014-08-12T16:08:00","date_gmt":"2014-08-12T14:08:00","guid":{"rendered":"https:\/\/www.webdo.tn\/fr\/actualite\/terrorisme\/six-tunisiens-arretes-apologie-du-terrorisme-facebook\/180120"},"modified":"2025-06-04T18:17:51","modified_gmt":"2025-06-04T18:17:51","slug":"six-tunisiens-arretes-apologie-du-terrorisme-facebook-2","status":"publish","type":"post","link":"https:\/\/www.webdo.tn\/fr\/actualite\/terrorisme\/six-tunisiens-arretes-apologie-du-terrorisme-facebook-2\/180120\/","title":{"rendered":"Six Tunisiens arr\u00eat\u00e9s pour apologie du terrorisme sur Facebook"},"content":{"rendered":"<p>S\u00c9CURIT\u00c9\u00a0|<\/p>\n<p>Quatre filles et deux jeunes hommes, d\u00e9sign\u00e9s comme \u00ab\u00a0takfiristes\u00a0\u00bb (excommunication), c\u00e9l\u00e9brant la mort de soldats tunisiens et appelant \u00e0 des activit\u00e9s terroristes sur \u00ab\u00a0des r\u00e9seaux sociaux\u00a0\u00bb ont \u00e9t\u00e9 arr\u00eat\u00e9s, d&rsquo;apr\u00e8s un communiqu\u00e9 du minist\u00e8re de l&rsquo;Int\u00e9rieur, qui ne mentionne pas la date de l&rsquo;arrestation.<\/p>\n<p>Le minist\u00e8re de l&rsquo;Int\u00e9rieur tunisien a publi\u00e9 ce\u00a0mardi 12 ao\u00fbt, un\u00a0communiqu\u00e9, \u00a0pr\u00e9cisant que suite \u00e0 des op\u00e9rations s\u00e9curitaires dans diff\u00e9rentes parties du pays, l&rsquo;unit\u00e9 nationale pour la recherche sur les crimes terroristes a pu arr\u00eater six \u00a0\u00bbtakfiristes\u00a0\u00bb ayant fait l&rsquo;apologie du terrorisme sur Facebook. Le minist\u00e8re a publi\u00e9 \u00e9galement les photos des pr\u00e9sum\u00e9s \u00a0\u00bbtakfiristes\u00a0\u00bb.<\/p>\n<p>L&rsquo;un d&rsquo;entre aux ferait partie d&rsquo;une \u00ab\u00a0une organisation terroriste \u00e9trang\u00e8re\u00a0\u00bb et \u00a0aurait menac\u00e9 de \u00ab\u00a0prendre pour\u00a0cible quelques personnalit\u00e9s officielles de l&rsquo;Etat\u00a0\u00bb. \u00a0Les pr\u00e9sum\u00e9s \u00ab\u00a0takfiristes\u00a0\u00bb seront traduits devant la justice.<\/p>\n<p>Les takfiristes, consid\u00e9r\u00e9s comme les descendants modernes des Kharijites, consid\u00e8rent ceux (musulmans ou autres) qui ne partagent pas leur point de vue religieux comme des apostats \u00e0 \u00e9liminer.<\/p>\n<p>Rappelons que, selon l&rsquo;article 6 de la constitution tunisienne, l&rsquo;Etat s&rsquo;engage \u00e0 interdire les campagnes d&rsquo;accusation d&rsquo;apostasie et l&rsquo;incitation \u00e0 la haine et \u00e0 la violence.<\/p>\n<p>[Br\u00e8ve]<\/p>\n","protected":false},"excerpt":{"rendered":"<p>Six Tunisiens arr\u00eat\u00e9s pour apologie du terrorisme sur Facebook <\/p>\n","protected":false},"author":3222,"featured_media":375024,"comment_status":"open","ping_status":"open","sticky":false,"template":"","format":"standard","meta":{"footnotes":""},"categories":[11342],"tags":[],"class_list":["post-180120","post","type-post","status-publish","format-standard","has-post-thumbnail","hentry","category-terrorisme"],"yoast_head":"<!-- This site is optimized with the Yoast SEO Premium plugin v27.5 (Yoast SEO v27.5) - https:\/\/yoast.com\/product\/yoast-seo-premium-wordpress\/ -->\n<title>Six Tunisiens arr\u00eat\u00e9s pour apologie du terrorisme sur Facebook<\/title>\n<meta name=\"description\" content=\"Six Tunisiens arr\u00eat\u00e9s pour apologie du terrorisme sur Facebook\" \/>\n<link rel=\"canonical\" href=\"https:\/\/www.webdo.tn\/fr\/actualite\/terrorisme\/six-tunisiens-arretes-apologie-du-terrorisme-facebook-2\/180120\/\" \/>\n<meta property=\"og:locale\" content=\"fr_FR\" \/>\n<meta property=\"og:type\" content=\"article\" \/>\n<meta property=\"og:title\" content=\"Six Tunisiens arr\u00eat\u00e9s pour apologie du terrorisme sur Facebook\" \/>\n<meta property=\"og:description\" content=\"Six Tunisiens arr\u00eat\u00e9s pour apologie du terrorisme sur Facebook\" \/>\n<meta property=\"og:url\" content=\"https:\/\/www.webdo.tn\/fr\/actualite\/terrorisme\/six-tunisiens-arretes-apologie-du-terrorisme-facebook-2\/180120\/\" \/>\n<meta property=\"og:site_name\" content=\"webdo\" \/>\n<meta property=\"article:publisher\" content=\"https:\/\/www.facebook.com\/webdotn\" \/>\n<meta property=\"article:published_time\" content=\"2014-08-12T14:08:00+00:00\" \/>\n<meta property=\"article:modified_time\" content=\"2025-06-04T18:17:51+00:00\" \/>\n<meta name=\"author\" content=\"webdo.tn\" \/>\n<meta name=\"twitter:card\" content=\"summary_large_image\" \/>\n<meta name=\"twitter:creator\" content=\"@webdo_tn\" \/>\n<meta name=\"twitter:site\" content=\"@webdo_tn\" \/>\n<meta name=\"twitter:label1\" content=\"\u00c9crit par\" \/>\n\t<meta name=\"twitter:data1\" content=\"webdo.tn\" \/>\n\t<meta name=\"twitter:label2\" content=\"Dur\u00e9e de lecture estim\u00e9e\" \/>\n\t<meta name=\"twitter:data2\" content=\"1 minute\" \/>\n<script type=\"application\/ld+json\" class=\"yoast-schema-graph\">{\"@context\":\"https:\\\/\\\/schema.org\",\"@graph\":[{\"@type\":\"NewsArticle\",\"@id\":\"https:\\\/\\\/www.webdo.tn\\\/fr\\\/actualite\\\/terrorisme\\\/six-tunisiens-arretes-apologie-du-terrorisme-facebook-2\\\/180120\\\/#article\",\"isPartOf\":{\"@id\":\"https:\\\/\\\/www.webdo.tn\\\/fr\\\/actualite\\\/terrorisme\\\/six-tunisiens-arretes-apologie-du-terrorisme-facebook-2\\\/180120\\\/\"},\"author\":{\"name\":\"webdo.tn\",\"@id\":\"https:\\\/\\\/www.webdo.tn\\\/fr\\\/#\\\/schema\\\/person\\\/9a9c6118d687c117df8ef3cc36a4d175\"},\"headline\":\"Six Tunisiens arr\u00eat\u00e9s pour apologie du terrorisme sur Facebook\",\"datePublished\":\"2014-08-12T14:08:00+00:00\",\"dateModified\":\"2025-06-04T18:17:51+00:00\",\"mainEntityOfPage\":{\"@id\":\"https:\\\/\\\/www.webdo.tn\\\/fr\\\/actualite\\\/terrorisme\\\/six-tunisiens-arretes-apologie-du-terrorisme-facebook-2\\\/180120\\\/\"},\"wordCount\":236,\"commentCount\":0,\"publisher\":{\"@id\":\"https:\\\/\\\/www.webdo.tn\\\/fr\\\/#organization\"},\"image\":{\"@id\":\"https:\\\/\\\/www.webdo.tn\\\/fr\\\/actualite\\\/terrorisme\\\/six-tunisiens-arretes-apologie-du-terrorisme-facebook-2\\\/180120\\\/#primaryimage\"},\"thumbnailUrl\":\"https:\\\/\\\/www.webdo.tn\\\/fr\\\/wp-content\\\/uploads\\\/2025\\\/06\\\/Ministere-de-lInterieur-300x201_180120.jpg\",\"articleSection\":[\"Terrorisme\"],\"inLanguage\":\"fr-FR\"},{\"@type\":\"WebPage\",\"@id\":\"https:\\\/\\\/www.webdo.tn\\\/fr\\\/actualite\\\/terrorisme\\\/six-tunisiens-arretes-apologie-du-terrorisme-facebook-2\\\/180120\\\/\",\"url\":\"https:\\\/\\\/www.webdo.tn\\\/fr\\\/actualite\\\/terrorisme\\\/six-tunisiens-arretes-apologie-du-terrorisme-facebook-2\\\/180120\\\/\",\"name\":\"Six Tunisiens arr\u00eat\u00e9s pour apologie du terrorisme sur Facebook\",\"isPartOf\":{\"@id\":\"https:\\\/\\\/www.webdo.tn\\\/fr\\\/#website\"},\"primaryImageOfPage\":{\"@id\":\"https:\\\/\\\/www.webdo.tn\\\/fr\\\/actualite\\\/terrorisme\\\/six-tunisiens-arretes-apologie-du-terrorisme-facebook-2\\\/180120\\\/#primaryimage\"},\"image\":{\"@id\":\"https:\\\/\\\/www.webdo.tn\\\/fr\\\/actualite\\\/terrorisme\\\/six-tunisiens-arretes-apologie-du-terrorisme-facebook-2\\\/180120\\\/#primaryimage\"},\"thumbnailUrl\":\"https:\\\/\\\/www.webdo.tn\\\/fr\\\/wp-content\\\/uploads\\\/2025\\\/06\\\/Ministere-de-lInterieur-300x201_180120.jpg\",\"datePublished\":\"2014-08-12T14:08:00+00:00\",\"dateModified\":\"2025-06-04T18:17:51+00:00\",\"description\":\"Six Tunisiens arr\u00eat\u00e9s pour apologie du terrorisme sur Facebook\",\"breadcrumb\":{\"@id\":\"https:\\\/\\\/www.webdo.tn\\\/fr\\\/actualite\\\/terrorisme\\\/six-tunisiens-arretes-apologie-du-terrorisme-facebook-2\\\/180120\\\/#breadcrumb\"},\"inLanguage\":\"fr-FR\",\"potentialAction\":[{\"@type\":\"ReadAction\",\"target\":[\"https:\\\/\\\/www.webdo.tn\\\/fr\\\/actualite\\\/terrorisme\\\/six-tunisiens-arretes-apologie-du-terrorisme-facebook-2\\\/180120\\\/\"]}]},{\"@type\":\"ImageObject\",\"inLanguage\":\"fr-FR\",\"@id\":\"https:\\\/\\\/www.webdo.tn\\\/fr\\\/actualite\\\/terrorisme\\\/six-tunisiens-arretes-apologie-du-terrorisme-facebook-2\\\/180120\\\/#primaryimage\",\"url\":\"https:\\\/\\\/www.webdo.tn\\\/fr\\\/wp-content\\\/uploads\\\/2025\\\/06\\\/Ministere-de-lInterieur-300x201_180120.jpg\",\"contentUrl\":\"https:\\\/\\\/www.webdo.tn\\\/fr\\\/wp-content\\\/uploads\\\/2025\\\/06\\\/Ministere-de-lInterieur-300x201_180120.jpg\",\"width\":300,\"height\":201,\"caption\":\"Six Tunisiens arr\u00eat\u00e9s pour apologie du terrorisme sur Facebook\"},{\"@type\":\"BreadcrumbList\",\"@id\":\"https:\\\/\\\/www.webdo.tn\\\/fr\\\/actualite\\\/terrorisme\\\/six-tunisiens-arretes-apologie-du-terrorisme-facebook-2\\\/180120\\\/#breadcrumb\",\"itemListElement\":[{\"@type\":\"ListItem\",\"position\":1,\"name\":\"Accueil\",\"item\":\"https:\\\/\\\/www.webdo.tn\\\/fr\\\/\"},{\"@type\":\"ListItem\",\"position\":2,\"name\":\"Six Tunisiens arr\u00eat\u00e9s pour apologie du terrorisme sur Facebook\"}]},{\"@type\":\"WebSite\",\"@id\":\"https:\\\/\\\/www.webdo.tn\\\/fr\\\/#website\",\"url\":\"https:\\\/\\\/www.webdo.tn\\\/fr\\\/\",\"name\":\"webdo\",\"description\":\"Tunisie - News en Tunisie et \u00e0 l&#039;international sur Webdo.tn\",\"publisher\":{\"@id\":\"https:\\\/\\\/www.webdo.tn\\\/fr\\\/#organization\"},\"potentialAction\":[{\"@type\":\"SearchAction\",\"target\":{\"@type\":\"EntryPoint\",\"urlTemplate\":\"https:\\\/\\\/www.webdo.tn\\\/fr\\\/?s={search_term_string}\"},\"query-input\":{\"@type\":\"PropertyValueSpecification\",\"valueRequired\":true,\"valueName\":\"search_term_string\"}}],\"inLanguage\":\"fr-FR\"},{\"@type\":\"Organization\",\"@id\":\"https:\\\/\\\/www.webdo.tn\\\/fr\\\/#organization\",\"name\":\"Webdo\",\"alternateName\":\"Webdo.tn\",\"url\":\"https:\\\/\\\/www.webdo.tn\\\/fr\\\/\",\"logo\":{\"@type\":\"ImageObject\",\"inLanguage\":\"fr-FR\",\"@id\":\"https:\\\/\\\/www.webdo.tn\\\/fr\\\/#\\\/schema\\\/logo\\\/image\\\/\",\"url\":\"https:\\\/\\\/www.webdo.tn\\\/fr\\\/wp-content\\\/uploads\\\/2025\\\/06\\\/Webdo-Tunisie_168377.jpg\",\"contentUrl\":\"https:\\\/\\\/www.webdo.tn\\\/fr\\\/wp-content\\\/uploads\\\/2025\\\/06\\\/Webdo-Tunisie_168377.jpg\",\"width\":301,\"height\":301,\"caption\":\"Webdo\"},\"image\":{\"@id\":\"https:\\\/\\\/www.webdo.tn\\\/fr\\\/#\\\/schema\\\/logo\\\/image\\\/\"},\"sameAs\":[\"https:\\\/\\\/www.facebook.com\\\/webdotn\",\"https:\\\/\\\/x.com\\\/webdo_tn\"],\"description\":\"Webdo est un m\u00e9dia num\u00e9rique tunisien fond\u00e9 en 2010, sp\u00e9cialis\u00e9 dans l\u2019actualit\u00e9 nationale et internationale, l\u2019\u00e9conomie, la soci\u00e9t\u00e9 et les analyses politiques. Le site s\u2019adresse \u00e0 un large public francophone et couvre l\u2019information tunisienne en temps r\u00e9el.\",\"email\":\"redac@webdo.tn\",\"legalName\":\"YNJ SARL\",\"foundingDate\":\"2010-09-06\",\"numberOfEmployees\":{\"@type\":\"QuantitativeValue\",\"minValue\":\"11\",\"maxValue\":\"50\"}},{\"@type\":\"Person\",\"@id\":\"https:\\\/\\\/www.webdo.tn\\\/fr\\\/#\\\/schema\\\/person\\\/9a9c6118d687c117df8ef3cc36a4d175\",\"name\":\"webdo.tn\",\"image\":{\"@type\":\"ImageObject\",\"inLanguage\":\"fr-FR\",\"@id\":\"https:\\\/\\\/secure.gravatar.com\\\/avatar\\\/7ce1f28c0c3bbac99ff550b85ef8e44a6950c6ee24514fb6a5489e51d06f0298?s=96&d=mm&r=g\",\"url\":\"https:\\\/\\\/secure.gravatar.com\\\/avatar\\\/7ce1f28c0c3bbac99ff550b85ef8e44a6950c6ee24514fb6a5489e51d06f0298?s=96&d=mm&r=g\",\"contentUrl\":\"https:\\\/\\\/secure.gravatar.com\\\/avatar\\\/7ce1f28c0c3bbac99ff550b85ef8e44a6950c6ee24514fb6a5489e51d06f0298?s=96&d=mm&r=g\",\"caption\":\"webdo.tn\"},\"url\":\"https:\\\/\\\/www.webdo.tn\\\/fr\\\/actualite\\\/author\\\/webdotn\\\/\"}]}<\/script>\n<!-- \/ Yoast SEO Premium plugin. -->","yoast_head_json":{"title":"Six Tunisiens arr\u00eat\u00e9s pour apologie du terrorisme sur Facebook","description":"Six Tunisiens arr\u00eat\u00e9s pour apologie du terrorisme sur Facebook","canonical":"https:\/\/www.webdo.tn\/fr\/actualite\/terrorisme\/six-tunisiens-arretes-apologie-du-terrorisme-facebook-2\/180120\/","og_locale":"fr_FR","og_type":"article","og_title":"Six Tunisiens arr\u00eat\u00e9s pour apologie du terrorisme sur Facebook","og_description":"Six Tunisiens arr\u00eat\u00e9s pour apologie du terrorisme sur Facebook","og_url":"https:\/\/www.webdo.tn\/fr\/actualite\/terrorisme\/six-tunisiens-arretes-apologie-du-terrorisme-facebook-2\/180120\/","og_site_name":"webdo","article_publisher":"https:\/\/www.facebook.com\/webdotn","article_published_time":"2014-08-12T14:08:00+00:00","article_modified_time":"2025-06-04T18:17:51+00:00","author":"webdo.tn","twitter_card":"summary_large_image","twitter_creator":"@webdo_tn","twitter_site":"@webdo_tn","twitter_misc":{"\u00c9crit par":"webdo.tn","Dur\u00e9e de lecture estim\u00e9e":"1 minute"},"schema":{"@context":"https:\/\/schema.org","@graph":[{"@type":"NewsArticle","@id":"https:\/\/www.webdo.tn\/fr\/actualite\/terrorisme\/six-tunisiens-arretes-apologie-du-terrorisme-facebook-2\/180120\/#article","isPartOf":{"@id":"https:\/\/www.webdo.tn\/fr\/actualite\/terrorisme\/six-tunisiens-arretes-apologie-du-terrorisme-facebook-2\/180120\/"},"author":{"name":"webdo.tn","@id":"https:\/\/www.webdo.tn\/fr\/#\/schema\/person\/9a9c6118d687c117df8ef3cc36a4d175"},"headline":"Six Tunisiens arr\u00eat\u00e9s pour apologie du terrorisme sur Facebook","datePublished":"2014-08-12T14:08:00+00:00","dateModified":"2025-06-04T18:17:51+00:00","mainEntityOfPage":{"@id":"https:\/\/www.webdo.tn\/fr\/actualite\/terrorisme\/six-tunisiens-arretes-apologie-du-terrorisme-facebook-2\/180120\/"},"wordCount":236,"commentCount":0,"publisher":{"@id":"https:\/\/www.webdo.tn\/fr\/#organization"},"image":{"@id":"https:\/\/www.webdo.tn\/fr\/actualite\/terrorisme\/six-tunisiens-arretes-apologie-du-terrorisme-facebook-2\/180120\/#primaryimage"},"thumbnailUrl":"https:\/\/www.webdo.tn\/fr\/wp-content\/uploads\/2025\/06\/Ministere-de-lInterieur-300x201_180120.jpg","articleSection":["Terrorisme"],"inLanguage":"fr-FR"},{"@type":"WebPage","@id":"https:\/\/www.webdo.tn\/fr\/actualite\/terrorisme\/six-tunisiens-arretes-apologie-du-terrorisme-facebook-2\/180120\/","url":"https:\/\/www.webdo.tn\/fr\/actualite\/terrorisme\/six-tunisiens-arretes-apologie-du-terrorisme-facebook-2\/180120\/","name":"Six Tunisiens arr\u00eat\u00e9s pour apologie du terrorisme sur Facebook","isPartOf":{"@id":"https:\/\/www.webdo.tn\/fr\/#website"},"primaryImageOfPage":{"@id":"https:\/\/www.webdo.tn\/fr\/actualite\/terrorisme\/six-tunisiens-arretes-apologie-du-terrorisme-facebook-2\/180120\/#primaryimage"},"image":{"@id":"https:\/\/www.webdo.tn\/fr\/actualite\/terrorisme\/six-tunisiens-arretes-apologie-du-terrorisme-facebook-2\/180120\/#primaryimage"},"thumbnailUrl":"https:\/\/www.webdo.tn\/fr\/wp-content\/uploads\/2025\/06\/Ministere-de-lInterieur-300x201_180120.jpg","datePublished":"2014-08-12T14:08:00+00:00","dateModified":"2025-06-04T18:17:51+00:00","description":"Six Tunisiens arr\u00eat\u00e9s pour apologie du terrorisme sur Facebook","breadcrumb":{"@id":"https:\/\/www.webdo.tn\/fr\/actualite\/terrorisme\/six-tunisiens-arretes-apologie-du-terrorisme-facebook-2\/180120\/#breadcrumb"},"inLanguage":"fr-FR","potentialAction":[{"@type":"ReadAction","target":["https:\/\/www.webdo.tn\/fr\/actualite\/terrorisme\/six-tunisiens-arretes-apologie-du-terrorisme-facebook-2\/180120\/"]}]},{"@type":"ImageObject","inLanguage":"fr-FR","@id":"https:\/\/www.webdo.tn\/fr\/actualite\/terrorisme\/six-tunisiens-arretes-apologie-du-terrorisme-facebook-2\/180120\/#primaryimage","url":"https:\/\/www.webdo.tn\/fr\/wp-content\/uploads\/2025\/06\/Ministere-de-lInterieur-300x201_180120.jpg","contentUrl":"https:\/\/www.webdo.tn\/fr\/wp-content\/uploads\/2025\/06\/Ministere-de-lInterieur-300x201_180120.jpg","width":300,"height":201,"caption":"Six Tunisiens arr\u00eat\u00e9s pour apologie du terrorisme sur Facebook"},{"@type":"BreadcrumbList","@id":"https:\/\/www.webdo.tn\/fr\/actualite\/terrorisme\/six-tunisiens-arretes-apologie-du-terrorisme-facebook-2\/180120\/#breadcrumb","itemListElement":[{"@type":"ListItem","position":1,"name":"Accueil","item":"https:\/\/www.webdo.tn\/fr\/"},{"@type":"ListItem","position":2,"name":"Six Tunisiens arr\u00eat\u00e9s pour apologie du terrorisme sur Facebook"}]},{"@type":"WebSite","@id":"https:\/\/www.webdo.tn\/fr\/#website","url":"https:\/\/www.webdo.tn\/fr\/","name":"webdo","description":"Tunisie - News en Tunisie et \u00e0 l&#039;international sur Webdo.tn","publisher":{"@id":"https:\/\/www.webdo.tn\/fr\/#organization"},"potentialAction":[{"@type":"SearchAction","target":{"@type":"EntryPoint","urlTemplate":"https:\/\/www.webdo.tn\/fr\/?s={search_term_string}"},"query-input":{"@type":"PropertyValueSpecification","valueRequired":true,"valueName":"search_term_string"}}],"inLanguage":"fr-FR"},{"@type":"Organization","@id":"https:\/\/www.webdo.tn\/fr\/#organization","name":"Webdo","alternateName":"Webdo.tn","url":"https:\/\/www.webdo.tn\/fr\/","logo":{"@type":"ImageObject","inLanguage":"fr-FR","@id":"https:\/\/www.webdo.tn\/fr\/#\/schema\/logo\/image\/","url":"https:\/\/www.webdo.tn\/fr\/wp-content\/uploads\/2025\/06\/Webdo-Tunisie_168377.jpg","contentUrl":"https:\/\/www.webdo.tn\/fr\/wp-content\/uploads\/2025\/06\/Webdo-Tunisie_168377.jpg","width":301,"height":301,"caption":"Webdo"},"image":{"@id":"https:\/\/www.webdo.tn\/fr\/#\/schema\/logo\/image\/"},"sameAs":["https:\/\/www.facebook.com\/webdotn","https:\/\/x.com\/webdo_tn"],"description":"Webdo est un m\u00e9dia num\u00e9rique tunisien fond\u00e9 en 2010, sp\u00e9cialis\u00e9 dans l\u2019actualit\u00e9 nationale et internationale, l\u2019\u00e9conomie, la soci\u00e9t\u00e9 et les analyses politiques. Le site s\u2019adresse \u00e0 un large public francophone et couvre l\u2019information tunisienne en temps r\u00e9el.","email":"redac@webdo.tn","legalName":"YNJ SARL","foundingDate":"2010-09-06","numberOfEmployees":{"@type":"QuantitativeValue","minValue":"11","maxValue":"50"}},{"@type":"Person","@id":"https:\/\/www.webdo.tn\/fr\/#\/schema\/person\/9a9c6118d687c117df8ef3cc36a4d175","name":"webdo.tn","image":{"@type":"ImageObject","inLanguage":"fr-FR","@id":"https:\/\/secure.gravatar.com\/avatar\/7ce1f28c0c3bbac99ff550b85ef8e44a6950c6ee24514fb6a5489e51d06f0298?s=96&d=mm&r=g","url":"https:\/\/secure.gravatar.com\/avatar\/7ce1f28c0c3bbac99ff550b85ef8e44a6950c6ee24514fb6a5489e51d06f0298?s=96&d=mm&r=g","contentUrl":"https:\/\/secure.gravatar.com\/avatar\/7ce1f28c0c3bbac99ff550b85ef8e44a6950c6ee24514fb6a5489e51d06f0298?s=96&d=mm&r=g","caption":"webdo.tn"},"url":"https:\/\/www.webdo.tn\/fr\/actualite\/author\/webdotn\/"}]}},"_links":{"self":[{"href":"https:\/\/www.webdo.tn\/fr\/wp-json\/wp\/v2\/posts\/180120","targetHints":{"allow":["GET"]}}],"collection":[{"href":"https:\/\/www.webdo.tn\/fr\/wp-json\/wp\/v2\/posts"}],"about":[{"href":"https:\/\/www.webdo.tn\/fr\/wp-json\/wp\/v2\/types\/post"}],"author":[{"embeddable":true,"href":"https:\/\/www.webdo.tn\/fr\/wp-json\/wp\/v2\/users\/3222"}],"replies":[{"embeddable":true,"href":"https:\/\/www.webdo.tn\/fr\/wp-json\/wp\/v2\/comments?post=180120"}],"version-history":[{"count":0,"href":"https:\/\/www.webdo.tn\/fr\/wp-json\/wp\/v2\/posts\/180120\/revisions"}],"wp:featuredmedia":[{"embeddable":true,"href":"https:\/\/www.webdo.tn\/fr\/wp-json\/wp\/v2\/media\/375024"}],"wp:attachment":[{"href":"https:\/\/www.webdo.tn\/fr\/wp-json\/wp\/v2\/media?parent=180120"}],"wp:term":[{"taxonomy":"category","embeddable":true,"href":"https:\/\/www.webdo.tn\/fr\/wp-json\/wp\/v2\/categories?post=180120"},{"taxonomy":"post_tag","embeddable":true,"href":"https:\/\/www.webdo.tn\/fr\/wp-json\/wp\/v2\/tags?post=180120"}],"curies":[{"name":"wp","href":"https:\/\/api.w.org\/{rel}","templated":true}]}}