{"id":180115,"date":"2014-08-16T13:05:00","date_gmt":"2014-08-16T13:05:00","guid":{"rendered":"https:\/\/www.webdo.tn\/fr\/blog\/tunisie-ansar-charia-seif-eddine-rais-poursuivi-en-justice-cinq-autres-affaires\/180115\/"},"modified":"2025-05-22T13:06:56","modified_gmt":"2025-05-22T13:06:56","slug":"tunisie-ansar-charia-seif-eddine-rais-poursuivi-en-justice-cinq-autres-affaires","status":"publish","type":"post","link":"https:\/\/www.webdo.tn\/fr\/actualite\/terrorisme\/tunisie-ansar-charia-seif-eddine-rais-poursuivi-en-justice-cinq-autres-affaires\/180115\/","title":{"rendered":"Seif Eddine Rais poursuivi en justice pour cinq autres affaires"},"content":{"rendered":"<p>PROC\u00c8S | Apr\u00e8s un non-lieu annonc\u00e9 ce vendredi 15 ao\u00fbt pour une condamnation de huit mois\u00a0concernant les \u00e9v\u00e9nements de la cit\u00e9 Ettadhamen en 2013, Seif Eddine Errais, ex-porte parole d&rsquo;Ansar Charia, reste impliqu\u00e9 dans cinq autres affaires \u00ab\u00a0qui se concurrencent en futilit\u00e9\u00a0\u00bb d&rsquo;apr\u00e8s son avocate Ines Harrath.\u00a0<\/p>\n<p>Poursuites judiciaires<\/p>\n<p>Selon Me Hafedh Ghadhoun, les autres affaires concernent :<\/p>\n<p> une r\u00e9ception d&rsquo;armes selon le t\u00e9moignage de quelqu&rsquo;un qui aurait \u00e9t\u00e9 tortur\u00e9,<br \/>\n implication dans des r\u00e9seaux de voyage de djihadistes vers la Syrie<br \/>\n querelle avec un policier<br \/>\n usurpation d&rsquo;une\u00a0tribune\u00a0dans une mosqu\u00e9e\u00a0<br \/>\n vid\u00e9o du 3 ao\u00fbt 2013 dans laquelle il soutient les djihadistes en Irak et en Syrie<\/p>\n<p>Me Hafedh Ghadhoun nous a pr\u00e9cis\u00e9 que Seif Eddine Rais est encore en prison, \u00e0 Gorjani, \u00e0 cause de cette vid\u00e9o susmentionn\u00e9e, mais qu&rsquo;il a \u00e9t\u00e9 jug\u00e9\u00a0en \u00e9tat de libert\u00e9 pour les quatre autres affaires.<\/p>\n<p>L&rsquo;Affaire Cit\u00e9 Ettadhamen 2013\u00a0<\/p>\n<p>L&rsquo;affaire pour laquelle Rais a \u00e9t\u00e9 condamn\u00e9 \u00e0 huit mois et innocent\u00e9 ce vendredi \u00a0remonte au 19 mai 2013, date qui a marqu\u00e9 l&rsquo;interdiction de la tenue du troisi\u00e8me congr\u00e8s d&rsquo;Ansar Charia \u00e0 Kairouan, ville de Rais. Suite \u00e0 l&rsquo;interdiction, les salafistes ont jou\u00e9 la diversion pour maintenir l&rsquo;assembl\u00e9e de leur congr\u00e8s, non \u00e0 Kairouan mais \u00e0 la Cit\u00e9 populaire d&rsquo;Ettadhamen \u00e0 Tunis, et ce sans d\u00e9claration l\u00e9gale.<\/p>\n<p>Des affrontements avec les forces de l&rsquo;ordre ont eu lieu et cinq membres de l&rsquo;organisation ont \u00e9t\u00e9 arr\u00eat\u00e9s. Deux mois plus tard, lors d&rsquo;une conf\u00e9rence de presse le 28 ao\u00fbt 2013,\u00a0Ansar Al Chariaa a \u00e9t\u00e9 class\u00e9 \u00ab\u00a0organisation terroriste\u00a0\u00bb. Le directeur g\u00e9n\u00e9ral de la s\u00e9curit\u00e9 publique Mustapha Ben Amor a d\u00e9clar\u00e9 que ses membres \u00a0\u00ab\u00a0avaient pr\u00e9vu des attentats terroristes visant des institutions de l\u2019Etat ainsi que des \u00e9tablissements publics\u00a0\u00bb.\u00a0<\/p>\n<p>Lors de la m\u00eame conf\u00e9rence, le ministre de l&rsquo;Int\u00e9rieur Lotfi Ben Jeddou avait affirm\u00e9 que Ansar Chariaa \u00e9tait \u00ab\u00a0le premier responsable des diff\u00e9rents incidents survenus en Tunisie, depuis le premier assassinat politique de Chokri Bela\u00efd le 6 f\u00e9vrier jusqu\u2019\u00e0 la tragique\u00a0embuscade de huit soldats au mois de juillet 2013 dont certains ont \u00e9t\u00e9 \u00e9gorg\u00e9s au mont\u00a0Chambi \u00e0 Kasserine.<\/p>\n","protected":false},"excerpt":{"rendered":"<p>Seif Eddine Rais poursuivi en justice pour cinq autres affaires<\/p>\n","protected":false},"author":3222,"featured_media":331646,"comment_status":"open","ping_status":"closed","sticky":false,"template":"","format":"standard","meta":{"footnotes":""},"categories":[11342],"tags":[],"class_list":["post-180115","post","type-post","status-publish","format-standard","has-post-thumbnail","hentry","category-terrorisme"],"yoast_head":"<!-- This site is optimized with the Yoast SEO Premium plugin v27.5 (Yoast SEO v27.5) - https:\/\/yoast.com\/product\/yoast-seo-premium-wordpress\/ -->\n<title>Seif Eddine Rais poursuivi en justice pour cinq autres affaires<\/title>\n<meta name=\"description\" content=\"Seif Eddine Rais poursuivi en justice pour cinq autres affaires\" \/>\n<link rel=\"canonical\" href=\"https:\/\/www.webdo.tn\/fr\/actualite\/terrorisme\/tunisie-ansar-charia-seif-eddine-rais-poursuivi-en-justice-cinq-autres-affaires\/180115\/\" \/>\n<meta property=\"og:locale\" content=\"fr_FR\" \/>\n<meta property=\"og:type\" content=\"article\" \/>\n<meta property=\"og:title\" content=\"Seif Eddine Rais poursuivi en justice pour cinq autres affaires\" \/>\n<meta property=\"og:description\" content=\"Seif Eddine Rais poursuivi en justice pour cinq autres affaires\" \/>\n<meta property=\"og:url\" content=\"https:\/\/www.webdo.tn\/fr\/actualite\/terrorisme\/tunisie-ansar-charia-seif-eddine-rais-poursuivi-en-justice-cinq-autres-affaires\/180115\/\" \/>\n<meta property=\"og:site_name\" content=\"webdo\" \/>\n<meta property=\"article:publisher\" content=\"https:\/\/www.facebook.com\/webdotn\" \/>\n<meta property=\"article:published_time\" content=\"2014-08-16T13:05:00+00:00\" \/>\n<meta property=\"article:modified_time\" content=\"2025-05-22T13:06:56+00:00\" \/>\n<meta property=\"og:image\" content=\"https:\/\/www.webdo.tn\/fr\/wp-content\/uploads\/2014\/08\/Seif-eddine-rais.jpg\" \/>\n\t<meta property=\"og:image:width\" content=\"531\" \/>\n\t<meta property=\"og:image:height\" content=\"274\" \/>\n\t<meta property=\"og:image:type\" content=\"image\/jpeg\" \/>\n<meta name=\"author\" content=\"webdo.tn\" \/>\n<meta name=\"twitter:card\" content=\"summary_large_image\" \/>\n<meta name=\"twitter:creator\" content=\"@webdo_tn\" \/>\n<meta name=\"twitter:site\" content=\"@webdo_tn\" \/>\n<meta name=\"twitter:label1\" content=\"\u00c9crit par\" \/>\n\t<meta name=\"twitter:data1\" content=\"webdo.tn\" \/>\n\t<meta name=\"twitter:label2\" content=\"Dur\u00e9e de lecture estim\u00e9e\" \/>\n\t<meta name=\"twitter:data2\" content=\"2 minutes\" \/>\n<script type=\"application\/ld+json\" class=\"yoast-schema-graph\">{\"@context\":\"https:\\\/\\\/schema.org\",\"@graph\":[{\"@type\":\"NewsArticle\",\"@id\":\"https:\\\/\\\/www.webdo.tn\\\/fr\\\/actualite\\\/terrorisme\\\/tunisie-ansar-charia-seif-eddine-rais-poursuivi-en-justice-cinq-autres-affaires\\\/180115\\\/#article\",\"isPartOf\":{\"@id\":\"https:\\\/\\\/www.webdo.tn\\\/fr\\\/actualite\\\/terrorisme\\\/tunisie-ansar-charia-seif-eddine-rais-poursuivi-en-justice-cinq-autres-affaires\\\/180115\\\/\"},\"author\":{\"name\":\"webdo.tn\",\"@id\":\"https:\\\/\\\/www.webdo.tn\\\/fr\\\/#\\\/schema\\\/person\\\/9a9c6118d687c117df8ef3cc36a4d175\"},\"headline\":\"Seif Eddine Rais poursuivi en justice pour cinq autres affaires\",\"datePublished\":\"2014-08-16T13:05:00+00:00\",\"dateModified\":\"2025-05-22T13:06:56+00:00\",\"mainEntityOfPage\":{\"@id\":\"https:\\\/\\\/www.webdo.tn\\\/fr\\\/actualite\\\/terrorisme\\\/tunisie-ansar-charia-seif-eddine-rais-poursuivi-en-justice-cinq-autres-affaires\\\/180115\\\/\"},\"wordCount\":387,\"commentCount\":0,\"publisher\":{\"@id\":\"https:\\\/\\\/www.webdo.tn\\\/fr\\\/#organization\"},\"image\":{\"@id\":\"https:\\\/\\\/www.webdo.tn\\\/fr\\\/actualite\\\/terrorisme\\\/tunisie-ansar-charia-seif-eddine-rais-poursuivi-en-justice-cinq-autres-affaires\\\/180115\\\/#primaryimage\"},\"thumbnailUrl\":\"https:\\\/\\\/www.webdo.tn\\\/fr\\\/wp-content\\\/uploads\\\/2014\\\/08\\\/Seif-eddine-rais.jpg\",\"articleSection\":[\"Terrorisme\"],\"inLanguage\":\"fr-FR\"},{\"@type\":\"WebPage\",\"@id\":\"https:\\\/\\\/www.webdo.tn\\\/fr\\\/actualite\\\/terrorisme\\\/tunisie-ansar-charia-seif-eddine-rais-poursuivi-en-justice-cinq-autres-affaires\\\/180115\\\/\",\"url\":\"https:\\\/\\\/www.webdo.tn\\\/fr\\\/actualite\\\/terrorisme\\\/tunisie-ansar-charia-seif-eddine-rais-poursuivi-en-justice-cinq-autres-affaires\\\/180115\\\/\",\"name\":\"Seif Eddine Rais poursuivi en justice pour cinq autres affaires\",\"isPartOf\":{\"@id\":\"https:\\\/\\\/www.webdo.tn\\\/fr\\\/#website\"},\"primaryImageOfPage\":{\"@id\":\"https:\\\/\\\/www.webdo.tn\\\/fr\\\/actualite\\\/terrorisme\\\/tunisie-ansar-charia-seif-eddine-rais-poursuivi-en-justice-cinq-autres-affaires\\\/180115\\\/#primaryimage\"},\"image\":{\"@id\":\"https:\\\/\\\/www.webdo.tn\\\/fr\\\/actualite\\\/terrorisme\\\/tunisie-ansar-charia-seif-eddine-rais-poursuivi-en-justice-cinq-autres-affaires\\\/180115\\\/#primaryimage\"},\"thumbnailUrl\":\"https:\\\/\\\/www.webdo.tn\\\/fr\\\/wp-content\\\/uploads\\\/2014\\\/08\\\/Seif-eddine-rais.jpg\",\"datePublished\":\"2014-08-16T13:05:00+00:00\",\"dateModified\":\"2025-05-22T13:06:56+00:00\",\"description\":\"Seif Eddine Rais poursuivi en justice pour cinq autres affaires\",\"breadcrumb\":{\"@id\":\"https:\\\/\\\/www.webdo.tn\\\/fr\\\/actualite\\\/terrorisme\\\/tunisie-ansar-charia-seif-eddine-rais-poursuivi-en-justice-cinq-autres-affaires\\\/180115\\\/#breadcrumb\"},\"inLanguage\":\"fr-FR\",\"potentialAction\":[{\"@type\":\"ReadAction\",\"target\":[\"https:\\\/\\\/www.webdo.tn\\\/fr\\\/actualite\\\/terrorisme\\\/tunisie-ansar-charia-seif-eddine-rais-poursuivi-en-justice-cinq-autres-affaires\\\/180115\\\/\"]}]},{\"@type\":\"ImageObject\",\"inLanguage\":\"fr-FR\",\"@id\":\"https:\\\/\\\/www.webdo.tn\\\/fr\\\/actualite\\\/terrorisme\\\/tunisie-ansar-charia-seif-eddine-rais-poursuivi-en-justice-cinq-autres-affaires\\\/180115\\\/#primaryimage\",\"url\":\"https:\\\/\\\/www.webdo.tn\\\/fr\\\/wp-content\\\/uploads\\\/2014\\\/08\\\/Seif-eddine-rais.jpg\",\"contentUrl\":\"https:\\\/\\\/www.webdo.tn\\\/fr\\\/wp-content\\\/uploads\\\/2014\\\/08\\\/Seif-eddine-rais.jpg\",\"width\":531,\"height\":274,\"caption\":\"Seif Eddine Rais poursuivi en justice pour cinq autres affaires\"},{\"@type\":\"BreadcrumbList\",\"@id\":\"https:\\\/\\\/www.webdo.tn\\\/fr\\\/actualite\\\/terrorisme\\\/tunisie-ansar-charia-seif-eddine-rais-poursuivi-en-justice-cinq-autres-affaires\\\/180115\\\/#breadcrumb\",\"itemListElement\":[{\"@type\":\"ListItem\",\"position\":1,\"name\":\"Accueil\",\"item\":\"https:\\\/\\\/www.webdo.tn\\\/fr\\\/\"},{\"@type\":\"ListItem\",\"position\":2,\"name\":\"Seif Eddine Rais poursuivi en justice pour cinq autres affaires\"}]},{\"@type\":\"WebSite\",\"@id\":\"https:\\\/\\\/www.webdo.tn\\\/fr\\\/#website\",\"url\":\"https:\\\/\\\/www.webdo.tn\\\/fr\\\/\",\"name\":\"webdo\",\"description\":\"Tunisie - News en Tunisie et \u00e0 l&#039;international sur Webdo.tn\",\"publisher\":{\"@id\":\"https:\\\/\\\/www.webdo.tn\\\/fr\\\/#organization\"},\"potentialAction\":[{\"@type\":\"SearchAction\",\"target\":{\"@type\":\"EntryPoint\",\"urlTemplate\":\"https:\\\/\\\/www.webdo.tn\\\/fr\\\/?s={search_term_string}\"},\"query-input\":{\"@type\":\"PropertyValueSpecification\",\"valueRequired\":true,\"valueName\":\"search_term_string\"}}],\"inLanguage\":\"fr-FR\"},{\"@type\":\"Organization\",\"@id\":\"https:\\\/\\\/www.webdo.tn\\\/fr\\\/#organization\",\"name\":\"Webdo\",\"alternateName\":\"Webdo.tn\",\"url\":\"https:\\\/\\\/www.webdo.tn\\\/fr\\\/\",\"logo\":{\"@type\":\"ImageObject\",\"inLanguage\":\"fr-FR\",\"@id\":\"https:\\\/\\\/www.webdo.tn\\\/fr\\\/#\\\/schema\\\/logo\\\/image\\\/\",\"url\":\"https:\\\/\\\/www.webdo.tn\\\/fr\\\/wp-content\\\/uploads\\\/2025\\\/06\\\/Webdo-Tunisie_168377.jpg\",\"contentUrl\":\"https:\\\/\\\/www.webdo.tn\\\/fr\\\/wp-content\\\/uploads\\\/2025\\\/06\\\/Webdo-Tunisie_168377.jpg\",\"width\":301,\"height\":301,\"caption\":\"Webdo\"},\"image\":{\"@id\":\"https:\\\/\\\/www.webdo.tn\\\/fr\\\/#\\\/schema\\\/logo\\\/image\\\/\"},\"sameAs\":[\"https:\\\/\\\/www.facebook.com\\\/webdotn\",\"https:\\\/\\\/x.com\\\/webdo_tn\"],\"description\":\"Webdo est un m\u00e9dia num\u00e9rique tunisien fond\u00e9 en 2010, sp\u00e9cialis\u00e9 dans l\u2019actualit\u00e9 nationale et internationale, l\u2019\u00e9conomie, la soci\u00e9t\u00e9 et les analyses politiques. Le site s\u2019adresse \u00e0 un large public francophone et couvre l\u2019information tunisienne en temps r\u00e9el.\",\"email\":\"redac@webdo.tn\",\"legalName\":\"YNJ SARL\",\"foundingDate\":\"2010-09-06\",\"numberOfEmployees\":{\"@type\":\"QuantitativeValue\",\"minValue\":\"11\",\"maxValue\":\"50\"}},{\"@type\":\"Person\",\"@id\":\"https:\\\/\\\/www.webdo.tn\\\/fr\\\/#\\\/schema\\\/person\\\/9a9c6118d687c117df8ef3cc36a4d175\",\"name\":\"webdo.tn\",\"image\":{\"@type\":\"ImageObject\",\"inLanguage\":\"fr-FR\",\"@id\":\"https:\\\/\\\/secure.gravatar.com\\\/avatar\\\/7ce1f28c0c3bbac99ff550b85ef8e44a6950c6ee24514fb6a5489e51d06f0298?s=96&d=mm&r=g\",\"url\":\"https:\\\/\\\/secure.gravatar.com\\\/avatar\\\/7ce1f28c0c3bbac99ff550b85ef8e44a6950c6ee24514fb6a5489e51d06f0298?s=96&d=mm&r=g\",\"contentUrl\":\"https:\\\/\\\/secure.gravatar.com\\\/avatar\\\/7ce1f28c0c3bbac99ff550b85ef8e44a6950c6ee24514fb6a5489e51d06f0298?s=96&d=mm&r=g\",\"caption\":\"webdo.tn\"},\"url\":\"https:\\\/\\\/www.webdo.tn\\\/fr\\\/actualite\\\/author\\\/webdotn\\\/\"}]}<\/script>\n<!-- \/ Yoast SEO Premium plugin. -->","yoast_head_json":{"title":"Seif Eddine Rais poursuivi en justice pour cinq autres affaires","description":"Seif Eddine Rais poursuivi en justice pour cinq autres affaires","canonical":"https:\/\/www.webdo.tn\/fr\/actualite\/terrorisme\/tunisie-ansar-charia-seif-eddine-rais-poursuivi-en-justice-cinq-autres-affaires\/180115\/","og_locale":"fr_FR","og_type":"article","og_title":"Seif Eddine Rais poursuivi en justice pour cinq autres affaires","og_description":"Seif Eddine Rais poursuivi en justice pour cinq autres affaires","og_url":"https:\/\/www.webdo.tn\/fr\/actualite\/terrorisme\/tunisie-ansar-charia-seif-eddine-rais-poursuivi-en-justice-cinq-autres-affaires\/180115\/","og_site_name":"webdo","article_publisher":"https:\/\/www.facebook.com\/webdotn","article_published_time":"2014-08-16T13:05:00+00:00","article_modified_time":"2025-05-22T13:06:56+00:00","og_image":[{"width":531,"height":274,"url":"https:\/\/www.webdo.tn\/fr\/wp-content\/uploads\/2014\/08\/Seif-eddine-rais.jpg","type":"image\/jpeg"}],"author":"webdo.tn","twitter_card":"summary_large_image","twitter_creator":"@webdo_tn","twitter_site":"@webdo_tn","twitter_misc":{"\u00c9crit par":"webdo.tn","Dur\u00e9e de lecture estim\u00e9e":"2 minutes"},"schema":{"@context":"https:\/\/schema.org","@graph":[{"@type":"NewsArticle","@id":"https:\/\/www.webdo.tn\/fr\/actualite\/terrorisme\/tunisie-ansar-charia-seif-eddine-rais-poursuivi-en-justice-cinq-autres-affaires\/180115\/#article","isPartOf":{"@id":"https:\/\/www.webdo.tn\/fr\/actualite\/terrorisme\/tunisie-ansar-charia-seif-eddine-rais-poursuivi-en-justice-cinq-autres-affaires\/180115\/"},"author":{"name":"webdo.tn","@id":"https:\/\/www.webdo.tn\/fr\/#\/schema\/person\/9a9c6118d687c117df8ef3cc36a4d175"},"headline":"Seif Eddine Rais poursuivi en justice pour cinq autres affaires","datePublished":"2014-08-16T13:05:00+00:00","dateModified":"2025-05-22T13:06:56+00:00","mainEntityOfPage":{"@id":"https:\/\/www.webdo.tn\/fr\/actualite\/terrorisme\/tunisie-ansar-charia-seif-eddine-rais-poursuivi-en-justice-cinq-autres-affaires\/180115\/"},"wordCount":387,"commentCount":0,"publisher":{"@id":"https:\/\/www.webdo.tn\/fr\/#organization"},"image":{"@id":"https:\/\/www.webdo.tn\/fr\/actualite\/terrorisme\/tunisie-ansar-charia-seif-eddine-rais-poursuivi-en-justice-cinq-autres-affaires\/180115\/#primaryimage"},"thumbnailUrl":"https:\/\/www.webdo.tn\/fr\/wp-content\/uploads\/2014\/08\/Seif-eddine-rais.jpg","articleSection":["Terrorisme"],"inLanguage":"fr-FR"},{"@type":"WebPage","@id":"https:\/\/www.webdo.tn\/fr\/actualite\/terrorisme\/tunisie-ansar-charia-seif-eddine-rais-poursuivi-en-justice-cinq-autres-affaires\/180115\/","url":"https:\/\/www.webdo.tn\/fr\/actualite\/terrorisme\/tunisie-ansar-charia-seif-eddine-rais-poursuivi-en-justice-cinq-autres-affaires\/180115\/","name":"Seif Eddine Rais poursuivi en justice pour cinq autres affaires","isPartOf":{"@id":"https:\/\/www.webdo.tn\/fr\/#website"},"primaryImageOfPage":{"@id":"https:\/\/www.webdo.tn\/fr\/actualite\/terrorisme\/tunisie-ansar-charia-seif-eddine-rais-poursuivi-en-justice-cinq-autres-affaires\/180115\/#primaryimage"},"image":{"@id":"https:\/\/www.webdo.tn\/fr\/actualite\/terrorisme\/tunisie-ansar-charia-seif-eddine-rais-poursuivi-en-justice-cinq-autres-affaires\/180115\/#primaryimage"},"thumbnailUrl":"https:\/\/www.webdo.tn\/fr\/wp-content\/uploads\/2014\/08\/Seif-eddine-rais.jpg","datePublished":"2014-08-16T13:05:00+00:00","dateModified":"2025-05-22T13:06:56+00:00","description":"Seif Eddine Rais poursuivi en justice pour cinq autres affaires","breadcrumb":{"@id":"https:\/\/www.webdo.tn\/fr\/actualite\/terrorisme\/tunisie-ansar-charia-seif-eddine-rais-poursuivi-en-justice-cinq-autres-affaires\/180115\/#breadcrumb"},"inLanguage":"fr-FR","potentialAction":[{"@type":"ReadAction","target":["https:\/\/www.webdo.tn\/fr\/actualite\/terrorisme\/tunisie-ansar-charia-seif-eddine-rais-poursuivi-en-justice-cinq-autres-affaires\/180115\/"]}]},{"@type":"ImageObject","inLanguage":"fr-FR","@id":"https:\/\/www.webdo.tn\/fr\/actualite\/terrorisme\/tunisie-ansar-charia-seif-eddine-rais-poursuivi-en-justice-cinq-autres-affaires\/180115\/#primaryimage","url":"https:\/\/www.webdo.tn\/fr\/wp-content\/uploads\/2014\/08\/Seif-eddine-rais.jpg","contentUrl":"https:\/\/www.webdo.tn\/fr\/wp-content\/uploads\/2014\/08\/Seif-eddine-rais.jpg","width":531,"height":274,"caption":"Seif Eddine Rais poursuivi en justice pour cinq autres affaires"},{"@type":"BreadcrumbList","@id":"https:\/\/www.webdo.tn\/fr\/actualite\/terrorisme\/tunisie-ansar-charia-seif-eddine-rais-poursuivi-en-justice-cinq-autres-affaires\/180115\/#breadcrumb","itemListElement":[{"@type":"ListItem","position":1,"name":"Accueil","item":"https:\/\/www.webdo.tn\/fr\/"},{"@type":"ListItem","position":2,"name":"Seif Eddine Rais poursuivi en justice pour cinq autres affaires"}]},{"@type":"WebSite","@id":"https:\/\/www.webdo.tn\/fr\/#website","url":"https:\/\/www.webdo.tn\/fr\/","name":"webdo","description":"Tunisie - News en Tunisie et \u00e0 l&#039;international sur Webdo.tn","publisher":{"@id":"https:\/\/www.webdo.tn\/fr\/#organization"},"potentialAction":[{"@type":"SearchAction","target":{"@type":"EntryPoint","urlTemplate":"https:\/\/www.webdo.tn\/fr\/?s={search_term_string}"},"query-input":{"@type":"PropertyValueSpecification","valueRequired":true,"valueName":"search_term_string"}}],"inLanguage":"fr-FR"},{"@type":"Organization","@id":"https:\/\/www.webdo.tn\/fr\/#organization","name":"Webdo","alternateName":"Webdo.tn","url":"https:\/\/www.webdo.tn\/fr\/","logo":{"@type":"ImageObject","inLanguage":"fr-FR","@id":"https:\/\/www.webdo.tn\/fr\/#\/schema\/logo\/image\/","url":"https:\/\/www.webdo.tn\/fr\/wp-content\/uploads\/2025\/06\/Webdo-Tunisie_168377.jpg","contentUrl":"https:\/\/www.webdo.tn\/fr\/wp-content\/uploads\/2025\/06\/Webdo-Tunisie_168377.jpg","width":301,"height":301,"caption":"Webdo"},"image":{"@id":"https:\/\/www.webdo.tn\/fr\/#\/schema\/logo\/image\/"},"sameAs":["https:\/\/www.facebook.com\/webdotn","https:\/\/x.com\/webdo_tn"],"description":"Webdo est un m\u00e9dia num\u00e9rique tunisien fond\u00e9 en 2010, sp\u00e9cialis\u00e9 dans l\u2019actualit\u00e9 nationale et internationale, l\u2019\u00e9conomie, la soci\u00e9t\u00e9 et les analyses politiques. Le site s\u2019adresse \u00e0 un large public francophone et couvre l\u2019information tunisienne en temps r\u00e9el.","email":"redac@webdo.tn","legalName":"YNJ SARL","foundingDate":"2010-09-06","numberOfEmployees":{"@type":"QuantitativeValue","minValue":"11","maxValue":"50"}},{"@type":"Person","@id":"https:\/\/www.webdo.tn\/fr\/#\/schema\/person\/9a9c6118d687c117df8ef3cc36a4d175","name":"webdo.tn","image":{"@type":"ImageObject","inLanguage":"fr-FR","@id":"https:\/\/secure.gravatar.com\/avatar\/7ce1f28c0c3bbac99ff550b85ef8e44a6950c6ee24514fb6a5489e51d06f0298?s=96&d=mm&r=g","url":"https:\/\/secure.gravatar.com\/avatar\/7ce1f28c0c3bbac99ff550b85ef8e44a6950c6ee24514fb6a5489e51d06f0298?s=96&d=mm&r=g","contentUrl":"https:\/\/secure.gravatar.com\/avatar\/7ce1f28c0c3bbac99ff550b85ef8e44a6950c6ee24514fb6a5489e51d06f0298?s=96&d=mm&r=g","caption":"webdo.tn"},"url":"https:\/\/www.webdo.tn\/fr\/actualite\/author\/webdotn\/"}]}},"_links":{"self":[{"href":"https:\/\/www.webdo.tn\/fr\/wp-json\/wp\/v2\/posts\/180115","targetHints":{"allow":["GET"]}}],"collection":[{"href":"https:\/\/www.webdo.tn\/fr\/wp-json\/wp\/v2\/posts"}],"about":[{"href":"https:\/\/www.webdo.tn\/fr\/wp-json\/wp\/v2\/types\/post"}],"author":[{"embeddable":true,"href":"https:\/\/www.webdo.tn\/fr\/wp-json\/wp\/v2\/users\/3222"}],"replies":[{"embeddable":true,"href":"https:\/\/www.webdo.tn\/fr\/wp-json\/wp\/v2\/comments?post=180115"}],"version-history":[{"count":0,"href":"https:\/\/www.webdo.tn\/fr\/wp-json\/wp\/v2\/posts\/180115\/revisions"}],"wp:featuredmedia":[{"embeddable":true,"href":"https:\/\/www.webdo.tn\/fr\/wp-json\/wp\/v2\/media\/331646"}],"wp:attachment":[{"href":"https:\/\/www.webdo.tn\/fr\/wp-json\/wp\/v2\/media?parent=180115"}],"wp:term":[{"taxonomy":"category","embeddable":true,"href":"https:\/\/www.webdo.tn\/fr\/wp-json\/wp\/v2\/categories?post=180115"},{"taxonomy":"post_tag","embeddable":true,"href":"https:\/\/www.webdo.tn\/fr\/wp-json\/wp\/v2\/tags?post=180115"}],"curies":[{"name":"wp","href":"https:\/\/api.w.org\/{rel}","templated":true}]}}