{"id":180114,"date":"2014-08-18T15:13:00","date_gmt":"2014-08-18T15:13:00","guid":{"rendered":"https:\/\/www.webdo.tn\/fr\/blog\/ministere-defense-envoie-caporal-montassar-bannani-se-faire-soigner-en-france\/180114\/"},"modified":"2025-05-22T13:06:49","modified_gmt":"2025-05-22T13:06:49","slug":"ministere-defense-envoie-caporal-montassar-bannani-se-faire-soigner-en-france","status":"publish","type":"post","link":"https:\/\/www.webdo.tn\/fr\/actualite\/terrorisme\/ministere-defense-envoie-caporal-montassar-bannani-se-faire-soigner-en-france\/180114\/","title":{"rendered":"Le minist\u00e8re de la D\u00e9fense envoie le caporal Montassar Bannani se faire soigner en France"},"content":{"rendered":"<p>Le caporal Montassar Bannani, une des deux victimes touch\u00e9es par l\u2019explosion d\u2019une mine, samedi 16 ao\u00fbt dans la zone de Henchir Ettala \u00e0 Jebel Chaambi sera transf\u00e9r\u00e9 en France pour suivre un traitement destin\u00e9 \u00e0 soigner des l\u00e9sions aux yeux, rapporte l\u2019agence TAP.<\/p>\n<p>Montassar Bannani a d\u00e9j\u00e0 \u00e9t\u00e9 op\u00e9r\u00e9 \u00e0 l\u2019h\u00f4pital militaire de Tunis pour extraire des \u00e9clats de mine qui s\u2019\u00e9taient log\u00e9s dans son \u0153il, indique un communiqu\u00e9 du minist\u00e8re de la D\u00e9fense, rapport\u00e9 par la TAP.<\/p>\n<p>Ledit communiqu\u00e9 pr\u00e9cise que \u00abla d\u00e9cision d\u2019envoyer le bless\u00e9 en France a \u00e9t\u00e9 prise par le ministre de la D\u00e9fense\u00bb.<br \/>\nRappelons que le deuxi\u00e8me bless\u00e9, Slah Bayari a \u00e9t\u00e9 atteint aux jambes lors de l\u2019explosion de la mine.<\/p>\n","protected":false},"excerpt":{"rendered":"<p>Le minist\u00e8re de la D\u00e9fense envoie le caporal Montassar Bannani se faire soigner en France<\/p>\n","protected":false},"author":3222,"featured_media":320632,"comment_status":"open","ping_status":"closed","sticky":false,"template":"","format":"standard","meta":{"footnotes":""},"categories":[11342],"tags":[],"class_list":["post-180114","post","type-post","status-publish","format-standard","has-post-thumbnail","hentry","category-terrorisme"],"yoast_head":"<!-- This site is optimized with the Yoast SEO Premium plugin v27.5 (Yoast SEO v27.5) - https:\/\/yoast.com\/product\/yoast-seo-premium-wordpress\/ -->\n<title>Le minist\u00e8re de la D\u00e9fense envoie le caporal Montassar Bannani se faire soigner en France<\/title>\n<meta name=\"description\" content=\"Le minist\u00e8re de la D\u00e9fense envoie le caporal Montassar Bannani se faire soigner en France\" \/>\n<link rel=\"canonical\" href=\"https:\/\/www.webdo.tn\/fr\/actualite\/terrorisme\/ministere-defense-envoie-caporal-montassar-bannani-se-faire-soigner-en-france\/180114\/\" \/>\n<meta property=\"og:locale\" content=\"fr_FR\" \/>\n<meta property=\"og:type\" content=\"article\" \/>\n<meta property=\"og:title\" content=\"Le minist\u00e8re de la D\u00e9fense envoie le caporal Montassar Bannani se faire soigner en France\" \/>\n<meta property=\"og:description\" content=\"Le minist\u00e8re de la D\u00e9fense envoie le caporal Montassar Bannani se faire soigner en France\" \/>\n<meta property=\"og:url\" content=\"https:\/\/www.webdo.tn\/fr\/actualite\/terrorisme\/ministere-defense-envoie-caporal-montassar-bannani-se-faire-soigner-en-france\/180114\/\" \/>\n<meta property=\"og:site_name\" content=\"webdo\" \/>\n<meta property=\"article:publisher\" content=\"https:\/\/www.facebook.com\/webdotn\" \/>\n<meta property=\"article:published_time\" content=\"2014-08-18T15:13:00+00:00\" \/>\n<meta property=\"article:modified_time\" content=\"2025-05-22T13:06:49+00:00\" \/>\n<meta property=\"og:image\" content=\"https:\/\/www.webdo.tn\/fr\/wp-content\/uploads\/2014\/08\/Ratissage-de-Chaambi-photo-archive.jpg\" \/>\n\t<meta property=\"og:image:width\" content=\"340\" \/>\n\t<meta property=\"og:image:height\" content=\"200\" \/>\n\t<meta property=\"og:image:type\" content=\"image\/jpeg\" \/>\n<meta name=\"author\" content=\"webdo.tn\" \/>\n<meta name=\"twitter:card\" content=\"summary_large_image\" \/>\n<meta name=\"twitter:creator\" content=\"@webdo_tn\" \/>\n<meta name=\"twitter:site\" content=\"@webdo_tn\" \/>\n<meta name=\"twitter:label1\" content=\"\u00c9crit par\" \/>\n\t<meta name=\"twitter:data1\" content=\"webdo.tn\" \/>\n\t<meta name=\"twitter:label2\" content=\"Dur\u00e9e de lecture estim\u00e9e\" \/>\n\t<meta name=\"twitter:data2\" content=\"1 minute\" \/>\n<script type=\"application\/ld+json\" class=\"yoast-schema-graph\">{\"@context\":\"https:\\\/\\\/schema.org\",\"@graph\":[{\"@type\":\"NewsArticle\",\"@id\":\"https:\\\/\\\/www.webdo.tn\\\/fr\\\/actualite\\\/terrorisme\\\/ministere-defense-envoie-caporal-montassar-bannani-se-faire-soigner-en-france\\\/180114\\\/#article\",\"isPartOf\":{\"@id\":\"https:\\\/\\\/www.webdo.tn\\\/fr\\\/actualite\\\/terrorisme\\\/ministere-defense-envoie-caporal-montassar-bannani-se-faire-soigner-en-france\\\/180114\\\/\"},\"author\":{\"name\":\"webdo.tn\",\"@id\":\"https:\\\/\\\/www.webdo.tn\\\/fr\\\/#\\\/schema\\\/person\\\/9a9c6118d687c117df8ef3cc36a4d175\"},\"headline\":\"Le minist\u00e8re de la D\u00e9fense envoie le caporal Montassar Bannani se faire soigner en France\",\"datePublished\":\"2014-08-18T15:13:00+00:00\",\"dateModified\":\"2025-05-22T13:06:49+00:00\",\"mainEntityOfPage\":{\"@id\":\"https:\\\/\\\/www.webdo.tn\\\/fr\\\/actualite\\\/terrorisme\\\/ministere-defense-envoie-caporal-montassar-bannani-se-faire-soigner-en-france\\\/180114\\\/\"},\"wordCount\":150,\"commentCount\":0,\"publisher\":{\"@id\":\"https:\\\/\\\/www.webdo.tn\\\/fr\\\/#organization\"},\"image\":{\"@id\":\"https:\\\/\\\/www.webdo.tn\\\/fr\\\/actualite\\\/terrorisme\\\/ministere-defense-envoie-caporal-montassar-bannani-se-faire-soigner-en-france\\\/180114\\\/#primaryimage\"},\"thumbnailUrl\":\"https:\\\/\\\/www.webdo.tn\\\/fr\\\/wp-content\\\/uploads\\\/2014\\\/08\\\/Ratissage-de-Chaambi-photo-archive.jpg\",\"articleSection\":[\"Terrorisme\"],\"inLanguage\":\"fr-FR\"},{\"@type\":\"WebPage\",\"@id\":\"https:\\\/\\\/www.webdo.tn\\\/fr\\\/actualite\\\/terrorisme\\\/ministere-defense-envoie-caporal-montassar-bannani-se-faire-soigner-en-france\\\/180114\\\/\",\"url\":\"https:\\\/\\\/www.webdo.tn\\\/fr\\\/actualite\\\/terrorisme\\\/ministere-defense-envoie-caporal-montassar-bannani-se-faire-soigner-en-france\\\/180114\\\/\",\"name\":\"Le minist\u00e8re de la D\u00e9fense envoie le caporal Montassar Bannani se faire soigner en France\",\"isPartOf\":{\"@id\":\"https:\\\/\\\/www.webdo.tn\\\/fr\\\/#website\"},\"primaryImageOfPage\":{\"@id\":\"https:\\\/\\\/www.webdo.tn\\\/fr\\\/actualite\\\/terrorisme\\\/ministere-defense-envoie-caporal-montassar-bannani-se-faire-soigner-en-france\\\/180114\\\/#primaryimage\"},\"image\":{\"@id\":\"https:\\\/\\\/www.webdo.tn\\\/fr\\\/actualite\\\/terrorisme\\\/ministere-defense-envoie-caporal-montassar-bannani-se-faire-soigner-en-france\\\/180114\\\/#primaryimage\"},\"thumbnailUrl\":\"https:\\\/\\\/www.webdo.tn\\\/fr\\\/wp-content\\\/uploads\\\/2014\\\/08\\\/Ratissage-de-Chaambi-photo-archive.jpg\",\"datePublished\":\"2014-08-18T15:13:00+00:00\",\"dateModified\":\"2025-05-22T13:06:49+00:00\",\"description\":\"Le minist\u00e8re de la D\u00e9fense envoie le caporal Montassar Bannani se faire soigner en France\",\"breadcrumb\":{\"@id\":\"https:\\\/\\\/www.webdo.tn\\\/fr\\\/actualite\\\/terrorisme\\\/ministere-defense-envoie-caporal-montassar-bannani-se-faire-soigner-en-france\\\/180114\\\/#breadcrumb\"},\"inLanguage\":\"fr-FR\",\"potentialAction\":[{\"@type\":\"ReadAction\",\"target\":[\"https:\\\/\\\/www.webdo.tn\\\/fr\\\/actualite\\\/terrorisme\\\/ministere-defense-envoie-caporal-montassar-bannani-se-faire-soigner-en-france\\\/180114\\\/\"]}]},{\"@type\":\"ImageObject\",\"inLanguage\":\"fr-FR\",\"@id\":\"https:\\\/\\\/www.webdo.tn\\\/fr\\\/actualite\\\/terrorisme\\\/ministere-defense-envoie-caporal-montassar-bannani-se-faire-soigner-en-france\\\/180114\\\/#primaryimage\",\"url\":\"https:\\\/\\\/www.webdo.tn\\\/fr\\\/wp-content\\\/uploads\\\/2014\\\/08\\\/Ratissage-de-Chaambi-photo-archive.jpg\",\"contentUrl\":\"https:\\\/\\\/www.webdo.tn\\\/fr\\\/wp-content\\\/uploads\\\/2014\\\/08\\\/Ratissage-de-Chaambi-photo-archive.jpg\",\"width\":340,\"height\":200,\"caption\":\"Le minist\u00e8re de la D\u00e9fense envoie le caporal Montassar Bannani se faire soigner en France\"},{\"@type\":\"BreadcrumbList\",\"@id\":\"https:\\\/\\\/www.webdo.tn\\\/fr\\\/actualite\\\/terrorisme\\\/ministere-defense-envoie-caporal-montassar-bannani-se-faire-soigner-en-france\\\/180114\\\/#breadcrumb\",\"itemListElement\":[{\"@type\":\"ListItem\",\"position\":1,\"name\":\"Accueil\",\"item\":\"https:\\\/\\\/www.webdo.tn\\\/fr\\\/\"},{\"@type\":\"ListItem\",\"position\":2,\"name\":\"Le minist\u00e8re de la D\u00e9fense envoie le caporal Montassar Bannani se faire soigner en France\"}]},{\"@type\":\"WebSite\",\"@id\":\"https:\\\/\\\/www.webdo.tn\\\/fr\\\/#website\",\"url\":\"https:\\\/\\\/www.webdo.tn\\\/fr\\\/\",\"name\":\"webdo\",\"description\":\"Tunisie - News en Tunisie et \u00e0 l&#039;international sur Webdo.tn\",\"publisher\":{\"@id\":\"https:\\\/\\\/www.webdo.tn\\\/fr\\\/#organization\"},\"potentialAction\":[{\"@type\":\"SearchAction\",\"target\":{\"@type\":\"EntryPoint\",\"urlTemplate\":\"https:\\\/\\\/www.webdo.tn\\\/fr\\\/?s={search_term_string}\"},\"query-input\":{\"@type\":\"PropertyValueSpecification\",\"valueRequired\":true,\"valueName\":\"search_term_string\"}}],\"inLanguage\":\"fr-FR\"},{\"@type\":\"Organization\",\"@id\":\"https:\\\/\\\/www.webdo.tn\\\/fr\\\/#organization\",\"name\":\"Webdo\",\"alternateName\":\"Webdo.tn\",\"url\":\"https:\\\/\\\/www.webdo.tn\\\/fr\\\/\",\"logo\":{\"@type\":\"ImageObject\",\"inLanguage\":\"fr-FR\",\"@id\":\"https:\\\/\\\/www.webdo.tn\\\/fr\\\/#\\\/schema\\\/logo\\\/image\\\/\",\"url\":\"https:\\\/\\\/www.webdo.tn\\\/fr\\\/wp-content\\\/uploads\\\/2025\\\/06\\\/Webdo-Tunisie_168377.jpg\",\"contentUrl\":\"https:\\\/\\\/www.webdo.tn\\\/fr\\\/wp-content\\\/uploads\\\/2025\\\/06\\\/Webdo-Tunisie_168377.jpg\",\"width\":301,\"height\":301,\"caption\":\"Webdo\"},\"image\":{\"@id\":\"https:\\\/\\\/www.webdo.tn\\\/fr\\\/#\\\/schema\\\/logo\\\/image\\\/\"},\"sameAs\":[\"https:\\\/\\\/www.facebook.com\\\/webdotn\",\"https:\\\/\\\/x.com\\\/webdo_tn\"],\"description\":\"Webdo est un m\u00e9dia num\u00e9rique tunisien fond\u00e9 en 2010, sp\u00e9cialis\u00e9 dans l\u2019actualit\u00e9 nationale et internationale, l\u2019\u00e9conomie, la soci\u00e9t\u00e9 et les analyses politiques. Le site s\u2019adresse \u00e0 un large public francophone et couvre l\u2019information tunisienne en temps r\u00e9el.\",\"email\":\"redac@webdo.tn\",\"legalName\":\"YNJ SARL\",\"foundingDate\":\"2010-09-06\",\"numberOfEmployees\":{\"@type\":\"QuantitativeValue\",\"minValue\":\"11\",\"maxValue\":\"50\"}},{\"@type\":\"Person\",\"@id\":\"https:\\\/\\\/www.webdo.tn\\\/fr\\\/#\\\/schema\\\/person\\\/9a9c6118d687c117df8ef3cc36a4d175\",\"name\":\"webdo.tn\",\"image\":{\"@type\":\"ImageObject\",\"inLanguage\":\"fr-FR\",\"@id\":\"https:\\\/\\\/secure.gravatar.com\\\/avatar\\\/7ce1f28c0c3bbac99ff550b85ef8e44a6950c6ee24514fb6a5489e51d06f0298?s=96&d=mm&r=g\",\"url\":\"https:\\\/\\\/secure.gravatar.com\\\/avatar\\\/7ce1f28c0c3bbac99ff550b85ef8e44a6950c6ee24514fb6a5489e51d06f0298?s=96&d=mm&r=g\",\"contentUrl\":\"https:\\\/\\\/secure.gravatar.com\\\/avatar\\\/7ce1f28c0c3bbac99ff550b85ef8e44a6950c6ee24514fb6a5489e51d06f0298?s=96&d=mm&r=g\",\"caption\":\"webdo.tn\"},\"url\":\"https:\\\/\\\/www.webdo.tn\\\/fr\\\/actualite\\\/author\\\/webdotn\\\/\"}]}<\/script>\n<!-- \/ Yoast SEO Premium plugin. -->","yoast_head_json":{"title":"Le minist\u00e8re de la D\u00e9fense envoie le caporal Montassar Bannani se faire soigner en France","description":"Le minist\u00e8re de la D\u00e9fense envoie le caporal Montassar Bannani se faire soigner en France","canonical":"https:\/\/www.webdo.tn\/fr\/actualite\/terrorisme\/ministere-defense-envoie-caporal-montassar-bannani-se-faire-soigner-en-france\/180114\/","og_locale":"fr_FR","og_type":"article","og_title":"Le minist\u00e8re de la D\u00e9fense envoie le caporal Montassar Bannani se faire soigner en France","og_description":"Le minist\u00e8re de la D\u00e9fense envoie le caporal Montassar Bannani se faire soigner en France","og_url":"https:\/\/www.webdo.tn\/fr\/actualite\/terrorisme\/ministere-defense-envoie-caporal-montassar-bannani-se-faire-soigner-en-france\/180114\/","og_site_name":"webdo","article_publisher":"https:\/\/www.facebook.com\/webdotn","article_published_time":"2014-08-18T15:13:00+00:00","article_modified_time":"2025-05-22T13:06:49+00:00","og_image":[{"width":340,"height":200,"url":"https:\/\/www.webdo.tn\/fr\/wp-content\/uploads\/2014\/08\/Ratissage-de-Chaambi-photo-archive.jpg","type":"image\/jpeg"}],"author":"webdo.tn","twitter_card":"summary_large_image","twitter_creator":"@webdo_tn","twitter_site":"@webdo_tn","twitter_misc":{"\u00c9crit par":"webdo.tn","Dur\u00e9e de lecture estim\u00e9e":"1 minute"},"schema":{"@context":"https:\/\/schema.org","@graph":[{"@type":"NewsArticle","@id":"https:\/\/www.webdo.tn\/fr\/actualite\/terrorisme\/ministere-defense-envoie-caporal-montassar-bannani-se-faire-soigner-en-france\/180114\/#article","isPartOf":{"@id":"https:\/\/www.webdo.tn\/fr\/actualite\/terrorisme\/ministere-defense-envoie-caporal-montassar-bannani-se-faire-soigner-en-france\/180114\/"},"author":{"name":"webdo.tn","@id":"https:\/\/www.webdo.tn\/fr\/#\/schema\/person\/9a9c6118d687c117df8ef3cc36a4d175"},"headline":"Le minist\u00e8re de la D\u00e9fense envoie le caporal Montassar Bannani se faire soigner en France","datePublished":"2014-08-18T15:13:00+00:00","dateModified":"2025-05-22T13:06:49+00:00","mainEntityOfPage":{"@id":"https:\/\/www.webdo.tn\/fr\/actualite\/terrorisme\/ministere-defense-envoie-caporal-montassar-bannani-se-faire-soigner-en-france\/180114\/"},"wordCount":150,"commentCount":0,"publisher":{"@id":"https:\/\/www.webdo.tn\/fr\/#organization"},"image":{"@id":"https:\/\/www.webdo.tn\/fr\/actualite\/terrorisme\/ministere-defense-envoie-caporal-montassar-bannani-se-faire-soigner-en-france\/180114\/#primaryimage"},"thumbnailUrl":"https:\/\/www.webdo.tn\/fr\/wp-content\/uploads\/2014\/08\/Ratissage-de-Chaambi-photo-archive.jpg","articleSection":["Terrorisme"],"inLanguage":"fr-FR"},{"@type":"WebPage","@id":"https:\/\/www.webdo.tn\/fr\/actualite\/terrorisme\/ministere-defense-envoie-caporal-montassar-bannani-se-faire-soigner-en-france\/180114\/","url":"https:\/\/www.webdo.tn\/fr\/actualite\/terrorisme\/ministere-defense-envoie-caporal-montassar-bannani-se-faire-soigner-en-france\/180114\/","name":"Le minist\u00e8re de la D\u00e9fense envoie le caporal Montassar Bannani se faire soigner en France","isPartOf":{"@id":"https:\/\/www.webdo.tn\/fr\/#website"},"primaryImageOfPage":{"@id":"https:\/\/www.webdo.tn\/fr\/actualite\/terrorisme\/ministere-defense-envoie-caporal-montassar-bannani-se-faire-soigner-en-france\/180114\/#primaryimage"},"image":{"@id":"https:\/\/www.webdo.tn\/fr\/actualite\/terrorisme\/ministere-defense-envoie-caporal-montassar-bannani-se-faire-soigner-en-france\/180114\/#primaryimage"},"thumbnailUrl":"https:\/\/www.webdo.tn\/fr\/wp-content\/uploads\/2014\/08\/Ratissage-de-Chaambi-photo-archive.jpg","datePublished":"2014-08-18T15:13:00+00:00","dateModified":"2025-05-22T13:06:49+00:00","description":"Le minist\u00e8re de la D\u00e9fense envoie le caporal Montassar Bannani se faire soigner en France","breadcrumb":{"@id":"https:\/\/www.webdo.tn\/fr\/actualite\/terrorisme\/ministere-defense-envoie-caporal-montassar-bannani-se-faire-soigner-en-france\/180114\/#breadcrumb"},"inLanguage":"fr-FR","potentialAction":[{"@type":"ReadAction","target":["https:\/\/www.webdo.tn\/fr\/actualite\/terrorisme\/ministere-defense-envoie-caporal-montassar-bannani-se-faire-soigner-en-france\/180114\/"]}]},{"@type":"ImageObject","inLanguage":"fr-FR","@id":"https:\/\/www.webdo.tn\/fr\/actualite\/terrorisme\/ministere-defense-envoie-caporal-montassar-bannani-se-faire-soigner-en-france\/180114\/#primaryimage","url":"https:\/\/www.webdo.tn\/fr\/wp-content\/uploads\/2014\/08\/Ratissage-de-Chaambi-photo-archive.jpg","contentUrl":"https:\/\/www.webdo.tn\/fr\/wp-content\/uploads\/2014\/08\/Ratissage-de-Chaambi-photo-archive.jpg","width":340,"height":200,"caption":"Le minist\u00e8re de la D\u00e9fense envoie le caporal Montassar Bannani se faire soigner en France"},{"@type":"BreadcrumbList","@id":"https:\/\/www.webdo.tn\/fr\/actualite\/terrorisme\/ministere-defense-envoie-caporal-montassar-bannani-se-faire-soigner-en-france\/180114\/#breadcrumb","itemListElement":[{"@type":"ListItem","position":1,"name":"Accueil","item":"https:\/\/www.webdo.tn\/fr\/"},{"@type":"ListItem","position":2,"name":"Le minist\u00e8re de la D\u00e9fense envoie le caporal Montassar Bannani se faire soigner en France"}]},{"@type":"WebSite","@id":"https:\/\/www.webdo.tn\/fr\/#website","url":"https:\/\/www.webdo.tn\/fr\/","name":"webdo","description":"Tunisie - News en Tunisie et \u00e0 l&#039;international sur Webdo.tn","publisher":{"@id":"https:\/\/www.webdo.tn\/fr\/#organization"},"potentialAction":[{"@type":"SearchAction","target":{"@type":"EntryPoint","urlTemplate":"https:\/\/www.webdo.tn\/fr\/?s={search_term_string}"},"query-input":{"@type":"PropertyValueSpecification","valueRequired":true,"valueName":"search_term_string"}}],"inLanguage":"fr-FR"},{"@type":"Organization","@id":"https:\/\/www.webdo.tn\/fr\/#organization","name":"Webdo","alternateName":"Webdo.tn","url":"https:\/\/www.webdo.tn\/fr\/","logo":{"@type":"ImageObject","inLanguage":"fr-FR","@id":"https:\/\/www.webdo.tn\/fr\/#\/schema\/logo\/image\/","url":"https:\/\/www.webdo.tn\/fr\/wp-content\/uploads\/2025\/06\/Webdo-Tunisie_168377.jpg","contentUrl":"https:\/\/www.webdo.tn\/fr\/wp-content\/uploads\/2025\/06\/Webdo-Tunisie_168377.jpg","width":301,"height":301,"caption":"Webdo"},"image":{"@id":"https:\/\/www.webdo.tn\/fr\/#\/schema\/logo\/image\/"},"sameAs":["https:\/\/www.facebook.com\/webdotn","https:\/\/x.com\/webdo_tn"],"description":"Webdo est un m\u00e9dia num\u00e9rique tunisien fond\u00e9 en 2010, sp\u00e9cialis\u00e9 dans l\u2019actualit\u00e9 nationale et internationale, l\u2019\u00e9conomie, la soci\u00e9t\u00e9 et les analyses politiques. Le site s\u2019adresse \u00e0 un large public francophone et couvre l\u2019information tunisienne en temps r\u00e9el.","email":"redac@webdo.tn","legalName":"YNJ SARL","foundingDate":"2010-09-06","numberOfEmployees":{"@type":"QuantitativeValue","minValue":"11","maxValue":"50"}},{"@type":"Person","@id":"https:\/\/www.webdo.tn\/fr\/#\/schema\/person\/9a9c6118d687c117df8ef3cc36a4d175","name":"webdo.tn","image":{"@type":"ImageObject","inLanguage":"fr-FR","@id":"https:\/\/secure.gravatar.com\/avatar\/7ce1f28c0c3bbac99ff550b85ef8e44a6950c6ee24514fb6a5489e51d06f0298?s=96&d=mm&r=g","url":"https:\/\/secure.gravatar.com\/avatar\/7ce1f28c0c3bbac99ff550b85ef8e44a6950c6ee24514fb6a5489e51d06f0298?s=96&d=mm&r=g","contentUrl":"https:\/\/secure.gravatar.com\/avatar\/7ce1f28c0c3bbac99ff550b85ef8e44a6950c6ee24514fb6a5489e51d06f0298?s=96&d=mm&r=g","caption":"webdo.tn"},"url":"https:\/\/www.webdo.tn\/fr\/actualite\/author\/webdotn\/"}]}},"_links":{"self":[{"href":"https:\/\/www.webdo.tn\/fr\/wp-json\/wp\/v2\/posts\/180114","targetHints":{"allow":["GET"]}}],"collection":[{"href":"https:\/\/www.webdo.tn\/fr\/wp-json\/wp\/v2\/posts"}],"about":[{"href":"https:\/\/www.webdo.tn\/fr\/wp-json\/wp\/v2\/types\/post"}],"author":[{"embeddable":true,"href":"https:\/\/www.webdo.tn\/fr\/wp-json\/wp\/v2\/users\/3222"}],"replies":[{"embeddable":true,"href":"https:\/\/www.webdo.tn\/fr\/wp-json\/wp\/v2\/comments?post=180114"}],"version-history":[{"count":0,"href":"https:\/\/www.webdo.tn\/fr\/wp-json\/wp\/v2\/posts\/180114\/revisions"}],"wp:featuredmedia":[{"embeddable":true,"href":"https:\/\/www.webdo.tn\/fr\/wp-json\/wp\/v2\/media\/320632"}],"wp:attachment":[{"href":"https:\/\/www.webdo.tn\/fr\/wp-json\/wp\/v2\/media?parent=180114"}],"wp:term":[{"taxonomy":"category","embeddable":true,"href":"https:\/\/www.webdo.tn\/fr\/wp-json\/wp\/v2\/categories?post=180114"},{"taxonomy":"post_tag","embeddable":true,"href":"https:\/\/www.webdo.tn\/fr\/wp-json\/wp\/v2\/tags?post=180114"}],"curies":[{"name":"wp","href":"https:\/\/api.w.org\/{rel}","templated":true}]}}