{"id":180111,"date":"2014-08-20T11:09:00","date_gmt":"2014-08-20T09:09:00","guid":{"rendered":"https:\/\/www.webdo.tn\/fr\/actualite\/terrorisme\/chaambi-militaire-blesse-apres-echange-tirs-larmee-terroristes\/180111"},"modified":"2025-06-04T18:16:43","modified_gmt":"2025-06-04T18:16:43","slug":"chaambi-militaire-blesse-apres-echange-tirs-larmee-terroristes-2","status":"publish","type":"post","link":"https:\/\/www.webdo.tn\/fr\/actualite\/terrorisme\/chaambi-militaire-blesse-apres-echange-tirs-larmee-terroristes-2\/180111\/","title":{"rendered":"Cha\u00e2mbi : Un militaire bless\u00e9 apr\u00e8s un \u00e9change de tirs entre l\u2019Arm\u00e9e et terroristes"},"content":{"rendered":"<p>Au cours d\u2019une patrouille dans la zone de Jebel Cha\u00e2mbi, l\u2019Arm\u00e9e nationale a \u00e9t\u00e9 confront\u00e9e, dans la soir\u00e9e de ce mardi 19 ao\u00fbt, \u00e0 des \u00e9l\u00e9ments terroristes.<\/p>\n<p>Un \u00e9change de tirs s\u2019en est suivi et un militaire a \u00e9t\u00e9 l\u00e9g\u00e8rement bless\u00e9, a indiqu\u00e9 \u00e0 l\u2019agence TAP, le porte-parole du minist\u00e8re de la D\u00e9fense, le lieutenant-colonel Belhassen Oueslati.<\/p>\n<p>Ce sont les forces arm\u00e9es qui ont ouvert le feu contre les terroristes traqu\u00e9s et intercept\u00e9s, selon le porte-parole, pr\u00e9cisant que l\u2019op\u00e9ration a fait un bless\u00e9 l\u00e9ger du c\u00f4t\u00e9 de l\u2019Arm\u00e9e nationale.<\/p>\n<p>[Br\u00e8ve&#8230;]<\/p>\n","protected":false},"excerpt":{"rendered":"<p>Cha\u00e2mbi : Un militaire bless\u00e9 apr\u00e8s un \u00e9change de tirs entre l\u2019Arm\u00e9e et terroristes<\/p>\n","protected":false},"author":3222,"featured_media":373655,"comment_status":"open","ping_status":"open","sticky":false,"template":"","format":"standard","meta":{"footnotes":""},"categories":[11342],"tags":[],"class_list":["post-180111","post","type-post","status-publish","format-standard","has-post-thumbnail","hentry","category-terrorisme"],"yoast_head":"<!-- This site is optimized with the Yoast SEO Premium plugin v27.5 (Yoast SEO v27.5) - https:\/\/yoast.com\/product\/yoast-seo-premium-wordpress\/ -->\n<title>Cha\u00e2mbi : Un militaire bless\u00e9 apr\u00e8s un \u00e9change de tirs entre l\u2019Arm\u00e9e et terroristes<\/title>\n<meta name=\"description\" content=\"Cha\u00e2mbi : Un militaire bless\u00e9 apr\u00e8s un \u00e9change de tirs entre l\u2019Arm\u00e9e et terroristes\" \/>\n<link rel=\"canonical\" href=\"https:\/\/www.webdo.tn\/fr\/actualite\/blog\/chaambi-militaire-blesse-apres-echange-tirs-larmee-terroristes-2\/180111\/\" \/>\n<meta property=\"og:locale\" content=\"fr_FR\" \/>\n<meta property=\"og:type\" content=\"article\" \/>\n<meta property=\"og:title\" content=\"Cha\u00e2mbi : Un militaire bless\u00e9 apr\u00e8s un \u00e9change de tirs entre l\u2019Arm\u00e9e et terroristes\" \/>\n<meta property=\"og:description\" content=\"Cha\u00e2mbi : Un militaire bless\u00e9 apr\u00e8s un \u00e9change de tirs entre l\u2019Arm\u00e9e et terroristes\" \/>\n<meta property=\"og:url\" content=\"https:\/\/www.webdo.tn\/fr\/actualite\/blog\/chaambi-militaire-blesse-apres-echange-tirs-larmee-terroristes-2\/180111\/\" \/>\n<meta property=\"og:site_name\" content=\"webdo\" \/>\n<meta property=\"article:publisher\" content=\"https:\/\/www.facebook.com\/webdotn\" \/>\n<meta property=\"article:published_time\" content=\"2014-08-20T09:09:00+00:00\" \/>\n<meta property=\"article:modified_time\" content=\"2025-06-04T18:16:43+00:00\" \/>\n<meta name=\"author\" content=\"webdo.tn\" \/>\n<meta name=\"twitter:card\" content=\"summary_large_image\" \/>\n<meta name=\"twitter:creator\" content=\"@webdo_tn\" \/>\n<meta name=\"twitter:site\" content=\"@webdo_tn\" \/>\n<meta name=\"twitter:label1\" content=\"\u00c9crit par\" \/>\n\t<meta name=\"twitter:data1\" content=\"webdo.tn\" \/>\n\t<meta name=\"twitter:label2\" content=\"Dur\u00e9e de lecture estim\u00e9e\" \/>\n\t<meta name=\"twitter:data2\" content=\"1 minute\" \/>\n<script type=\"application\/ld+json\" class=\"yoast-schema-graph\">{\"@context\":\"https:\\\/\\\/schema.org\",\"@graph\":[{\"@type\":\"NewsArticle\",\"@id\":\"https:\\\/\\\/www.webdo.tn\\\/fr\\\/actualite\\\/blog\\\/chaambi-militaire-blesse-apres-echange-tirs-larmee-terroristes-2\\\/180111\\\/#article\",\"isPartOf\":{\"@id\":\"https:\\\/\\\/www.webdo.tn\\\/fr\\\/actualite\\\/blog\\\/chaambi-militaire-blesse-apres-echange-tirs-larmee-terroristes-2\\\/180111\\\/\"},\"author\":{\"name\":\"webdo.tn\",\"@id\":\"https:\\\/\\\/www.webdo.tn\\\/fr\\\/#\\\/schema\\\/person\\\/9a9c6118d687c117df8ef3cc36a4d175\"},\"headline\":\"Cha\u00e2mbi : Un militaire bless\u00e9 apr\u00e8s un \u00e9change de tirs entre l\u2019Arm\u00e9e et terroristes\",\"datePublished\":\"2014-08-20T09:09:00+00:00\",\"dateModified\":\"2025-06-04T18:16:43+00:00\",\"mainEntityOfPage\":{\"@id\":\"https:\\\/\\\/www.webdo.tn\\\/fr\\\/actualite\\\/blog\\\/chaambi-militaire-blesse-apres-echange-tirs-larmee-terroristes-2\\\/180111\\\/\"},\"wordCount\":129,\"commentCount\":0,\"publisher\":{\"@id\":\"https:\\\/\\\/www.webdo.tn\\\/fr\\\/#organization\"},\"image\":{\"@id\":\"https:\\\/\\\/www.webdo.tn\\\/fr\\\/actualite\\\/blog\\\/chaambi-militaire-blesse-apres-echange-tirs-larmee-terroristes-2\\\/180111\\\/#primaryimage\"},\"thumbnailUrl\":\"https:\\\/\\\/www.webdo.tn\\\/fr\\\/wp-content\\\/uploads\\\/2025\\\/06\\\/Armee-Chaambi_180111.jpg\",\"articleSection\":[\"Terrorisme\"],\"inLanguage\":\"fr-FR\"},{\"@type\":\"WebPage\",\"@id\":\"https:\\\/\\\/www.webdo.tn\\\/fr\\\/actualite\\\/blog\\\/chaambi-militaire-blesse-apres-echange-tirs-larmee-terroristes-2\\\/180111\\\/\",\"url\":\"https:\\\/\\\/www.webdo.tn\\\/fr\\\/actualite\\\/blog\\\/chaambi-militaire-blesse-apres-echange-tirs-larmee-terroristes-2\\\/180111\\\/\",\"name\":\"Cha\u00e2mbi : Un militaire bless\u00e9 apr\u00e8s un \u00e9change de tirs entre l\u2019Arm\u00e9e et terroristes\",\"isPartOf\":{\"@id\":\"https:\\\/\\\/www.webdo.tn\\\/fr\\\/#website\"},\"primaryImageOfPage\":{\"@id\":\"https:\\\/\\\/www.webdo.tn\\\/fr\\\/actualite\\\/blog\\\/chaambi-militaire-blesse-apres-echange-tirs-larmee-terroristes-2\\\/180111\\\/#primaryimage\"},\"image\":{\"@id\":\"https:\\\/\\\/www.webdo.tn\\\/fr\\\/actualite\\\/blog\\\/chaambi-militaire-blesse-apres-echange-tirs-larmee-terroristes-2\\\/180111\\\/#primaryimage\"},\"thumbnailUrl\":\"https:\\\/\\\/www.webdo.tn\\\/fr\\\/wp-content\\\/uploads\\\/2025\\\/06\\\/Armee-Chaambi_180111.jpg\",\"datePublished\":\"2014-08-20T09:09:00+00:00\",\"dateModified\":\"2025-06-04T18:16:43+00:00\",\"description\":\"Cha\u00e2mbi : Un militaire bless\u00e9 apr\u00e8s un \u00e9change de tirs entre l\u2019Arm\u00e9e et terroristes\",\"breadcrumb\":{\"@id\":\"https:\\\/\\\/www.webdo.tn\\\/fr\\\/actualite\\\/blog\\\/chaambi-militaire-blesse-apres-echange-tirs-larmee-terroristes-2\\\/180111\\\/#breadcrumb\"},\"inLanguage\":\"fr-FR\",\"potentialAction\":[{\"@type\":\"ReadAction\",\"target\":[\"https:\\\/\\\/www.webdo.tn\\\/fr\\\/actualite\\\/blog\\\/chaambi-militaire-blesse-apres-echange-tirs-larmee-terroristes-2\\\/180111\\\/\"]}]},{\"@type\":\"ImageObject\",\"inLanguage\":\"fr-FR\",\"@id\":\"https:\\\/\\\/www.webdo.tn\\\/fr\\\/actualite\\\/blog\\\/chaambi-militaire-blesse-apres-echange-tirs-larmee-terroristes-2\\\/180111\\\/#primaryimage\",\"url\":\"https:\\\/\\\/www.webdo.tn\\\/fr\\\/wp-content\\\/uploads\\\/2025\\\/06\\\/Armee-Chaambi_180111.jpg\",\"contentUrl\":\"https:\\\/\\\/www.webdo.tn\\\/fr\\\/wp-content\\\/uploads\\\/2025\\\/06\\\/Armee-Chaambi_180111.jpg\",\"width\":509,\"height\":382,\"caption\":\"Cha\u00e2mbi : Un militaire bless\u00e9 apr\u00e8s un \u00e9change de tirs entre l\u2019Arm\u00e9e et terroristes\"},{\"@type\":\"BreadcrumbList\",\"@id\":\"https:\\\/\\\/www.webdo.tn\\\/fr\\\/actualite\\\/blog\\\/chaambi-militaire-blesse-apres-echange-tirs-larmee-terroristes-2\\\/180111\\\/#breadcrumb\",\"itemListElement\":[{\"@type\":\"ListItem\",\"position\":1,\"name\":\"Accueil\",\"item\":\"https:\\\/\\\/www.webdo.tn\\\/fr\\\/\"},{\"@type\":\"ListItem\",\"position\":2,\"name\":\"Cha\u00e2mbi : Un militaire bless\u00e9 apr\u00e8s un \u00e9change de tirs entre l\u2019Arm\u00e9e et terroristes\"}]},{\"@type\":\"WebSite\",\"@id\":\"https:\\\/\\\/www.webdo.tn\\\/fr\\\/#website\",\"url\":\"https:\\\/\\\/www.webdo.tn\\\/fr\\\/\",\"name\":\"webdo\",\"description\":\"Tunisie - News en Tunisie et \u00e0 l&#039;international sur Webdo.tn\",\"publisher\":{\"@id\":\"https:\\\/\\\/www.webdo.tn\\\/fr\\\/#organization\"},\"potentialAction\":[{\"@type\":\"SearchAction\",\"target\":{\"@type\":\"EntryPoint\",\"urlTemplate\":\"https:\\\/\\\/www.webdo.tn\\\/fr\\\/?s={search_term_string}\"},\"query-input\":{\"@type\":\"PropertyValueSpecification\",\"valueRequired\":true,\"valueName\":\"search_term_string\"}}],\"inLanguage\":\"fr-FR\"},{\"@type\":\"Organization\",\"@id\":\"https:\\\/\\\/www.webdo.tn\\\/fr\\\/#organization\",\"name\":\"Webdo\",\"alternateName\":\"Webdo.tn\",\"url\":\"https:\\\/\\\/www.webdo.tn\\\/fr\\\/\",\"logo\":{\"@type\":\"ImageObject\",\"inLanguage\":\"fr-FR\",\"@id\":\"https:\\\/\\\/www.webdo.tn\\\/fr\\\/#\\\/schema\\\/logo\\\/image\\\/\",\"url\":\"https:\\\/\\\/www.webdo.tn\\\/fr\\\/wp-content\\\/uploads\\\/2025\\\/06\\\/Webdo-Tunisie_168377.jpg\",\"contentUrl\":\"https:\\\/\\\/www.webdo.tn\\\/fr\\\/wp-content\\\/uploads\\\/2025\\\/06\\\/Webdo-Tunisie_168377.jpg\",\"width\":301,\"height\":301,\"caption\":\"Webdo\"},\"image\":{\"@id\":\"https:\\\/\\\/www.webdo.tn\\\/fr\\\/#\\\/schema\\\/logo\\\/image\\\/\"},\"sameAs\":[\"https:\\\/\\\/www.facebook.com\\\/webdotn\",\"https:\\\/\\\/x.com\\\/webdo_tn\"],\"description\":\"Webdo est un m\u00e9dia num\u00e9rique tunisien fond\u00e9 en 2010, sp\u00e9cialis\u00e9 dans l\u2019actualit\u00e9 nationale et internationale, l\u2019\u00e9conomie, la soci\u00e9t\u00e9 et les analyses politiques. Le site s\u2019adresse \u00e0 un large public francophone et couvre l\u2019information tunisienne en temps r\u00e9el.\",\"email\":\"redac@webdo.tn\",\"legalName\":\"YNJ SARL\",\"foundingDate\":\"2010-09-06\",\"numberOfEmployees\":{\"@type\":\"QuantitativeValue\",\"minValue\":\"11\",\"maxValue\":\"50\"}},{\"@type\":\"Person\",\"@id\":\"https:\\\/\\\/www.webdo.tn\\\/fr\\\/#\\\/schema\\\/person\\\/9a9c6118d687c117df8ef3cc36a4d175\",\"name\":\"webdo.tn\",\"image\":{\"@type\":\"ImageObject\",\"inLanguage\":\"fr-FR\",\"@id\":\"https:\\\/\\\/secure.gravatar.com\\\/avatar\\\/7ce1f28c0c3bbac99ff550b85ef8e44a6950c6ee24514fb6a5489e51d06f0298?s=96&d=mm&r=g\",\"url\":\"https:\\\/\\\/secure.gravatar.com\\\/avatar\\\/7ce1f28c0c3bbac99ff550b85ef8e44a6950c6ee24514fb6a5489e51d06f0298?s=96&d=mm&r=g\",\"contentUrl\":\"https:\\\/\\\/secure.gravatar.com\\\/avatar\\\/7ce1f28c0c3bbac99ff550b85ef8e44a6950c6ee24514fb6a5489e51d06f0298?s=96&d=mm&r=g\",\"caption\":\"webdo.tn\"},\"url\":\"https:\\\/\\\/www.webdo.tn\\\/fr\\\/actualite\\\/author\\\/webdotn\\\/\"}]}<\/script>\n<!-- \/ Yoast SEO Premium plugin. -->","yoast_head_json":{"title":"Cha\u00e2mbi : Un militaire bless\u00e9 apr\u00e8s un \u00e9change de tirs entre l\u2019Arm\u00e9e et terroristes","description":"Cha\u00e2mbi : Un militaire bless\u00e9 apr\u00e8s un \u00e9change de tirs entre l\u2019Arm\u00e9e et terroristes","canonical":"https:\/\/www.webdo.tn\/fr\/actualite\/blog\/chaambi-militaire-blesse-apres-echange-tirs-larmee-terroristes-2\/180111\/","og_locale":"fr_FR","og_type":"article","og_title":"Cha\u00e2mbi : Un militaire bless\u00e9 apr\u00e8s un \u00e9change de tirs entre l\u2019Arm\u00e9e et terroristes","og_description":"Cha\u00e2mbi : Un militaire bless\u00e9 apr\u00e8s un \u00e9change de tirs entre l\u2019Arm\u00e9e et terroristes","og_url":"https:\/\/www.webdo.tn\/fr\/actualite\/blog\/chaambi-militaire-blesse-apres-echange-tirs-larmee-terroristes-2\/180111\/","og_site_name":"webdo","article_publisher":"https:\/\/www.facebook.com\/webdotn","article_published_time":"2014-08-20T09:09:00+00:00","article_modified_time":"2025-06-04T18:16:43+00:00","author":"webdo.tn","twitter_card":"summary_large_image","twitter_creator":"@webdo_tn","twitter_site":"@webdo_tn","twitter_misc":{"\u00c9crit par":"webdo.tn","Dur\u00e9e de lecture estim\u00e9e":"1 minute"},"schema":{"@context":"https:\/\/schema.org","@graph":[{"@type":"NewsArticle","@id":"https:\/\/www.webdo.tn\/fr\/actualite\/blog\/chaambi-militaire-blesse-apres-echange-tirs-larmee-terroristes-2\/180111\/#article","isPartOf":{"@id":"https:\/\/www.webdo.tn\/fr\/actualite\/blog\/chaambi-militaire-blesse-apres-echange-tirs-larmee-terroristes-2\/180111\/"},"author":{"name":"webdo.tn","@id":"https:\/\/www.webdo.tn\/fr\/#\/schema\/person\/9a9c6118d687c117df8ef3cc36a4d175"},"headline":"Cha\u00e2mbi : Un militaire bless\u00e9 apr\u00e8s un \u00e9change de tirs entre l\u2019Arm\u00e9e et terroristes","datePublished":"2014-08-20T09:09:00+00:00","dateModified":"2025-06-04T18:16:43+00:00","mainEntityOfPage":{"@id":"https:\/\/www.webdo.tn\/fr\/actualite\/blog\/chaambi-militaire-blesse-apres-echange-tirs-larmee-terroristes-2\/180111\/"},"wordCount":129,"commentCount":0,"publisher":{"@id":"https:\/\/www.webdo.tn\/fr\/#organization"},"image":{"@id":"https:\/\/www.webdo.tn\/fr\/actualite\/blog\/chaambi-militaire-blesse-apres-echange-tirs-larmee-terroristes-2\/180111\/#primaryimage"},"thumbnailUrl":"https:\/\/www.webdo.tn\/fr\/wp-content\/uploads\/2025\/06\/Armee-Chaambi_180111.jpg","articleSection":["Terrorisme"],"inLanguage":"fr-FR"},{"@type":"WebPage","@id":"https:\/\/www.webdo.tn\/fr\/actualite\/blog\/chaambi-militaire-blesse-apres-echange-tirs-larmee-terroristes-2\/180111\/","url":"https:\/\/www.webdo.tn\/fr\/actualite\/blog\/chaambi-militaire-blesse-apres-echange-tirs-larmee-terroristes-2\/180111\/","name":"Cha\u00e2mbi : Un militaire bless\u00e9 apr\u00e8s un \u00e9change de tirs entre l\u2019Arm\u00e9e et terroristes","isPartOf":{"@id":"https:\/\/www.webdo.tn\/fr\/#website"},"primaryImageOfPage":{"@id":"https:\/\/www.webdo.tn\/fr\/actualite\/blog\/chaambi-militaire-blesse-apres-echange-tirs-larmee-terroristes-2\/180111\/#primaryimage"},"image":{"@id":"https:\/\/www.webdo.tn\/fr\/actualite\/blog\/chaambi-militaire-blesse-apres-echange-tirs-larmee-terroristes-2\/180111\/#primaryimage"},"thumbnailUrl":"https:\/\/www.webdo.tn\/fr\/wp-content\/uploads\/2025\/06\/Armee-Chaambi_180111.jpg","datePublished":"2014-08-20T09:09:00+00:00","dateModified":"2025-06-04T18:16:43+00:00","description":"Cha\u00e2mbi : Un militaire bless\u00e9 apr\u00e8s un \u00e9change de tirs entre l\u2019Arm\u00e9e et terroristes","breadcrumb":{"@id":"https:\/\/www.webdo.tn\/fr\/actualite\/blog\/chaambi-militaire-blesse-apres-echange-tirs-larmee-terroristes-2\/180111\/#breadcrumb"},"inLanguage":"fr-FR","potentialAction":[{"@type":"ReadAction","target":["https:\/\/www.webdo.tn\/fr\/actualite\/blog\/chaambi-militaire-blesse-apres-echange-tirs-larmee-terroristes-2\/180111\/"]}]},{"@type":"ImageObject","inLanguage":"fr-FR","@id":"https:\/\/www.webdo.tn\/fr\/actualite\/blog\/chaambi-militaire-blesse-apres-echange-tirs-larmee-terroristes-2\/180111\/#primaryimage","url":"https:\/\/www.webdo.tn\/fr\/wp-content\/uploads\/2025\/06\/Armee-Chaambi_180111.jpg","contentUrl":"https:\/\/www.webdo.tn\/fr\/wp-content\/uploads\/2025\/06\/Armee-Chaambi_180111.jpg","width":509,"height":382,"caption":"Cha\u00e2mbi : Un militaire bless\u00e9 apr\u00e8s un \u00e9change de tirs entre l\u2019Arm\u00e9e et terroristes"},{"@type":"BreadcrumbList","@id":"https:\/\/www.webdo.tn\/fr\/actualite\/blog\/chaambi-militaire-blesse-apres-echange-tirs-larmee-terroristes-2\/180111\/#breadcrumb","itemListElement":[{"@type":"ListItem","position":1,"name":"Accueil","item":"https:\/\/www.webdo.tn\/fr\/"},{"@type":"ListItem","position":2,"name":"Cha\u00e2mbi : Un militaire bless\u00e9 apr\u00e8s un \u00e9change de tirs entre l\u2019Arm\u00e9e et terroristes"}]},{"@type":"WebSite","@id":"https:\/\/www.webdo.tn\/fr\/#website","url":"https:\/\/www.webdo.tn\/fr\/","name":"webdo","description":"Tunisie - News en Tunisie et \u00e0 l&#039;international sur Webdo.tn","publisher":{"@id":"https:\/\/www.webdo.tn\/fr\/#organization"},"potentialAction":[{"@type":"SearchAction","target":{"@type":"EntryPoint","urlTemplate":"https:\/\/www.webdo.tn\/fr\/?s={search_term_string}"},"query-input":{"@type":"PropertyValueSpecification","valueRequired":true,"valueName":"search_term_string"}}],"inLanguage":"fr-FR"},{"@type":"Organization","@id":"https:\/\/www.webdo.tn\/fr\/#organization","name":"Webdo","alternateName":"Webdo.tn","url":"https:\/\/www.webdo.tn\/fr\/","logo":{"@type":"ImageObject","inLanguage":"fr-FR","@id":"https:\/\/www.webdo.tn\/fr\/#\/schema\/logo\/image\/","url":"https:\/\/www.webdo.tn\/fr\/wp-content\/uploads\/2025\/06\/Webdo-Tunisie_168377.jpg","contentUrl":"https:\/\/www.webdo.tn\/fr\/wp-content\/uploads\/2025\/06\/Webdo-Tunisie_168377.jpg","width":301,"height":301,"caption":"Webdo"},"image":{"@id":"https:\/\/www.webdo.tn\/fr\/#\/schema\/logo\/image\/"},"sameAs":["https:\/\/www.facebook.com\/webdotn","https:\/\/x.com\/webdo_tn"],"description":"Webdo est un m\u00e9dia num\u00e9rique tunisien fond\u00e9 en 2010, sp\u00e9cialis\u00e9 dans l\u2019actualit\u00e9 nationale et internationale, l\u2019\u00e9conomie, la soci\u00e9t\u00e9 et les analyses politiques. Le site s\u2019adresse \u00e0 un large public francophone et couvre l\u2019information tunisienne en temps r\u00e9el.","email":"redac@webdo.tn","legalName":"YNJ SARL","foundingDate":"2010-09-06","numberOfEmployees":{"@type":"QuantitativeValue","minValue":"11","maxValue":"50"}},{"@type":"Person","@id":"https:\/\/www.webdo.tn\/fr\/#\/schema\/person\/9a9c6118d687c117df8ef3cc36a4d175","name":"webdo.tn","image":{"@type":"ImageObject","inLanguage":"fr-FR","@id":"https:\/\/secure.gravatar.com\/avatar\/7ce1f28c0c3bbac99ff550b85ef8e44a6950c6ee24514fb6a5489e51d06f0298?s=96&d=mm&r=g","url":"https:\/\/secure.gravatar.com\/avatar\/7ce1f28c0c3bbac99ff550b85ef8e44a6950c6ee24514fb6a5489e51d06f0298?s=96&d=mm&r=g","contentUrl":"https:\/\/secure.gravatar.com\/avatar\/7ce1f28c0c3bbac99ff550b85ef8e44a6950c6ee24514fb6a5489e51d06f0298?s=96&d=mm&r=g","caption":"webdo.tn"},"url":"https:\/\/www.webdo.tn\/fr\/actualite\/author\/webdotn\/"}]}},"_links":{"self":[{"href":"https:\/\/www.webdo.tn\/fr\/wp-json\/wp\/v2\/posts\/180111","targetHints":{"allow":["GET"]}}],"collection":[{"href":"https:\/\/www.webdo.tn\/fr\/wp-json\/wp\/v2\/posts"}],"about":[{"href":"https:\/\/www.webdo.tn\/fr\/wp-json\/wp\/v2\/types\/post"}],"author":[{"embeddable":true,"href":"https:\/\/www.webdo.tn\/fr\/wp-json\/wp\/v2\/users\/3222"}],"replies":[{"embeddable":true,"href":"https:\/\/www.webdo.tn\/fr\/wp-json\/wp\/v2\/comments?post=180111"}],"version-history":[{"count":0,"href":"https:\/\/www.webdo.tn\/fr\/wp-json\/wp\/v2\/posts\/180111\/revisions"}],"wp:featuredmedia":[{"embeddable":true,"href":"https:\/\/www.webdo.tn\/fr\/wp-json\/wp\/v2\/media\/373655"}],"wp:attachment":[{"href":"https:\/\/www.webdo.tn\/fr\/wp-json\/wp\/v2\/media?parent=180111"}],"wp:term":[{"taxonomy":"category","embeddable":true,"href":"https:\/\/www.webdo.tn\/fr\/wp-json\/wp\/v2\/categories?post=180111"},{"taxonomy":"post_tag","embeddable":true,"href":"https:\/\/www.webdo.tn\/fr\/wp-json\/wp\/v2\/tags?post=180111"}],"curies":[{"name":"wp","href":"https:\/\/api.w.org\/{rel}","templated":true}]}}