{"id":180108,"date":"2014-08-21T18:15:00","date_gmt":"2014-08-21T16:15:00","guid":{"rendered":"https:\/\/www.webdo.tn\/fr\/actualite\/terrorisme\/examen-loi-antiterroriste-anc-septembre-tunisie\/180108"},"modified":"2025-06-04T18:16:12","modified_gmt":"2025-06-04T18:16:12","slug":"examen-loi-antiterroriste-anc-septembre-tunisie-2","status":"publish","type":"post","link":"https:\/\/www.webdo.tn\/fr\/actualite\/terrorisme\/examen-loi-antiterroriste-anc-septembre-tunisie-2\/180108\/","title":{"rendered":"L&rsquo;examen de la loi antiterroriste \u00e0 l&rsquo;ANC reprendra le 1er septembre"},"content":{"rendered":"<p>ANC | L&rsquo;examen de la loi contre les crimes terroristes et le blanchiment d&rsquo;argent, qui devait se poursuivre ce jeudi 21 ao\u00fbt \u00e0 l&rsquo;Assembl\u00e9e nationale constituante (ANC), a finalement \u00e9t\u00e9 suspendu jusqu&rsquo;au 1er septembre.<\/p>\n<p>La s\u00e9ance avait d\u00e9but\u00e9 \u00e0 16h30, avec deux heures de retard, en pr\u00e9sence de 119 d\u00e9put\u00e9s (sur un total de 217). Mais elle a \u00e9t\u00e9 lev\u00e9e une heure et trois rejets d&rsquo;amendements plus tard par la pr\u00e9sidente de l&rsquo;assembl\u00e9e Meherzia La\u00e2bidi :<br \/>\nM.Laabidi: \u00ab\u00a0Vu le nombre faible des pr\u00e9sents, et sur la base des pr\u00e9rogatives dont je dispose, je l\u00e8ve la s\u00e9ance\u00a0\u00bb #TnAC<\/p>\n<p>\u2014 AlBawsala (@AlBawsalaTN) 21 Ao\u00fbt 2014<br \/>\nEn cause : le nombre insuffisant d&rsquo;\u00e9lus pr\u00e9sents et &#8230; l&rsquo;approche du d\u00e9lai de d\u00e9p\u00f4t des listes pour les \u00e9lections l\u00e9gislatives : <\/p>\n<p>M.Laabidi:\u00a0\u00bbVu les d\u00e9lais pour le d\u00e9p\u00f4t des listes, nous reprenons les travaux le lundi 1er septembre\u00a0\u00bb #TnAC<\/p>\n<p>\u2014 AlBawsala (@AlBawsalaTN) 21 Ao\u00fbt 2014<\/p>\n<p>La d\u00e9p\u00f4t des listes de candidats doit en effet commencer demain vendredi 22 ao\u00fbt, et se cl\u00f4turera une semaine apr\u00e8s, le 29 ao\u00fbt.<\/p>\n<p>Depuis la reprise de l&rsquo;examen de la loi antiterroriste, il y a dix jours, les travaux de l&rsquo;ANC ont \u00e9t\u00e9 report\u00e9s plusieurs fois et ralentis en raison de l&rsquo;absence d&rsquo;un grand nombre d&rsquo;\u00e9lus.<\/p>\n<p>Pour l&rsquo;heure, les d\u00e9put\u00e9s ont adopt\u00e9 les onze premiers articles de la loi contre le terrorisme et le blanchiment d&rsquo;argent. Il en reste 125.<\/p>\n","protected":false},"excerpt":{"rendered":"<p>L&rsquo;examen de la loi antiterroriste \u00e0 l&rsquo;ANC reprendra le 1er septembre<\/p>\n","protected":false},"author":3222,"featured_media":373641,"comment_status":"open","ping_status":"open","sticky":false,"template":"","format":"standard","meta":{"footnotes":""},"categories":[11342],"tags":[],"class_list":["post-180108","post","type-post","status-publish","format-standard","has-post-thumbnail","hentry","category-terrorisme"],"yoast_head":"<!-- This site is optimized with the Yoast SEO Premium plugin v27.5 (Yoast SEO v27.5) - https:\/\/yoast.com\/product\/yoast-seo-premium-wordpress\/ -->\n<title>L&#039;examen de la loi antiterroriste \u00e0 l&#039;ANC reprendra le 1er septembre<\/title>\n<meta name=\"description\" content=\"L&#039;examen de la loi antiterroriste \u00e0 l&#039;ANC reprendra le 1er septembre\" \/>\n<link rel=\"canonical\" href=\"https:\/\/www.webdo.tn\/fr\/actualite\/blog\/examen-loi-antiterroriste-anc-septembre-tunisie-2\/180108\/\" \/>\n<meta property=\"og:locale\" content=\"fr_FR\" \/>\n<meta property=\"og:type\" content=\"article\" \/>\n<meta property=\"og:title\" content=\"L&#039;examen de la loi antiterroriste \u00e0 l&#039;ANC reprendra le 1er septembre\" \/>\n<meta property=\"og:description\" content=\"L&#039;examen de la loi antiterroriste \u00e0 l&#039;ANC reprendra le 1er septembre\" \/>\n<meta property=\"og:url\" content=\"https:\/\/www.webdo.tn\/fr\/actualite\/blog\/examen-loi-antiterroriste-anc-septembre-tunisie-2\/180108\/\" \/>\n<meta property=\"og:site_name\" content=\"webdo\" \/>\n<meta property=\"article:publisher\" content=\"https:\/\/www.facebook.com\/webdotn\" \/>\n<meta property=\"article:published_time\" content=\"2014-08-21T16:15:00+00:00\" \/>\n<meta property=\"article:modified_time\" content=\"2025-06-04T18:16:12+00:00\" \/>\n<meta name=\"author\" content=\"webdo.tn\" \/>\n<meta name=\"twitter:card\" content=\"summary_large_image\" \/>\n<meta name=\"twitter:creator\" content=\"@webdo_tn\" \/>\n<meta name=\"twitter:site\" content=\"@webdo_tn\" \/>\n<meta name=\"twitter:label1\" content=\"\u00c9crit par\" \/>\n\t<meta name=\"twitter:data1\" content=\"webdo.tn\" \/>\n\t<meta name=\"twitter:label2\" content=\"Dur\u00e9e de lecture estim\u00e9e\" \/>\n\t<meta name=\"twitter:data2\" content=\"1 minute\" \/>\n<script type=\"application\/ld+json\" class=\"yoast-schema-graph\">{\"@context\":\"https:\\\/\\\/schema.org\",\"@graph\":[{\"@type\":\"NewsArticle\",\"@id\":\"https:\\\/\\\/www.webdo.tn\\\/fr\\\/actualite\\\/blog\\\/examen-loi-antiterroriste-anc-septembre-tunisie-2\\\/180108\\\/#article\",\"isPartOf\":{\"@id\":\"https:\\\/\\\/www.webdo.tn\\\/fr\\\/actualite\\\/blog\\\/examen-loi-antiterroriste-anc-septembre-tunisie-2\\\/180108\\\/\"},\"author\":{\"name\":\"webdo.tn\",\"@id\":\"https:\\\/\\\/www.webdo.tn\\\/fr\\\/#\\\/schema\\\/person\\\/9a9c6118d687c117df8ef3cc36a4d175\"},\"headline\":\"L&rsquo;examen de la loi antiterroriste \u00e0 l&rsquo;ANC reprendra le 1er septembre\",\"datePublished\":\"2014-08-21T16:15:00+00:00\",\"dateModified\":\"2025-06-04T18:16:12+00:00\",\"mainEntityOfPage\":{\"@id\":\"https:\\\/\\\/www.webdo.tn\\\/fr\\\/actualite\\\/blog\\\/examen-loi-antiterroriste-anc-septembre-tunisie-2\\\/180108\\\/\"},\"wordCount\":273,\"commentCount\":0,\"publisher\":{\"@id\":\"https:\\\/\\\/www.webdo.tn\\\/fr\\\/#organization\"},\"image\":{\"@id\":\"https:\\\/\\\/www.webdo.tn\\\/fr\\\/actualite\\\/blog\\\/examen-loi-antiterroriste-anc-septembre-tunisie-2\\\/180108\\\/#primaryimage\"},\"thumbnailUrl\":\"https:\\\/\\\/www.webdo.tn\\\/fr\\\/wp-content\\\/uploads\\\/2025\\\/06\\\/Vote-a-lAssemblee-Constituante-photo-Tv-Nat_180108.jpg\",\"articleSection\":[\"Terrorisme\"],\"inLanguage\":\"fr-FR\"},{\"@type\":\"WebPage\",\"@id\":\"https:\\\/\\\/www.webdo.tn\\\/fr\\\/actualite\\\/blog\\\/examen-loi-antiterroriste-anc-septembre-tunisie-2\\\/180108\\\/\",\"url\":\"https:\\\/\\\/www.webdo.tn\\\/fr\\\/actualite\\\/blog\\\/examen-loi-antiterroriste-anc-septembre-tunisie-2\\\/180108\\\/\",\"name\":\"L'examen de la loi antiterroriste \u00e0 l'ANC reprendra le 1er septembre\",\"isPartOf\":{\"@id\":\"https:\\\/\\\/www.webdo.tn\\\/fr\\\/#website\"},\"primaryImageOfPage\":{\"@id\":\"https:\\\/\\\/www.webdo.tn\\\/fr\\\/actualite\\\/blog\\\/examen-loi-antiterroriste-anc-septembre-tunisie-2\\\/180108\\\/#primaryimage\"},\"image\":{\"@id\":\"https:\\\/\\\/www.webdo.tn\\\/fr\\\/actualite\\\/blog\\\/examen-loi-antiterroriste-anc-septembre-tunisie-2\\\/180108\\\/#primaryimage\"},\"thumbnailUrl\":\"https:\\\/\\\/www.webdo.tn\\\/fr\\\/wp-content\\\/uploads\\\/2025\\\/06\\\/Vote-a-lAssemblee-Constituante-photo-Tv-Nat_180108.jpg\",\"datePublished\":\"2014-08-21T16:15:00+00:00\",\"dateModified\":\"2025-06-04T18:16:12+00:00\",\"description\":\"L'examen de la loi antiterroriste \u00e0 l'ANC reprendra le 1er septembre\",\"breadcrumb\":{\"@id\":\"https:\\\/\\\/www.webdo.tn\\\/fr\\\/actualite\\\/blog\\\/examen-loi-antiterroriste-anc-septembre-tunisie-2\\\/180108\\\/#breadcrumb\"},\"inLanguage\":\"fr-FR\",\"potentialAction\":[{\"@type\":\"ReadAction\",\"target\":[\"https:\\\/\\\/www.webdo.tn\\\/fr\\\/actualite\\\/blog\\\/examen-loi-antiterroriste-anc-septembre-tunisie-2\\\/180108\\\/\"]}]},{\"@type\":\"ImageObject\",\"inLanguage\":\"fr-FR\",\"@id\":\"https:\\\/\\\/www.webdo.tn\\\/fr\\\/actualite\\\/blog\\\/examen-loi-antiterroriste-anc-septembre-tunisie-2\\\/180108\\\/#primaryimage\",\"url\":\"https:\\\/\\\/www.webdo.tn\\\/fr\\\/wp-content\\\/uploads\\\/2025\\\/06\\\/Vote-a-lAssemblee-Constituante-photo-Tv-Nat_180108.jpg\",\"contentUrl\":\"https:\\\/\\\/www.webdo.tn\\\/fr\\\/wp-content\\\/uploads\\\/2025\\\/06\\\/Vote-a-lAssemblee-Constituante-photo-Tv-Nat_180108.jpg\",\"width\":263,\"height\":203,\"caption\":\"L'examen de la loi antiterroriste \u00e0 l'ANC reprendra le 1er septembre\"},{\"@type\":\"BreadcrumbList\",\"@id\":\"https:\\\/\\\/www.webdo.tn\\\/fr\\\/actualite\\\/blog\\\/examen-loi-antiterroriste-anc-septembre-tunisie-2\\\/180108\\\/#breadcrumb\",\"itemListElement\":[{\"@type\":\"ListItem\",\"position\":1,\"name\":\"Accueil\",\"item\":\"https:\\\/\\\/www.webdo.tn\\\/fr\\\/\"},{\"@type\":\"ListItem\",\"position\":2,\"name\":\"L&rsquo;examen de la loi antiterroriste \u00e0 l&rsquo;ANC reprendra le 1er septembre\"}]},{\"@type\":\"WebSite\",\"@id\":\"https:\\\/\\\/www.webdo.tn\\\/fr\\\/#website\",\"url\":\"https:\\\/\\\/www.webdo.tn\\\/fr\\\/\",\"name\":\"webdo\",\"description\":\"Tunisie - News en Tunisie et \u00e0 l&#039;international sur Webdo.tn\",\"publisher\":{\"@id\":\"https:\\\/\\\/www.webdo.tn\\\/fr\\\/#organization\"},\"potentialAction\":[{\"@type\":\"SearchAction\",\"target\":{\"@type\":\"EntryPoint\",\"urlTemplate\":\"https:\\\/\\\/www.webdo.tn\\\/fr\\\/?s={search_term_string}\"},\"query-input\":{\"@type\":\"PropertyValueSpecification\",\"valueRequired\":true,\"valueName\":\"search_term_string\"}}],\"inLanguage\":\"fr-FR\"},{\"@type\":\"Organization\",\"@id\":\"https:\\\/\\\/www.webdo.tn\\\/fr\\\/#organization\",\"name\":\"Webdo\",\"alternateName\":\"Webdo.tn\",\"url\":\"https:\\\/\\\/www.webdo.tn\\\/fr\\\/\",\"logo\":{\"@type\":\"ImageObject\",\"inLanguage\":\"fr-FR\",\"@id\":\"https:\\\/\\\/www.webdo.tn\\\/fr\\\/#\\\/schema\\\/logo\\\/image\\\/\",\"url\":\"https:\\\/\\\/www.webdo.tn\\\/fr\\\/wp-content\\\/uploads\\\/2025\\\/06\\\/Webdo-Tunisie_168377.jpg\",\"contentUrl\":\"https:\\\/\\\/www.webdo.tn\\\/fr\\\/wp-content\\\/uploads\\\/2025\\\/06\\\/Webdo-Tunisie_168377.jpg\",\"width\":301,\"height\":301,\"caption\":\"Webdo\"},\"image\":{\"@id\":\"https:\\\/\\\/www.webdo.tn\\\/fr\\\/#\\\/schema\\\/logo\\\/image\\\/\"},\"sameAs\":[\"https:\\\/\\\/www.facebook.com\\\/webdotn\",\"https:\\\/\\\/x.com\\\/webdo_tn\"],\"description\":\"Webdo est un m\u00e9dia num\u00e9rique tunisien fond\u00e9 en 2010, sp\u00e9cialis\u00e9 dans l\u2019actualit\u00e9 nationale et internationale, l\u2019\u00e9conomie, la soci\u00e9t\u00e9 et les analyses politiques. Le site s\u2019adresse \u00e0 un large public francophone et couvre l\u2019information tunisienne en temps r\u00e9el.\",\"email\":\"redac@webdo.tn\",\"legalName\":\"YNJ SARL\",\"foundingDate\":\"2010-09-06\",\"numberOfEmployees\":{\"@type\":\"QuantitativeValue\",\"minValue\":\"11\",\"maxValue\":\"50\"}},{\"@type\":\"Person\",\"@id\":\"https:\\\/\\\/www.webdo.tn\\\/fr\\\/#\\\/schema\\\/person\\\/9a9c6118d687c117df8ef3cc36a4d175\",\"name\":\"webdo.tn\",\"image\":{\"@type\":\"ImageObject\",\"inLanguage\":\"fr-FR\",\"@id\":\"https:\\\/\\\/secure.gravatar.com\\\/avatar\\\/7ce1f28c0c3bbac99ff550b85ef8e44a6950c6ee24514fb6a5489e51d06f0298?s=96&d=mm&r=g\",\"url\":\"https:\\\/\\\/secure.gravatar.com\\\/avatar\\\/7ce1f28c0c3bbac99ff550b85ef8e44a6950c6ee24514fb6a5489e51d06f0298?s=96&d=mm&r=g\",\"contentUrl\":\"https:\\\/\\\/secure.gravatar.com\\\/avatar\\\/7ce1f28c0c3bbac99ff550b85ef8e44a6950c6ee24514fb6a5489e51d06f0298?s=96&d=mm&r=g\",\"caption\":\"webdo.tn\"},\"url\":\"https:\\\/\\\/www.webdo.tn\\\/fr\\\/actualite\\\/author\\\/webdotn\\\/\"}]}<\/script>\n<!-- \/ Yoast SEO Premium plugin. -->","yoast_head_json":{"title":"L'examen de la loi antiterroriste \u00e0 l'ANC reprendra le 1er septembre","description":"L'examen de la loi antiterroriste \u00e0 l'ANC reprendra le 1er septembre","canonical":"https:\/\/www.webdo.tn\/fr\/actualite\/blog\/examen-loi-antiterroriste-anc-septembre-tunisie-2\/180108\/","og_locale":"fr_FR","og_type":"article","og_title":"L'examen de la loi antiterroriste \u00e0 l'ANC reprendra le 1er septembre","og_description":"L'examen de la loi antiterroriste \u00e0 l'ANC reprendra le 1er septembre","og_url":"https:\/\/www.webdo.tn\/fr\/actualite\/blog\/examen-loi-antiterroriste-anc-septembre-tunisie-2\/180108\/","og_site_name":"webdo","article_publisher":"https:\/\/www.facebook.com\/webdotn","article_published_time":"2014-08-21T16:15:00+00:00","article_modified_time":"2025-06-04T18:16:12+00:00","author":"webdo.tn","twitter_card":"summary_large_image","twitter_creator":"@webdo_tn","twitter_site":"@webdo_tn","twitter_misc":{"\u00c9crit par":"webdo.tn","Dur\u00e9e de lecture estim\u00e9e":"1 minute"},"schema":{"@context":"https:\/\/schema.org","@graph":[{"@type":"NewsArticle","@id":"https:\/\/www.webdo.tn\/fr\/actualite\/blog\/examen-loi-antiterroriste-anc-septembre-tunisie-2\/180108\/#article","isPartOf":{"@id":"https:\/\/www.webdo.tn\/fr\/actualite\/blog\/examen-loi-antiterroriste-anc-septembre-tunisie-2\/180108\/"},"author":{"name":"webdo.tn","@id":"https:\/\/www.webdo.tn\/fr\/#\/schema\/person\/9a9c6118d687c117df8ef3cc36a4d175"},"headline":"L&rsquo;examen de la loi antiterroriste \u00e0 l&rsquo;ANC reprendra le 1er septembre","datePublished":"2014-08-21T16:15:00+00:00","dateModified":"2025-06-04T18:16:12+00:00","mainEntityOfPage":{"@id":"https:\/\/www.webdo.tn\/fr\/actualite\/blog\/examen-loi-antiterroriste-anc-septembre-tunisie-2\/180108\/"},"wordCount":273,"commentCount":0,"publisher":{"@id":"https:\/\/www.webdo.tn\/fr\/#organization"},"image":{"@id":"https:\/\/www.webdo.tn\/fr\/actualite\/blog\/examen-loi-antiterroriste-anc-septembre-tunisie-2\/180108\/#primaryimage"},"thumbnailUrl":"https:\/\/www.webdo.tn\/fr\/wp-content\/uploads\/2025\/06\/Vote-a-lAssemblee-Constituante-photo-Tv-Nat_180108.jpg","articleSection":["Terrorisme"],"inLanguage":"fr-FR"},{"@type":"WebPage","@id":"https:\/\/www.webdo.tn\/fr\/actualite\/blog\/examen-loi-antiterroriste-anc-septembre-tunisie-2\/180108\/","url":"https:\/\/www.webdo.tn\/fr\/actualite\/blog\/examen-loi-antiterroriste-anc-septembre-tunisie-2\/180108\/","name":"L'examen de la loi antiterroriste \u00e0 l'ANC reprendra le 1er septembre","isPartOf":{"@id":"https:\/\/www.webdo.tn\/fr\/#website"},"primaryImageOfPage":{"@id":"https:\/\/www.webdo.tn\/fr\/actualite\/blog\/examen-loi-antiterroriste-anc-septembre-tunisie-2\/180108\/#primaryimage"},"image":{"@id":"https:\/\/www.webdo.tn\/fr\/actualite\/blog\/examen-loi-antiterroriste-anc-septembre-tunisie-2\/180108\/#primaryimage"},"thumbnailUrl":"https:\/\/www.webdo.tn\/fr\/wp-content\/uploads\/2025\/06\/Vote-a-lAssemblee-Constituante-photo-Tv-Nat_180108.jpg","datePublished":"2014-08-21T16:15:00+00:00","dateModified":"2025-06-04T18:16:12+00:00","description":"L'examen de la loi antiterroriste \u00e0 l'ANC reprendra le 1er septembre","breadcrumb":{"@id":"https:\/\/www.webdo.tn\/fr\/actualite\/blog\/examen-loi-antiterroriste-anc-septembre-tunisie-2\/180108\/#breadcrumb"},"inLanguage":"fr-FR","potentialAction":[{"@type":"ReadAction","target":["https:\/\/www.webdo.tn\/fr\/actualite\/blog\/examen-loi-antiterroriste-anc-septembre-tunisie-2\/180108\/"]}]},{"@type":"ImageObject","inLanguage":"fr-FR","@id":"https:\/\/www.webdo.tn\/fr\/actualite\/blog\/examen-loi-antiterroriste-anc-septembre-tunisie-2\/180108\/#primaryimage","url":"https:\/\/www.webdo.tn\/fr\/wp-content\/uploads\/2025\/06\/Vote-a-lAssemblee-Constituante-photo-Tv-Nat_180108.jpg","contentUrl":"https:\/\/www.webdo.tn\/fr\/wp-content\/uploads\/2025\/06\/Vote-a-lAssemblee-Constituante-photo-Tv-Nat_180108.jpg","width":263,"height":203,"caption":"L'examen de la loi antiterroriste \u00e0 l'ANC reprendra le 1er septembre"},{"@type":"BreadcrumbList","@id":"https:\/\/www.webdo.tn\/fr\/actualite\/blog\/examen-loi-antiterroriste-anc-septembre-tunisie-2\/180108\/#breadcrumb","itemListElement":[{"@type":"ListItem","position":1,"name":"Accueil","item":"https:\/\/www.webdo.tn\/fr\/"},{"@type":"ListItem","position":2,"name":"L&rsquo;examen de la loi antiterroriste \u00e0 l&rsquo;ANC reprendra le 1er septembre"}]},{"@type":"WebSite","@id":"https:\/\/www.webdo.tn\/fr\/#website","url":"https:\/\/www.webdo.tn\/fr\/","name":"webdo","description":"Tunisie - News en Tunisie et \u00e0 l&#039;international sur Webdo.tn","publisher":{"@id":"https:\/\/www.webdo.tn\/fr\/#organization"},"potentialAction":[{"@type":"SearchAction","target":{"@type":"EntryPoint","urlTemplate":"https:\/\/www.webdo.tn\/fr\/?s={search_term_string}"},"query-input":{"@type":"PropertyValueSpecification","valueRequired":true,"valueName":"search_term_string"}}],"inLanguage":"fr-FR"},{"@type":"Organization","@id":"https:\/\/www.webdo.tn\/fr\/#organization","name":"Webdo","alternateName":"Webdo.tn","url":"https:\/\/www.webdo.tn\/fr\/","logo":{"@type":"ImageObject","inLanguage":"fr-FR","@id":"https:\/\/www.webdo.tn\/fr\/#\/schema\/logo\/image\/","url":"https:\/\/www.webdo.tn\/fr\/wp-content\/uploads\/2025\/06\/Webdo-Tunisie_168377.jpg","contentUrl":"https:\/\/www.webdo.tn\/fr\/wp-content\/uploads\/2025\/06\/Webdo-Tunisie_168377.jpg","width":301,"height":301,"caption":"Webdo"},"image":{"@id":"https:\/\/www.webdo.tn\/fr\/#\/schema\/logo\/image\/"},"sameAs":["https:\/\/www.facebook.com\/webdotn","https:\/\/x.com\/webdo_tn"],"description":"Webdo est un m\u00e9dia num\u00e9rique tunisien fond\u00e9 en 2010, sp\u00e9cialis\u00e9 dans l\u2019actualit\u00e9 nationale et internationale, l\u2019\u00e9conomie, la soci\u00e9t\u00e9 et les analyses politiques. Le site s\u2019adresse \u00e0 un large public francophone et couvre l\u2019information tunisienne en temps r\u00e9el.","email":"redac@webdo.tn","legalName":"YNJ SARL","foundingDate":"2010-09-06","numberOfEmployees":{"@type":"QuantitativeValue","minValue":"11","maxValue":"50"}},{"@type":"Person","@id":"https:\/\/www.webdo.tn\/fr\/#\/schema\/person\/9a9c6118d687c117df8ef3cc36a4d175","name":"webdo.tn","image":{"@type":"ImageObject","inLanguage":"fr-FR","@id":"https:\/\/secure.gravatar.com\/avatar\/7ce1f28c0c3bbac99ff550b85ef8e44a6950c6ee24514fb6a5489e51d06f0298?s=96&d=mm&r=g","url":"https:\/\/secure.gravatar.com\/avatar\/7ce1f28c0c3bbac99ff550b85ef8e44a6950c6ee24514fb6a5489e51d06f0298?s=96&d=mm&r=g","contentUrl":"https:\/\/secure.gravatar.com\/avatar\/7ce1f28c0c3bbac99ff550b85ef8e44a6950c6ee24514fb6a5489e51d06f0298?s=96&d=mm&r=g","caption":"webdo.tn"},"url":"https:\/\/www.webdo.tn\/fr\/actualite\/author\/webdotn\/"}]}},"_links":{"self":[{"href":"https:\/\/www.webdo.tn\/fr\/wp-json\/wp\/v2\/posts\/180108","targetHints":{"allow":["GET"]}}],"collection":[{"href":"https:\/\/www.webdo.tn\/fr\/wp-json\/wp\/v2\/posts"}],"about":[{"href":"https:\/\/www.webdo.tn\/fr\/wp-json\/wp\/v2\/types\/post"}],"author":[{"embeddable":true,"href":"https:\/\/www.webdo.tn\/fr\/wp-json\/wp\/v2\/users\/3222"}],"replies":[{"embeddable":true,"href":"https:\/\/www.webdo.tn\/fr\/wp-json\/wp\/v2\/comments?post=180108"}],"version-history":[{"count":0,"href":"https:\/\/www.webdo.tn\/fr\/wp-json\/wp\/v2\/posts\/180108\/revisions"}],"wp:featuredmedia":[{"embeddable":true,"href":"https:\/\/www.webdo.tn\/fr\/wp-json\/wp\/v2\/media\/373641"}],"wp:attachment":[{"href":"https:\/\/www.webdo.tn\/fr\/wp-json\/wp\/v2\/media?parent=180108"}],"wp:term":[{"taxonomy":"category","embeddable":true,"href":"https:\/\/www.webdo.tn\/fr\/wp-json\/wp\/v2\/categories?post=180108"},{"taxonomy":"post_tag","embeddable":true,"href":"https:\/\/www.webdo.tn\/fr\/wp-json\/wp\/v2\/tags?post=180108"}],"curies":[{"name":"wp","href":"https:\/\/api.w.org\/{rel}","templated":true}]}}