{"id":180099,"date":"2014-09-02T18:55:00","date_gmt":"2014-09-02T18:55:00","guid":{"rendered":"https:\/\/www.webdo.tn\/fr\/blog\/nouvelle-video-lei-montrant-journaliste-americain-steven-sotloff-execute\/180099\/"},"modified":"2025-05-22T13:05:37","modified_gmt":"2025-05-22T13:05:37","slug":"nouvelle-video-lei-montrant-journaliste-americain-steven-sotloff-execute","status":"publish","type":"post","link":"https:\/\/www.webdo.tn\/fr\/actualite\/terrorisme\/nouvelle-video-lei-montrant-journaliste-americain-steven-sotloff-execute\/180099\/","title":{"rendered":"Le journaliste am\u00e9ricain Steven Sotloff ex\u00e9cut\u00e9 par l&rsquo;Etat islamique"},"content":{"rendered":"<p>Apr\u00e8s la vid\u00e9o de d\u00e9capitation du photojournaliste\u00a0James Foley le 19 ao\u00fbt, l&rsquo;organisation terroriste de l\u2019\u00c9tat islamique a diffus\u00e9 ce\u00a0mardi 2 septembre 2014 une deuxi\u00e8me, celle du\u00a0journaliste am\u00e9ricain Steven Sotloff, qui a \u00e9t\u00e9 ex\u00e9cut\u00e9 rapporte AP.<\/p>\n<p>La vid\u00e9o de l&rsquo;ex\u00e9cution, publi\u00e9e sur le net, avait pour titre \u00ab\u00a0Un second message pour Obama\u00a0\u00bb. \u00a0Sotloff,\u00a0d\u00e9tenu en Syrie depuis l&rsquo;\u00e9t\u00e9 2013, avait 31 ans. Il a \u00e9t\u00e9\u00a0dipl\u00f4m\u00e9 en journalisme de l\u2019Universit\u00e9 de Central Florida.\u00a0<\/p>\n<p>L&rsquo;organisation terroriste \u00a0avait menac\u00e9 de le tuer si les frappes am\u00e9ricaines se poursuivaient en Irak.<\/p>\n<p>La m\u00e8re du journaliste avait implor\u00e9 le chef de l&rsquo;EI, Abou Bakr Al Baghdadi d&rsquo;\u00e9pargner son fils, sans succ\u00e8s &#8230;<\/p>\n<p>L&rsquo;homme cagoul\u00e9, qui a ex\u00e9cut\u00e9 la d\u00e9capitation, a condamn\u00e9 l\u2019intervention am\u00e9ricaine en Syrie et en Irak ensuite il d\u00e9capit\u00e9 le journaliste Sotloff.<\/p>\n<p>Steven Sotloff, qui travaillait en free lance, \u00e9tait connu pour \u00eatre un passionn\u00e9 de journalisme qui a beaucoup \u00e9crit sur le monde arabe.<\/p>\n<p>Le troisi\u00e8me sur la liste de l&rsquo;organisation terroriste serait un otage britannique d\u00e9nomm\u00e9 David Haines.<\/p>\n<p>Indignation de Reporters sans fronti\u00e8res<\/p>\n<p>\u00ab\u00a0C\u2019est un crime de guerre effarant, ignoble et d\u00e9ment qui devrait \u00eatre condamn\u00e9 par la justice internationale.\u00a0Non content d\u2019avoir d\u00e9velopp\u00e9 une industrie des otages, l\u2019Etat islamique pousse l\u2019horreur encore plus loin en inventant la d\u00e9capitation en s\u00e9rie des journalistes\u00a0\u00bbd\u00e9clare Christophe Deloire, secr\u00e9taire g\u00e9n\u00e9ral de Reporters sans fronti\u00e8res.<\/p>\n","protected":false},"excerpt":{"rendered":"<p>Le journaliste am\u00e9ricain Steven Sotloff ex\u00e9cut\u00e9 par l&rsquo;Etat islamique <\/p>\n","protected":false},"author":3222,"featured_media":320456,"comment_status":"open","ping_status":"closed","sticky":false,"template":"","format":"standard","meta":{"footnotes":""},"categories":[11342],"tags":[],"class_list":["post-180099","post","type-post","status-publish","format-standard","has-post-thumbnail","hentry","category-terrorisme"],"yoast_head":"<!-- This site is optimized with the Yoast SEO Premium plugin v27.5 (Yoast SEO v27.5) - https:\/\/yoast.com\/product\/yoast-seo-premium-wordpress\/ -->\n<title>Le journaliste am\u00e9ricain Steven Sotloff ex\u00e9cut\u00e9 par l&#039;Etat islamique<\/title>\n<meta name=\"description\" content=\"Le journaliste am\u00e9ricain Steven Sotloff ex\u00e9cut\u00e9 par l&#039;Etat islamique\" \/>\n<link rel=\"canonical\" href=\"https:\/\/www.webdo.tn\/fr\/actualite\/terrorisme\/nouvelle-video-lei-montrant-journaliste-americain-steven-sotloff-execute\/180099\/\" \/>\n<meta property=\"og:locale\" content=\"fr_FR\" \/>\n<meta property=\"og:type\" content=\"article\" \/>\n<meta property=\"og:title\" content=\"Le journaliste am\u00e9ricain Steven Sotloff ex\u00e9cut\u00e9 par l&#039;Etat islamique\" \/>\n<meta property=\"og:description\" content=\"Le journaliste am\u00e9ricain Steven Sotloff ex\u00e9cut\u00e9 par l&#039;Etat islamique\" \/>\n<meta property=\"og:url\" content=\"https:\/\/www.webdo.tn\/fr\/actualite\/terrorisme\/nouvelle-video-lei-montrant-journaliste-americain-steven-sotloff-execute\/180099\/\" \/>\n<meta property=\"og:site_name\" content=\"webdo\" \/>\n<meta property=\"article:publisher\" content=\"https:\/\/www.facebook.com\/webdotn\" \/>\n<meta property=\"article:published_time\" content=\"2014-09-02T18:55:00+00:00\" \/>\n<meta property=\"article:modified_time\" content=\"2025-05-22T13:05:37+00:00\" \/>\n<meta property=\"og:image\" content=\"https:\/\/www.webdo.tn\/fr\/wp-content\/uploads\/2014\/09\/steven-sotloff.jpg\" \/>\n\t<meta property=\"og:image:width\" content=\"300\" \/>\n\t<meta property=\"og:image:height\" content=\"200\" \/>\n\t<meta property=\"og:image:type\" content=\"image\/jpeg\" \/>\n<meta name=\"author\" content=\"webdo.tn\" \/>\n<meta name=\"twitter:card\" content=\"summary_large_image\" \/>\n<meta name=\"twitter:creator\" content=\"@webdo_tn\" \/>\n<meta name=\"twitter:site\" content=\"@webdo_tn\" \/>\n<meta name=\"twitter:label1\" content=\"\u00c9crit par\" \/>\n\t<meta name=\"twitter:data1\" content=\"webdo.tn\" \/>\n\t<meta name=\"twitter:label2\" content=\"Dur\u00e9e de lecture estim\u00e9e\" \/>\n\t<meta name=\"twitter:data2\" content=\"1 minute\" \/>\n<script type=\"application\/ld+json\" class=\"yoast-schema-graph\">{\"@context\":\"https:\\\/\\\/schema.org\",\"@graph\":[{\"@type\":\"NewsArticle\",\"@id\":\"https:\\\/\\\/www.webdo.tn\\\/fr\\\/actualite\\\/terrorisme\\\/nouvelle-video-lei-montrant-journaliste-americain-steven-sotloff-execute\\\/180099\\\/#article\",\"isPartOf\":{\"@id\":\"https:\\\/\\\/www.webdo.tn\\\/fr\\\/actualite\\\/terrorisme\\\/nouvelle-video-lei-montrant-journaliste-americain-steven-sotloff-execute\\\/180099\\\/\"},\"author\":{\"name\":\"webdo.tn\",\"@id\":\"https:\\\/\\\/www.webdo.tn\\\/fr\\\/#\\\/schema\\\/person\\\/9a9c6118d687c117df8ef3cc36a4d175\"},\"headline\":\"Le journaliste am\u00e9ricain Steven Sotloff ex\u00e9cut\u00e9 par l&rsquo;Etat islamique\",\"datePublished\":\"2014-09-02T18:55:00+00:00\",\"dateModified\":\"2025-05-22T13:05:37+00:00\",\"mainEntityOfPage\":{\"@id\":\"https:\\\/\\\/www.webdo.tn\\\/fr\\\/actualite\\\/terrorisme\\\/nouvelle-video-lei-montrant-journaliste-americain-steven-sotloff-execute\\\/180099\\\/\"},\"wordCount\":276,\"commentCount\":0,\"publisher\":{\"@id\":\"https:\\\/\\\/www.webdo.tn\\\/fr\\\/#organization\"},\"image\":{\"@id\":\"https:\\\/\\\/www.webdo.tn\\\/fr\\\/actualite\\\/terrorisme\\\/nouvelle-video-lei-montrant-journaliste-americain-steven-sotloff-execute\\\/180099\\\/#primaryimage\"},\"thumbnailUrl\":\"https:\\\/\\\/www.webdo.tn\\\/fr\\\/wp-content\\\/uploads\\\/2014\\\/09\\\/steven-sotloff.jpg\",\"articleSection\":[\"Terrorisme\"],\"inLanguage\":\"fr-FR\"},{\"@type\":\"WebPage\",\"@id\":\"https:\\\/\\\/www.webdo.tn\\\/fr\\\/actualite\\\/terrorisme\\\/nouvelle-video-lei-montrant-journaliste-americain-steven-sotloff-execute\\\/180099\\\/\",\"url\":\"https:\\\/\\\/www.webdo.tn\\\/fr\\\/actualite\\\/terrorisme\\\/nouvelle-video-lei-montrant-journaliste-americain-steven-sotloff-execute\\\/180099\\\/\",\"name\":\"Le journaliste am\u00e9ricain Steven Sotloff ex\u00e9cut\u00e9 par l'Etat islamique\",\"isPartOf\":{\"@id\":\"https:\\\/\\\/www.webdo.tn\\\/fr\\\/#website\"},\"primaryImageOfPage\":{\"@id\":\"https:\\\/\\\/www.webdo.tn\\\/fr\\\/actualite\\\/terrorisme\\\/nouvelle-video-lei-montrant-journaliste-americain-steven-sotloff-execute\\\/180099\\\/#primaryimage\"},\"image\":{\"@id\":\"https:\\\/\\\/www.webdo.tn\\\/fr\\\/actualite\\\/terrorisme\\\/nouvelle-video-lei-montrant-journaliste-americain-steven-sotloff-execute\\\/180099\\\/#primaryimage\"},\"thumbnailUrl\":\"https:\\\/\\\/www.webdo.tn\\\/fr\\\/wp-content\\\/uploads\\\/2014\\\/09\\\/steven-sotloff.jpg\",\"datePublished\":\"2014-09-02T18:55:00+00:00\",\"dateModified\":\"2025-05-22T13:05:37+00:00\",\"description\":\"Le journaliste am\u00e9ricain Steven Sotloff ex\u00e9cut\u00e9 par l'Etat islamique\",\"breadcrumb\":{\"@id\":\"https:\\\/\\\/www.webdo.tn\\\/fr\\\/actualite\\\/terrorisme\\\/nouvelle-video-lei-montrant-journaliste-americain-steven-sotloff-execute\\\/180099\\\/#breadcrumb\"},\"inLanguage\":\"fr-FR\",\"potentialAction\":[{\"@type\":\"ReadAction\",\"target\":[\"https:\\\/\\\/www.webdo.tn\\\/fr\\\/actualite\\\/terrorisme\\\/nouvelle-video-lei-montrant-journaliste-americain-steven-sotloff-execute\\\/180099\\\/\"]}]},{\"@type\":\"ImageObject\",\"inLanguage\":\"fr-FR\",\"@id\":\"https:\\\/\\\/www.webdo.tn\\\/fr\\\/actualite\\\/terrorisme\\\/nouvelle-video-lei-montrant-journaliste-americain-steven-sotloff-execute\\\/180099\\\/#primaryimage\",\"url\":\"https:\\\/\\\/www.webdo.tn\\\/fr\\\/wp-content\\\/uploads\\\/2014\\\/09\\\/steven-sotloff.jpg\",\"contentUrl\":\"https:\\\/\\\/www.webdo.tn\\\/fr\\\/wp-content\\\/uploads\\\/2014\\\/09\\\/steven-sotloff.jpg\",\"width\":300,\"height\":200,\"caption\":\"Le journaliste am\u00e9ricain Steven Sotloff ex\u00e9cut\u00e9 par l'Etat islamique\"},{\"@type\":\"BreadcrumbList\",\"@id\":\"https:\\\/\\\/www.webdo.tn\\\/fr\\\/actualite\\\/terrorisme\\\/nouvelle-video-lei-montrant-journaliste-americain-steven-sotloff-execute\\\/180099\\\/#breadcrumb\",\"itemListElement\":[{\"@type\":\"ListItem\",\"position\":1,\"name\":\"Accueil\",\"item\":\"https:\\\/\\\/www.webdo.tn\\\/fr\\\/\"},{\"@type\":\"ListItem\",\"position\":2,\"name\":\"Le journaliste am\u00e9ricain Steven Sotloff ex\u00e9cut\u00e9 par l&rsquo;Etat islamique\"}]},{\"@type\":\"WebSite\",\"@id\":\"https:\\\/\\\/www.webdo.tn\\\/fr\\\/#website\",\"url\":\"https:\\\/\\\/www.webdo.tn\\\/fr\\\/\",\"name\":\"webdo\",\"description\":\"Tunisie - News en Tunisie et \u00e0 l&#039;international sur Webdo.tn\",\"publisher\":{\"@id\":\"https:\\\/\\\/www.webdo.tn\\\/fr\\\/#organization\"},\"potentialAction\":[{\"@type\":\"SearchAction\",\"target\":{\"@type\":\"EntryPoint\",\"urlTemplate\":\"https:\\\/\\\/www.webdo.tn\\\/fr\\\/?s={search_term_string}\"},\"query-input\":{\"@type\":\"PropertyValueSpecification\",\"valueRequired\":true,\"valueName\":\"search_term_string\"}}],\"inLanguage\":\"fr-FR\"},{\"@type\":\"Organization\",\"@id\":\"https:\\\/\\\/www.webdo.tn\\\/fr\\\/#organization\",\"name\":\"Webdo\",\"alternateName\":\"Webdo.tn\",\"url\":\"https:\\\/\\\/www.webdo.tn\\\/fr\\\/\",\"logo\":{\"@type\":\"ImageObject\",\"inLanguage\":\"fr-FR\",\"@id\":\"https:\\\/\\\/www.webdo.tn\\\/fr\\\/#\\\/schema\\\/logo\\\/image\\\/\",\"url\":\"https:\\\/\\\/www.webdo.tn\\\/fr\\\/wp-content\\\/uploads\\\/2025\\\/06\\\/Webdo-Tunisie_168377.jpg\",\"contentUrl\":\"https:\\\/\\\/www.webdo.tn\\\/fr\\\/wp-content\\\/uploads\\\/2025\\\/06\\\/Webdo-Tunisie_168377.jpg\",\"width\":301,\"height\":301,\"caption\":\"Webdo\"},\"image\":{\"@id\":\"https:\\\/\\\/www.webdo.tn\\\/fr\\\/#\\\/schema\\\/logo\\\/image\\\/\"},\"sameAs\":[\"https:\\\/\\\/www.facebook.com\\\/webdotn\",\"https:\\\/\\\/x.com\\\/webdo_tn\"],\"description\":\"Webdo est un m\u00e9dia num\u00e9rique tunisien fond\u00e9 en 2010, sp\u00e9cialis\u00e9 dans l\u2019actualit\u00e9 nationale et internationale, l\u2019\u00e9conomie, la soci\u00e9t\u00e9 et les analyses politiques. Le site s\u2019adresse \u00e0 un large public francophone et couvre l\u2019information tunisienne en temps r\u00e9el.\",\"email\":\"redac@webdo.tn\",\"legalName\":\"YNJ SARL\",\"foundingDate\":\"2010-09-06\",\"numberOfEmployees\":{\"@type\":\"QuantitativeValue\",\"minValue\":\"11\",\"maxValue\":\"50\"}},{\"@type\":\"Person\",\"@id\":\"https:\\\/\\\/www.webdo.tn\\\/fr\\\/#\\\/schema\\\/person\\\/9a9c6118d687c117df8ef3cc36a4d175\",\"name\":\"webdo.tn\",\"image\":{\"@type\":\"ImageObject\",\"inLanguage\":\"fr-FR\",\"@id\":\"https:\\\/\\\/secure.gravatar.com\\\/avatar\\\/7ce1f28c0c3bbac99ff550b85ef8e44a6950c6ee24514fb6a5489e51d06f0298?s=96&d=mm&r=g\",\"url\":\"https:\\\/\\\/secure.gravatar.com\\\/avatar\\\/7ce1f28c0c3bbac99ff550b85ef8e44a6950c6ee24514fb6a5489e51d06f0298?s=96&d=mm&r=g\",\"contentUrl\":\"https:\\\/\\\/secure.gravatar.com\\\/avatar\\\/7ce1f28c0c3bbac99ff550b85ef8e44a6950c6ee24514fb6a5489e51d06f0298?s=96&d=mm&r=g\",\"caption\":\"webdo.tn\"},\"url\":\"https:\\\/\\\/www.webdo.tn\\\/fr\\\/actualite\\\/author\\\/webdotn\\\/\"}]}<\/script>\n<!-- \/ Yoast SEO Premium plugin. -->","yoast_head_json":{"title":"Le journaliste am\u00e9ricain Steven Sotloff ex\u00e9cut\u00e9 par l'Etat islamique","description":"Le journaliste am\u00e9ricain Steven Sotloff ex\u00e9cut\u00e9 par l'Etat islamique","canonical":"https:\/\/www.webdo.tn\/fr\/actualite\/terrorisme\/nouvelle-video-lei-montrant-journaliste-americain-steven-sotloff-execute\/180099\/","og_locale":"fr_FR","og_type":"article","og_title":"Le journaliste am\u00e9ricain Steven Sotloff ex\u00e9cut\u00e9 par l'Etat islamique","og_description":"Le journaliste am\u00e9ricain Steven Sotloff ex\u00e9cut\u00e9 par l'Etat islamique","og_url":"https:\/\/www.webdo.tn\/fr\/actualite\/terrorisme\/nouvelle-video-lei-montrant-journaliste-americain-steven-sotloff-execute\/180099\/","og_site_name":"webdo","article_publisher":"https:\/\/www.facebook.com\/webdotn","article_published_time":"2014-09-02T18:55:00+00:00","article_modified_time":"2025-05-22T13:05:37+00:00","og_image":[{"width":300,"height":200,"url":"https:\/\/www.webdo.tn\/fr\/wp-content\/uploads\/2014\/09\/steven-sotloff.jpg","type":"image\/jpeg"}],"author":"webdo.tn","twitter_card":"summary_large_image","twitter_creator":"@webdo_tn","twitter_site":"@webdo_tn","twitter_misc":{"\u00c9crit par":"webdo.tn","Dur\u00e9e de lecture estim\u00e9e":"1 minute"},"schema":{"@context":"https:\/\/schema.org","@graph":[{"@type":"NewsArticle","@id":"https:\/\/www.webdo.tn\/fr\/actualite\/terrorisme\/nouvelle-video-lei-montrant-journaliste-americain-steven-sotloff-execute\/180099\/#article","isPartOf":{"@id":"https:\/\/www.webdo.tn\/fr\/actualite\/terrorisme\/nouvelle-video-lei-montrant-journaliste-americain-steven-sotloff-execute\/180099\/"},"author":{"name":"webdo.tn","@id":"https:\/\/www.webdo.tn\/fr\/#\/schema\/person\/9a9c6118d687c117df8ef3cc36a4d175"},"headline":"Le journaliste am\u00e9ricain Steven Sotloff ex\u00e9cut\u00e9 par l&rsquo;Etat islamique","datePublished":"2014-09-02T18:55:00+00:00","dateModified":"2025-05-22T13:05:37+00:00","mainEntityOfPage":{"@id":"https:\/\/www.webdo.tn\/fr\/actualite\/terrorisme\/nouvelle-video-lei-montrant-journaliste-americain-steven-sotloff-execute\/180099\/"},"wordCount":276,"commentCount":0,"publisher":{"@id":"https:\/\/www.webdo.tn\/fr\/#organization"},"image":{"@id":"https:\/\/www.webdo.tn\/fr\/actualite\/terrorisme\/nouvelle-video-lei-montrant-journaliste-americain-steven-sotloff-execute\/180099\/#primaryimage"},"thumbnailUrl":"https:\/\/www.webdo.tn\/fr\/wp-content\/uploads\/2014\/09\/steven-sotloff.jpg","articleSection":["Terrorisme"],"inLanguage":"fr-FR"},{"@type":"WebPage","@id":"https:\/\/www.webdo.tn\/fr\/actualite\/terrorisme\/nouvelle-video-lei-montrant-journaliste-americain-steven-sotloff-execute\/180099\/","url":"https:\/\/www.webdo.tn\/fr\/actualite\/terrorisme\/nouvelle-video-lei-montrant-journaliste-americain-steven-sotloff-execute\/180099\/","name":"Le journaliste am\u00e9ricain Steven Sotloff ex\u00e9cut\u00e9 par l'Etat islamique","isPartOf":{"@id":"https:\/\/www.webdo.tn\/fr\/#website"},"primaryImageOfPage":{"@id":"https:\/\/www.webdo.tn\/fr\/actualite\/terrorisme\/nouvelle-video-lei-montrant-journaliste-americain-steven-sotloff-execute\/180099\/#primaryimage"},"image":{"@id":"https:\/\/www.webdo.tn\/fr\/actualite\/terrorisme\/nouvelle-video-lei-montrant-journaliste-americain-steven-sotloff-execute\/180099\/#primaryimage"},"thumbnailUrl":"https:\/\/www.webdo.tn\/fr\/wp-content\/uploads\/2014\/09\/steven-sotloff.jpg","datePublished":"2014-09-02T18:55:00+00:00","dateModified":"2025-05-22T13:05:37+00:00","description":"Le journaliste am\u00e9ricain Steven Sotloff ex\u00e9cut\u00e9 par l'Etat islamique","breadcrumb":{"@id":"https:\/\/www.webdo.tn\/fr\/actualite\/terrorisme\/nouvelle-video-lei-montrant-journaliste-americain-steven-sotloff-execute\/180099\/#breadcrumb"},"inLanguage":"fr-FR","potentialAction":[{"@type":"ReadAction","target":["https:\/\/www.webdo.tn\/fr\/actualite\/terrorisme\/nouvelle-video-lei-montrant-journaliste-americain-steven-sotloff-execute\/180099\/"]}]},{"@type":"ImageObject","inLanguage":"fr-FR","@id":"https:\/\/www.webdo.tn\/fr\/actualite\/terrorisme\/nouvelle-video-lei-montrant-journaliste-americain-steven-sotloff-execute\/180099\/#primaryimage","url":"https:\/\/www.webdo.tn\/fr\/wp-content\/uploads\/2014\/09\/steven-sotloff.jpg","contentUrl":"https:\/\/www.webdo.tn\/fr\/wp-content\/uploads\/2014\/09\/steven-sotloff.jpg","width":300,"height":200,"caption":"Le journaliste am\u00e9ricain Steven Sotloff ex\u00e9cut\u00e9 par l'Etat islamique"},{"@type":"BreadcrumbList","@id":"https:\/\/www.webdo.tn\/fr\/actualite\/terrorisme\/nouvelle-video-lei-montrant-journaliste-americain-steven-sotloff-execute\/180099\/#breadcrumb","itemListElement":[{"@type":"ListItem","position":1,"name":"Accueil","item":"https:\/\/www.webdo.tn\/fr\/"},{"@type":"ListItem","position":2,"name":"Le journaliste am\u00e9ricain Steven Sotloff ex\u00e9cut\u00e9 par l&rsquo;Etat islamique"}]},{"@type":"WebSite","@id":"https:\/\/www.webdo.tn\/fr\/#website","url":"https:\/\/www.webdo.tn\/fr\/","name":"webdo","description":"Tunisie - News en Tunisie et \u00e0 l&#039;international sur Webdo.tn","publisher":{"@id":"https:\/\/www.webdo.tn\/fr\/#organization"},"potentialAction":[{"@type":"SearchAction","target":{"@type":"EntryPoint","urlTemplate":"https:\/\/www.webdo.tn\/fr\/?s={search_term_string}"},"query-input":{"@type":"PropertyValueSpecification","valueRequired":true,"valueName":"search_term_string"}}],"inLanguage":"fr-FR"},{"@type":"Organization","@id":"https:\/\/www.webdo.tn\/fr\/#organization","name":"Webdo","alternateName":"Webdo.tn","url":"https:\/\/www.webdo.tn\/fr\/","logo":{"@type":"ImageObject","inLanguage":"fr-FR","@id":"https:\/\/www.webdo.tn\/fr\/#\/schema\/logo\/image\/","url":"https:\/\/www.webdo.tn\/fr\/wp-content\/uploads\/2025\/06\/Webdo-Tunisie_168377.jpg","contentUrl":"https:\/\/www.webdo.tn\/fr\/wp-content\/uploads\/2025\/06\/Webdo-Tunisie_168377.jpg","width":301,"height":301,"caption":"Webdo"},"image":{"@id":"https:\/\/www.webdo.tn\/fr\/#\/schema\/logo\/image\/"},"sameAs":["https:\/\/www.facebook.com\/webdotn","https:\/\/x.com\/webdo_tn"],"description":"Webdo est un m\u00e9dia num\u00e9rique tunisien fond\u00e9 en 2010, sp\u00e9cialis\u00e9 dans l\u2019actualit\u00e9 nationale et internationale, l\u2019\u00e9conomie, la soci\u00e9t\u00e9 et les analyses politiques. Le site s\u2019adresse \u00e0 un large public francophone et couvre l\u2019information tunisienne en temps r\u00e9el.","email":"redac@webdo.tn","legalName":"YNJ SARL","foundingDate":"2010-09-06","numberOfEmployees":{"@type":"QuantitativeValue","minValue":"11","maxValue":"50"}},{"@type":"Person","@id":"https:\/\/www.webdo.tn\/fr\/#\/schema\/person\/9a9c6118d687c117df8ef3cc36a4d175","name":"webdo.tn","image":{"@type":"ImageObject","inLanguage":"fr-FR","@id":"https:\/\/secure.gravatar.com\/avatar\/7ce1f28c0c3bbac99ff550b85ef8e44a6950c6ee24514fb6a5489e51d06f0298?s=96&d=mm&r=g","url":"https:\/\/secure.gravatar.com\/avatar\/7ce1f28c0c3bbac99ff550b85ef8e44a6950c6ee24514fb6a5489e51d06f0298?s=96&d=mm&r=g","contentUrl":"https:\/\/secure.gravatar.com\/avatar\/7ce1f28c0c3bbac99ff550b85ef8e44a6950c6ee24514fb6a5489e51d06f0298?s=96&d=mm&r=g","caption":"webdo.tn"},"url":"https:\/\/www.webdo.tn\/fr\/actualite\/author\/webdotn\/"}]}},"_links":{"self":[{"href":"https:\/\/www.webdo.tn\/fr\/wp-json\/wp\/v2\/posts\/180099","targetHints":{"allow":["GET"]}}],"collection":[{"href":"https:\/\/www.webdo.tn\/fr\/wp-json\/wp\/v2\/posts"}],"about":[{"href":"https:\/\/www.webdo.tn\/fr\/wp-json\/wp\/v2\/types\/post"}],"author":[{"embeddable":true,"href":"https:\/\/www.webdo.tn\/fr\/wp-json\/wp\/v2\/users\/3222"}],"replies":[{"embeddable":true,"href":"https:\/\/www.webdo.tn\/fr\/wp-json\/wp\/v2\/comments?post=180099"}],"version-history":[{"count":0,"href":"https:\/\/www.webdo.tn\/fr\/wp-json\/wp\/v2\/posts\/180099\/revisions"}],"wp:featuredmedia":[{"embeddable":true,"href":"https:\/\/www.webdo.tn\/fr\/wp-json\/wp\/v2\/media\/320456"}],"wp:attachment":[{"href":"https:\/\/www.webdo.tn\/fr\/wp-json\/wp\/v2\/media?parent=180099"}],"wp:term":[{"taxonomy":"category","embeddable":true,"href":"https:\/\/www.webdo.tn\/fr\/wp-json\/wp\/v2\/categories?post=180099"},{"taxonomy":"post_tag","embeddable":true,"href":"https:\/\/www.webdo.tn\/fr\/wp-json\/wp\/v2\/tags?post=180099"}],"curies":[{"name":"wp","href":"https:\/\/api.w.org\/{rel}","templated":true}]}}