{"id":180097,"date":"2014-09-03T13:17:00","date_gmt":"2014-09-03T13:17:00","guid":{"rendered":"https:\/\/www.webdo.tn\/fr\/blog\/appel-aux-oulemas-lislam-au-mufti-republique-en-tunisie\/180097\/"},"modified":"2025-06-04T18:14:04","modified_gmt":"2025-06-04T18:14:04","slug":"appel-aux-oulemas-lislam-au-mufti-republique-en-tunisie-2","status":"publish","type":"post","link":"https:\/\/www.webdo.tn\/fr\/actualite\/terrorisme\/appel-aux-oulemas-lislam-au-mufti-republique-en-tunisie-2\/180097\/","title":{"rendered":"Appel aux oul\u00e9mas de l\u2019Islam\u00a0et au mufti de la R\u00e9publique en Tunisie"},"content":{"rendered":"<p>Tribune | Par Farhat Othman<\/p>\n<p>Le d\u00e9fi que lance \u00e0 l&rsquo;islam mod\u00e9r\u00e9 le terrorisme en g\u00e9n\u00e9ral et cette horreur absolue appel\u00e9e EIIL ou Daech en particulier est tellement grave qu&rsquo;il suppose une parade d&rsquo;envergure, la seule susceptible d&rsquo;avoir un effet quelconque sur le fonds de commerce m\u00eame de ces supp\u00f4ts de Satan.<\/p>\n<p>Voir le\u00a0\u00ab\u00a0jihad\u00a0\u00bb autrement<\/p>\n<p>Il s&rsquo;agit de d\u00e9clarer le plus solennellement par tous les oul\u00e9mas de l&rsquo;islam mod\u00e9r\u00e9 que le \u00ab\u00a0jihad mineur\u00a0\u00bb \u2014 le pros\u00e9lytisme arm\u00e9 et la guerre \u2014 est termin\u00e9 en islam qui ne reconna\u00eet plus que le \u00ab\u00a0jihad maximal\u00a0\u00bb, c&rsquo;est-\u00e0-dire l&rsquo;effort sur soi et la guerre \u00e0 livrer \u00e0 nos propres turpitudes humaines.<\/p>\n<p>En effet, le jihad n&rsquo;est pas diff\u00e9rent de la hijra; il lui \u00e9tait m\u00eame li\u00e9. Or, la hijra a pris fin d\u00e8s l&rsquo;entr\u00e9e de l&rsquo;islam triomphant \u00e0 la Mecque. Pareillement, le Jihad a pris fin d\u00e8s la r\u00e9ussite de l&rsquo;expansion de sa civilisation arabe islamique \u00e0 travers le monde et surtout son installation durable dans les coeurs.<\/p>\n<p>Aujourd&rsquo;hui, il n&rsquo;est plus permis de m\u00ealer notre religion aux querelles politiques ni m\u00eame aux causes de lib\u00e9ration qui doivent se faire selon les r\u00e8gles de la guerre et de la politique, l&rsquo;islam devant garder son rang de foi pr\u00eachant la paix dans les coeurs et aussi dans le monde.<\/p>\n<p>C&rsquo;est par l&rsquo;exemple le meilleur que le musulman d\u00e9fendra l&rsquo;islam contre ses ennemis qui sont d&rsquo;abord en lui, dans son comportement et ses rapports avec son prochain. Aucun vrai musulman ne peut ni ne doit se permettre d&rsquo;agresser autrui, et s&rsquo;il l&rsquo;est, il se doit de r\u00e9agir en un \u00eatre civilis\u00e9 qui ne se venge point sauvagement, comme c\u2019est actuellement le cas avec l\u2019ex\u00e9cution des journalistes am\u00e9ricains, des Syriens, des Irakiens consid\u00e9r\u00e9s \u00ab\u00a0infid\u00e8les\u00a0\u00bb, mais recourant \u00e0 la justice et la laissant suivre son cours.<\/p>\n<p>Le r\u00f4le des responsables religieux en Tunisie dans la lutte contre le terrorisme\u00a0\u00a0\u00a0\u00a0\u00a0 <\/p>\n<p>En Tunisie, constitutionnellement \u00c9tat civil, nos responsables religieux doivent donc dire et r\u00e9p\u00e9ter tout haut ce qui pr\u00e9c\u00e8de au lieu de garder le silence, quand ils ne trouvent pas des excuses aux terroristes et \u00e0 ces criminels de l&rsquo;\u00c9tat fantoche qui fait non seulement honte \u00e0 l&rsquo;islam, mais agit activement pour en d\u00e9truire les fondements. Ce faisant, ils ne feront que renouer avec l&rsquo;islam tunisien aux belles racines soufies, tol\u00e9rant et ouvert \u00e0 l&rsquo;alt\u00e9rit\u00e9.<\/p>\n<p>En attendant une annonce officielle de notre mufti de la R\u00e9publique<\/p>\n<p>Dans notre pays pour le moins, il n&rsquo;est plus de tergiversation possible; tous les cheikhs musulmans ayant une quelconque \u00e9coute aupr\u00e8s de leurs ouailles doivent assumer leur devoir d&rsquo;assurer qu&rsquo;il n&rsquo;y a d\u00e9sormais de jihad licite en islam que le jihad akbar, celui men\u00e9 par le croyant contre ses penchants, ses paroles et ses actions. C&rsquo;est en les am\u00e9liorant sans cesse qu&rsquo;il renforcera l&rsquo;islam qui se portera alors bien mieux qu&rsquo;il ne l&rsquo;est actuellement, donnant l&rsquo;image d&rsquo;une religion r\u00e9trograde, de haine et de violence quand il est d&rsquo;abord une foi d&rsquo;humanit\u00e9 et de spiritualit\u00e9.<\/p>\n<p>C&rsquo;est le devoir de tout musulman authentique ! Il sera alors possible de mesurer le degr\u00e9 d&rsquo;authenticit\u00e9 des uns et d&rsquo;hypocrisie des autres dans leur foi selon la r\u00e9ponse donn\u00e9e \u00e0 ce rappel que nous leur demandons de faire le plus vite et le plus solennellement du monde : le jihad mineur est termin\u00e9, seul le jihad majeur est licite.<\/p>\n<p>Nous attendons notamment une annonce officielle en ce sens de la part du Mufti de la R\u00e9publique en Tunisie dont c&rsquo;est \u00e0 la fois le devoir islamique, mais aussi patriotique. En cette veille d&rsquo;\u00e9lections qui sont aussi la f\u00eate du patriotisme, nous attendons \u00e9galement la m\u00eame chose des hauts responsables du principal parti islamiste, Monsieur Ghannouchi en premier.<\/p>\n","protected":false},"excerpt":{"rendered":"<p>Appel aux oul\u00e9mas de l\u2019Islam\u00a0et au mufti de la R\u00e9publique en Tunisie<\/p>\n","protected":false},"author":3222,"featured_media":334938,"comment_status":"open","ping_status":"closed","sticky":false,"template":"","format":"standard","meta":{"footnotes":""},"categories":[11342],"tags":[],"class_list":["post-180097","post","type-post","status-publish","format-standard","has-post-thumbnail","hentry","category-terrorisme"],"yoast_head":"<!-- This site is optimized with the Yoast SEO Premium plugin v27.5 (Yoast SEO v27.5) - https:\/\/yoast.com\/product\/yoast-seo-premium-wordpress\/ -->\n<title>Appel aux oul\u00e9mas de l\u2019Islam\u00a0et au mufti de la R\u00e9publique en Tunisie<\/title>\n<meta name=\"description\" content=\"Appel aux oul\u00e9mas de l\u2019Islam\u00a0et au mufti de la R\u00e9publique en Tunisie\" \/>\n<link rel=\"canonical\" href=\"https:\/\/www.webdo.tn\/fr\/actualite\/terrorisme\/appel-aux-oulemas-lislam-au-mufti-republique-en-tunisie-2\/180097\/\" \/>\n<meta property=\"og:locale\" content=\"fr_FR\" \/>\n<meta property=\"og:type\" content=\"article\" \/>\n<meta property=\"og:title\" content=\"Appel aux oul\u00e9mas de l\u2019Islam\u00a0et au mufti de la R\u00e9publique en Tunisie\" \/>\n<meta property=\"og:description\" content=\"Appel aux oul\u00e9mas de l\u2019Islam\u00a0et au mufti de la R\u00e9publique en Tunisie\" \/>\n<meta property=\"og:url\" content=\"https:\/\/www.webdo.tn\/fr\/actualite\/terrorisme\/appel-aux-oulemas-lislam-au-mufti-republique-en-tunisie-2\/180097\/\" \/>\n<meta property=\"og:site_name\" content=\"webdo\" \/>\n<meta property=\"article:publisher\" content=\"https:\/\/www.facebook.com\/webdotn\" \/>\n<meta property=\"article:published_time\" content=\"2014-09-03T13:17:00+00:00\" \/>\n<meta property=\"article:modified_time\" content=\"2025-06-04T18:14:04+00:00\" \/>\n<meta property=\"og:image\" content=\"https:\/\/www.webdo.tn\/fr\/wp-content\/uploads\/2014\/09\/jihad.jpg\" \/>\n\t<meta property=\"og:image:width\" content=\"355\" \/>\n\t<meta property=\"og:image:height\" content=\"204\" \/>\n\t<meta property=\"og:image:type\" content=\"image\/jpeg\" \/>\n<meta name=\"author\" content=\"webdo.tn\" \/>\n<meta name=\"twitter:card\" content=\"summary_large_image\" \/>\n<meta name=\"twitter:creator\" content=\"@webdo_tn\" \/>\n<meta name=\"twitter:site\" content=\"@webdo_tn\" \/>\n<meta name=\"twitter:label1\" content=\"\u00c9crit par\" \/>\n\t<meta name=\"twitter:data1\" content=\"webdo.tn\" \/>\n\t<meta name=\"twitter:label2\" content=\"Dur\u00e9e de lecture estim\u00e9e\" \/>\n\t<meta name=\"twitter:data2\" content=\"3 minutes\" \/>\n<script type=\"application\/ld+json\" class=\"yoast-schema-graph\">{\"@context\":\"https:\\\/\\\/schema.org\",\"@graph\":[{\"@type\":\"NewsArticle\",\"@id\":\"https:\\\/\\\/www.webdo.tn\\\/fr\\\/actualite\\\/terrorisme\\\/appel-aux-oulemas-lislam-au-mufti-republique-en-tunisie-2\\\/180097\\\/#article\",\"isPartOf\":{\"@id\":\"https:\\\/\\\/www.webdo.tn\\\/fr\\\/actualite\\\/terrorisme\\\/appel-aux-oulemas-lislam-au-mufti-republique-en-tunisie-2\\\/180097\\\/\"},\"author\":{\"name\":\"webdo.tn\",\"@id\":\"https:\\\/\\\/www.webdo.tn\\\/fr\\\/#\\\/schema\\\/person\\\/9a9c6118d687c117df8ef3cc36a4d175\"},\"headline\":\"Appel aux oul\u00e9mas de l\u2019Islam\u00a0et au mufti de la R\u00e9publique en Tunisie\",\"datePublished\":\"2014-09-03T13:17:00+00:00\",\"dateModified\":\"2025-06-04T18:14:04+00:00\",\"mainEntityOfPage\":{\"@id\":\"https:\\\/\\\/www.webdo.tn\\\/fr\\\/actualite\\\/terrorisme\\\/appel-aux-oulemas-lislam-au-mufti-republique-en-tunisie-2\\\/180097\\\/\"},\"wordCount\":704,\"commentCount\":0,\"publisher\":{\"@id\":\"https:\\\/\\\/www.webdo.tn\\\/fr\\\/#organization\"},\"image\":{\"@id\":\"https:\\\/\\\/www.webdo.tn\\\/fr\\\/actualite\\\/terrorisme\\\/appel-aux-oulemas-lislam-au-mufti-republique-en-tunisie-2\\\/180097\\\/#primaryimage\"},\"thumbnailUrl\":\"https:\\\/\\\/www.webdo.tn\\\/fr\\\/wp-content\\\/uploads\\\/2014\\\/09\\\/jihad.jpg\",\"articleSection\":[\"Terrorisme\"],\"inLanguage\":\"fr-FR\"},{\"@type\":\"WebPage\",\"@id\":\"https:\\\/\\\/www.webdo.tn\\\/fr\\\/actualite\\\/terrorisme\\\/appel-aux-oulemas-lislam-au-mufti-republique-en-tunisie-2\\\/180097\\\/\",\"url\":\"https:\\\/\\\/www.webdo.tn\\\/fr\\\/actualite\\\/terrorisme\\\/appel-aux-oulemas-lislam-au-mufti-republique-en-tunisie-2\\\/180097\\\/\",\"name\":\"Appel aux oul\u00e9mas de l\u2019Islam\u00a0et au mufti de la R\u00e9publique en Tunisie\",\"isPartOf\":{\"@id\":\"https:\\\/\\\/www.webdo.tn\\\/fr\\\/#website\"},\"primaryImageOfPage\":{\"@id\":\"https:\\\/\\\/www.webdo.tn\\\/fr\\\/actualite\\\/terrorisme\\\/appel-aux-oulemas-lislam-au-mufti-republique-en-tunisie-2\\\/180097\\\/#primaryimage\"},\"image\":{\"@id\":\"https:\\\/\\\/www.webdo.tn\\\/fr\\\/actualite\\\/terrorisme\\\/appel-aux-oulemas-lislam-au-mufti-republique-en-tunisie-2\\\/180097\\\/#primaryimage\"},\"thumbnailUrl\":\"https:\\\/\\\/www.webdo.tn\\\/fr\\\/wp-content\\\/uploads\\\/2014\\\/09\\\/jihad.jpg\",\"datePublished\":\"2014-09-03T13:17:00+00:00\",\"dateModified\":\"2025-06-04T18:14:04+00:00\",\"description\":\"Appel aux oul\u00e9mas de l\u2019Islam\u00a0et au mufti de la R\u00e9publique en Tunisie\",\"breadcrumb\":{\"@id\":\"https:\\\/\\\/www.webdo.tn\\\/fr\\\/actualite\\\/terrorisme\\\/appel-aux-oulemas-lislam-au-mufti-republique-en-tunisie-2\\\/180097\\\/#breadcrumb\"},\"inLanguage\":\"fr-FR\",\"potentialAction\":[{\"@type\":\"ReadAction\",\"target\":[\"https:\\\/\\\/www.webdo.tn\\\/fr\\\/actualite\\\/terrorisme\\\/appel-aux-oulemas-lislam-au-mufti-republique-en-tunisie-2\\\/180097\\\/\"]}]},{\"@type\":\"ImageObject\",\"inLanguage\":\"fr-FR\",\"@id\":\"https:\\\/\\\/www.webdo.tn\\\/fr\\\/actualite\\\/terrorisme\\\/appel-aux-oulemas-lislam-au-mufti-republique-en-tunisie-2\\\/180097\\\/#primaryimage\",\"url\":\"https:\\\/\\\/www.webdo.tn\\\/fr\\\/wp-content\\\/uploads\\\/2014\\\/09\\\/jihad.jpg\",\"contentUrl\":\"https:\\\/\\\/www.webdo.tn\\\/fr\\\/wp-content\\\/uploads\\\/2014\\\/09\\\/jihad.jpg\",\"width\":355,\"height\":204,\"caption\":\"Appel aux oul\u00e9mas de l\u2019Islam\u00a0et au mufti de la R\u00e9publique en Tunisie\"},{\"@type\":\"BreadcrumbList\",\"@id\":\"https:\\\/\\\/www.webdo.tn\\\/fr\\\/actualite\\\/terrorisme\\\/appel-aux-oulemas-lislam-au-mufti-republique-en-tunisie-2\\\/180097\\\/#breadcrumb\",\"itemListElement\":[{\"@type\":\"ListItem\",\"position\":1,\"name\":\"Accueil\",\"item\":\"https:\\\/\\\/www.webdo.tn\\\/fr\\\/\"},{\"@type\":\"ListItem\",\"position\":2,\"name\":\"Appel aux oul\u00e9mas de l\u2019Islam\u00a0et au mufti de la R\u00e9publique en Tunisie\"}]},{\"@type\":\"WebSite\",\"@id\":\"https:\\\/\\\/www.webdo.tn\\\/fr\\\/#website\",\"url\":\"https:\\\/\\\/www.webdo.tn\\\/fr\\\/\",\"name\":\"webdo\",\"description\":\"Tunisie - News en Tunisie et \u00e0 l&#039;international sur Webdo.tn\",\"publisher\":{\"@id\":\"https:\\\/\\\/www.webdo.tn\\\/fr\\\/#organization\"},\"potentialAction\":[{\"@type\":\"SearchAction\",\"target\":{\"@type\":\"EntryPoint\",\"urlTemplate\":\"https:\\\/\\\/www.webdo.tn\\\/fr\\\/?s={search_term_string}\"},\"query-input\":{\"@type\":\"PropertyValueSpecification\",\"valueRequired\":true,\"valueName\":\"search_term_string\"}}],\"inLanguage\":\"fr-FR\"},{\"@type\":\"Organization\",\"@id\":\"https:\\\/\\\/www.webdo.tn\\\/fr\\\/#organization\",\"name\":\"Webdo\",\"alternateName\":\"Webdo.tn\",\"url\":\"https:\\\/\\\/www.webdo.tn\\\/fr\\\/\",\"logo\":{\"@type\":\"ImageObject\",\"inLanguage\":\"fr-FR\",\"@id\":\"https:\\\/\\\/www.webdo.tn\\\/fr\\\/#\\\/schema\\\/logo\\\/image\\\/\",\"url\":\"https:\\\/\\\/www.webdo.tn\\\/fr\\\/wp-content\\\/uploads\\\/2025\\\/06\\\/Webdo-Tunisie_168377.jpg\",\"contentUrl\":\"https:\\\/\\\/www.webdo.tn\\\/fr\\\/wp-content\\\/uploads\\\/2025\\\/06\\\/Webdo-Tunisie_168377.jpg\",\"width\":301,\"height\":301,\"caption\":\"Webdo\"},\"image\":{\"@id\":\"https:\\\/\\\/www.webdo.tn\\\/fr\\\/#\\\/schema\\\/logo\\\/image\\\/\"},\"sameAs\":[\"https:\\\/\\\/www.facebook.com\\\/webdotn\",\"https:\\\/\\\/x.com\\\/webdo_tn\"],\"description\":\"Webdo est un m\u00e9dia num\u00e9rique tunisien fond\u00e9 en 2010, sp\u00e9cialis\u00e9 dans l\u2019actualit\u00e9 nationale et internationale, l\u2019\u00e9conomie, la soci\u00e9t\u00e9 et les analyses politiques. Le site s\u2019adresse \u00e0 un large public francophone et couvre l\u2019information tunisienne en temps r\u00e9el.\",\"email\":\"redac@webdo.tn\",\"legalName\":\"YNJ SARL\",\"foundingDate\":\"2010-09-06\",\"numberOfEmployees\":{\"@type\":\"QuantitativeValue\",\"minValue\":\"11\",\"maxValue\":\"50\"}},{\"@type\":\"Person\",\"@id\":\"https:\\\/\\\/www.webdo.tn\\\/fr\\\/#\\\/schema\\\/person\\\/9a9c6118d687c117df8ef3cc36a4d175\",\"name\":\"webdo.tn\",\"image\":{\"@type\":\"ImageObject\",\"inLanguage\":\"fr-FR\",\"@id\":\"https:\\\/\\\/secure.gravatar.com\\\/avatar\\\/7ce1f28c0c3bbac99ff550b85ef8e44a6950c6ee24514fb6a5489e51d06f0298?s=96&d=mm&r=g\",\"url\":\"https:\\\/\\\/secure.gravatar.com\\\/avatar\\\/7ce1f28c0c3bbac99ff550b85ef8e44a6950c6ee24514fb6a5489e51d06f0298?s=96&d=mm&r=g\",\"contentUrl\":\"https:\\\/\\\/secure.gravatar.com\\\/avatar\\\/7ce1f28c0c3bbac99ff550b85ef8e44a6950c6ee24514fb6a5489e51d06f0298?s=96&d=mm&r=g\",\"caption\":\"webdo.tn\"},\"url\":\"https:\\\/\\\/www.webdo.tn\\\/fr\\\/actualite\\\/author\\\/webdotn\\\/\"}]}<\/script>\n<!-- \/ Yoast SEO Premium plugin. -->","yoast_head_json":{"title":"Appel aux oul\u00e9mas de l\u2019Islam\u00a0et au mufti de la R\u00e9publique en Tunisie","description":"Appel aux oul\u00e9mas de l\u2019Islam\u00a0et au mufti de la R\u00e9publique en Tunisie","canonical":"https:\/\/www.webdo.tn\/fr\/actualite\/terrorisme\/appel-aux-oulemas-lislam-au-mufti-republique-en-tunisie-2\/180097\/","og_locale":"fr_FR","og_type":"article","og_title":"Appel aux oul\u00e9mas de l\u2019Islam\u00a0et au mufti de la R\u00e9publique en Tunisie","og_description":"Appel aux oul\u00e9mas de l\u2019Islam\u00a0et au mufti de la R\u00e9publique en Tunisie","og_url":"https:\/\/www.webdo.tn\/fr\/actualite\/terrorisme\/appel-aux-oulemas-lislam-au-mufti-republique-en-tunisie-2\/180097\/","og_site_name":"webdo","article_publisher":"https:\/\/www.facebook.com\/webdotn","article_published_time":"2014-09-03T13:17:00+00:00","article_modified_time":"2025-06-04T18:14:04+00:00","og_image":[{"width":355,"height":204,"url":"https:\/\/www.webdo.tn\/fr\/wp-content\/uploads\/2014\/09\/jihad.jpg","type":"image\/jpeg"}],"author":"webdo.tn","twitter_card":"summary_large_image","twitter_creator":"@webdo_tn","twitter_site":"@webdo_tn","twitter_misc":{"\u00c9crit par":"webdo.tn","Dur\u00e9e de lecture estim\u00e9e":"3 minutes"},"schema":{"@context":"https:\/\/schema.org","@graph":[{"@type":"NewsArticle","@id":"https:\/\/www.webdo.tn\/fr\/actualite\/terrorisme\/appel-aux-oulemas-lislam-au-mufti-republique-en-tunisie-2\/180097\/#article","isPartOf":{"@id":"https:\/\/www.webdo.tn\/fr\/actualite\/terrorisme\/appel-aux-oulemas-lislam-au-mufti-republique-en-tunisie-2\/180097\/"},"author":{"name":"webdo.tn","@id":"https:\/\/www.webdo.tn\/fr\/#\/schema\/person\/9a9c6118d687c117df8ef3cc36a4d175"},"headline":"Appel aux oul\u00e9mas de l\u2019Islam\u00a0et au mufti de la R\u00e9publique en Tunisie","datePublished":"2014-09-03T13:17:00+00:00","dateModified":"2025-06-04T18:14:04+00:00","mainEntityOfPage":{"@id":"https:\/\/www.webdo.tn\/fr\/actualite\/terrorisme\/appel-aux-oulemas-lislam-au-mufti-republique-en-tunisie-2\/180097\/"},"wordCount":704,"commentCount":0,"publisher":{"@id":"https:\/\/www.webdo.tn\/fr\/#organization"},"image":{"@id":"https:\/\/www.webdo.tn\/fr\/actualite\/terrorisme\/appel-aux-oulemas-lislam-au-mufti-republique-en-tunisie-2\/180097\/#primaryimage"},"thumbnailUrl":"https:\/\/www.webdo.tn\/fr\/wp-content\/uploads\/2014\/09\/jihad.jpg","articleSection":["Terrorisme"],"inLanguage":"fr-FR"},{"@type":"WebPage","@id":"https:\/\/www.webdo.tn\/fr\/actualite\/terrorisme\/appel-aux-oulemas-lislam-au-mufti-republique-en-tunisie-2\/180097\/","url":"https:\/\/www.webdo.tn\/fr\/actualite\/terrorisme\/appel-aux-oulemas-lislam-au-mufti-republique-en-tunisie-2\/180097\/","name":"Appel aux oul\u00e9mas de l\u2019Islam\u00a0et au mufti de la R\u00e9publique en Tunisie","isPartOf":{"@id":"https:\/\/www.webdo.tn\/fr\/#website"},"primaryImageOfPage":{"@id":"https:\/\/www.webdo.tn\/fr\/actualite\/terrorisme\/appel-aux-oulemas-lislam-au-mufti-republique-en-tunisie-2\/180097\/#primaryimage"},"image":{"@id":"https:\/\/www.webdo.tn\/fr\/actualite\/terrorisme\/appel-aux-oulemas-lislam-au-mufti-republique-en-tunisie-2\/180097\/#primaryimage"},"thumbnailUrl":"https:\/\/www.webdo.tn\/fr\/wp-content\/uploads\/2014\/09\/jihad.jpg","datePublished":"2014-09-03T13:17:00+00:00","dateModified":"2025-06-04T18:14:04+00:00","description":"Appel aux oul\u00e9mas de l\u2019Islam\u00a0et au mufti de la R\u00e9publique en Tunisie","breadcrumb":{"@id":"https:\/\/www.webdo.tn\/fr\/actualite\/terrorisme\/appel-aux-oulemas-lislam-au-mufti-republique-en-tunisie-2\/180097\/#breadcrumb"},"inLanguage":"fr-FR","potentialAction":[{"@type":"ReadAction","target":["https:\/\/www.webdo.tn\/fr\/actualite\/terrorisme\/appel-aux-oulemas-lislam-au-mufti-republique-en-tunisie-2\/180097\/"]}]},{"@type":"ImageObject","inLanguage":"fr-FR","@id":"https:\/\/www.webdo.tn\/fr\/actualite\/terrorisme\/appel-aux-oulemas-lislam-au-mufti-republique-en-tunisie-2\/180097\/#primaryimage","url":"https:\/\/www.webdo.tn\/fr\/wp-content\/uploads\/2014\/09\/jihad.jpg","contentUrl":"https:\/\/www.webdo.tn\/fr\/wp-content\/uploads\/2014\/09\/jihad.jpg","width":355,"height":204,"caption":"Appel aux oul\u00e9mas de l\u2019Islam\u00a0et au mufti de la R\u00e9publique en Tunisie"},{"@type":"BreadcrumbList","@id":"https:\/\/www.webdo.tn\/fr\/actualite\/terrorisme\/appel-aux-oulemas-lislam-au-mufti-republique-en-tunisie-2\/180097\/#breadcrumb","itemListElement":[{"@type":"ListItem","position":1,"name":"Accueil","item":"https:\/\/www.webdo.tn\/fr\/"},{"@type":"ListItem","position":2,"name":"Appel aux oul\u00e9mas de l\u2019Islam\u00a0et au mufti de la R\u00e9publique en Tunisie"}]},{"@type":"WebSite","@id":"https:\/\/www.webdo.tn\/fr\/#website","url":"https:\/\/www.webdo.tn\/fr\/","name":"webdo","description":"Tunisie - News en Tunisie et \u00e0 l&#039;international sur Webdo.tn","publisher":{"@id":"https:\/\/www.webdo.tn\/fr\/#organization"},"potentialAction":[{"@type":"SearchAction","target":{"@type":"EntryPoint","urlTemplate":"https:\/\/www.webdo.tn\/fr\/?s={search_term_string}"},"query-input":{"@type":"PropertyValueSpecification","valueRequired":true,"valueName":"search_term_string"}}],"inLanguage":"fr-FR"},{"@type":"Organization","@id":"https:\/\/www.webdo.tn\/fr\/#organization","name":"Webdo","alternateName":"Webdo.tn","url":"https:\/\/www.webdo.tn\/fr\/","logo":{"@type":"ImageObject","inLanguage":"fr-FR","@id":"https:\/\/www.webdo.tn\/fr\/#\/schema\/logo\/image\/","url":"https:\/\/www.webdo.tn\/fr\/wp-content\/uploads\/2025\/06\/Webdo-Tunisie_168377.jpg","contentUrl":"https:\/\/www.webdo.tn\/fr\/wp-content\/uploads\/2025\/06\/Webdo-Tunisie_168377.jpg","width":301,"height":301,"caption":"Webdo"},"image":{"@id":"https:\/\/www.webdo.tn\/fr\/#\/schema\/logo\/image\/"},"sameAs":["https:\/\/www.facebook.com\/webdotn","https:\/\/x.com\/webdo_tn"],"description":"Webdo est un m\u00e9dia num\u00e9rique tunisien fond\u00e9 en 2010, sp\u00e9cialis\u00e9 dans l\u2019actualit\u00e9 nationale et internationale, l\u2019\u00e9conomie, la soci\u00e9t\u00e9 et les analyses politiques. Le site s\u2019adresse \u00e0 un large public francophone et couvre l\u2019information tunisienne en temps r\u00e9el.","email":"redac@webdo.tn","legalName":"YNJ SARL","foundingDate":"2010-09-06","numberOfEmployees":{"@type":"QuantitativeValue","minValue":"11","maxValue":"50"}},{"@type":"Person","@id":"https:\/\/www.webdo.tn\/fr\/#\/schema\/person\/9a9c6118d687c117df8ef3cc36a4d175","name":"webdo.tn","image":{"@type":"ImageObject","inLanguage":"fr-FR","@id":"https:\/\/secure.gravatar.com\/avatar\/7ce1f28c0c3bbac99ff550b85ef8e44a6950c6ee24514fb6a5489e51d06f0298?s=96&d=mm&r=g","url":"https:\/\/secure.gravatar.com\/avatar\/7ce1f28c0c3bbac99ff550b85ef8e44a6950c6ee24514fb6a5489e51d06f0298?s=96&d=mm&r=g","contentUrl":"https:\/\/secure.gravatar.com\/avatar\/7ce1f28c0c3bbac99ff550b85ef8e44a6950c6ee24514fb6a5489e51d06f0298?s=96&d=mm&r=g","caption":"webdo.tn"},"url":"https:\/\/www.webdo.tn\/fr\/actualite\/author\/webdotn\/"}]}},"_links":{"self":[{"href":"https:\/\/www.webdo.tn\/fr\/wp-json\/wp\/v2\/posts\/180097","targetHints":{"allow":["GET"]}}],"collection":[{"href":"https:\/\/www.webdo.tn\/fr\/wp-json\/wp\/v2\/posts"}],"about":[{"href":"https:\/\/www.webdo.tn\/fr\/wp-json\/wp\/v2\/types\/post"}],"author":[{"embeddable":true,"href":"https:\/\/www.webdo.tn\/fr\/wp-json\/wp\/v2\/users\/3222"}],"replies":[{"embeddable":true,"href":"https:\/\/www.webdo.tn\/fr\/wp-json\/wp\/v2\/comments?post=180097"}],"version-history":[{"count":0,"href":"https:\/\/www.webdo.tn\/fr\/wp-json\/wp\/v2\/posts\/180097\/revisions"}],"wp:featuredmedia":[{"embeddable":true,"href":"https:\/\/www.webdo.tn\/fr\/wp-json\/wp\/v2\/media\/334938"}],"wp:attachment":[{"href":"https:\/\/www.webdo.tn\/fr\/wp-json\/wp\/v2\/media?parent=180097"}],"wp:term":[{"taxonomy":"category","embeddable":true,"href":"https:\/\/www.webdo.tn\/fr\/wp-json\/wp\/v2\/categories?post=180097"},{"taxonomy":"post_tag","embeddable":true,"href":"https:\/\/www.webdo.tn\/fr\/wp-json\/wp\/v2\/tags?post=180097"}],"curies":[{"name":"wp","href":"https:\/\/api.w.org\/{rel}","templated":true}]}}