{"id":180096,"date":"2014-09-03T18:24:00","date_gmt":"2014-09-03T18:24:00","guid":{"rendered":"https:\/\/www.webdo.tn\/fr\/blog\/les-executions-journalistes-ouvrent-voie-aux-troupes-americaines-en-irak\/180096\/"},"modified":"2025-05-22T13:05:33","modified_gmt":"2025-05-22T13:05:33","slug":"les-executions-journalistes-ouvrent-voie-aux-troupes-americaines-en-irak","status":"publish","type":"post","link":"https:\/\/www.webdo.tn\/fr\/actualite\/terrorisme\/les-executions-journalistes-ouvrent-voie-aux-troupes-americaines-en-irak\/180096\/","title":{"rendered":"Les ex\u00e9cutions des journalistes ouvrent la voie aux troupes am\u00e9ricaines en Irak"},"content":{"rendered":"<p>INTER | Apr\u00e8s la d\u00e9capitation du deuxi\u00e8me journaliste am\u00e9ricain Steven Sotloff\u00a0par l&rsquo;Etat Islamique,\u00a0hier, mardi 2 septembre, la r\u00e9action de la Maison Blanche ne s&rsquo;est pas faite attendre. Dans le cadre de sa visite en Estonie \u00ab\u00a0pour marquer l&rsquo;engagement \u00ab\u00a0sans faille\u00a0\u00bb des \u00c9tats-Unis aux c\u00f4t\u00e9s des pays baltes\u00a0\u00bb, Barack Obama a annonc\u00e9, lors d&rsquo;une conf\u00e9rence de presse, que des troupes am\u00e9ricaines en Irak seront d\u00e9ploy\u00e9es.<\/p>\n<p>\u00ab Pour l&rsquo;instant, ce dont nous avons besoin c&rsquo;est que nous ayons une strat\u00e9gie r\u00e9gionale qui pourrait assurer un effort constant pas seulement dans les airs mais \u00e9galement au sol pour continuer d&rsquo;avancer \u00bb, a-t-il annonc\u00e9.<\/p>\n<p>Changement de\u00a0discours<\/p>\n<p>Le pr\u00e9sident Barack Obama a indiqu\u00e9, ce mercredi, que \u00ab\u00a0les Etats-Unis ne se laisseront pas intimider\u00a0\u00bb, et a annonc\u00e9 que les bombardements\u00a0a\u00e9riens seront d\u00e9sormais \u00ab\u00a0renforc\u00e9s et assist\u00e9s par des troupes au sol\u00a0\u00bb.<\/p>\n<p>\u00ab Notre objectif est clair, c&rsquo;est de d\u00e9composer et d\u00e9truire l&rsquo;EI jusqu&rsquo;\u00e0 ce qu&rsquo;il ne soit plus une menace, pas seulement pour la r\u00e9gion mais aussi pour les Etats-Unis \u00bb, a-t-il d\u00e9clar\u00e9.<\/p>\n<p>Par ailleurs, lors de son intervention du 9 ao\u00fbt dernier, face \u00e0 la question d&rsquo;un journaliste, Obama a affirm\u00e9 :\u00a0\u00ab\u00a0j&rsquo;ai \u00e9t\u00e9 tr\u00e8s clair sur le fait que nous n&rsquo;allons pas avoir les troupes de combat am\u00e9ricaines en Irak \u00e0 nouveau \u00bb.<\/p>\n<p>\u00ab\u00a0La guerre contre les barbares de l&rsquo;EI\u00a0\u00bb<\/p>\n<p>Barack Obama a mis en exergue l&rsquo;horreur de l&rsquo;EI, invoquant des pri\u00e8res pour l&rsquo;\u00e2me du journalistes ex\u00e9cut\u00e9 Steven Sotloff. \u00ab Je voudrais dire qu&rsquo;aujourd&rsquo;hui toutes nos pri\u00e8res sont tourn\u00e9es vers sa famille. Les gens sont horrifi\u00e9s par la barbarie de l&rsquo;EI mais leurs actions ne feront que nous unir et renforcer notre d\u00e9termination \u00e0 mener le combat contre ces terroristes. Justice sera rendue \u00bb, a-t-il assur\u00e9.<\/p>\n<p>Tout juste apr\u00e8s la publication de la vid\u00e9o montrant la d\u00e9capitation du journaliste am\u00e9ricain, Barack Obama a ordonn\u00e9 l&rsquo;envoi de 350 soldats suppl\u00e9mentaires \u00e0 Bagdad pour prot\u00e9ger les locaux et le personnel diplomatiques.<\/p>\n<p>Mehdi Ayadi<\/p>\n","protected":false},"excerpt":{"rendered":"<p>Les ex\u00e9cutions des journalistes ouvrent la voie aux troupes am\u00e9ricaines en Irak<\/p>\n","protected":false},"author":3222,"featured_media":320442,"comment_status":"open","ping_status":"closed","sticky":false,"template":"","format":"standard","meta":{"footnotes":""},"categories":[11342],"tags":[],"class_list":["post-180096","post","type-post","status-publish","format-standard","has-post-thumbnail","hentry","category-terrorisme"],"yoast_head":"<!-- This site is optimized with the Yoast SEO Premium plugin v27.5 (Yoast SEO v27.5) - https:\/\/yoast.com\/product\/yoast-seo-premium-wordpress\/ -->\n<title>Les ex\u00e9cutions des journalistes ouvrent la voie aux troupes am\u00e9ricaines en Irak<\/title>\n<meta name=\"description\" content=\"Les ex\u00e9cutions des journalistes ouvrent la voie aux troupes am\u00e9ricaines en Irak\" \/>\n<link rel=\"canonical\" href=\"https:\/\/www.webdo.tn\/fr\/actualite\/terrorisme\/les-executions-journalistes-ouvrent-voie-aux-troupes-americaines-en-irak\/180096\/\" \/>\n<meta property=\"og:locale\" content=\"fr_FR\" \/>\n<meta property=\"og:type\" content=\"article\" \/>\n<meta property=\"og:title\" content=\"Les ex\u00e9cutions des journalistes ouvrent la voie aux troupes am\u00e9ricaines en Irak\" \/>\n<meta property=\"og:description\" content=\"Les ex\u00e9cutions des journalistes ouvrent la voie aux troupes am\u00e9ricaines en Irak\" \/>\n<meta property=\"og:url\" content=\"https:\/\/www.webdo.tn\/fr\/actualite\/terrorisme\/les-executions-journalistes-ouvrent-voie-aux-troupes-americaines-en-irak\/180096\/\" \/>\n<meta property=\"og:site_name\" content=\"webdo\" \/>\n<meta property=\"article:publisher\" content=\"https:\/\/www.facebook.com\/webdotn\" \/>\n<meta property=\"article:published_time\" content=\"2014-09-03T18:24:00+00:00\" \/>\n<meta property=\"article:modified_time\" content=\"2025-05-22T13:05:33+00:00\" \/>\n<meta property=\"og:image\" content=\"https:\/\/www.webdo.tn\/fr\/wp-content\/uploads\/2014\/09\/Obama-Estonie.jpg\" \/>\n\t<meta property=\"og:image:width\" content=\"423\" \/>\n\t<meta property=\"og:image:height\" content=\"219\" \/>\n\t<meta property=\"og:image:type\" content=\"image\/jpeg\" \/>\n<meta name=\"author\" content=\"webdo.tn\" \/>\n<meta name=\"twitter:card\" content=\"summary_large_image\" \/>\n<meta name=\"twitter:creator\" content=\"@webdo_tn\" \/>\n<meta name=\"twitter:site\" content=\"@webdo_tn\" \/>\n<meta name=\"twitter:label1\" content=\"\u00c9crit par\" \/>\n\t<meta name=\"twitter:data1\" content=\"webdo.tn\" \/>\n\t<meta name=\"twitter:label2\" content=\"Dur\u00e9e de lecture estim\u00e9e\" \/>\n\t<meta name=\"twitter:data2\" content=\"2 minutes\" \/>\n<script type=\"application\/ld+json\" class=\"yoast-schema-graph\">{\"@context\":\"https:\\\/\\\/schema.org\",\"@graph\":[{\"@type\":\"NewsArticle\",\"@id\":\"https:\\\/\\\/www.webdo.tn\\\/fr\\\/actualite\\\/terrorisme\\\/les-executions-journalistes-ouvrent-voie-aux-troupes-americaines-en-irak\\\/180096\\\/#article\",\"isPartOf\":{\"@id\":\"https:\\\/\\\/www.webdo.tn\\\/fr\\\/actualite\\\/terrorisme\\\/les-executions-journalistes-ouvrent-voie-aux-troupes-americaines-en-irak\\\/180096\\\/\"},\"author\":{\"name\":\"webdo.tn\",\"@id\":\"https:\\\/\\\/www.webdo.tn\\\/fr\\\/#\\\/schema\\\/person\\\/9a9c6118d687c117df8ef3cc36a4d175\"},\"headline\":\"Les ex\u00e9cutions des journalistes ouvrent la voie aux troupes am\u00e9ricaines en Irak\",\"datePublished\":\"2014-09-03T18:24:00+00:00\",\"dateModified\":\"2025-05-22T13:05:33+00:00\",\"mainEntityOfPage\":{\"@id\":\"https:\\\/\\\/www.webdo.tn\\\/fr\\\/actualite\\\/terrorisme\\\/les-executions-journalistes-ouvrent-voie-aux-troupes-americaines-en-irak\\\/180096\\\/\"},\"wordCount\":376,\"commentCount\":0,\"publisher\":{\"@id\":\"https:\\\/\\\/www.webdo.tn\\\/fr\\\/#organization\"},\"image\":{\"@id\":\"https:\\\/\\\/www.webdo.tn\\\/fr\\\/actualite\\\/terrorisme\\\/les-executions-journalistes-ouvrent-voie-aux-troupes-americaines-en-irak\\\/180096\\\/#primaryimage\"},\"thumbnailUrl\":\"https:\\\/\\\/www.webdo.tn\\\/fr\\\/wp-content\\\/uploads\\\/2014\\\/09\\\/Obama-Estonie.jpg\",\"articleSection\":[\"Terrorisme\"],\"inLanguage\":\"fr-FR\"},{\"@type\":\"WebPage\",\"@id\":\"https:\\\/\\\/www.webdo.tn\\\/fr\\\/actualite\\\/terrorisme\\\/les-executions-journalistes-ouvrent-voie-aux-troupes-americaines-en-irak\\\/180096\\\/\",\"url\":\"https:\\\/\\\/www.webdo.tn\\\/fr\\\/actualite\\\/terrorisme\\\/les-executions-journalistes-ouvrent-voie-aux-troupes-americaines-en-irak\\\/180096\\\/\",\"name\":\"Les ex\u00e9cutions des journalistes ouvrent la voie aux troupes am\u00e9ricaines en Irak\",\"isPartOf\":{\"@id\":\"https:\\\/\\\/www.webdo.tn\\\/fr\\\/#website\"},\"primaryImageOfPage\":{\"@id\":\"https:\\\/\\\/www.webdo.tn\\\/fr\\\/actualite\\\/terrorisme\\\/les-executions-journalistes-ouvrent-voie-aux-troupes-americaines-en-irak\\\/180096\\\/#primaryimage\"},\"image\":{\"@id\":\"https:\\\/\\\/www.webdo.tn\\\/fr\\\/actualite\\\/terrorisme\\\/les-executions-journalistes-ouvrent-voie-aux-troupes-americaines-en-irak\\\/180096\\\/#primaryimage\"},\"thumbnailUrl\":\"https:\\\/\\\/www.webdo.tn\\\/fr\\\/wp-content\\\/uploads\\\/2014\\\/09\\\/Obama-Estonie.jpg\",\"datePublished\":\"2014-09-03T18:24:00+00:00\",\"dateModified\":\"2025-05-22T13:05:33+00:00\",\"description\":\"Les ex\u00e9cutions des journalistes ouvrent la voie aux troupes am\u00e9ricaines en Irak\",\"breadcrumb\":{\"@id\":\"https:\\\/\\\/www.webdo.tn\\\/fr\\\/actualite\\\/terrorisme\\\/les-executions-journalistes-ouvrent-voie-aux-troupes-americaines-en-irak\\\/180096\\\/#breadcrumb\"},\"inLanguage\":\"fr-FR\",\"potentialAction\":[{\"@type\":\"ReadAction\",\"target\":[\"https:\\\/\\\/www.webdo.tn\\\/fr\\\/actualite\\\/terrorisme\\\/les-executions-journalistes-ouvrent-voie-aux-troupes-americaines-en-irak\\\/180096\\\/\"]}]},{\"@type\":\"ImageObject\",\"inLanguage\":\"fr-FR\",\"@id\":\"https:\\\/\\\/www.webdo.tn\\\/fr\\\/actualite\\\/terrorisme\\\/les-executions-journalistes-ouvrent-voie-aux-troupes-americaines-en-irak\\\/180096\\\/#primaryimage\",\"url\":\"https:\\\/\\\/www.webdo.tn\\\/fr\\\/wp-content\\\/uploads\\\/2014\\\/09\\\/Obama-Estonie.jpg\",\"contentUrl\":\"https:\\\/\\\/www.webdo.tn\\\/fr\\\/wp-content\\\/uploads\\\/2014\\\/09\\\/Obama-Estonie.jpg\",\"width\":423,\"height\":219,\"caption\":\"Les ex\u00e9cutions des journalistes ouvrent la voie aux troupes am\u00e9ricaines en Irak\"},{\"@type\":\"BreadcrumbList\",\"@id\":\"https:\\\/\\\/www.webdo.tn\\\/fr\\\/actualite\\\/terrorisme\\\/les-executions-journalistes-ouvrent-voie-aux-troupes-americaines-en-irak\\\/180096\\\/#breadcrumb\",\"itemListElement\":[{\"@type\":\"ListItem\",\"position\":1,\"name\":\"Accueil\",\"item\":\"https:\\\/\\\/www.webdo.tn\\\/fr\\\/\"},{\"@type\":\"ListItem\",\"position\":2,\"name\":\"Les ex\u00e9cutions des journalistes ouvrent la voie aux troupes am\u00e9ricaines en Irak\"}]},{\"@type\":\"WebSite\",\"@id\":\"https:\\\/\\\/www.webdo.tn\\\/fr\\\/#website\",\"url\":\"https:\\\/\\\/www.webdo.tn\\\/fr\\\/\",\"name\":\"webdo\",\"description\":\"Tunisie - News en Tunisie et \u00e0 l&#039;international sur Webdo.tn\",\"publisher\":{\"@id\":\"https:\\\/\\\/www.webdo.tn\\\/fr\\\/#organization\"},\"potentialAction\":[{\"@type\":\"SearchAction\",\"target\":{\"@type\":\"EntryPoint\",\"urlTemplate\":\"https:\\\/\\\/www.webdo.tn\\\/fr\\\/?s={search_term_string}\"},\"query-input\":{\"@type\":\"PropertyValueSpecification\",\"valueRequired\":true,\"valueName\":\"search_term_string\"}}],\"inLanguage\":\"fr-FR\"},{\"@type\":\"Organization\",\"@id\":\"https:\\\/\\\/www.webdo.tn\\\/fr\\\/#organization\",\"name\":\"Webdo\",\"alternateName\":\"Webdo.tn\",\"url\":\"https:\\\/\\\/www.webdo.tn\\\/fr\\\/\",\"logo\":{\"@type\":\"ImageObject\",\"inLanguage\":\"fr-FR\",\"@id\":\"https:\\\/\\\/www.webdo.tn\\\/fr\\\/#\\\/schema\\\/logo\\\/image\\\/\",\"url\":\"https:\\\/\\\/www.webdo.tn\\\/fr\\\/wp-content\\\/uploads\\\/2025\\\/06\\\/Webdo-Tunisie_168377.jpg\",\"contentUrl\":\"https:\\\/\\\/www.webdo.tn\\\/fr\\\/wp-content\\\/uploads\\\/2025\\\/06\\\/Webdo-Tunisie_168377.jpg\",\"width\":301,\"height\":301,\"caption\":\"Webdo\"},\"image\":{\"@id\":\"https:\\\/\\\/www.webdo.tn\\\/fr\\\/#\\\/schema\\\/logo\\\/image\\\/\"},\"sameAs\":[\"https:\\\/\\\/www.facebook.com\\\/webdotn\",\"https:\\\/\\\/x.com\\\/webdo_tn\"],\"description\":\"Webdo est un m\u00e9dia num\u00e9rique tunisien fond\u00e9 en 2010, sp\u00e9cialis\u00e9 dans l\u2019actualit\u00e9 nationale et internationale, l\u2019\u00e9conomie, la soci\u00e9t\u00e9 et les analyses politiques. Le site s\u2019adresse \u00e0 un large public francophone et couvre l\u2019information tunisienne en temps r\u00e9el.\",\"email\":\"redac@webdo.tn\",\"legalName\":\"YNJ SARL\",\"foundingDate\":\"2010-09-06\",\"numberOfEmployees\":{\"@type\":\"QuantitativeValue\",\"minValue\":\"11\",\"maxValue\":\"50\"}},{\"@type\":\"Person\",\"@id\":\"https:\\\/\\\/www.webdo.tn\\\/fr\\\/#\\\/schema\\\/person\\\/9a9c6118d687c117df8ef3cc36a4d175\",\"name\":\"webdo.tn\",\"image\":{\"@type\":\"ImageObject\",\"inLanguage\":\"fr-FR\",\"@id\":\"https:\\\/\\\/secure.gravatar.com\\\/avatar\\\/7ce1f28c0c3bbac99ff550b85ef8e44a6950c6ee24514fb6a5489e51d06f0298?s=96&d=mm&r=g\",\"url\":\"https:\\\/\\\/secure.gravatar.com\\\/avatar\\\/7ce1f28c0c3bbac99ff550b85ef8e44a6950c6ee24514fb6a5489e51d06f0298?s=96&d=mm&r=g\",\"contentUrl\":\"https:\\\/\\\/secure.gravatar.com\\\/avatar\\\/7ce1f28c0c3bbac99ff550b85ef8e44a6950c6ee24514fb6a5489e51d06f0298?s=96&d=mm&r=g\",\"caption\":\"webdo.tn\"},\"url\":\"https:\\\/\\\/www.webdo.tn\\\/fr\\\/actualite\\\/author\\\/webdotn\\\/\"}]}<\/script>\n<!-- \/ Yoast SEO Premium plugin. -->","yoast_head_json":{"title":"Les ex\u00e9cutions des journalistes ouvrent la voie aux troupes am\u00e9ricaines en Irak","description":"Les ex\u00e9cutions des journalistes ouvrent la voie aux troupes am\u00e9ricaines en Irak","canonical":"https:\/\/www.webdo.tn\/fr\/actualite\/terrorisme\/les-executions-journalistes-ouvrent-voie-aux-troupes-americaines-en-irak\/180096\/","og_locale":"fr_FR","og_type":"article","og_title":"Les ex\u00e9cutions des journalistes ouvrent la voie aux troupes am\u00e9ricaines en Irak","og_description":"Les ex\u00e9cutions des journalistes ouvrent la voie aux troupes am\u00e9ricaines en Irak","og_url":"https:\/\/www.webdo.tn\/fr\/actualite\/terrorisme\/les-executions-journalistes-ouvrent-voie-aux-troupes-americaines-en-irak\/180096\/","og_site_name":"webdo","article_publisher":"https:\/\/www.facebook.com\/webdotn","article_published_time":"2014-09-03T18:24:00+00:00","article_modified_time":"2025-05-22T13:05:33+00:00","og_image":[{"width":423,"height":219,"url":"https:\/\/www.webdo.tn\/fr\/wp-content\/uploads\/2014\/09\/Obama-Estonie.jpg","type":"image\/jpeg"}],"author":"webdo.tn","twitter_card":"summary_large_image","twitter_creator":"@webdo_tn","twitter_site":"@webdo_tn","twitter_misc":{"\u00c9crit par":"webdo.tn","Dur\u00e9e de lecture estim\u00e9e":"2 minutes"},"schema":{"@context":"https:\/\/schema.org","@graph":[{"@type":"NewsArticle","@id":"https:\/\/www.webdo.tn\/fr\/actualite\/terrorisme\/les-executions-journalistes-ouvrent-voie-aux-troupes-americaines-en-irak\/180096\/#article","isPartOf":{"@id":"https:\/\/www.webdo.tn\/fr\/actualite\/terrorisme\/les-executions-journalistes-ouvrent-voie-aux-troupes-americaines-en-irak\/180096\/"},"author":{"name":"webdo.tn","@id":"https:\/\/www.webdo.tn\/fr\/#\/schema\/person\/9a9c6118d687c117df8ef3cc36a4d175"},"headline":"Les ex\u00e9cutions des journalistes ouvrent la voie aux troupes am\u00e9ricaines en Irak","datePublished":"2014-09-03T18:24:00+00:00","dateModified":"2025-05-22T13:05:33+00:00","mainEntityOfPage":{"@id":"https:\/\/www.webdo.tn\/fr\/actualite\/terrorisme\/les-executions-journalistes-ouvrent-voie-aux-troupes-americaines-en-irak\/180096\/"},"wordCount":376,"commentCount":0,"publisher":{"@id":"https:\/\/www.webdo.tn\/fr\/#organization"},"image":{"@id":"https:\/\/www.webdo.tn\/fr\/actualite\/terrorisme\/les-executions-journalistes-ouvrent-voie-aux-troupes-americaines-en-irak\/180096\/#primaryimage"},"thumbnailUrl":"https:\/\/www.webdo.tn\/fr\/wp-content\/uploads\/2014\/09\/Obama-Estonie.jpg","articleSection":["Terrorisme"],"inLanguage":"fr-FR"},{"@type":"WebPage","@id":"https:\/\/www.webdo.tn\/fr\/actualite\/terrorisme\/les-executions-journalistes-ouvrent-voie-aux-troupes-americaines-en-irak\/180096\/","url":"https:\/\/www.webdo.tn\/fr\/actualite\/terrorisme\/les-executions-journalistes-ouvrent-voie-aux-troupes-americaines-en-irak\/180096\/","name":"Les ex\u00e9cutions des journalistes ouvrent la voie aux troupes am\u00e9ricaines en Irak","isPartOf":{"@id":"https:\/\/www.webdo.tn\/fr\/#website"},"primaryImageOfPage":{"@id":"https:\/\/www.webdo.tn\/fr\/actualite\/terrorisme\/les-executions-journalistes-ouvrent-voie-aux-troupes-americaines-en-irak\/180096\/#primaryimage"},"image":{"@id":"https:\/\/www.webdo.tn\/fr\/actualite\/terrorisme\/les-executions-journalistes-ouvrent-voie-aux-troupes-americaines-en-irak\/180096\/#primaryimage"},"thumbnailUrl":"https:\/\/www.webdo.tn\/fr\/wp-content\/uploads\/2014\/09\/Obama-Estonie.jpg","datePublished":"2014-09-03T18:24:00+00:00","dateModified":"2025-05-22T13:05:33+00:00","description":"Les ex\u00e9cutions des journalistes ouvrent la voie aux troupes am\u00e9ricaines en Irak","breadcrumb":{"@id":"https:\/\/www.webdo.tn\/fr\/actualite\/terrorisme\/les-executions-journalistes-ouvrent-voie-aux-troupes-americaines-en-irak\/180096\/#breadcrumb"},"inLanguage":"fr-FR","potentialAction":[{"@type":"ReadAction","target":["https:\/\/www.webdo.tn\/fr\/actualite\/terrorisme\/les-executions-journalistes-ouvrent-voie-aux-troupes-americaines-en-irak\/180096\/"]}]},{"@type":"ImageObject","inLanguage":"fr-FR","@id":"https:\/\/www.webdo.tn\/fr\/actualite\/terrorisme\/les-executions-journalistes-ouvrent-voie-aux-troupes-americaines-en-irak\/180096\/#primaryimage","url":"https:\/\/www.webdo.tn\/fr\/wp-content\/uploads\/2014\/09\/Obama-Estonie.jpg","contentUrl":"https:\/\/www.webdo.tn\/fr\/wp-content\/uploads\/2014\/09\/Obama-Estonie.jpg","width":423,"height":219,"caption":"Les ex\u00e9cutions des journalistes ouvrent la voie aux troupes am\u00e9ricaines en Irak"},{"@type":"BreadcrumbList","@id":"https:\/\/www.webdo.tn\/fr\/actualite\/terrorisme\/les-executions-journalistes-ouvrent-voie-aux-troupes-americaines-en-irak\/180096\/#breadcrumb","itemListElement":[{"@type":"ListItem","position":1,"name":"Accueil","item":"https:\/\/www.webdo.tn\/fr\/"},{"@type":"ListItem","position":2,"name":"Les ex\u00e9cutions des journalistes ouvrent la voie aux troupes am\u00e9ricaines en Irak"}]},{"@type":"WebSite","@id":"https:\/\/www.webdo.tn\/fr\/#website","url":"https:\/\/www.webdo.tn\/fr\/","name":"webdo","description":"Tunisie - News en Tunisie et \u00e0 l&#039;international sur Webdo.tn","publisher":{"@id":"https:\/\/www.webdo.tn\/fr\/#organization"},"potentialAction":[{"@type":"SearchAction","target":{"@type":"EntryPoint","urlTemplate":"https:\/\/www.webdo.tn\/fr\/?s={search_term_string}"},"query-input":{"@type":"PropertyValueSpecification","valueRequired":true,"valueName":"search_term_string"}}],"inLanguage":"fr-FR"},{"@type":"Organization","@id":"https:\/\/www.webdo.tn\/fr\/#organization","name":"Webdo","alternateName":"Webdo.tn","url":"https:\/\/www.webdo.tn\/fr\/","logo":{"@type":"ImageObject","inLanguage":"fr-FR","@id":"https:\/\/www.webdo.tn\/fr\/#\/schema\/logo\/image\/","url":"https:\/\/www.webdo.tn\/fr\/wp-content\/uploads\/2025\/06\/Webdo-Tunisie_168377.jpg","contentUrl":"https:\/\/www.webdo.tn\/fr\/wp-content\/uploads\/2025\/06\/Webdo-Tunisie_168377.jpg","width":301,"height":301,"caption":"Webdo"},"image":{"@id":"https:\/\/www.webdo.tn\/fr\/#\/schema\/logo\/image\/"},"sameAs":["https:\/\/www.facebook.com\/webdotn","https:\/\/x.com\/webdo_tn"],"description":"Webdo est un m\u00e9dia num\u00e9rique tunisien fond\u00e9 en 2010, sp\u00e9cialis\u00e9 dans l\u2019actualit\u00e9 nationale et internationale, l\u2019\u00e9conomie, la soci\u00e9t\u00e9 et les analyses politiques. Le site s\u2019adresse \u00e0 un large public francophone et couvre l\u2019information tunisienne en temps r\u00e9el.","email":"redac@webdo.tn","legalName":"YNJ SARL","foundingDate":"2010-09-06","numberOfEmployees":{"@type":"QuantitativeValue","minValue":"11","maxValue":"50"}},{"@type":"Person","@id":"https:\/\/www.webdo.tn\/fr\/#\/schema\/person\/9a9c6118d687c117df8ef3cc36a4d175","name":"webdo.tn","image":{"@type":"ImageObject","inLanguage":"fr-FR","@id":"https:\/\/secure.gravatar.com\/avatar\/7ce1f28c0c3bbac99ff550b85ef8e44a6950c6ee24514fb6a5489e51d06f0298?s=96&d=mm&r=g","url":"https:\/\/secure.gravatar.com\/avatar\/7ce1f28c0c3bbac99ff550b85ef8e44a6950c6ee24514fb6a5489e51d06f0298?s=96&d=mm&r=g","contentUrl":"https:\/\/secure.gravatar.com\/avatar\/7ce1f28c0c3bbac99ff550b85ef8e44a6950c6ee24514fb6a5489e51d06f0298?s=96&d=mm&r=g","caption":"webdo.tn"},"url":"https:\/\/www.webdo.tn\/fr\/actualite\/author\/webdotn\/"}]}},"_links":{"self":[{"href":"https:\/\/www.webdo.tn\/fr\/wp-json\/wp\/v2\/posts\/180096","targetHints":{"allow":["GET"]}}],"collection":[{"href":"https:\/\/www.webdo.tn\/fr\/wp-json\/wp\/v2\/posts"}],"about":[{"href":"https:\/\/www.webdo.tn\/fr\/wp-json\/wp\/v2\/types\/post"}],"author":[{"embeddable":true,"href":"https:\/\/www.webdo.tn\/fr\/wp-json\/wp\/v2\/users\/3222"}],"replies":[{"embeddable":true,"href":"https:\/\/www.webdo.tn\/fr\/wp-json\/wp\/v2\/comments?post=180096"}],"version-history":[{"count":0,"href":"https:\/\/www.webdo.tn\/fr\/wp-json\/wp\/v2\/posts\/180096\/revisions"}],"wp:featuredmedia":[{"embeddable":true,"href":"https:\/\/www.webdo.tn\/fr\/wp-json\/wp\/v2\/media\/320442"}],"wp:attachment":[{"href":"https:\/\/www.webdo.tn\/fr\/wp-json\/wp\/v2\/media?parent=180096"}],"wp:term":[{"taxonomy":"category","embeddable":true,"href":"https:\/\/www.webdo.tn\/fr\/wp-json\/wp\/v2\/categories?post=180096"},{"taxonomy":"post_tag","embeddable":true,"href":"https:\/\/www.webdo.tn\/fr\/wp-json\/wp\/v2\/tags?post=180096"}],"curies":[{"name":"wp","href":"https:\/\/api.w.org\/{rel}","templated":true}]}}