{"id":180095,"date":"2014-09-03T20:51:00","date_gmt":"2014-09-03T20:51:00","guid":{"rendered":"https:\/\/www.webdo.tn\/fr\/blog\/palestine-17-journalistes-tues-a-gaza-a-cause-des-bombardements-israeliens-cibles\/184726\/"},"modified":"2025-05-22T13:05:34","modified_gmt":"2025-05-22T13:05:34","slug":"palestine-17-journalistes-tues-a-gaza-a-cause-des-bombardements-israeliens-cibles","status":"publish","type":"post","link":"https:\/\/www.webdo.tn\/fr\/actualite\/terrorisme\/palestine-17-journalistes-tues-a-gaza-a-cause-des-bombardements-israeliens-cibles\/180095\/","title":{"rendered":"17 journalistes tu\u00e9s \u00e0 Gaza \u00e0 cause des bombardements isra\u00e9liens"},"content":{"rendered":"<p>Le minist\u00e8re de l&rsquo;Information palestinien a communiqu\u00e9 \u00e0 l&rsquo;agence Al Ray la liste des noms des journalistes tu\u00e9s par les bombardements isra\u00e9liens sur la bande de Gaza en Palestine, depuis le 8 juillet dernier.\u00a01. Hamid Abdullah Shehab &#8211; \u00ab\u00a0Media 24&Prime;2. Najla Mahmoud Haj &#8211; media activiste3 Khalid Hamad &#8211; the \u00ab\u00a0Kontnao\u00a0\u00bb Media Production company4. Ziad Abdul Rahman Abu Hin \u2013 al-Ketab satellite5. Ezzat Duheir &#8211; radio des Prisonniers\u00a06. Bahauddin Gharib &#8211; Palestine TV7 Ahed Zaqqout \u2013 journalist sportif8 Ryan Rami &#8211; Palestinian Media Network9 Sameh Al-Arian &#8211; Al-Aqsa TV10 Mohammed Daher &#8211; \u00e9diteur \u00e0\u00a0al-Resala paper11. Abdullah Vhjan &#8211; journaliste sportif12 journalist Khaled Hamada Mqat- Directeur de Saja news13. Shadi Hamdi Ayyad, journaliste free-lance14 Mohammed Nur al-Din al-Dairi &#8211; photojournaliste pour \u00ab\u00a0Palestinian Network\u00a0\u00bb15. Ali Abu Afesh &#8211; Doha Center for Media16 \u00a0Simone Camille &#8211; journaliste\u00a0photographe\u00a0pour the Associated Press17. Abdullah fadel Murtaja<\/p>\n<p>Le 22 juillet dernier, Reporters sans fronti\u00e8res (RSF) a publi\u00e9 un communiqu\u00e9 pour d\u00e9noncer les tueries des journalistes par Tsahal<br \/>\n\u201cReporters sans fronti\u00e8res d\u00e9nonce les bombardements de l\u2019arm\u00e9e isra\u00e9lienne contre les civils palestiniens \u00e0 Gaza, parmi lesquels des journalistes [&#8230;]Nous rappelons, qu\u2019en vertu de la r\u00e9solution 1738 du Conseil de s\u00e9curit\u00e9 des Nations unies de 2006 et des Conventions de Gen\u00e8ve, l\u2019ensemble des parties au conflit ont pour obligation de garantir la s\u00e9curit\u00e9 des journalistes\u201d,\u00a0 a d\u00e9clar\u00e9\u00a0Virginie Dangles, directrice adjointe \u00e0 la Recherche de RSF.<br \/>\nLe 22 juillet au matin, les bureaux de la cha\u00eene qatarie\u00a0Al-Jazeera, situ\u00e9s au 11\u00e8me \u00e9tage de la tour Al-Jala \u00e0 Gaza,\u00a0ont \u00e9t\u00e9 la cible de tirs de semonce de la part de l\u2019arm\u00e9e isra\u00e9lienne\u00a0a pr\u00e9cis\u00e9 RSF.<br \/>\nCommission d&rsquo;enqu\u00eate sur les violations<br \/>\nAu mois de juillet, Amnesty international\u00a0a exhort\u00e9 le Conseil des droits de l&rsquo;homme \u00e0 envoyer d&rsquo;urgence une commission d&rsquo;enqu\u00eate internationale ind\u00e9pendante pour enqu\u00eater sur toutes les violations du droit international humanitaire, ainsi que les violations et les abus du droit international des droits de l&rsquo;homme par toutes les parties impliqu\u00e9es dans les hostilit\u00e9s.<br \/>\nL&rsquo;organisation\u00a0a \u00a0pr\u00e9cis\u00e9 que les Etats-Unis ont vot\u00e9 contre une commission\u00a0charg\u00e9e d&rsquo;enqu\u00eater sur toutes les violations du droit international dans le territoire palestinien occup\u00e9, y compris J\u00e9rusalem-Est, en particulier dans la bande de Gaza occup\u00e9e (depuis le d\u00e9but des op\u00e9rations militaires men\u00e9es \u00e0 partir du 13 juin 2014).<br \/>\nEn outre, tous les\u00a0\u00c9tats de l&rsquo;UE membres du Conseil se sont abstenus lors du vote\u00a0mais la r\u00e9solution du Conseil des droits de l&rsquo;homme S-21\/1 a finalement \u00e9t\u00e9 adopt\u00e9e gr\u00e2ce au vote de\u00a029 Etats.<\/p>\n","protected":false},"excerpt":{"rendered":"<p>17 journalistes tu\u00e9s \u00e0 Gaza \u00e0 cause des bombardements isra\u00e9liens<\/p>\n","protected":false},"author":3222,"featured_media":320445,"comment_status":"open","ping_status":"closed","sticky":false,"template":"","format":"standard","meta":{"footnotes":""},"categories":[11342],"tags":[],"class_list":["post-180095","post","type-post","status-publish","format-standard","has-post-thumbnail","hentry","category-terrorisme"],"yoast_head":"<!-- This site is optimized with the Yoast SEO Premium plugin v27.5 (Yoast SEO v27.5) - https:\/\/yoast.com\/product\/yoast-seo-premium-wordpress\/ -->\n<title>17 journalistes tu\u00e9s \u00e0 Gaza \u00e0 cause des bombardements isra\u00e9liens<\/title>\n<meta name=\"description\" content=\"17 journalistes tu\u00e9s \u00e0 Gaza \u00e0 cause des bombardements isra\u00e9liens\" \/>\n<link rel=\"canonical\" href=\"https:\/\/www.webdo.tn\/fr\/actualite\/terrorisme\/palestine-17-journalistes-tues-a-gaza-a-cause-des-bombardements-israeliens-cibles\/180095\/\" \/>\n<meta property=\"og:locale\" content=\"fr_FR\" \/>\n<meta property=\"og:type\" content=\"article\" \/>\n<meta property=\"og:title\" content=\"17 journalistes tu\u00e9s \u00e0 Gaza \u00e0 cause des bombardements isra\u00e9liens\" \/>\n<meta property=\"og:description\" content=\"17 journalistes tu\u00e9s \u00e0 Gaza \u00e0 cause des bombardements isra\u00e9liens\" \/>\n<meta property=\"og:url\" content=\"https:\/\/www.webdo.tn\/fr\/actualite\/terrorisme\/palestine-17-journalistes-tues-a-gaza-a-cause-des-bombardements-israeliens-cibles\/180095\/\" \/>\n<meta property=\"og:site_name\" content=\"webdo\" \/>\n<meta property=\"article:publisher\" content=\"https:\/\/www.facebook.com\/webdotn\" \/>\n<meta property=\"article:published_time\" content=\"2014-09-03T20:51:00+00:00\" \/>\n<meta property=\"article:modified_time\" content=\"2025-05-22T13:05:34+00:00\" \/>\n<meta property=\"og:image\" content=\"https:\/\/www.webdo.tn\/fr\/wp-content\/uploads\/2014\/09\/Journaliste-Palestine.jpg\" \/>\n\t<meta property=\"og:image:width\" content=\"428\" \/>\n\t<meta property=\"og:image:height\" content=\"265\" \/>\n\t<meta property=\"og:image:type\" content=\"image\/jpeg\" \/>\n<meta name=\"author\" content=\"webdo.tn\" \/>\n<meta name=\"twitter:card\" content=\"summary_large_image\" \/>\n<meta name=\"twitter:creator\" content=\"@webdo_tn\" \/>\n<meta name=\"twitter:site\" content=\"@webdo_tn\" \/>\n<meta name=\"twitter:label1\" content=\"\u00c9crit par\" \/>\n\t<meta name=\"twitter:data1\" content=\"webdo.tn\" \/>\n\t<meta name=\"twitter:label2\" content=\"Dur\u00e9e de lecture estim\u00e9e\" \/>\n\t<meta name=\"twitter:data2\" content=\"2 minutes\" \/>\n<script type=\"application\/ld+json\" class=\"yoast-schema-graph\">{\"@context\":\"https:\\\/\\\/schema.org\",\"@graph\":[{\"@type\":\"NewsArticle\",\"@id\":\"https:\\\/\\\/www.webdo.tn\\\/fr\\\/actualite\\\/terrorisme\\\/palestine-17-journalistes-tues-a-gaza-a-cause-des-bombardements-israeliens-cibles\\\/180095\\\/#article\",\"isPartOf\":{\"@id\":\"https:\\\/\\\/www.webdo.tn\\\/fr\\\/actualite\\\/terrorisme\\\/palestine-17-journalistes-tues-a-gaza-a-cause-des-bombardements-israeliens-cibles\\\/180095\\\/\"},\"author\":{\"name\":\"webdo.tn\",\"@id\":\"https:\\\/\\\/www.webdo.tn\\\/fr\\\/#\\\/schema\\\/person\\\/9a9c6118d687c117df8ef3cc36a4d175\"},\"headline\":\"17 journalistes tu\u00e9s \u00e0 Gaza \u00e0 cause des bombardements isra\u00e9liens\",\"datePublished\":\"2014-09-03T20:51:00+00:00\",\"dateModified\":\"2025-05-22T13:05:34+00:00\",\"mainEntityOfPage\":{\"@id\":\"https:\\\/\\\/www.webdo.tn\\\/fr\\\/actualite\\\/terrorisme\\\/palestine-17-journalistes-tues-a-gaza-a-cause-des-bombardements-israeliens-cibles\\\/180095\\\/\"},\"wordCount\":454,\"commentCount\":0,\"publisher\":{\"@id\":\"https:\\\/\\\/www.webdo.tn\\\/fr\\\/#organization\"},\"image\":{\"@id\":\"https:\\\/\\\/www.webdo.tn\\\/fr\\\/actualite\\\/terrorisme\\\/palestine-17-journalistes-tues-a-gaza-a-cause-des-bombardements-israeliens-cibles\\\/180095\\\/#primaryimage\"},\"thumbnailUrl\":\"https:\\\/\\\/www.webdo.tn\\\/fr\\\/wp-content\\\/uploads\\\/2014\\\/09\\\/Journaliste-Palestine.jpg\",\"articleSection\":[\"Terrorisme\"],\"inLanguage\":\"fr-FR\"},{\"@type\":\"WebPage\",\"@id\":\"https:\\\/\\\/www.webdo.tn\\\/fr\\\/actualite\\\/terrorisme\\\/palestine-17-journalistes-tues-a-gaza-a-cause-des-bombardements-israeliens-cibles\\\/180095\\\/\",\"url\":\"https:\\\/\\\/www.webdo.tn\\\/fr\\\/actualite\\\/terrorisme\\\/palestine-17-journalistes-tues-a-gaza-a-cause-des-bombardements-israeliens-cibles\\\/180095\\\/\",\"name\":\"17 journalistes tu\u00e9s \u00e0 Gaza \u00e0 cause des bombardements isra\u00e9liens\",\"isPartOf\":{\"@id\":\"https:\\\/\\\/www.webdo.tn\\\/fr\\\/#website\"},\"primaryImageOfPage\":{\"@id\":\"https:\\\/\\\/www.webdo.tn\\\/fr\\\/actualite\\\/terrorisme\\\/palestine-17-journalistes-tues-a-gaza-a-cause-des-bombardements-israeliens-cibles\\\/180095\\\/#primaryimage\"},\"image\":{\"@id\":\"https:\\\/\\\/www.webdo.tn\\\/fr\\\/actualite\\\/terrorisme\\\/palestine-17-journalistes-tues-a-gaza-a-cause-des-bombardements-israeliens-cibles\\\/180095\\\/#primaryimage\"},\"thumbnailUrl\":\"https:\\\/\\\/www.webdo.tn\\\/fr\\\/wp-content\\\/uploads\\\/2014\\\/09\\\/Journaliste-Palestine.jpg\",\"datePublished\":\"2014-09-03T20:51:00+00:00\",\"dateModified\":\"2025-05-22T13:05:34+00:00\",\"description\":\"17 journalistes tu\u00e9s \u00e0 Gaza \u00e0 cause des bombardements isra\u00e9liens\",\"breadcrumb\":{\"@id\":\"https:\\\/\\\/www.webdo.tn\\\/fr\\\/actualite\\\/terrorisme\\\/palestine-17-journalistes-tues-a-gaza-a-cause-des-bombardements-israeliens-cibles\\\/180095\\\/#breadcrumb\"},\"inLanguage\":\"fr-FR\",\"potentialAction\":[{\"@type\":\"ReadAction\",\"target\":[\"https:\\\/\\\/www.webdo.tn\\\/fr\\\/actualite\\\/terrorisme\\\/palestine-17-journalistes-tues-a-gaza-a-cause-des-bombardements-israeliens-cibles\\\/180095\\\/\"]}]},{\"@type\":\"ImageObject\",\"inLanguage\":\"fr-FR\",\"@id\":\"https:\\\/\\\/www.webdo.tn\\\/fr\\\/actualite\\\/terrorisme\\\/palestine-17-journalistes-tues-a-gaza-a-cause-des-bombardements-israeliens-cibles\\\/180095\\\/#primaryimage\",\"url\":\"https:\\\/\\\/www.webdo.tn\\\/fr\\\/wp-content\\\/uploads\\\/2014\\\/09\\\/Journaliste-Palestine.jpg\",\"contentUrl\":\"https:\\\/\\\/www.webdo.tn\\\/fr\\\/wp-content\\\/uploads\\\/2014\\\/09\\\/Journaliste-Palestine.jpg\",\"width\":428,\"height\":265,\"caption\":\"17 journalistes tu\u00e9s \u00e0 Gaza \u00e0 cause des bombardements isra\u00e9liens\"},{\"@type\":\"BreadcrumbList\",\"@id\":\"https:\\\/\\\/www.webdo.tn\\\/fr\\\/actualite\\\/terrorisme\\\/palestine-17-journalistes-tues-a-gaza-a-cause-des-bombardements-israeliens-cibles\\\/180095\\\/#breadcrumb\",\"itemListElement\":[{\"@type\":\"ListItem\",\"position\":1,\"name\":\"Accueil\",\"item\":\"https:\\\/\\\/www.webdo.tn\\\/fr\\\/\"},{\"@type\":\"ListItem\",\"position\":2,\"name\":\"17 journalistes tu\u00e9s \u00e0 Gaza \u00e0 cause des bombardements isra\u00e9liens\"}]},{\"@type\":\"WebSite\",\"@id\":\"https:\\\/\\\/www.webdo.tn\\\/fr\\\/#website\",\"url\":\"https:\\\/\\\/www.webdo.tn\\\/fr\\\/\",\"name\":\"webdo\",\"description\":\"Tunisie - News en Tunisie et \u00e0 l&#039;international sur Webdo.tn\",\"publisher\":{\"@id\":\"https:\\\/\\\/www.webdo.tn\\\/fr\\\/#organization\"},\"potentialAction\":[{\"@type\":\"SearchAction\",\"target\":{\"@type\":\"EntryPoint\",\"urlTemplate\":\"https:\\\/\\\/www.webdo.tn\\\/fr\\\/?s={search_term_string}\"},\"query-input\":{\"@type\":\"PropertyValueSpecification\",\"valueRequired\":true,\"valueName\":\"search_term_string\"}}],\"inLanguage\":\"fr-FR\"},{\"@type\":\"Organization\",\"@id\":\"https:\\\/\\\/www.webdo.tn\\\/fr\\\/#organization\",\"name\":\"Webdo\",\"alternateName\":\"Webdo.tn\",\"url\":\"https:\\\/\\\/www.webdo.tn\\\/fr\\\/\",\"logo\":{\"@type\":\"ImageObject\",\"inLanguage\":\"fr-FR\",\"@id\":\"https:\\\/\\\/www.webdo.tn\\\/fr\\\/#\\\/schema\\\/logo\\\/image\\\/\",\"url\":\"https:\\\/\\\/www.webdo.tn\\\/fr\\\/wp-content\\\/uploads\\\/2025\\\/06\\\/Webdo-Tunisie_168377.jpg\",\"contentUrl\":\"https:\\\/\\\/www.webdo.tn\\\/fr\\\/wp-content\\\/uploads\\\/2025\\\/06\\\/Webdo-Tunisie_168377.jpg\",\"width\":301,\"height\":301,\"caption\":\"Webdo\"},\"image\":{\"@id\":\"https:\\\/\\\/www.webdo.tn\\\/fr\\\/#\\\/schema\\\/logo\\\/image\\\/\"},\"sameAs\":[\"https:\\\/\\\/www.facebook.com\\\/webdotn\",\"https:\\\/\\\/x.com\\\/webdo_tn\"],\"description\":\"Webdo est un m\u00e9dia num\u00e9rique tunisien fond\u00e9 en 2010, sp\u00e9cialis\u00e9 dans l\u2019actualit\u00e9 nationale et internationale, l\u2019\u00e9conomie, la soci\u00e9t\u00e9 et les analyses politiques. Le site s\u2019adresse \u00e0 un large public francophone et couvre l\u2019information tunisienne en temps r\u00e9el.\",\"email\":\"redac@webdo.tn\",\"legalName\":\"YNJ SARL\",\"foundingDate\":\"2010-09-06\",\"numberOfEmployees\":{\"@type\":\"QuantitativeValue\",\"minValue\":\"11\",\"maxValue\":\"50\"}},{\"@type\":\"Person\",\"@id\":\"https:\\\/\\\/www.webdo.tn\\\/fr\\\/#\\\/schema\\\/person\\\/9a9c6118d687c117df8ef3cc36a4d175\",\"name\":\"webdo.tn\",\"image\":{\"@type\":\"ImageObject\",\"inLanguage\":\"fr-FR\",\"@id\":\"https:\\\/\\\/secure.gravatar.com\\\/avatar\\\/7ce1f28c0c3bbac99ff550b85ef8e44a6950c6ee24514fb6a5489e51d06f0298?s=96&d=mm&r=g\",\"url\":\"https:\\\/\\\/secure.gravatar.com\\\/avatar\\\/7ce1f28c0c3bbac99ff550b85ef8e44a6950c6ee24514fb6a5489e51d06f0298?s=96&d=mm&r=g\",\"contentUrl\":\"https:\\\/\\\/secure.gravatar.com\\\/avatar\\\/7ce1f28c0c3bbac99ff550b85ef8e44a6950c6ee24514fb6a5489e51d06f0298?s=96&d=mm&r=g\",\"caption\":\"webdo.tn\"},\"url\":\"https:\\\/\\\/www.webdo.tn\\\/fr\\\/actualite\\\/author\\\/webdotn\\\/\"}]}<\/script>\n<!-- \/ Yoast SEO Premium plugin. -->","yoast_head_json":{"title":"17 journalistes tu\u00e9s \u00e0 Gaza \u00e0 cause des bombardements isra\u00e9liens","description":"17 journalistes tu\u00e9s \u00e0 Gaza \u00e0 cause des bombardements isra\u00e9liens","canonical":"https:\/\/www.webdo.tn\/fr\/actualite\/terrorisme\/palestine-17-journalistes-tues-a-gaza-a-cause-des-bombardements-israeliens-cibles\/180095\/","og_locale":"fr_FR","og_type":"article","og_title":"17 journalistes tu\u00e9s \u00e0 Gaza \u00e0 cause des bombardements isra\u00e9liens","og_description":"17 journalistes tu\u00e9s \u00e0 Gaza \u00e0 cause des bombardements isra\u00e9liens","og_url":"https:\/\/www.webdo.tn\/fr\/actualite\/terrorisme\/palestine-17-journalistes-tues-a-gaza-a-cause-des-bombardements-israeliens-cibles\/180095\/","og_site_name":"webdo","article_publisher":"https:\/\/www.facebook.com\/webdotn","article_published_time":"2014-09-03T20:51:00+00:00","article_modified_time":"2025-05-22T13:05:34+00:00","og_image":[{"width":428,"height":265,"url":"https:\/\/www.webdo.tn\/fr\/wp-content\/uploads\/2014\/09\/Journaliste-Palestine.jpg","type":"image\/jpeg"}],"author":"webdo.tn","twitter_card":"summary_large_image","twitter_creator":"@webdo_tn","twitter_site":"@webdo_tn","twitter_misc":{"\u00c9crit par":"webdo.tn","Dur\u00e9e de lecture estim\u00e9e":"2 minutes"},"schema":{"@context":"https:\/\/schema.org","@graph":[{"@type":"NewsArticle","@id":"https:\/\/www.webdo.tn\/fr\/actualite\/terrorisme\/palestine-17-journalistes-tues-a-gaza-a-cause-des-bombardements-israeliens-cibles\/180095\/#article","isPartOf":{"@id":"https:\/\/www.webdo.tn\/fr\/actualite\/terrorisme\/palestine-17-journalistes-tues-a-gaza-a-cause-des-bombardements-israeliens-cibles\/180095\/"},"author":{"name":"webdo.tn","@id":"https:\/\/www.webdo.tn\/fr\/#\/schema\/person\/9a9c6118d687c117df8ef3cc36a4d175"},"headline":"17 journalistes tu\u00e9s \u00e0 Gaza \u00e0 cause des bombardements isra\u00e9liens","datePublished":"2014-09-03T20:51:00+00:00","dateModified":"2025-05-22T13:05:34+00:00","mainEntityOfPage":{"@id":"https:\/\/www.webdo.tn\/fr\/actualite\/terrorisme\/palestine-17-journalistes-tues-a-gaza-a-cause-des-bombardements-israeliens-cibles\/180095\/"},"wordCount":454,"commentCount":0,"publisher":{"@id":"https:\/\/www.webdo.tn\/fr\/#organization"},"image":{"@id":"https:\/\/www.webdo.tn\/fr\/actualite\/terrorisme\/palestine-17-journalistes-tues-a-gaza-a-cause-des-bombardements-israeliens-cibles\/180095\/#primaryimage"},"thumbnailUrl":"https:\/\/www.webdo.tn\/fr\/wp-content\/uploads\/2014\/09\/Journaliste-Palestine.jpg","articleSection":["Terrorisme"],"inLanguage":"fr-FR"},{"@type":"WebPage","@id":"https:\/\/www.webdo.tn\/fr\/actualite\/terrorisme\/palestine-17-journalistes-tues-a-gaza-a-cause-des-bombardements-israeliens-cibles\/180095\/","url":"https:\/\/www.webdo.tn\/fr\/actualite\/terrorisme\/palestine-17-journalistes-tues-a-gaza-a-cause-des-bombardements-israeliens-cibles\/180095\/","name":"17 journalistes tu\u00e9s \u00e0 Gaza \u00e0 cause des bombardements isra\u00e9liens","isPartOf":{"@id":"https:\/\/www.webdo.tn\/fr\/#website"},"primaryImageOfPage":{"@id":"https:\/\/www.webdo.tn\/fr\/actualite\/terrorisme\/palestine-17-journalistes-tues-a-gaza-a-cause-des-bombardements-israeliens-cibles\/180095\/#primaryimage"},"image":{"@id":"https:\/\/www.webdo.tn\/fr\/actualite\/terrorisme\/palestine-17-journalistes-tues-a-gaza-a-cause-des-bombardements-israeliens-cibles\/180095\/#primaryimage"},"thumbnailUrl":"https:\/\/www.webdo.tn\/fr\/wp-content\/uploads\/2014\/09\/Journaliste-Palestine.jpg","datePublished":"2014-09-03T20:51:00+00:00","dateModified":"2025-05-22T13:05:34+00:00","description":"17 journalistes tu\u00e9s \u00e0 Gaza \u00e0 cause des bombardements isra\u00e9liens","breadcrumb":{"@id":"https:\/\/www.webdo.tn\/fr\/actualite\/terrorisme\/palestine-17-journalistes-tues-a-gaza-a-cause-des-bombardements-israeliens-cibles\/180095\/#breadcrumb"},"inLanguage":"fr-FR","potentialAction":[{"@type":"ReadAction","target":["https:\/\/www.webdo.tn\/fr\/actualite\/terrorisme\/palestine-17-journalistes-tues-a-gaza-a-cause-des-bombardements-israeliens-cibles\/180095\/"]}]},{"@type":"ImageObject","inLanguage":"fr-FR","@id":"https:\/\/www.webdo.tn\/fr\/actualite\/terrorisme\/palestine-17-journalistes-tues-a-gaza-a-cause-des-bombardements-israeliens-cibles\/180095\/#primaryimage","url":"https:\/\/www.webdo.tn\/fr\/wp-content\/uploads\/2014\/09\/Journaliste-Palestine.jpg","contentUrl":"https:\/\/www.webdo.tn\/fr\/wp-content\/uploads\/2014\/09\/Journaliste-Palestine.jpg","width":428,"height":265,"caption":"17 journalistes tu\u00e9s \u00e0 Gaza \u00e0 cause des bombardements isra\u00e9liens"},{"@type":"BreadcrumbList","@id":"https:\/\/www.webdo.tn\/fr\/actualite\/terrorisme\/palestine-17-journalistes-tues-a-gaza-a-cause-des-bombardements-israeliens-cibles\/180095\/#breadcrumb","itemListElement":[{"@type":"ListItem","position":1,"name":"Accueil","item":"https:\/\/www.webdo.tn\/fr\/"},{"@type":"ListItem","position":2,"name":"17 journalistes tu\u00e9s \u00e0 Gaza \u00e0 cause des bombardements isra\u00e9liens"}]},{"@type":"WebSite","@id":"https:\/\/www.webdo.tn\/fr\/#website","url":"https:\/\/www.webdo.tn\/fr\/","name":"webdo","description":"Tunisie - News en Tunisie et \u00e0 l&#039;international sur Webdo.tn","publisher":{"@id":"https:\/\/www.webdo.tn\/fr\/#organization"},"potentialAction":[{"@type":"SearchAction","target":{"@type":"EntryPoint","urlTemplate":"https:\/\/www.webdo.tn\/fr\/?s={search_term_string}"},"query-input":{"@type":"PropertyValueSpecification","valueRequired":true,"valueName":"search_term_string"}}],"inLanguage":"fr-FR"},{"@type":"Organization","@id":"https:\/\/www.webdo.tn\/fr\/#organization","name":"Webdo","alternateName":"Webdo.tn","url":"https:\/\/www.webdo.tn\/fr\/","logo":{"@type":"ImageObject","inLanguage":"fr-FR","@id":"https:\/\/www.webdo.tn\/fr\/#\/schema\/logo\/image\/","url":"https:\/\/www.webdo.tn\/fr\/wp-content\/uploads\/2025\/06\/Webdo-Tunisie_168377.jpg","contentUrl":"https:\/\/www.webdo.tn\/fr\/wp-content\/uploads\/2025\/06\/Webdo-Tunisie_168377.jpg","width":301,"height":301,"caption":"Webdo"},"image":{"@id":"https:\/\/www.webdo.tn\/fr\/#\/schema\/logo\/image\/"},"sameAs":["https:\/\/www.facebook.com\/webdotn","https:\/\/x.com\/webdo_tn"],"description":"Webdo est un m\u00e9dia num\u00e9rique tunisien fond\u00e9 en 2010, sp\u00e9cialis\u00e9 dans l\u2019actualit\u00e9 nationale et internationale, l\u2019\u00e9conomie, la soci\u00e9t\u00e9 et les analyses politiques. Le site s\u2019adresse \u00e0 un large public francophone et couvre l\u2019information tunisienne en temps r\u00e9el.","email":"redac@webdo.tn","legalName":"YNJ SARL","foundingDate":"2010-09-06","numberOfEmployees":{"@type":"QuantitativeValue","minValue":"11","maxValue":"50"}},{"@type":"Person","@id":"https:\/\/www.webdo.tn\/fr\/#\/schema\/person\/9a9c6118d687c117df8ef3cc36a4d175","name":"webdo.tn","image":{"@type":"ImageObject","inLanguage":"fr-FR","@id":"https:\/\/secure.gravatar.com\/avatar\/7ce1f28c0c3bbac99ff550b85ef8e44a6950c6ee24514fb6a5489e51d06f0298?s=96&d=mm&r=g","url":"https:\/\/secure.gravatar.com\/avatar\/7ce1f28c0c3bbac99ff550b85ef8e44a6950c6ee24514fb6a5489e51d06f0298?s=96&d=mm&r=g","contentUrl":"https:\/\/secure.gravatar.com\/avatar\/7ce1f28c0c3bbac99ff550b85ef8e44a6950c6ee24514fb6a5489e51d06f0298?s=96&d=mm&r=g","caption":"webdo.tn"},"url":"https:\/\/www.webdo.tn\/fr\/actualite\/author\/webdotn\/"}]}},"_links":{"self":[{"href":"https:\/\/www.webdo.tn\/fr\/wp-json\/wp\/v2\/posts\/180095","targetHints":{"allow":["GET"]}}],"collection":[{"href":"https:\/\/www.webdo.tn\/fr\/wp-json\/wp\/v2\/posts"}],"about":[{"href":"https:\/\/www.webdo.tn\/fr\/wp-json\/wp\/v2\/types\/post"}],"author":[{"embeddable":true,"href":"https:\/\/www.webdo.tn\/fr\/wp-json\/wp\/v2\/users\/3222"}],"replies":[{"embeddable":true,"href":"https:\/\/www.webdo.tn\/fr\/wp-json\/wp\/v2\/comments?post=180095"}],"version-history":[{"count":0,"href":"https:\/\/www.webdo.tn\/fr\/wp-json\/wp\/v2\/posts\/180095\/revisions"}],"wp:featuredmedia":[{"embeddable":true,"href":"https:\/\/www.webdo.tn\/fr\/wp-json\/wp\/v2\/media\/320445"}],"wp:attachment":[{"href":"https:\/\/www.webdo.tn\/fr\/wp-json\/wp\/v2\/media?parent=180095"}],"wp:term":[{"taxonomy":"category","embeddable":true,"href":"https:\/\/www.webdo.tn\/fr\/wp-json\/wp\/v2\/categories?post=180095"},{"taxonomy":"post_tag","embeddable":true,"href":"https:\/\/www.webdo.tn\/fr\/wp-json\/wp\/v2\/tags?post=180095"}],"curies":[{"name":"wp","href":"https:\/\/api.w.org\/{rel}","templated":true}]}}