{"id":180094,"date":"2014-09-03T21:47:00","date_gmt":"2014-09-03T21:47:00","guid":{"rendered":"https:\/\/www.webdo.tn\/fr\/blog\/campagne-securitaire-kasserine-arrivee-plusieurs-vehicules-forces-lordre\/180094\/"},"modified":"2025-05-22T13:05:33","modified_gmt":"2025-05-22T13:05:33","slug":"campagne-securitaire-kasserine-arrivee-plusieurs-vehicules-forces-lordre","status":"publish","type":"post","link":"https:\/\/www.webdo.tn\/fr\/actualite\/terrorisme\/campagne-securitaire-kasserine-arrivee-plusieurs-vehicules-forces-lordre\/180094\/","title":{"rendered":"Campagne s\u00e9curitaire \u00e0 Kasserine : Arriv\u00e9e de plusieurs v\u00e9hicules des forces de l&rsquo;ordre"},"content":{"rendered":"<p>Un nombre tr\u00e8s important de v\u00e9hicules est arriv\u00e9 \u00e0 Kasserine vers 19 heures, ce mercredi 3 septembre. \u00ab\u00a0Des unit\u00e9s des forces de l&rsquo;ordre et de la garde nationale sont positionn\u00e9es au niveau des entr\u00e9es de la ville, du c\u00f4t\u00e9 des routes menant \u00e0 Kairouan, Gafsa et le Kef\u00a0\u00bb, d&rsquo;apr\u00e8s notre correspondant Mohamed Kachroudi.<\/p>\n<p>Une campagne s\u00e9curitaire d&rsquo;envergure a commenc\u00e9 ce soir dans toute la ville, notamment dans les cit\u00e9s.<\/p>\n<p>De grands v\u00e9hicules blind\u00e9s de la garde nationale et de la police ont \u00e9t\u00e9 d\u00e9ploy\u00e9s dans tous les ronds-points. Des arrestations auraient eu lieu \u00e9galement.<\/p>\n<p>\u00ab\u00a0Personne ne peut prendre de photos\u00a0\u00bb, d&rsquo;apr\u00e8s M. Kachroudi. \u00ab\u00a0Il semblerait que seule la cha\u00eene nationale 1 (Watanya) a eu l&rsquo;autorisation du minist\u00e8re de l&rsquo;Int\u00e9rieur pour filmer cette campagne s\u00e9curitaire\u00a0\u00bb.<\/p>\n<p>Le 30 ao\u00fbt, le ministre de l&rsquo;Int\u00e9rieur Lotfi Ben Jeddou a inform\u00e9 l&rsquo;opinion publique de\u00a0\u00ab\u00a0menaces terroristes s\u00e9rieuses qui p\u00e8seraient sur la Tunisie durant ce mois de septembre\u00a0\u00bb, chose qui pourrait expliquer cette campagne s\u00e9curitaire \u00e0 Kasserine.\u00a0<\/p>\n<p>Le gouvernorat de Kasserine, devenu l&rsquo;antre principale des terroristes de Katibat Oqba Ibn Nafaa au mont Chambi, est actuellement sous haute surveillance.<\/p>\n<p>Au mois de juillet dernier, 15 militaires ont \u00e9t\u00e9 tu\u00e9s par les terroristes, causant \u00ab\u00a0la plus grave attaque contre l&rsquo;arm\u00e9e depuis 1956\u00a0\u00bb, selon le minist\u00e8re de la D\u00e9fense<\/p>\n","protected":false},"excerpt":{"rendered":"<p>Campagne s\u00e9curitaire \u00e0 Kasserine : Arriv\u00e9e de plusieurs v\u00e9hicules des forces de l&rsquo;ordre<\/p>\n","protected":false},"author":3222,"featured_media":320444,"comment_status":"open","ping_status":"closed","sticky":false,"template":"","format":"standard","meta":{"footnotes":""},"categories":[11342],"tags":[],"class_list":["post-180094","post","type-post","status-publish","format-standard","has-post-thumbnail","hentry","category-terrorisme"],"yoast_head":"<!-- This site is optimized with the Yoast SEO Premium plugin v27.5 (Yoast SEO v27.5) - https:\/\/yoast.com\/product\/yoast-seo-premium-wordpress\/ -->\n<title>Campagne s\u00e9curitaire \u00e0 Kasserine : Arriv\u00e9e de plusieurs v\u00e9hicules des forces de l&#039;ordre<\/title>\n<meta name=\"description\" content=\"Campagne s\u00e9curitaire \u00e0 Kasserine : Arriv\u00e9e de plusieurs v\u00e9hicules des forces de l&#039;ordre\" \/>\n<link rel=\"canonical\" href=\"https:\/\/www.webdo.tn\/fr\/actualite\/terrorisme\/campagne-securitaire-kasserine-arrivee-plusieurs-vehicules-forces-lordre\/180094\/\" \/>\n<meta property=\"og:locale\" content=\"fr_FR\" \/>\n<meta property=\"og:type\" content=\"article\" \/>\n<meta property=\"og:title\" content=\"Campagne s\u00e9curitaire \u00e0 Kasserine : Arriv\u00e9e de plusieurs v\u00e9hicules des forces de l&#039;ordre\" \/>\n<meta property=\"og:description\" content=\"Campagne s\u00e9curitaire \u00e0 Kasserine : Arriv\u00e9e de plusieurs v\u00e9hicules des forces de l&#039;ordre\" \/>\n<meta property=\"og:url\" content=\"https:\/\/www.webdo.tn\/fr\/actualite\/terrorisme\/campagne-securitaire-kasserine-arrivee-plusieurs-vehicules-forces-lordre\/180094\/\" \/>\n<meta property=\"og:site_name\" content=\"webdo\" \/>\n<meta property=\"article:publisher\" content=\"https:\/\/www.facebook.com\/webdotn\" \/>\n<meta property=\"article:published_time\" content=\"2014-09-03T21:47:00+00:00\" \/>\n<meta property=\"article:modified_time\" content=\"2025-05-22T13:05:33+00:00\" \/>\n<meta property=\"og:image\" content=\"https:\/\/www.webdo.tn\/fr\/wp-content\/uploads\/2014\/09\/Kasserine-nuit.jpg\" \/>\n\t<meta property=\"og:image:width\" content=\"314\" \/>\n\t<meta property=\"og:image:height\" content=\"209\" \/>\n\t<meta property=\"og:image:type\" content=\"image\/jpeg\" \/>\n<meta name=\"author\" content=\"webdo.tn\" \/>\n<meta name=\"twitter:card\" content=\"summary_large_image\" \/>\n<meta name=\"twitter:creator\" content=\"@webdo_tn\" \/>\n<meta name=\"twitter:site\" content=\"@webdo_tn\" \/>\n<meta name=\"twitter:label1\" content=\"\u00c9crit par\" \/>\n\t<meta name=\"twitter:data1\" content=\"webdo.tn\" \/>\n\t<meta name=\"twitter:label2\" content=\"Dur\u00e9e de lecture estim\u00e9e\" \/>\n\t<meta name=\"twitter:data2\" content=\"1 minute\" \/>\n<script type=\"application\/ld+json\" class=\"yoast-schema-graph\">{\"@context\":\"https:\\\/\\\/schema.org\",\"@graph\":[{\"@type\":\"NewsArticle\",\"@id\":\"https:\\\/\\\/www.webdo.tn\\\/fr\\\/actualite\\\/terrorisme\\\/campagne-securitaire-kasserine-arrivee-plusieurs-vehicules-forces-lordre\\\/180094\\\/#article\",\"isPartOf\":{\"@id\":\"https:\\\/\\\/www.webdo.tn\\\/fr\\\/actualite\\\/terrorisme\\\/campagne-securitaire-kasserine-arrivee-plusieurs-vehicules-forces-lordre\\\/180094\\\/\"},\"author\":{\"name\":\"webdo.tn\",\"@id\":\"https:\\\/\\\/www.webdo.tn\\\/fr\\\/#\\\/schema\\\/person\\\/9a9c6118d687c117df8ef3cc36a4d175\"},\"headline\":\"Campagne s\u00e9curitaire \u00e0 Kasserine : Arriv\u00e9e de plusieurs v\u00e9hicules des forces de l&rsquo;ordre\",\"datePublished\":\"2014-09-03T21:47:00+00:00\",\"dateModified\":\"2025-05-22T13:05:33+00:00\",\"mainEntityOfPage\":{\"@id\":\"https:\\\/\\\/www.webdo.tn\\\/fr\\\/actualite\\\/terrorisme\\\/campagne-securitaire-kasserine-arrivee-plusieurs-vehicules-forces-lordre\\\/180094\\\/\"},\"wordCount\":254,\"commentCount\":0,\"publisher\":{\"@id\":\"https:\\\/\\\/www.webdo.tn\\\/fr\\\/#organization\"},\"image\":{\"@id\":\"https:\\\/\\\/www.webdo.tn\\\/fr\\\/actualite\\\/terrorisme\\\/campagne-securitaire-kasserine-arrivee-plusieurs-vehicules-forces-lordre\\\/180094\\\/#primaryimage\"},\"thumbnailUrl\":\"https:\\\/\\\/www.webdo.tn\\\/fr\\\/wp-content\\\/uploads\\\/2014\\\/09\\\/Kasserine-nuit.jpg\",\"articleSection\":[\"Terrorisme\"],\"inLanguage\":\"fr-FR\"},{\"@type\":\"WebPage\",\"@id\":\"https:\\\/\\\/www.webdo.tn\\\/fr\\\/actualite\\\/terrorisme\\\/campagne-securitaire-kasserine-arrivee-plusieurs-vehicules-forces-lordre\\\/180094\\\/\",\"url\":\"https:\\\/\\\/www.webdo.tn\\\/fr\\\/actualite\\\/terrorisme\\\/campagne-securitaire-kasserine-arrivee-plusieurs-vehicules-forces-lordre\\\/180094\\\/\",\"name\":\"Campagne s\u00e9curitaire \u00e0 Kasserine : Arriv\u00e9e de plusieurs v\u00e9hicules des forces de l'ordre\",\"isPartOf\":{\"@id\":\"https:\\\/\\\/www.webdo.tn\\\/fr\\\/#website\"},\"primaryImageOfPage\":{\"@id\":\"https:\\\/\\\/www.webdo.tn\\\/fr\\\/actualite\\\/terrorisme\\\/campagne-securitaire-kasserine-arrivee-plusieurs-vehicules-forces-lordre\\\/180094\\\/#primaryimage\"},\"image\":{\"@id\":\"https:\\\/\\\/www.webdo.tn\\\/fr\\\/actualite\\\/terrorisme\\\/campagne-securitaire-kasserine-arrivee-plusieurs-vehicules-forces-lordre\\\/180094\\\/#primaryimage\"},\"thumbnailUrl\":\"https:\\\/\\\/www.webdo.tn\\\/fr\\\/wp-content\\\/uploads\\\/2014\\\/09\\\/Kasserine-nuit.jpg\",\"datePublished\":\"2014-09-03T21:47:00+00:00\",\"dateModified\":\"2025-05-22T13:05:33+00:00\",\"description\":\"Campagne s\u00e9curitaire \u00e0 Kasserine : Arriv\u00e9e de plusieurs v\u00e9hicules des forces de l'ordre\",\"breadcrumb\":{\"@id\":\"https:\\\/\\\/www.webdo.tn\\\/fr\\\/actualite\\\/terrorisme\\\/campagne-securitaire-kasserine-arrivee-plusieurs-vehicules-forces-lordre\\\/180094\\\/#breadcrumb\"},\"inLanguage\":\"fr-FR\",\"potentialAction\":[{\"@type\":\"ReadAction\",\"target\":[\"https:\\\/\\\/www.webdo.tn\\\/fr\\\/actualite\\\/terrorisme\\\/campagne-securitaire-kasserine-arrivee-plusieurs-vehicules-forces-lordre\\\/180094\\\/\"]}]},{\"@type\":\"ImageObject\",\"inLanguage\":\"fr-FR\",\"@id\":\"https:\\\/\\\/www.webdo.tn\\\/fr\\\/actualite\\\/terrorisme\\\/campagne-securitaire-kasserine-arrivee-plusieurs-vehicules-forces-lordre\\\/180094\\\/#primaryimage\",\"url\":\"https:\\\/\\\/www.webdo.tn\\\/fr\\\/wp-content\\\/uploads\\\/2014\\\/09\\\/Kasserine-nuit.jpg\",\"contentUrl\":\"https:\\\/\\\/www.webdo.tn\\\/fr\\\/wp-content\\\/uploads\\\/2014\\\/09\\\/Kasserine-nuit.jpg\",\"width\":314,\"height\":209,\"caption\":\"Campagne s\u00e9curitaire \u00e0 Kasserine : Arriv\u00e9e de plusieurs v\u00e9hicules des forces de l'ordre\"},{\"@type\":\"BreadcrumbList\",\"@id\":\"https:\\\/\\\/www.webdo.tn\\\/fr\\\/actualite\\\/terrorisme\\\/campagne-securitaire-kasserine-arrivee-plusieurs-vehicules-forces-lordre\\\/180094\\\/#breadcrumb\",\"itemListElement\":[{\"@type\":\"ListItem\",\"position\":1,\"name\":\"Accueil\",\"item\":\"https:\\\/\\\/www.webdo.tn\\\/fr\\\/\"},{\"@type\":\"ListItem\",\"position\":2,\"name\":\"Campagne s\u00e9curitaire \u00e0 Kasserine : Arriv\u00e9e de plusieurs v\u00e9hicules des forces de l&rsquo;ordre\"}]},{\"@type\":\"WebSite\",\"@id\":\"https:\\\/\\\/www.webdo.tn\\\/fr\\\/#website\",\"url\":\"https:\\\/\\\/www.webdo.tn\\\/fr\\\/\",\"name\":\"webdo\",\"description\":\"Tunisie - News en Tunisie et \u00e0 l&#039;international sur Webdo.tn\",\"publisher\":{\"@id\":\"https:\\\/\\\/www.webdo.tn\\\/fr\\\/#organization\"},\"potentialAction\":[{\"@type\":\"SearchAction\",\"target\":{\"@type\":\"EntryPoint\",\"urlTemplate\":\"https:\\\/\\\/www.webdo.tn\\\/fr\\\/?s={search_term_string}\"},\"query-input\":{\"@type\":\"PropertyValueSpecification\",\"valueRequired\":true,\"valueName\":\"search_term_string\"}}],\"inLanguage\":\"fr-FR\"},{\"@type\":\"Organization\",\"@id\":\"https:\\\/\\\/www.webdo.tn\\\/fr\\\/#organization\",\"name\":\"Webdo\",\"alternateName\":\"Webdo.tn\",\"url\":\"https:\\\/\\\/www.webdo.tn\\\/fr\\\/\",\"logo\":{\"@type\":\"ImageObject\",\"inLanguage\":\"fr-FR\",\"@id\":\"https:\\\/\\\/www.webdo.tn\\\/fr\\\/#\\\/schema\\\/logo\\\/image\\\/\",\"url\":\"https:\\\/\\\/www.webdo.tn\\\/fr\\\/wp-content\\\/uploads\\\/2025\\\/06\\\/Webdo-Tunisie_168377.jpg\",\"contentUrl\":\"https:\\\/\\\/www.webdo.tn\\\/fr\\\/wp-content\\\/uploads\\\/2025\\\/06\\\/Webdo-Tunisie_168377.jpg\",\"width\":301,\"height\":301,\"caption\":\"Webdo\"},\"image\":{\"@id\":\"https:\\\/\\\/www.webdo.tn\\\/fr\\\/#\\\/schema\\\/logo\\\/image\\\/\"},\"sameAs\":[\"https:\\\/\\\/www.facebook.com\\\/webdotn\",\"https:\\\/\\\/x.com\\\/webdo_tn\"],\"description\":\"Webdo est un m\u00e9dia num\u00e9rique tunisien fond\u00e9 en 2010, sp\u00e9cialis\u00e9 dans l\u2019actualit\u00e9 nationale et internationale, l\u2019\u00e9conomie, la soci\u00e9t\u00e9 et les analyses politiques. Le site s\u2019adresse \u00e0 un large public francophone et couvre l\u2019information tunisienne en temps r\u00e9el.\",\"email\":\"redac@webdo.tn\",\"legalName\":\"YNJ SARL\",\"foundingDate\":\"2010-09-06\",\"numberOfEmployees\":{\"@type\":\"QuantitativeValue\",\"minValue\":\"11\",\"maxValue\":\"50\"}},{\"@type\":\"Person\",\"@id\":\"https:\\\/\\\/www.webdo.tn\\\/fr\\\/#\\\/schema\\\/person\\\/9a9c6118d687c117df8ef3cc36a4d175\",\"name\":\"webdo.tn\",\"image\":{\"@type\":\"ImageObject\",\"inLanguage\":\"fr-FR\",\"@id\":\"https:\\\/\\\/secure.gravatar.com\\\/avatar\\\/7ce1f28c0c3bbac99ff550b85ef8e44a6950c6ee24514fb6a5489e51d06f0298?s=96&d=mm&r=g\",\"url\":\"https:\\\/\\\/secure.gravatar.com\\\/avatar\\\/7ce1f28c0c3bbac99ff550b85ef8e44a6950c6ee24514fb6a5489e51d06f0298?s=96&d=mm&r=g\",\"contentUrl\":\"https:\\\/\\\/secure.gravatar.com\\\/avatar\\\/7ce1f28c0c3bbac99ff550b85ef8e44a6950c6ee24514fb6a5489e51d06f0298?s=96&d=mm&r=g\",\"caption\":\"webdo.tn\"},\"url\":\"https:\\\/\\\/www.webdo.tn\\\/fr\\\/actualite\\\/author\\\/webdotn\\\/\"}]}<\/script>\n<!-- \/ Yoast SEO Premium plugin. -->","yoast_head_json":{"title":"Campagne s\u00e9curitaire \u00e0 Kasserine : Arriv\u00e9e de plusieurs v\u00e9hicules des forces de l'ordre","description":"Campagne s\u00e9curitaire \u00e0 Kasserine : Arriv\u00e9e de plusieurs v\u00e9hicules des forces de l'ordre","canonical":"https:\/\/www.webdo.tn\/fr\/actualite\/terrorisme\/campagne-securitaire-kasserine-arrivee-plusieurs-vehicules-forces-lordre\/180094\/","og_locale":"fr_FR","og_type":"article","og_title":"Campagne s\u00e9curitaire \u00e0 Kasserine : Arriv\u00e9e de plusieurs v\u00e9hicules des forces de l'ordre","og_description":"Campagne s\u00e9curitaire \u00e0 Kasserine : Arriv\u00e9e de plusieurs v\u00e9hicules des forces de l'ordre","og_url":"https:\/\/www.webdo.tn\/fr\/actualite\/terrorisme\/campagne-securitaire-kasserine-arrivee-plusieurs-vehicules-forces-lordre\/180094\/","og_site_name":"webdo","article_publisher":"https:\/\/www.facebook.com\/webdotn","article_published_time":"2014-09-03T21:47:00+00:00","article_modified_time":"2025-05-22T13:05:33+00:00","og_image":[{"width":314,"height":209,"url":"https:\/\/www.webdo.tn\/fr\/wp-content\/uploads\/2014\/09\/Kasserine-nuit.jpg","type":"image\/jpeg"}],"author":"webdo.tn","twitter_card":"summary_large_image","twitter_creator":"@webdo_tn","twitter_site":"@webdo_tn","twitter_misc":{"\u00c9crit par":"webdo.tn","Dur\u00e9e de lecture estim\u00e9e":"1 minute"},"schema":{"@context":"https:\/\/schema.org","@graph":[{"@type":"NewsArticle","@id":"https:\/\/www.webdo.tn\/fr\/actualite\/terrorisme\/campagne-securitaire-kasserine-arrivee-plusieurs-vehicules-forces-lordre\/180094\/#article","isPartOf":{"@id":"https:\/\/www.webdo.tn\/fr\/actualite\/terrorisme\/campagne-securitaire-kasserine-arrivee-plusieurs-vehicules-forces-lordre\/180094\/"},"author":{"name":"webdo.tn","@id":"https:\/\/www.webdo.tn\/fr\/#\/schema\/person\/9a9c6118d687c117df8ef3cc36a4d175"},"headline":"Campagne s\u00e9curitaire \u00e0 Kasserine : Arriv\u00e9e de plusieurs v\u00e9hicules des forces de l&rsquo;ordre","datePublished":"2014-09-03T21:47:00+00:00","dateModified":"2025-05-22T13:05:33+00:00","mainEntityOfPage":{"@id":"https:\/\/www.webdo.tn\/fr\/actualite\/terrorisme\/campagne-securitaire-kasserine-arrivee-plusieurs-vehicules-forces-lordre\/180094\/"},"wordCount":254,"commentCount":0,"publisher":{"@id":"https:\/\/www.webdo.tn\/fr\/#organization"},"image":{"@id":"https:\/\/www.webdo.tn\/fr\/actualite\/terrorisme\/campagne-securitaire-kasserine-arrivee-plusieurs-vehicules-forces-lordre\/180094\/#primaryimage"},"thumbnailUrl":"https:\/\/www.webdo.tn\/fr\/wp-content\/uploads\/2014\/09\/Kasserine-nuit.jpg","articleSection":["Terrorisme"],"inLanguage":"fr-FR"},{"@type":"WebPage","@id":"https:\/\/www.webdo.tn\/fr\/actualite\/terrorisme\/campagne-securitaire-kasserine-arrivee-plusieurs-vehicules-forces-lordre\/180094\/","url":"https:\/\/www.webdo.tn\/fr\/actualite\/terrorisme\/campagne-securitaire-kasserine-arrivee-plusieurs-vehicules-forces-lordre\/180094\/","name":"Campagne s\u00e9curitaire \u00e0 Kasserine : Arriv\u00e9e de plusieurs v\u00e9hicules des forces de l'ordre","isPartOf":{"@id":"https:\/\/www.webdo.tn\/fr\/#website"},"primaryImageOfPage":{"@id":"https:\/\/www.webdo.tn\/fr\/actualite\/terrorisme\/campagne-securitaire-kasserine-arrivee-plusieurs-vehicules-forces-lordre\/180094\/#primaryimage"},"image":{"@id":"https:\/\/www.webdo.tn\/fr\/actualite\/terrorisme\/campagne-securitaire-kasserine-arrivee-plusieurs-vehicules-forces-lordre\/180094\/#primaryimage"},"thumbnailUrl":"https:\/\/www.webdo.tn\/fr\/wp-content\/uploads\/2014\/09\/Kasserine-nuit.jpg","datePublished":"2014-09-03T21:47:00+00:00","dateModified":"2025-05-22T13:05:33+00:00","description":"Campagne s\u00e9curitaire \u00e0 Kasserine : Arriv\u00e9e de plusieurs v\u00e9hicules des forces de l'ordre","breadcrumb":{"@id":"https:\/\/www.webdo.tn\/fr\/actualite\/terrorisme\/campagne-securitaire-kasserine-arrivee-plusieurs-vehicules-forces-lordre\/180094\/#breadcrumb"},"inLanguage":"fr-FR","potentialAction":[{"@type":"ReadAction","target":["https:\/\/www.webdo.tn\/fr\/actualite\/terrorisme\/campagne-securitaire-kasserine-arrivee-plusieurs-vehicules-forces-lordre\/180094\/"]}]},{"@type":"ImageObject","inLanguage":"fr-FR","@id":"https:\/\/www.webdo.tn\/fr\/actualite\/terrorisme\/campagne-securitaire-kasserine-arrivee-plusieurs-vehicules-forces-lordre\/180094\/#primaryimage","url":"https:\/\/www.webdo.tn\/fr\/wp-content\/uploads\/2014\/09\/Kasserine-nuit.jpg","contentUrl":"https:\/\/www.webdo.tn\/fr\/wp-content\/uploads\/2014\/09\/Kasserine-nuit.jpg","width":314,"height":209,"caption":"Campagne s\u00e9curitaire \u00e0 Kasserine : Arriv\u00e9e de plusieurs v\u00e9hicules des forces de l'ordre"},{"@type":"BreadcrumbList","@id":"https:\/\/www.webdo.tn\/fr\/actualite\/terrorisme\/campagne-securitaire-kasserine-arrivee-plusieurs-vehicules-forces-lordre\/180094\/#breadcrumb","itemListElement":[{"@type":"ListItem","position":1,"name":"Accueil","item":"https:\/\/www.webdo.tn\/fr\/"},{"@type":"ListItem","position":2,"name":"Campagne s\u00e9curitaire \u00e0 Kasserine : Arriv\u00e9e de plusieurs v\u00e9hicules des forces de l&rsquo;ordre"}]},{"@type":"WebSite","@id":"https:\/\/www.webdo.tn\/fr\/#website","url":"https:\/\/www.webdo.tn\/fr\/","name":"webdo","description":"Tunisie - News en Tunisie et \u00e0 l&#039;international sur Webdo.tn","publisher":{"@id":"https:\/\/www.webdo.tn\/fr\/#organization"},"potentialAction":[{"@type":"SearchAction","target":{"@type":"EntryPoint","urlTemplate":"https:\/\/www.webdo.tn\/fr\/?s={search_term_string}"},"query-input":{"@type":"PropertyValueSpecification","valueRequired":true,"valueName":"search_term_string"}}],"inLanguage":"fr-FR"},{"@type":"Organization","@id":"https:\/\/www.webdo.tn\/fr\/#organization","name":"Webdo","alternateName":"Webdo.tn","url":"https:\/\/www.webdo.tn\/fr\/","logo":{"@type":"ImageObject","inLanguage":"fr-FR","@id":"https:\/\/www.webdo.tn\/fr\/#\/schema\/logo\/image\/","url":"https:\/\/www.webdo.tn\/fr\/wp-content\/uploads\/2025\/06\/Webdo-Tunisie_168377.jpg","contentUrl":"https:\/\/www.webdo.tn\/fr\/wp-content\/uploads\/2025\/06\/Webdo-Tunisie_168377.jpg","width":301,"height":301,"caption":"Webdo"},"image":{"@id":"https:\/\/www.webdo.tn\/fr\/#\/schema\/logo\/image\/"},"sameAs":["https:\/\/www.facebook.com\/webdotn","https:\/\/x.com\/webdo_tn"],"description":"Webdo est un m\u00e9dia num\u00e9rique tunisien fond\u00e9 en 2010, sp\u00e9cialis\u00e9 dans l\u2019actualit\u00e9 nationale et internationale, l\u2019\u00e9conomie, la soci\u00e9t\u00e9 et les analyses politiques. Le site s\u2019adresse \u00e0 un large public francophone et couvre l\u2019information tunisienne en temps r\u00e9el.","email":"redac@webdo.tn","legalName":"YNJ SARL","foundingDate":"2010-09-06","numberOfEmployees":{"@type":"QuantitativeValue","minValue":"11","maxValue":"50"}},{"@type":"Person","@id":"https:\/\/www.webdo.tn\/fr\/#\/schema\/person\/9a9c6118d687c117df8ef3cc36a4d175","name":"webdo.tn","image":{"@type":"ImageObject","inLanguage":"fr-FR","@id":"https:\/\/secure.gravatar.com\/avatar\/7ce1f28c0c3bbac99ff550b85ef8e44a6950c6ee24514fb6a5489e51d06f0298?s=96&d=mm&r=g","url":"https:\/\/secure.gravatar.com\/avatar\/7ce1f28c0c3bbac99ff550b85ef8e44a6950c6ee24514fb6a5489e51d06f0298?s=96&d=mm&r=g","contentUrl":"https:\/\/secure.gravatar.com\/avatar\/7ce1f28c0c3bbac99ff550b85ef8e44a6950c6ee24514fb6a5489e51d06f0298?s=96&d=mm&r=g","caption":"webdo.tn"},"url":"https:\/\/www.webdo.tn\/fr\/actualite\/author\/webdotn\/"}]}},"_links":{"self":[{"href":"https:\/\/www.webdo.tn\/fr\/wp-json\/wp\/v2\/posts\/180094","targetHints":{"allow":["GET"]}}],"collection":[{"href":"https:\/\/www.webdo.tn\/fr\/wp-json\/wp\/v2\/posts"}],"about":[{"href":"https:\/\/www.webdo.tn\/fr\/wp-json\/wp\/v2\/types\/post"}],"author":[{"embeddable":true,"href":"https:\/\/www.webdo.tn\/fr\/wp-json\/wp\/v2\/users\/3222"}],"replies":[{"embeddable":true,"href":"https:\/\/www.webdo.tn\/fr\/wp-json\/wp\/v2\/comments?post=180094"}],"version-history":[{"count":0,"href":"https:\/\/www.webdo.tn\/fr\/wp-json\/wp\/v2\/posts\/180094\/revisions"}],"wp:featuredmedia":[{"embeddable":true,"href":"https:\/\/www.webdo.tn\/fr\/wp-json\/wp\/v2\/media\/320444"}],"wp:attachment":[{"href":"https:\/\/www.webdo.tn\/fr\/wp-json\/wp\/v2\/media?parent=180094"}],"wp:term":[{"taxonomy":"category","embeddable":true,"href":"https:\/\/www.webdo.tn\/fr\/wp-json\/wp\/v2\/categories?post=180094"},{"taxonomy":"post_tag","embeddable":true,"href":"https:\/\/www.webdo.tn\/fr\/wp-json\/wp\/v2\/tags?post=180094"}],"curies":[{"name":"wp","href":"https:\/\/api.w.org\/{rel}","templated":true}]}}