{"id":180093,"date":"2014-09-05T14:18:00","date_gmt":"2014-09-05T14:18:00","guid":{"rendered":"https:\/\/www.webdo.tn\/fr\/blog\/arrestation-dun-groupe-terroriste-implique-lassassinat-15-militaires-au-mont-chaambi\/180093\/"},"modified":"2025-05-22T13:21:31","modified_gmt":"2025-05-22T13:21:31","slug":"arrestation-dun-groupe-terroriste-implique-lassassinat-15-militaires-au-mont-chaambi","status":"publish","type":"post","link":"https:\/\/www.webdo.tn\/fr\/actualite\/terrorisme\/arrestation-dun-groupe-terroriste-implique-lassassinat-15-militaires-au-mont-chaambi\/180093\/","title":{"rendered":"Mohamed Ali Laroui : Arrestation d&rsquo;un groupe de terroristes impliqu\u00e9s dans l&rsquo;assassinat des 15 militaires au mont Chaambi"},"content":{"rendered":"<p>Le porte-parole du minist\u00e8re de l&rsquo;Int\u00e9rieur, Mohamed Ali Laroui, a annonc\u00e9 ce vendredi 5 septembre lors d&rsquo;une conf\u00e9rence de presse, l&rsquo;arrestation le 3 septembre d&rsquo;un \u00ab\u00a0groupe de terroristes\u00a0\u00bb impliqu\u00e9s, entre autres, dans l&rsquo;assassinat des 15 militaires au mont Cha\u00e2mbi le 16 juillet dernier.<\/p>\n<p>Douze membres du groupe sont en d\u00e9tention. \u00ab\u00a0Certains parmi eux avaient des ant\u00e9c\u00e9dents judiciaires avant la R\u00e9volution et d&rsquo;autres, de nationalit\u00e9 tunisienne, sont de nouvelles recrues. [&#8230;] Ils sont tous originaires de Sidi Bouzid. Aucune femme ne faisait partie du groupe contrairement aux rumeurs\u00a0\u00bb, a indiqu\u00e9 M. Laroui.<\/p>\n<p>Par ailleurs leur chef, un d\u00e9nomm\u00e9 Lokman Abou Sakhr, et un autre membre du groupe, Mohamed Ali Gharbi, sont encore recherch\u00e9s ainsi que le reste des terroristes. Lokman Abou Sakhr, de son vrai nom Khaled Chaieb, \u00e9tait d\u00e9j\u00e0 recherch\u00e9 depuis janvier 2014.<\/p>\n<p>Arsenal d&rsquo;armes saisi<\/p>\n<p>Une grande quantit\u00e9 d&rsquo;armes et de munitions a \u00e9t\u00e9 retrouv\u00e9e \u00e0 Ben Guerdane, a d\u00e9clar\u00e9 le porte-parole.<\/p>\n<p>Les unit\u00e9s s\u00e9curitaires ont saisi 28 bombes artisanales, 30 grenades, 11 lance-roquettes RPG, 760 cartouches de type 7.62, 5967 cartouches de calibre 7.62 longues, un montant de 18.000 dinars et le v\u00e9hicule qui transportait cette cargaison. Cet arsenal \u00e9tait achemin\u00e9 vers Sidi Bouzid \u00e0 bord d&rsquo;un camion et avait pour destination Jebel Chaambi \u00e0 Kasserine.<\/p>\n<p>Chaussures paramilitaires, tentes, g\u00e9n\u00e9rateur \u00e9lectrique et documents retrouv\u00e9s<\/p>\n<p>Lors de l&rsquo;op\u00e9ration s\u00e9curitaire, des descentes ont \u00e9t\u00e9 effectu\u00e9es par les unit\u00e9s sp\u00e9ciales de la Garde nationale et de la police dans le cadre de la lutte contre le terrorisme. Des chaussures paramilitaires, des tentes, un g\u00e9n\u00e9rateur \u00e9lectrique, qui devaient \u00eatre achemin\u00e9s vers Jebel Chaambi et Selloum ont \u00e9t\u00e9 trouv\u00e9s ainsi que des documents sur l&rsquo;assemblage et le d\u00e9montage d&rsquo;armes.<\/p>\n<p>\u00a0<\/p>\n<p>Par Lilia Weslaty, Perrine Masssy et Maher Chaabane<\/p>\n","protected":false},"excerpt":{"rendered":"<p>Mohamed Ali Laroui : Arrestation d&rsquo;un groupe de terroristes impliqu\u00e9s dans l&rsquo;assassinat des 15 militaires au mont Chaambi <\/p>\n","protected":false},"author":3222,"featured_media":334955,"comment_status":"open","ping_status":"closed","sticky":false,"template":"","format":"standard","meta":{"footnotes":""},"categories":[11342],"tags":[],"class_list":["post-180093","post","type-post","status-publish","format-standard","has-post-thumbnail","hentry","category-terrorisme"],"yoast_head":"<!-- This site is optimized with the Yoast SEO Premium plugin v27.5 (Yoast SEO v27.5) - https:\/\/yoast.com\/product\/yoast-seo-premium-wordpress\/ -->\n<title>Mohamed Ali Laroui : Arrestation d&#039;un groupe de terroristes impliqu\u00e9s dans l&#039;assassinat des 15 militaires au mont Chaambi<\/title>\n<meta name=\"description\" content=\"Mohamed Ali Laroui : Arrestation d&#039;un groupe de terroristes impliqu\u00e9s dans l&#039;assassinat des 15 militaires au mont Chaambi\" \/>\n<link rel=\"canonical\" href=\"https:\/\/www.webdo.tn\/fr\/actualite\/terrorisme\/arrestation-dun-groupe-terroriste-implique-lassassinat-15-militaires-au-mont-chaambi\/180093\/\" \/>\n<meta property=\"og:locale\" content=\"fr_FR\" \/>\n<meta property=\"og:type\" content=\"article\" \/>\n<meta property=\"og:title\" content=\"Mohamed Ali Laroui : Arrestation d&#039;un groupe de terroristes impliqu\u00e9s dans l&#039;assassinat des 15 militaires au mont Chaambi\" \/>\n<meta property=\"og:description\" content=\"Mohamed Ali Laroui : Arrestation d&#039;un groupe de terroristes impliqu\u00e9s dans l&#039;assassinat des 15 militaires au mont Chaambi\" \/>\n<meta property=\"og:url\" content=\"https:\/\/www.webdo.tn\/fr\/actualite\/terrorisme\/arrestation-dun-groupe-terroriste-implique-lassassinat-15-militaires-au-mont-chaambi\/180093\/\" \/>\n<meta property=\"og:site_name\" content=\"webdo\" \/>\n<meta property=\"article:publisher\" content=\"https:\/\/www.facebook.com\/webdotn\" \/>\n<meta property=\"article:published_time\" content=\"2014-09-05T14:18:00+00:00\" \/>\n<meta property=\"article:modified_time\" content=\"2025-05-22T13:21:31+00:00\" \/>\n<meta property=\"og:image\" content=\"https:\/\/www.webdo.tn\/fr\/wp-content\/uploads\/2014\/09\/Mohamed-Ali-Laroui-300x224-1.jpg\" \/>\n\t<meta property=\"og:image:width\" content=\"300\" \/>\n\t<meta property=\"og:image:height\" content=\"224\" \/>\n\t<meta property=\"og:image:type\" content=\"image\/jpeg\" \/>\n<meta name=\"author\" content=\"webdo.tn\" \/>\n<meta name=\"twitter:card\" content=\"summary_large_image\" \/>\n<meta name=\"twitter:creator\" content=\"@webdo_tn\" \/>\n<meta name=\"twitter:site\" content=\"@webdo_tn\" \/>\n<meta name=\"twitter:label1\" content=\"\u00c9crit par\" \/>\n\t<meta name=\"twitter:data1\" content=\"webdo.tn\" \/>\n\t<meta name=\"twitter:label2\" content=\"Dur\u00e9e de lecture estim\u00e9e\" \/>\n\t<meta name=\"twitter:data2\" content=\"1 minute\" \/>\n<script type=\"application\/ld+json\" class=\"yoast-schema-graph\">{\"@context\":\"https:\\\/\\\/schema.org\",\"@graph\":[{\"@type\":\"NewsArticle\",\"@id\":\"https:\\\/\\\/www.webdo.tn\\\/fr\\\/actualite\\\/terrorisme\\\/arrestation-dun-groupe-terroriste-implique-lassassinat-15-militaires-au-mont-chaambi\\\/180093\\\/#article\",\"isPartOf\":{\"@id\":\"https:\\\/\\\/www.webdo.tn\\\/fr\\\/actualite\\\/terrorisme\\\/arrestation-dun-groupe-terroriste-implique-lassassinat-15-militaires-au-mont-chaambi\\\/180093\\\/\"},\"author\":{\"name\":\"webdo.tn\",\"@id\":\"https:\\\/\\\/www.webdo.tn\\\/fr\\\/#\\\/schema\\\/person\\\/9a9c6118d687c117df8ef3cc36a4d175\"},\"headline\":\"Mohamed Ali Laroui : Arrestation d&rsquo;un groupe de terroristes impliqu\u00e9s dans l&rsquo;assassinat des 15 militaires au mont Chaambi\",\"datePublished\":\"2014-09-05T14:18:00+00:00\",\"dateModified\":\"2025-05-22T13:21:31+00:00\",\"mainEntityOfPage\":{\"@id\":\"https:\\\/\\\/www.webdo.tn\\\/fr\\\/actualite\\\/terrorisme\\\/arrestation-dun-groupe-terroriste-implique-lassassinat-15-militaires-au-mont-chaambi\\\/180093\\\/\"},\"wordCount\":328,\"commentCount\":0,\"publisher\":{\"@id\":\"https:\\\/\\\/www.webdo.tn\\\/fr\\\/#organization\"},\"image\":{\"@id\":\"https:\\\/\\\/www.webdo.tn\\\/fr\\\/actualite\\\/terrorisme\\\/arrestation-dun-groupe-terroriste-implique-lassassinat-15-militaires-au-mont-chaambi\\\/180093\\\/#primaryimage\"},\"thumbnailUrl\":\"https:\\\/\\\/www.webdo.tn\\\/fr\\\/wp-content\\\/uploads\\\/2014\\\/09\\\/Mohamed-Ali-Laroui-300x224-1.jpg\",\"articleSection\":[\"Terrorisme\"],\"inLanguage\":\"fr-FR\"},{\"@type\":\"WebPage\",\"@id\":\"https:\\\/\\\/www.webdo.tn\\\/fr\\\/actualite\\\/terrorisme\\\/arrestation-dun-groupe-terroriste-implique-lassassinat-15-militaires-au-mont-chaambi\\\/180093\\\/\",\"url\":\"https:\\\/\\\/www.webdo.tn\\\/fr\\\/actualite\\\/terrorisme\\\/arrestation-dun-groupe-terroriste-implique-lassassinat-15-militaires-au-mont-chaambi\\\/180093\\\/\",\"name\":\"Mohamed Ali Laroui : Arrestation d'un groupe de terroristes impliqu\u00e9s dans l'assassinat des 15 militaires au mont Chaambi\",\"isPartOf\":{\"@id\":\"https:\\\/\\\/www.webdo.tn\\\/fr\\\/#website\"},\"primaryImageOfPage\":{\"@id\":\"https:\\\/\\\/www.webdo.tn\\\/fr\\\/actualite\\\/terrorisme\\\/arrestation-dun-groupe-terroriste-implique-lassassinat-15-militaires-au-mont-chaambi\\\/180093\\\/#primaryimage\"},\"image\":{\"@id\":\"https:\\\/\\\/www.webdo.tn\\\/fr\\\/actualite\\\/terrorisme\\\/arrestation-dun-groupe-terroriste-implique-lassassinat-15-militaires-au-mont-chaambi\\\/180093\\\/#primaryimage\"},\"thumbnailUrl\":\"https:\\\/\\\/www.webdo.tn\\\/fr\\\/wp-content\\\/uploads\\\/2014\\\/09\\\/Mohamed-Ali-Laroui-300x224-1.jpg\",\"datePublished\":\"2014-09-05T14:18:00+00:00\",\"dateModified\":\"2025-05-22T13:21:31+00:00\",\"description\":\"Mohamed Ali Laroui : Arrestation d'un groupe de terroristes impliqu\u00e9s dans l'assassinat des 15 militaires au mont Chaambi\",\"breadcrumb\":{\"@id\":\"https:\\\/\\\/www.webdo.tn\\\/fr\\\/actualite\\\/terrorisme\\\/arrestation-dun-groupe-terroriste-implique-lassassinat-15-militaires-au-mont-chaambi\\\/180093\\\/#breadcrumb\"},\"inLanguage\":\"fr-FR\",\"potentialAction\":[{\"@type\":\"ReadAction\",\"target\":[\"https:\\\/\\\/www.webdo.tn\\\/fr\\\/actualite\\\/terrorisme\\\/arrestation-dun-groupe-terroriste-implique-lassassinat-15-militaires-au-mont-chaambi\\\/180093\\\/\"]}]},{\"@type\":\"ImageObject\",\"inLanguage\":\"fr-FR\",\"@id\":\"https:\\\/\\\/www.webdo.tn\\\/fr\\\/actualite\\\/terrorisme\\\/arrestation-dun-groupe-terroriste-implique-lassassinat-15-militaires-au-mont-chaambi\\\/180093\\\/#primaryimage\",\"url\":\"https:\\\/\\\/www.webdo.tn\\\/fr\\\/wp-content\\\/uploads\\\/2014\\\/09\\\/Mohamed-Ali-Laroui-300x224-1.jpg\",\"contentUrl\":\"https:\\\/\\\/www.webdo.tn\\\/fr\\\/wp-content\\\/uploads\\\/2014\\\/09\\\/Mohamed-Ali-Laroui-300x224-1.jpg\",\"width\":300,\"height\":224,\"caption\":\"Mohamed Ali Laroui : Arrestation d'un groupe de terroristes impliqu\u00e9s dans l'assassinat des 15 militaires au mont Chaambi\"},{\"@type\":\"BreadcrumbList\",\"@id\":\"https:\\\/\\\/www.webdo.tn\\\/fr\\\/actualite\\\/terrorisme\\\/arrestation-dun-groupe-terroriste-implique-lassassinat-15-militaires-au-mont-chaambi\\\/180093\\\/#breadcrumb\",\"itemListElement\":[{\"@type\":\"ListItem\",\"position\":1,\"name\":\"Accueil\",\"item\":\"https:\\\/\\\/www.webdo.tn\\\/fr\\\/\"},{\"@type\":\"ListItem\",\"position\":2,\"name\":\"Mohamed Ali Laroui : Arrestation d&rsquo;un groupe de terroristes impliqu\u00e9s dans l&rsquo;assassinat des 15 militaires au mont Chaambi\"}]},{\"@type\":\"WebSite\",\"@id\":\"https:\\\/\\\/www.webdo.tn\\\/fr\\\/#website\",\"url\":\"https:\\\/\\\/www.webdo.tn\\\/fr\\\/\",\"name\":\"webdo\",\"description\":\"Tunisie - News en Tunisie et \u00e0 l&#039;international sur Webdo.tn\",\"publisher\":{\"@id\":\"https:\\\/\\\/www.webdo.tn\\\/fr\\\/#organization\"},\"potentialAction\":[{\"@type\":\"SearchAction\",\"target\":{\"@type\":\"EntryPoint\",\"urlTemplate\":\"https:\\\/\\\/www.webdo.tn\\\/fr\\\/?s={search_term_string}\"},\"query-input\":{\"@type\":\"PropertyValueSpecification\",\"valueRequired\":true,\"valueName\":\"search_term_string\"}}],\"inLanguage\":\"fr-FR\"},{\"@type\":\"Organization\",\"@id\":\"https:\\\/\\\/www.webdo.tn\\\/fr\\\/#organization\",\"name\":\"Webdo\",\"alternateName\":\"Webdo.tn\",\"url\":\"https:\\\/\\\/www.webdo.tn\\\/fr\\\/\",\"logo\":{\"@type\":\"ImageObject\",\"inLanguage\":\"fr-FR\",\"@id\":\"https:\\\/\\\/www.webdo.tn\\\/fr\\\/#\\\/schema\\\/logo\\\/image\\\/\",\"url\":\"https:\\\/\\\/www.webdo.tn\\\/fr\\\/wp-content\\\/uploads\\\/2025\\\/06\\\/Webdo-Tunisie_168377.jpg\",\"contentUrl\":\"https:\\\/\\\/www.webdo.tn\\\/fr\\\/wp-content\\\/uploads\\\/2025\\\/06\\\/Webdo-Tunisie_168377.jpg\",\"width\":301,\"height\":301,\"caption\":\"Webdo\"},\"image\":{\"@id\":\"https:\\\/\\\/www.webdo.tn\\\/fr\\\/#\\\/schema\\\/logo\\\/image\\\/\"},\"sameAs\":[\"https:\\\/\\\/www.facebook.com\\\/webdotn\",\"https:\\\/\\\/x.com\\\/webdo_tn\"],\"description\":\"Webdo est un m\u00e9dia num\u00e9rique tunisien fond\u00e9 en 2010, sp\u00e9cialis\u00e9 dans l\u2019actualit\u00e9 nationale et internationale, l\u2019\u00e9conomie, la soci\u00e9t\u00e9 et les analyses politiques. Le site s\u2019adresse \u00e0 un large public francophone et couvre l\u2019information tunisienne en temps r\u00e9el.\",\"email\":\"redac@webdo.tn\",\"legalName\":\"YNJ SARL\",\"foundingDate\":\"2010-09-06\",\"numberOfEmployees\":{\"@type\":\"QuantitativeValue\",\"minValue\":\"11\",\"maxValue\":\"50\"}},{\"@type\":\"Person\",\"@id\":\"https:\\\/\\\/www.webdo.tn\\\/fr\\\/#\\\/schema\\\/person\\\/9a9c6118d687c117df8ef3cc36a4d175\",\"name\":\"webdo.tn\",\"image\":{\"@type\":\"ImageObject\",\"inLanguage\":\"fr-FR\",\"@id\":\"https:\\\/\\\/secure.gravatar.com\\\/avatar\\\/7ce1f28c0c3bbac99ff550b85ef8e44a6950c6ee24514fb6a5489e51d06f0298?s=96&d=mm&r=g\",\"url\":\"https:\\\/\\\/secure.gravatar.com\\\/avatar\\\/7ce1f28c0c3bbac99ff550b85ef8e44a6950c6ee24514fb6a5489e51d06f0298?s=96&d=mm&r=g\",\"contentUrl\":\"https:\\\/\\\/secure.gravatar.com\\\/avatar\\\/7ce1f28c0c3bbac99ff550b85ef8e44a6950c6ee24514fb6a5489e51d06f0298?s=96&d=mm&r=g\",\"caption\":\"webdo.tn\"},\"url\":\"https:\\\/\\\/www.webdo.tn\\\/fr\\\/actualite\\\/author\\\/webdotn\\\/\"}]}<\/script>\n<!-- \/ Yoast SEO Premium plugin. -->","yoast_head_json":{"title":"Mohamed Ali Laroui : Arrestation d'un groupe de terroristes impliqu\u00e9s dans l'assassinat des 15 militaires au mont Chaambi","description":"Mohamed Ali Laroui : Arrestation d'un groupe de terroristes impliqu\u00e9s dans l'assassinat des 15 militaires au mont Chaambi","canonical":"https:\/\/www.webdo.tn\/fr\/actualite\/terrorisme\/arrestation-dun-groupe-terroriste-implique-lassassinat-15-militaires-au-mont-chaambi\/180093\/","og_locale":"fr_FR","og_type":"article","og_title":"Mohamed Ali Laroui : Arrestation d'un groupe de terroristes impliqu\u00e9s dans l'assassinat des 15 militaires au mont Chaambi","og_description":"Mohamed Ali Laroui : Arrestation d'un groupe de terroristes impliqu\u00e9s dans l'assassinat des 15 militaires au mont Chaambi","og_url":"https:\/\/www.webdo.tn\/fr\/actualite\/terrorisme\/arrestation-dun-groupe-terroriste-implique-lassassinat-15-militaires-au-mont-chaambi\/180093\/","og_site_name":"webdo","article_publisher":"https:\/\/www.facebook.com\/webdotn","article_published_time":"2014-09-05T14:18:00+00:00","article_modified_time":"2025-05-22T13:21:31+00:00","og_image":[{"width":300,"height":224,"url":"https:\/\/www.webdo.tn\/fr\/wp-content\/uploads\/2014\/09\/Mohamed-Ali-Laroui-300x224-1.jpg","type":"image\/jpeg"}],"author":"webdo.tn","twitter_card":"summary_large_image","twitter_creator":"@webdo_tn","twitter_site":"@webdo_tn","twitter_misc":{"\u00c9crit par":"webdo.tn","Dur\u00e9e de lecture estim\u00e9e":"1 minute"},"schema":{"@context":"https:\/\/schema.org","@graph":[{"@type":"NewsArticle","@id":"https:\/\/www.webdo.tn\/fr\/actualite\/terrorisme\/arrestation-dun-groupe-terroriste-implique-lassassinat-15-militaires-au-mont-chaambi\/180093\/#article","isPartOf":{"@id":"https:\/\/www.webdo.tn\/fr\/actualite\/terrorisme\/arrestation-dun-groupe-terroriste-implique-lassassinat-15-militaires-au-mont-chaambi\/180093\/"},"author":{"name":"webdo.tn","@id":"https:\/\/www.webdo.tn\/fr\/#\/schema\/person\/9a9c6118d687c117df8ef3cc36a4d175"},"headline":"Mohamed Ali Laroui : Arrestation d&rsquo;un groupe de terroristes impliqu\u00e9s dans l&rsquo;assassinat des 15 militaires au mont Chaambi","datePublished":"2014-09-05T14:18:00+00:00","dateModified":"2025-05-22T13:21:31+00:00","mainEntityOfPage":{"@id":"https:\/\/www.webdo.tn\/fr\/actualite\/terrorisme\/arrestation-dun-groupe-terroriste-implique-lassassinat-15-militaires-au-mont-chaambi\/180093\/"},"wordCount":328,"commentCount":0,"publisher":{"@id":"https:\/\/www.webdo.tn\/fr\/#organization"},"image":{"@id":"https:\/\/www.webdo.tn\/fr\/actualite\/terrorisme\/arrestation-dun-groupe-terroriste-implique-lassassinat-15-militaires-au-mont-chaambi\/180093\/#primaryimage"},"thumbnailUrl":"https:\/\/www.webdo.tn\/fr\/wp-content\/uploads\/2014\/09\/Mohamed-Ali-Laroui-300x224-1.jpg","articleSection":["Terrorisme"],"inLanguage":"fr-FR"},{"@type":"WebPage","@id":"https:\/\/www.webdo.tn\/fr\/actualite\/terrorisme\/arrestation-dun-groupe-terroriste-implique-lassassinat-15-militaires-au-mont-chaambi\/180093\/","url":"https:\/\/www.webdo.tn\/fr\/actualite\/terrorisme\/arrestation-dun-groupe-terroriste-implique-lassassinat-15-militaires-au-mont-chaambi\/180093\/","name":"Mohamed Ali Laroui : Arrestation d'un groupe de terroristes impliqu\u00e9s dans l'assassinat des 15 militaires au mont Chaambi","isPartOf":{"@id":"https:\/\/www.webdo.tn\/fr\/#website"},"primaryImageOfPage":{"@id":"https:\/\/www.webdo.tn\/fr\/actualite\/terrorisme\/arrestation-dun-groupe-terroriste-implique-lassassinat-15-militaires-au-mont-chaambi\/180093\/#primaryimage"},"image":{"@id":"https:\/\/www.webdo.tn\/fr\/actualite\/terrorisme\/arrestation-dun-groupe-terroriste-implique-lassassinat-15-militaires-au-mont-chaambi\/180093\/#primaryimage"},"thumbnailUrl":"https:\/\/www.webdo.tn\/fr\/wp-content\/uploads\/2014\/09\/Mohamed-Ali-Laroui-300x224-1.jpg","datePublished":"2014-09-05T14:18:00+00:00","dateModified":"2025-05-22T13:21:31+00:00","description":"Mohamed Ali Laroui : Arrestation d'un groupe de terroristes impliqu\u00e9s dans l'assassinat des 15 militaires au mont Chaambi","breadcrumb":{"@id":"https:\/\/www.webdo.tn\/fr\/actualite\/terrorisme\/arrestation-dun-groupe-terroriste-implique-lassassinat-15-militaires-au-mont-chaambi\/180093\/#breadcrumb"},"inLanguage":"fr-FR","potentialAction":[{"@type":"ReadAction","target":["https:\/\/www.webdo.tn\/fr\/actualite\/terrorisme\/arrestation-dun-groupe-terroriste-implique-lassassinat-15-militaires-au-mont-chaambi\/180093\/"]}]},{"@type":"ImageObject","inLanguage":"fr-FR","@id":"https:\/\/www.webdo.tn\/fr\/actualite\/terrorisme\/arrestation-dun-groupe-terroriste-implique-lassassinat-15-militaires-au-mont-chaambi\/180093\/#primaryimage","url":"https:\/\/www.webdo.tn\/fr\/wp-content\/uploads\/2014\/09\/Mohamed-Ali-Laroui-300x224-1.jpg","contentUrl":"https:\/\/www.webdo.tn\/fr\/wp-content\/uploads\/2014\/09\/Mohamed-Ali-Laroui-300x224-1.jpg","width":300,"height":224,"caption":"Mohamed Ali Laroui : Arrestation d'un groupe de terroristes impliqu\u00e9s dans l'assassinat des 15 militaires au mont Chaambi"},{"@type":"BreadcrumbList","@id":"https:\/\/www.webdo.tn\/fr\/actualite\/terrorisme\/arrestation-dun-groupe-terroriste-implique-lassassinat-15-militaires-au-mont-chaambi\/180093\/#breadcrumb","itemListElement":[{"@type":"ListItem","position":1,"name":"Accueil","item":"https:\/\/www.webdo.tn\/fr\/"},{"@type":"ListItem","position":2,"name":"Mohamed Ali Laroui : Arrestation d&rsquo;un groupe de terroristes impliqu\u00e9s dans l&rsquo;assassinat des 15 militaires au mont Chaambi"}]},{"@type":"WebSite","@id":"https:\/\/www.webdo.tn\/fr\/#website","url":"https:\/\/www.webdo.tn\/fr\/","name":"webdo","description":"Tunisie - News en Tunisie et \u00e0 l&#039;international sur Webdo.tn","publisher":{"@id":"https:\/\/www.webdo.tn\/fr\/#organization"},"potentialAction":[{"@type":"SearchAction","target":{"@type":"EntryPoint","urlTemplate":"https:\/\/www.webdo.tn\/fr\/?s={search_term_string}"},"query-input":{"@type":"PropertyValueSpecification","valueRequired":true,"valueName":"search_term_string"}}],"inLanguage":"fr-FR"},{"@type":"Organization","@id":"https:\/\/www.webdo.tn\/fr\/#organization","name":"Webdo","alternateName":"Webdo.tn","url":"https:\/\/www.webdo.tn\/fr\/","logo":{"@type":"ImageObject","inLanguage":"fr-FR","@id":"https:\/\/www.webdo.tn\/fr\/#\/schema\/logo\/image\/","url":"https:\/\/www.webdo.tn\/fr\/wp-content\/uploads\/2025\/06\/Webdo-Tunisie_168377.jpg","contentUrl":"https:\/\/www.webdo.tn\/fr\/wp-content\/uploads\/2025\/06\/Webdo-Tunisie_168377.jpg","width":301,"height":301,"caption":"Webdo"},"image":{"@id":"https:\/\/www.webdo.tn\/fr\/#\/schema\/logo\/image\/"},"sameAs":["https:\/\/www.facebook.com\/webdotn","https:\/\/x.com\/webdo_tn"],"description":"Webdo est un m\u00e9dia num\u00e9rique tunisien fond\u00e9 en 2010, sp\u00e9cialis\u00e9 dans l\u2019actualit\u00e9 nationale et internationale, l\u2019\u00e9conomie, la soci\u00e9t\u00e9 et les analyses politiques. Le site s\u2019adresse \u00e0 un large public francophone et couvre l\u2019information tunisienne en temps r\u00e9el.","email":"redac@webdo.tn","legalName":"YNJ SARL","foundingDate":"2010-09-06","numberOfEmployees":{"@type":"QuantitativeValue","minValue":"11","maxValue":"50"}},{"@type":"Person","@id":"https:\/\/www.webdo.tn\/fr\/#\/schema\/person\/9a9c6118d687c117df8ef3cc36a4d175","name":"webdo.tn","image":{"@type":"ImageObject","inLanguage":"fr-FR","@id":"https:\/\/secure.gravatar.com\/avatar\/7ce1f28c0c3bbac99ff550b85ef8e44a6950c6ee24514fb6a5489e51d06f0298?s=96&d=mm&r=g","url":"https:\/\/secure.gravatar.com\/avatar\/7ce1f28c0c3bbac99ff550b85ef8e44a6950c6ee24514fb6a5489e51d06f0298?s=96&d=mm&r=g","contentUrl":"https:\/\/secure.gravatar.com\/avatar\/7ce1f28c0c3bbac99ff550b85ef8e44a6950c6ee24514fb6a5489e51d06f0298?s=96&d=mm&r=g","caption":"webdo.tn"},"url":"https:\/\/www.webdo.tn\/fr\/actualite\/author\/webdotn\/"}]}},"_links":{"self":[{"href":"https:\/\/www.webdo.tn\/fr\/wp-json\/wp\/v2\/posts\/180093","targetHints":{"allow":["GET"]}}],"collection":[{"href":"https:\/\/www.webdo.tn\/fr\/wp-json\/wp\/v2\/posts"}],"about":[{"href":"https:\/\/www.webdo.tn\/fr\/wp-json\/wp\/v2\/types\/post"}],"author":[{"embeddable":true,"href":"https:\/\/www.webdo.tn\/fr\/wp-json\/wp\/v2\/users\/3222"}],"replies":[{"embeddable":true,"href":"https:\/\/www.webdo.tn\/fr\/wp-json\/wp\/v2\/comments?post=180093"}],"version-history":[{"count":0,"href":"https:\/\/www.webdo.tn\/fr\/wp-json\/wp\/v2\/posts\/180093\/revisions"}],"wp:featuredmedia":[{"embeddable":true,"href":"https:\/\/www.webdo.tn\/fr\/wp-json\/wp\/v2\/media\/334955"}],"wp:attachment":[{"href":"https:\/\/www.webdo.tn\/fr\/wp-json\/wp\/v2\/media?parent=180093"}],"wp:term":[{"taxonomy":"category","embeddable":true,"href":"https:\/\/www.webdo.tn\/fr\/wp-json\/wp\/v2\/categories?post=180093"},{"taxonomy":"post_tag","embeddable":true,"href":"https:\/\/www.webdo.tn\/fr\/wp-json\/wp\/v2\/tags?post=180093"}],"curies":[{"name":"wp","href":"https:\/\/api.w.org\/{rel}","templated":true}]}}