{"id":180092,"date":"2014-09-05T15:38:00","date_gmt":"2014-09-05T15:38:00","guid":{"rendered":"https:\/\/www.webdo.tn\/fr\/blog\/tunisie-les-leaders-terroristes-lokmane-abou-sakhr-mohamed-ali-gharbi-encore-en-fuite\/180092\/"},"modified":"2025-05-22T13:05:21","modified_gmt":"2025-05-22T13:05:21","slug":"tunisie-les-leaders-terroristes-lokmane-abou-sakhr-mohamed-ali-gharbi-encore-en-fuite","status":"publish","type":"post","link":"https:\/\/www.webdo.tn\/fr\/actualite\/terrorisme\/tunisie-les-leaders-terroristes-lokmane-abou-sakhr-mohamed-ali-gharbi-encore-en-fuite\/180092\/","title":{"rendered":"Les deux leaders terroristes Lokmane Abou Sakhr et Mohamed Ali Gharbi encore en fuite"},"content":{"rendered":"<p>Douze personnes ont \u00e9t\u00e9 arr\u00eat\u00e9es le 3 septembre, a d\u00e9clar\u00e9 le porte-parole du minist\u00e8re de l&rsquo;Int\u00e9rieur Mohamed Ali Laroui. Lors d&rsquo;une conf\u00e9rence de presse organis\u00e9e, ce vendredi 5 septembre au minist\u00e8re de l&rsquo;Int\u00e9rieur, M. Laroui a pr\u00e9cis\u00e9 que les unit\u00e9s s\u00e9curitaires de lutte contre le terrorisme de l&rsquo;Aouina et de Sidi Bouzid sont actuellement \u00e0 la recherche du reste du groupe terroriste, notamment leurs leaders Lokmane Abou Sakhr et Mohamed Ali Gharbi.<\/p>\n<p>Un arsenal d&rsquo;armes pour les terroristes de Jebel Chaambi<\/p>\n<p>Les unit\u00e9s s\u00e9curitaires ont saisi 28 bombes artisanales, 30 grenades, 11 lance-roquettes RPG, 760 cartouches de type 7.62, 5967 cartouches de calibre 7.62 longues, un montant de 18.000 dinars et le v\u00e9hicule qui transportait cette cargaison. Cet arsenal \u00e9tait achemin\u00e9 vers Sidi Bouzid \u00e0 bord d&rsquo;un camion et avait pour destination Jebel Chaambi \u00e0 Kasserine.<\/p>\n<p>\u00ab\u00a0Les brigades de la Douane tunisienne ont arr\u00eat\u00e9 Moez Za\u00e2fouri et Mabrouk Za\u00e2fouri \u00e0 Ben Guerdane, qui conduisaient le camion\u00a0\u00bb, a indiqu\u00e9 Mohamed Ali Laroui.<\/p>\n<p>La poursuite du reste du groupe continue<\/p>\n<p>Le procureur de la R\u00e9publique du Tribunal de Tunis a ordonn\u00e9 \u00e0 l&rsquo;unit\u00e9 nationale d&rsquo;enqu\u00eates sur les crimes terroristes de la Garde nationale de l&rsquo;Aouina la poursuite de l&rsquo;enqu\u00eate, selon le minist\u00e8re de l&rsquo;Int\u00e9rieur.\u00a0\u00bbApr\u00e8s des recherches de renseignements minutieuses, les unit\u00e9s de la Garde Nationale et de la Garde Nationale \u00e0 Sidi Bouzid, sont parvenues, dans un temps record, \u00e0 arr\u00eater neuf personnes. Les unit\u00e9s de lutte contre le terrorisme de la s\u00fbret\u00e9 nationale \u00e0 Sidi Bouzid sont parvenues \u00e0 arr\u00eater trois autres personnes. Au total, les 12 personnes sont li\u00e9es au dangereux terroriste (alg\u00e9rien) Lokmane Abou Sakhr (Khaled Chaieb).<\/p>\n<p>Les unit\u00e9s sp\u00e9ciales de lutte contre le terrorisme sont actuellement \u00e0 la poursuite du reste du groupe, notamment Lokmane Abou Sakhr, actuellement en fuite, et le dangereux terroriste Mohamed Ali Gharbi.<\/p>\n","protected":false},"excerpt":{"rendered":"<p>Les deux leaders terroristes Lokmane Abou Sakhr et Mohamed Ali Gharbi encore en fuite<\/p>\n","protected":false},"author":3222,"featured_media":331512,"comment_status":"open","ping_status":"closed","sticky":false,"template":"","format":"standard","meta":{"footnotes":""},"categories":[11342],"tags":[],"class_list":["post-180092","post","type-post","status-publish","format-standard","has-post-thumbnail","hentry","category-terrorisme"],"yoast_head":"<!-- This site is optimized with the Yoast SEO Premium plugin v27.5 (Yoast SEO v27.5) - https:\/\/yoast.com\/product\/yoast-seo-premium-wordpress\/ -->\n<title>Les deux leaders terroristes Lokmane Abou Sakhr et Mohamed Ali Gharbi encore en fuite<\/title>\n<meta name=\"description\" content=\"Les deux leaders terroristes Lokmane Abou Sakhr et Mohamed Ali Gharbi encore en fuite\" \/>\n<link rel=\"canonical\" href=\"https:\/\/www.webdo.tn\/fr\/actualite\/terrorisme\/tunisie-les-leaders-terroristes-lokmane-abou-sakhr-mohamed-ali-gharbi-encore-en-fuite\/180092\/\" \/>\n<meta property=\"og:locale\" content=\"fr_FR\" \/>\n<meta property=\"og:type\" content=\"article\" \/>\n<meta property=\"og:title\" content=\"Les deux leaders terroristes Lokmane Abou Sakhr et Mohamed Ali Gharbi encore en fuite\" \/>\n<meta property=\"og:description\" content=\"Les deux leaders terroristes Lokmane Abou Sakhr et Mohamed Ali Gharbi encore en fuite\" \/>\n<meta property=\"og:url\" content=\"https:\/\/www.webdo.tn\/fr\/actualite\/terrorisme\/tunisie-les-leaders-terroristes-lokmane-abou-sakhr-mohamed-ali-gharbi-encore-en-fuite\/180092\/\" \/>\n<meta property=\"og:site_name\" content=\"webdo\" \/>\n<meta property=\"article:publisher\" content=\"https:\/\/www.facebook.com\/webdotn\" \/>\n<meta property=\"article:published_time\" content=\"2014-09-05T15:38:00+00:00\" \/>\n<meta property=\"article:modified_time\" content=\"2025-05-22T13:05:21+00:00\" \/>\n<meta property=\"og:image\" content=\"https:\/\/www.webdo.tn\/fr\/wp-content\/uploads\/2014\/09\/Mohamed-Ali-Laroui-Abou-Sakhr.jpg\" \/>\n\t<meta property=\"og:image:width\" content=\"437\" \/>\n\t<meta property=\"og:image:height\" content=\"327\" \/>\n\t<meta property=\"og:image:type\" content=\"image\/jpeg\" \/>\n<meta name=\"author\" content=\"webdo.tn\" \/>\n<meta name=\"twitter:card\" content=\"summary_large_image\" \/>\n<meta name=\"twitter:creator\" content=\"@webdo_tn\" \/>\n<meta name=\"twitter:site\" content=\"@webdo_tn\" \/>\n<meta name=\"twitter:label1\" content=\"\u00c9crit par\" \/>\n\t<meta name=\"twitter:data1\" content=\"webdo.tn\" \/>\n\t<meta name=\"twitter:label2\" content=\"Dur\u00e9e de lecture estim\u00e9e\" \/>\n\t<meta name=\"twitter:data2\" content=\"2 minutes\" \/>\n<script type=\"application\/ld+json\" class=\"yoast-schema-graph\">{\"@context\":\"https:\\\/\\\/schema.org\",\"@graph\":[{\"@type\":\"NewsArticle\",\"@id\":\"https:\\\/\\\/www.webdo.tn\\\/fr\\\/actualite\\\/terrorisme\\\/tunisie-les-leaders-terroristes-lokmane-abou-sakhr-mohamed-ali-gharbi-encore-en-fuite\\\/180092\\\/#article\",\"isPartOf\":{\"@id\":\"https:\\\/\\\/www.webdo.tn\\\/fr\\\/actualite\\\/terrorisme\\\/tunisie-les-leaders-terroristes-lokmane-abou-sakhr-mohamed-ali-gharbi-encore-en-fuite\\\/180092\\\/\"},\"author\":{\"name\":\"webdo.tn\",\"@id\":\"https:\\\/\\\/www.webdo.tn\\\/fr\\\/#\\\/schema\\\/person\\\/9a9c6118d687c117df8ef3cc36a4d175\"},\"headline\":\"Les deux leaders terroristes Lokmane Abou Sakhr et Mohamed Ali Gharbi encore en fuite\",\"datePublished\":\"2014-09-05T15:38:00+00:00\",\"dateModified\":\"2025-05-22T13:05:21+00:00\",\"mainEntityOfPage\":{\"@id\":\"https:\\\/\\\/www.webdo.tn\\\/fr\\\/actualite\\\/terrorisme\\\/tunisie-les-leaders-terroristes-lokmane-abou-sakhr-mohamed-ali-gharbi-encore-en-fuite\\\/180092\\\/\"},\"wordCount\":337,\"commentCount\":0,\"publisher\":{\"@id\":\"https:\\\/\\\/www.webdo.tn\\\/fr\\\/#organization\"},\"image\":{\"@id\":\"https:\\\/\\\/www.webdo.tn\\\/fr\\\/actualite\\\/terrorisme\\\/tunisie-les-leaders-terroristes-lokmane-abou-sakhr-mohamed-ali-gharbi-encore-en-fuite\\\/180092\\\/#primaryimage\"},\"thumbnailUrl\":\"https:\\\/\\\/www.webdo.tn\\\/fr\\\/wp-content\\\/uploads\\\/2014\\\/09\\\/Mohamed-Ali-Laroui-Abou-Sakhr.jpg\",\"articleSection\":[\"Terrorisme\"],\"inLanguage\":\"fr-FR\"},{\"@type\":\"WebPage\",\"@id\":\"https:\\\/\\\/www.webdo.tn\\\/fr\\\/actualite\\\/terrorisme\\\/tunisie-les-leaders-terroristes-lokmane-abou-sakhr-mohamed-ali-gharbi-encore-en-fuite\\\/180092\\\/\",\"url\":\"https:\\\/\\\/www.webdo.tn\\\/fr\\\/actualite\\\/terrorisme\\\/tunisie-les-leaders-terroristes-lokmane-abou-sakhr-mohamed-ali-gharbi-encore-en-fuite\\\/180092\\\/\",\"name\":\"Les deux leaders terroristes Lokmane Abou Sakhr et Mohamed Ali Gharbi encore en fuite\",\"isPartOf\":{\"@id\":\"https:\\\/\\\/www.webdo.tn\\\/fr\\\/#website\"},\"primaryImageOfPage\":{\"@id\":\"https:\\\/\\\/www.webdo.tn\\\/fr\\\/actualite\\\/terrorisme\\\/tunisie-les-leaders-terroristes-lokmane-abou-sakhr-mohamed-ali-gharbi-encore-en-fuite\\\/180092\\\/#primaryimage\"},\"image\":{\"@id\":\"https:\\\/\\\/www.webdo.tn\\\/fr\\\/actualite\\\/terrorisme\\\/tunisie-les-leaders-terroristes-lokmane-abou-sakhr-mohamed-ali-gharbi-encore-en-fuite\\\/180092\\\/#primaryimage\"},\"thumbnailUrl\":\"https:\\\/\\\/www.webdo.tn\\\/fr\\\/wp-content\\\/uploads\\\/2014\\\/09\\\/Mohamed-Ali-Laroui-Abou-Sakhr.jpg\",\"datePublished\":\"2014-09-05T15:38:00+00:00\",\"dateModified\":\"2025-05-22T13:05:21+00:00\",\"description\":\"Les deux leaders terroristes Lokmane Abou Sakhr et Mohamed Ali Gharbi encore en fuite\",\"breadcrumb\":{\"@id\":\"https:\\\/\\\/www.webdo.tn\\\/fr\\\/actualite\\\/terrorisme\\\/tunisie-les-leaders-terroristes-lokmane-abou-sakhr-mohamed-ali-gharbi-encore-en-fuite\\\/180092\\\/#breadcrumb\"},\"inLanguage\":\"fr-FR\",\"potentialAction\":[{\"@type\":\"ReadAction\",\"target\":[\"https:\\\/\\\/www.webdo.tn\\\/fr\\\/actualite\\\/terrorisme\\\/tunisie-les-leaders-terroristes-lokmane-abou-sakhr-mohamed-ali-gharbi-encore-en-fuite\\\/180092\\\/\"]}]},{\"@type\":\"ImageObject\",\"inLanguage\":\"fr-FR\",\"@id\":\"https:\\\/\\\/www.webdo.tn\\\/fr\\\/actualite\\\/terrorisme\\\/tunisie-les-leaders-terroristes-lokmane-abou-sakhr-mohamed-ali-gharbi-encore-en-fuite\\\/180092\\\/#primaryimage\",\"url\":\"https:\\\/\\\/www.webdo.tn\\\/fr\\\/wp-content\\\/uploads\\\/2014\\\/09\\\/Mohamed-Ali-Laroui-Abou-Sakhr.jpg\",\"contentUrl\":\"https:\\\/\\\/www.webdo.tn\\\/fr\\\/wp-content\\\/uploads\\\/2014\\\/09\\\/Mohamed-Ali-Laroui-Abou-Sakhr.jpg\",\"width\":437,\"height\":327,\"caption\":\"Les deux leaders terroristes Lokmane Abou Sakhr et Mohamed Ali Gharbi encore en fuite\"},{\"@type\":\"BreadcrumbList\",\"@id\":\"https:\\\/\\\/www.webdo.tn\\\/fr\\\/actualite\\\/terrorisme\\\/tunisie-les-leaders-terroristes-lokmane-abou-sakhr-mohamed-ali-gharbi-encore-en-fuite\\\/180092\\\/#breadcrumb\",\"itemListElement\":[{\"@type\":\"ListItem\",\"position\":1,\"name\":\"Accueil\",\"item\":\"https:\\\/\\\/www.webdo.tn\\\/fr\\\/\"},{\"@type\":\"ListItem\",\"position\":2,\"name\":\"Les deux leaders terroristes Lokmane Abou Sakhr et Mohamed Ali Gharbi encore en fuite\"}]},{\"@type\":\"WebSite\",\"@id\":\"https:\\\/\\\/www.webdo.tn\\\/fr\\\/#website\",\"url\":\"https:\\\/\\\/www.webdo.tn\\\/fr\\\/\",\"name\":\"webdo\",\"description\":\"Tunisie - News en Tunisie et \u00e0 l&#039;international sur Webdo.tn\",\"publisher\":{\"@id\":\"https:\\\/\\\/www.webdo.tn\\\/fr\\\/#organization\"},\"potentialAction\":[{\"@type\":\"SearchAction\",\"target\":{\"@type\":\"EntryPoint\",\"urlTemplate\":\"https:\\\/\\\/www.webdo.tn\\\/fr\\\/?s={search_term_string}\"},\"query-input\":{\"@type\":\"PropertyValueSpecification\",\"valueRequired\":true,\"valueName\":\"search_term_string\"}}],\"inLanguage\":\"fr-FR\"},{\"@type\":\"Organization\",\"@id\":\"https:\\\/\\\/www.webdo.tn\\\/fr\\\/#organization\",\"name\":\"Webdo\",\"alternateName\":\"Webdo.tn\",\"url\":\"https:\\\/\\\/www.webdo.tn\\\/fr\\\/\",\"logo\":{\"@type\":\"ImageObject\",\"inLanguage\":\"fr-FR\",\"@id\":\"https:\\\/\\\/www.webdo.tn\\\/fr\\\/#\\\/schema\\\/logo\\\/image\\\/\",\"url\":\"https:\\\/\\\/www.webdo.tn\\\/fr\\\/wp-content\\\/uploads\\\/2025\\\/06\\\/Webdo-Tunisie_168377.jpg\",\"contentUrl\":\"https:\\\/\\\/www.webdo.tn\\\/fr\\\/wp-content\\\/uploads\\\/2025\\\/06\\\/Webdo-Tunisie_168377.jpg\",\"width\":301,\"height\":301,\"caption\":\"Webdo\"},\"image\":{\"@id\":\"https:\\\/\\\/www.webdo.tn\\\/fr\\\/#\\\/schema\\\/logo\\\/image\\\/\"},\"sameAs\":[\"https:\\\/\\\/www.facebook.com\\\/webdotn\",\"https:\\\/\\\/x.com\\\/webdo_tn\"],\"description\":\"Webdo est un m\u00e9dia num\u00e9rique tunisien fond\u00e9 en 2010, sp\u00e9cialis\u00e9 dans l\u2019actualit\u00e9 nationale et internationale, l\u2019\u00e9conomie, la soci\u00e9t\u00e9 et les analyses politiques. Le site s\u2019adresse \u00e0 un large public francophone et couvre l\u2019information tunisienne en temps r\u00e9el.\",\"email\":\"redac@webdo.tn\",\"legalName\":\"YNJ SARL\",\"foundingDate\":\"2010-09-06\",\"numberOfEmployees\":{\"@type\":\"QuantitativeValue\",\"minValue\":\"11\",\"maxValue\":\"50\"}},{\"@type\":\"Person\",\"@id\":\"https:\\\/\\\/www.webdo.tn\\\/fr\\\/#\\\/schema\\\/person\\\/9a9c6118d687c117df8ef3cc36a4d175\",\"name\":\"webdo.tn\",\"image\":{\"@type\":\"ImageObject\",\"inLanguage\":\"fr-FR\",\"@id\":\"https:\\\/\\\/secure.gravatar.com\\\/avatar\\\/7ce1f28c0c3bbac99ff550b85ef8e44a6950c6ee24514fb6a5489e51d06f0298?s=96&d=mm&r=g\",\"url\":\"https:\\\/\\\/secure.gravatar.com\\\/avatar\\\/7ce1f28c0c3bbac99ff550b85ef8e44a6950c6ee24514fb6a5489e51d06f0298?s=96&d=mm&r=g\",\"contentUrl\":\"https:\\\/\\\/secure.gravatar.com\\\/avatar\\\/7ce1f28c0c3bbac99ff550b85ef8e44a6950c6ee24514fb6a5489e51d06f0298?s=96&d=mm&r=g\",\"caption\":\"webdo.tn\"},\"url\":\"https:\\\/\\\/www.webdo.tn\\\/fr\\\/actualite\\\/author\\\/webdotn\\\/\"}]}<\/script>\n<!-- \/ Yoast SEO Premium plugin. -->","yoast_head_json":{"title":"Les deux leaders terroristes Lokmane Abou Sakhr et Mohamed Ali Gharbi encore en fuite","description":"Les deux leaders terroristes Lokmane Abou Sakhr et Mohamed Ali Gharbi encore en fuite","canonical":"https:\/\/www.webdo.tn\/fr\/actualite\/terrorisme\/tunisie-les-leaders-terroristes-lokmane-abou-sakhr-mohamed-ali-gharbi-encore-en-fuite\/180092\/","og_locale":"fr_FR","og_type":"article","og_title":"Les deux leaders terroristes Lokmane Abou Sakhr et Mohamed Ali Gharbi encore en fuite","og_description":"Les deux leaders terroristes Lokmane Abou Sakhr et Mohamed Ali Gharbi encore en fuite","og_url":"https:\/\/www.webdo.tn\/fr\/actualite\/terrorisme\/tunisie-les-leaders-terroristes-lokmane-abou-sakhr-mohamed-ali-gharbi-encore-en-fuite\/180092\/","og_site_name":"webdo","article_publisher":"https:\/\/www.facebook.com\/webdotn","article_published_time":"2014-09-05T15:38:00+00:00","article_modified_time":"2025-05-22T13:05:21+00:00","og_image":[{"width":437,"height":327,"url":"https:\/\/www.webdo.tn\/fr\/wp-content\/uploads\/2014\/09\/Mohamed-Ali-Laroui-Abou-Sakhr.jpg","type":"image\/jpeg"}],"author":"webdo.tn","twitter_card":"summary_large_image","twitter_creator":"@webdo_tn","twitter_site":"@webdo_tn","twitter_misc":{"\u00c9crit par":"webdo.tn","Dur\u00e9e de lecture estim\u00e9e":"2 minutes"},"schema":{"@context":"https:\/\/schema.org","@graph":[{"@type":"NewsArticle","@id":"https:\/\/www.webdo.tn\/fr\/actualite\/terrorisme\/tunisie-les-leaders-terroristes-lokmane-abou-sakhr-mohamed-ali-gharbi-encore-en-fuite\/180092\/#article","isPartOf":{"@id":"https:\/\/www.webdo.tn\/fr\/actualite\/terrorisme\/tunisie-les-leaders-terroristes-lokmane-abou-sakhr-mohamed-ali-gharbi-encore-en-fuite\/180092\/"},"author":{"name":"webdo.tn","@id":"https:\/\/www.webdo.tn\/fr\/#\/schema\/person\/9a9c6118d687c117df8ef3cc36a4d175"},"headline":"Les deux leaders terroristes Lokmane Abou Sakhr et Mohamed Ali Gharbi encore en fuite","datePublished":"2014-09-05T15:38:00+00:00","dateModified":"2025-05-22T13:05:21+00:00","mainEntityOfPage":{"@id":"https:\/\/www.webdo.tn\/fr\/actualite\/terrorisme\/tunisie-les-leaders-terroristes-lokmane-abou-sakhr-mohamed-ali-gharbi-encore-en-fuite\/180092\/"},"wordCount":337,"commentCount":0,"publisher":{"@id":"https:\/\/www.webdo.tn\/fr\/#organization"},"image":{"@id":"https:\/\/www.webdo.tn\/fr\/actualite\/terrorisme\/tunisie-les-leaders-terroristes-lokmane-abou-sakhr-mohamed-ali-gharbi-encore-en-fuite\/180092\/#primaryimage"},"thumbnailUrl":"https:\/\/www.webdo.tn\/fr\/wp-content\/uploads\/2014\/09\/Mohamed-Ali-Laroui-Abou-Sakhr.jpg","articleSection":["Terrorisme"],"inLanguage":"fr-FR"},{"@type":"WebPage","@id":"https:\/\/www.webdo.tn\/fr\/actualite\/terrorisme\/tunisie-les-leaders-terroristes-lokmane-abou-sakhr-mohamed-ali-gharbi-encore-en-fuite\/180092\/","url":"https:\/\/www.webdo.tn\/fr\/actualite\/terrorisme\/tunisie-les-leaders-terroristes-lokmane-abou-sakhr-mohamed-ali-gharbi-encore-en-fuite\/180092\/","name":"Les deux leaders terroristes Lokmane Abou Sakhr et Mohamed Ali Gharbi encore en fuite","isPartOf":{"@id":"https:\/\/www.webdo.tn\/fr\/#website"},"primaryImageOfPage":{"@id":"https:\/\/www.webdo.tn\/fr\/actualite\/terrorisme\/tunisie-les-leaders-terroristes-lokmane-abou-sakhr-mohamed-ali-gharbi-encore-en-fuite\/180092\/#primaryimage"},"image":{"@id":"https:\/\/www.webdo.tn\/fr\/actualite\/terrorisme\/tunisie-les-leaders-terroristes-lokmane-abou-sakhr-mohamed-ali-gharbi-encore-en-fuite\/180092\/#primaryimage"},"thumbnailUrl":"https:\/\/www.webdo.tn\/fr\/wp-content\/uploads\/2014\/09\/Mohamed-Ali-Laroui-Abou-Sakhr.jpg","datePublished":"2014-09-05T15:38:00+00:00","dateModified":"2025-05-22T13:05:21+00:00","description":"Les deux leaders terroristes Lokmane Abou Sakhr et Mohamed Ali Gharbi encore en fuite","breadcrumb":{"@id":"https:\/\/www.webdo.tn\/fr\/actualite\/terrorisme\/tunisie-les-leaders-terroristes-lokmane-abou-sakhr-mohamed-ali-gharbi-encore-en-fuite\/180092\/#breadcrumb"},"inLanguage":"fr-FR","potentialAction":[{"@type":"ReadAction","target":["https:\/\/www.webdo.tn\/fr\/actualite\/terrorisme\/tunisie-les-leaders-terroristes-lokmane-abou-sakhr-mohamed-ali-gharbi-encore-en-fuite\/180092\/"]}]},{"@type":"ImageObject","inLanguage":"fr-FR","@id":"https:\/\/www.webdo.tn\/fr\/actualite\/terrorisme\/tunisie-les-leaders-terroristes-lokmane-abou-sakhr-mohamed-ali-gharbi-encore-en-fuite\/180092\/#primaryimage","url":"https:\/\/www.webdo.tn\/fr\/wp-content\/uploads\/2014\/09\/Mohamed-Ali-Laroui-Abou-Sakhr.jpg","contentUrl":"https:\/\/www.webdo.tn\/fr\/wp-content\/uploads\/2014\/09\/Mohamed-Ali-Laroui-Abou-Sakhr.jpg","width":437,"height":327,"caption":"Les deux leaders terroristes Lokmane Abou Sakhr et Mohamed Ali Gharbi encore en fuite"},{"@type":"BreadcrumbList","@id":"https:\/\/www.webdo.tn\/fr\/actualite\/terrorisme\/tunisie-les-leaders-terroristes-lokmane-abou-sakhr-mohamed-ali-gharbi-encore-en-fuite\/180092\/#breadcrumb","itemListElement":[{"@type":"ListItem","position":1,"name":"Accueil","item":"https:\/\/www.webdo.tn\/fr\/"},{"@type":"ListItem","position":2,"name":"Les deux leaders terroristes Lokmane Abou Sakhr et Mohamed Ali Gharbi encore en fuite"}]},{"@type":"WebSite","@id":"https:\/\/www.webdo.tn\/fr\/#website","url":"https:\/\/www.webdo.tn\/fr\/","name":"webdo","description":"Tunisie - News en Tunisie et \u00e0 l&#039;international sur Webdo.tn","publisher":{"@id":"https:\/\/www.webdo.tn\/fr\/#organization"},"potentialAction":[{"@type":"SearchAction","target":{"@type":"EntryPoint","urlTemplate":"https:\/\/www.webdo.tn\/fr\/?s={search_term_string}"},"query-input":{"@type":"PropertyValueSpecification","valueRequired":true,"valueName":"search_term_string"}}],"inLanguage":"fr-FR"},{"@type":"Organization","@id":"https:\/\/www.webdo.tn\/fr\/#organization","name":"Webdo","alternateName":"Webdo.tn","url":"https:\/\/www.webdo.tn\/fr\/","logo":{"@type":"ImageObject","inLanguage":"fr-FR","@id":"https:\/\/www.webdo.tn\/fr\/#\/schema\/logo\/image\/","url":"https:\/\/www.webdo.tn\/fr\/wp-content\/uploads\/2025\/06\/Webdo-Tunisie_168377.jpg","contentUrl":"https:\/\/www.webdo.tn\/fr\/wp-content\/uploads\/2025\/06\/Webdo-Tunisie_168377.jpg","width":301,"height":301,"caption":"Webdo"},"image":{"@id":"https:\/\/www.webdo.tn\/fr\/#\/schema\/logo\/image\/"},"sameAs":["https:\/\/www.facebook.com\/webdotn","https:\/\/x.com\/webdo_tn"],"description":"Webdo est un m\u00e9dia num\u00e9rique tunisien fond\u00e9 en 2010, sp\u00e9cialis\u00e9 dans l\u2019actualit\u00e9 nationale et internationale, l\u2019\u00e9conomie, la soci\u00e9t\u00e9 et les analyses politiques. Le site s\u2019adresse \u00e0 un large public francophone et couvre l\u2019information tunisienne en temps r\u00e9el.","email":"redac@webdo.tn","legalName":"YNJ SARL","foundingDate":"2010-09-06","numberOfEmployees":{"@type":"QuantitativeValue","minValue":"11","maxValue":"50"}},{"@type":"Person","@id":"https:\/\/www.webdo.tn\/fr\/#\/schema\/person\/9a9c6118d687c117df8ef3cc36a4d175","name":"webdo.tn","image":{"@type":"ImageObject","inLanguage":"fr-FR","@id":"https:\/\/secure.gravatar.com\/avatar\/7ce1f28c0c3bbac99ff550b85ef8e44a6950c6ee24514fb6a5489e51d06f0298?s=96&d=mm&r=g","url":"https:\/\/secure.gravatar.com\/avatar\/7ce1f28c0c3bbac99ff550b85ef8e44a6950c6ee24514fb6a5489e51d06f0298?s=96&d=mm&r=g","contentUrl":"https:\/\/secure.gravatar.com\/avatar\/7ce1f28c0c3bbac99ff550b85ef8e44a6950c6ee24514fb6a5489e51d06f0298?s=96&d=mm&r=g","caption":"webdo.tn"},"url":"https:\/\/www.webdo.tn\/fr\/actualite\/author\/webdotn\/"}]}},"_links":{"self":[{"href":"https:\/\/www.webdo.tn\/fr\/wp-json\/wp\/v2\/posts\/180092","targetHints":{"allow":["GET"]}}],"collection":[{"href":"https:\/\/www.webdo.tn\/fr\/wp-json\/wp\/v2\/posts"}],"about":[{"href":"https:\/\/www.webdo.tn\/fr\/wp-json\/wp\/v2\/types\/post"}],"author":[{"embeddable":true,"href":"https:\/\/www.webdo.tn\/fr\/wp-json\/wp\/v2\/users\/3222"}],"replies":[{"embeddable":true,"href":"https:\/\/www.webdo.tn\/fr\/wp-json\/wp\/v2\/comments?post=180092"}],"version-history":[{"count":0,"href":"https:\/\/www.webdo.tn\/fr\/wp-json\/wp\/v2\/posts\/180092\/revisions"}],"wp:featuredmedia":[{"embeddable":true,"href":"https:\/\/www.webdo.tn\/fr\/wp-json\/wp\/v2\/media\/331512"}],"wp:attachment":[{"href":"https:\/\/www.webdo.tn\/fr\/wp-json\/wp\/v2\/media?parent=180092"}],"wp:term":[{"taxonomy":"category","embeddable":true,"href":"https:\/\/www.webdo.tn\/fr\/wp-json\/wp\/v2\/categories?post=180092"},{"taxonomy":"post_tag","embeddable":true,"href":"https:\/\/www.webdo.tn\/fr\/wp-json\/wp\/v2\/tags?post=180092"}],"curies":[{"name":"wp","href":"https:\/\/api.w.org\/{rel}","templated":true}]}}