{"id":180089,"date":"2014-09-12T20:54:00","date_gmt":"2014-09-12T20:54:00","guid":{"rendered":"https:\/\/www.webdo.tn\/fr\/blog\/ministere-interieur-arrestation-huit-terroristes-sidi-bouzid-tunisie\/180089\/"},"modified":"2025-05-22T13:05:02","modified_gmt":"2025-05-22T13:05:02","slug":"ministere-interieur-arrestation-huit-terroristes-sidi-bouzid-tunisie","status":"publish","type":"post","link":"https:\/\/www.webdo.tn\/fr\/actualite\/terrorisme\/ministere-interieur-arrestation-huit-terroristes-sidi-bouzid-tunisie\/180089\/","title":{"rendered":"Minist\u00e8re de l&rsquo;Int\u00e9rieur : Arrestation de huit \u00ab\u00a0\u00e9l\u00e9ments terroristes\u00a0\u00bb"},"content":{"rendered":"<p>Le minist\u00e8re de l&rsquo;Int\u00e9rieur a annonc\u00e9, dans un communiqu\u00e9 publi\u00e9 ce vendredi 12 septembre dans la soir\u00e9e, l&rsquo;arrestation de huit \u00ab\u00a0\u00e9l\u00e9ments terroristes\u00a0\u00bb \u00e0 Sidi Bouzid.<\/p>\n<p>Ces personnes seraient li\u00e9es au groupe de Lokman Abou Sakhr, aujourd&rsquo;hui en fuite.<\/p>\n<p>C&rsquo;est l&rsquo;arrestation de trois membres pr\u00e9sum\u00e9s de ce r\u00e9seau plus t\u00f4t dans la journ\u00e9e qui a permis cette arrestation, indique le communiqu\u00e9.<\/p>\n<p>Le minist\u00e8re annonce avoir saisi lors de cette arrestation une tonne d&rsquo;ammonitrate, des balles de calibre 16, des ordinateurs et des t\u00e9l\u00e9phones portables.<\/p>\n","protected":false},"excerpt":{"rendered":"<p>Minist\u00e8re de l&rsquo;Int\u00e9rieur : Arrestation de huit  \u00e9l\u00e9ments terroristes <\/p>\n","protected":false},"author":3222,"featured_media":320390,"comment_status":"open","ping_status":"closed","sticky":false,"template":"","format":"standard","meta":{"footnotes":""},"categories":[11342],"tags":[],"class_list":["post-180089","post","type-post","status-publish","format-standard","has-post-thumbnail","hentry","category-terrorisme"],"yoast_head":"<!-- This site is optimized with the Yoast SEO Premium plugin v27.5 (Yoast SEO v27.5) - https:\/\/yoast.com\/product\/yoast-seo-premium-wordpress\/ -->\n<title>Minist\u00e8re de l&#039;Int\u00e9rieur : Arrestation de huit \u00e9l\u00e9ments terroristes<\/title>\n<meta name=\"description\" content=\"Minist\u00e8re de l&#039;Int\u00e9rieur : Arrestation de huit \u00e9l\u00e9ments terroristes\" \/>\n<link rel=\"canonical\" href=\"https:\/\/www.webdo.tn\/fr\/actualite\/terrorisme\/ministere-interieur-arrestation-huit-terroristes-sidi-bouzid-tunisie\/180089\/\" \/>\n<meta property=\"og:locale\" content=\"fr_FR\" \/>\n<meta property=\"og:type\" content=\"article\" \/>\n<meta property=\"og:title\" content=\"Minist\u00e8re de l&#039;Int\u00e9rieur : Arrestation de huit &quot;\u00e9l\u00e9ments terroristes&quot;\" \/>\n<meta property=\"og:description\" content=\"Minist\u00e8re de l&#039;Int\u00e9rieur : Arrestation de huit \u00e9l\u00e9ments terroristes\" \/>\n<meta property=\"og:url\" content=\"https:\/\/www.webdo.tn\/fr\/actualite\/terrorisme\/ministere-interieur-arrestation-huit-terroristes-sidi-bouzid-tunisie\/180089\/\" \/>\n<meta property=\"og:site_name\" content=\"webdo\" \/>\n<meta property=\"article:publisher\" content=\"https:\/\/www.facebook.com\/webdotn\" \/>\n<meta property=\"article:published_time\" content=\"2014-09-12T20:54:00+00:00\" \/>\n<meta property=\"article:modified_time\" content=\"2025-05-22T13:05:02+00:00\" \/>\n<meta property=\"og:image\" content=\"https:\/\/www.webdo.tn\/fr\/wp-content\/uploads\/2014\/09\/ministere-de-l-interieur-sidi-bouzid-terroristes-300x200-1.jpg\" \/>\n\t<meta property=\"og:image:width\" content=\"300\" \/>\n\t<meta property=\"og:image:height\" content=\"200\" \/>\n\t<meta property=\"og:image:type\" content=\"image\/jpeg\" \/>\n<meta name=\"author\" content=\"webdo.tn\" \/>\n<meta name=\"twitter:card\" content=\"summary_large_image\" \/>\n<meta name=\"twitter:creator\" content=\"@webdo_tn\" \/>\n<meta name=\"twitter:site\" content=\"@webdo_tn\" \/>\n<meta name=\"twitter:label1\" content=\"\u00c9crit par\" \/>\n\t<meta name=\"twitter:data1\" content=\"webdo.tn\" \/>\n<script type=\"application\/ld+json\" class=\"yoast-schema-graph\">{\"@context\":\"https:\\\/\\\/schema.org\",\"@graph\":[{\"@type\":\"NewsArticle\",\"@id\":\"https:\\\/\\\/www.webdo.tn\\\/fr\\\/actualite\\\/terrorisme\\\/ministere-interieur-arrestation-huit-terroristes-sidi-bouzid-tunisie\\\/180089\\\/#article\",\"isPartOf\":{\"@id\":\"https:\\\/\\\/www.webdo.tn\\\/fr\\\/actualite\\\/terrorisme\\\/ministere-interieur-arrestation-huit-terroristes-sidi-bouzid-tunisie\\\/180089\\\/\"},\"author\":{\"name\":\"webdo.tn\",\"@id\":\"https:\\\/\\\/www.webdo.tn\\\/fr\\\/#\\\/schema\\\/person\\\/9a9c6118d687c117df8ef3cc36a4d175\"},\"headline\":\"Minist\u00e8re de l&rsquo;Int\u00e9rieur : Arrestation de huit \u00ab\u00a0\u00e9l\u00e9ments terroristes\u00a0\u00bb\",\"datePublished\":\"2014-09-12T20:54:00+00:00\",\"dateModified\":\"2025-05-22T13:05:02+00:00\",\"mainEntityOfPage\":{\"@id\":\"https:\\\/\\\/www.webdo.tn\\\/fr\\\/actualite\\\/terrorisme\\\/ministere-interieur-arrestation-huit-terroristes-sidi-bouzid-tunisie\\\/180089\\\/\"},\"wordCount\":111,\"commentCount\":0,\"publisher\":{\"@id\":\"https:\\\/\\\/www.webdo.tn\\\/fr\\\/#organization\"},\"image\":{\"@id\":\"https:\\\/\\\/www.webdo.tn\\\/fr\\\/actualite\\\/terrorisme\\\/ministere-interieur-arrestation-huit-terroristes-sidi-bouzid-tunisie\\\/180089\\\/#primaryimage\"},\"thumbnailUrl\":\"https:\\\/\\\/www.webdo.tn\\\/fr\\\/wp-content\\\/uploads\\\/2014\\\/09\\\/ministere-de-l-interieur-sidi-bouzid-terroristes-300x200-1.jpg\",\"articleSection\":[\"Terrorisme\"],\"inLanguage\":\"fr-FR\"},{\"@type\":\"WebPage\",\"@id\":\"https:\\\/\\\/www.webdo.tn\\\/fr\\\/actualite\\\/terrorisme\\\/ministere-interieur-arrestation-huit-terroristes-sidi-bouzid-tunisie\\\/180089\\\/\",\"url\":\"https:\\\/\\\/www.webdo.tn\\\/fr\\\/actualite\\\/terrorisme\\\/ministere-interieur-arrestation-huit-terroristes-sidi-bouzid-tunisie\\\/180089\\\/\",\"name\":\"Minist\u00e8re de l'Int\u00e9rieur : Arrestation de huit \u00e9l\u00e9ments terroristes\",\"isPartOf\":{\"@id\":\"https:\\\/\\\/www.webdo.tn\\\/fr\\\/#website\"},\"primaryImageOfPage\":{\"@id\":\"https:\\\/\\\/www.webdo.tn\\\/fr\\\/actualite\\\/terrorisme\\\/ministere-interieur-arrestation-huit-terroristes-sidi-bouzid-tunisie\\\/180089\\\/#primaryimage\"},\"image\":{\"@id\":\"https:\\\/\\\/www.webdo.tn\\\/fr\\\/actualite\\\/terrorisme\\\/ministere-interieur-arrestation-huit-terroristes-sidi-bouzid-tunisie\\\/180089\\\/#primaryimage\"},\"thumbnailUrl\":\"https:\\\/\\\/www.webdo.tn\\\/fr\\\/wp-content\\\/uploads\\\/2014\\\/09\\\/ministere-de-l-interieur-sidi-bouzid-terroristes-300x200-1.jpg\",\"datePublished\":\"2014-09-12T20:54:00+00:00\",\"dateModified\":\"2025-05-22T13:05:02+00:00\",\"description\":\"Minist\u00e8re de l'Int\u00e9rieur : Arrestation de huit \u00e9l\u00e9ments terroristes\",\"breadcrumb\":{\"@id\":\"https:\\\/\\\/www.webdo.tn\\\/fr\\\/actualite\\\/terrorisme\\\/ministere-interieur-arrestation-huit-terroristes-sidi-bouzid-tunisie\\\/180089\\\/#breadcrumb\"},\"inLanguage\":\"fr-FR\",\"potentialAction\":[{\"@type\":\"ReadAction\",\"target\":[\"https:\\\/\\\/www.webdo.tn\\\/fr\\\/actualite\\\/terrorisme\\\/ministere-interieur-arrestation-huit-terroristes-sidi-bouzid-tunisie\\\/180089\\\/\"]}]},{\"@type\":\"ImageObject\",\"inLanguage\":\"fr-FR\",\"@id\":\"https:\\\/\\\/www.webdo.tn\\\/fr\\\/actualite\\\/terrorisme\\\/ministere-interieur-arrestation-huit-terroristes-sidi-bouzid-tunisie\\\/180089\\\/#primaryimage\",\"url\":\"https:\\\/\\\/www.webdo.tn\\\/fr\\\/wp-content\\\/uploads\\\/2014\\\/09\\\/ministere-de-l-interieur-sidi-bouzid-terroristes-300x200-1.jpg\",\"contentUrl\":\"https:\\\/\\\/www.webdo.tn\\\/fr\\\/wp-content\\\/uploads\\\/2014\\\/09\\\/ministere-de-l-interieur-sidi-bouzid-terroristes-300x200-1.jpg\",\"width\":300,\"height\":200,\"caption\":\"Minist\u00e8re de l'Int\u00e9rieur : Arrestation de huit \\\"\u00e9l\u00e9ments terroristes\\\"\"},{\"@type\":\"BreadcrumbList\",\"@id\":\"https:\\\/\\\/www.webdo.tn\\\/fr\\\/actualite\\\/terrorisme\\\/ministere-interieur-arrestation-huit-terroristes-sidi-bouzid-tunisie\\\/180089\\\/#breadcrumb\",\"itemListElement\":[{\"@type\":\"ListItem\",\"position\":1,\"name\":\"Accueil\",\"item\":\"https:\\\/\\\/www.webdo.tn\\\/fr\\\/\"},{\"@type\":\"ListItem\",\"position\":2,\"name\":\"Minist\u00e8re de l&rsquo;Int\u00e9rieur : Arrestation de huit \u00ab\u00a0\u00e9l\u00e9ments terroristes\u00a0\u00bb\"}]},{\"@type\":\"WebSite\",\"@id\":\"https:\\\/\\\/www.webdo.tn\\\/fr\\\/#website\",\"url\":\"https:\\\/\\\/www.webdo.tn\\\/fr\\\/\",\"name\":\"webdo\",\"description\":\"Tunisie - News en Tunisie et \u00e0 l&#039;international sur Webdo.tn\",\"publisher\":{\"@id\":\"https:\\\/\\\/www.webdo.tn\\\/fr\\\/#organization\"},\"potentialAction\":[{\"@type\":\"SearchAction\",\"target\":{\"@type\":\"EntryPoint\",\"urlTemplate\":\"https:\\\/\\\/www.webdo.tn\\\/fr\\\/?s={search_term_string}\"},\"query-input\":{\"@type\":\"PropertyValueSpecification\",\"valueRequired\":true,\"valueName\":\"search_term_string\"}}],\"inLanguage\":\"fr-FR\"},{\"@type\":\"Organization\",\"@id\":\"https:\\\/\\\/www.webdo.tn\\\/fr\\\/#organization\",\"name\":\"Webdo\",\"alternateName\":\"Webdo.tn\",\"url\":\"https:\\\/\\\/www.webdo.tn\\\/fr\\\/\",\"logo\":{\"@type\":\"ImageObject\",\"inLanguage\":\"fr-FR\",\"@id\":\"https:\\\/\\\/www.webdo.tn\\\/fr\\\/#\\\/schema\\\/logo\\\/image\\\/\",\"url\":\"https:\\\/\\\/www.webdo.tn\\\/fr\\\/wp-content\\\/uploads\\\/2025\\\/06\\\/Webdo-Tunisie_168377.jpg\",\"contentUrl\":\"https:\\\/\\\/www.webdo.tn\\\/fr\\\/wp-content\\\/uploads\\\/2025\\\/06\\\/Webdo-Tunisie_168377.jpg\",\"width\":301,\"height\":301,\"caption\":\"Webdo\"},\"image\":{\"@id\":\"https:\\\/\\\/www.webdo.tn\\\/fr\\\/#\\\/schema\\\/logo\\\/image\\\/\"},\"sameAs\":[\"https:\\\/\\\/www.facebook.com\\\/webdotn\",\"https:\\\/\\\/x.com\\\/webdo_tn\"],\"description\":\"Webdo est un m\u00e9dia num\u00e9rique tunisien fond\u00e9 en 2010, sp\u00e9cialis\u00e9 dans l\u2019actualit\u00e9 nationale et internationale, l\u2019\u00e9conomie, la soci\u00e9t\u00e9 et les analyses politiques. Le site s\u2019adresse \u00e0 un large public francophone et couvre l\u2019information tunisienne en temps r\u00e9el.\",\"email\":\"redac@webdo.tn\",\"legalName\":\"YNJ SARL\",\"foundingDate\":\"2010-09-06\",\"numberOfEmployees\":{\"@type\":\"QuantitativeValue\",\"minValue\":\"11\",\"maxValue\":\"50\"}},{\"@type\":\"Person\",\"@id\":\"https:\\\/\\\/www.webdo.tn\\\/fr\\\/#\\\/schema\\\/person\\\/9a9c6118d687c117df8ef3cc36a4d175\",\"name\":\"webdo.tn\",\"image\":{\"@type\":\"ImageObject\",\"inLanguage\":\"fr-FR\",\"@id\":\"https:\\\/\\\/secure.gravatar.com\\\/avatar\\\/7ce1f28c0c3bbac99ff550b85ef8e44a6950c6ee24514fb6a5489e51d06f0298?s=96&d=mm&r=g\",\"url\":\"https:\\\/\\\/secure.gravatar.com\\\/avatar\\\/7ce1f28c0c3bbac99ff550b85ef8e44a6950c6ee24514fb6a5489e51d06f0298?s=96&d=mm&r=g\",\"contentUrl\":\"https:\\\/\\\/secure.gravatar.com\\\/avatar\\\/7ce1f28c0c3bbac99ff550b85ef8e44a6950c6ee24514fb6a5489e51d06f0298?s=96&d=mm&r=g\",\"caption\":\"webdo.tn\"},\"url\":\"https:\\\/\\\/www.webdo.tn\\\/fr\\\/actualite\\\/author\\\/webdotn\\\/\"}]}<\/script>\n<!-- \/ Yoast SEO Premium plugin. -->","yoast_head_json":{"title":"Minist\u00e8re de l'Int\u00e9rieur : Arrestation de huit \u00e9l\u00e9ments terroristes","description":"Minist\u00e8re de l'Int\u00e9rieur : Arrestation de huit \u00e9l\u00e9ments terroristes","canonical":"https:\/\/www.webdo.tn\/fr\/actualite\/terrorisme\/ministere-interieur-arrestation-huit-terroristes-sidi-bouzid-tunisie\/180089\/","og_locale":"fr_FR","og_type":"article","og_title":"Minist\u00e8re de l'Int\u00e9rieur : Arrestation de huit \"\u00e9l\u00e9ments terroristes\"","og_description":"Minist\u00e8re de l'Int\u00e9rieur : Arrestation de huit \u00e9l\u00e9ments terroristes","og_url":"https:\/\/www.webdo.tn\/fr\/actualite\/terrorisme\/ministere-interieur-arrestation-huit-terroristes-sidi-bouzid-tunisie\/180089\/","og_site_name":"webdo","article_publisher":"https:\/\/www.facebook.com\/webdotn","article_published_time":"2014-09-12T20:54:00+00:00","article_modified_time":"2025-05-22T13:05:02+00:00","og_image":[{"width":300,"height":200,"url":"https:\/\/www.webdo.tn\/fr\/wp-content\/uploads\/2014\/09\/ministere-de-l-interieur-sidi-bouzid-terroristes-300x200-1.jpg","type":"image\/jpeg"}],"author":"webdo.tn","twitter_card":"summary_large_image","twitter_creator":"@webdo_tn","twitter_site":"@webdo_tn","twitter_misc":{"\u00c9crit par":"webdo.tn"},"schema":{"@context":"https:\/\/schema.org","@graph":[{"@type":"NewsArticle","@id":"https:\/\/www.webdo.tn\/fr\/actualite\/terrorisme\/ministere-interieur-arrestation-huit-terroristes-sidi-bouzid-tunisie\/180089\/#article","isPartOf":{"@id":"https:\/\/www.webdo.tn\/fr\/actualite\/terrorisme\/ministere-interieur-arrestation-huit-terroristes-sidi-bouzid-tunisie\/180089\/"},"author":{"name":"webdo.tn","@id":"https:\/\/www.webdo.tn\/fr\/#\/schema\/person\/9a9c6118d687c117df8ef3cc36a4d175"},"headline":"Minist\u00e8re de l&rsquo;Int\u00e9rieur : Arrestation de huit \u00ab\u00a0\u00e9l\u00e9ments terroristes\u00a0\u00bb","datePublished":"2014-09-12T20:54:00+00:00","dateModified":"2025-05-22T13:05:02+00:00","mainEntityOfPage":{"@id":"https:\/\/www.webdo.tn\/fr\/actualite\/terrorisme\/ministere-interieur-arrestation-huit-terroristes-sidi-bouzid-tunisie\/180089\/"},"wordCount":111,"commentCount":0,"publisher":{"@id":"https:\/\/www.webdo.tn\/fr\/#organization"},"image":{"@id":"https:\/\/www.webdo.tn\/fr\/actualite\/terrorisme\/ministere-interieur-arrestation-huit-terroristes-sidi-bouzid-tunisie\/180089\/#primaryimage"},"thumbnailUrl":"https:\/\/www.webdo.tn\/fr\/wp-content\/uploads\/2014\/09\/ministere-de-l-interieur-sidi-bouzid-terroristes-300x200-1.jpg","articleSection":["Terrorisme"],"inLanguage":"fr-FR"},{"@type":"WebPage","@id":"https:\/\/www.webdo.tn\/fr\/actualite\/terrorisme\/ministere-interieur-arrestation-huit-terroristes-sidi-bouzid-tunisie\/180089\/","url":"https:\/\/www.webdo.tn\/fr\/actualite\/terrorisme\/ministere-interieur-arrestation-huit-terroristes-sidi-bouzid-tunisie\/180089\/","name":"Minist\u00e8re de l'Int\u00e9rieur : Arrestation de huit \u00e9l\u00e9ments terroristes","isPartOf":{"@id":"https:\/\/www.webdo.tn\/fr\/#website"},"primaryImageOfPage":{"@id":"https:\/\/www.webdo.tn\/fr\/actualite\/terrorisme\/ministere-interieur-arrestation-huit-terroristes-sidi-bouzid-tunisie\/180089\/#primaryimage"},"image":{"@id":"https:\/\/www.webdo.tn\/fr\/actualite\/terrorisme\/ministere-interieur-arrestation-huit-terroristes-sidi-bouzid-tunisie\/180089\/#primaryimage"},"thumbnailUrl":"https:\/\/www.webdo.tn\/fr\/wp-content\/uploads\/2014\/09\/ministere-de-l-interieur-sidi-bouzid-terroristes-300x200-1.jpg","datePublished":"2014-09-12T20:54:00+00:00","dateModified":"2025-05-22T13:05:02+00:00","description":"Minist\u00e8re de l'Int\u00e9rieur : Arrestation de huit \u00e9l\u00e9ments terroristes","breadcrumb":{"@id":"https:\/\/www.webdo.tn\/fr\/actualite\/terrorisme\/ministere-interieur-arrestation-huit-terroristes-sidi-bouzid-tunisie\/180089\/#breadcrumb"},"inLanguage":"fr-FR","potentialAction":[{"@type":"ReadAction","target":["https:\/\/www.webdo.tn\/fr\/actualite\/terrorisme\/ministere-interieur-arrestation-huit-terroristes-sidi-bouzid-tunisie\/180089\/"]}]},{"@type":"ImageObject","inLanguage":"fr-FR","@id":"https:\/\/www.webdo.tn\/fr\/actualite\/terrorisme\/ministere-interieur-arrestation-huit-terroristes-sidi-bouzid-tunisie\/180089\/#primaryimage","url":"https:\/\/www.webdo.tn\/fr\/wp-content\/uploads\/2014\/09\/ministere-de-l-interieur-sidi-bouzid-terroristes-300x200-1.jpg","contentUrl":"https:\/\/www.webdo.tn\/fr\/wp-content\/uploads\/2014\/09\/ministere-de-l-interieur-sidi-bouzid-terroristes-300x200-1.jpg","width":300,"height":200,"caption":"Minist\u00e8re de l'Int\u00e9rieur : Arrestation de huit \"\u00e9l\u00e9ments terroristes\""},{"@type":"BreadcrumbList","@id":"https:\/\/www.webdo.tn\/fr\/actualite\/terrorisme\/ministere-interieur-arrestation-huit-terroristes-sidi-bouzid-tunisie\/180089\/#breadcrumb","itemListElement":[{"@type":"ListItem","position":1,"name":"Accueil","item":"https:\/\/www.webdo.tn\/fr\/"},{"@type":"ListItem","position":2,"name":"Minist\u00e8re de l&rsquo;Int\u00e9rieur : Arrestation de huit \u00ab\u00a0\u00e9l\u00e9ments terroristes\u00a0\u00bb"}]},{"@type":"WebSite","@id":"https:\/\/www.webdo.tn\/fr\/#website","url":"https:\/\/www.webdo.tn\/fr\/","name":"webdo","description":"Tunisie - News en Tunisie et \u00e0 l&#039;international sur Webdo.tn","publisher":{"@id":"https:\/\/www.webdo.tn\/fr\/#organization"},"potentialAction":[{"@type":"SearchAction","target":{"@type":"EntryPoint","urlTemplate":"https:\/\/www.webdo.tn\/fr\/?s={search_term_string}"},"query-input":{"@type":"PropertyValueSpecification","valueRequired":true,"valueName":"search_term_string"}}],"inLanguage":"fr-FR"},{"@type":"Organization","@id":"https:\/\/www.webdo.tn\/fr\/#organization","name":"Webdo","alternateName":"Webdo.tn","url":"https:\/\/www.webdo.tn\/fr\/","logo":{"@type":"ImageObject","inLanguage":"fr-FR","@id":"https:\/\/www.webdo.tn\/fr\/#\/schema\/logo\/image\/","url":"https:\/\/www.webdo.tn\/fr\/wp-content\/uploads\/2025\/06\/Webdo-Tunisie_168377.jpg","contentUrl":"https:\/\/www.webdo.tn\/fr\/wp-content\/uploads\/2025\/06\/Webdo-Tunisie_168377.jpg","width":301,"height":301,"caption":"Webdo"},"image":{"@id":"https:\/\/www.webdo.tn\/fr\/#\/schema\/logo\/image\/"},"sameAs":["https:\/\/www.facebook.com\/webdotn","https:\/\/x.com\/webdo_tn"],"description":"Webdo est un m\u00e9dia num\u00e9rique tunisien fond\u00e9 en 2010, sp\u00e9cialis\u00e9 dans l\u2019actualit\u00e9 nationale et internationale, l\u2019\u00e9conomie, la soci\u00e9t\u00e9 et les analyses politiques. Le site s\u2019adresse \u00e0 un large public francophone et couvre l\u2019information tunisienne en temps r\u00e9el.","email":"redac@webdo.tn","legalName":"YNJ SARL","foundingDate":"2010-09-06","numberOfEmployees":{"@type":"QuantitativeValue","minValue":"11","maxValue":"50"}},{"@type":"Person","@id":"https:\/\/www.webdo.tn\/fr\/#\/schema\/person\/9a9c6118d687c117df8ef3cc36a4d175","name":"webdo.tn","image":{"@type":"ImageObject","inLanguage":"fr-FR","@id":"https:\/\/secure.gravatar.com\/avatar\/7ce1f28c0c3bbac99ff550b85ef8e44a6950c6ee24514fb6a5489e51d06f0298?s=96&d=mm&r=g","url":"https:\/\/secure.gravatar.com\/avatar\/7ce1f28c0c3bbac99ff550b85ef8e44a6950c6ee24514fb6a5489e51d06f0298?s=96&d=mm&r=g","contentUrl":"https:\/\/secure.gravatar.com\/avatar\/7ce1f28c0c3bbac99ff550b85ef8e44a6950c6ee24514fb6a5489e51d06f0298?s=96&d=mm&r=g","caption":"webdo.tn"},"url":"https:\/\/www.webdo.tn\/fr\/actualite\/author\/webdotn\/"}]}},"_links":{"self":[{"href":"https:\/\/www.webdo.tn\/fr\/wp-json\/wp\/v2\/posts\/180089","targetHints":{"allow":["GET"]}}],"collection":[{"href":"https:\/\/www.webdo.tn\/fr\/wp-json\/wp\/v2\/posts"}],"about":[{"href":"https:\/\/www.webdo.tn\/fr\/wp-json\/wp\/v2\/types\/post"}],"author":[{"embeddable":true,"href":"https:\/\/www.webdo.tn\/fr\/wp-json\/wp\/v2\/users\/3222"}],"replies":[{"embeddable":true,"href":"https:\/\/www.webdo.tn\/fr\/wp-json\/wp\/v2\/comments?post=180089"}],"version-history":[{"count":0,"href":"https:\/\/www.webdo.tn\/fr\/wp-json\/wp\/v2\/posts\/180089\/revisions"}],"wp:featuredmedia":[{"embeddable":true,"href":"https:\/\/www.webdo.tn\/fr\/wp-json\/wp\/v2\/media\/320390"}],"wp:attachment":[{"href":"https:\/\/www.webdo.tn\/fr\/wp-json\/wp\/v2\/media?parent=180089"}],"wp:term":[{"taxonomy":"category","embeddable":true,"href":"https:\/\/www.webdo.tn\/fr\/wp-json\/wp\/v2\/categories?post=180089"},{"taxonomy":"post_tag","embeddable":true,"href":"https:\/\/www.webdo.tn\/fr\/wp-json\/wp\/v2\/tags?post=180089"}],"curies":[{"name":"wp","href":"https:\/\/api.w.org\/{rel}","templated":true}]}}