{"id":180087,"date":"2014-09-17T10:23:00","date_gmt":"2014-09-17T10:23:00","guid":{"rendered":"https:\/\/www.webdo.tn\/fr\/blog\/tunisie-presume-terroriste-ete-tue-pres-djebal-semmama-lors-daffrontements-kasserine\/180087\/"},"modified":"2025-05-22T13:04:45","modified_gmt":"2025-05-22T13:04:45","slug":"tunisie-presume-terroriste-ete-tue-pres-djebal-semmama-lors-daffrontements-kasserine","status":"publish","type":"post","link":"https:\/\/www.webdo.tn\/fr\/actualite\/terrorisme\/tunisie-presume-terroriste-ete-tue-pres-djebal-semmama-lors-daffrontements-kasserine\/180087\/","title":{"rendered":"Deux pr\u00e9sum\u00e9s terroristes tu\u00e9s pr\u00e8s de djebal Semmama lors d&rsquo;affrontements"},"content":{"rendered":"<p>MISE A JOUR -Un deuxi\u00e8me terroriste a \u00e9t\u00e9 abattu ce mercredi 17 septembre vers 9h30 du matin \u00e0 Mazrag Chems dans le gouvernorat de Kasserine. Il portait une\u00a0kalachnikov et une ceinture explosive. \u00ab\u00a0Son corps a \u00e9t\u00e9 dispers\u00e9 en morceaux suite aux tirs mais son visage est rest\u00e9 intact\u00a0\u00bb, d&rsquo;apr\u00e8s notre correspondant.<\/p>\n<p>Dans la soir\u00e9e d&rsquo;hier, vers 10h, des confrontations ont eu lieu entre les forces arm\u00e9es et trois autres terroristes pr\u00e8s de djebal Semmama \u00e0 Kasserine.<\/p>\n<p>L&rsquo;un d&rsquo;eux a \u00e9t\u00e9 tu\u00e9 et se trouve actuellement \u00e0 la morgue \u00e0 l&rsquo;h\u00f4pital de Kasserine, d&rsquo;apr\u00e8s notre correspondant Mohamed Kachroudi.\u00a0L&rsquo;homme tu\u00e9 a environ la quarantaine et il n&rsquo;a pas l&rsquo;air affam\u00e9 ou en mauvais \u00e9tat.<\/p>\n<p>Les confrontations ont eu lieu sur la route Laayoun, vers Sbitla. Quatre jours plus t\u00f4t, deux voitures, une 206 et une DMAX, ont \u00e9t\u00e9 retrouv\u00e9es au m\u00eame endroit, transportant de la nourriture en grande quantit\u00e9 ; des habitants ont interpell\u00e9 les conducteurs mais ces derniers les ont battus.<\/p>\n<p>Hier, l&rsquo;affrontement a eu lieu au m\u00eame endroit. \u00ab\u00a0Depuis trois jours, l&rsquo;arm\u00e9e a commenc\u00e9 un ratissage et des bombardements \u00e0 djebal Semmama\u00a0\u00bb, nous affirme M. Kachroudi.<\/p>\n","protected":false},"excerpt":{"rendered":"<p>Deux pr\u00e9sum\u00e9s terroristes tu\u00e9s pr\u00e8s de djebal Semmama lors d&rsquo;affrontements<\/p>\n","protected":false},"author":3222,"featured_media":331451,"comment_status":"open","ping_status":"closed","sticky":false,"template":"","format":"standard","meta":{"footnotes":""},"categories":[11342],"tags":[],"class_list":["post-180087","post","type-post","status-publish","format-standard","has-post-thumbnail","hentry","category-terrorisme"],"yoast_head":"<!-- This site is optimized with the Yoast SEO Premium plugin v27.5 (Yoast SEO v27.5) - https:\/\/yoast.com\/product\/yoast-seo-premium-wordpress\/ -->\n<title>Deux pr\u00e9sum\u00e9s terroristes tu\u00e9s pr\u00e8s de djebal Semmama lors d&#039;affrontements<\/title>\n<meta name=\"description\" content=\"Deux pr\u00e9sum\u00e9s terroristes tu\u00e9s pr\u00e8s de djebal Semmama lors d&#039;affrontements\" \/>\n<link rel=\"canonical\" href=\"https:\/\/www.webdo.tn\/fr\/actualite\/terrorisme\/tunisie-presume-terroriste-ete-tue-pres-djebal-semmama-lors-daffrontements-kasserine\/180087\/\" \/>\n<meta property=\"og:locale\" content=\"fr_FR\" \/>\n<meta property=\"og:type\" content=\"article\" \/>\n<meta property=\"og:title\" content=\"Deux pr\u00e9sum\u00e9s terroristes tu\u00e9s pr\u00e8s de djebal Semmama lors d&#039;affrontements\" \/>\n<meta property=\"og:description\" content=\"Deux pr\u00e9sum\u00e9s terroristes tu\u00e9s pr\u00e8s de djebal Semmama lors d&#039;affrontements\" \/>\n<meta property=\"og:url\" content=\"https:\/\/www.webdo.tn\/fr\/actualite\/terrorisme\/tunisie-presume-terroriste-ete-tue-pres-djebal-semmama-lors-daffrontements-kasserine\/180087\/\" \/>\n<meta property=\"og:site_name\" content=\"webdo\" \/>\n<meta property=\"article:publisher\" content=\"https:\/\/www.facebook.com\/webdotn\" \/>\n<meta property=\"article:published_time\" content=\"2014-09-17T10:23:00+00:00\" \/>\n<meta property=\"article:modified_time\" content=\"2025-05-22T13:04:45+00:00\" \/>\n<meta property=\"og:image\" content=\"https:\/\/www.webdo.tn\/fr\/wp-content\/uploads\/2014\/09\/Kasserine-Massif-montagneux-Semmama.jpg\" \/>\n\t<meta property=\"og:image:width\" content=\"519\" \/>\n\t<meta property=\"og:image:height\" content=\"293\" \/>\n\t<meta property=\"og:image:type\" content=\"image\/jpeg\" \/>\n<meta name=\"author\" content=\"webdo.tn\" \/>\n<meta name=\"twitter:card\" content=\"summary_large_image\" \/>\n<meta name=\"twitter:creator\" content=\"@webdo_tn\" \/>\n<meta name=\"twitter:site\" content=\"@webdo_tn\" \/>\n<meta name=\"twitter:label1\" content=\"\u00c9crit par\" \/>\n\t<meta name=\"twitter:data1\" content=\"webdo.tn\" \/>\n\t<meta name=\"twitter:label2\" content=\"Dur\u00e9e de lecture estim\u00e9e\" \/>\n\t<meta name=\"twitter:data2\" content=\"1 minute\" \/>\n<script type=\"application\/ld+json\" class=\"yoast-schema-graph\">{\"@context\":\"https:\\\/\\\/schema.org\",\"@graph\":[{\"@type\":\"NewsArticle\",\"@id\":\"https:\\\/\\\/www.webdo.tn\\\/fr\\\/actualite\\\/terrorisme\\\/tunisie-presume-terroriste-ete-tue-pres-djebal-semmama-lors-daffrontements-kasserine\\\/180087\\\/#article\",\"isPartOf\":{\"@id\":\"https:\\\/\\\/www.webdo.tn\\\/fr\\\/actualite\\\/terrorisme\\\/tunisie-presume-terroriste-ete-tue-pres-djebal-semmama-lors-daffrontements-kasserine\\\/180087\\\/\"},\"author\":{\"name\":\"webdo.tn\",\"@id\":\"https:\\\/\\\/www.webdo.tn\\\/fr\\\/#\\\/schema\\\/person\\\/9a9c6118d687c117df8ef3cc36a4d175\"},\"headline\":\"Deux pr\u00e9sum\u00e9s terroristes tu\u00e9s pr\u00e8s de djebal Semmama lors d&rsquo;affrontements\",\"datePublished\":\"2014-09-17T10:23:00+00:00\",\"dateModified\":\"2025-05-22T13:04:45+00:00\",\"mainEntityOfPage\":{\"@id\":\"https:\\\/\\\/www.webdo.tn\\\/fr\\\/actualite\\\/terrorisme\\\/tunisie-presume-terroriste-ete-tue-pres-djebal-semmama-lors-daffrontements-kasserine\\\/180087\\\/\"},\"wordCount\":218,\"commentCount\":0,\"publisher\":{\"@id\":\"https:\\\/\\\/www.webdo.tn\\\/fr\\\/#organization\"},\"image\":{\"@id\":\"https:\\\/\\\/www.webdo.tn\\\/fr\\\/actualite\\\/terrorisme\\\/tunisie-presume-terroriste-ete-tue-pres-djebal-semmama-lors-daffrontements-kasserine\\\/180087\\\/#primaryimage\"},\"thumbnailUrl\":\"https:\\\/\\\/www.webdo.tn\\\/fr\\\/wp-content\\\/uploads\\\/2014\\\/09\\\/Kasserine-Massif-montagneux-Semmama.jpg\",\"articleSection\":[\"Terrorisme\"],\"inLanguage\":\"fr-FR\"},{\"@type\":\"WebPage\",\"@id\":\"https:\\\/\\\/www.webdo.tn\\\/fr\\\/actualite\\\/terrorisme\\\/tunisie-presume-terroriste-ete-tue-pres-djebal-semmama-lors-daffrontements-kasserine\\\/180087\\\/\",\"url\":\"https:\\\/\\\/www.webdo.tn\\\/fr\\\/actualite\\\/terrorisme\\\/tunisie-presume-terroriste-ete-tue-pres-djebal-semmama-lors-daffrontements-kasserine\\\/180087\\\/\",\"name\":\"Deux pr\u00e9sum\u00e9s terroristes tu\u00e9s pr\u00e8s de djebal Semmama lors d'affrontements\",\"isPartOf\":{\"@id\":\"https:\\\/\\\/www.webdo.tn\\\/fr\\\/#website\"},\"primaryImageOfPage\":{\"@id\":\"https:\\\/\\\/www.webdo.tn\\\/fr\\\/actualite\\\/terrorisme\\\/tunisie-presume-terroriste-ete-tue-pres-djebal-semmama-lors-daffrontements-kasserine\\\/180087\\\/#primaryimage\"},\"image\":{\"@id\":\"https:\\\/\\\/www.webdo.tn\\\/fr\\\/actualite\\\/terrorisme\\\/tunisie-presume-terroriste-ete-tue-pres-djebal-semmama-lors-daffrontements-kasserine\\\/180087\\\/#primaryimage\"},\"thumbnailUrl\":\"https:\\\/\\\/www.webdo.tn\\\/fr\\\/wp-content\\\/uploads\\\/2014\\\/09\\\/Kasserine-Massif-montagneux-Semmama.jpg\",\"datePublished\":\"2014-09-17T10:23:00+00:00\",\"dateModified\":\"2025-05-22T13:04:45+00:00\",\"description\":\"Deux pr\u00e9sum\u00e9s terroristes tu\u00e9s pr\u00e8s de djebal Semmama lors d'affrontements\",\"breadcrumb\":{\"@id\":\"https:\\\/\\\/www.webdo.tn\\\/fr\\\/actualite\\\/terrorisme\\\/tunisie-presume-terroriste-ete-tue-pres-djebal-semmama-lors-daffrontements-kasserine\\\/180087\\\/#breadcrumb\"},\"inLanguage\":\"fr-FR\",\"potentialAction\":[{\"@type\":\"ReadAction\",\"target\":[\"https:\\\/\\\/www.webdo.tn\\\/fr\\\/actualite\\\/terrorisme\\\/tunisie-presume-terroriste-ete-tue-pres-djebal-semmama-lors-daffrontements-kasserine\\\/180087\\\/\"]}]},{\"@type\":\"ImageObject\",\"inLanguage\":\"fr-FR\",\"@id\":\"https:\\\/\\\/www.webdo.tn\\\/fr\\\/actualite\\\/terrorisme\\\/tunisie-presume-terroriste-ete-tue-pres-djebal-semmama-lors-daffrontements-kasserine\\\/180087\\\/#primaryimage\",\"url\":\"https:\\\/\\\/www.webdo.tn\\\/fr\\\/wp-content\\\/uploads\\\/2014\\\/09\\\/Kasserine-Massif-montagneux-Semmama.jpg\",\"contentUrl\":\"https:\\\/\\\/www.webdo.tn\\\/fr\\\/wp-content\\\/uploads\\\/2014\\\/09\\\/Kasserine-Massif-montagneux-Semmama.jpg\",\"width\":519,\"height\":293,\"caption\":\"Deux pr\u00e9sum\u00e9s terroristes tu\u00e9s pr\u00e8s de djebal Semmama lors d'affrontements\"},{\"@type\":\"BreadcrumbList\",\"@id\":\"https:\\\/\\\/www.webdo.tn\\\/fr\\\/actualite\\\/terrorisme\\\/tunisie-presume-terroriste-ete-tue-pres-djebal-semmama-lors-daffrontements-kasserine\\\/180087\\\/#breadcrumb\",\"itemListElement\":[{\"@type\":\"ListItem\",\"position\":1,\"name\":\"Accueil\",\"item\":\"https:\\\/\\\/www.webdo.tn\\\/fr\\\/\"},{\"@type\":\"ListItem\",\"position\":2,\"name\":\"Deux pr\u00e9sum\u00e9s terroristes tu\u00e9s pr\u00e8s de djebal Semmama lors d&rsquo;affrontements\"}]},{\"@type\":\"WebSite\",\"@id\":\"https:\\\/\\\/www.webdo.tn\\\/fr\\\/#website\",\"url\":\"https:\\\/\\\/www.webdo.tn\\\/fr\\\/\",\"name\":\"webdo\",\"description\":\"Tunisie - News en Tunisie et \u00e0 l&#039;international sur Webdo.tn\",\"publisher\":{\"@id\":\"https:\\\/\\\/www.webdo.tn\\\/fr\\\/#organization\"},\"potentialAction\":[{\"@type\":\"SearchAction\",\"target\":{\"@type\":\"EntryPoint\",\"urlTemplate\":\"https:\\\/\\\/www.webdo.tn\\\/fr\\\/?s={search_term_string}\"},\"query-input\":{\"@type\":\"PropertyValueSpecification\",\"valueRequired\":true,\"valueName\":\"search_term_string\"}}],\"inLanguage\":\"fr-FR\"},{\"@type\":\"Organization\",\"@id\":\"https:\\\/\\\/www.webdo.tn\\\/fr\\\/#organization\",\"name\":\"Webdo\",\"alternateName\":\"Webdo.tn\",\"url\":\"https:\\\/\\\/www.webdo.tn\\\/fr\\\/\",\"logo\":{\"@type\":\"ImageObject\",\"inLanguage\":\"fr-FR\",\"@id\":\"https:\\\/\\\/www.webdo.tn\\\/fr\\\/#\\\/schema\\\/logo\\\/image\\\/\",\"url\":\"https:\\\/\\\/www.webdo.tn\\\/fr\\\/wp-content\\\/uploads\\\/2025\\\/06\\\/Webdo-Tunisie_168377.jpg\",\"contentUrl\":\"https:\\\/\\\/www.webdo.tn\\\/fr\\\/wp-content\\\/uploads\\\/2025\\\/06\\\/Webdo-Tunisie_168377.jpg\",\"width\":301,\"height\":301,\"caption\":\"Webdo\"},\"image\":{\"@id\":\"https:\\\/\\\/www.webdo.tn\\\/fr\\\/#\\\/schema\\\/logo\\\/image\\\/\"},\"sameAs\":[\"https:\\\/\\\/www.facebook.com\\\/webdotn\",\"https:\\\/\\\/x.com\\\/webdo_tn\"],\"description\":\"Webdo est un m\u00e9dia num\u00e9rique tunisien fond\u00e9 en 2010, sp\u00e9cialis\u00e9 dans l\u2019actualit\u00e9 nationale et internationale, l\u2019\u00e9conomie, la soci\u00e9t\u00e9 et les analyses politiques. Le site s\u2019adresse \u00e0 un large public francophone et couvre l\u2019information tunisienne en temps r\u00e9el.\",\"email\":\"redac@webdo.tn\",\"legalName\":\"YNJ SARL\",\"foundingDate\":\"2010-09-06\",\"numberOfEmployees\":{\"@type\":\"QuantitativeValue\",\"minValue\":\"11\",\"maxValue\":\"50\"}},{\"@type\":\"Person\",\"@id\":\"https:\\\/\\\/www.webdo.tn\\\/fr\\\/#\\\/schema\\\/person\\\/9a9c6118d687c117df8ef3cc36a4d175\",\"name\":\"webdo.tn\",\"image\":{\"@type\":\"ImageObject\",\"inLanguage\":\"fr-FR\",\"@id\":\"https:\\\/\\\/secure.gravatar.com\\\/avatar\\\/7ce1f28c0c3bbac99ff550b85ef8e44a6950c6ee24514fb6a5489e51d06f0298?s=96&d=mm&r=g\",\"url\":\"https:\\\/\\\/secure.gravatar.com\\\/avatar\\\/7ce1f28c0c3bbac99ff550b85ef8e44a6950c6ee24514fb6a5489e51d06f0298?s=96&d=mm&r=g\",\"contentUrl\":\"https:\\\/\\\/secure.gravatar.com\\\/avatar\\\/7ce1f28c0c3bbac99ff550b85ef8e44a6950c6ee24514fb6a5489e51d06f0298?s=96&d=mm&r=g\",\"caption\":\"webdo.tn\"},\"url\":\"https:\\\/\\\/www.webdo.tn\\\/fr\\\/actualite\\\/author\\\/webdotn\\\/\"}]}<\/script>\n<!-- \/ Yoast SEO Premium plugin. -->","yoast_head_json":{"title":"Deux pr\u00e9sum\u00e9s terroristes tu\u00e9s pr\u00e8s de djebal Semmama lors d'affrontements","description":"Deux pr\u00e9sum\u00e9s terroristes tu\u00e9s pr\u00e8s de djebal Semmama lors d'affrontements","canonical":"https:\/\/www.webdo.tn\/fr\/actualite\/terrorisme\/tunisie-presume-terroriste-ete-tue-pres-djebal-semmama-lors-daffrontements-kasserine\/180087\/","og_locale":"fr_FR","og_type":"article","og_title":"Deux pr\u00e9sum\u00e9s terroristes tu\u00e9s pr\u00e8s de djebal Semmama lors d'affrontements","og_description":"Deux pr\u00e9sum\u00e9s terroristes tu\u00e9s pr\u00e8s de djebal Semmama lors d'affrontements","og_url":"https:\/\/www.webdo.tn\/fr\/actualite\/terrorisme\/tunisie-presume-terroriste-ete-tue-pres-djebal-semmama-lors-daffrontements-kasserine\/180087\/","og_site_name":"webdo","article_publisher":"https:\/\/www.facebook.com\/webdotn","article_published_time":"2014-09-17T10:23:00+00:00","article_modified_time":"2025-05-22T13:04:45+00:00","og_image":[{"width":519,"height":293,"url":"https:\/\/www.webdo.tn\/fr\/wp-content\/uploads\/2014\/09\/Kasserine-Massif-montagneux-Semmama.jpg","type":"image\/jpeg"}],"author":"webdo.tn","twitter_card":"summary_large_image","twitter_creator":"@webdo_tn","twitter_site":"@webdo_tn","twitter_misc":{"\u00c9crit par":"webdo.tn","Dur\u00e9e de lecture estim\u00e9e":"1 minute"},"schema":{"@context":"https:\/\/schema.org","@graph":[{"@type":"NewsArticle","@id":"https:\/\/www.webdo.tn\/fr\/actualite\/terrorisme\/tunisie-presume-terroriste-ete-tue-pres-djebal-semmama-lors-daffrontements-kasserine\/180087\/#article","isPartOf":{"@id":"https:\/\/www.webdo.tn\/fr\/actualite\/terrorisme\/tunisie-presume-terroriste-ete-tue-pres-djebal-semmama-lors-daffrontements-kasserine\/180087\/"},"author":{"name":"webdo.tn","@id":"https:\/\/www.webdo.tn\/fr\/#\/schema\/person\/9a9c6118d687c117df8ef3cc36a4d175"},"headline":"Deux pr\u00e9sum\u00e9s terroristes tu\u00e9s pr\u00e8s de djebal Semmama lors d&rsquo;affrontements","datePublished":"2014-09-17T10:23:00+00:00","dateModified":"2025-05-22T13:04:45+00:00","mainEntityOfPage":{"@id":"https:\/\/www.webdo.tn\/fr\/actualite\/terrorisme\/tunisie-presume-terroriste-ete-tue-pres-djebal-semmama-lors-daffrontements-kasserine\/180087\/"},"wordCount":218,"commentCount":0,"publisher":{"@id":"https:\/\/www.webdo.tn\/fr\/#organization"},"image":{"@id":"https:\/\/www.webdo.tn\/fr\/actualite\/terrorisme\/tunisie-presume-terroriste-ete-tue-pres-djebal-semmama-lors-daffrontements-kasserine\/180087\/#primaryimage"},"thumbnailUrl":"https:\/\/www.webdo.tn\/fr\/wp-content\/uploads\/2014\/09\/Kasserine-Massif-montagneux-Semmama.jpg","articleSection":["Terrorisme"],"inLanguage":"fr-FR"},{"@type":"WebPage","@id":"https:\/\/www.webdo.tn\/fr\/actualite\/terrorisme\/tunisie-presume-terroriste-ete-tue-pres-djebal-semmama-lors-daffrontements-kasserine\/180087\/","url":"https:\/\/www.webdo.tn\/fr\/actualite\/terrorisme\/tunisie-presume-terroriste-ete-tue-pres-djebal-semmama-lors-daffrontements-kasserine\/180087\/","name":"Deux pr\u00e9sum\u00e9s terroristes tu\u00e9s pr\u00e8s de djebal Semmama lors d'affrontements","isPartOf":{"@id":"https:\/\/www.webdo.tn\/fr\/#website"},"primaryImageOfPage":{"@id":"https:\/\/www.webdo.tn\/fr\/actualite\/terrorisme\/tunisie-presume-terroriste-ete-tue-pres-djebal-semmama-lors-daffrontements-kasserine\/180087\/#primaryimage"},"image":{"@id":"https:\/\/www.webdo.tn\/fr\/actualite\/terrorisme\/tunisie-presume-terroriste-ete-tue-pres-djebal-semmama-lors-daffrontements-kasserine\/180087\/#primaryimage"},"thumbnailUrl":"https:\/\/www.webdo.tn\/fr\/wp-content\/uploads\/2014\/09\/Kasserine-Massif-montagneux-Semmama.jpg","datePublished":"2014-09-17T10:23:00+00:00","dateModified":"2025-05-22T13:04:45+00:00","description":"Deux pr\u00e9sum\u00e9s terroristes tu\u00e9s pr\u00e8s de djebal Semmama lors d'affrontements","breadcrumb":{"@id":"https:\/\/www.webdo.tn\/fr\/actualite\/terrorisme\/tunisie-presume-terroriste-ete-tue-pres-djebal-semmama-lors-daffrontements-kasserine\/180087\/#breadcrumb"},"inLanguage":"fr-FR","potentialAction":[{"@type":"ReadAction","target":["https:\/\/www.webdo.tn\/fr\/actualite\/terrorisme\/tunisie-presume-terroriste-ete-tue-pres-djebal-semmama-lors-daffrontements-kasserine\/180087\/"]}]},{"@type":"ImageObject","inLanguage":"fr-FR","@id":"https:\/\/www.webdo.tn\/fr\/actualite\/terrorisme\/tunisie-presume-terroriste-ete-tue-pres-djebal-semmama-lors-daffrontements-kasserine\/180087\/#primaryimage","url":"https:\/\/www.webdo.tn\/fr\/wp-content\/uploads\/2014\/09\/Kasserine-Massif-montagneux-Semmama.jpg","contentUrl":"https:\/\/www.webdo.tn\/fr\/wp-content\/uploads\/2014\/09\/Kasserine-Massif-montagneux-Semmama.jpg","width":519,"height":293,"caption":"Deux pr\u00e9sum\u00e9s terroristes tu\u00e9s pr\u00e8s de djebal Semmama lors d'affrontements"},{"@type":"BreadcrumbList","@id":"https:\/\/www.webdo.tn\/fr\/actualite\/terrorisme\/tunisie-presume-terroriste-ete-tue-pres-djebal-semmama-lors-daffrontements-kasserine\/180087\/#breadcrumb","itemListElement":[{"@type":"ListItem","position":1,"name":"Accueil","item":"https:\/\/www.webdo.tn\/fr\/"},{"@type":"ListItem","position":2,"name":"Deux pr\u00e9sum\u00e9s terroristes tu\u00e9s pr\u00e8s de djebal Semmama lors d&rsquo;affrontements"}]},{"@type":"WebSite","@id":"https:\/\/www.webdo.tn\/fr\/#website","url":"https:\/\/www.webdo.tn\/fr\/","name":"webdo","description":"Tunisie - News en Tunisie et \u00e0 l&#039;international sur Webdo.tn","publisher":{"@id":"https:\/\/www.webdo.tn\/fr\/#organization"},"potentialAction":[{"@type":"SearchAction","target":{"@type":"EntryPoint","urlTemplate":"https:\/\/www.webdo.tn\/fr\/?s={search_term_string}"},"query-input":{"@type":"PropertyValueSpecification","valueRequired":true,"valueName":"search_term_string"}}],"inLanguage":"fr-FR"},{"@type":"Organization","@id":"https:\/\/www.webdo.tn\/fr\/#organization","name":"Webdo","alternateName":"Webdo.tn","url":"https:\/\/www.webdo.tn\/fr\/","logo":{"@type":"ImageObject","inLanguage":"fr-FR","@id":"https:\/\/www.webdo.tn\/fr\/#\/schema\/logo\/image\/","url":"https:\/\/www.webdo.tn\/fr\/wp-content\/uploads\/2025\/06\/Webdo-Tunisie_168377.jpg","contentUrl":"https:\/\/www.webdo.tn\/fr\/wp-content\/uploads\/2025\/06\/Webdo-Tunisie_168377.jpg","width":301,"height":301,"caption":"Webdo"},"image":{"@id":"https:\/\/www.webdo.tn\/fr\/#\/schema\/logo\/image\/"},"sameAs":["https:\/\/www.facebook.com\/webdotn","https:\/\/x.com\/webdo_tn"],"description":"Webdo est un m\u00e9dia num\u00e9rique tunisien fond\u00e9 en 2010, sp\u00e9cialis\u00e9 dans l\u2019actualit\u00e9 nationale et internationale, l\u2019\u00e9conomie, la soci\u00e9t\u00e9 et les analyses politiques. Le site s\u2019adresse \u00e0 un large public francophone et couvre l\u2019information tunisienne en temps r\u00e9el.","email":"redac@webdo.tn","legalName":"YNJ SARL","foundingDate":"2010-09-06","numberOfEmployees":{"@type":"QuantitativeValue","minValue":"11","maxValue":"50"}},{"@type":"Person","@id":"https:\/\/www.webdo.tn\/fr\/#\/schema\/person\/9a9c6118d687c117df8ef3cc36a4d175","name":"webdo.tn","image":{"@type":"ImageObject","inLanguage":"fr-FR","@id":"https:\/\/secure.gravatar.com\/avatar\/7ce1f28c0c3bbac99ff550b85ef8e44a6950c6ee24514fb6a5489e51d06f0298?s=96&d=mm&r=g","url":"https:\/\/secure.gravatar.com\/avatar\/7ce1f28c0c3bbac99ff550b85ef8e44a6950c6ee24514fb6a5489e51d06f0298?s=96&d=mm&r=g","contentUrl":"https:\/\/secure.gravatar.com\/avatar\/7ce1f28c0c3bbac99ff550b85ef8e44a6950c6ee24514fb6a5489e51d06f0298?s=96&d=mm&r=g","caption":"webdo.tn"},"url":"https:\/\/www.webdo.tn\/fr\/actualite\/author\/webdotn\/"}]}},"_links":{"self":[{"href":"https:\/\/www.webdo.tn\/fr\/wp-json\/wp\/v2\/posts\/180087","targetHints":{"allow":["GET"]}}],"collection":[{"href":"https:\/\/www.webdo.tn\/fr\/wp-json\/wp\/v2\/posts"}],"about":[{"href":"https:\/\/www.webdo.tn\/fr\/wp-json\/wp\/v2\/types\/post"}],"author":[{"embeddable":true,"href":"https:\/\/www.webdo.tn\/fr\/wp-json\/wp\/v2\/users\/3222"}],"replies":[{"embeddable":true,"href":"https:\/\/www.webdo.tn\/fr\/wp-json\/wp\/v2\/comments?post=180087"}],"version-history":[{"count":0,"href":"https:\/\/www.webdo.tn\/fr\/wp-json\/wp\/v2\/posts\/180087\/revisions"}],"wp:featuredmedia":[{"embeddable":true,"href":"https:\/\/www.webdo.tn\/fr\/wp-json\/wp\/v2\/media\/331451"}],"wp:attachment":[{"href":"https:\/\/www.webdo.tn\/fr\/wp-json\/wp\/v2\/media?parent=180087"}],"wp:term":[{"taxonomy":"category","embeddable":true,"href":"https:\/\/www.webdo.tn\/fr\/wp-json\/wp\/v2\/categories?post=180087"},{"taxonomy":"post_tag","embeddable":true,"href":"https:\/\/www.webdo.tn\/fr\/wp-json\/wp\/v2\/tags?post=180087"}],"curies":[{"name":"wp","href":"https:\/\/api.w.org\/{rel}","templated":true}]}}