{"id":180085,"date":"2014-09-18T13:26:00","date_gmt":"2014-09-18T13:26:00","guid":{"rendered":"https:\/\/www.webdo.tn\/fr\/blog\/officiel-presume-terroriste-mohamed-ali-gharbi-arrete-ainsi-26-autres-personnes\/180085\/"},"modified":"2025-05-22T13:21:43","modified_gmt":"2025-05-22T13:21:43","slug":"officiel-presume-terroriste-mohamed-ali-gharbi-arrete-ainsi-26-autres-personnes","status":"publish","type":"post","link":"https:\/\/www.webdo.tn\/fr\/actualite\/terrorisme\/officiel-presume-terroriste-mohamed-ali-gharbi-arrete-ainsi-26-autres-personnes\/180085\/","title":{"rendered":"Officiel : Cinq pr\u00e9sum\u00e9s terroristes recherch\u00e9s par les autorit\u00e9s"},"content":{"rendered":"<p>Lors d&rsquo;une conf\u00e9rence de presse conjointe des minist\u00e8res de l&rsquo;Int\u00e9rieur et de la D\u00e9fense tenue ce jeudi 18 septembre \u00e0 la pr\u00e9sidence du gouvernement, le porte-parole du minist\u00e8re de l&rsquo;Int\u00e9rieur Mohamed Ali Laroui a confirm\u00e9 l&rsquo;arrestation du pr\u00e9sum\u00e9 terroriste Mohamed Ali Gharbi, qui \u00e9tait auparavant en fuite. \u00ab\u00a0Nous avons annonc\u00e9 cela dimanche dernier sans donner son nom pour des raisons s\u00e9curitaires,\u00a0\u00bb a-t-il expliqu\u00e9.<\/p>\n<p>En total, 26 personnes reli\u00e9es au r\u00e9seau de Lokman Abou Sakhr et qatibat Okba Ibn Nafaa ont \u00e9t\u00e9 arr\u00eat\u00e9es jusqu&rsquo;\u00e0 maintenant.<\/p>\n<p>Mohamed Ali Laroui est \u00e9galement revenu sur\u00a0les affrontements qui ont eu lieu dans la nuit du mardi 16 au mercredi 17 septembre \u00e0 Kasserine, pr\u00e8s de Jbel Semmama. Il a pr\u00e9cis\u00e9 que les deux pr\u00e9sum\u00e9s terroristes tu\u00e9s par les forces arm\u00e9es se nommaient\u00a0Marwen Ichaoui\u00a0et\u00a0N\u00e9ji Hafsaoui, et qu&rsquo;ils \u00e9taient de nationalit\u00e9 tunisienne.<\/p>\n<p>D&rsquo;apr\u00e8s M. Laroui, ces deux personnes tu\u00e9es \u00e9taient impliqu\u00e9es dans l&rsquo;attaque contre la maison du ministre de l&rsquo;Int\u00e9rieur Lotfi Ben Jeddou qui a eu lieu le mois de mai dernier.<\/p>\n<p>Cinq pr\u00e9sum\u00e9s terroristes recherch\u00e9s par les autorit\u00e9s\u00a0<\/p>\n<p>Cinq terroristes pr\u00e9sum\u00e9s sont encore en fuite, a pr\u00e9cis\u00e9 le porte-parole du minist\u00e8re de l&rsquo;Int\u00e9rieur :<\/p>\n<p> Marwen Mhamdi<br \/>\n Majdi Jalali<br \/>\n Hichem Mnafki<br \/>\n H\u00e9ni\u00a0Ncibi<br \/>\n Lokmane Abou Sakhr<\/p>\n<p>M. Laroui a appel\u00e9 les citoyens \u00e0 contacter les autorit\u00e9s dans le cas o\u00f9 ils auraient des informations \u00e0 leur sujet. Sur sa page facebook, le minist\u00e8re de l&rsquo;Int\u00e9rieur a partag\u00e9 quatre de leurs photos, sauf celle de Hani Ncibi.<\/p>\n","protected":false},"excerpt":{"rendered":"<p>Officiel : Cinq pr\u00e9sum\u00e9s terroristes recherch\u00e9s par les autorit\u00e9s<\/p>\n","protected":false},"author":3222,"featured_media":334996,"comment_status":"open","ping_status":"closed","sticky":false,"template":"","format":"standard","meta":{"footnotes":""},"categories":[11342],"tags":[],"class_list":["post-180085","post","type-post","status-publish","format-standard","has-post-thumbnail","hentry","category-terrorisme"],"yoast_head":"<!-- This site is optimized with the Yoast SEO Premium plugin v27.5 (Yoast SEO v27.5) - https:\/\/yoast.com\/product\/yoast-seo-premium-wordpress\/ -->\n<title>Officiel : Cinq pr\u00e9sum\u00e9s terroristes recherch\u00e9s par les autorit\u00e9s<\/title>\n<meta name=\"description\" content=\"Officiel : Cinq pr\u00e9sum\u00e9s terroristes recherch\u00e9s par les autorit\u00e9s\" \/>\n<link rel=\"canonical\" href=\"https:\/\/www.webdo.tn\/fr\/actualite\/terrorisme\/officiel-presume-terroriste-mohamed-ali-gharbi-arrete-ainsi-26-autres-personnes\/180085\/\" \/>\n<meta property=\"og:locale\" content=\"fr_FR\" \/>\n<meta property=\"og:type\" content=\"article\" \/>\n<meta property=\"og:title\" content=\"Officiel : Cinq pr\u00e9sum\u00e9s terroristes recherch\u00e9s par les autorit\u00e9s\" \/>\n<meta property=\"og:description\" content=\"Officiel : Cinq pr\u00e9sum\u00e9s terroristes recherch\u00e9s par les autorit\u00e9s\" \/>\n<meta property=\"og:url\" content=\"https:\/\/www.webdo.tn\/fr\/actualite\/terrorisme\/officiel-presume-terroriste-mohamed-ali-gharbi-arrete-ainsi-26-autres-personnes\/180085\/\" \/>\n<meta property=\"og:site_name\" content=\"webdo\" \/>\n<meta property=\"article:publisher\" content=\"https:\/\/www.facebook.com\/webdotn\" \/>\n<meta property=\"article:published_time\" content=\"2014-09-18T13:26:00+00:00\" \/>\n<meta property=\"article:modified_time\" content=\"2025-05-22T13:21:43+00:00\" \/>\n<meta property=\"og:image\" content=\"https:\/\/www.webdo.tn\/fr\/wp-content\/uploads\/2014\/09\/Mohamed-Ali-Aroui-et-Belhassen-Oueslati-e1411057588728.jpg\" \/>\n\t<meta property=\"og:image:width\" content=\"300\" \/>\n\t<meta property=\"og:image:height\" content=\"300\" \/>\n\t<meta property=\"og:image:type\" content=\"image\/jpeg\" \/>\n<meta name=\"author\" content=\"webdo.tn\" \/>\n<meta name=\"twitter:card\" content=\"summary_large_image\" \/>\n<meta name=\"twitter:creator\" content=\"@webdo_tn\" \/>\n<meta name=\"twitter:site\" content=\"@webdo_tn\" \/>\n<meta name=\"twitter:label1\" content=\"\u00c9crit par\" \/>\n\t<meta name=\"twitter:data1\" content=\"webdo.tn\" \/>\n\t<meta name=\"twitter:label2\" content=\"Dur\u00e9e de lecture estim\u00e9e\" \/>\n\t<meta name=\"twitter:data2\" content=\"1 minute\" \/>\n<script type=\"application\/ld+json\" class=\"yoast-schema-graph\">{\"@context\":\"https:\\\/\\\/schema.org\",\"@graph\":[{\"@type\":\"NewsArticle\",\"@id\":\"https:\\\/\\\/www.webdo.tn\\\/fr\\\/actualite\\\/terrorisme\\\/officiel-presume-terroriste-mohamed-ali-gharbi-arrete-ainsi-26-autres-personnes\\\/180085\\\/#article\",\"isPartOf\":{\"@id\":\"https:\\\/\\\/www.webdo.tn\\\/fr\\\/actualite\\\/terrorisme\\\/officiel-presume-terroriste-mohamed-ali-gharbi-arrete-ainsi-26-autres-personnes\\\/180085\\\/\"},\"author\":{\"name\":\"webdo.tn\",\"@id\":\"https:\\\/\\\/www.webdo.tn\\\/fr\\\/#\\\/schema\\\/person\\\/9a9c6118d687c117df8ef3cc36a4d175\"},\"headline\":\"Officiel : Cinq pr\u00e9sum\u00e9s terroristes recherch\u00e9s par les autorit\u00e9s\",\"datePublished\":\"2014-09-18T13:26:00+00:00\",\"dateModified\":\"2025-05-22T13:21:43+00:00\",\"mainEntityOfPage\":{\"@id\":\"https:\\\/\\\/www.webdo.tn\\\/fr\\\/actualite\\\/terrorisme\\\/officiel-presume-terroriste-mohamed-ali-gharbi-arrete-ainsi-26-autres-personnes\\\/180085\\\/\"},\"wordCount\":293,\"commentCount\":0,\"publisher\":{\"@id\":\"https:\\\/\\\/www.webdo.tn\\\/fr\\\/#organization\"},\"image\":{\"@id\":\"https:\\\/\\\/www.webdo.tn\\\/fr\\\/actualite\\\/terrorisme\\\/officiel-presume-terroriste-mohamed-ali-gharbi-arrete-ainsi-26-autres-personnes\\\/180085\\\/#primaryimage\"},\"thumbnailUrl\":\"https:\\\/\\\/www.webdo.tn\\\/fr\\\/wp-content\\\/uploads\\\/2014\\\/09\\\/Mohamed-Ali-Aroui-et-Belhassen-Oueslati-e1411057588728.jpg\",\"articleSection\":[\"Terrorisme\"],\"inLanguage\":\"fr-FR\"},{\"@type\":\"WebPage\",\"@id\":\"https:\\\/\\\/www.webdo.tn\\\/fr\\\/actualite\\\/terrorisme\\\/officiel-presume-terroriste-mohamed-ali-gharbi-arrete-ainsi-26-autres-personnes\\\/180085\\\/\",\"url\":\"https:\\\/\\\/www.webdo.tn\\\/fr\\\/actualite\\\/terrorisme\\\/officiel-presume-terroriste-mohamed-ali-gharbi-arrete-ainsi-26-autres-personnes\\\/180085\\\/\",\"name\":\"Officiel : Cinq pr\u00e9sum\u00e9s terroristes recherch\u00e9s par les autorit\u00e9s\",\"isPartOf\":{\"@id\":\"https:\\\/\\\/www.webdo.tn\\\/fr\\\/#website\"},\"primaryImageOfPage\":{\"@id\":\"https:\\\/\\\/www.webdo.tn\\\/fr\\\/actualite\\\/terrorisme\\\/officiel-presume-terroriste-mohamed-ali-gharbi-arrete-ainsi-26-autres-personnes\\\/180085\\\/#primaryimage\"},\"image\":{\"@id\":\"https:\\\/\\\/www.webdo.tn\\\/fr\\\/actualite\\\/terrorisme\\\/officiel-presume-terroriste-mohamed-ali-gharbi-arrete-ainsi-26-autres-personnes\\\/180085\\\/#primaryimage\"},\"thumbnailUrl\":\"https:\\\/\\\/www.webdo.tn\\\/fr\\\/wp-content\\\/uploads\\\/2014\\\/09\\\/Mohamed-Ali-Aroui-et-Belhassen-Oueslati-e1411057588728.jpg\",\"datePublished\":\"2014-09-18T13:26:00+00:00\",\"dateModified\":\"2025-05-22T13:21:43+00:00\",\"description\":\"Officiel : Cinq pr\u00e9sum\u00e9s terroristes recherch\u00e9s par les autorit\u00e9s\",\"breadcrumb\":{\"@id\":\"https:\\\/\\\/www.webdo.tn\\\/fr\\\/actualite\\\/terrorisme\\\/officiel-presume-terroriste-mohamed-ali-gharbi-arrete-ainsi-26-autres-personnes\\\/180085\\\/#breadcrumb\"},\"inLanguage\":\"fr-FR\",\"potentialAction\":[{\"@type\":\"ReadAction\",\"target\":[\"https:\\\/\\\/www.webdo.tn\\\/fr\\\/actualite\\\/terrorisme\\\/officiel-presume-terroriste-mohamed-ali-gharbi-arrete-ainsi-26-autres-personnes\\\/180085\\\/\"]}]},{\"@type\":\"ImageObject\",\"inLanguage\":\"fr-FR\",\"@id\":\"https:\\\/\\\/www.webdo.tn\\\/fr\\\/actualite\\\/terrorisme\\\/officiel-presume-terroriste-mohamed-ali-gharbi-arrete-ainsi-26-autres-personnes\\\/180085\\\/#primaryimage\",\"url\":\"https:\\\/\\\/www.webdo.tn\\\/fr\\\/wp-content\\\/uploads\\\/2014\\\/09\\\/Mohamed-Ali-Aroui-et-Belhassen-Oueslati-e1411057588728.jpg\",\"contentUrl\":\"https:\\\/\\\/www.webdo.tn\\\/fr\\\/wp-content\\\/uploads\\\/2014\\\/09\\\/Mohamed-Ali-Aroui-et-Belhassen-Oueslati-e1411057588728.jpg\",\"width\":300,\"height\":300,\"caption\":\"Officiel : Cinq pr\u00e9sum\u00e9s terroristes recherch\u00e9s par les autorit\u00e9s\"},{\"@type\":\"BreadcrumbList\",\"@id\":\"https:\\\/\\\/www.webdo.tn\\\/fr\\\/actualite\\\/terrorisme\\\/officiel-presume-terroriste-mohamed-ali-gharbi-arrete-ainsi-26-autres-personnes\\\/180085\\\/#breadcrumb\",\"itemListElement\":[{\"@type\":\"ListItem\",\"position\":1,\"name\":\"Accueil\",\"item\":\"https:\\\/\\\/www.webdo.tn\\\/fr\\\/\"},{\"@type\":\"ListItem\",\"position\":2,\"name\":\"Officiel : Cinq pr\u00e9sum\u00e9s terroristes recherch\u00e9s par les autorit\u00e9s\"}]},{\"@type\":\"WebSite\",\"@id\":\"https:\\\/\\\/www.webdo.tn\\\/fr\\\/#website\",\"url\":\"https:\\\/\\\/www.webdo.tn\\\/fr\\\/\",\"name\":\"webdo\",\"description\":\"Tunisie - News en Tunisie et \u00e0 l&#039;international sur Webdo.tn\",\"publisher\":{\"@id\":\"https:\\\/\\\/www.webdo.tn\\\/fr\\\/#organization\"},\"potentialAction\":[{\"@type\":\"SearchAction\",\"target\":{\"@type\":\"EntryPoint\",\"urlTemplate\":\"https:\\\/\\\/www.webdo.tn\\\/fr\\\/?s={search_term_string}\"},\"query-input\":{\"@type\":\"PropertyValueSpecification\",\"valueRequired\":true,\"valueName\":\"search_term_string\"}}],\"inLanguage\":\"fr-FR\"},{\"@type\":\"Organization\",\"@id\":\"https:\\\/\\\/www.webdo.tn\\\/fr\\\/#organization\",\"name\":\"Webdo\",\"alternateName\":\"Webdo.tn\",\"url\":\"https:\\\/\\\/www.webdo.tn\\\/fr\\\/\",\"logo\":{\"@type\":\"ImageObject\",\"inLanguage\":\"fr-FR\",\"@id\":\"https:\\\/\\\/www.webdo.tn\\\/fr\\\/#\\\/schema\\\/logo\\\/image\\\/\",\"url\":\"https:\\\/\\\/www.webdo.tn\\\/fr\\\/wp-content\\\/uploads\\\/2025\\\/06\\\/Webdo-Tunisie_168377.jpg\",\"contentUrl\":\"https:\\\/\\\/www.webdo.tn\\\/fr\\\/wp-content\\\/uploads\\\/2025\\\/06\\\/Webdo-Tunisie_168377.jpg\",\"width\":301,\"height\":301,\"caption\":\"Webdo\"},\"image\":{\"@id\":\"https:\\\/\\\/www.webdo.tn\\\/fr\\\/#\\\/schema\\\/logo\\\/image\\\/\"},\"sameAs\":[\"https:\\\/\\\/www.facebook.com\\\/webdotn\",\"https:\\\/\\\/x.com\\\/webdo_tn\"],\"description\":\"Webdo est un m\u00e9dia num\u00e9rique tunisien fond\u00e9 en 2010, sp\u00e9cialis\u00e9 dans l\u2019actualit\u00e9 nationale et internationale, l\u2019\u00e9conomie, la soci\u00e9t\u00e9 et les analyses politiques. Le site s\u2019adresse \u00e0 un large public francophone et couvre l\u2019information tunisienne en temps r\u00e9el.\",\"email\":\"redac@webdo.tn\",\"legalName\":\"YNJ SARL\",\"foundingDate\":\"2010-09-06\",\"numberOfEmployees\":{\"@type\":\"QuantitativeValue\",\"minValue\":\"11\",\"maxValue\":\"50\"}},{\"@type\":\"Person\",\"@id\":\"https:\\\/\\\/www.webdo.tn\\\/fr\\\/#\\\/schema\\\/person\\\/9a9c6118d687c117df8ef3cc36a4d175\",\"name\":\"webdo.tn\",\"image\":{\"@type\":\"ImageObject\",\"inLanguage\":\"fr-FR\",\"@id\":\"https:\\\/\\\/secure.gravatar.com\\\/avatar\\\/7ce1f28c0c3bbac99ff550b85ef8e44a6950c6ee24514fb6a5489e51d06f0298?s=96&d=mm&r=g\",\"url\":\"https:\\\/\\\/secure.gravatar.com\\\/avatar\\\/7ce1f28c0c3bbac99ff550b85ef8e44a6950c6ee24514fb6a5489e51d06f0298?s=96&d=mm&r=g\",\"contentUrl\":\"https:\\\/\\\/secure.gravatar.com\\\/avatar\\\/7ce1f28c0c3bbac99ff550b85ef8e44a6950c6ee24514fb6a5489e51d06f0298?s=96&d=mm&r=g\",\"caption\":\"webdo.tn\"},\"url\":\"https:\\\/\\\/www.webdo.tn\\\/fr\\\/actualite\\\/author\\\/webdotn\\\/\"}]}<\/script>\n<!-- \/ Yoast SEO Premium plugin. -->","yoast_head_json":{"title":"Officiel : Cinq pr\u00e9sum\u00e9s terroristes recherch\u00e9s par les autorit\u00e9s","description":"Officiel : Cinq pr\u00e9sum\u00e9s terroristes recherch\u00e9s par les autorit\u00e9s","canonical":"https:\/\/www.webdo.tn\/fr\/actualite\/terrorisme\/officiel-presume-terroriste-mohamed-ali-gharbi-arrete-ainsi-26-autres-personnes\/180085\/","og_locale":"fr_FR","og_type":"article","og_title":"Officiel : Cinq pr\u00e9sum\u00e9s terroristes recherch\u00e9s par les autorit\u00e9s","og_description":"Officiel : Cinq pr\u00e9sum\u00e9s terroristes recherch\u00e9s par les autorit\u00e9s","og_url":"https:\/\/www.webdo.tn\/fr\/actualite\/terrorisme\/officiel-presume-terroriste-mohamed-ali-gharbi-arrete-ainsi-26-autres-personnes\/180085\/","og_site_name":"webdo","article_publisher":"https:\/\/www.facebook.com\/webdotn","article_published_time":"2014-09-18T13:26:00+00:00","article_modified_time":"2025-05-22T13:21:43+00:00","og_image":[{"width":300,"height":300,"url":"https:\/\/www.webdo.tn\/fr\/wp-content\/uploads\/2014\/09\/Mohamed-Ali-Aroui-et-Belhassen-Oueslati-e1411057588728.jpg","type":"image\/jpeg"}],"author":"webdo.tn","twitter_card":"summary_large_image","twitter_creator":"@webdo_tn","twitter_site":"@webdo_tn","twitter_misc":{"\u00c9crit par":"webdo.tn","Dur\u00e9e de lecture estim\u00e9e":"1 minute"},"schema":{"@context":"https:\/\/schema.org","@graph":[{"@type":"NewsArticle","@id":"https:\/\/www.webdo.tn\/fr\/actualite\/terrorisme\/officiel-presume-terroriste-mohamed-ali-gharbi-arrete-ainsi-26-autres-personnes\/180085\/#article","isPartOf":{"@id":"https:\/\/www.webdo.tn\/fr\/actualite\/terrorisme\/officiel-presume-terroriste-mohamed-ali-gharbi-arrete-ainsi-26-autres-personnes\/180085\/"},"author":{"name":"webdo.tn","@id":"https:\/\/www.webdo.tn\/fr\/#\/schema\/person\/9a9c6118d687c117df8ef3cc36a4d175"},"headline":"Officiel : Cinq pr\u00e9sum\u00e9s terroristes recherch\u00e9s par les autorit\u00e9s","datePublished":"2014-09-18T13:26:00+00:00","dateModified":"2025-05-22T13:21:43+00:00","mainEntityOfPage":{"@id":"https:\/\/www.webdo.tn\/fr\/actualite\/terrorisme\/officiel-presume-terroriste-mohamed-ali-gharbi-arrete-ainsi-26-autres-personnes\/180085\/"},"wordCount":293,"commentCount":0,"publisher":{"@id":"https:\/\/www.webdo.tn\/fr\/#organization"},"image":{"@id":"https:\/\/www.webdo.tn\/fr\/actualite\/terrorisme\/officiel-presume-terroriste-mohamed-ali-gharbi-arrete-ainsi-26-autres-personnes\/180085\/#primaryimage"},"thumbnailUrl":"https:\/\/www.webdo.tn\/fr\/wp-content\/uploads\/2014\/09\/Mohamed-Ali-Aroui-et-Belhassen-Oueslati-e1411057588728.jpg","articleSection":["Terrorisme"],"inLanguage":"fr-FR"},{"@type":"WebPage","@id":"https:\/\/www.webdo.tn\/fr\/actualite\/terrorisme\/officiel-presume-terroriste-mohamed-ali-gharbi-arrete-ainsi-26-autres-personnes\/180085\/","url":"https:\/\/www.webdo.tn\/fr\/actualite\/terrorisme\/officiel-presume-terroriste-mohamed-ali-gharbi-arrete-ainsi-26-autres-personnes\/180085\/","name":"Officiel : Cinq pr\u00e9sum\u00e9s terroristes recherch\u00e9s par les autorit\u00e9s","isPartOf":{"@id":"https:\/\/www.webdo.tn\/fr\/#website"},"primaryImageOfPage":{"@id":"https:\/\/www.webdo.tn\/fr\/actualite\/terrorisme\/officiel-presume-terroriste-mohamed-ali-gharbi-arrete-ainsi-26-autres-personnes\/180085\/#primaryimage"},"image":{"@id":"https:\/\/www.webdo.tn\/fr\/actualite\/terrorisme\/officiel-presume-terroriste-mohamed-ali-gharbi-arrete-ainsi-26-autres-personnes\/180085\/#primaryimage"},"thumbnailUrl":"https:\/\/www.webdo.tn\/fr\/wp-content\/uploads\/2014\/09\/Mohamed-Ali-Aroui-et-Belhassen-Oueslati-e1411057588728.jpg","datePublished":"2014-09-18T13:26:00+00:00","dateModified":"2025-05-22T13:21:43+00:00","description":"Officiel : Cinq pr\u00e9sum\u00e9s terroristes recherch\u00e9s par les autorit\u00e9s","breadcrumb":{"@id":"https:\/\/www.webdo.tn\/fr\/actualite\/terrorisme\/officiel-presume-terroriste-mohamed-ali-gharbi-arrete-ainsi-26-autres-personnes\/180085\/#breadcrumb"},"inLanguage":"fr-FR","potentialAction":[{"@type":"ReadAction","target":["https:\/\/www.webdo.tn\/fr\/actualite\/terrorisme\/officiel-presume-terroriste-mohamed-ali-gharbi-arrete-ainsi-26-autres-personnes\/180085\/"]}]},{"@type":"ImageObject","inLanguage":"fr-FR","@id":"https:\/\/www.webdo.tn\/fr\/actualite\/terrorisme\/officiel-presume-terroriste-mohamed-ali-gharbi-arrete-ainsi-26-autres-personnes\/180085\/#primaryimage","url":"https:\/\/www.webdo.tn\/fr\/wp-content\/uploads\/2014\/09\/Mohamed-Ali-Aroui-et-Belhassen-Oueslati-e1411057588728.jpg","contentUrl":"https:\/\/www.webdo.tn\/fr\/wp-content\/uploads\/2014\/09\/Mohamed-Ali-Aroui-et-Belhassen-Oueslati-e1411057588728.jpg","width":300,"height":300,"caption":"Officiel : Cinq pr\u00e9sum\u00e9s terroristes recherch\u00e9s par les autorit\u00e9s"},{"@type":"BreadcrumbList","@id":"https:\/\/www.webdo.tn\/fr\/actualite\/terrorisme\/officiel-presume-terroriste-mohamed-ali-gharbi-arrete-ainsi-26-autres-personnes\/180085\/#breadcrumb","itemListElement":[{"@type":"ListItem","position":1,"name":"Accueil","item":"https:\/\/www.webdo.tn\/fr\/"},{"@type":"ListItem","position":2,"name":"Officiel : Cinq pr\u00e9sum\u00e9s terroristes recherch\u00e9s par les autorit\u00e9s"}]},{"@type":"WebSite","@id":"https:\/\/www.webdo.tn\/fr\/#website","url":"https:\/\/www.webdo.tn\/fr\/","name":"webdo","description":"Tunisie - News en Tunisie et \u00e0 l&#039;international sur Webdo.tn","publisher":{"@id":"https:\/\/www.webdo.tn\/fr\/#organization"},"potentialAction":[{"@type":"SearchAction","target":{"@type":"EntryPoint","urlTemplate":"https:\/\/www.webdo.tn\/fr\/?s={search_term_string}"},"query-input":{"@type":"PropertyValueSpecification","valueRequired":true,"valueName":"search_term_string"}}],"inLanguage":"fr-FR"},{"@type":"Organization","@id":"https:\/\/www.webdo.tn\/fr\/#organization","name":"Webdo","alternateName":"Webdo.tn","url":"https:\/\/www.webdo.tn\/fr\/","logo":{"@type":"ImageObject","inLanguage":"fr-FR","@id":"https:\/\/www.webdo.tn\/fr\/#\/schema\/logo\/image\/","url":"https:\/\/www.webdo.tn\/fr\/wp-content\/uploads\/2025\/06\/Webdo-Tunisie_168377.jpg","contentUrl":"https:\/\/www.webdo.tn\/fr\/wp-content\/uploads\/2025\/06\/Webdo-Tunisie_168377.jpg","width":301,"height":301,"caption":"Webdo"},"image":{"@id":"https:\/\/www.webdo.tn\/fr\/#\/schema\/logo\/image\/"},"sameAs":["https:\/\/www.facebook.com\/webdotn","https:\/\/x.com\/webdo_tn"],"description":"Webdo est un m\u00e9dia num\u00e9rique tunisien fond\u00e9 en 2010, sp\u00e9cialis\u00e9 dans l\u2019actualit\u00e9 nationale et internationale, l\u2019\u00e9conomie, la soci\u00e9t\u00e9 et les analyses politiques. Le site s\u2019adresse \u00e0 un large public francophone et couvre l\u2019information tunisienne en temps r\u00e9el.","email":"redac@webdo.tn","legalName":"YNJ SARL","foundingDate":"2010-09-06","numberOfEmployees":{"@type":"QuantitativeValue","minValue":"11","maxValue":"50"}},{"@type":"Person","@id":"https:\/\/www.webdo.tn\/fr\/#\/schema\/person\/9a9c6118d687c117df8ef3cc36a4d175","name":"webdo.tn","image":{"@type":"ImageObject","inLanguage":"fr-FR","@id":"https:\/\/secure.gravatar.com\/avatar\/7ce1f28c0c3bbac99ff550b85ef8e44a6950c6ee24514fb6a5489e51d06f0298?s=96&d=mm&r=g","url":"https:\/\/secure.gravatar.com\/avatar\/7ce1f28c0c3bbac99ff550b85ef8e44a6950c6ee24514fb6a5489e51d06f0298?s=96&d=mm&r=g","contentUrl":"https:\/\/secure.gravatar.com\/avatar\/7ce1f28c0c3bbac99ff550b85ef8e44a6950c6ee24514fb6a5489e51d06f0298?s=96&d=mm&r=g","caption":"webdo.tn"},"url":"https:\/\/www.webdo.tn\/fr\/actualite\/author\/webdotn\/"}]}},"_links":{"self":[{"href":"https:\/\/www.webdo.tn\/fr\/wp-json\/wp\/v2\/posts\/180085","targetHints":{"allow":["GET"]}}],"collection":[{"href":"https:\/\/www.webdo.tn\/fr\/wp-json\/wp\/v2\/posts"}],"about":[{"href":"https:\/\/www.webdo.tn\/fr\/wp-json\/wp\/v2\/types\/post"}],"author":[{"embeddable":true,"href":"https:\/\/www.webdo.tn\/fr\/wp-json\/wp\/v2\/users\/3222"}],"replies":[{"embeddable":true,"href":"https:\/\/www.webdo.tn\/fr\/wp-json\/wp\/v2\/comments?post=180085"}],"version-history":[{"count":0,"href":"https:\/\/www.webdo.tn\/fr\/wp-json\/wp\/v2\/posts\/180085\/revisions"}],"wp:featuredmedia":[{"embeddable":true,"href":"https:\/\/www.webdo.tn\/fr\/wp-json\/wp\/v2\/media\/334996"}],"wp:attachment":[{"href":"https:\/\/www.webdo.tn\/fr\/wp-json\/wp\/v2\/media?parent=180085"}],"wp:term":[{"taxonomy":"category","embeddable":true,"href":"https:\/\/www.webdo.tn\/fr\/wp-json\/wp\/v2\/categories?post=180085"},{"taxonomy":"post_tag","embeddable":true,"href":"https:\/\/www.webdo.tn\/fr\/wp-json\/wp\/v2\/tags?post=180085"}],"curies":[{"name":"wp","href":"https:\/\/api.w.org\/{rel}","templated":true}]}}