{"id":180083,"date":"2014-09-22T13:39:00","date_gmt":"2014-09-22T13:39:00","guid":{"rendered":"https:\/\/www.webdo.tn\/fr\/blog\/tunisie-appel-pour-une-manifestation-contre-daech-tunis\/168321\/"},"modified":"2025-05-22T13:04:28","modified_gmt":"2025-05-22T13:04:28","slug":"tunisie-appel-pour-une-manifestation-contre-daech-tunis","status":"publish","type":"post","link":"https:\/\/www.webdo.tn\/fr\/actualite\/terrorisme\/tunisie-appel-pour-une-manifestation-contre-daech-tunis\/180083\/","title":{"rendered":"Une premi\u00e8re dans un pays arabo-musulman : manifestation contre Daech\/ Eiil \u00e0 Tunis"},"content":{"rendered":"<p>Un groupe de jeunes tunisiens a lanc\u00e9 un appel sur facebook pour manifester contre l&rsquo;EIIL, \u00ab\u00a0l&rsquo;\u00c9tat Islamique en Irak et au Levant\u00a0\u00bb, appel\u00e9 aussi Daech, en arabe. L&rsquo;\u00e9v\u00e8nement se tiendra ce jeudi 25 septembre de 17 \u00e0 19h devant le th\u00e9\u00e2tre municipal \u00e0 l&rsquo;avenue Habib Bourghiba \u00e0 Tunis.<br \/>\nUne premi\u00e8re dans un pays arabo-musulman Il s&rsquo;agit de d\u00e9noncer, \u00ab\u00a0pour la premi\u00e8re fois dans un pays arabo-musulman\u00a0\u00bb, d&rsquo;apr\u00e8s les organisateurs, les crimes contre l&rsquo;humanit\u00e9 commis par l&rsquo;EIIL \u00ab\u00a0L&rsquo;\u00c9tat Islamique en Irak et au Levant\u00a0\u00bb, (Daech en arabe),\u00a0en guise de sensibilisation et pour ouvrir un d\u00e9bat national \u00e0 grande \u00e9chelle autours du fondamentalisme et du terrorisme.\u00a0<br \/>\n\u00ab\u00a0Nous sommes un groupe de jeunes tunisiens ind\u00e9pendants et porteurs des valeurs universalistes\u00a0\u00bb, insiste Hichem Hamdaoui l&rsquo;un des organisateurs de la manifestation contre Daech.\u00a0<\/p>\n<p>\u00ab\u00a0Nombreux sont les Tunisiens qui appartiennent \u00e0 ce groupement terroriste de l&rsquo;EIIL, et un jour ils rentreront en Tunisie apr\u00e8s avoir commis tous les actes barbares de d\u00e9capitation et de torture que nous voyons dans les m\u00e9dias ou sur les r\u00e9seaux sociaux,\u00a0\u00bb d\u00e9clarent les organisateurs de la manifestation.\u00a0<\/p>\n<p>Des milliers de Tunisiens soutiennent le djihad en Syrie et en Irak<\/p>\n<p>Gr\u00e2ce au soutien \u00e0 Forza Tounes, une association pour la culture de la citoyennet\u00e9 et de la libert\u00e9, une d\u00e9claration au minist\u00e8re de l&rsquo;Int\u00e9rieur a \u00e9t\u00e9 d\u00e9pos\u00e9e le 17 septembre, pour la tenue du rassemblement. Plus de 1700 personnes ont d\u00e9j\u00e0 r\u00e9pondu \u00e0 l&rsquo;\u00e9v\u00e9nement sur\u00a0facebook.<\/p>\n<p>Cependant 2400 Tunisiens sont d\u00e9j\u00e0 partis pour le \u00ab\u00a0djihad\u00a0\u00bb en\u00a0Syrie d&rsquo;apr\u00e8s Lotfi Ben Jeddou, ministre de l&rsquo;Int\u00e9rieur. \u00ab\u00a0Entre 8700 et 8800 ont \u00e9t\u00e9 emp\u00each\u00e9s de se rendre en Syrie\u00a0\u00bb, a d\u00e9clar\u00e9 \u00a0 M. Ben Jeddou lors de son intervention, \u00a023 Juin 2014, dans une s\u00e9ance pl\u00e9ni\u00e8re \u00e0 l&rsquo;Assembl\u00e9e Nationale Constituante.<\/p>\n<p>Par Arroi Baraket<\/p>\n","protected":false},"excerpt":{"rendered":"<p>Une premi\u00e8re dans un pays arabo-musulman : manifestation contre Daech\/ Eiil \u00e0 Tunis<\/p>\n","protected":false},"author":3222,"featured_media":320297,"comment_status":"open","ping_status":"closed","sticky":false,"template":"","format":"standard","meta":{"footnotes":""},"categories":[11342],"tags":[],"class_list":["post-180083","post","type-post","status-publish","format-standard","has-post-thumbnail","hentry","category-terrorisme"],"yoast_head":"<!-- This site is optimized with the Yoast SEO Premium plugin v27.5 (Yoast SEO v27.5) - https:\/\/yoast.com\/product\/yoast-seo-premium-wordpress\/ -->\n<title>Une premi\u00e8re dans un pays arabo-musulman : manifestation contre Daech\/ Eiil \u00e0 Tunis<\/title>\n<meta name=\"description\" content=\"Une premi\u00e8re dans un pays arabo-musulman : manifestation contre Daech\/ Eiil \u00e0 Tunis\" \/>\n<link rel=\"canonical\" href=\"https:\/\/www.webdo.tn\/fr\/actualite\/terrorisme\/tunisie-appel-pour-une-manifestation-contre-daech-tunis\/180083\/\" \/>\n<meta property=\"og:locale\" content=\"fr_FR\" \/>\n<meta property=\"og:type\" content=\"article\" \/>\n<meta property=\"og:title\" content=\"Une premi\u00e8re dans un pays arabo-musulman : manifestation contre Daech\/ Eiil \u00e0 Tunis\" \/>\n<meta property=\"og:description\" content=\"Une premi\u00e8re dans un pays arabo-musulman : manifestation contre Daech\/ Eiil \u00e0 Tunis\" \/>\n<meta property=\"og:url\" content=\"https:\/\/www.webdo.tn\/fr\/actualite\/terrorisme\/tunisie-appel-pour-une-manifestation-contre-daech-tunis\/180083\/\" \/>\n<meta property=\"og:site_name\" content=\"webdo\" \/>\n<meta property=\"article:publisher\" content=\"https:\/\/www.facebook.com\/webdotn\" \/>\n<meta property=\"article:published_time\" content=\"2014-09-22T13:39:00+00:00\" \/>\n<meta property=\"article:modified_time\" content=\"2025-05-22T13:04:28+00:00\" \/>\n<meta property=\"og:image\" content=\"https:\/\/www.webdo.tn\/fr\/wp-content\/uploads\/2014\/09\/lilia-300x300-1.jpg\" \/>\n\t<meta property=\"og:image:width\" content=\"300\" \/>\n\t<meta property=\"og:image:height\" content=\"300\" \/>\n\t<meta property=\"og:image:type\" content=\"image\/jpeg\" \/>\n<meta name=\"author\" content=\"webdo.tn\" \/>\n<meta name=\"twitter:card\" content=\"summary_large_image\" \/>\n<meta name=\"twitter:creator\" content=\"@webdo_tn\" \/>\n<meta name=\"twitter:site\" content=\"@webdo_tn\" \/>\n<meta name=\"twitter:label1\" content=\"\u00c9crit par\" \/>\n\t<meta name=\"twitter:data1\" content=\"webdo.tn\" \/>\n\t<meta name=\"twitter:label2\" content=\"Dur\u00e9e de lecture estim\u00e9e\" \/>\n\t<meta name=\"twitter:data2\" content=\"2 minutes\" \/>\n<script type=\"application\/ld+json\" class=\"yoast-schema-graph\">{\"@context\":\"https:\\\/\\\/schema.org\",\"@graph\":[{\"@type\":\"NewsArticle\",\"@id\":\"https:\\\/\\\/www.webdo.tn\\\/fr\\\/actualite\\\/terrorisme\\\/tunisie-appel-pour-une-manifestation-contre-daech-tunis\\\/180083\\\/#article\",\"isPartOf\":{\"@id\":\"https:\\\/\\\/www.webdo.tn\\\/fr\\\/actualite\\\/terrorisme\\\/tunisie-appel-pour-une-manifestation-contre-daech-tunis\\\/180083\\\/\"},\"author\":{\"name\":\"webdo.tn\",\"@id\":\"https:\\\/\\\/www.webdo.tn\\\/fr\\\/#\\\/schema\\\/person\\\/9a9c6118d687c117df8ef3cc36a4d175\"},\"headline\":\"Une premi\u00e8re dans un pays arabo-musulman : manifestation contre Daech\\\/ Eiil \u00e0 Tunis\",\"datePublished\":\"2014-09-22T13:39:00+00:00\",\"dateModified\":\"2025-05-22T13:04:28+00:00\",\"mainEntityOfPage\":{\"@id\":\"https:\\\/\\\/www.webdo.tn\\\/fr\\\/actualite\\\/terrorisme\\\/tunisie-appel-pour-une-manifestation-contre-daech-tunis\\\/180083\\\/\"},\"wordCount\":331,\"commentCount\":0,\"publisher\":{\"@id\":\"https:\\\/\\\/www.webdo.tn\\\/fr\\\/#organization\"},\"image\":{\"@id\":\"https:\\\/\\\/www.webdo.tn\\\/fr\\\/actualite\\\/terrorisme\\\/tunisie-appel-pour-une-manifestation-contre-daech-tunis\\\/180083\\\/#primaryimage\"},\"thumbnailUrl\":\"https:\\\/\\\/www.webdo.tn\\\/fr\\\/wp-content\\\/uploads\\\/2014\\\/09\\\/lilia-300x300-1.jpg\",\"articleSection\":[\"Terrorisme\"],\"inLanguage\":\"fr-FR\"},{\"@type\":\"WebPage\",\"@id\":\"https:\\\/\\\/www.webdo.tn\\\/fr\\\/actualite\\\/terrorisme\\\/tunisie-appel-pour-une-manifestation-contre-daech-tunis\\\/180083\\\/\",\"url\":\"https:\\\/\\\/www.webdo.tn\\\/fr\\\/actualite\\\/terrorisme\\\/tunisie-appel-pour-une-manifestation-contre-daech-tunis\\\/180083\\\/\",\"name\":\"Une premi\u00e8re dans un pays arabo-musulman : manifestation contre Daech\\\/ Eiil \u00e0 Tunis\",\"isPartOf\":{\"@id\":\"https:\\\/\\\/www.webdo.tn\\\/fr\\\/#website\"},\"primaryImageOfPage\":{\"@id\":\"https:\\\/\\\/www.webdo.tn\\\/fr\\\/actualite\\\/terrorisme\\\/tunisie-appel-pour-une-manifestation-contre-daech-tunis\\\/180083\\\/#primaryimage\"},\"image\":{\"@id\":\"https:\\\/\\\/www.webdo.tn\\\/fr\\\/actualite\\\/terrorisme\\\/tunisie-appel-pour-une-manifestation-contre-daech-tunis\\\/180083\\\/#primaryimage\"},\"thumbnailUrl\":\"https:\\\/\\\/www.webdo.tn\\\/fr\\\/wp-content\\\/uploads\\\/2014\\\/09\\\/lilia-300x300-1.jpg\",\"datePublished\":\"2014-09-22T13:39:00+00:00\",\"dateModified\":\"2025-05-22T13:04:28+00:00\",\"description\":\"Une premi\u00e8re dans un pays arabo-musulman : manifestation contre Daech\\\/ Eiil \u00e0 Tunis\",\"breadcrumb\":{\"@id\":\"https:\\\/\\\/www.webdo.tn\\\/fr\\\/actualite\\\/terrorisme\\\/tunisie-appel-pour-une-manifestation-contre-daech-tunis\\\/180083\\\/#breadcrumb\"},\"inLanguage\":\"fr-FR\",\"potentialAction\":[{\"@type\":\"ReadAction\",\"target\":[\"https:\\\/\\\/www.webdo.tn\\\/fr\\\/actualite\\\/terrorisme\\\/tunisie-appel-pour-une-manifestation-contre-daech-tunis\\\/180083\\\/\"]}]},{\"@type\":\"ImageObject\",\"inLanguage\":\"fr-FR\",\"@id\":\"https:\\\/\\\/www.webdo.tn\\\/fr\\\/actualite\\\/terrorisme\\\/tunisie-appel-pour-une-manifestation-contre-daech-tunis\\\/180083\\\/#primaryimage\",\"url\":\"https:\\\/\\\/www.webdo.tn\\\/fr\\\/wp-content\\\/uploads\\\/2014\\\/09\\\/lilia-300x300-1.jpg\",\"contentUrl\":\"https:\\\/\\\/www.webdo.tn\\\/fr\\\/wp-content\\\/uploads\\\/2014\\\/09\\\/lilia-300x300-1.jpg\",\"width\":300,\"height\":300,\"caption\":\"Une premi\u00e8re dans un pays arabo-musulman : manifestation contre Daech\\\/ Eiil \u00e0 Tunis\"},{\"@type\":\"BreadcrumbList\",\"@id\":\"https:\\\/\\\/www.webdo.tn\\\/fr\\\/actualite\\\/terrorisme\\\/tunisie-appel-pour-une-manifestation-contre-daech-tunis\\\/180083\\\/#breadcrumb\",\"itemListElement\":[{\"@type\":\"ListItem\",\"position\":1,\"name\":\"Accueil\",\"item\":\"https:\\\/\\\/www.webdo.tn\\\/fr\\\/\"},{\"@type\":\"ListItem\",\"position\":2,\"name\":\"Une premi\u00e8re dans un pays arabo-musulman : manifestation contre Daech\\\/ Eiil \u00e0 Tunis\"}]},{\"@type\":\"WebSite\",\"@id\":\"https:\\\/\\\/www.webdo.tn\\\/fr\\\/#website\",\"url\":\"https:\\\/\\\/www.webdo.tn\\\/fr\\\/\",\"name\":\"webdo\",\"description\":\"Tunisie - News en Tunisie et \u00e0 l&#039;international sur Webdo.tn\",\"publisher\":{\"@id\":\"https:\\\/\\\/www.webdo.tn\\\/fr\\\/#organization\"},\"potentialAction\":[{\"@type\":\"SearchAction\",\"target\":{\"@type\":\"EntryPoint\",\"urlTemplate\":\"https:\\\/\\\/www.webdo.tn\\\/fr\\\/?s={search_term_string}\"},\"query-input\":{\"@type\":\"PropertyValueSpecification\",\"valueRequired\":true,\"valueName\":\"search_term_string\"}}],\"inLanguage\":\"fr-FR\"},{\"@type\":\"Organization\",\"@id\":\"https:\\\/\\\/www.webdo.tn\\\/fr\\\/#organization\",\"name\":\"Webdo\",\"alternateName\":\"Webdo.tn\",\"url\":\"https:\\\/\\\/www.webdo.tn\\\/fr\\\/\",\"logo\":{\"@type\":\"ImageObject\",\"inLanguage\":\"fr-FR\",\"@id\":\"https:\\\/\\\/www.webdo.tn\\\/fr\\\/#\\\/schema\\\/logo\\\/image\\\/\",\"url\":\"https:\\\/\\\/www.webdo.tn\\\/fr\\\/wp-content\\\/uploads\\\/2025\\\/06\\\/Webdo-Tunisie_168377.jpg\",\"contentUrl\":\"https:\\\/\\\/www.webdo.tn\\\/fr\\\/wp-content\\\/uploads\\\/2025\\\/06\\\/Webdo-Tunisie_168377.jpg\",\"width\":301,\"height\":301,\"caption\":\"Webdo\"},\"image\":{\"@id\":\"https:\\\/\\\/www.webdo.tn\\\/fr\\\/#\\\/schema\\\/logo\\\/image\\\/\"},\"sameAs\":[\"https:\\\/\\\/www.facebook.com\\\/webdotn\",\"https:\\\/\\\/x.com\\\/webdo_tn\"],\"description\":\"Webdo est un m\u00e9dia num\u00e9rique tunisien fond\u00e9 en 2010, sp\u00e9cialis\u00e9 dans l\u2019actualit\u00e9 nationale et internationale, l\u2019\u00e9conomie, la soci\u00e9t\u00e9 et les analyses politiques. Le site s\u2019adresse \u00e0 un large public francophone et couvre l\u2019information tunisienne en temps r\u00e9el.\",\"email\":\"redac@webdo.tn\",\"legalName\":\"YNJ SARL\",\"foundingDate\":\"2010-09-06\",\"numberOfEmployees\":{\"@type\":\"QuantitativeValue\",\"minValue\":\"11\",\"maxValue\":\"50\"}},{\"@type\":\"Person\",\"@id\":\"https:\\\/\\\/www.webdo.tn\\\/fr\\\/#\\\/schema\\\/person\\\/9a9c6118d687c117df8ef3cc36a4d175\",\"name\":\"webdo.tn\",\"image\":{\"@type\":\"ImageObject\",\"inLanguage\":\"fr-FR\",\"@id\":\"https:\\\/\\\/secure.gravatar.com\\\/avatar\\\/7ce1f28c0c3bbac99ff550b85ef8e44a6950c6ee24514fb6a5489e51d06f0298?s=96&d=mm&r=g\",\"url\":\"https:\\\/\\\/secure.gravatar.com\\\/avatar\\\/7ce1f28c0c3bbac99ff550b85ef8e44a6950c6ee24514fb6a5489e51d06f0298?s=96&d=mm&r=g\",\"contentUrl\":\"https:\\\/\\\/secure.gravatar.com\\\/avatar\\\/7ce1f28c0c3bbac99ff550b85ef8e44a6950c6ee24514fb6a5489e51d06f0298?s=96&d=mm&r=g\",\"caption\":\"webdo.tn\"},\"url\":\"https:\\\/\\\/www.webdo.tn\\\/fr\\\/actualite\\\/author\\\/webdotn\\\/\"}]}<\/script>\n<!-- \/ Yoast SEO Premium plugin. -->","yoast_head_json":{"title":"Une premi\u00e8re dans un pays arabo-musulman : manifestation contre Daech\/ Eiil \u00e0 Tunis","description":"Une premi\u00e8re dans un pays arabo-musulman : manifestation contre Daech\/ Eiil \u00e0 Tunis","canonical":"https:\/\/www.webdo.tn\/fr\/actualite\/terrorisme\/tunisie-appel-pour-une-manifestation-contre-daech-tunis\/180083\/","og_locale":"fr_FR","og_type":"article","og_title":"Une premi\u00e8re dans un pays arabo-musulman : manifestation contre Daech\/ Eiil \u00e0 Tunis","og_description":"Une premi\u00e8re dans un pays arabo-musulman : manifestation contre Daech\/ Eiil \u00e0 Tunis","og_url":"https:\/\/www.webdo.tn\/fr\/actualite\/terrorisme\/tunisie-appel-pour-une-manifestation-contre-daech-tunis\/180083\/","og_site_name":"webdo","article_publisher":"https:\/\/www.facebook.com\/webdotn","article_published_time":"2014-09-22T13:39:00+00:00","article_modified_time":"2025-05-22T13:04:28+00:00","og_image":[{"width":300,"height":300,"url":"https:\/\/www.webdo.tn\/fr\/wp-content\/uploads\/2014\/09\/lilia-300x300-1.jpg","type":"image\/jpeg"}],"author":"webdo.tn","twitter_card":"summary_large_image","twitter_creator":"@webdo_tn","twitter_site":"@webdo_tn","twitter_misc":{"\u00c9crit par":"webdo.tn","Dur\u00e9e de lecture estim\u00e9e":"2 minutes"},"schema":{"@context":"https:\/\/schema.org","@graph":[{"@type":"NewsArticle","@id":"https:\/\/www.webdo.tn\/fr\/actualite\/terrorisme\/tunisie-appel-pour-une-manifestation-contre-daech-tunis\/180083\/#article","isPartOf":{"@id":"https:\/\/www.webdo.tn\/fr\/actualite\/terrorisme\/tunisie-appel-pour-une-manifestation-contre-daech-tunis\/180083\/"},"author":{"name":"webdo.tn","@id":"https:\/\/www.webdo.tn\/fr\/#\/schema\/person\/9a9c6118d687c117df8ef3cc36a4d175"},"headline":"Une premi\u00e8re dans un pays arabo-musulman : manifestation contre Daech\/ Eiil \u00e0 Tunis","datePublished":"2014-09-22T13:39:00+00:00","dateModified":"2025-05-22T13:04:28+00:00","mainEntityOfPage":{"@id":"https:\/\/www.webdo.tn\/fr\/actualite\/terrorisme\/tunisie-appel-pour-une-manifestation-contre-daech-tunis\/180083\/"},"wordCount":331,"commentCount":0,"publisher":{"@id":"https:\/\/www.webdo.tn\/fr\/#organization"},"image":{"@id":"https:\/\/www.webdo.tn\/fr\/actualite\/terrorisme\/tunisie-appel-pour-une-manifestation-contre-daech-tunis\/180083\/#primaryimage"},"thumbnailUrl":"https:\/\/www.webdo.tn\/fr\/wp-content\/uploads\/2014\/09\/lilia-300x300-1.jpg","articleSection":["Terrorisme"],"inLanguage":"fr-FR"},{"@type":"WebPage","@id":"https:\/\/www.webdo.tn\/fr\/actualite\/terrorisme\/tunisie-appel-pour-une-manifestation-contre-daech-tunis\/180083\/","url":"https:\/\/www.webdo.tn\/fr\/actualite\/terrorisme\/tunisie-appel-pour-une-manifestation-contre-daech-tunis\/180083\/","name":"Une premi\u00e8re dans un pays arabo-musulman : manifestation contre Daech\/ Eiil \u00e0 Tunis","isPartOf":{"@id":"https:\/\/www.webdo.tn\/fr\/#website"},"primaryImageOfPage":{"@id":"https:\/\/www.webdo.tn\/fr\/actualite\/terrorisme\/tunisie-appel-pour-une-manifestation-contre-daech-tunis\/180083\/#primaryimage"},"image":{"@id":"https:\/\/www.webdo.tn\/fr\/actualite\/terrorisme\/tunisie-appel-pour-une-manifestation-contre-daech-tunis\/180083\/#primaryimage"},"thumbnailUrl":"https:\/\/www.webdo.tn\/fr\/wp-content\/uploads\/2014\/09\/lilia-300x300-1.jpg","datePublished":"2014-09-22T13:39:00+00:00","dateModified":"2025-05-22T13:04:28+00:00","description":"Une premi\u00e8re dans un pays arabo-musulman : manifestation contre Daech\/ Eiil \u00e0 Tunis","breadcrumb":{"@id":"https:\/\/www.webdo.tn\/fr\/actualite\/terrorisme\/tunisie-appel-pour-une-manifestation-contre-daech-tunis\/180083\/#breadcrumb"},"inLanguage":"fr-FR","potentialAction":[{"@type":"ReadAction","target":["https:\/\/www.webdo.tn\/fr\/actualite\/terrorisme\/tunisie-appel-pour-une-manifestation-contre-daech-tunis\/180083\/"]}]},{"@type":"ImageObject","inLanguage":"fr-FR","@id":"https:\/\/www.webdo.tn\/fr\/actualite\/terrorisme\/tunisie-appel-pour-une-manifestation-contre-daech-tunis\/180083\/#primaryimage","url":"https:\/\/www.webdo.tn\/fr\/wp-content\/uploads\/2014\/09\/lilia-300x300-1.jpg","contentUrl":"https:\/\/www.webdo.tn\/fr\/wp-content\/uploads\/2014\/09\/lilia-300x300-1.jpg","width":300,"height":300,"caption":"Une premi\u00e8re dans un pays arabo-musulman : manifestation contre Daech\/ Eiil \u00e0 Tunis"},{"@type":"BreadcrumbList","@id":"https:\/\/www.webdo.tn\/fr\/actualite\/terrorisme\/tunisie-appel-pour-une-manifestation-contre-daech-tunis\/180083\/#breadcrumb","itemListElement":[{"@type":"ListItem","position":1,"name":"Accueil","item":"https:\/\/www.webdo.tn\/fr\/"},{"@type":"ListItem","position":2,"name":"Une premi\u00e8re dans un pays arabo-musulman : manifestation contre Daech\/ Eiil \u00e0 Tunis"}]},{"@type":"WebSite","@id":"https:\/\/www.webdo.tn\/fr\/#website","url":"https:\/\/www.webdo.tn\/fr\/","name":"webdo","description":"Tunisie - News en Tunisie et \u00e0 l&#039;international sur Webdo.tn","publisher":{"@id":"https:\/\/www.webdo.tn\/fr\/#organization"},"potentialAction":[{"@type":"SearchAction","target":{"@type":"EntryPoint","urlTemplate":"https:\/\/www.webdo.tn\/fr\/?s={search_term_string}"},"query-input":{"@type":"PropertyValueSpecification","valueRequired":true,"valueName":"search_term_string"}}],"inLanguage":"fr-FR"},{"@type":"Organization","@id":"https:\/\/www.webdo.tn\/fr\/#organization","name":"Webdo","alternateName":"Webdo.tn","url":"https:\/\/www.webdo.tn\/fr\/","logo":{"@type":"ImageObject","inLanguage":"fr-FR","@id":"https:\/\/www.webdo.tn\/fr\/#\/schema\/logo\/image\/","url":"https:\/\/www.webdo.tn\/fr\/wp-content\/uploads\/2025\/06\/Webdo-Tunisie_168377.jpg","contentUrl":"https:\/\/www.webdo.tn\/fr\/wp-content\/uploads\/2025\/06\/Webdo-Tunisie_168377.jpg","width":301,"height":301,"caption":"Webdo"},"image":{"@id":"https:\/\/www.webdo.tn\/fr\/#\/schema\/logo\/image\/"},"sameAs":["https:\/\/www.facebook.com\/webdotn","https:\/\/x.com\/webdo_tn"],"description":"Webdo est un m\u00e9dia num\u00e9rique tunisien fond\u00e9 en 2010, sp\u00e9cialis\u00e9 dans l\u2019actualit\u00e9 nationale et internationale, l\u2019\u00e9conomie, la soci\u00e9t\u00e9 et les analyses politiques. Le site s\u2019adresse \u00e0 un large public francophone et couvre l\u2019information tunisienne en temps r\u00e9el.","email":"redac@webdo.tn","legalName":"YNJ SARL","foundingDate":"2010-09-06","numberOfEmployees":{"@type":"QuantitativeValue","minValue":"11","maxValue":"50"}},{"@type":"Person","@id":"https:\/\/www.webdo.tn\/fr\/#\/schema\/person\/9a9c6118d687c117df8ef3cc36a4d175","name":"webdo.tn","image":{"@type":"ImageObject","inLanguage":"fr-FR","@id":"https:\/\/secure.gravatar.com\/avatar\/7ce1f28c0c3bbac99ff550b85ef8e44a6950c6ee24514fb6a5489e51d06f0298?s=96&d=mm&r=g","url":"https:\/\/secure.gravatar.com\/avatar\/7ce1f28c0c3bbac99ff550b85ef8e44a6950c6ee24514fb6a5489e51d06f0298?s=96&d=mm&r=g","contentUrl":"https:\/\/secure.gravatar.com\/avatar\/7ce1f28c0c3bbac99ff550b85ef8e44a6950c6ee24514fb6a5489e51d06f0298?s=96&d=mm&r=g","caption":"webdo.tn"},"url":"https:\/\/www.webdo.tn\/fr\/actualite\/author\/webdotn\/"}]}},"_links":{"self":[{"href":"https:\/\/www.webdo.tn\/fr\/wp-json\/wp\/v2\/posts\/180083","targetHints":{"allow":["GET"]}}],"collection":[{"href":"https:\/\/www.webdo.tn\/fr\/wp-json\/wp\/v2\/posts"}],"about":[{"href":"https:\/\/www.webdo.tn\/fr\/wp-json\/wp\/v2\/types\/post"}],"author":[{"embeddable":true,"href":"https:\/\/www.webdo.tn\/fr\/wp-json\/wp\/v2\/users\/3222"}],"replies":[{"embeddable":true,"href":"https:\/\/www.webdo.tn\/fr\/wp-json\/wp\/v2\/comments?post=180083"}],"version-history":[{"count":0,"href":"https:\/\/www.webdo.tn\/fr\/wp-json\/wp\/v2\/posts\/180083\/revisions"}],"wp:featuredmedia":[{"embeddable":true,"href":"https:\/\/www.webdo.tn\/fr\/wp-json\/wp\/v2\/media\/320297"}],"wp:attachment":[{"href":"https:\/\/www.webdo.tn\/fr\/wp-json\/wp\/v2\/media?parent=180083"}],"wp:term":[{"taxonomy":"category","embeddable":true,"href":"https:\/\/www.webdo.tn\/fr\/wp-json\/wp\/v2\/categories?post=180083"},{"taxonomy":"post_tag","embeddable":true,"href":"https:\/\/www.webdo.tn\/fr\/wp-json\/wp\/v2\/tags?post=180083"}],"curies":[{"name":"wp","href":"https:\/\/api.w.org\/{rel}","templated":true}]}}