{"id":180082,"date":"2014-09-22T15:07:00","date_gmt":"2014-09-22T15:07:00","guid":{"rendered":"https:\/\/www.webdo.tn\/fr\/blog\/creation-dune-unite-speciale-lutte-contre-terrorisme-kasserine\/180082\/"},"modified":"2025-05-22T13:21:49","modified_gmt":"2025-05-22T13:21:49","slug":"creation-dune-unite-speciale-lutte-contre-terrorisme-kasserine","status":"publish","type":"post","link":"https:\/\/www.webdo.tn\/fr\/actualite\/terrorisme\/creation-dune-unite-speciale-lutte-contre-terrorisme-kasserine\/180082\/","title":{"rendered":"Cr\u00e9ation d&rsquo;une unit\u00e9 sp\u00e9ciale de lutte contre le terrorisme \u00e0 Kasserine"},"content":{"rendered":"<p>Une unit\u00e9 sp\u00e9ciale de lutte contre le terrorisme\u00a0conjointe entre l&rsquo;arm\u00e9e, la garde nationale et la police locale du gouvernorat de Kasserine va \u00eatre cr\u00e9\u00e9e, a annonc\u00e9 le ministre de l&rsquo;Int\u00e9rieur sur les ondes de Mosa\u00efque FM, en ce lundi 22 septembre.<\/p>\n<p>Cette unit\u00e9 aura pour objectif de lutter contre les attaques terroristes, a soulign\u00e9 Lotfi Ben Jeddou. Par ailleurs, elle sera totalement ind\u00e9pendante dans ses d\u00e9cisions, a-t-il rajout\u00e9.<\/p>\n<p>Nadia D\u00e9joui<\/p>\n<p>[Br\u00e8ve]<\/p>\n","protected":false},"excerpt":{"rendered":"<p>Cr\u00e9ation d&rsquo;une unit\u00e9 sp\u00e9ciale de lutte contre le terrorisme \u00e0 Kasserine<\/p>\n","protected":false},"author":3222,"featured_media":335016,"comment_status":"open","ping_status":"closed","sticky":false,"template":"","format":"standard","meta":{"footnotes":""},"categories":[11342],"tags":[],"class_list":["post-180082","post","type-post","status-publish","format-standard","has-post-thumbnail","hentry","category-terrorisme"],"yoast_head":"<!-- This site is optimized with the Yoast SEO Premium plugin v27.5 (Yoast SEO v27.5) - https:\/\/yoast.com\/product\/yoast-seo-premium-wordpress\/ -->\n<title>Cr\u00e9ation d&#039;une unit\u00e9 sp\u00e9ciale de lutte contre le terrorisme \u00e0 Kasserine<\/title>\n<meta name=\"description\" content=\"Cr\u00e9ation d&#039;une unit\u00e9 sp\u00e9ciale de lutte contre le terrorisme \u00e0 Kasserine\" \/>\n<link rel=\"canonical\" href=\"https:\/\/www.webdo.tn\/fr\/actualite\/terrorisme\/creation-dune-unite-speciale-lutte-contre-terrorisme-kasserine\/180082\/\" \/>\n<meta property=\"og:locale\" content=\"fr_FR\" \/>\n<meta property=\"og:type\" content=\"article\" \/>\n<meta property=\"og:title\" content=\"Cr\u00e9ation d&#039;une unit\u00e9 sp\u00e9ciale de lutte contre le terrorisme \u00e0 Kasserine\" \/>\n<meta property=\"og:description\" content=\"Cr\u00e9ation d&#039;une unit\u00e9 sp\u00e9ciale de lutte contre le terrorisme \u00e0 Kasserine\" \/>\n<meta property=\"og:url\" content=\"https:\/\/www.webdo.tn\/fr\/actualite\/terrorisme\/creation-dune-unite-speciale-lutte-contre-terrorisme-kasserine\/180082\/\" \/>\n<meta property=\"og:site_name\" content=\"webdo\" \/>\n<meta property=\"article:publisher\" content=\"https:\/\/www.facebook.com\/webdotn\" \/>\n<meta property=\"article:published_time\" content=\"2014-09-22T15:07:00+00:00\" \/>\n<meta property=\"article:modified_time\" content=\"2025-05-22T13:21:49+00:00\" \/>\n<meta property=\"og:image\" content=\"https:\/\/www.webdo.tn\/fr\/wp-content\/uploads\/2014\/09\/Lotfi-Ben-Jeddou1-218x300-1.jpg\" \/>\n\t<meta property=\"og:image:width\" content=\"218\" \/>\n\t<meta property=\"og:image:height\" content=\"300\" \/>\n\t<meta property=\"og:image:type\" content=\"image\/jpeg\" \/>\n<meta name=\"author\" content=\"webdo.tn\" \/>\n<meta name=\"twitter:card\" content=\"summary_large_image\" \/>\n<meta name=\"twitter:creator\" content=\"@webdo_tn\" \/>\n<meta name=\"twitter:site\" content=\"@webdo_tn\" \/>\n<meta name=\"twitter:label1\" content=\"\u00c9crit par\" \/>\n\t<meta name=\"twitter:data1\" content=\"webdo.tn\" \/>\n<script type=\"application\/ld+json\" class=\"yoast-schema-graph\">{\"@context\":\"https:\\\/\\\/schema.org\",\"@graph\":[{\"@type\":\"NewsArticle\",\"@id\":\"https:\\\/\\\/www.webdo.tn\\\/fr\\\/actualite\\\/terrorisme\\\/creation-dune-unite-speciale-lutte-contre-terrorisme-kasserine\\\/180082\\\/#article\",\"isPartOf\":{\"@id\":\"https:\\\/\\\/www.webdo.tn\\\/fr\\\/actualite\\\/terrorisme\\\/creation-dune-unite-speciale-lutte-contre-terrorisme-kasserine\\\/180082\\\/\"},\"author\":{\"name\":\"webdo.tn\",\"@id\":\"https:\\\/\\\/www.webdo.tn\\\/fr\\\/#\\\/schema\\\/person\\\/9a9c6118d687c117df8ef3cc36a4d175\"},\"headline\":\"Cr\u00e9ation d&rsquo;une unit\u00e9 sp\u00e9ciale de lutte contre le terrorisme \u00e0 Kasserine\",\"datePublished\":\"2014-09-22T15:07:00+00:00\",\"dateModified\":\"2025-05-22T13:21:49+00:00\",\"mainEntityOfPage\":{\"@id\":\"https:\\\/\\\/www.webdo.tn\\\/fr\\\/actualite\\\/terrorisme\\\/creation-dune-unite-speciale-lutte-contre-terrorisme-kasserine\\\/180082\\\/\"},\"wordCount\":95,\"commentCount\":0,\"publisher\":{\"@id\":\"https:\\\/\\\/www.webdo.tn\\\/fr\\\/#organization\"},\"image\":{\"@id\":\"https:\\\/\\\/www.webdo.tn\\\/fr\\\/actualite\\\/terrorisme\\\/creation-dune-unite-speciale-lutte-contre-terrorisme-kasserine\\\/180082\\\/#primaryimage\"},\"thumbnailUrl\":\"https:\\\/\\\/www.webdo.tn\\\/fr\\\/wp-content\\\/uploads\\\/2014\\\/09\\\/Lotfi-Ben-Jeddou1-218x300-1.jpg\",\"articleSection\":[\"Terrorisme\"],\"inLanguage\":\"fr-FR\"},{\"@type\":\"WebPage\",\"@id\":\"https:\\\/\\\/www.webdo.tn\\\/fr\\\/actualite\\\/terrorisme\\\/creation-dune-unite-speciale-lutte-contre-terrorisme-kasserine\\\/180082\\\/\",\"url\":\"https:\\\/\\\/www.webdo.tn\\\/fr\\\/actualite\\\/terrorisme\\\/creation-dune-unite-speciale-lutte-contre-terrorisme-kasserine\\\/180082\\\/\",\"name\":\"Cr\u00e9ation d'une unit\u00e9 sp\u00e9ciale de lutte contre le terrorisme \u00e0 Kasserine\",\"isPartOf\":{\"@id\":\"https:\\\/\\\/www.webdo.tn\\\/fr\\\/#website\"},\"primaryImageOfPage\":{\"@id\":\"https:\\\/\\\/www.webdo.tn\\\/fr\\\/actualite\\\/terrorisme\\\/creation-dune-unite-speciale-lutte-contre-terrorisme-kasserine\\\/180082\\\/#primaryimage\"},\"image\":{\"@id\":\"https:\\\/\\\/www.webdo.tn\\\/fr\\\/actualite\\\/terrorisme\\\/creation-dune-unite-speciale-lutte-contre-terrorisme-kasserine\\\/180082\\\/#primaryimage\"},\"thumbnailUrl\":\"https:\\\/\\\/www.webdo.tn\\\/fr\\\/wp-content\\\/uploads\\\/2014\\\/09\\\/Lotfi-Ben-Jeddou1-218x300-1.jpg\",\"datePublished\":\"2014-09-22T15:07:00+00:00\",\"dateModified\":\"2025-05-22T13:21:49+00:00\",\"description\":\"Cr\u00e9ation d'une unit\u00e9 sp\u00e9ciale de lutte contre le terrorisme \u00e0 Kasserine\",\"breadcrumb\":{\"@id\":\"https:\\\/\\\/www.webdo.tn\\\/fr\\\/actualite\\\/terrorisme\\\/creation-dune-unite-speciale-lutte-contre-terrorisme-kasserine\\\/180082\\\/#breadcrumb\"},\"inLanguage\":\"fr-FR\",\"potentialAction\":[{\"@type\":\"ReadAction\",\"target\":[\"https:\\\/\\\/www.webdo.tn\\\/fr\\\/actualite\\\/terrorisme\\\/creation-dune-unite-speciale-lutte-contre-terrorisme-kasserine\\\/180082\\\/\"]}]},{\"@type\":\"ImageObject\",\"inLanguage\":\"fr-FR\",\"@id\":\"https:\\\/\\\/www.webdo.tn\\\/fr\\\/actualite\\\/terrorisme\\\/creation-dune-unite-speciale-lutte-contre-terrorisme-kasserine\\\/180082\\\/#primaryimage\",\"url\":\"https:\\\/\\\/www.webdo.tn\\\/fr\\\/wp-content\\\/uploads\\\/2014\\\/09\\\/Lotfi-Ben-Jeddou1-218x300-1.jpg\",\"contentUrl\":\"https:\\\/\\\/www.webdo.tn\\\/fr\\\/wp-content\\\/uploads\\\/2014\\\/09\\\/Lotfi-Ben-Jeddou1-218x300-1.jpg\",\"width\":218,\"height\":300,\"caption\":\"Cr\u00e9ation d'une unit\u00e9 sp\u00e9ciale de lutte contre le terrorisme \u00e0 Kasserine\"},{\"@type\":\"BreadcrumbList\",\"@id\":\"https:\\\/\\\/www.webdo.tn\\\/fr\\\/actualite\\\/terrorisme\\\/creation-dune-unite-speciale-lutte-contre-terrorisme-kasserine\\\/180082\\\/#breadcrumb\",\"itemListElement\":[{\"@type\":\"ListItem\",\"position\":1,\"name\":\"Accueil\",\"item\":\"https:\\\/\\\/www.webdo.tn\\\/fr\\\/\"},{\"@type\":\"ListItem\",\"position\":2,\"name\":\"Cr\u00e9ation d&rsquo;une unit\u00e9 sp\u00e9ciale de lutte contre le terrorisme \u00e0 Kasserine\"}]},{\"@type\":\"WebSite\",\"@id\":\"https:\\\/\\\/www.webdo.tn\\\/fr\\\/#website\",\"url\":\"https:\\\/\\\/www.webdo.tn\\\/fr\\\/\",\"name\":\"webdo\",\"description\":\"Tunisie - News en Tunisie et \u00e0 l&#039;international sur Webdo.tn\",\"publisher\":{\"@id\":\"https:\\\/\\\/www.webdo.tn\\\/fr\\\/#organization\"},\"potentialAction\":[{\"@type\":\"SearchAction\",\"target\":{\"@type\":\"EntryPoint\",\"urlTemplate\":\"https:\\\/\\\/www.webdo.tn\\\/fr\\\/?s={search_term_string}\"},\"query-input\":{\"@type\":\"PropertyValueSpecification\",\"valueRequired\":true,\"valueName\":\"search_term_string\"}}],\"inLanguage\":\"fr-FR\"},{\"@type\":\"Organization\",\"@id\":\"https:\\\/\\\/www.webdo.tn\\\/fr\\\/#organization\",\"name\":\"Webdo\",\"alternateName\":\"Webdo.tn\",\"url\":\"https:\\\/\\\/www.webdo.tn\\\/fr\\\/\",\"logo\":{\"@type\":\"ImageObject\",\"inLanguage\":\"fr-FR\",\"@id\":\"https:\\\/\\\/www.webdo.tn\\\/fr\\\/#\\\/schema\\\/logo\\\/image\\\/\",\"url\":\"https:\\\/\\\/www.webdo.tn\\\/fr\\\/wp-content\\\/uploads\\\/2025\\\/06\\\/Webdo-Tunisie_168377.jpg\",\"contentUrl\":\"https:\\\/\\\/www.webdo.tn\\\/fr\\\/wp-content\\\/uploads\\\/2025\\\/06\\\/Webdo-Tunisie_168377.jpg\",\"width\":301,\"height\":301,\"caption\":\"Webdo\"},\"image\":{\"@id\":\"https:\\\/\\\/www.webdo.tn\\\/fr\\\/#\\\/schema\\\/logo\\\/image\\\/\"},\"sameAs\":[\"https:\\\/\\\/www.facebook.com\\\/webdotn\",\"https:\\\/\\\/x.com\\\/webdo_tn\"],\"description\":\"Webdo est un m\u00e9dia num\u00e9rique tunisien fond\u00e9 en 2010, sp\u00e9cialis\u00e9 dans l\u2019actualit\u00e9 nationale et internationale, l\u2019\u00e9conomie, la soci\u00e9t\u00e9 et les analyses politiques. Le site s\u2019adresse \u00e0 un large public francophone et couvre l\u2019information tunisienne en temps r\u00e9el.\",\"email\":\"redac@webdo.tn\",\"legalName\":\"YNJ SARL\",\"foundingDate\":\"2010-09-06\",\"numberOfEmployees\":{\"@type\":\"QuantitativeValue\",\"minValue\":\"11\",\"maxValue\":\"50\"}},{\"@type\":\"Person\",\"@id\":\"https:\\\/\\\/www.webdo.tn\\\/fr\\\/#\\\/schema\\\/person\\\/9a9c6118d687c117df8ef3cc36a4d175\",\"name\":\"webdo.tn\",\"image\":{\"@type\":\"ImageObject\",\"inLanguage\":\"fr-FR\",\"@id\":\"https:\\\/\\\/secure.gravatar.com\\\/avatar\\\/7ce1f28c0c3bbac99ff550b85ef8e44a6950c6ee24514fb6a5489e51d06f0298?s=96&d=mm&r=g\",\"url\":\"https:\\\/\\\/secure.gravatar.com\\\/avatar\\\/7ce1f28c0c3bbac99ff550b85ef8e44a6950c6ee24514fb6a5489e51d06f0298?s=96&d=mm&r=g\",\"contentUrl\":\"https:\\\/\\\/secure.gravatar.com\\\/avatar\\\/7ce1f28c0c3bbac99ff550b85ef8e44a6950c6ee24514fb6a5489e51d06f0298?s=96&d=mm&r=g\",\"caption\":\"webdo.tn\"},\"url\":\"https:\\\/\\\/www.webdo.tn\\\/fr\\\/actualite\\\/author\\\/webdotn\\\/\"}]}<\/script>\n<!-- \/ Yoast SEO Premium plugin. -->","yoast_head_json":{"title":"Cr\u00e9ation d'une unit\u00e9 sp\u00e9ciale de lutte contre le terrorisme \u00e0 Kasserine","description":"Cr\u00e9ation d'une unit\u00e9 sp\u00e9ciale de lutte contre le terrorisme \u00e0 Kasserine","canonical":"https:\/\/www.webdo.tn\/fr\/actualite\/terrorisme\/creation-dune-unite-speciale-lutte-contre-terrorisme-kasserine\/180082\/","og_locale":"fr_FR","og_type":"article","og_title":"Cr\u00e9ation d'une unit\u00e9 sp\u00e9ciale de lutte contre le terrorisme \u00e0 Kasserine","og_description":"Cr\u00e9ation d'une unit\u00e9 sp\u00e9ciale de lutte contre le terrorisme \u00e0 Kasserine","og_url":"https:\/\/www.webdo.tn\/fr\/actualite\/terrorisme\/creation-dune-unite-speciale-lutte-contre-terrorisme-kasserine\/180082\/","og_site_name":"webdo","article_publisher":"https:\/\/www.facebook.com\/webdotn","article_published_time":"2014-09-22T15:07:00+00:00","article_modified_time":"2025-05-22T13:21:49+00:00","og_image":[{"width":218,"height":300,"url":"https:\/\/www.webdo.tn\/fr\/wp-content\/uploads\/2014\/09\/Lotfi-Ben-Jeddou1-218x300-1.jpg","type":"image\/jpeg"}],"author":"webdo.tn","twitter_card":"summary_large_image","twitter_creator":"@webdo_tn","twitter_site":"@webdo_tn","twitter_misc":{"\u00c9crit par":"webdo.tn"},"schema":{"@context":"https:\/\/schema.org","@graph":[{"@type":"NewsArticle","@id":"https:\/\/www.webdo.tn\/fr\/actualite\/terrorisme\/creation-dune-unite-speciale-lutte-contre-terrorisme-kasserine\/180082\/#article","isPartOf":{"@id":"https:\/\/www.webdo.tn\/fr\/actualite\/terrorisme\/creation-dune-unite-speciale-lutte-contre-terrorisme-kasserine\/180082\/"},"author":{"name":"webdo.tn","@id":"https:\/\/www.webdo.tn\/fr\/#\/schema\/person\/9a9c6118d687c117df8ef3cc36a4d175"},"headline":"Cr\u00e9ation d&rsquo;une unit\u00e9 sp\u00e9ciale de lutte contre le terrorisme \u00e0 Kasserine","datePublished":"2014-09-22T15:07:00+00:00","dateModified":"2025-05-22T13:21:49+00:00","mainEntityOfPage":{"@id":"https:\/\/www.webdo.tn\/fr\/actualite\/terrorisme\/creation-dune-unite-speciale-lutte-contre-terrorisme-kasserine\/180082\/"},"wordCount":95,"commentCount":0,"publisher":{"@id":"https:\/\/www.webdo.tn\/fr\/#organization"},"image":{"@id":"https:\/\/www.webdo.tn\/fr\/actualite\/terrorisme\/creation-dune-unite-speciale-lutte-contre-terrorisme-kasserine\/180082\/#primaryimage"},"thumbnailUrl":"https:\/\/www.webdo.tn\/fr\/wp-content\/uploads\/2014\/09\/Lotfi-Ben-Jeddou1-218x300-1.jpg","articleSection":["Terrorisme"],"inLanguage":"fr-FR"},{"@type":"WebPage","@id":"https:\/\/www.webdo.tn\/fr\/actualite\/terrorisme\/creation-dune-unite-speciale-lutte-contre-terrorisme-kasserine\/180082\/","url":"https:\/\/www.webdo.tn\/fr\/actualite\/terrorisme\/creation-dune-unite-speciale-lutte-contre-terrorisme-kasserine\/180082\/","name":"Cr\u00e9ation d'une unit\u00e9 sp\u00e9ciale de lutte contre le terrorisme \u00e0 Kasserine","isPartOf":{"@id":"https:\/\/www.webdo.tn\/fr\/#website"},"primaryImageOfPage":{"@id":"https:\/\/www.webdo.tn\/fr\/actualite\/terrorisme\/creation-dune-unite-speciale-lutte-contre-terrorisme-kasserine\/180082\/#primaryimage"},"image":{"@id":"https:\/\/www.webdo.tn\/fr\/actualite\/terrorisme\/creation-dune-unite-speciale-lutte-contre-terrorisme-kasserine\/180082\/#primaryimage"},"thumbnailUrl":"https:\/\/www.webdo.tn\/fr\/wp-content\/uploads\/2014\/09\/Lotfi-Ben-Jeddou1-218x300-1.jpg","datePublished":"2014-09-22T15:07:00+00:00","dateModified":"2025-05-22T13:21:49+00:00","description":"Cr\u00e9ation d'une unit\u00e9 sp\u00e9ciale de lutte contre le terrorisme \u00e0 Kasserine","breadcrumb":{"@id":"https:\/\/www.webdo.tn\/fr\/actualite\/terrorisme\/creation-dune-unite-speciale-lutte-contre-terrorisme-kasserine\/180082\/#breadcrumb"},"inLanguage":"fr-FR","potentialAction":[{"@type":"ReadAction","target":["https:\/\/www.webdo.tn\/fr\/actualite\/terrorisme\/creation-dune-unite-speciale-lutte-contre-terrorisme-kasserine\/180082\/"]}]},{"@type":"ImageObject","inLanguage":"fr-FR","@id":"https:\/\/www.webdo.tn\/fr\/actualite\/terrorisme\/creation-dune-unite-speciale-lutte-contre-terrorisme-kasserine\/180082\/#primaryimage","url":"https:\/\/www.webdo.tn\/fr\/wp-content\/uploads\/2014\/09\/Lotfi-Ben-Jeddou1-218x300-1.jpg","contentUrl":"https:\/\/www.webdo.tn\/fr\/wp-content\/uploads\/2014\/09\/Lotfi-Ben-Jeddou1-218x300-1.jpg","width":218,"height":300,"caption":"Cr\u00e9ation d'une unit\u00e9 sp\u00e9ciale de lutte contre le terrorisme \u00e0 Kasserine"},{"@type":"BreadcrumbList","@id":"https:\/\/www.webdo.tn\/fr\/actualite\/terrorisme\/creation-dune-unite-speciale-lutte-contre-terrorisme-kasserine\/180082\/#breadcrumb","itemListElement":[{"@type":"ListItem","position":1,"name":"Accueil","item":"https:\/\/www.webdo.tn\/fr\/"},{"@type":"ListItem","position":2,"name":"Cr\u00e9ation d&rsquo;une unit\u00e9 sp\u00e9ciale de lutte contre le terrorisme \u00e0 Kasserine"}]},{"@type":"WebSite","@id":"https:\/\/www.webdo.tn\/fr\/#website","url":"https:\/\/www.webdo.tn\/fr\/","name":"webdo","description":"Tunisie - News en Tunisie et \u00e0 l&#039;international sur Webdo.tn","publisher":{"@id":"https:\/\/www.webdo.tn\/fr\/#organization"},"potentialAction":[{"@type":"SearchAction","target":{"@type":"EntryPoint","urlTemplate":"https:\/\/www.webdo.tn\/fr\/?s={search_term_string}"},"query-input":{"@type":"PropertyValueSpecification","valueRequired":true,"valueName":"search_term_string"}}],"inLanguage":"fr-FR"},{"@type":"Organization","@id":"https:\/\/www.webdo.tn\/fr\/#organization","name":"Webdo","alternateName":"Webdo.tn","url":"https:\/\/www.webdo.tn\/fr\/","logo":{"@type":"ImageObject","inLanguage":"fr-FR","@id":"https:\/\/www.webdo.tn\/fr\/#\/schema\/logo\/image\/","url":"https:\/\/www.webdo.tn\/fr\/wp-content\/uploads\/2025\/06\/Webdo-Tunisie_168377.jpg","contentUrl":"https:\/\/www.webdo.tn\/fr\/wp-content\/uploads\/2025\/06\/Webdo-Tunisie_168377.jpg","width":301,"height":301,"caption":"Webdo"},"image":{"@id":"https:\/\/www.webdo.tn\/fr\/#\/schema\/logo\/image\/"},"sameAs":["https:\/\/www.facebook.com\/webdotn","https:\/\/x.com\/webdo_tn"],"description":"Webdo est un m\u00e9dia num\u00e9rique tunisien fond\u00e9 en 2010, sp\u00e9cialis\u00e9 dans l\u2019actualit\u00e9 nationale et internationale, l\u2019\u00e9conomie, la soci\u00e9t\u00e9 et les analyses politiques. Le site s\u2019adresse \u00e0 un large public francophone et couvre l\u2019information tunisienne en temps r\u00e9el.","email":"redac@webdo.tn","legalName":"YNJ SARL","foundingDate":"2010-09-06","numberOfEmployees":{"@type":"QuantitativeValue","minValue":"11","maxValue":"50"}},{"@type":"Person","@id":"https:\/\/www.webdo.tn\/fr\/#\/schema\/person\/9a9c6118d687c117df8ef3cc36a4d175","name":"webdo.tn","image":{"@type":"ImageObject","inLanguage":"fr-FR","@id":"https:\/\/secure.gravatar.com\/avatar\/7ce1f28c0c3bbac99ff550b85ef8e44a6950c6ee24514fb6a5489e51d06f0298?s=96&d=mm&r=g","url":"https:\/\/secure.gravatar.com\/avatar\/7ce1f28c0c3bbac99ff550b85ef8e44a6950c6ee24514fb6a5489e51d06f0298?s=96&d=mm&r=g","contentUrl":"https:\/\/secure.gravatar.com\/avatar\/7ce1f28c0c3bbac99ff550b85ef8e44a6950c6ee24514fb6a5489e51d06f0298?s=96&d=mm&r=g","caption":"webdo.tn"},"url":"https:\/\/www.webdo.tn\/fr\/actualite\/author\/webdotn\/"}]}},"_links":{"self":[{"href":"https:\/\/www.webdo.tn\/fr\/wp-json\/wp\/v2\/posts\/180082","targetHints":{"allow":["GET"]}}],"collection":[{"href":"https:\/\/www.webdo.tn\/fr\/wp-json\/wp\/v2\/posts"}],"about":[{"href":"https:\/\/www.webdo.tn\/fr\/wp-json\/wp\/v2\/types\/post"}],"author":[{"embeddable":true,"href":"https:\/\/www.webdo.tn\/fr\/wp-json\/wp\/v2\/users\/3222"}],"replies":[{"embeddable":true,"href":"https:\/\/www.webdo.tn\/fr\/wp-json\/wp\/v2\/comments?post=180082"}],"version-history":[{"count":0,"href":"https:\/\/www.webdo.tn\/fr\/wp-json\/wp\/v2\/posts\/180082\/revisions"}],"wp:featuredmedia":[{"embeddable":true,"href":"https:\/\/www.webdo.tn\/fr\/wp-json\/wp\/v2\/media\/335016"}],"wp:attachment":[{"href":"https:\/\/www.webdo.tn\/fr\/wp-json\/wp\/v2\/media?parent=180082"}],"wp:term":[{"taxonomy":"category","embeddable":true,"href":"https:\/\/www.webdo.tn\/fr\/wp-json\/wp\/v2\/categories?post=180082"},{"taxonomy":"post_tag","embeddable":true,"href":"https:\/\/www.webdo.tn\/fr\/wp-json\/wp\/v2\/tags?post=180082"}],"curies":[{"name":"wp","href":"https:\/\/api.w.org\/{rel}","templated":true}]}}