{"id":180080,"date":"2014-09-23T11:17:00","date_gmt":"2014-09-23T11:17:00","guid":{"rendered":"https:\/\/www.webdo.tn\/fr\/blog\/premieres-frappes-arabo-us-contre-letat-islamique-en-syrie\/180080\/"},"modified":"2025-05-22T13:04:20","modified_gmt":"2025-05-22T13:04:20","slug":"premieres-frappes-arabo-us-contre-letat-islamique-en-syrie","status":"publish","type":"post","link":"https:\/\/www.webdo.tn\/fr\/actualite\/terrorisme\/premieres-frappes-arabo-us-contre-letat-islamique-en-syrie\/180080\/","title":{"rendered":"Premi\u00e8res frappes arabo-US contre l&rsquo;\u00c9tat islamique en Syrie"},"content":{"rendered":"<p>Les \u00c9tats-Unis et leurs alli\u00e9s ont effectu\u00e9, dans la nuit du lundi 22 \u00e0 ce mardi 23 septembre, leurs premi\u00e8res frappes a\u00e9riennes contre les localisations de l\u2019\u00c9tat islamique (EIIL) en Syrie, selon l\u2019administration am\u00e9ricaine.Des avions de chasse, des bombardiers, des drones ainsi que des missiles Tomahawk ont \u00e9t\u00e9 d\u00e9ploy\u00e9s et des frappes a\u00e9riennes d\u00e9clench\u00e9es sur une vingtaine de positions de l&rsquo;Etat islamique.<\/p>\n<p>Selon l\u2019agence de presse Reuters, des pays arabes ont particip\u00e9 \u00e0 des raids, d&rsquo;apr\u00e8s un t\u00e9moignage d\u2019un membre de l\u2019administration am\u00e9ricaine sous couvert d\u2019anonymat.<\/p>\n<p>Selon la cha\u00eene de t\u00e9l\u00e9vision ABC, les \u00c9tats arabes alli\u00e9s \u00e0 ces frappes seraient le Bahrein, le Qatar, la Jordanie, l&rsquo;Arabie saoudite et les Emirats arabes unis. Le porte-parole du gouvernement jordanien a confirm\u00e9 que le royaume \u00e9tait partie prenante.<\/p>\n<p>Vingt-deux cibles ont \u00e9t\u00e9 touch\u00e9es, selon Al Arabiya. Les raids visaient principalement des positions de l&rsquo;EI \u00e0 Raqqa, au nord de la Syrie, bastion du califat autoproclam\u00e9 de Daesh situ\u00e9 \u00e0 400 km au nord-est de Damas, ainsi que des cibles sur la fronti\u00e8re entre la Syrie et l&rsquo;Irak.<br \/>\nN.D.<\/p>\n","protected":false},"excerpt":{"rendered":"<p>Premi\u00e8res frappes arabo-US contre l&rsquo;\u00c9tat islamique en Syrie<\/p>\n","protected":false},"author":3222,"featured_media":331430,"comment_status":"open","ping_status":"closed","sticky":false,"template":"","format":"standard","meta":{"footnotes":""},"categories":[11342],"tags":[],"class_list":["post-180080","post","type-post","status-publish","format-standard","has-post-thumbnail","hentry","category-terrorisme"],"yoast_head":"<!-- This site is optimized with the Yoast SEO Premium plugin v27.5 (Yoast SEO v27.5) - https:\/\/yoast.com\/product\/yoast-seo-premium-wordpress\/ -->\n<title>Premi\u00e8res frappes arabo-US contre l&#039;\u00c9tat islamique en Syrie<\/title>\n<meta name=\"description\" content=\"Premi\u00e8res frappes arabo-US contre l&#039;\u00c9tat islamique en Syrie\" \/>\n<link rel=\"canonical\" href=\"https:\/\/www.webdo.tn\/fr\/actualite\/terrorisme\/premieres-frappes-arabo-us-contre-letat-islamique-en-syrie\/180080\/\" \/>\n<meta property=\"og:locale\" content=\"fr_FR\" \/>\n<meta property=\"og:type\" content=\"article\" \/>\n<meta property=\"og:title\" content=\"Premi\u00e8res frappes arabo-US contre l&#039;\u00c9tat islamique en Syrie\" \/>\n<meta property=\"og:description\" content=\"Premi\u00e8res frappes arabo-US contre l&#039;\u00c9tat islamique en Syrie\" \/>\n<meta property=\"og:url\" content=\"https:\/\/www.webdo.tn\/fr\/actualite\/terrorisme\/premieres-frappes-arabo-us-contre-letat-islamique-en-syrie\/180080\/\" \/>\n<meta property=\"og:site_name\" content=\"webdo\" \/>\n<meta property=\"article:publisher\" content=\"https:\/\/www.facebook.com\/webdotn\" \/>\n<meta property=\"article:published_time\" content=\"2014-09-23T11:17:00+00:00\" \/>\n<meta property=\"article:modified_time\" content=\"2025-05-22T13:04:20+00:00\" \/>\n<meta property=\"og:image\" content=\"https:\/\/www.webdo.tn\/fr\/wp-content\/uploads\/2014\/09\/syrie-frappes-usa-credit-photo-AP.jpeg\" \/>\n\t<meta property=\"og:image:width\" content=\"341\" \/>\n\t<meta property=\"og:image:height\" content=\"200\" \/>\n\t<meta property=\"og:image:type\" content=\"image\/jpeg\" \/>\n<meta name=\"author\" content=\"webdo.tn\" \/>\n<meta name=\"twitter:card\" content=\"summary_large_image\" \/>\n<meta name=\"twitter:creator\" content=\"@webdo_tn\" \/>\n<meta name=\"twitter:site\" content=\"@webdo_tn\" \/>\n<meta name=\"twitter:label1\" content=\"\u00c9crit par\" \/>\n\t<meta name=\"twitter:data1\" content=\"webdo.tn\" \/>\n\t<meta name=\"twitter:label2\" content=\"Dur\u00e9e de lecture estim\u00e9e\" \/>\n\t<meta name=\"twitter:data2\" content=\"1 minute\" \/>\n<script type=\"application\/ld+json\" class=\"yoast-schema-graph\">{\"@context\":\"https:\\\/\\\/schema.org\",\"@graph\":[{\"@type\":\"NewsArticle\",\"@id\":\"https:\\\/\\\/www.webdo.tn\\\/fr\\\/actualite\\\/terrorisme\\\/premieres-frappes-arabo-us-contre-letat-islamique-en-syrie\\\/180080\\\/#article\",\"isPartOf\":{\"@id\":\"https:\\\/\\\/www.webdo.tn\\\/fr\\\/actualite\\\/terrorisme\\\/premieres-frappes-arabo-us-contre-letat-islamique-en-syrie\\\/180080\\\/\"},\"author\":{\"name\":\"webdo.tn\",\"@id\":\"https:\\\/\\\/www.webdo.tn\\\/fr\\\/#\\\/schema\\\/person\\\/9a9c6118d687c117df8ef3cc36a4d175\"},\"headline\":\"Premi\u00e8res frappes arabo-US contre l&rsquo;\u00c9tat islamique en Syrie\",\"datePublished\":\"2014-09-23T11:17:00+00:00\",\"dateModified\":\"2025-05-22T13:04:20+00:00\",\"mainEntityOfPage\":{\"@id\":\"https:\\\/\\\/www.webdo.tn\\\/fr\\\/actualite\\\/terrorisme\\\/premieres-frappes-arabo-us-contre-letat-islamique-en-syrie\\\/180080\\\/\"},\"wordCount\":209,\"commentCount\":0,\"publisher\":{\"@id\":\"https:\\\/\\\/www.webdo.tn\\\/fr\\\/#organization\"},\"image\":{\"@id\":\"https:\\\/\\\/www.webdo.tn\\\/fr\\\/actualite\\\/terrorisme\\\/premieres-frappes-arabo-us-contre-letat-islamique-en-syrie\\\/180080\\\/#primaryimage\"},\"thumbnailUrl\":\"https:\\\/\\\/www.webdo.tn\\\/fr\\\/wp-content\\\/uploads\\\/2014\\\/09\\\/syrie-frappes-usa-credit-photo-AP.jpeg\",\"articleSection\":[\"Terrorisme\"],\"inLanguage\":\"fr-FR\"},{\"@type\":\"WebPage\",\"@id\":\"https:\\\/\\\/www.webdo.tn\\\/fr\\\/actualite\\\/terrorisme\\\/premieres-frappes-arabo-us-contre-letat-islamique-en-syrie\\\/180080\\\/\",\"url\":\"https:\\\/\\\/www.webdo.tn\\\/fr\\\/actualite\\\/terrorisme\\\/premieres-frappes-arabo-us-contre-letat-islamique-en-syrie\\\/180080\\\/\",\"name\":\"Premi\u00e8res frappes arabo-US contre l'\u00c9tat islamique en Syrie\",\"isPartOf\":{\"@id\":\"https:\\\/\\\/www.webdo.tn\\\/fr\\\/#website\"},\"primaryImageOfPage\":{\"@id\":\"https:\\\/\\\/www.webdo.tn\\\/fr\\\/actualite\\\/terrorisme\\\/premieres-frappes-arabo-us-contre-letat-islamique-en-syrie\\\/180080\\\/#primaryimage\"},\"image\":{\"@id\":\"https:\\\/\\\/www.webdo.tn\\\/fr\\\/actualite\\\/terrorisme\\\/premieres-frappes-arabo-us-contre-letat-islamique-en-syrie\\\/180080\\\/#primaryimage\"},\"thumbnailUrl\":\"https:\\\/\\\/www.webdo.tn\\\/fr\\\/wp-content\\\/uploads\\\/2014\\\/09\\\/syrie-frappes-usa-credit-photo-AP.jpeg\",\"datePublished\":\"2014-09-23T11:17:00+00:00\",\"dateModified\":\"2025-05-22T13:04:20+00:00\",\"description\":\"Premi\u00e8res frappes arabo-US contre l'\u00c9tat islamique en Syrie\",\"breadcrumb\":{\"@id\":\"https:\\\/\\\/www.webdo.tn\\\/fr\\\/actualite\\\/terrorisme\\\/premieres-frappes-arabo-us-contre-letat-islamique-en-syrie\\\/180080\\\/#breadcrumb\"},\"inLanguage\":\"fr-FR\",\"potentialAction\":[{\"@type\":\"ReadAction\",\"target\":[\"https:\\\/\\\/www.webdo.tn\\\/fr\\\/actualite\\\/terrorisme\\\/premieres-frappes-arabo-us-contre-letat-islamique-en-syrie\\\/180080\\\/\"]}]},{\"@type\":\"ImageObject\",\"inLanguage\":\"fr-FR\",\"@id\":\"https:\\\/\\\/www.webdo.tn\\\/fr\\\/actualite\\\/terrorisme\\\/premieres-frappes-arabo-us-contre-letat-islamique-en-syrie\\\/180080\\\/#primaryimage\",\"url\":\"https:\\\/\\\/www.webdo.tn\\\/fr\\\/wp-content\\\/uploads\\\/2014\\\/09\\\/syrie-frappes-usa-credit-photo-AP.jpeg\",\"contentUrl\":\"https:\\\/\\\/www.webdo.tn\\\/fr\\\/wp-content\\\/uploads\\\/2014\\\/09\\\/syrie-frappes-usa-credit-photo-AP.jpeg\",\"width\":341,\"height\":200,\"caption\":\"Premi\u00e8res frappes arabo-US contre l'\u00c9tat islamique en Syrie\"},{\"@type\":\"BreadcrumbList\",\"@id\":\"https:\\\/\\\/www.webdo.tn\\\/fr\\\/actualite\\\/terrorisme\\\/premieres-frappes-arabo-us-contre-letat-islamique-en-syrie\\\/180080\\\/#breadcrumb\",\"itemListElement\":[{\"@type\":\"ListItem\",\"position\":1,\"name\":\"Accueil\",\"item\":\"https:\\\/\\\/www.webdo.tn\\\/fr\\\/\"},{\"@type\":\"ListItem\",\"position\":2,\"name\":\"Premi\u00e8res frappes arabo-US contre l&rsquo;\u00c9tat islamique en Syrie\"}]},{\"@type\":\"WebSite\",\"@id\":\"https:\\\/\\\/www.webdo.tn\\\/fr\\\/#website\",\"url\":\"https:\\\/\\\/www.webdo.tn\\\/fr\\\/\",\"name\":\"webdo\",\"description\":\"Tunisie - News en Tunisie et \u00e0 l&#039;international sur Webdo.tn\",\"publisher\":{\"@id\":\"https:\\\/\\\/www.webdo.tn\\\/fr\\\/#organization\"},\"potentialAction\":[{\"@type\":\"SearchAction\",\"target\":{\"@type\":\"EntryPoint\",\"urlTemplate\":\"https:\\\/\\\/www.webdo.tn\\\/fr\\\/?s={search_term_string}\"},\"query-input\":{\"@type\":\"PropertyValueSpecification\",\"valueRequired\":true,\"valueName\":\"search_term_string\"}}],\"inLanguage\":\"fr-FR\"},{\"@type\":\"Organization\",\"@id\":\"https:\\\/\\\/www.webdo.tn\\\/fr\\\/#organization\",\"name\":\"Webdo\",\"alternateName\":\"Webdo.tn\",\"url\":\"https:\\\/\\\/www.webdo.tn\\\/fr\\\/\",\"logo\":{\"@type\":\"ImageObject\",\"inLanguage\":\"fr-FR\",\"@id\":\"https:\\\/\\\/www.webdo.tn\\\/fr\\\/#\\\/schema\\\/logo\\\/image\\\/\",\"url\":\"https:\\\/\\\/www.webdo.tn\\\/fr\\\/wp-content\\\/uploads\\\/2025\\\/06\\\/Webdo-Tunisie_168377.jpg\",\"contentUrl\":\"https:\\\/\\\/www.webdo.tn\\\/fr\\\/wp-content\\\/uploads\\\/2025\\\/06\\\/Webdo-Tunisie_168377.jpg\",\"width\":301,\"height\":301,\"caption\":\"Webdo\"},\"image\":{\"@id\":\"https:\\\/\\\/www.webdo.tn\\\/fr\\\/#\\\/schema\\\/logo\\\/image\\\/\"},\"sameAs\":[\"https:\\\/\\\/www.facebook.com\\\/webdotn\",\"https:\\\/\\\/x.com\\\/webdo_tn\"],\"description\":\"Webdo est un m\u00e9dia num\u00e9rique tunisien fond\u00e9 en 2010, sp\u00e9cialis\u00e9 dans l\u2019actualit\u00e9 nationale et internationale, l\u2019\u00e9conomie, la soci\u00e9t\u00e9 et les analyses politiques. Le site s\u2019adresse \u00e0 un large public francophone et couvre l\u2019information tunisienne en temps r\u00e9el.\",\"email\":\"redac@webdo.tn\",\"legalName\":\"YNJ SARL\",\"foundingDate\":\"2010-09-06\",\"numberOfEmployees\":{\"@type\":\"QuantitativeValue\",\"minValue\":\"11\",\"maxValue\":\"50\"}},{\"@type\":\"Person\",\"@id\":\"https:\\\/\\\/www.webdo.tn\\\/fr\\\/#\\\/schema\\\/person\\\/9a9c6118d687c117df8ef3cc36a4d175\",\"name\":\"webdo.tn\",\"image\":{\"@type\":\"ImageObject\",\"inLanguage\":\"fr-FR\",\"@id\":\"https:\\\/\\\/secure.gravatar.com\\\/avatar\\\/7ce1f28c0c3bbac99ff550b85ef8e44a6950c6ee24514fb6a5489e51d06f0298?s=96&d=mm&r=g\",\"url\":\"https:\\\/\\\/secure.gravatar.com\\\/avatar\\\/7ce1f28c0c3bbac99ff550b85ef8e44a6950c6ee24514fb6a5489e51d06f0298?s=96&d=mm&r=g\",\"contentUrl\":\"https:\\\/\\\/secure.gravatar.com\\\/avatar\\\/7ce1f28c0c3bbac99ff550b85ef8e44a6950c6ee24514fb6a5489e51d06f0298?s=96&d=mm&r=g\",\"caption\":\"webdo.tn\"},\"url\":\"https:\\\/\\\/www.webdo.tn\\\/fr\\\/actualite\\\/author\\\/webdotn\\\/\"}]}<\/script>\n<!-- \/ Yoast SEO Premium plugin. -->","yoast_head_json":{"title":"Premi\u00e8res frappes arabo-US contre l'\u00c9tat islamique en Syrie","description":"Premi\u00e8res frappes arabo-US contre l'\u00c9tat islamique en Syrie","canonical":"https:\/\/www.webdo.tn\/fr\/actualite\/terrorisme\/premieres-frappes-arabo-us-contre-letat-islamique-en-syrie\/180080\/","og_locale":"fr_FR","og_type":"article","og_title":"Premi\u00e8res frappes arabo-US contre l'\u00c9tat islamique en Syrie","og_description":"Premi\u00e8res frappes arabo-US contre l'\u00c9tat islamique en Syrie","og_url":"https:\/\/www.webdo.tn\/fr\/actualite\/terrorisme\/premieres-frappes-arabo-us-contre-letat-islamique-en-syrie\/180080\/","og_site_name":"webdo","article_publisher":"https:\/\/www.facebook.com\/webdotn","article_published_time":"2014-09-23T11:17:00+00:00","article_modified_time":"2025-05-22T13:04:20+00:00","og_image":[{"width":341,"height":200,"url":"https:\/\/www.webdo.tn\/fr\/wp-content\/uploads\/2014\/09\/syrie-frappes-usa-credit-photo-AP.jpeg","type":"image\/jpeg"}],"author":"webdo.tn","twitter_card":"summary_large_image","twitter_creator":"@webdo_tn","twitter_site":"@webdo_tn","twitter_misc":{"\u00c9crit par":"webdo.tn","Dur\u00e9e de lecture estim\u00e9e":"1 minute"},"schema":{"@context":"https:\/\/schema.org","@graph":[{"@type":"NewsArticle","@id":"https:\/\/www.webdo.tn\/fr\/actualite\/terrorisme\/premieres-frappes-arabo-us-contre-letat-islamique-en-syrie\/180080\/#article","isPartOf":{"@id":"https:\/\/www.webdo.tn\/fr\/actualite\/terrorisme\/premieres-frappes-arabo-us-contre-letat-islamique-en-syrie\/180080\/"},"author":{"name":"webdo.tn","@id":"https:\/\/www.webdo.tn\/fr\/#\/schema\/person\/9a9c6118d687c117df8ef3cc36a4d175"},"headline":"Premi\u00e8res frappes arabo-US contre l&rsquo;\u00c9tat islamique en Syrie","datePublished":"2014-09-23T11:17:00+00:00","dateModified":"2025-05-22T13:04:20+00:00","mainEntityOfPage":{"@id":"https:\/\/www.webdo.tn\/fr\/actualite\/terrorisme\/premieres-frappes-arabo-us-contre-letat-islamique-en-syrie\/180080\/"},"wordCount":209,"commentCount":0,"publisher":{"@id":"https:\/\/www.webdo.tn\/fr\/#organization"},"image":{"@id":"https:\/\/www.webdo.tn\/fr\/actualite\/terrorisme\/premieres-frappes-arabo-us-contre-letat-islamique-en-syrie\/180080\/#primaryimage"},"thumbnailUrl":"https:\/\/www.webdo.tn\/fr\/wp-content\/uploads\/2014\/09\/syrie-frappes-usa-credit-photo-AP.jpeg","articleSection":["Terrorisme"],"inLanguage":"fr-FR"},{"@type":"WebPage","@id":"https:\/\/www.webdo.tn\/fr\/actualite\/terrorisme\/premieres-frappes-arabo-us-contre-letat-islamique-en-syrie\/180080\/","url":"https:\/\/www.webdo.tn\/fr\/actualite\/terrorisme\/premieres-frappes-arabo-us-contre-letat-islamique-en-syrie\/180080\/","name":"Premi\u00e8res frappes arabo-US contre l'\u00c9tat islamique en Syrie","isPartOf":{"@id":"https:\/\/www.webdo.tn\/fr\/#website"},"primaryImageOfPage":{"@id":"https:\/\/www.webdo.tn\/fr\/actualite\/terrorisme\/premieres-frappes-arabo-us-contre-letat-islamique-en-syrie\/180080\/#primaryimage"},"image":{"@id":"https:\/\/www.webdo.tn\/fr\/actualite\/terrorisme\/premieres-frappes-arabo-us-contre-letat-islamique-en-syrie\/180080\/#primaryimage"},"thumbnailUrl":"https:\/\/www.webdo.tn\/fr\/wp-content\/uploads\/2014\/09\/syrie-frappes-usa-credit-photo-AP.jpeg","datePublished":"2014-09-23T11:17:00+00:00","dateModified":"2025-05-22T13:04:20+00:00","description":"Premi\u00e8res frappes arabo-US contre l'\u00c9tat islamique en Syrie","breadcrumb":{"@id":"https:\/\/www.webdo.tn\/fr\/actualite\/terrorisme\/premieres-frappes-arabo-us-contre-letat-islamique-en-syrie\/180080\/#breadcrumb"},"inLanguage":"fr-FR","potentialAction":[{"@type":"ReadAction","target":["https:\/\/www.webdo.tn\/fr\/actualite\/terrorisme\/premieres-frappes-arabo-us-contre-letat-islamique-en-syrie\/180080\/"]}]},{"@type":"ImageObject","inLanguage":"fr-FR","@id":"https:\/\/www.webdo.tn\/fr\/actualite\/terrorisme\/premieres-frappes-arabo-us-contre-letat-islamique-en-syrie\/180080\/#primaryimage","url":"https:\/\/www.webdo.tn\/fr\/wp-content\/uploads\/2014\/09\/syrie-frappes-usa-credit-photo-AP.jpeg","contentUrl":"https:\/\/www.webdo.tn\/fr\/wp-content\/uploads\/2014\/09\/syrie-frappes-usa-credit-photo-AP.jpeg","width":341,"height":200,"caption":"Premi\u00e8res frappes arabo-US contre l'\u00c9tat islamique en Syrie"},{"@type":"BreadcrumbList","@id":"https:\/\/www.webdo.tn\/fr\/actualite\/terrorisme\/premieres-frappes-arabo-us-contre-letat-islamique-en-syrie\/180080\/#breadcrumb","itemListElement":[{"@type":"ListItem","position":1,"name":"Accueil","item":"https:\/\/www.webdo.tn\/fr\/"},{"@type":"ListItem","position":2,"name":"Premi\u00e8res frappes arabo-US contre l&rsquo;\u00c9tat islamique en Syrie"}]},{"@type":"WebSite","@id":"https:\/\/www.webdo.tn\/fr\/#website","url":"https:\/\/www.webdo.tn\/fr\/","name":"webdo","description":"Tunisie - News en Tunisie et \u00e0 l&#039;international sur Webdo.tn","publisher":{"@id":"https:\/\/www.webdo.tn\/fr\/#organization"},"potentialAction":[{"@type":"SearchAction","target":{"@type":"EntryPoint","urlTemplate":"https:\/\/www.webdo.tn\/fr\/?s={search_term_string}"},"query-input":{"@type":"PropertyValueSpecification","valueRequired":true,"valueName":"search_term_string"}}],"inLanguage":"fr-FR"},{"@type":"Organization","@id":"https:\/\/www.webdo.tn\/fr\/#organization","name":"Webdo","alternateName":"Webdo.tn","url":"https:\/\/www.webdo.tn\/fr\/","logo":{"@type":"ImageObject","inLanguage":"fr-FR","@id":"https:\/\/www.webdo.tn\/fr\/#\/schema\/logo\/image\/","url":"https:\/\/www.webdo.tn\/fr\/wp-content\/uploads\/2025\/06\/Webdo-Tunisie_168377.jpg","contentUrl":"https:\/\/www.webdo.tn\/fr\/wp-content\/uploads\/2025\/06\/Webdo-Tunisie_168377.jpg","width":301,"height":301,"caption":"Webdo"},"image":{"@id":"https:\/\/www.webdo.tn\/fr\/#\/schema\/logo\/image\/"},"sameAs":["https:\/\/www.facebook.com\/webdotn","https:\/\/x.com\/webdo_tn"],"description":"Webdo est un m\u00e9dia num\u00e9rique tunisien fond\u00e9 en 2010, sp\u00e9cialis\u00e9 dans l\u2019actualit\u00e9 nationale et internationale, l\u2019\u00e9conomie, la soci\u00e9t\u00e9 et les analyses politiques. Le site s\u2019adresse \u00e0 un large public francophone et couvre l\u2019information tunisienne en temps r\u00e9el.","email":"redac@webdo.tn","legalName":"YNJ SARL","foundingDate":"2010-09-06","numberOfEmployees":{"@type":"QuantitativeValue","minValue":"11","maxValue":"50"}},{"@type":"Person","@id":"https:\/\/www.webdo.tn\/fr\/#\/schema\/person\/9a9c6118d687c117df8ef3cc36a4d175","name":"webdo.tn","image":{"@type":"ImageObject","inLanguage":"fr-FR","@id":"https:\/\/secure.gravatar.com\/avatar\/7ce1f28c0c3bbac99ff550b85ef8e44a6950c6ee24514fb6a5489e51d06f0298?s=96&d=mm&r=g","url":"https:\/\/secure.gravatar.com\/avatar\/7ce1f28c0c3bbac99ff550b85ef8e44a6950c6ee24514fb6a5489e51d06f0298?s=96&d=mm&r=g","contentUrl":"https:\/\/secure.gravatar.com\/avatar\/7ce1f28c0c3bbac99ff550b85ef8e44a6950c6ee24514fb6a5489e51d06f0298?s=96&d=mm&r=g","caption":"webdo.tn"},"url":"https:\/\/www.webdo.tn\/fr\/actualite\/author\/webdotn\/"}]}},"_links":{"self":[{"href":"https:\/\/www.webdo.tn\/fr\/wp-json\/wp\/v2\/posts\/180080","targetHints":{"allow":["GET"]}}],"collection":[{"href":"https:\/\/www.webdo.tn\/fr\/wp-json\/wp\/v2\/posts"}],"about":[{"href":"https:\/\/www.webdo.tn\/fr\/wp-json\/wp\/v2\/types\/post"}],"author":[{"embeddable":true,"href":"https:\/\/www.webdo.tn\/fr\/wp-json\/wp\/v2\/users\/3222"}],"replies":[{"embeddable":true,"href":"https:\/\/www.webdo.tn\/fr\/wp-json\/wp\/v2\/comments?post=180080"}],"version-history":[{"count":0,"href":"https:\/\/www.webdo.tn\/fr\/wp-json\/wp\/v2\/posts\/180080\/revisions"}],"wp:featuredmedia":[{"embeddable":true,"href":"https:\/\/www.webdo.tn\/fr\/wp-json\/wp\/v2\/media\/331430"}],"wp:attachment":[{"href":"https:\/\/www.webdo.tn\/fr\/wp-json\/wp\/v2\/media?parent=180080"}],"wp:term":[{"taxonomy":"category","embeddable":true,"href":"https:\/\/www.webdo.tn\/fr\/wp-json\/wp\/v2\/categories?post=180080"},{"taxonomy":"post_tag","embeddable":true,"href":"https:\/\/www.webdo.tn\/fr\/wp-json\/wp\/v2\/tags?post=180080"}],"curies":[{"name":"wp","href":"https:\/\/api.w.org\/{rel}","templated":true}]}}