{"id":180079,"date":"2014-09-23T23:14:00","date_gmt":"2014-09-23T23:14:00","guid":{"rendered":"https:\/\/www.webdo.tn\/fr\/blog\/tunisie-arrestation-du-dangereux-terroriste-zouhaier-ben-mouldi-dhibi\/180079\/"},"modified":"2025-05-22T13:04:17","modified_gmt":"2025-05-22T13:04:17","slug":"tunisie-arrestation-du-dangereux-terroriste-zouhaier-ben-mouldi-dhibi","status":"publish","type":"post","link":"https:\/\/www.webdo.tn\/fr\/actualite\/terrorisme\/tunisie-arrestation-du-dangereux-terroriste-zouhaier-ben-mouldi-dhibi\/180079\/","title":{"rendered":"Arrestation, \u00e0 Kasserine, du \u00ab\u00a0dangereux\u00a0\u00bb terroriste Zouhaier Ben Mouldi Dhibi"},"content":{"rendered":"<p>Le pr\u00e9sum\u00e9 terroriste Zouhaier Ben Mouldi Dhibi, recherch\u00e9s par les forces s\u00e9curitaires, a \u00e9t\u00e9 arr\u00eat\u00e9 par les forces s\u00e9curitaires et l&rsquo;arm\u00e9e \u00e0 Kasserine, ce mardi 23 septembre, annonce le minist\u00e8re de l&rsquo;Int\u00e9rieur sur sa page Facebook\u00a0officielle.<\/p>\n<p>Mohamed Ali Laroui, porte-parole du minist\u00e8re de l\u2019Int\u00e9rieur, avait indiqu\u00e9 lors de la conf\u00e9rence de presse tenue ce mardi que Mohamed Salah Dhibi fait partie \u00ab\u00a0des terroristes tr\u00e8s dangereux, activement recherch\u00e9 pour son implication dans plusieurs op\u00e9rations terroristes \u00e0 Kasserine\u00a0\u00bb.<\/p>\n<p>Cellules terroristes d\u00e9mantel\u00e9es \u00e0 Sousse et \u00e0 Monastir<\/p>\n<p>L&rsquo;annonce de l&rsquo;arrestation \u00a0de cellule terroriste \u00e0 Sousse et \u00e0 Monatir par le minist\u00e8re a eu lieu le soir, vers 22h, \u00a0apr\u00e8s la conf\u00e9rence de presse tenue par Mohamed Ali Laroui \u00e0 16 de l&rsquo;apr\u00e8s-midi. Selon M. Laroui, deux cellules ont \u00e9t\u00e9 d\u00e9mantel\u00e9es. Un nouvel avis de recherche contre cinq autres pr\u00e9sum\u00e9s terroristes a \u00e9t\u00e9 lanc\u00e9 par la suite.<\/p>\n<p>Les cellules d\u00e9mantel\u00e9es \u00a0\u00ab planifient un coup d\u2019Etat, l\u2019\u00e9tablissement d\u2019un Califat et l\u2019application de la Charia\u00e2 \u00bb, selon les premiers \u00e9l\u00e9ments de l\u2019enqu\u00eate, selon M. Laroui.<\/p>\n<p>Selon le porte-parole du minist\u00e8re, les pr\u00e9sum\u00e9s terroristes comptaient exploiter les premiers troubles pour prendre d\u2019assaut des postes de police dans les gouvernorats de Sousse et Monastir et sont soup\u00e7onn\u00e9es d\u2019apporter un soutien logistique aux groupes terroristes retranch\u00e9s \u00e0 Jebel Ch\u00e2ambi, d\u2019avoir planifi\u00e9 l\u2019attaque contre le domicile du ministre de l&rsquo;Int\u00e9rieur, Lotfi Ben Jeddou le 27 mai dernier, et d\u2019avoir attaqu\u00e9 une patrouille s\u00e9curitaire, le 31 ao\u00fbt.<\/p>\n<p>La \u00ab\u00a0cellule terroriste de Sousse\u00a0\u00bb a \u00e9t\u00e9 d\u00e9mantel\u00e9e . elle \u00e9tait compos\u00e9e de 11 \u00e9l\u00e9ments, dont 10 ont \u00e9t\u00e9 arr\u00eat\u00e9s et le onzi\u00e8me est toujours recherch\u00e9. Quant \u00e0 la cellule de Monastir, elle est compos\u00e9e de 5 \u00e9l\u00e9ments, qui se sont av\u00e9r\u00e9s \u00eatre en relation directe avec le terroriste Mohamed Salah Dhibi, \u00e9galement recherch\u00e9 et probablement retranch\u00e9 sur les hauteurs de Kasserine, selon Mohamed Ali Laroui. Dix pistolets ont \u00e9t\u00e9 saisis.<\/p>\n<p> Nouvel avis de recherche<\/p>\n<p>Outre le d\u00e9mant\u00e8lement de ces deux cellules terroristes, d\u2019autres cellules ont \u00e9galement \u00e9t\u00e9 d\u00e9mantel\u00e9es \u00e0 Meknassi et Kasserine.<\/p>\n<p>Le minist\u00e8re de l\u2019Int\u00e9rieur avait \u00e9galement publi\u00e9 un nouvel avis de recherche concernant cinq pr\u00e9sum\u00e9s terroristes consid\u00e9r\u00e9s \u00ab\u00a0dangereux\u00a0\u00bb apr\u00e8s l\u2019avis de recherche du 18 septembre. Cet avis de recherche comporte les noms de\u00a0:<\/p>\n<p> Lokmane Abou Sakhr<br \/>\n Alaeddine Ben Kamel Tahri<br \/>\n Mohamed Salah Ben Abdallah Dhibi<br \/>\n Zouheir Ben Mouldi Dhibi<br \/>\n Khaled Ben Fraj Souissi<\/p>\n<p>\u00a0Celui du 18 septembre comportait les noms suivants:<\/p>\n<p> \u00a0Marwen Mhamdi<br \/>\n Majdi Jalali<br \/>\n Hichem Mnafki<br \/>\n H\u00e9ni Ncibi<br \/>\n Lokmane Abou Sakhr<\/p>\n","protected":false},"excerpt":{"rendered":"<p>Arrestation, \u00e0 Kasserine, du  dangereux  terroriste Zouhaier Ben Mouldi Dhibi<\/p>\n","protected":false},"author":3222,"featured_media":331420,"comment_status":"open","ping_status":"closed","sticky":false,"template":"","format":"standard","meta":{"footnotes":""},"categories":[11342],"tags":[],"class_list":["post-180079","post","type-post","status-publish","format-standard","has-post-thumbnail","hentry","category-terrorisme"],"yoast_head":"<!-- This site is optimized with the Yoast SEO Premium plugin v27.5 (Yoast SEO v27.5) - https:\/\/yoast.com\/product\/yoast-seo-premium-wordpress\/ -->\n<title>Arrestation, \u00e0 Kasserine, du dangereux terroriste Zouhaier Ben Mouldi Dhibi<\/title>\n<meta name=\"description\" content=\"Arrestation, \u00e0 Kasserine, du dangereux terroriste Zouhaier Ben Mouldi Dhibi\" \/>\n<link rel=\"canonical\" href=\"https:\/\/www.webdo.tn\/fr\/actualite\/terrorisme\/tunisie-arrestation-du-dangereux-terroriste-zouhaier-ben-mouldi-dhibi\/180079\/\" \/>\n<meta property=\"og:locale\" content=\"fr_FR\" \/>\n<meta property=\"og:type\" content=\"article\" \/>\n<meta property=\"og:title\" content=\"Arrestation, \u00e0 Kasserine, du &quot;dangereux&quot; terroriste Zouhaier Ben Mouldi Dhibi\" \/>\n<meta property=\"og:description\" content=\"Arrestation, \u00e0 Kasserine, du dangereux terroriste Zouhaier Ben Mouldi Dhibi\" \/>\n<meta property=\"og:url\" content=\"https:\/\/www.webdo.tn\/fr\/actualite\/terrorisme\/tunisie-arrestation-du-dangereux-terroriste-zouhaier-ben-mouldi-dhibi\/180079\/\" \/>\n<meta property=\"og:site_name\" content=\"webdo\" \/>\n<meta property=\"article:publisher\" content=\"https:\/\/www.facebook.com\/webdotn\" \/>\n<meta property=\"article:published_time\" content=\"2014-09-23T23:14:00+00:00\" \/>\n<meta property=\"article:modified_time\" content=\"2025-05-22T13:04:17+00:00\" \/>\n<meta property=\"og:image\" content=\"https:\/\/www.webdo.tn\/fr\/wp-content\/uploads\/2014\/09\/Zouhaier-Ben-Mouldi-Dhibi.png\" \/>\n\t<meta property=\"og:image:width\" content=\"200\" \/>\n\t<meta property=\"og:image:height\" content=\"233\" \/>\n\t<meta property=\"og:image:type\" content=\"image\/png\" \/>\n<meta name=\"author\" content=\"webdo.tn\" \/>\n<meta name=\"twitter:card\" content=\"summary_large_image\" \/>\n<meta name=\"twitter:creator\" content=\"@webdo_tn\" \/>\n<meta name=\"twitter:site\" content=\"@webdo_tn\" \/>\n<meta name=\"twitter:label1\" content=\"\u00c9crit par\" \/>\n\t<meta name=\"twitter:data1\" content=\"webdo.tn\" \/>\n\t<meta name=\"twitter:label2\" content=\"Dur\u00e9e de lecture estim\u00e9e\" \/>\n\t<meta name=\"twitter:data2\" content=\"2 minutes\" \/>\n<script type=\"application\/ld+json\" class=\"yoast-schema-graph\">{\"@context\":\"https:\\\/\\\/schema.org\",\"@graph\":[{\"@type\":\"NewsArticle\",\"@id\":\"https:\\\/\\\/www.webdo.tn\\\/fr\\\/actualite\\\/terrorisme\\\/tunisie-arrestation-du-dangereux-terroriste-zouhaier-ben-mouldi-dhibi\\\/180079\\\/#article\",\"isPartOf\":{\"@id\":\"https:\\\/\\\/www.webdo.tn\\\/fr\\\/actualite\\\/terrorisme\\\/tunisie-arrestation-du-dangereux-terroriste-zouhaier-ben-mouldi-dhibi\\\/180079\\\/\"},\"author\":{\"name\":\"webdo.tn\",\"@id\":\"https:\\\/\\\/www.webdo.tn\\\/fr\\\/#\\\/schema\\\/person\\\/9a9c6118d687c117df8ef3cc36a4d175\"},\"headline\":\"Arrestation, \u00e0 Kasserine, du \u00ab\u00a0dangereux\u00a0\u00bb terroriste Zouhaier Ben Mouldi Dhibi\",\"datePublished\":\"2014-09-23T23:14:00+00:00\",\"dateModified\":\"2025-05-22T13:04:17+00:00\",\"mainEntityOfPage\":{\"@id\":\"https:\\\/\\\/www.webdo.tn\\\/fr\\\/actualite\\\/terrorisme\\\/tunisie-arrestation-du-dangereux-terroriste-zouhaier-ben-mouldi-dhibi\\\/180079\\\/\"},\"wordCount\":469,\"commentCount\":0,\"publisher\":{\"@id\":\"https:\\\/\\\/www.webdo.tn\\\/fr\\\/#organization\"},\"image\":{\"@id\":\"https:\\\/\\\/www.webdo.tn\\\/fr\\\/actualite\\\/terrorisme\\\/tunisie-arrestation-du-dangereux-terroriste-zouhaier-ben-mouldi-dhibi\\\/180079\\\/#primaryimage\"},\"thumbnailUrl\":\"https:\\\/\\\/www.webdo.tn\\\/fr\\\/wp-content\\\/uploads\\\/2014\\\/09\\\/Zouhaier-Ben-Mouldi-Dhibi.png\",\"articleSection\":[\"Terrorisme\"],\"inLanguage\":\"fr-FR\"},{\"@type\":\"WebPage\",\"@id\":\"https:\\\/\\\/www.webdo.tn\\\/fr\\\/actualite\\\/terrorisme\\\/tunisie-arrestation-du-dangereux-terroriste-zouhaier-ben-mouldi-dhibi\\\/180079\\\/\",\"url\":\"https:\\\/\\\/www.webdo.tn\\\/fr\\\/actualite\\\/terrorisme\\\/tunisie-arrestation-du-dangereux-terroriste-zouhaier-ben-mouldi-dhibi\\\/180079\\\/\",\"name\":\"Arrestation, \u00e0 Kasserine, du dangereux terroriste Zouhaier Ben Mouldi Dhibi\",\"isPartOf\":{\"@id\":\"https:\\\/\\\/www.webdo.tn\\\/fr\\\/#website\"},\"primaryImageOfPage\":{\"@id\":\"https:\\\/\\\/www.webdo.tn\\\/fr\\\/actualite\\\/terrorisme\\\/tunisie-arrestation-du-dangereux-terroriste-zouhaier-ben-mouldi-dhibi\\\/180079\\\/#primaryimage\"},\"image\":{\"@id\":\"https:\\\/\\\/www.webdo.tn\\\/fr\\\/actualite\\\/terrorisme\\\/tunisie-arrestation-du-dangereux-terroriste-zouhaier-ben-mouldi-dhibi\\\/180079\\\/#primaryimage\"},\"thumbnailUrl\":\"https:\\\/\\\/www.webdo.tn\\\/fr\\\/wp-content\\\/uploads\\\/2014\\\/09\\\/Zouhaier-Ben-Mouldi-Dhibi.png\",\"datePublished\":\"2014-09-23T23:14:00+00:00\",\"dateModified\":\"2025-05-22T13:04:17+00:00\",\"description\":\"Arrestation, \u00e0 Kasserine, du dangereux terroriste Zouhaier Ben Mouldi Dhibi\",\"breadcrumb\":{\"@id\":\"https:\\\/\\\/www.webdo.tn\\\/fr\\\/actualite\\\/terrorisme\\\/tunisie-arrestation-du-dangereux-terroriste-zouhaier-ben-mouldi-dhibi\\\/180079\\\/#breadcrumb\"},\"inLanguage\":\"fr-FR\",\"potentialAction\":[{\"@type\":\"ReadAction\",\"target\":[\"https:\\\/\\\/www.webdo.tn\\\/fr\\\/actualite\\\/terrorisme\\\/tunisie-arrestation-du-dangereux-terroriste-zouhaier-ben-mouldi-dhibi\\\/180079\\\/\"]}]},{\"@type\":\"ImageObject\",\"inLanguage\":\"fr-FR\",\"@id\":\"https:\\\/\\\/www.webdo.tn\\\/fr\\\/actualite\\\/terrorisme\\\/tunisie-arrestation-du-dangereux-terroriste-zouhaier-ben-mouldi-dhibi\\\/180079\\\/#primaryimage\",\"url\":\"https:\\\/\\\/www.webdo.tn\\\/fr\\\/wp-content\\\/uploads\\\/2014\\\/09\\\/Zouhaier-Ben-Mouldi-Dhibi.png\",\"contentUrl\":\"https:\\\/\\\/www.webdo.tn\\\/fr\\\/wp-content\\\/uploads\\\/2014\\\/09\\\/Zouhaier-Ben-Mouldi-Dhibi.png\",\"width\":200,\"height\":233,\"caption\":\"Arrestation, \u00e0 Kasserine, du \\\"dangereux\\\" terroriste Zouhaier Ben Mouldi Dhibi\"},{\"@type\":\"BreadcrumbList\",\"@id\":\"https:\\\/\\\/www.webdo.tn\\\/fr\\\/actualite\\\/terrorisme\\\/tunisie-arrestation-du-dangereux-terroriste-zouhaier-ben-mouldi-dhibi\\\/180079\\\/#breadcrumb\",\"itemListElement\":[{\"@type\":\"ListItem\",\"position\":1,\"name\":\"Accueil\",\"item\":\"https:\\\/\\\/www.webdo.tn\\\/fr\\\/\"},{\"@type\":\"ListItem\",\"position\":2,\"name\":\"Arrestation, \u00e0 Kasserine, du \u00ab\u00a0dangereux\u00a0\u00bb terroriste Zouhaier Ben Mouldi Dhibi\"}]},{\"@type\":\"WebSite\",\"@id\":\"https:\\\/\\\/www.webdo.tn\\\/fr\\\/#website\",\"url\":\"https:\\\/\\\/www.webdo.tn\\\/fr\\\/\",\"name\":\"webdo\",\"description\":\"Tunisie - News en Tunisie et \u00e0 l&#039;international sur Webdo.tn\",\"publisher\":{\"@id\":\"https:\\\/\\\/www.webdo.tn\\\/fr\\\/#organization\"},\"potentialAction\":[{\"@type\":\"SearchAction\",\"target\":{\"@type\":\"EntryPoint\",\"urlTemplate\":\"https:\\\/\\\/www.webdo.tn\\\/fr\\\/?s={search_term_string}\"},\"query-input\":{\"@type\":\"PropertyValueSpecification\",\"valueRequired\":true,\"valueName\":\"search_term_string\"}}],\"inLanguage\":\"fr-FR\"},{\"@type\":\"Organization\",\"@id\":\"https:\\\/\\\/www.webdo.tn\\\/fr\\\/#organization\",\"name\":\"Webdo\",\"alternateName\":\"Webdo.tn\",\"url\":\"https:\\\/\\\/www.webdo.tn\\\/fr\\\/\",\"logo\":{\"@type\":\"ImageObject\",\"inLanguage\":\"fr-FR\",\"@id\":\"https:\\\/\\\/www.webdo.tn\\\/fr\\\/#\\\/schema\\\/logo\\\/image\\\/\",\"url\":\"https:\\\/\\\/www.webdo.tn\\\/fr\\\/wp-content\\\/uploads\\\/2025\\\/06\\\/Webdo-Tunisie_168377.jpg\",\"contentUrl\":\"https:\\\/\\\/www.webdo.tn\\\/fr\\\/wp-content\\\/uploads\\\/2025\\\/06\\\/Webdo-Tunisie_168377.jpg\",\"width\":301,\"height\":301,\"caption\":\"Webdo\"},\"image\":{\"@id\":\"https:\\\/\\\/www.webdo.tn\\\/fr\\\/#\\\/schema\\\/logo\\\/image\\\/\"},\"sameAs\":[\"https:\\\/\\\/www.facebook.com\\\/webdotn\",\"https:\\\/\\\/x.com\\\/webdo_tn\"],\"description\":\"Webdo est un m\u00e9dia num\u00e9rique tunisien fond\u00e9 en 2010, sp\u00e9cialis\u00e9 dans l\u2019actualit\u00e9 nationale et internationale, l\u2019\u00e9conomie, la soci\u00e9t\u00e9 et les analyses politiques. Le site s\u2019adresse \u00e0 un large public francophone et couvre l\u2019information tunisienne en temps r\u00e9el.\",\"email\":\"redac@webdo.tn\",\"legalName\":\"YNJ SARL\",\"foundingDate\":\"2010-09-06\",\"numberOfEmployees\":{\"@type\":\"QuantitativeValue\",\"minValue\":\"11\",\"maxValue\":\"50\"}},{\"@type\":\"Person\",\"@id\":\"https:\\\/\\\/www.webdo.tn\\\/fr\\\/#\\\/schema\\\/person\\\/9a9c6118d687c117df8ef3cc36a4d175\",\"name\":\"webdo.tn\",\"image\":{\"@type\":\"ImageObject\",\"inLanguage\":\"fr-FR\",\"@id\":\"https:\\\/\\\/secure.gravatar.com\\\/avatar\\\/7ce1f28c0c3bbac99ff550b85ef8e44a6950c6ee24514fb6a5489e51d06f0298?s=96&d=mm&r=g\",\"url\":\"https:\\\/\\\/secure.gravatar.com\\\/avatar\\\/7ce1f28c0c3bbac99ff550b85ef8e44a6950c6ee24514fb6a5489e51d06f0298?s=96&d=mm&r=g\",\"contentUrl\":\"https:\\\/\\\/secure.gravatar.com\\\/avatar\\\/7ce1f28c0c3bbac99ff550b85ef8e44a6950c6ee24514fb6a5489e51d06f0298?s=96&d=mm&r=g\",\"caption\":\"webdo.tn\"},\"url\":\"https:\\\/\\\/www.webdo.tn\\\/fr\\\/actualite\\\/author\\\/webdotn\\\/\"}]}<\/script>\n<!-- \/ Yoast SEO Premium plugin. -->","yoast_head_json":{"title":"Arrestation, \u00e0 Kasserine, du dangereux terroriste Zouhaier Ben Mouldi Dhibi","description":"Arrestation, \u00e0 Kasserine, du dangereux terroriste Zouhaier Ben Mouldi Dhibi","canonical":"https:\/\/www.webdo.tn\/fr\/actualite\/terrorisme\/tunisie-arrestation-du-dangereux-terroriste-zouhaier-ben-mouldi-dhibi\/180079\/","og_locale":"fr_FR","og_type":"article","og_title":"Arrestation, \u00e0 Kasserine, du \"dangereux\" terroriste Zouhaier Ben Mouldi Dhibi","og_description":"Arrestation, \u00e0 Kasserine, du dangereux terroriste Zouhaier Ben Mouldi Dhibi","og_url":"https:\/\/www.webdo.tn\/fr\/actualite\/terrorisme\/tunisie-arrestation-du-dangereux-terroriste-zouhaier-ben-mouldi-dhibi\/180079\/","og_site_name":"webdo","article_publisher":"https:\/\/www.facebook.com\/webdotn","article_published_time":"2014-09-23T23:14:00+00:00","article_modified_time":"2025-05-22T13:04:17+00:00","og_image":[{"width":200,"height":233,"url":"https:\/\/www.webdo.tn\/fr\/wp-content\/uploads\/2014\/09\/Zouhaier-Ben-Mouldi-Dhibi.png","type":"image\/png"}],"author":"webdo.tn","twitter_card":"summary_large_image","twitter_creator":"@webdo_tn","twitter_site":"@webdo_tn","twitter_misc":{"\u00c9crit par":"webdo.tn","Dur\u00e9e de lecture estim\u00e9e":"2 minutes"},"schema":{"@context":"https:\/\/schema.org","@graph":[{"@type":"NewsArticle","@id":"https:\/\/www.webdo.tn\/fr\/actualite\/terrorisme\/tunisie-arrestation-du-dangereux-terroriste-zouhaier-ben-mouldi-dhibi\/180079\/#article","isPartOf":{"@id":"https:\/\/www.webdo.tn\/fr\/actualite\/terrorisme\/tunisie-arrestation-du-dangereux-terroriste-zouhaier-ben-mouldi-dhibi\/180079\/"},"author":{"name":"webdo.tn","@id":"https:\/\/www.webdo.tn\/fr\/#\/schema\/person\/9a9c6118d687c117df8ef3cc36a4d175"},"headline":"Arrestation, \u00e0 Kasserine, du \u00ab\u00a0dangereux\u00a0\u00bb terroriste Zouhaier Ben Mouldi Dhibi","datePublished":"2014-09-23T23:14:00+00:00","dateModified":"2025-05-22T13:04:17+00:00","mainEntityOfPage":{"@id":"https:\/\/www.webdo.tn\/fr\/actualite\/terrorisme\/tunisie-arrestation-du-dangereux-terroriste-zouhaier-ben-mouldi-dhibi\/180079\/"},"wordCount":469,"commentCount":0,"publisher":{"@id":"https:\/\/www.webdo.tn\/fr\/#organization"},"image":{"@id":"https:\/\/www.webdo.tn\/fr\/actualite\/terrorisme\/tunisie-arrestation-du-dangereux-terroriste-zouhaier-ben-mouldi-dhibi\/180079\/#primaryimage"},"thumbnailUrl":"https:\/\/www.webdo.tn\/fr\/wp-content\/uploads\/2014\/09\/Zouhaier-Ben-Mouldi-Dhibi.png","articleSection":["Terrorisme"],"inLanguage":"fr-FR"},{"@type":"WebPage","@id":"https:\/\/www.webdo.tn\/fr\/actualite\/terrorisme\/tunisie-arrestation-du-dangereux-terroriste-zouhaier-ben-mouldi-dhibi\/180079\/","url":"https:\/\/www.webdo.tn\/fr\/actualite\/terrorisme\/tunisie-arrestation-du-dangereux-terroriste-zouhaier-ben-mouldi-dhibi\/180079\/","name":"Arrestation, \u00e0 Kasserine, du dangereux terroriste Zouhaier Ben Mouldi Dhibi","isPartOf":{"@id":"https:\/\/www.webdo.tn\/fr\/#website"},"primaryImageOfPage":{"@id":"https:\/\/www.webdo.tn\/fr\/actualite\/terrorisme\/tunisie-arrestation-du-dangereux-terroriste-zouhaier-ben-mouldi-dhibi\/180079\/#primaryimage"},"image":{"@id":"https:\/\/www.webdo.tn\/fr\/actualite\/terrorisme\/tunisie-arrestation-du-dangereux-terroriste-zouhaier-ben-mouldi-dhibi\/180079\/#primaryimage"},"thumbnailUrl":"https:\/\/www.webdo.tn\/fr\/wp-content\/uploads\/2014\/09\/Zouhaier-Ben-Mouldi-Dhibi.png","datePublished":"2014-09-23T23:14:00+00:00","dateModified":"2025-05-22T13:04:17+00:00","description":"Arrestation, \u00e0 Kasserine, du dangereux terroriste Zouhaier Ben Mouldi Dhibi","breadcrumb":{"@id":"https:\/\/www.webdo.tn\/fr\/actualite\/terrorisme\/tunisie-arrestation-du-dangereux-terroriste-zouhaier-ben-mouldi-dhibi\/180079\/#breadcrumb"},"inLanguage":"fr-FR","potentialAction":[{"@type":"ReadAction","target":["https:\/\/www.webdo.tn\/fr\/actualite\/terrorisme\/tunisie-arrestation-du-dangereux-terroriste-zouhaier-ben-mouldi-dhibi\/180079\/"]}]},{"@type":"ImageObject","inLanguage":"fr-FR","@id":"https:\/\/www.webdo.tn\/fr\/actualite\/terrorisme\/tunisie-arrestation-du-dangereux-terroriste-zouhaier-ben-mouldi-dhibi\/180079\/#primaryimage","url":"https:\/\/www.webdo.tn\/fr\/wp-content\/uploads\/2014\/09\/Zouhaier-Ben-Mouldi-Dhibi.png","contentUrl":"https:\/\/www.webdo.tn\/fr\/wp-content\/uploads\/2014\/09\/Zouhaier-Ben-Mouldi-Dhibi.png","width":200,"height":233,"caption":"Arrestation, \u00e0 Kasserine, du \"dangereux\" terroriste Zouhaier Ben Mouldi Dhibi"},{"@type":"BreadcrumbList","@id":"https:\/\/www.webdo.tn\/fr\/actualite\/terrorisme\/tunisie-arrestation-du-dangereux-terroriste-zouhaier-ben-mouldi-dhibi\/180079\/#breadcrumb","itemListElement":[{"@type":"ListItem","position":1,"name":"Accueil","item":"https:\/\/www.webdo.tn\/fr\/"},{"@type":"ListItem","position":2,"name":"Arrestation, \u00e0 Kasserine, du \u00ab\u00a0dangereux\u00a0\u00bb terroriste Zouhaier Ben Mouldi Dhibi"}]},{"@type":"WebSite","@id":"https:\/\/www.webdo.tn\/fr\/#website","url":"https:\/\/www.webdo.tn\/fr\/","name":"webdo","description":"Tunisie - News en Tunisie et \u00e0 l&#039;international sur Webdo.tn","publisher":{"@id":"https:\/\/www.webdo.tn\/fr\/#organization"},"potentialAction":[{"@type":"SearchAction","target":{"@type":"EntryPoint","urlTemplate":"https:\/\/www.webdo.tn\/fr\/?s={search_term_string}"},"query-input":{"@type":"PropertyValueSpecification","valueRequired":true,"valueName":"search_term_string"}}],"inLanguage":"fr-FR"},{"@type":"Organization","@id":"https:\/\/www.webdo.tn\/fr\/#organization","name":"Webdo","alternateName":"Webdo.tn","url":"https:\/\/www.webdo.tn\/fr\/","logo":{"@type":"ImageObject","inLanguage":"fr-FR","@id":"https:\/\/www.webdo.tn\/fr\/#\/schema\/logo\/image\/","url":"https:\/\/www.webdo.tn\/fr\/wp-content\/uploads\/2025\/06\/Webdo-Tunisie_168377.jpg","contentUrl":"https:\/\/www.webdo.tn\/fr\/wp-content\/uploads\/2025\/06\/Webdo-Tunisie_168377.jpg","width":301,"height":301,"caption":"Webdo"},"image":{"@id":"https:\/\/www.webdo.tn\/fr\/#\/schema\/logo\/image\/"},"sameAs":["https:\/\/www.facebook.com\/webdotn","https:\/\/x.com\/webdo_tn"],"description":"Webdo est un m\u00e9dia num\u00e9rique tunisien fond\u00e9 en 2010, sp\u00e9cialis\u00e9 dans l\u2019actualit\u00e9 nationale et internationale, l\u2019\u00e9conomie, la soci\u00e9t\u00e9 et les analyses politiques. Le site s\u2019adresse \u00e0 un large public francophone et couvre l\u2019information tunisienne en temps r\u00e9el.","email":"redac@webdo.tn","legalName":"YNJ SARL","foundingDate":"2010-09-06","numberOfEmployees":{"@type":"QuantitativeValue","minValue":"11","maxValue":"50"}},{"@type":"Person","@id":"https:\/\/www.webdo.tn\/fr\/#\/schema\/person\/9a9c6118d687c117df8ef3cc36a4d175","name":"webdo.tn","image":{"@type":"ImageObject","inLanguage":"fr-FR","@id":"https:\/\/secure.gravatar.com\/avatar\/7ce1f28c0c3bbac99ff550b85ef8e44a6950c6ee24514fb6a5489e51d06f0298?s=96&d=mm&r=g","url":"https:\/\/secure.gravatar.com\/avatar\/7ce1f28c0c3bbac99ff550b85ef8e44a6950c6ee24514fb6a5489e51d06f0298?s=96&d=mm&r=g","contentUrl":"https:\/\/secure.gravatar.com\/avatar\/7ce1f28c0c3bbac99ff550b85ef8e44a6950c6ee24514fb6a5489e51d06f0298?s=96&d=mm&r=g","caption":"webdo.tn"},"url":"https:\/\/www.webdo.tn\/fr\/actualite\/author\/webdotn\/"}]}},"_links":{"self":[{"href":"https:\/\/www.webdo.tn\/fr\/wp-json\/wp\/v2\/posts\/180079","targetHints":{"allow":["GET"]}}],"collection":[{"href":"https:\/\/www.webdo.tn\/fr\/wp-json\/wp\/v2\/posts"}],"about":[{"href":"https:\/\/www.webdo.tn\/fr\/wp-json\/wp\/v2\/types\/post"}],"author":[{"embeddable":true,"href":"https:\/\/www.webdo.tn\/fr\/wp-json\/wp\/v2\/users\/3222"}],"replies":[{"embeddable":true,"href":"https:\/\/www.webdo.tn\/fr\/wp-json\/wp\/v2\/comments?post=180079"}],"version-history":[{"count":0,"href":"https:\/\/www.webdo.tn\/fr\/wp-json\/wp\/v2\/posts\/180079\/revisions"}],"wp:featuredmedia":[{"embeddable":true,"href":"https:\/\/www.webdo.tn\/fr\/wp-json\/wp\/v2\/media\/331420"}],"wp:attachment":[{"href":"https:\/\/www.webdo.tn\/fr\/wp-json\/wp\/v2\/media?parent=180079"}],"wp:term":[{"taxonomy":"category","embeddable":true,"href":"https:\/\/www.webdo.tn\/fr\/wp-json\/wp\/v2\/categories?post=180079"},{"taxonomy":"post_tag","embeddable":true,"href":"https:\/\/www.webdo.tn\/fr\/wp-json\/wp\/v2\/tags?post=180079"}],"curies":[{"name":"wp","href":"https:\/\/api.w.org\/{rel}","templated":true}]}}