{"id":180077,"date":"2014-09-24T01:27:00","date_gmt":"2014-09-24T01:27:00","guid":{"rendered":"https:\/\/www.webdo.tn\/fr\/blog\/tunisie-le-coup-de-grace-au-projet-de-loi-antiterroriste\/168297\/"},"modified":"2025-05-22T13:21:55","modified_gmt":"2025-05-22T13:21:55","slug":"tunisie-le-coup-de-grace-au-projet-de-loi-antiterroriste","status":"publish","type":"post","link":"https:\/\/www.webdo.tn\/fr\/actualite\/terrorisme\/tunisie-le-coup-de-grace-au-projet-de-loi-antiterroriste\/180077\/","title":{"rendered":"Tunisie : Reporter l&rsquo;examen du projet de loi antiterroriste, un calcul politique selon le d\u00e9put\u00e9 Fadhel Moussa"},"content":{"rendered":"<p>Tribune | FADHEL MOUSSA<\/p>\n<p>Ce coup vient d&rsquo;\u00eatre donn\u00e9 par le bureau de l&rsquo;ANC qui a report\u00e9 l&rsquo;examen du projet de cette loi au 28 Octobre 2014 soit apr\u00e8s les \u00e9lections l\u00e9gislatives du 26 octobre. Imaginez la pl\u00e9ni\u00e8re de l&rsquo;ANC r\u00e9unie pour approuver cette loi alors m\u00eame que la nouvelle assembl\u00e9e est d\u00e9j\u00e0 \u00e9lue.<\/p>\n<p>Outre le spectacle moralement inacceptable, cette option sordide est totalement contraire \u00e0 l&rsquo;article 148 de la constitution qui dispose \u00ab\u00a0L\u2019Assembl\u00e9e nationale constituante poursuit l\u2019exercice de ses pr\u00e9rogatives l\u00e9gislatives, \u00e9lectorales et de contr\u00f4le&#8230; jusqu\u2019\u00e0 l\u2019\u00e9lection de l\u2019Assembl\u00e9e des repr\u00e9sentants du Peuple\u00a0\u00bb.<\/p>\n<p>Et non pas jusqu&rsquo;\u00e0 \u00ab\u00a0la date de proclamation des r\u00e9sultats d\u00e9finitifs des premi\u00e8res \u00e9lections l\u00e9gislatives\u00a0\u00bb comme cela est pr\u00e9vu pour une autre hypoth\u00e8se. Cela revient \u00e0 dire que l&rsquo;ANC ne pourra plus exercer apr\u00e8s le 27.<\/p>\n<p>\u00ab\u00a0Je mets ainsi un terme \u00e0 ma participation<br \/>\n\u00e0 ce qui est d\u00e9sormais une d\u00e9solante pi\u00e8ce de th\u00e9\u00e2tre\u00a0\u00bb<\/p>\n<p>Cette op\u00e9ration scandaleuse pr\u00e9par\u00e9e et appliqu\u00e9e minutieusement trahit ses auteurs. La troika est r\u00e9apparue cet apr\u00e8s midi pour faire avorter notre tentative de faire avorter l&rsquo;op\u00e9ration en exigeant la reprise de l&rsquo;examen de la loi et s&rsquo;il le faut travailler nuit et jour pour l&rsquo;adopter avant le 26 septembre date retenue par le bureau pour arr\u00eater les travaux de la pl\u00e9ni\u00e8re.<\/p>\n<p>Le bureau a estim\u00e9 plus urgent de passer un projet de loi sur le changement de la vocation des terres agricole que la loi antiterroriste que tout le peuple tunisien attend avec impatience et avant les \u00e9lections.<\/p>\n<p>D&rsquo;autres pr\u00e9f\u00e8rent aller aux \u00e9lections sans le handicap de cette loi qui risque de leur faire perdre des voix et des soutiens. La pl\u00e9ni\u00e8re a d\u00e9marr\u00e9 avec deux prises de parole la mienne puis celle de Selma Baccar, pr\u00e9sidente de la \u00ab\u00a0kotla dimocratiya\u00a0\u00bb, pour d\u00e9masquer et d\u00e9noncer ce scandale, r\u00e9prouver cette proc\u00e9dure et demander le retour \u00e0 la loi antiterroriste.<\/p>\n<p>Face \u00e0 l&rsquo;obstination du vice pr\u00e9sident soutenu par les pr\u00e9sidents de la \u00ab\u00a0kotlet ennahdha\u00a0\u00bb et \u00ab\u00a0ettakatol\u00a0\u00bb on a quitt\u00e9 Selma Baccar et moi m\u00eame la pl\u00e9ni\u00e8re. Je mets ainsi un terme \u00e0 ma participation \u00e0 ce qui est d\u00e9sormais une d\u00e9solante pi\u00e8ce de th\u00e9\u00e2tre.<\/p>\n","protected":false},"excerpt":{"rendered":"<p>Tunisie : Reporter l&rsquo;examen du projet de loi antiterroriste, un calcul politique selon le d\u00e9put\u00e9 Fadhel Moussa<\/p>\n","protected":false},"author":3222,"featured_media":375105,"comment_status":"open","ping_status":"closed","sticky":false,"template":"","format":"standard","meta":{"footnotes":""},"categories":[11342],"tags":[],"class_list":["post-180077","post","type-post","status-publish","format-standard","has-post-thumbnail","hentry","category-terrorisme"],"yoast_head":"<!-- This site is optimized with the Yoast SEO Premium plugin v27.5 (Yoast SEO v27.5) - https:\/\/yoast.com\/product\/yoast-seo-premium-wordpress\/ -->\n<title>Tunisie : Reporter l&#039;examen du projet de loi antiterroriste, un calcul politique selon le d\u00e9put\u00e9 Fadhel Moussa<\/title>\n<meta name=\"description\" content=\"Tunisie : Reporter l&#039;examen du projet de loi antiterroriste, un calcul politique selon le d\u00e9put\u00e9 Fadhel Moussa\" \/>\n<link rel=\"canonical\" href=\"https:\/\/www.webdo.tn\/fr\/actualite\/terrorisme\/tunisie-le-coup-de-grace-au-projet-de-loi-antiterroriste\/180077\/\" \/>\n<meta property=\"og:locale\" content=\"fr_FR\" \/>\n<meta property=\"og:type\" content=\"article\" \/>\n<meta property=\"og:title\" content=\"Tunisie : Reporter l&#039;examen du projet de loi antiterroriste, un calcul politique selon le d\u00e9put\u00e9 Fadhel Moussa\" \/>\n<meta property=\"og:description\" content=\"Tunisie : Reporter l&#039;examen du projet de loi antiterroriste, un calcul politique selon le d\u00e9put\u00e9 Fadhel Moussa\" \/>\n<meta property=\"og:url\" content=\"https:\/\/www.webdo.tn\/fr\/actualite\/terrorisme\/tunisie-le-coup-de-grace-au-projet-de-loi-antiterroriste\/180077\/\" \/>\n<meta property=\"og:site_name\" content=\"webdo\" \/>\n<meta property=\"article:publisher\" content=\"https:\/\/www.facebook.com\/webdotn\" \/>\n<meta property=\"article:published_time\" content=\"2014-09-24T01:27:00+00:00\" \/>\n<meta property=\"article:modified_time\" content=\"2025-05-22T13:21:55+00:00\" \/>\n<meta property=\"og:image\" content=\"https:\/\/www.webdo.tn\/fr\/wp-content\/uploads\/2025\/06\/Assemble-constituante-Tunisie-22-11-11-photo-cyberpresse.ca_1_180077.jpg\" \/>\n\t<meta property=\"og:image:width\" content=\"320\" \/>\n\t<meta property=\"og:image:height\" content=\"290\" \/>\n\t<meta property=\"og:image:type\" content=\"image\/jpeg\" \/>\n<meta name=\"author\" content=\"webdo.tn\" \/>\n<meta name=\"twitter:card\" content=\"summary_large_image\" \/>\n<meta name=\"twitter:creator\" content=\"@webdo_tn\" \/>\n<meta name=\"twitter:site\" content=\"@webdo_tn\" \/>\n<meta name=\"twitter:label1\" content=\"\u00c9crit par\" \/>\n\t<meta name=\"twitter:data1\" content=\"webdo.tn\" \/>\n\t<meta name=\"twitter:label2\" content=\"Dur\u00e9e de lecture estim\u00e9e\" \/>\n\t<meta name=\"twitter:data2\" content=\"2 minutes\" \/>\n<script type=\"application\/ld+json\" class=\"yoast-schema-graph\">{\"@context\":\"https:\\\/\\\/schema.org\",\"@graph\":[{\"@type\":\"NewsArticle\",\"@id\":\"https:\\\/\\\/www.webdo.tn\\\/fr\\\/actualite\\\/terrorisme\\\/tunisie-le-coup-de-grace-au-projet-de-loi-antiterroriste\\\/180077\\\/#article\",\"isPartOf\":{\"@id\":\"https:\\\/\\\/www.webdo.tn\\\/fr\\\/actualite\\\/terrorisme\\\/tunisie-le-coup-de-grace-au-projet-de-loi-antiterroriste\\\/180077\\\/\"},\"author\":{\"name\":\"webdo.tn\",\"@id\":\"https:\\\/\\\/www.webdo.tn\\\/fr\\\/#\\\/schema\\\/person\\\/9a9c6118d687c117df8ef3cc36a4d175\"},\"headline\":\"Tunisie : Reporter l&rsquo;examen du projet de loi antiterroriste, un calcul politique selon le d\u00e9put\u00e9 Fadhel Moussa\",\"datePublished\":\"2014-09-24T01:27:00+00:00\",\"dateModified\":\"2025-05-22T13:21:55+00:00\",\"mainEntityOfPage\":{\"@id\":\"https:\\\/\\\/www.webdo.tn\\\/fr\\\/actualite\\\/terrorisme\\\/tunisie-le-coup-de-grace-au-projet-de-loi-antiterroriste\\\/180077\\\/\"},\"wordCount\":423,\"commentCount\":0,\"publisher\":{\"@id\":\"https:\\\/\\\/www.webdo.tn\\\/fr\\\/#organization\"},\"image\":{\"@id\":\"https:\\\/\\\/www.webdo.tn\\\/fr\\\/actualite\\\/terrorisme\\\/tunisie-le-coup-de-grace-au-projet-de-loi-antiterroriste\\\/180077\\\/#primaryimage\"},\"thumbnailUrl\":\"https:\\\/\\\/www.webdo.tn\\\/fr\\\/wp-content\\\/uploads\\\/2025\\\/06\\\/Assemble-constituante-Tunisie-22-11-11-photo-cyberpresse.ca_1_180077.jpg\",\"articleSection\":[\"Terrorisme\"],\"inLanguage\":\"fr-FR\"},{\"@type\":\"WebPage\",\"@id\":\"https:\\\/\\\/www.webdo.tn\\\/fr\\\/actualite\\\/terrorisme\\\/tunisie-le-coup-de-grace-au-projet-de-loi-antiterroriste\\\/180077\\\/\",\"url\":\"https:\\\/\\\/www.webdo.tn\\\/fr\\\/actualite\\\/terrorisme\\\/tunisie-le-coup-de-grace-au-projet-de-loi-antiterroriste\\\/180077\\\/\",\"name\":\"Tunisie : Reporter l'examen du projet de loi antiterroriste, un calcul politique selon le d\u00e9put\u00e9 Fadhel Moussa\",\"isPartOf\":{\"@id\":\"https:\\\/\\\/www.webdo.tn\\\/fr\\\/#website\"},\"primaryImageOfPage\":{\"@id\":\"https:\\\/\\\/www.webdo.tn\\\/fr\\\/actualite\\\/terrorisme\\\/tunisie-le-coup-de-grace-au-projet-de-loi-antiterroriste\\\/180077\\\/#primaryimage\"},\"image\":{\"@id\":\"https:\\\/\\\/www.webdo.tn\\\/fr\\\/actualite\\\/terrorisme\\\/tunisie-le-coup-de-grace-au-projet-de-loi-antiterroriste\\\/180077\\\/#primaryimage\"},\"thumbnailUrl\":\"https:\\\/\\\/www.webdo.tn\\\/fr\\\/wp-content\\\/uploads\\\/2025\\\/06\\\/Assemble-constituante-Tunisie-22-11-11-photo-cyberpresse.ca_1_180077.jpg\",\"datePublished\":\"2014-09-24T01:27:00+00:00\",\"dateModified\":\"2025-05-22T13:21:55+00:00\",\"description\":\"Tunisie : Reporter l'examen du projet de loi antiterroriste, un calcul politique selon le d\u00e9put\u00e9 Fadhel Moussa\",\"breadcrumb\":{\"@id\":\"https:\\\/\\\/www.webdo.tn\\\/fr\\\/actualite\\\/terrorisme\\\/tunisie-le-coup-de-grace-au-projet-de-loi-antiterroriste\\\/180077\\\/#breadcrumb\"},\"inLanguage\":\"fr-FR\",\"potentialAction\":[{\"@type\":\"ReadAction\",\"target\":[\"https:\\\/\\\/www.webdo.tn\\\/fr\\\/actualite\\\/terrorisme\\\/tunisie-le-coup-de-grace-au-projet-de-loi-antiterroriste\\\/180077\\\/\"]}]},{\"@type\":\"ImageObject\",\"inLanguage\":\"fr-FR\",\"@id\":\"https:\\\/\\\/www.webdo.tn\\\/fr\\\/actualite\\\/terrorisme\\\/tunisie-le-coup-de-grace-au-projet-de-loi-antiterroriste\\\/180077\\\/#primaryimage\",\"url\":\"https:\\\/\\\/www.webdo.tn\\\/fr\\\/wp-content\\\/uploads\\\/2025\\\/06\\\/Assemble-constituante-Tunisie-22-11-11-photo-cyberpresse.ca_1_180077.jpg\",\"contentUrl\":\"https:\\\/\\\/www.webdo.tn\\\/fr\\\/wp-content\\\/uploads\\\/2025\\\/06\\\/Assemble-constituante-Tunisie-22-11-11-photo-cyberpresse.ca_1_180077.jpg\",\"width\":320,\"height\":290,\"caption\":\"Tunisie : Reporter l'examen du projet de loi antiterroriste, un calcul politique selon le d\u00e9put\u00e9 Fadhel Moussa\"},{\"@type\":\"BreadcrumbList\",\"@id\":\"https:\\\/\\\/www.webdo.tn\\\/fr\\\/actualite\\\/terrorisme\\\/tunisie-le-coup-de-grace-au-projet-de-loi-antiterroriste\\\/180077\\\/#breadcrumb\",\"itemListElement\":[{\"@type\":\"ListItem\",\"position\":1,\"name\":\"Accueil\",\"item\":\"https:\\\/\\\/www.webdo.tn\\\/fr\\\/\"},{\"@type\":\"ListItem\",\"position\":2,\"name\":\"Tunisie : Reporter l&rsquo;examen du projet de loi antiterroriste, un calcul politique selon le d\u00e9put\u00e9 Fadhel Moussa\"}]},{\"@type\":\"WebSite\",\"@id\":\"https:\\\/\\\/www.webdo.tn\\\/fr\\\/#website\",\"url\":\"https:\\\/\\\/www.webdo.tn\\\/fr\\\/\",\"name\":\"webdo\",\"description\":\"Tunisie - News en Tunisie et \u00e0 l&#039;international sur Webdo.tn\",\"publisher\":{\"@id\":\"https:\\\/\\\/www.webdo.tn\\\/fr\\\/#organization\"},\"potentialAction\":[{\"@type\":\"SearchAction\",\"target\":{\"@type\":\"EntryPoint\",\"urlTemplate\":\"https:\\\/\\\/www.webdo.tn\\\/fr\\\/?s={search_term_string}\"},\"query-input\":{\"@type\":\"PropertyValueSpecification\",\"valueRequired\":true,\"valueName\":\"search_term_string\"}}],\"inLanguage\":\"fr-FR\"},{\"@type\":\"Organization\",\"@id\":\"https:\\\/\\\/www.webdo.tn\\\/fr\\\/#organization\",\"name\":\"Webdo\",\"alternateName\":\"Webdo.tn\",\"url\":\"https:\\\/\\\/www.webdo.tn\\\/fr\\\/\",\"logo\":{\"@type\":\"ImageObject\",\"inLanguage\":\"fr-FR\",\"@id\":\"https:\\\/\\\/www.webdo.tn\\\/fr\\\/#\\\/schema\\\/logo\\\/image\\\/\",\"url\":\"https:\\\/\\\/www.webdo.tn\\\/fr\\\/wp-content\\\/uploads\\\/2025\\\/06\\\/Webdo-Tunisie_168377.jpg\",\"contentUrl\":\"https:\\\/\\\/www.webdo.tn\\\/fr\\\/wp-content\\\/uploads\\\/2025\\\/06\\\/Webdo-Tunisie_168377.jpg\",\"width\":301,\"height\":301,\"caption\":\"Webdo\"},\"image\":{\"@id\":\"https:\\\/\\\/www.webdo.tn\\\/fr\\\/#\\\/schema\\\/logo\\\/image\\\/\"},\"sameAs\":[\"https:\\\/\\\/www.facebook.com\\\/webdotn\",\"https:\\\/\\\/x.com\\\/webdo_tn\"],\"description\":\"Webdo est un m\u00e9dia num\u00e9rique tunisien fond\u00e9 en 2010, sp\u00e9cialis\u00e9 dans l\u2019actualit\u00e9 nationale et internationale, l\u2019\u00e9conomie, la soci\u00e9t\u00e9 et les analyses politiques. Le site s\u2019adresse \u00e0 un large public francophone et couvre l\u2019information tunisienne en temps r\u00e9el.\",\"email\":\"redac@webdo.tn\",\"legalName\":\"YNJ SARL\",\"foundingDate\":\"2010-09-06\",\"numberOfEmployees\":{\"@type\":\"QuantitativeValue\",\"minValue\":\"11\",\"maxValue\":\"50\"}},{\"@type\":\"Person\",\"@id\":\"https:\\\/\\\/www.webdo.tn\\\/fr\\\/#\\\/schema\\\/person\\\/9a9c6118d687c117df8ef3cc36a4d175\",\"name\":\"webdo.tn\",\"image\":{\"@type\":\"ImageObject\",\"inLanguage\":\"fr-FR\",\"@id\":\"https:\\\/\\\/secure.gravatar.com\\\/avatar\\\/7ce1f28c0c3bbac99ff550b85ef8e44a6950c6ee24514fb6a5489e51d06f0298?s=96&d=mm&r=g\",\"url\":\"https:\\\/\\\/secure.gravatar.com\\\/avatar\\\/7ce1f28c0c3bbac99ff550b85ef8e44a6950c6ee24514fb6a5489e51d06f0298?s=96&d=mm&r=g\",\"contentUrl\":\"https:\\\/\\\/secure.gravatar.com\\\/avatar\\\/7ce1f28c0c3bbac99ff550b85ef8e44a6950c6ee24514fb6a5489e51d06f0298?s=96&d=mm&r=g\",\"caption\":\"webdo.tn\"},\"url\":\"https:\\\/\\\/www.webdo.tn\\\/fr\\\/actualite\\\/author\\\/webdotn\\\/\"}]}<\/script>\n<!-- \/ Yoast SEO Premium plugin. -->","yoast_head_json":{"title":"Tunisie : Reporter l'examen du projet de loi antiterroriste, un calcul politique selon le d\u00e9put\u00e9 Fadhel Moussa","description":"Tunisie : Reporter l'examen du projet de loi antiterroriste, un calcul politique selon le d\u00e9put\u00e9 Fadhel Moussa","canonical":"https:\/\/www.webdo.tn\/fr\/actualite\/terrorisme\/tunisie-le-coup-de-grace-au-projet-de-loi-antiterroriste\/180077\/","og_locale":"fr_FR","og_type":"article","og_title":"Tunisie : Reporter l'examen du projet de loi antiterroriste, un calcul politique selon le d\u00e9put\u00e9 Fadhel Moussa","og_description":"Tunisie : Reporter l'examen du projet de loi antiterroriste, un calcul politique selon le d\u00e9put\u00e9 Fadhel Moussa","og_url":"https:\/\/www.webdo.tn\/fr\/actualite\/terrorisme\/tunisie-le-coup-de-grace-au-projet-de-loi-antiterroriste\/180077\/","og_site_name":"webdo","article_publisher":"https:\/\/www.facebook.com\/webdotn","article_published_time":"2014-09-24T01:27:00+00:00","article_modified_time":"2025-05-22T13:21:55+00:00","og_image":[{"width":320,"height":290,"url":"https:\/\/www.webdo.tn\/fr\/wp-content\/uploads\/2025\/06\/Assemble-constituante-Tunisie-22-11-11-photo-cyberpresse.ca_1_180077.jpg","type":"image\/jpeg"}],"author":"webdo.tn","twitter_card":"summary_large_image","twitter_creator":"@webdo_tn","twitter_site":"@webdo_tn","twitter_misc":{"\u00c9crit par":"webdo.tn","Dur\u00e9e de lecture estim\u00e9e":"2 minutes"},"schema":{"@context":"https:\/\/schema.org","@graph":[{"@type":"NewsArticle","@id":"https:\/\/www.webdo.tn\/fr\/actualite\/terrorisme\/tunisie-le-coup-de-grace-au-projet-de-loi-antiterroriste\/180077\/#article","isPartOf":{"@id":"https:\/\/www.webdo.tn\/fr\/actualite\/terrorisme\/tunisie-le-coup-de-grace-au-projet-de-loi-antiterroriste\/180077\/"},"author":{"name":"webdo.tn","@id":"https:\/\/www.webdo.tn\/fr\/#\/schema\/person\/9a9c6118d687c117df8ef3cc36a4d175"},"headline":"Tunisie : Reporter l&rsquo;examen du projet de loi antiterroriste, un calcul politique selon le d\u00e9put\u00e9 Fadhel Moussa","datePublished":"2014-09-24T01:27:00+00:00","dateModified":"2025-05-22T13:21:55+00:00","mainEntityOfPage":{"@id":"https:\/\/www.webdo.tn\/fr\/actualite\/terrorisme\/tunisie-le-coup-de-grace-au-projet-de-loi-antiterroriste\/180077\/"},"wordCount":423,"commentCount":0,"publisher":{"@id":"https:\/\/www.webdo.tn\/fr\/#organization"},"image":{"@id":"https:\/\/www.webdo.tn\/fr\/actualite\/terrorisme\/tunisie-le-coup-de-grace-au-projet-de-loi-antiterroriste\/180077\/#primaryimage"},"thumbnailUrl":"https:\/\/www.webdo.tn\/fr\/wp-content\/uploads\/2025\/06\/Assemble-constituante-Tunisie-22-11-11-photo-cyberpresse.ca_1_180077.jpg","articleSection":["Terrorisme"],"inLanguage":"fr-FR"},{"@type":"WebPage","@id":"https:\/\/www.webdo.tn\/fr\/actualite\/terrorisme\/tunisie-le-coup-de-grace-au-projet-de-loi-antiterroriste\/180077\/","url":"https:\/\/www.webdo.tn\/fr\/actualite\/terrorisme\/tunisie-le-coup-de-grace-au-projet-de-loi-antiterroriste\/180077\/","name":"Tunisie : Reporter l'examen du projet de loi antiterroriste, un calcul politique selon le d\u00e9put\u00e9 Fadhel Moussa","isPartOf":{"@id":"https:\/\/www.webdo.tn\/fr\/#website"},"primaryImageOfPage":{"@id":"https:\/\/www.webdo.tn\/fr\/actualite\/terrorisme\/tunisie-le-coup-de-grace-au-projet-de-loi-antiterroriste\/180077\/#primaryimage"},"image":{"@id":"https:\/\/www.webdo.tn\/fr\/actualite\/terrorisme\/tunisie-le-coup-de-grace-au-projet-de-loi-antiterroriste\/180077\/#primaryimage"},"thumbnailUrl":"https:\/\/www.webdo.tn\/fr\/wp-content\/uploads\/2025\/06\/Assemble-constituante-Tunisie-22-11-11-photo-cyberpresse.ca_1_180077.jpg","datePublished":"2014-09-24T01:27:00+00:00","dateModified":"2025-05-22T13:21:55+00:00","description":"Tunisie : Reporter l'examen du projet de loi antiterroriste, un calcul politique selon le d\u00e9put\u00e9 Fadhel Moussa","breadcrumb":{"@id":"https:\/\/www.webdo.tn\/fr\/actualite\/terrorisme\/tunisie-le-coup-de-grace-au-projet-de-loi-antiterroriste\/180077\/#breadcrumb"},"inLanguage":"fr-FR","potentialAction":[{"@type":"ReadAction","target":["https:\/\/www.webdo.tn\/fr\/actualite\/terrorisme\/tunisie-le-coup-de-grace-au-projet-de-loi-antiterroriste\/180077\/"]}]},{"@type":"ImageObject","inLanguage":"fr-FR","@id":"https:\/\/www.webdo.tn\/fr\/actualite\/terrorisme\/tunisie-le-coup-de-grace-au-projet-de-loi-antiterroriste\/180077\/#primaryimage","url":"https:\/\/www.webdo.tn\/fr\/wp-content\/uploads\/2025\/06\/Assemble-constituante-Tunisie-22-11-11-photo-cyberpresse.ca_1_180077.jpg","contentUrl":"https:\/\/www.webdo.tn\/fr\/wp-content\/uploads\/2025\/06\/Assemble-constituante-Tunisie-22-11-11-photo-cyberpresse.ca_1_180077.jpg","width":320,"height":290,"caption":"Tunisie : Reporter l'examen du projet de loi antiterroriste, un calcul politique selon le d\u00e9put\u00e9 Fadhel Moussa"},{"@type":"BreadcrumbList","@id":"https:\/\/www.webdo.tn\/fr\/actualite\/terrorisme\/tunisie-le-coup-de-grace-au-projet-de-loi-antiterroriste\/180077\/#breadcrumb","itemListElement":[{"@type":"ListItem","position":1,"name":"Accueil","item":"https:\/\/www.webdo.tn\/fr\/"},{"@type":"ListItem","position":2,"name":"Tunisie : Reporter l&rsquo;examen du projet de loi antiterroriste, un calcul politique selon le d\u00e9put\u00e9 Fadhel Moussa"}]},{"@type":"WebSite","@id":"https:\/\/www.webdo.tn\/fr\/#website","url":"https:\/\/www.webdo.tn\/fr\/","name":"webdo","description":"Tunisie - News en Tunisie et \u00e0 l&#039;international sur Webdo.tn","publisher":{"@id":"https:\/\/www.webdo.tn\/fr\/#organization"},"potentialAction":[{"@type":"SearchAction","target":{"@type":"EntryPoint","urlTemplate":"https:\/\/www.webdo.tn\/fr\/?s={search_term_string}"},"query-input":{"@type":"PropertyValueSpecification","valueRequired":true,"valueName":"search_term_string"}}],"inLanguage":"fr-FR"},{"@type":"Organization","@id":"https:\/\/www.webdo.tn\/fr\/#organization","name":"Webdo","alternateName":"Webdo.tn","url":"https:\/\/www.webdo.tn\/fr\/","logo":{"@type":"ImageObject","inLanguage":"fr-FR","@id":"https:\/\/www.webdo.tn\/fr\/#\/schema\/logo\/image\/","url":"https:\/\/www.webdo.tn\/fr\/wp-content\/uploads\/2025\/06\/Webdo-Tunisie_168377.jpg","contentUrl":"https:\/\/www.webdo.tn\/fr\/wp-content\/uploads\/2025\/06\/Webdo-Tunisie_168377.jpg","width":301,"height":301,"caption":"Webdo"},"image":{"@id":"https:\/\/www.webdo.tn\/fr\/#\/schema\/logo\/image\/"},"sameAs":["https:\/\/www.facebook.com\/webdotn","https:\/\/x.com\/webdo_tn"],"description":"Webdo est un m\u00e9dia num\u00e9rique tunisien fond\u00e9 en 2010, sp\u00e9cialis\u00e9 dans l\u2019actualit\u00e9 nationale et internationale, l\u2019\u00e9conomie, la soci\u00e9t\u00e9 et les analyses politiques. Le site s\u2019adresse \u00e0 un large public francophone et couvre l\u2019information tunisienne en temps r\u00e9el.","email":"redac@webdo.tn","legalName":"YNJ SARL","foundingDate":"2010-09-06","numberOfEmployees":{"@type":"QuantitativeValue","minValue":"11","maxValue":"50"}},{"@type":"Person","@id":"https:\/\/www.webdo.tn\/fr\/#\/schema\/person\/9a9c6118d687c117df8ef3cc36a4d175","name":"webdo.tn","image":{"@type":"ImageObject","inLanguage":"fr-FR","@id":"https:\/\/secure.gravatar.com\/avatar\/7ce1f28c0c3bbac99ff550b85ef8e44a6950c6ee24514fb6a5489e51d06f0298?s=96&d=mm&r=g","url":"https:\/\/secure.gravatar.com\/avatar\/7ce1f28c0c3bbac99ff550b85ef8e44a6950c6ee24514fb6a5489e51d06f0298?s=96&d=mm&r=g","contentUrl":"https:\/\/secure.gravatar.com\/avatar\/7ce1f28c0c3bbac99ff550b85ef8e44a6950c6ee24514fb6a5489e51d06f0298?s=96&d=mm&r=g","caption":"webdo.tn"},"url":"https:\/\/www.webdo.tn\/fr\/actualite\/author\/webdotn\/"}]}},"_links":{"self":[{"href":"https:\/\/www.webdo.tn\/fr\/wp-json\/wp\/v2\/posts\/180077","targetHints":{"allow":["GET"]}}],"collection":[{"href":"https:\/\/www.webdo.tn\/fr\/wp-json\/wp\/v2\/posts"}],"about":[{"href":"https:\/\/www.webdo.tn\/fr\/wp-json\/wp\/v2\/types\/post"}],"author":[{"embeddable":true,"href":"https:\/\/www.webdo.tn\/fr\/wp-json\/wp\/v2\/users\/3222"}],"replies":[{"embeddable":true,"href":"https:\/\/www.webdo.tn\/fr\/wp-json\/wp\/v2\/comments?post=180077"}],"version-history":[{"count":0,"href":"https:\/\/www.webdo.tn\/fr\/wp-json\/wp\/v2\/posts\/180077\/revisions"}],"wp:featuredmedia":[{"embeddable":true,"href":"https:\/\/www.webdo.tn\/fr\/wp-json\/wp\/v2\/media\/375105"}],"wp:attachment":[{"href":"https:\/\/www.webdo.tn\/fr\/wp-json\/wp\/v2\/media?parent=180077"}],"wp:term":[{"taxonomy":"category","embeddable":true,"href":"https:\/\/www.webdo.tn\/fr\/wp-json\/wp\/v2\/categories?post=180077"},{"taxonomy":"post_tag","embeddable":true,"href":"https:\/\/www.webdo.tn\/fr\/wp-json\/wp\/v2\/tags?post=180077"}],"curies":[{"name":"wp","href":"https:\/\/api.w.org\/{rel}","templated":true}]}}