{"id":180074,"date":"2014-09-25T21:34:00","date_gmt":"2014-09-25T21:34:00","guid":{"rendered":"https:\/\/www.webdo.tn\/fr\/blog\/cellule-terroriste-demantelee-jendouba-onze-personnes-aretees\/180074\/"},"modified":"2025-05-22T13:21:57","modified_gmt":"2025-05-22T13:21:57","slug":"cellule-terroriste-demantelee-jendouba-onze-personnes-aretees","status":"publish","type":"post","link":"https:\/\/www.webdo.tn\/fr\/actualite\/terrorisme\/cellule-terroriste-demantelee-jendouba-onze-personnes-aretees\/180074\/","title":{"rendered":"Une \u00ab\u00a0cellule terroriste\u00a0\u00bb d\u00e9mantel\u00e9e \u00e0 Jendouba : Onze personnes ar\u00eat\u00e9es"},"content":{"rendered":"<p>Une \u00ab\u00a0cellule terroriste\u00a0\u00bb a \u00e9t\u00e9 d\u00e9mantel\u00e9e \u00e0 Jendouba par la brigade des recherches et des investigations du district de la Garde nationale de Jendouba, annonce ce jeudi 25 septembre le minist\u00e8re de l&rsquo;Int\u00e9rieur dans un communiqu\u00e9. Les onze membres de cette cellule ont \u00e9t\u00e9 arr\u00eat\u00e9s.<\/p>\n<p>Cette cellule terroriste fournissait une aide logistique aux terroristes qui se cachent dans les montagnes du Kef et de Jendouba, indique le communiqu\u00e9.<\/p>\n<p>par ailleurs, des mandats de d\u00e9p\u00f4ts ont \u00e9t\u00e9 \u00e9mis \u00e0 l\u2019encontre des pr\u00e9sum\u00e9s terroristes qui appartiendraient \u00e0 des cellules terroristes, \u00e0 Sousse et Monastir, par le tribunal de premi\u00e8re Instance de Tunis, ce jeudi 25 septembre.<\/p>\n<p>C\u2019est ce que nous a indiqu\u00e9 l\u2019attach\u00e9 de presse du minist\u00e8re de l\u2019Int\u00e9rieur, Mohamed Ali Laroui, signalant que le nombre de fugitifs s\u2019\u00e9l\u00e8ve \u00e0 plus de huit sans pr\u00e9ciser le nombre exact.<\/p>\n<p>[Br\u00e8ve]<\/p>\n","protected":false},"excerpt":{"rendered":"<p>Une  cellule terroriste  d\u00e9mantel\u00e9e \u00e0 Jendouba : Onze personnes ar\u00eat\u00e9es<\/p>\n","protected":false},"author":3222,"featured_media":335043,"comment_status":"open","ping_status":"closed","sticky":false,"template":"","format":"standard","meta":{"footnotes":""},"categories":[11342],"tags":[],"class_list":["post-180074","post","type-post","status-publish","format-standard","has-post-thumbnail","hentry","category-terrorisme"],"yoast_head":"<!-- This site is optimized with the Yoast SEO Premium plugin v27.5 (Yoast SEO v27.5) - https:\/\/yoast.com\/product\/yoast-seo-premium-wordpress\/ -->\n<title>Une cellule terroriste d\u00e9mantel\u00e9e \u00e0 Jendouba : Onze personnes ar\u00eat\u00e9es<\/title>\n<meta name=\"description\" content=\"Une cellule terroriste d\u00e9mantel\u00e9e \u00e0 Jendouba : Onze personnes ar\u00eat\u00e9es\" \/>\n<link rel=\"canonical\" href=\"https:\/\/www.webdo.tn\/fr\/actualite\/terrorisme\/cellule-terroriste-demantelee-jendouba-onze-personnes-aretees\/180074\/\" \/>\n<meta property=\"og:locale\" content=\"fr_FR\" \/>\n<meta property=\"og:type\" content=\"article\" \/>\n<meta property=\"og:title\" content=\"Une &quot;cellule terroriste&quot; d\u00e9mantel\u00e9e \u00e0 Jendouba : Onze personnes ar\u00eat\u00e9es\" \/>\n<meta property=\"og:description\" content=\"Une cellule terroriste d\u00e9mantel\u00e9e \u00e0 Jendouba : Onze personnes ar\u00eat\u00e9es\" \/>\n<meta property=\"og:url\" content=\"https:\/\/www.webdo.tn\/fr\/actualite\/terrorisme\/cellule-terroriste-demantelee-jendouba-onze-personnes-aretees\/180074\/\" \/>\n<meta property=\"og:site_name\" content=\"webdo\" \/>\n<meta property=\"article:publisher\" content=\"https:\/\/www.facebook.com\/webdotn\" \/>\n<meta property=\"article:published_time\" content=\"2014-09-25T21:34:00+00:00\" \/>\n<meta property=\"article:modified_time\" content=\"2025-05-22T13:21:57+00:00\" \/>\n<meta property=\"og:image\" content=\"https:\/\/www.webdo.tn\/fr\/wp-content\/uploads\/2014\/09\/mi-cellule-terroriste-jendouba-300x187-1.jpg\" \/>\n\t<meta property=\"og:image:width\" content=\"300\" \/>\n\t<meta property=\"og:image:height\" content=\"187\" \/>\n\t<meta property=\"og:image:type\" content=\"image\/jpeg\" \/>\n<meta name=\"author\" content=\"webdo.tn\" \/>\n<meta name=\"twitter:card\" content=\"summary_large_image\" \/>\n<meta name=\"twitter:creator\" content=\"@webdo_tn\" \/>\n<meta name=\"twitter:site\" content=\"@webdo_tn\" \/>\n<meta name=\"twitter:label1\" content=\"\u00c9crit par\" \/>\n\t<meta name=\"twitter:data1\" content=\"webdo.tn\" \/>\n\t<meta name=\"twitter:label2\" content=\"Dur\u00e9e de lecture estim\u00e9e\" \/>\n\t<meta name=\"twitter:data2\" content=\"1 minute\" \/>\n<script type=\"application\/ld+json\" class=\"yoast-schema-graph\">{\"@context\":\"https:\\\/\\\/schema.org\",\"@graph\":[{\"@type\":\"NewsArticle\",\"@id\":\"https:\\\/\\\/www.webdo.tn\\\/fr\\\/actualite\\\/terrorisme\\\/cellule-terroriste-demantelee-jendouba-onze-personnes-aretees\\\/180074\\\/#article\",\"isPartOf\":{\"@id\":\"https:\\\/\\\/www.webdo.tn\\\/fr\\\/actualite\\\/terrorisme\\\/cellule-terroriste-demantelee-jendouba-onze-personnes-aretees\\\/180074\\\/\"},\"author\":{\"name\":\"webdo.tn\",\"@id\":\"https:\\\/\\\/www.webdo.tn\\\/fr\\\/#\\\/schema\\\/person\\\/9a9c6118d687c117df8ef3cc36a4d175\"},\"headline\":\"Une \u00ab\u00a0cellule terroriste\u00a0\u00bb d\u00e9mantel\u00e9e \u00e0 Jendouba : Onze personnes ar\u00eat\u00e9es\",\"datePublished\":\"2014-09-25T21:34:00+00:00\",\"dateModified\":\"2025-05-22T13:21:57+00:00\",\"mainEntityOfPage\":{\"@id\":\"https:\\\/\\\/www.webdo.tn\\\/fr\\\/actualite\\\/terrorisme\\\/cellule-terroriste-demantelee-jendouba-onze-personnes-aretees\\\/180074\\\/\"},\"wordCount\":164,\"commentCount\":0,\"publisher\":{\"@id\":\"https:\\\/\\\/www.webdo.tn\\\/fr\\\/#organization\"},\"image\":{\"@id\":\"https:\\\/\\\/www.webdo.tn\\\/fr\\\/actualite\\\/terrorisme\\\/cellule-terroriste-demantelee-jendouba-onze-personnes-aretees\\\/180074\\\/#primaryimage\"},\"thumbnailUrl\":\"https:\\\/\\\/www.webdo.tn\\\/fr\\\/wp-content\\\/uploads\\\/2014\\\/09\\\/mi-cellule-terroriste-jendouba-300x187-1.jpg\",\"articleSection\":[\"Terrorisme\"],\"inLanguage\":\"fr-FR\"},{\"@type\":\"WebPage\",\"@id\":\"https:\\\/\\\/www.webdo.tn\\\/fr\\\/actualite\\\/terrorisme\\\/cellule-terroriste-demantelee-jendouba-onze-personnes-aretees\\\/180074\\\/\",\"url\":\"https:\\\/\\\/www.webdo.tn\\\/fr\\\/actualite\\\/terrorisme\\\/cellule-terroriste-demantelee-jendouba-onze-personnes-aretees\\\/180074\\\/\",\"name\":\"Une cellule terroriste d\u00e9mantel\u00e9e \u00e0 Jendouba : Onze personnes ar\u00eat\u00e9es\",\"isPartOf\":{\"@id\":\"https:\\\/\\\/www.webdo.tn\\\/fr\\\/#website\"},\"primaryImageOfPage\":{\"@id\":\"https:\\\/\\\/www.webdo.tn\\\/fr\\\/actualite\\\/terrorisme\\\/cellule-terroriste-demantelee-jendouba-onze-personnes-aretees\\\/180074\\\/#primaryimage\"},\"image\":{\"@id\":\"https:\\\/\\\/www.webdo.tn\\\/fr\\\/actualite\\\/terrorisme\\\/cellule-terroriste-demantelee-jendouba-onze-personnes-aretees\\\/180074\\\/#primaryimage\"},\"thumbnailUrl\":\"https:\\\/\\\/www.webdo.tn\\\/fr\\\/wp-content\\\/uploads\\\/2014\\\/09\\\/mi-cellule-terroriste-jendouba-300x187-1.jpg\",\"datePublished\":\"2014-09-25T21:34:00+00:00\",\"dateModified\":\"2025-05-22T13:21:57+00:00\",\"description\":\"Une cellule terroriste d\u00e9mantel\u00e9e \u00e0 Jendouba : Onze personnes ar\u00eat\u00e9es\",\"breadcrumb\":{\"@id\":\"https:\\\/\\\/www.webdo.tn\\\/fr\\\/actualite\\\/terrorisme\\\/cellule-terroriste-demantelee-jendouba-onze-personnes-aretees\\\/180074\\\/#breadcrumb\"},\"inLanguage\":\"fr-FR\",\"potentialAction\":[{\"@type\":\"ReadAction\",\"target\":[\"https:\\\/\\\/www.webdo.tn\\\/fr\\\/actualite\\\/terrorisme\\\/cellule-terroriste-demantelee-jendouba-onze-personnes-aretees\\\/180074\\\/\"]}]},{\"@type\":\"ImageObject\",\"inLanguage\":\"fr-FR\",\"@id\":\"https:\\\/\\\/www.webdo.tn\\\/fr\\\/actualite\\\/terrorisme\\\/cellule-terroriste-demantelee-jendouba-onze-personnes-aretees\\\/180074\\\/#primaryimage\",\"url\":\"https:\\\/\\\/www.webdo.tn\\\/fr\\\/wp-content\\\/uploads\\\/2014\\\/09\\\/mi-cellule-terroriste-jendouba-300x187-1.jpg\",\"contentUrl\":\"https:\\\/\\\/www.webdo.tn\\\/fr\\\/wp-content\\\/uploads\\\/2014\\\/09\\\/mi-cellule-terroriste-jendouba-300x187-1.jpg\",\"width\":300,\"height\":187,\"caption\":\"Une \\\"cellule terroriste\\\" d\u00e9mantel\u00e9e \u00e0 Jendouba : Onze personnes ar\u00eat\u00e9es\"},{\"@type\":\"BreadcrumbList\",\"@id\":\"https:\\\/\\\/www.webdo.tn\\\/fr\\\/actualite\\\/terrorisme\\\/cellule-terroriste-demantelee-jendouba-onze-personnes-aretees\\\/180074\\\/#breadcrumb\",\"itemListElement\":[{\"@type\":\"ListItem\",\"position\":1,\"name\":\"Accueil\",\"item\":\"https:\\\/\\\/www.webdo.tn\\\/fr\\\/\"},{\"@type\":\"ListItem\",\"position\":2,\"name\":\"Une \u00ab\u00a0cellule terroriste\u00a0\u00bb d\u00e9mantel\u00e9e \u00e0 Jendouba : Onze personnes ar\u00eat\u00e9es\"}]},{\"@type\":\"WebSite\",\"@id\":\"https:\\\/\\\/www.webdo.tn\\\/fr\\\/#website\",\"url\":\"https:\\\/\\\/www.webdo.tn\\\/fr\\\/\",\"name\":\"webdo\",\"description\":\"Tunisie - News en Tunisie et \u00e0 l&#039;international sur Webdo.tn\",\"publisher\":{\"@id\":\"https:\\\/\\\/www.webdo.tn\\\/fr\\\/#organization\"},\"potentialAction\":[{\"@type\":\"SearchAction\",\"target\":{\"@type\":\"EntryPoint\",\"urlTemplate\":\"https:\\\/\\\/www.webdo.tn\\\/fr\\\/?s={search_term_string}\"},\"query-input\":{\"@type\":\"PropertyValueSpecification\",\"valueRequired\":true,\"valueName\":\"search_term_string\"}}],\"inLanguage\":\"fr-FR\"},{\"@type\":\"Organization\",\"@id\":\"https:\\\/\\\/www.webdo.tn\\\/fr\\\/#organization\",\"name\":\"Webdo\",\"alternateName\":\"Webdo.tn\",\"url\":\"https:\\\/\\\/www.webdo.tn\\\/fr\\\/\",\"logo\":{\"@type\":\"ImageObject\",\"inLanguage\":\"fr-FR\",\"@id\":\"https:\\\/\\\/www.webdo.tn\\\/fr\\\/#\\\/schema\\\/logo\\\/image\\\/\",\"url\":\"https:\\\/\\\/www.webdo.tn\\\/fr\\\/wp-content\\\/uploads\\\/2025\\\/06\\\/Webdo-Tunisie_168377.jpg\",\"contentUrl\":\"https:\\\/\\\/www.webdo.tn\\\/fr\\\/wp-content\\\/uploads\\\/2025\\\/06\\\/Webdo-Tunisie_168377.jpg\",\"width\":301,\"height\":301,\"caption\":\"Webdo\"},\"image\":{\"@id\":\"https:\\\/\\\/www.webdo.tn\\\/fr\\\/#\\\/schema\\\/logo\\\/image\\\/\"},\"sameAs\":[\"https:\\\/\\\/www.facebook.com\\\/webdotn\",\"https:\\\/\\\/x.com\\\/webdo_tn\"],\"description\":\"Webdo est un m\u00e9dia num\u00e9rique tunisien fond\u00e9 en 2010, sp\u00e9cialis\u00e9 dans l\u2019actualit\u00e9 nationale et internationale, l\u2019\u00e9conomie, la soci\u00e9t\u00e9 et les analyses politiques. Le site s\u2019adresse \u00e0 un large public francophone et couvre l\u2019information tunisienne en temps r\u00e9el.\",\"email\":\"redac@webdo.tn\",\"legalName\":\"YNJ SARL\",\"foundingDate\":\"2010-09-06\",\"numberOfEmployees\":{\"@type\":\"QuantitativeValue\",\"minValue\":\"11\",\"maxValue\":\"50\"}},{\"@type\":\"Person\",\"@id\":\"https:\\\/\\\/www.webdo.tn\\\/fr\\\/#\\\/schema\\\/person\\\/9a9c6118d687c117df8ef3cc36a4d175\",\"name\":\"webdo.tn\",\"image\":{\"@type\":\"ImageObject\",\"inLanguage\":\"fr-FR\",\"@id\":\"https:\\\/\\\/secure.gravatar.com\\\/avatar\\\/7ce1f28c0c3bbac99ff550b85ef8e44a6950c6ee24514fb6a5489e51d06f0298?s=96&d=mm&r=g\",\"url\":\"https:\\\/\\\/secure.gravatar.com\\\/avatar\\\/7ce1f28c0c3bbac99ff550b85ef8e44a6950c6ee24514fb6a5489e51d06f0298?s=96&d=mm&r=g\",\"contentUrl\":\"https:\\\/\\\/secure.gravatar.com\\\/avatar\\\/7ce1f28c0c3bbac99ff550b85ef8e44a6950c6ee24514fb6a5489e51d06f0298?s=96&d=mm&r=g\",\"caption\":\"webdo.tn\"},\"url\":\"https:\\\/\\\/www.webdo.tn\\\/fr\\\/actualite\\\/author\\\/webdotn\\\/\"}]}<\/script>\n<!-- \/ Yoast SEO Premium plugin. -->","yoast_head_json":{"title":"Une cellule terroriste d\u00e9mantel\u00e9e \u00e0 Jendouba : Onze personnes ar\u00eat\u00e9es","description":"Une cellule terroriste d\u00e9mantel\u00e9e \u00e0 Jendouba : Onze personnes ar\u00eat\u00e9es","canonical":"https:\/\/www.webdo.tn\/fr\/actualite\/terrorisme\/cellule-terroriste-demantelee-jendouba-onze-personnes-aretees\/180074\/","og_locale":"fr_FR","og_type":"article","og_title":"Une \"cellule terroriste\" d\u00e9mantel\u00e9e \u00e0 Jendouba : Onze personnes ar\u00eat\u00e9es","og_description":"Une cellule terroriste d\u00e9mantel\u00e9e \u00e0 Jendouba : Onze personnes ar\u00eat\u00e9es","og_url":"https:\/\/www.webdo.tn\/fr\/actualite\/terrorisme\/cellule-terroriste-demantelee-jendouba-onze-personnes-aretees\/180074\/","og_site_name":"webdo","article_publisher":"https:\/\/www.facebook.com\/webdotn","article_published_time":"2014-09-25T21:34:00+00:00","article_modified_time":"2025-05-22T13:21:57+00:00","og_image":[{"width":300,"height":187,"url":"https:\/\/www.webdo.tn\/fr\/wp-content\/uploads\/2014\/09\/mi-cellule-terroriste-jendouba-300x187-1.jpg","type":"image\/jpeg"}],"author":"webdo.tn","twitter_card":"summary_large_image","twitter_creator":"@webdo_tn","twitter_site":"@webdo_tn","twitter_misc":{"\u00c9crit par":"webdo.tn","Dur\u00e9e de lecture estim\u00e9e":"1 minute"},"schema":{"@context":"https:\/\/schema.org","@graph":[{"@type":"NewsArticle","@id":"https:\/\/www.webdo.tn\/fr\/actualite\/terrorisme\/cellule-terroriste-demantelee-jendouba-onze-personnes-aretees\/180074\/#article","isPartOf":{"@id":"https:\/\/www.webdo.tn\/fr\/actualite\/terrorisme\/cellule-terroriste-demantelee-jendouba-onze-personnes-aretees\/180074\/"},"author":{"name":"webdo.tn","@id":"https:\/\/www.webdo.tn\/fr\/#\/schema\/person\/9a9c6118d687c117df8ef3cc36a4d175"},"headline":"Une \u00ab\u00a0cellule terroriste\u00a0\u00bb d\u00e9mantel\u00e9e \u00e0 Jendouba : Onze personnes ar\u00eat\u00e9es","datePublished":"2014-09-25T21:34:00+00:00","dateModified":"2025-05-22T13:21:57+00:00","mainEntityOfPage":{"@id":"https:\/\/www.webdo.tn\/fr\/actualite\/terrorisme\/cellule-terroriste-demantelee-jendouba-onze-personnes-aretees\/180074\/"},"wordCount":164,"commentCount":0,"publisher":{"@id":"https:\/\/www.webdo.tn\/fr\/#organization"},"image":{"@id":"https:\/\/www.webdo.tn\/fr\/actualite\/terrorisme\/cellule-terroriste-demantelee-jendouba-onze-personnes-aretees\/180074\/#primaryimage"},"thumbnailUrl":"https:\/\/www.webdo.tn\/fr\/wp-content\/uploads\/2014\/09\/mi-cellule-terroriste-jendouba-300x187-1.jpg","articleSection":["Terrorisme"],"inLanguage":"fr-FR"},{"@type":"WebPage","@id":"https:\/\/www.webdo.tn\/fr\/actualite\/terrorisme\/cellule-terroriste-demantelee-jendouba-onze-personnes-aretees\/180074\/","url":"https:\/\/www.webdo.tn\/fr\/actualite\/terrorisme\/cellule-terroriste-demantelee-jendouba-onze-personnes-aretees\/180074\/","name":"Une cellule terroriste d\u00e9mantel\u00e9e \u00e0 Jendouba : Onze personnes ar\u00eat\u00e9es","isPartOf":{"@id":"https:\/\/www.webdo.tn\/fr\/#website"},"primaryImageOfPage":{"@id":"https:\/\/www.webdo.tn\/fr\/actualite\/terrorisme\/cellule-terroriste-demantelee-jendouba-onze-personnes-aretees\/180074\/#primaryimage"},"image":{"@id":"https:\/\/www.webdo.tn\/fr\/actualite\/terrorisme\/cellule-terroriste-demantelee-jendouba-onze-personnes-aretees\/180074\/#primaryimage"},"thumbnailUrl":"https:\/\/www.webdo.tn\/fr\/wp-content\/uploads\/2014\/09\/mi-cellule-terroriste-jendouba-300x187-1.jpg","datePublished":"2014-09-25T21:34:00+00:00","dateModified":"2025-05-22T13:21:57+00:00","description":"Une cellule terroriste d\u00e9mantel\u00e9e \u00e0 Jendouba : Onze personnes ar\u00eat\u00e9es","breadcrumb":{"@id":"https:\/\/www.webdo.tn\/fr\/actualite\/terrorisme\/cellule-terroriste-demantelee-jendouba-onze-personnes-aretees\/180074\/#breadcrumb"},"inLanguage":"fr-FR","potentialAction":[{"@type":"ReadAction","target":["https:\/\/www.webdo.tn\/fr\/actualite\/terrorisme\/cellule-terroriste-demantelee-jendouba-onze-personnes-aretees\/180074\/"]}]},{"@type":"ImageObject","inLanguage":"fr-FR","@id":"https:\/\/www.webdo.tn\/fr\/actualite\/terrorisme\/cellule-terroriste-demantelee-jendouba-onze-personnes-aretees\/180074\/#primaryimage","url":"https:\/\/www.webdo.tn\/fr\/wp-content\/uploads\/2014\/09\/mi-cellule-terroriste-jendouba-300x187-1.jpg","contentUrl":"https:\/\/www.webdo.tn\/fr\/wp-content\/uploads\/2014\/09\/mi-cellule-terroriste-jendouba-300x187-1.jpg","width":300,"height":187,"caption":"Une \"cellule terroriste\" d\u00e9mantel\u00e9e \u00e0 Jendouba : Onze personnes ar\u00eat\u00e9es"},{"@type":"BreadcrumbList","@id":"https:\/\/www.webdo.tn\/fr\/actualite\/terrorisme\/cellule-terroriste-demantelee-jendouba-onze-personnes-aretees\/180074\/#breadcrumb","itemListElement":[{"@type":"ListItem","position":1,"name":"Accueil","item":"https:\/\/www.webdo.tn\/fr\/"},{"@type":"ListItem","position":2,"name":"Une \u00ab\u00a0cellule terroriste\u00a0\u00bb d\u00e9mantel\u00e9e \u00e0 Jendouba : Onze personnes ar\u00eat\u00e9es"}]},{"@type":"WebSite","@id":"https:\/\/www.webdo.tn\/fr\/#website","url":"https:\/\/www.webdo.tn\/fr\/","name":"webdo","description":"Tunisie - News en Tunisie et \u00e0 l&#039;international sur Webdo.tn","publisher":{"@id":"https:\/\/www.webdo.tn\/fr\/#organization"},"potentialAction":[{"@type":"SearchAction","target":{"@type":"EntryPoint","urlTemplate":"https:\/\/www.webdo.tn\/fr\/?s={search_term_string}"},"query-input":{"@type":"PropertyValueSpecification","valueRequired":true,"valueName":"search_term_string"}}],"inLanguage":"fr-FR"},{"@type":"Organization","@id":"https:\/\/www.webdo.tn\/fr\/#organization","name":"Webdo","alternateName":"Webdo.tn","url":"https:\/\/www.webdo.tn\/fr\/","logo":{"@type":"ImageObject","inLanguage":"fr-FR","@id":"https:\/\/www.webdo.tn\/fr\/#\/schema\/logo\/image\/","url":"https:\/\/www.webdo.tn\/fr\/wp-content\/uploads\/2025\/06\/Webdo-Tunisie_168377.jpg","contentUrl":"https:\/\/www.webdo.tn\/fr\/wp-content\/uploads\/2025\/06\/Webdo-Tunisie_168377.jpg","width":301,"height":301,"caption":"Webdo"},"image":{"@id":"https:\/\/www.webdo.tn\/fr\/#\/schema\/logo\/image\/"},"sameAs":["https:\/\/www.facebook.com\/webdotn","https:\/\/x.com\/webdo_tn"],"description":"Webdo est un m\u00e9dia num\u00e9rique tunisien fond\u00e9 en 2010, sp\u00e9cialis\u00e9 dans l\u2019actualit\u00e9 nationale et internationale, l\u2019\u00e9conomie, la soci\u00e9t\u00e9 et les analyses politiques. Le site s\u2019adresse \u00e0 un large public francophone et couvre l\u2019information tunisienne en temps r\u00e9el.","email":"redac@webdo.tn","legalName":"YNJ SARL","foundingDate":"2010-09-06","numberOfEmployees":{"@type":"QuantitativeValue","minValue":"11","maxValue":"50"}},{"@type":"Person","@id":"https:\/\/www.webdo.tn\/fr\/#\/schema\/person\/9a9c6118d687c117df8ef3cc36a4d175","name":"webdo.tn","image":{"@type":"ImageObject","inLanguage":"fr-FR","@id":"https:\/\/secure.gravatar.com\/avatar\/7ce1f28c0c3bbac99ff550b85ef8e44a6950c6ee24514fb6a5489e51d06f0298?s=96&d=mm&r=g","url":"https:\/\/secure.gravatar.com\/avatar\/7ce1f28c0c3bbac99ff550b85ef8e44a6950c6ee24514fb6a5489e51d06f0298?s=96&d=mm&r=g","contentUrl":"https:\/\/secure.gravatar.com\/avatar\/7ce1f28c0c3bbac99ff550b85ef8e44a6950c6ee24514fb6a5489e51d06f0298?s=96&d=mm&r=g","caption":"webdo.tn"},"url":"https:\/\/www.webdo.tn\/fr\/actualite\/author\/webdotn\/"}]}},"_links":{"self":[{"href":"https:\/\/www.webdo.tn\/fr\/wp-json\/wp\/v2\/posts\/180074","targetHints":{"allow":["GET"]}}],"collection":[{"href":"https:\/\/www.webdo.tn\/fr\/wp-json\/wp\/v2\/posts"}],"about":[{"href":"https:\/\/www.webdo.tn\/fr\/wp-json\/wp\/v2\/types\/post"}],"author":[{"embeddable":true,"href":"https:\/\/www.webdo.tn\/fr\/wp-json\/wp\/v2\/users\/3222"}],"replies":[{"embeddable":true,"href":"https:\/\/www.webdo.tn\/fr\/wp-json\/wp\/v2\/comments?post=180074"}],"version-history":[{"count":0,"href":"https:\/\/www.webdo.tn\/fr\/wp-json\/wp\/v2\/posts\/180074\/revisions"}],"wp:featuredmedia":[{"embeddable":true,"href":"https:\/\/www.webdo.tn\/fr\/wp-json\/wp\/v2\/media\/335043"}],"wp:attachment":[{"href":"https:\/\/www.webdo.tn\/fr\/wp-json\/wp\/v2\/media?parent=180074"}],"wp:term":[{"taxonomy":"category","embeddable":true,"href":"https:\/\/www.webdo.tn\/fr\/wp-json\/wp\/v2\/categories?post=180074"},{"taxonomy":"post_tag","embeddable":true,"href":"https:\/\/www.webdo.tn\/fr\/wp-json\/wp\/v2\/tags?post=180074"}],"curies":[{"name":"wp","href":"https:\/\/api.w.org\/{rel}","templated":true}]}}