{"id":180065,"date":"2014-10-16T23:07:00","date_gmt":"2014-10-16T23:07:00","guid":{"rendered":"https:\/\/www.webdo.tn\/fr\/blog\/ministere-linterieur-arrestation-dun-dangereux-terroriste-gabes\/180065\/"},"modified":"2025-05-22T13:03:02","modified_gmt":"2025-05-22T13:03:02","slug":"ministere-linterieur-arrestation-dun-dangereux-terroriste-gabes","status":"publish","type":"post","link":"https:\/\/www.webdo.tn\/fr\/actualite\/terrorisme\/ministere-linterieur-arrestation-dun-dangereux-terroriste-gabes\/180065\/","title":{"rendered":"Minist\u00e8re de l&rsquo;Int\u00e9rieur : Arrestation d&rsquo;un \u00ab\u00a0dangereux terroriste\u00a0\u00bb \u00e0 Gab\u00e8s"},"content":{"rendered":"<p>Le minist\u00e8re de l&rsquo;Int\u00e9rieur a annonc\u00e9 dans un communiqu\u00e9 publi\u00e9 ce jeudi 16 octobre l&rsquo;arrestation par les unit\u00e9s de la Garde nationale \u00e0 Gab\u00e8s, de Alaeddine Tahri, un \u00ab\u00a0dangereux terroriste\u00a0\u00bb recherch\u00e9 par les forces de s\u00e9curit\u00e9.<\/p>\n<p>Le groupe auquel il appartenait a \u00e9t\u00e9 dissous et ses membres arr\u00eat\u00e9s, indique le minist\u00e8re de l&rsquo;Int\u00e9rieur, qui pr\u00e9cise que ce groupe \u00e9tait li\u00e9 \u00e0 la Katiba Okba Ibn Nafaa.<\/p>\n<p>Deux Kalachnikov, une arme de poing, une grenade et des munitions ont \u00e9t\u00e9 saisis lors de l&rsquo;arrestation.<\/p>\n","protected":false},"excerpt":{"rendered":"<p>Minist\u00e8re de l&rsquo;Int\u00e9rieur : Arrestation d&rsquo;un  dangereux terroriste  \u00e0 Gab\u00e8s<\/p>\n","protected":false},"author":3222,"featured_media":331295,"comment_status":"open","ping_status":"closed","sticky":false,"template":"","format":"standard","meta":{"footnotes":""},"categories":[11342],"tags":[],"class_list":["post-180065","post","type-post","status-publish","format-standard","has-post-thumbnail","hentry","category-terrorisme"],"yoast_head":"<!-- This site is optimized with the Yoast SEO Premium plugin v27.5 (Yoast SEO v27.5) - https:\/\/yoast.com\/product\/yoast-seo-premium-wordpress\/ -->\n<title>Minist\u00e8re de l&#039;Int\u00e9rieur : Arrestation d&#039;un dangereux terroriste \u00e0 Gab\u00e8s<\/title>\n<meta name=\"description\" content=\"Minist\u00e8re de l&#039;Int\u00e9rieur : Arrestation d&#039;un dangereux terroriste \u00e0 Gab\u00e8s\" \/>\n<link rel=\"canonical\" href=\"https:\/\/www.webdo.tn\/fr\/actualite\/terrorisme\/ministere-linterieur-arrestation-dun-dangereux-terroriste-gabes\/180065\/\" \/>\n<meta property=\"og:locale\" content=\"fr_FR\" \/>\n<meta property=\"og:type\" content=\"article\" \/>\n<meta property=\"og:title\" content=\"Minist\u00e8re de l&#039;Int\u00e9rieur : Arrestation d&#039;un &quot;dangereux terroriste&quot; \u00e0 Gab\u00e8s\" \/>\n<meta property=\"og:description\" content=\"Minist\u00e8re de l&#039;Int\u00e9rieur : Arrestation d&#039;un dangereux terroriste \u00e0 Gab\u00e8s\" \/>\n<meta property=\"og:url\" content=\"https:\/\/www.webdo.tn\/fr\/actualite\/terrorisme\/ministere-linterieur-arrestation-dun-dangereux-terroriste-gabes\/180065\/\" \/>\n<meta property=\"og:site_name\" content=\"webdo\" \/>\n<meta property=\"article:publisher\" content=\"https:\/\/www.facebook.com\/webdotn\" \/>\n<meta property=\"article:published_time\" content=\"2014-10-16T23:07:00+00:00\" \/>\n<meta property=\"article:modified_time\" content=\"2025-05-22T13:03:02+00:00\" \/>\n<meta property=\"og:image\" content=\"https:\/\/www.webdo.tn\/fr\/wp-content\/uploads\/2014\/10\/alaeddine-tahri-225x300-1.jpg\" \/>\n\t<meta property=\"og:image:width\" content=\"225\" \/>\n\t<meta property=\"og:image:height\" content=\"300\" \/>\n\t<meta property=\"og:image:type\" content=\"image\/jpeg\" \/>\n<meta name=\"author\" content=\"webdo.tn\" \/>\n<meta name=\"twitter:card\" content=\"summary_large_image\" \/>\n<meta name=\"twitter:creator\" content=\"@webdo_tn\" \/>\n<meta name=\"twitter:site\" content=\"@webdo_tn\" \/>\n<meta name=\"twitter:label1\" content=\"\u00c9crit par\" \/>\n\t<meta name=\"twitter:data1\" content=\"webdo.tn\" \/>\n<script type=\"application\/ld+json\" class=\"yoast-schema-graph\">{\"@context\":\"https:\\\/\\\/schema.org\",\"@graph\":[{\"@type\":\"NewsArticle\",\"@id\":\"https:\\\/\\\/www.webdo.tn\\\/fr\\\/actualite\\\/terrorisme\\\/ministere-linterieur-arrestation-dun-dangereux-terroriste-gabes\\\/180065\\\/#article\",\"isPartOf\":{\"@id\":\"https:\\\/\\\/www.webdo.tn\\\/fr\\\/actualite\\\/terrorisme\\\/ministere-linterieur-arrestation-dun-dangereux-terroriste-gabes\\\/180065\\\/\"},\"author\":{\"name\":\"webdo.tn\",\"@id\":\"https:\\\/\\\/www.webdo.tn\\\/fr\\\/#\\\/schema\\\/person\\\/9a9c6118d687c117df8ef3cc36a4d175\"},\"headline\":\"Minist\u00e8re de l&rsquo;Int\u00e9rieur : Arrestation d&rsquo;un \u00ab\u00a0dangereux terroriste\u00a0\u00bb \u00e0 Gab\u00e8s\",\"datePublished\":\"2014-10-16T23:07:00+00:00\",\"dateModified\":\"2025-05-22T13:03:02+00:00\",\"mainEntityOfPage\":{\"@id\":\"https:\\\/\\\/www.webdo.tn\\\/fr\\\/actualite\\\/terrorisme\\\/ministere-linterieur-arrestation-dun-dangereux-terroriste-gabes\\\/180065\\\/\"},\"wordCount\":107,\"commentCount\":0,\"publisher\":{\"@id\":\"https:\\\/\\\/www.webdo.tn\\\/fr\\\/#organization\"},\"image\":{\"@id\":\"https:\\\/\\\/www.webdo.tn\\\/fr\\\/actualite\\\/terrorisme\\\/ministere-linterieur-arrestation-dun-dangereux-terroriste-gabes\\\/180065\\\/#primaryimage\"},\"thumbnailUrl\":\"https:\\\/\\\/www.webdo.tn\\\/fr\\\/wp-content\\\/uploads\\\/2014\\\/10\\\/alaeddine-tahri-225x300-1.jpg\",\"articleSection\":[\"Terrorisme\"],\"inLanguage\":\"fr-FR\"},{\"@type\":\"WebPage\",\"@id\":\"https:\\\/\\\/www.webdo.tn\\\/fr\\\/actualite\\\/terrorisme\\\/ministere-linterieur-arrestation-dun-dangereux-terroriste-gabes\\\/180065\\\/\",\"url\":\"https:\\\/\\\/www.webdo.tn\\\/fr\\\/actualite\\\/terrorisme\\\/ministere-linterieur-arrestation-dun-dangereux-terroriste-gabes\\\/180065\\\/\",\"name\":\"Minist\u00e8re de l'Int\u00e9rieur : Arrestation d'un dangereux terroriste \u00e0 Gab\u00e8s\",\"isPartOf\":{\"@id\":\"https:\\\/\\\/www.webdo.tn\\\/fr\\\/#website\"},\"primaryImageOfPage\":{\"@id\":\"https:\\\/\\\/www.webdo.tn\\\/fr\\\/actualite\\\/terrorisme\\\/ministere-linterieur-arrestation-dun-dangereux-terroriste-gabes\\\/180065\\\/#primaryimage\"},\"image\":{\"@id\":\"https:\\\/\\\/www.webdo.tn\\\/fr\\\/actualite\\\/terrorisme\\\/ministere-linterieur-arrestation-dun-dangereux-terroriste-gabes\\\/180065\\\/#primaryimage\"},\"thumbnailUrl\":\"https:\\\/\\\/www.webdo.tn\\\/fr\\\/wp-content\\\/uploads\\\/2014\\\/10\\\/alaeddine-tahri-225x300-1.jpg\",\"datePublished\":\"2014-10-16T23:07:00+00:00\",\"dateModified\":\"2025-05-22T13:03:02+00:00\",\"description\":\"Minist\u00e8re de l'Int\u00e9rieur : Arrestation d'un dangereux terroriste \u00e0 Gab\u00e8s\",\"breadcrumb\":{\"@id\":\"https:\\\/\\\/www.webdo.tn\\\/fr\\\/actualite\\\/terrorisme\\\/ministere-linterieur-arrestation-dun-dangereux-terroriste-gabes\\\/180065\\\/#breadcrumb\"},\"inLanguage\":\"fr-FR\",\"potentialAction\":[{\"@type\":\"ReadAction\",\"target\":[\"https:\\\/\\\/www.webdo.tn\\\/fr\\\/actualite\\\/terrorisme\\\/ministere-linterieur-arrestation-dun-dangereux-terroriste-gabes\\\/180065\\\/\"]}]},{\"@type\":\"ImageObject\",\"inLanguage\":\"fr-FR\",\"@id\":\"https:\\\/\\\/www.webdo.tn\\\/fr\\\/actualite\\\/terrorisme\\\/ministere-linterieur-arrestation-dun-dangereux-terroriste-gabes\\\/180065\\\/#primaryimage\",\"url\":\"https:\\\/\\\/www.webdo.tn\\\/fr\\\/wp-content\\\/uploads\\\/2014\\\/10\\\/alaeddine-tahri-225x300-1.jpg\",\"contentUrl\":\"https:\\\/\\\/www.webdo.tn\\\/fr\\\/wp-content\\\/uploads\\\/2014\\\/10\\\/alaeddine-tahri-225x300-1.jpg\",\"width\":225,\"height\":300,\"caption\":\"Minist\u00e8re de l'Int\u00e9rieur : Arrestation d'un \\\"dangereux terroriste\\\" \u00e0 Gab\u00e8s\"},{\"@type\":\"BreadcrumbList\",\"@id\":\"https:\\\/\\\/www.webdo.tn\\\/fr\\\/actualite\\\/terrorisme\\\/ministere-linterieur-arrestation-dun-dangereux-terroriste-gabes\\\/180065\\\/#breadcrumb\",\"itemListElement\":[{\"@type\":\"ListItem\",\"position\":1,\"name\":\"Accueil\",\"item\":\"https:\\\/\\\/www.webdo.tn\\\/fr\\\/\"},{\"@type\":\"ListItem\",\"position\":2,\"name\":\"Minist\u00e8re de l&rsquo;Int\u00e9rieur : Arrestation d&rsquo;un \u00ab\u00a0dangereux terroriste\u00a0\u00bb \u00e0 Gab\u00e8s\"}]},{\"@type\":\"WebSite\",\"@id\":\"https:\\\/\\\/www.webdo.tn\\\/fr\\\/#website\",\"url\":\"https:\\\/\\\/www.webdo.tn\\\/fr\\\/\",\"name\":\"webdo\",\"description\":\"Tunisie - News en Tunisie et \u00e0 l&#039;international sur Webdo.tn\",\"publisher\":{\"@id\":\"https:\\\/\\\/www.webdo.tn\\\/fr\\\/#organization\"},\"potentialAction\":[{\"@type\":\"SearchAction\",\"target\":{\"@type\":\"EntryPoint\",\"urlTemplate\":\"https:\\\/\\\/www.webdo.tn\\\/fr\\\/?s={search_term_string}\"},\"query-input\":{\"@type\":\"PropertyValueSpecification\",\"valueRequired\":true,\"valueName\":\"search_term_string\"}}],\"inLanguage\":\"fr-FR\"},{\"@type\":\"Organization\",\"@id\":\"https:\\\/\\\/www.webdo.tn\\\/fr\\\/#organization\",\"name\":\"Webdo\",\"alternateName\":\"Webdo.tn\",\"url\":\"https:\\\/\\\/www.webdo.tn\\\/fr\\\/\",\"logo\":{\"@type\":\"ImageObject\",\"inLanguage\":\"fr-FR\",\"@id\":\"https:\\\/\\\/www.webdo.tn\\\/fr\\\/#\\\/schema\\\/logo\\\/image\\\/\",\"url\":\"https:\\\/\\\/www.webdo.tn\\\/fr\\\/wp-content\\\/uploads\\\/2025\\\/06\\\/Webdo-Tunisie_168377.jpg\",\"contentUrl\":\"https:\\\/\\\/www.webdo.tn\\\/fr\\\/wp-content\\\/uploads\\\/2025\\\/06\\\/Webdo-Tunisie_168377.jpg\",\"width\":301,\"height\":301,\"caption\":\"Webdo\"},\"image\":{\"@id\":\"https:\\\/\\\/www.webdo.tn\\\/fr\\\/#\\\/schema\\\/logo\\\/image\\\/\"},\"sameAs\":[\"https:\\\/\\\/www.facebook.com\\\/webdotn\",\"https:\\\/\\\/x.com\\\/webdo_tn\"],\"description\":\"Webdo est un m\u00e9dia num\u00e9rique tunisien fond\u00e9 en 2010, sp\u00e9cialis\u00e9 dans l\u2019actualit\u00e9 nationale et internationale, l\u2019\u00e9conomie, la soci\u00e9t\u00e9 et les analyses politiques. Le site s\u2019adresse \u00e0 un large public francophone et couvre l\u2019information tunisienne en temps r\u00e9el.\",\"email\":\"redac@webdo.tn\",\"legalName\":\"YNJ SARL\",\"foundingDate\":\"2010-09-06\",\"numberOfEmployees\":{\"@type\":\"QuantitativeValue\",\"minValue\":\"11\",\"maxValue\":\"50\"}},{\"@type\":\"Person\",\"@id\":\"https:\\\/\\\/www.webdo.tn\\\/fr\\\/#\\\/schema\\\/person\\\/9a9c6118d687c117df8ef3cc36a4d175\",\"name\":\"webdo.tn\",\"image\":{\"@type\":\"ImageObject\",\"inLanguage\":\"fr-FR\",\"@id\":\"https:\\\/\\\/secure.gravatar.com\\\/avatar\\\/7ce1f28c0c3bbac99ff550b85ef8e44a6950c6ee24514fb6a5489e51d06f0298?s=96&d=mm&r=g\",\"url\":\"https:\\\/\\\/secure.gravatar.com\\\/avatar\\\/7ce1f28c0c3bbac99ff550b85ef8e44a6950c6ee24514fb6a5489e51d06f0298?s=96&d=mm&r=g\",\"contentUrl\":\"https:\\\/\\\/secure.gravatar.com\\\/avatar\\\/7ce1f28c0c3bbac99ff550b85ef8e44a6950c6ee24514fb6a5489e51d06f0298?s=96&d=mm&r=g\",\"caption\":\"webdo.tn\"},\"url\":\"https:\\\/\\\/www.webdo.tn\\\/fr\\\/actualite\\\/author\\\/webdotn\\\/\"}]}<\/script>\n<!-- \/ Yoast SEO Premium plugin. -->","yoast_head_json":{"title":"Minist\u00e8re de l'Int\u00e9rieur : Arrestation d'un dangereux terroriste \u00e0 Gab\u00e8s","description":"Minist\u00e8re de l'Int\u00e9rieur : Arrestation d'un dangereux terroriste \u00e0 Gab\u00e8s","canonical":"https:\/\/www.webdo.tn\/fr\/actualite\/terrorisme\/ministere-linterieur-arrestation-dun-dangereux-terroriste-gabes\/180065\/","og_locale":"fr_FR","og_type":"article","og_title":"Minist\u00e8re de l'Int\u00e9rieur : Arrestation d'un \"dangereux terroriste\" \u00e0 Gab\u00e8s","og_description":"Minist\u00e8re de l'Int\u00e9rieur : Arrestation d'un dangereux terroriste \u00e0 Gab\u00e8s","og_url":"https:\/\/www.webdo.tn\/fr\/actualite\/terrorisme\/ministere-linterieur-arrestation-dun-dangereux-terroriste-gabes\/180065\/","og_site_name":"webdo","article_publisher":"https:\/\/www.facebook.com\/webdotn","article_published_time":"2014-10-16T23:07:00+00:00","article_modified_time":"2025-05-22T13:03:02+00:00","og_image":[{"width":225,"height":300,"url":"https:\/\/www.webdo.tn\/fr\/wp-content\/uploads\/2014\/10\/alaeddine-tahri-225x300-1.jpg","type":"image\/jpeg"}],"author":"webdo.tn","twitter_card":"summary_large_image","twitter_creator":"@webdo_tn","twitter_site":"@webdo_tn","twitter_misc":{"\u00c9crit par":"webdo.tn"},"schema":{"@context":"https:\/\/schema.org","@graph":[{"@type":"NewsArticle","@id":"https:\/\/www.webdo.tn\/fr\/actualite\/terrorisme\/ministere-linterieur-arrestation-dun-dangereux-terroriste-gabes\/180065\/#article","isPartOf":{"@id":"https:\/\/www.webdo.tn\/fr\/actualite\/terrorisme\/ministere-linterieur-arrestation-dun-dangereux-terroriste-gabes\/180065\/"},"author":{"name":"webdo.tn","@id":"https:\/\/www.webdo.tn\/fr\/#\/schema\/person\/9a9c6118d687c117df8ef3cc36a4d175"},"headline":"Minist\u00e8re de l&rsquo;Int\u00e9rieur : Arrestation d&rsquo;un \u00ab\u00a0dangereux terroriste\u00a0\u00bb \u00e0 Gab\u00e8s","datePublished":"2014-10-16T23:07:00+00:00","dateModified":"2025-05-22T13:03:02+00:00","mainEntityOfPage":{"@id":"https:\/\/www.webdo.tn\/fr\/actualite\/terrorisme\/ministere-linterieur-arrestation-dun-dangereux-terroriste-gabes\/180065\/"},"wordCount":107,"commentCount":0,"publisher":{"@id":"https:\/\/www.webdo.tn\/fr\/#organization"},"image":{"@id":"https:\/\/www.webdo.tn\/fr\/actualite\/terrorisme\/ministere-linterieur-arrestation-dun-dangereux-terroriste-gabes\/180065\/#primaryimage"},"thumbnailUrl":"https:\/\/www.webdo.tn\/fr\/wp-content\/uploads\/2014\/10\/alaeddine-tahri-225x300-1.jpg","articleSection":["Terrorisme"],"inLanguage":"fr-FR"},{"@type":"WebPage","@id":"https:\/\/www.webdo.tn\/fr\/actualite\/terrorisme\/ministere-linterieur-arrestation-dun-dangereux-terroriste-gabes\/180065\/","url":"https:\/\/www.webdo.tn\/fr\/actualite\/terrorisme\/ministere-linterieur-arrestation-dun-dangereux-terroriste-gabes\/180065\/","name":"Minist\u00e8re de l'Int\u00e9rieur : Arrestation d'un dangereux terroriste \u00e0 Gab\u00e8s","isPartOf":{"@id":"https:\/\/www.webdo.tn\/fr\/#website"},"primaryImageOfPage":{"@id":"https:\/\/www.webdo.tn\/fr\/actualite\/terrorisme\/ministere-linterieur-arrestation-dun-dangereux-terroriste-gabes\/180065\/#primaryimage"},"image":{"@id":"https:\/\/www.webdo.tn\/fr\/actualite\/terrorisme\/ministere-linterieur-arrestation-dun-dangereux-terroriste-gabes\/180065\/#primaryimage"},"thumbnailUrl":"https:\/\/www.webdo.tn\/fr\/wp-content\/uploads\/2014\/10\/alaeddine-tahri-225x300-1.jpg","datePublished":"2014-10-16T23:07:00+00:00","dateModified":"2025-05-22T13:03:02+00:00","description":"Minist\u00e8re de l'Int\u00e9rieur : Arrestation d'un dangereux terroriste \u00e0 Gab\u00e8s","breadcrumb":{"@id":"https:\/\/www.webdo.tn\/fr\/actualite\/terrorisme\/ministere-linterieur-arrestation-dun-dangereux-terroriste-gabes\/180065\/#breadcrumb"},"inLanguage":"fr-FR","potentialAction":[{"@type":"ReadAction","target":["https:\/\/www.webdo.tn\/fr\/actualite\/terrorisme\/ministere-linterieur-arrestation-dun-dangereux-terroriste-gabes\/180065\/"]}]},{"@type":"ImageObject","inLanguage":"fr-FR","@id":"https:\/\/www.webdo.tn\/fr\/actualite\/terrorisme\/ministere-linterieur-arrestation-dun-dangereux-terroriste-gabes\/180065\/#primaryimage","url":"https:\/\/www.webdo.tn\/fr\/wp-content\/uploads\/2014\/10\/alaeddine-tahri-225x300-1.jpg","contentUrl":"https:\/\/www.webdo.tn\/fr\/wp-content\/uploads\/2014\/10\/alaeddine-tahri-225x300-1.jpg","width":225,"height":300,"caption":"Minist\u00e8re de l'Int\u00e9rieur : Arrestation d'un \"dangereux terroriste\" \u00e0 Gab\u00e8s"},{"@type":"BreadcrumbList","@id":"https:\/\/www.webdo.tn\/fr\/actualite\/terrorisme\/ministere-linterieur-arrestation-dun-dangereux-terroriste-gabes\/180065\/#breadcrumb","itemListElement":[{"@type":"ListItem","position":1,"name":"Accueil","item":"https:\/\/www.webdo.tn\/fr\/"},{"@type":"ListItem","position":2,"name":"Minist\u00e8re de l&rsquo;Int\u00e9rieur : Arrestation d&rsquo;un \u00ab\u00a0dangereux terroriste\u00a0\u00bb \u00e0 Gab\u00e8s"}]},{"@type":"WebSite","@id":"https:\/\/www.webdo.tn\/fr\/#website","url":"https:\/\/www.webdo.tn\/fr\/","name":"webdo","description":"Tunisie - News en Tunisie et \u00e0 l&#039;international sur Webdo.tn","publisher":{"@id":"https:\/\/www.webdo.tn\/fr\/#organization"},"potentialAction":[{"@type":"SearchAction","target":{"@type":"EntryPoint","urlTemplate":"https:\/\/www.webdo.tn\/fr\/?s={search_term_string}"},"query-input":{"@type":"PropertyValueSpecification","valueRequired":true,"valueName":"search_term_string"}}],"inLanguage":"fr-FR"},{"@type":"Organization","@id":"https:\/\/www.webdo.tn\/fr\/#organization","name":"Webdo","alternateName":"Webdo.tn","url":"https:\/\/www.webdo.tn\/fr\/","logo":{"@type":"ImageObject","inLanguage":"fr-FR","@id":"https:\/\/www.webdo.tn\/fr\/#\/schema\/logo\/image\/","url":"https:\/\/www.webdo.tn\/fr\/wp-content\/uploads\/2025\/06\/Webdo-Tunisie_168377.jpg","contentUrl":"https:\/\/www.webdo.tn\/fr\/wp-content\/uploads\/2025\/06\/Webdo-Tunisie_168377.jpg","width":301,"height":301,"caption":"Webdo"},"image":{"@id":"https:\/\/www.webdo.tn\/fr\/#\/schema\/logo\/image\/"},"sameAs":["https:\/\/www.facebook.com\/webdotn","https:\/\/x.com\/webdo_tn"],"description":"Webdo est un m\u00e9dia num\u00e9rique tunisien fond\u00e9 en 2010, sp\u00e9cialis\u00e9 dans l\u2019actualit\u00e9 nationale et internationale, l\u2019\u00e9conomie, la soci\u00e9t\u00e9 et les analyses politiques. Le site s\u2019adresse \u00e0 un large public francophone et couvre l\u2019information tunisienne en temps r\u00e9el.","email":"redac@webdo.tn","legalName":"YNJ SARL","foundingDate":"2010-09-06","numberOfEmployees":{"@type":"QuantitativeValue","minValue":"11","maxValue":"50"}},{"@type":"Person","@id":"https:\/\/www.webdo.tn\/fr\/#\/schema\/person\/9a9c6118d687c117df8ef3cc36a4d175","name":"webdo.tn","image":{"@type":"ImageObject","inLanguage":"fr-FR","@id":"https:\/\/secure.gravatar.com\/avatar\/7ce1f28c0c3bbac99ff550b85ef8e44a6950c6ee24514fb6a5489e51d06f0298?s=96&d=mm&r=g","url":"https:\/\/secure.gravatar.com\/avatar\/7ce1f28c0c3bbac99ff550b85ef8e44a6950c6ee24514fb6a5489e51d06f0298?s=96&d=mm&r=g","contentUrl":"https:\/\/secure.gravatar.com\/avatar\/7ce1f28c0c3bbac99ff550b85ef8e44a6950c6ee24514fb6a5489e51d06f0298?s=96&d=mm&r=g","caption":"webdo.tn"},"url":"https:\/\/www.webdo.tn\/fr\/actualite\/author\/webdotn\/"}]}},"_links":{"self":[{"href":"https:\/\/www.webdo.tn\/fr\/wp-json\/wp\/v2\/posts\/180065","targetHints":{"allow":["GET"]}}],"collection":[{"href":"https:\/\/www.webdo.tn\/fr\/wp-json\/wp\/v2\/posts"}],"about":[{"href":"https:\/\/www.webdo.tn\/fr\/wp-json\/wp\/v2\/types\/post"}],"author":[{"embeddable":true,"href":"https:\/\/www.webdo.tn\/fr\/wp-json\/wp\/v2\/users\/3222"}],"replies":[{"embeddable":true,"href":"https:\/\/www.webdo.tn\/fr\/wp-json\/wp\/v2\/comments?post=180065"}],"version-history":[{"count":0,"href":"https:\/\/www.webdo.tn\/fr\/wp-json\/wp\/v2\/posts\/180065\/revisions"}],"wp:featuredmedia":[{"embeddable":true,"href":"https:\/\/www.webdo.tn\/fr\/wp-json\/wp\/v2\/media\/331295"}],"wp:attachment":[{"href":"https:\/\/www.webdo.tn\/fr\/wp-json\/wp\/v2\/media?parent=180065"}],"wp:term":[{"taxonomy":"category","embeddable":true,"href":"https:\/\/www.webdo.tn\/fr\/wp-json\/wp\/v2\/categories?post=180065"},{"taxonomy":"post_tag","embeddable":true,"href":"https:\/\/www.webdo.tn\/fr\/wp-json\/wp\/v2\/tags?post=180065"}],"curies":[{"name":"wp","href":"https:\/\/api.w.org\/{rel}","templated":true}]}}