{"id":180061,"date":"2014-10-23T11:58:00","date_gmt":"2014-10-23T11:58:00","guid":{"rendered":"https:\/\/www.webdo.tn\/fr\/blog\/oued-ellil-les-forces-lordre-appellent-les-presumes-terroristes-faire-sortir-les-enfants\/180061\/"},"modified":"2025-05-22T13:22:42","modified_gmt":"2025-05-22T13:22:42","slug":"oued-ellil-les-forces-lordre-appellent-les-presumes-terroristes-faire-sortir-les-enfants","status":"publish","type":"post","link":"https:\/\/www.webdo.tn\/fr\/actualite\/terrorisme\/oued-ellil-les-forces-lordre-appellent-les-presumes-terroristes-faire-sortir-les-enfants\/180061\/","title":{"rendered":"Oued Ellil : Les forces de l&rsquo;ordre appellent les terroristes \u00e0 faire sortir les enfants"},"content":{"rendered":"<p>D&rsquo;apr\u00e8s un voisin, N. R. qui se trouve \u00e0 30 m\u00e8tres de la maison encercl\u00e9e \u00e0 Oued Ellil, du gouvernorat de la Mannouba, dans laquelle se trouve deux pr\u00e9sum\u00e9s terroristes, ainsi que l&rsquo;a annonc\u00e9 le porte-parole du minist\u00e8re de l&rsquo;Int\u00e9rieur Mohamed Ali Laroui ce matin, jeudi 23 octobre sur Mosa\u00efque FM, il y aurait \u00ab\u00a0entre 60 et 70 agents des forces de l&rsquo;ordre, plut\u00f4t des commandos, forces sp\u00e9ciales\u00a0\u00bb.<\/p>\n<p>N. R., qui est fonctionnaire et qui \u00e9tait sur place depuis 8 heures du matin, raconte que les agents des forces de l&rsquo;ordre ont demand\u00e9 aux voisins de fermer leurs fen\u00eatres. Selon lui, cette maison est une maison en location : \u00ab\u00a0Ce ne sont pas des gars du quartier\u00a0\u00bb, nous a-t-il affirm\u00e9.<\/p>\n<p>Des tirs en rafales<\/p>\n<p>Les nouveaux locataires de cette maison sont \u00ab\u00a0deux hommes, une femme et deux enfants\u00a0\u00bb, raconte-t-il. D&rsquo;apr\u00e8s les appels des forces de l&rsquo;ordre dans un m\u00e9gaphone, la femme s&rsquo;appelle Asma et les deux enfants Mokdad et Amal. D&rsquo;apr\u00e8s ce voisin, il y a eu des \u00e9changes de tirs en rafale plus d&rsquo;une vingtaine de fois, parfois pendant quelques secondes, parfois sur une dur\u00e9e de plusieurs minutes.<\/p>\n<p>Un agent de la Garde nationale tu\u00e9<\/p>\n<p>Un agent de la Garde nationale, \u00e2g\u00e9 de 27 ans a \u00e9t\u00e9 tu\u00e9 par une balle dans l&rsquo;oeil, affirme N. R. Les agents des forces de l&rsquo;ordre appellent depuis quelques heures les deux pr\u00e9sum\u00e9s terroristes, avec un m\u00e9gaphone, pour qu&rsquo;ils sortent de la maison et se rendent. Ils ont ramen\u00e9 la m\u00e8re de l&rsquo;un des pr\u00e9sum\u00e9s terroristes, qui ne cesse de pleurer en demandant \u00e0 son fils de sortir et de se rendre.<\/p>\n<p>\u00ab\u00a0Houssem [ce serait le nom de ce pr\u00e9sum\u00e9 terroriste], rends toi ! \u00c9coute ce que te dis ta m\u00e8re !\u00a0\u00bb, appellent les forces de l&rsquo;ordre au m\u00e9gaphone, raconte N. R. \u00ab\u00a0Sors maintenant, sinon on va attaquer\u00a0\u00bb, r\u00e9p\u00e9tent-ils.<\/p>\n<p>La m\u00e8re, \u00e0 qui on a pass\u00e9 le m\u00e9gaphone, serait quant \u00e0 elle en train de crier : \u00ab\u00a0Sors mon cher fils !\u00a0\u00bb, t\u00e9moigne N. R. Les forces de l&rsquo;ordre ont appel\u00e9 \u00e0 plusieurs reprises les deux pr\u00e9sum\u00e9s terroristes \u00e0 lib\u00e9rer les enfants : \u00ab\u00a0Faites-les sortir, ils sont innocents !\u00a0\u00bb<\/p>\n<p>Selon les d\u00e9clarations du porte-parole du minist\u00e8re de l\u2019Int\u00e9rieur ce jeudi 23 octobre sur radio Mosaique FM, les terroristes de Oued Ellil ont \u00e9t\u00e9 d\u00e9busqu\u00e9s apr\u00e8s \u00e0 une premi\u00e8re op\u00e9ration men\u00e9e \u00e0 Kebili dans la nuit suite \u00e0 des informations de renseignements re\u00e7ues \u00e0 propos d\u2019une \u00e9ventuelle op\u00e9ration terroriste, et qui a permis de mettre la main sur deux individus et de saisir deux kalachnikovs.<\/p>\n","protected":false},"excerpt":{"rendered":"<p>Oued Ellil : Les forces de l&rsquo;ordre appellent les terroristes \u00e0 faire sortir les enfants<\/p>\n","protected":false},"author":3222,"featured_media":335162,"comment_status":"open","ping_status":"closed","sticky":false,"template":"","format":"standard","meta":{"footnotes":""},"categories":[11342],"tags":[],"class_list":["post-180061","post","type-post","status-publish","format-standard","has-post-thumbnail","hentry","category-terrorisme"],"yoast_head":"<!-- This site is optimized with the Yoast SEO Premium plugin v27.5 (Yoast SEO v27.5) - https:\/\/yoast.com\/product\/yoast-seo-premium-wordpress\/ -->\n<title>Oued Ellil : Les forces de l&#039;ordre appellent les terroristes \u00e0 faire sortir les enfants<\/title>\n<meta name=\"description\" content=\"Oued Ellil : Les forces de l&#039;ordre appellent les terroristes \u00e0 faire sortir les enfants\" \/>\n<link rel=\"canonical\" href=\"https:\/\/www.webdo.tn\/fr\/actualite\/terrorisme\/oued-ellil-les-forces-lordre-appellent-les-presumes-terroristes-faire-sortir-les-enfants\/180061\/\" \/>\n<meta property=\"og:locale\" content=\"fr_FR\" \/>\n<meta property=\"og:type\" content=\"article\" \/>\n<meta property=\"og:title\" content=\"Oued Ellil : Les forces de l&#039;ordre appellent les terroristes \u00e0 faire sortir les enfants\" \/>\n<meta property=\"og:description\" content=\"Oued Ellil : Les forces de l&#039;ordre appellent les terroristes \u00e0 faire sortir les enfants\" \/>\n<meta property=\"og:url\" content=\"https:\/\/www.webdo.tn\/fr\/actualite\/terrorisme\/oued-ellil-les-forces-lordre-appellent-les-presumes-terroristes-faire-sortir-les-enfants\/180061\/\" \/>\n<meta property=\"og:site_name\" content=\"webdo\" \/>\n<meta property=\"article:publisher\" content=\"https:\/\/www.facebook.com\/webdotn\" \/>\n<meta property=\"article:published_time\" content=\"2014-10-23T11:58:00+00:00\" \/>\n<meta property=\"article:modified_time\" content=\"2025-05-22T13:22:42+00:00\" \/>\n<meta property=\"og:image\" content=\"https:\/\/www.webdo.tn\/fr\/wp-content\/uploads\/2014\/10\/garde-nationale-3.jpg\" \/>\n\t<meta property=\"og:image:width\" content=\"360\" \/>\n\t<meta property=\"og:image:height\" content=\"202\" \/>\n\t<meta property=\"og:image:type\" content=\"image\/jpeg\" \/>\n<meta name=\"author\" content=\"webdo.tn\" \/>\n<meta name=\"twitter:card\" content=\"summary_large_image\" \/>\n<meta name=\"twitter:creator\" content=\"@webdo_tn\" \/>\n<meta name=\"twitter:site\" content=\"@webdo_tn\" \/>\n<meta name=\"twitter:label1\" content=\"\u00c9crit par\" \/>\n\t<meta name=\"twitter:data1\" content=\"webdo.tn\" \/>\n\t<meta name=\"twitter:label2\" content=\"Dur\u00e9e de lecture estim\u00e9e\" \/>\n\t<meta name=\"twitter:data2\" content=\"2 minutes\" \/>\n<script type=\"application\/ld+json\" class=\"yoast-schema-graph\">{\"@context\":\"https:\\\/\\\/schema.org\",\"@graph\":[{\"@type\":\"NewsArticle\",\"@id\":\"https:\\\/\\\/www.webdo.tn\\\/fr\\\/actualite\\\/terrorisme\\\/oued-ellil-les-forces-lordre-appellent-les-presumes-terroristes-faire-sortir-les-enfants\\\/180061\\\/#article\",\"isPartOf\":{\"@id\":\"https:\\\/\\\/www.webdo.tn\\\/fr\\\/actualite\\\/terrorisme\\\/oued-ellil-les-forces-lordre-appellent-les-presumes-terroristes-faire-sortir-les-enfants\\\/180061\\\/\"},\"author\":{\"name\":\"webdo.tn\",\"@id\":\"https:\\\/\\\/www.webdo.tn\\\/fr\\\/#\\\/schema\\\/person\\\/9a9c6118d687c117df8ef3cc36a4d175\"},\"headline\":\"Oued Ellil : Les forces de l&rsquo;ordre appellent les terroristes \u00e0 faire sortir les enfants\",\"datePublished\":\"2014-10-23T11:58:00+00:00\",\"dateModified\":\"2025-05-22T13:22:42+00:00\",\"mainEntityOfPage\":{\"@id\":\"https:\\\/\\\/www.webdo.tn\\\/fr\\\/actualite\\\/terrorisme\\\/oued-ellil-les-forces-lordre-appellent-les-presumes-terroristes-faire-sortir-les-enfants\\\/180061\\\/\"},\"wordCount\":471,\"commentCount\":0,\"publisher\":{\"@id\":\"https:\\\/\\\/www.webdo.tn\\\/fr\\\/#organization\"},\"image\":{\"@id\":\"https:\\\/\\\/www.webdo.tn\\\/fr\\\/actualite\\\/terrorisme\\\/oued-ellil-les-forces-lordre-appellent-les-presumes-terroristes-faire-sortir-les-enfants\\\/180061\\\/#primaryimage\"},\"thumbnailUrl\":\"https:\\\/\\\/www.webdo.tn\\\/fr\\\/wp-content\\\/uploads\\\/2014\\\/10\\\/garde-nationale-3.jpg\",\"articleSection\":[\"Terrorisme\"],\"inLanguage\":\"fr-FR\"},{\"@type\":\"WebPage\",\"@id\":\"https:\\\/\\\/www.webdo.tn\\\/fr\\\/actualite\\\/terrorisme\\\/oued-ellil-les-forces-lordre-appellent-les-presumes-terroristes-faire-sortir-les-enfants\\\/180061\\\/\",\"url\":\"https:\\\/\\\/www.webdo.tn\\\/fr\\\/actualite\\\/terrorisme\\\/oued-ellil-les-forces-lordre-appellent-les-presumes-terroristes-faire-sortir-les-enfants\\\/180061\\\/\",\"name\":\"Oued Ellil : Les forces de l'ordre appellent les terroristes \u00e0 faire sortir les enfants\",\"isPartOf\":{\"@id\":\"https:\\\/\\\/www.webdo.tn\\\/fr\\\/#website\"},\"primaryImageOfPage\":{\"@id\":\"https:\\\/\\\/www.webdo.tn\\\/fr\\\/actualite\\\/terrorisme\\\/oued-ellil-les-forces-lordre-appellent-les-presumes-terroristes-faire-sortir-les-enfants\\\/180061\\\/#primaryimage\"},\"image\":{\"@id\":\"https:\\\/\\\/www.webdo.tn\\\/fr\\\/actualite\\\/terrorisme\\\/oued-ellil-les-forces-lordre-appellent-les-presumes-terroristes-faire-sortir-les-enfants\\\/180061\\\/#primaryimage\"},\"thumbnailUrl\":\"https:\\\/\\\/www.webdo.tn\\\/fr\\\/wp-content\\\/uploads\\\/2014\\\/10\\\/garde-nationale-3.jpg\",\"datePublished\":\"2014-10-23T11:58:00+00:00\",\"dateModified\":\"2025-05-22T13:22:42+00:00\",\"description\":\"Oued Ellil : Les forces de l'ordre appellent les terroristes \u00e0 faire sortir les enfants\",\"breadcrumb\":{\"@id\":\"https:\\\/\\\/www.webdo.tn\\\/fr\\\/actualite\\\/terrorisme\\\/oued-ellil-les-forces-lordre-appellent-les-presumes-terroristes-faire-sortir-les-enfants\\\/180061\\\/#breadcrumb\"},\"inLanguage\":\"fr-FR\",\"potentialAction\":[{\"@type\":\"ReadAction\",\"target\":[\"https:\\\/\\\/www.webdo.tn\\\/fr\\\/actualite\\\/terrorisme\\\/oued-ellil-les-forces-lordre-appellent-les-presumes-terroristes-faire-sortir-les-enfants\\\/180061\\\/\"]}]},{\"@type\":\"ImageObject\",\"inLanguage\":\"fr-FR\",\"@id\":\"https:\\\/\\\/www.webdo.tn\\\/fr\\\/actualite\\\/terrorisme\\\/oued-ellil-les-forces-lordre-appellent-les-presumes-terroristes-faire-sortir-les-enfants\\\/180061\\\/#primaryimage\",\"url\":\"https:\\\/\\\/www.webdo.tn\\\/fr\\\/wp-content\\\/uploads\\\/2014\\\/10\\\/garde-nationale-3.jpg\",\"contentUrl\":\"https:\\\/\\\/www.webdo.tn\\\/fr\\\/wp-content\\\/uploads\\\/2014\\\/10\\\/garde-nationale-3.jpg\",\"width\":360,\"height\":202,\"caption\":\"Oued Ellil : Les forces de l'ordre appellent les terroristes \u00e0 faire sortir les enfants\"},{\"@type\":\"BreadcrumbList\",\"@id\":\"https:\\\/\\\/www.webdo.tn\\\/fr\\\/actualite\\\/terrorisme\\\/oued-ellil-les-forces-lordre-appellent-les-presumes-terroristes-faire-sortir-les-enfants\\\/180061\\\/#breadcrumb\",\"itemListElement\":[{\"@type\":\"ListItem\",\"position\":1,\"name\":\"Accueil\",\"item\":\"https:\\\/\\\/www.webdo.tn\\\/fr\\\/\"},{\"@type\":\"ListItem\",\"position\":2,\"name\":\"Oued Ellil : Les forces de l&rsquo;ordre appellent les terroristes \u00e0 faire sortir les enfants\"}]},{\"@type\":\"WebSite\",\"@id\":\"https:\\\/\\\/www.webdo.tn\\\/fr\\\/#website\",\"url\":\"https:\\\/\\\/www.webdo.tn\\\/fr\\\/\",\"name\":\"webdo\",\"description\":\"Tunisie - News en Tunisie et \u00e0 l&#039;international sur Webdo.tn\",\"publisher\":{\"@id\":\"https:\\\/\\\/www.webdo.tn\\\/fr\\\/#organization\"},\"potentialAction\":[{\"@type\":\"SearchAction\",\"target\":{\"@type\":\"EntryPoint\",\"urlTemplate\":\"https:\\\/\\\/www.webdo.tn\\\/fr\\\/?s={search_term_string}\"},\"query-input\":{\"@type\":\"PropertyValueSpecification\",\"valueRequired\":true,\"valueName\":\"search_term_string\"}}],\"inLanguage\":\"fr-FR\"},{\"@type\":\"Organization\",\"@id\":\"https:\\\/\\\/www.webdo.tn\\\/fr\\\/#organization\",\"name\":\"Webdo\",\"alternateName\":\"Webdo.tn\",\"url\":\"https:\\\/\\\/www.webdo.tn\\\/fr\\\/\",\"logo\":{\"@type\":\"ImageObject\",\"inLanguage\":\"fr-FR\",\"@id\":\"https:\\\/\\\/www.webdo.tn\\\/fr\\\/#\\\/schema\\\/logo\\\/image\\\/\",\"url\":\"https:\\\/\\\/www.webdo.tn\\\/fr\\\/wp-content\\\/uploads\\\/2025\\\/06\\\/Webdo-Tunisie_168377.jpg\",\"contentUrl\":\"https:\\\/\\\/www.webdo.tn\\\/fr\\\/wp-content\\\/uploads\\\/2025\\\/06\\\/Webdo-Tunisie_168377.jpg\",\"width\":301,\"height\":301,\"caption\":\"Webdo\"},\"image\":{\"@id\":\"https:\\\/\\\/www.webdo.tn\\\/fr\\\/#\\\/schema\\\/logo\\\/image\\\/\"},\"sameAs\":[\"https:\\\/\\\/www.facebook.com\\\/webdotn\",\"https:\\\/\\\/x.com\\\/webdo_tn\"],\"description\":\"Webdo est un m\u00e9dia num\u00e9rique tunisien fond\u00e9 en 2010, sp\u00e9cialis\u00e9 dans l\u2019actualit\u00e9 nationale et internationale, l\u2019\u00e9conomie, la soci\u00e9t\u00e9 et les analyses politiques. Le site s\u2019adresse \u00e0 un large public francophone et couvre l\u2019information tunisienne en temps r\u00e9el.\",\"email\":\"redac@webdo.tn\",\"legalName\":\"YNJ SARL\",\"foundingDate\":\"2010-09-06\",\"numberOfEmployees\":{\"@type\":\"QuantitativeValue\",\"minValue\":\"11\",\"maxValue\":\"50\"}},{\"@type\":\"Person\",\"@id\":\"https:\\\/\\\/www.webdo.tn\\\/fr\\\/#\\\/schema\\\/person\\\/9a9c6118d687c117df8ef3cc36a4d175\",\"name\":\"webdo.tn\",\"image\":{\"@type\":\"ImageObject\",\"inLanguage\":\"fr-FR\",\"@id\":\"https:\\\/\\\/secure.gravatar.com\\\/avatar\\\/7ce1f28c0c3bbac99ff550b85ef8e44a6950c6ee24514fb6a5489e51d06f0298?s=96&d=mm&r=g\",\"url\":\"https:\\\/\\\/secure.gravatar.com\\\/avatar\\\/7ce1f28c0c3bbac99ff550b85ef8e44a6950c6ee24514fb6a5489e51d06f0298?s=96&d=mm&r=g\",\"contentUrl\":\"https:\\\/\\\/secure.gravatar.com\\\/avatar\\\/7ce1f28c0c3bbac99ff550b85ef8e44a6950c6ee24514fb6a5489e51d06f0298?s=96&d=mm&r=g\",\"caption\":\"webdo.tn\"},\"url\":\"https:\\\/\\\/www.webdo.tn\\\/fr\\\/actualite\\\/author\\\/webdotn\\\/\"}]}<\/script>\n<!-- \/ Yoast SEO Premium plugin. -->","yoast_head_json":{"title":"Oued Ellil : Les forces de l'ordre appellent les terroristes \u00e0 faire sortir les enfants","description":"Oued Ellil : Les forces de l'ordre appellent les terroristes \u00e0 faire sortir les enfants","canonical":"https:\/\/www.webdo.tn\/fr\/actualite\/terrorisme\/oued-ellil-les-forces-lordre-appellent-les-presumes-terroristes-faire-sortir-les-enfants\/180061\/","og_locale":"fr_FR","og_type":"article","og_title":"Oued Ellil : Les forces de l'ordre appellent les terroristes \u00e0 faire sortir les enfants","og_description":"Oued Ellil : Les forces de l'ordre appellent les terroristes \u00e0 faire sortir les enfants","og_url":"https:\/\/www.webdo.tn\/fr\/actualite\/terrorisme\/oued-ellil-les-forces-lordre-appellent-les-presumes-terroristes-faire-sortir-les-enfants\/180061\/","og_site_name":"webdo","article_publisher":"https:\/\/www.facebook.com\/webdotn","article_published_time":"2014-10-23T11:58:00+00:00","article_modified_time":"2025-05-22T13:22:42+00:00","og_image":[{"width":360,"height":202,"url":"https:\/\/www.webdo.tn\/fr\/wp-content\/uploads\/2014\/10\/garde-nationale-3.jpg","type":"image\/jpeg"}],"author":"webdo.tn","twitter_card":"summary_large_image","twitter_creator":"@webdo_tn","twitter_site":"@webdo_tn","twitter_misc":{"\u00c9crit par":"webdo.tn","Dur\u00e9e de lecture estim\u00e9e":"2 minutes"},"schema":{"@context":"https:\/\/schema.org","@graph":[{"@type":"NewsArticle","@id":"https:\/\/www.webdo.tn\/fr\/actualite\/terrorisme\/oued-ellil-les-forces-lordre-appellent-les-presumes-terroristes-faire-sortir-les-enfants\/180061\/#article","isPartOf":{"@id":"https:\/\/www.webdo.tn\/fr\/actualite\/terrorisme\/oued-ellil-les-forces-lordre-appellent-les-presumes-terroristes-faire-sortir-les-enfants\/180061\/"},"author":{"name":"webdo.tn","@id":"https:\/\/www.webdo.tn\/fr\/#\/schema\/person\/9a9c6118d687c117df8ef3cc36a4d175"},"headline":"Oued Ellil : Les forces de l&rsquo;ordre appellent les terroristes \u00e0 faire sortir les enfants","datePublished":"2014-10-23T11:58:00+00:00","dateModified":"2025-05-22T13:22:42+00:00","mainEntityOfPage":{"@id":"https:\/\/www.webdo.tn\/fr\/actualite\/terrorisme\/oued-ellil-les-forces-lordre-appellent-les-presumes-terroristes-faire-sortir-les-enfants\/180061\/"},"wordCount":471,"commentCount":0,"publisher":{"@id":"https:\/\/www.webdo.tn\/fr\/#organization"},"image":{"@id":"https:\/\/www.webdo.tn\/fr\/actualite\/terrorisme\/oued-ellil-les-forces-lordre-appellent-les-presumes-terroristes-faire-sortir-les-enfants\/180061\/#primaryimage"},"thumbnailUrl":"https:\/\/www.webdo.tn\/fr\/wp-content\/uploads\/2014\/10\/garde-nationale-3.jpg","articleSection":["Terrorisme"],"inLanguage":"fr-FR"},{"@type":"WebPage","@id":"https:\/\/www.webdo.tn\/fr\/actualite\/terrorisme\/oued-ellil-les-forces-lordre-appellent-les-presumes-terroristes-faire-sortir-les-enfants\/180061\/","url":"https:\/\/www.webdo.tn\/fr\/actualite\/terrorisme\/oued-ellil-les-forces-lordre-appellent-les-presumes-terroristes-faire-sortir-les-enfants\/180061\/","name":"Oued Ellil : Les forces de l'ordre appellent les terroristes \u00e0 faire sortir les enfants","isPartOf":{"@id":"https:\/\/www.webdo.tn\/fr\/#website"},"primaryImageOfPage":{"@id":"https:\/\/www.webdo.tn\/fr\/actualite\/terrorisme\/oued-ellil-les-forces-lordre-appellent-les-presumes-terroristes-faire-sortir-les-enfants\/180061\/#primaryimage"},"image":{"@id":"https:\/\/www.webdo.tn\/fr\/actualite\/terrorisme\/oued-ellil-les-forces-lordre-appellent-les-presumes-terroristes-faire-sortir-les-enfants\/180061\/#primaryimage"},"thumbnailUrl":"https:\/\/www.webdo.tn\/fr\/wp-content\/uploads\/2014\/10\/garde-nationale-3.jpg","datePublished":"2014-10-23T11:58:00+00:00","dateModified":"2025-05-22T13:22:42+00:00","description":"Oued Ellil : Les forces de l'ordre appellent les terroristes \u00e0 faire sortir les enfants","breadcrumb":{"@id":"https:\/\/www.webdo.tn\/fr\/actualite\/terrorisme\/oued-ellil-les-forces-lordre-appellent-les-presumes-terroristes-faire-sortir-les-enfants\/180061\/#breadcrumb"},"inLanguage":"fr-FR","potentialAction":[{"@type":"ReadAction","target":["https:\/\/www.webdo.tn\/fr\/actualite\/terrorisme\/oued-ellil-les-forces-lordre-appellent-les-presumes-terroristes-faire-sortir-les-enfants\/180061\/"]}]},{"@type":"ImageObject","inLanguage":"fr-FR","@id":"https:\/\/www.webdo.tn\/fr\/actualite\/terrorisme\/oued-ellil-les-forces-lordre-appellent-les-presumes-terroristes-faire-sortir-les-enfants\/180061\/#primaryimage","url":"https:\/\/www.webdo.tn\/fr\/wp-content\/uploads\/2014\/10\/garde-nationale-3.jpg","contentUrl":"https:\/\/www.webdo.tn\/fr\/wp-content\/uploads\/2014\/10\/garde-nationale-3.jpg","width":360,"height":202,"caption":"Oued Ellil : Les forces de l'ordre appellent les terroristes \u00e0 faire sortir les enfants"},{"@type":"BreadcrumbList","@id":"https:\/\/www.webdo.tn\/fr\/actualite\/terrorisme\/oued-ellil-les-forces-lordre-appellent-les-presumes-terroristes-faire-sortir-les-enfants\/180061\/#breadcrumb","itemListElement":[{"@type":"ListItem","position":1,"name":"Accueil","item":"https:\/\/www.webdo.tn\/fr\/"},{"@type":"ListItem","position":2,"name":"Oued Ellil : Les forces de l&rsquo;ordre appellent les terroristes \u00e0 faire sortir les enfants"}]},{"@type":"WebSite","@id":"https:\/\/www.webdo.tn\/fr\/#website","url":"https:\/\/www.webdo.tn\/fr\/","name":"webdo","description":"Tunisie - News en Tunisie et \u00e0 l&#039;international sur Webdo.tn","publisher":{"@id":"https:\/\/www.webdo.tn\/fr\/#organization"},"potentialAction":[{"@type":"SearchAction","target":{"@type":"EntryPoint","urlTemplate":"https:\/\/www.webdo.tn\/fr\/?s={search_term_string}"},"query-input":{"@type":"PropertyValueSpecification","valueRequired":true,"valueName":"search_term_string"}}],"inLanguage":"fr-FR"},{"@type":"Organization","@id":"https:\/\/www.webdo.tn\/fr\/#organization","name":"Webdo","alternateName":"Webdo.tn","url":"https:\/\/www.webdo.tn\/fr\/","logo":{"@type":"ImageObject","inLanguage":"fr-FR","@id":"https:\/\/www.webdo.tn\/fr\/#\/schema\/logo\/image\/","url":"https:\/\/www.webdo.tn\/fr\/wp-content\/uploads\/2025\/06\/Webdo-Tunisie_168377.jpg","contentUrl":"https:\/\/www.webdo.tn\/fr\/wp-content\/uploads\/2025\/06\/Webdo-Tunisie_168377.jpg","width":301,"height":301,"caption":"Webdo"},"image":{"@id":"https:\/\/www.webdo.tn\/fr\/#\/schema\/logo\/image\/"},"sameAs":["https:\/\/www.facebook.com\/webdotn","https:\/\/x.com\/webdo_tn"],"description":"Webdo est un m\u00e9dia num\u00e9rique tunisien fond\u00e9 en 2010, sp\u00e9cialis\u00e9 dans l\u2019actualit\u00e9 nationale et internationale, l\u2019\u00e9conomie, la soci\u00e9t\u00e9 et les analyses politiques. Le site s\u2019adresse \u00e0 un large public francophone et couvre l\u2019information tunisienne en temps r\u00e9el.","email":"redac@webdo.tn","legalName":"YNJ SARL","foundingDate":"2010-09-06","numberOfEmployees":{"@type":"QuantitativeValue","minValue":"11","maxValue":"50"}},{"@type":"Person","@id":"https:\/\/www.webdo.tn\/fr\/#\/schema\/person\/9a9c6118d687c117df8ef3cc36a4d175","name":"webdo.tn","image":{"@type":"ImageObject","inLanguage":"fr-FR","@id":"https:\/\/secure.gravatar.com\/avatar\/7ce1f28c0c3bbac99ff550b85ef8e44a6950c6ee24514fb6a5489e51d06f0298?s=96&d=mm&r=g","url":"https:\/\/secure.gravatar.com\/avatar\/7ce1f28c0c3bbac99ff550b85ef8e44a6950c6ee24514fb6a5489e51d06f0298?s=96&d=mm&r=g","contentUrl":"https:\/\/secure.gravatar.com\/avatar\/7ce1f28c0c3bbac99ff550b85ef8e44a6950c6ee24514fb6a5489e51d06f0298?s=96&d=mm&r=g","caption":"webdo.tn"},"url":"https:\/\/www.webdo.tn\/fr\/actualite\/author\/webdotn\/"}]}},"_links":{"self":[{"href":"https:\/\/www.webdo.tn\/fr\/wp-json\/wp\/v2\/posts\/180061","targetHints":{"allow":["GET"]}}],"collection":[{"href":"https:\/\/www.webdo.tn\/fr\/wp-json\/wp\/v2\/posts"}],"about":[{"href":"https:\/\/www.webdo.tn\/fr\/wp-json\/wp\/v2\/types\/post"}],"author":[{"embeddable":true,"href":"https:\/\/www.webdo.tn\/fr\/wp-json\/wp\/v2\/users\/3222"}],"replies":[{"embeddable":true,"href":"https:\/\/www.webdo.tn\/fr\/wp-json\/wp\/v2\/comments?post=180061"}],"version-history":[{"count":0,"href":"https:\/\/www.webdo.tn\/fr\/wp-json\/wp\/v2\/posts\/180061\/revisions"}],"wp:featuredmedia":[{"embeddable":true,"href":"https:\/\/www.webdo.tn\/fr\/wp-json\/wp\/v2\/media\/335162"}],"wp:attachment":[{"href":"https:\/\/www.webdo.tn\/fr\/wp-json\/wp\/v2\/media?parent=180061"}],"wp:term":[{"taxonomy":"category","embeddable":true,"href":"https:\/\/www.webdo.tn\/fr\/wp-json\/wp\/v2\/categories?post=180061"},{"taxonomy":"post_tag","embeddable":true,"href":"https:\/\/www.webdo.tn\/fr\/wp-json\/wp\/v2\/tags?post=180061"}],"curies":[{"name":"wp","href":"https:\/\/api.w.org\/{rel}","templated":true}]}}