{"id":180060,"date":"2014-10-23T12:46:00","date_gmt":"2014-10-23T12:46:00","guid":{"rendered":"https:\/\/www.webdo.tn\/fr\/blog\/live-blogging-maison-oued-ellil-presumes-terroristes-encerclee-les-forces-lordre\/180060\/"},"modified":"2025-05-22T13:22:41","modified_gmt":"2025-05-22T13:22:41","slug":"live-blogging-maison-oued-ellil-presumes-terroristes-encerclee-les-forces-lordre","status":"publish","type":"post","link":"https:\/\/www.webdo.tn\/fr\/actualite\/terrorisme\/live-blogging-maison-oued-ellil-presumes-terroristes-encerclee-les-forces-lordre\/180060\/","title":{"rendered":"Live blogging : Op\u00e9ration Oued Ellil"},"content":{"rendered":"<p>Jeudi 23 octobre 2014 : Deux de nos journalistes, Maher Chaabane et Meriem Bribri, sont \u00e0 Oued Ellil \u00e0 la Mannouba (\u00e0 5,5 km de Tunis) pour couvrir l&rsquo;op\u00e9ration men\u00e9e par les forces de l&rsquo;ordre, entre autres les forces sp\u00e9ciales et commandos de la Garde nationale.<br \/>\n |11h23<br \/>\nLe porte-parole du minist\u00e8re de l&rsquo;Int\u00e9rieur Mohamed Ali Laroui a d\u00e9clar\u00e9 ce matin du vendredi 24 octobre sur la radio Jawhara FM que 5 femmes et un homme d\u00e9nomm\u00e9 Ali ont \u00e9t\u00e9 tu\u00e9s. Un deuxi\u00e8me homme, Houssem, a \u00e9t\u00e9 bless\u00e9 et transf\u00e9r\u00e9 \u00e0 l&rsquo;h\u00f4pital. Une femme a \u00e9t\u00e9 bless\u00e9e \u00e0 l&rsquo;\u00e9paule et les deux enfants qui \u00e9taient avec eux ont \u00e9t\u00e9 sauv\u00e9s.<br \/>\nD&rsquo;apr\u00e8s Laroui, l&rsquo;op\u00e9ration a dur\u00e9 entre 26 et 27 heures. Les n\u00e9gociations se sont poursuivies jusqu&rsquo;\u00e0 2 h du matin et ont repris de nouveau \u00e0 7 h, a-t-il pr\u00e9cis\u00e9. Les forces sp\u00e9ciales de la Garde nationale se sont rapproch\u00e9es de la maison, plus pr\u00e9cis\u00e9ment de la cuisine, o\u00f9 s&rsquo;\u00e9taient rassembl\u00e9s les pr\u00e9sum\u00e9s terroristes.<br \/>\nSelon Mohamed Ali Laroui, \u00ab\u00a0l&rsquo;essentiel \u00e9tait de sauver surtout les enfants\u00a0\u00bb. \u00ab\u00a0Nous avons ramen\u00e9 la m\u00e8re de Houssem et nous avons m\u00eame ramen\u00e9 El Hechmi El-Mdini, qu&rsquo;on avait arr\u00eat\u00e9 \u00e0 Kebili, pour n\u00e9gocier avec eux, sachant que les enfants sont ceux de monsieur Mdini. Mais les pr\u00e9sum\u00e9s terroristes ont trait\u00e9 El-Mdini de &lsquo;kafer&rsquo; \u00ab\u00a0, a-t-il d\u00e9clar\u00e9.<br \/>\nLe porte-parole du minist\u00e8re de l&rsquo;Int\u00e9rieur a \u00e9galement rapport\u00e9 sur la radio que l&rsquo;une des femmes est sortie de la cuisine et a tir\u00e9 sur les forces sp\u00e9ciales de la Garde nationale en tenant un enfant avec elle.<br \/>\n|11h00\u00a0<br \/>\nD&rsquo;apr\u00e8s une voisine, l&rsquo;un des pr\u00e9sum\u00e9s terroristes, d\u00e9nomm\u00e9 Aymen a \u00e9t\u00e9 tu\u00e9, le deuxi\u00e8me Houssem a \u00e9t\u00e9 bless\u00e9. L&rsquo;un des deux enfants, Amal et Mokdad, a \u00e9t\u00e9 bless\u00e9, et \u00a0deux femmes sont bless\u00e9s, l&rsquo;une dans la t\u00eate et l&rsquo;autre \u00e0 l&rsquo;\u00e9paule.<br \/>\nTrois ambulances sont arriv\u00e9es au quartier.<br \/>\n|10h00<br \/>\nReprise des tirs en rafales ce matin pendant quelques secondes et puis \u00e7a devient silencieux.| 9h47 _ Vendredi 24 octobre 2014 N. R., un voisin, signale que l&rsquo;assaut a \u00e9t\u00e9 lanc\u00e9 contre la maison par les forces de l&rsquo;ordre.<br \/>\n|23h18<br \/>\nN. R., voisin de la maison encercl\u00e9e, signale une \u00ab\u00a0grosse explosion\u00a0\u00bb mais il n&rsquo;y a pas encore d&rsquo;assaut selon lui.|22h41<br \/>\nUne voisine habitant \u00e0 30 m\u00e8tres de la maison encercl\u00e9e \u00e0 Oued Ellil nous informe que les forces de s\u00e9curit\u00e9 ont forc\u00e9 l&rsquo;entr\u00e9e du domicile o\u00f9 sont retranch\u00e9s les pr\u00e9sum\u00e9s terroristes. \u00ab\u00a0Nous avons entendu une explosion, et apparemment ils ont fait exploser la porte d&rsquo;entr\u00e9e principale, celle du jardin\u00a0\u00bb, nous raconte-t-elle.<br \/>\n|22h26<br \/>\n\u00ab\u00a0La maison est jusqu&rsquo;\u00e0 maintenant encercl\u00e9e par les forces de s\u00e9curit\u00e9, a indiqu\u00e9 le porte-parole du minist\u00e8re de l&rsquo;Int\u00e9rieur Mohamed Ali Laroui sur Mosa\u00efque FM. Il est certain que les terroristes ne veulent pas lib\u00e9rer les femmes et les enfants, nous sommes en train de faire les n\u00e9gociations n\u00e9cessaires pour cela, et les forces de l&rsquo;ordre pourront ensuite intervenir.\u00a0\u00bb<br \/>\n| 21h30Le minist\u00e8re de l&rsquo;Int\u00e9rieur a publi\u00e9 un communiqu\u00e9 pour pr\u00e9senter ses condol\u00e9ances \u00e0 la famille du caporal de la Garde nationale Achraf Ben Aziza, tu\u00e9 aujourd&rsquo;hui lors de l&rsquo;assaut.<br \/>\n|17h44<br \/>\nN. R., qui habite \u00e0 Oued Ellil, \u00e0 30 m\u00e8tres de la maison encercl\u00e9e, informe que le gaz, l&rsquo;eau et l&rsquo;\u00e9lectricit\u00e9 ont \u00e9t\u00e9 coup\u00e9s dans tout le quartier. Il raconte \u00e9galement que les gardes nationaux lui ont demand\u00e9 l&rsquo;acc\u00e8s \u00e0 son toit \u00ab\u00a0pour assurer leurs arri\u00e8res\u00a0\u00bb.<br \/>\n|17h27<br \/>\nNous avons contact\u00e9 Mohamed Ali Laroui, le porte-parole du minist\u00e8re de l&rsquo;Int\u00e9rieur, qui nous a d\u00e9clar\u00e9 qu&rsquo;il \u00e9tait \u00ab\u00a0possible\u00a0\u00bb que les personnes encercl\u00e9es dans la maison aient avec eux des ceintures d&rsquo;explosifs, sans pouvoir nous confirmer avec certitude l&rsquo;information. \u00ab\u00a0Tout est possible, l&rsquo;op\u00e9ration est toujours en cours et la situation n&rsquo;a pas progress\u00e9\u00a0\u00bb, a-t-il ajout\u00e9.<\/p>\n<p>|13h45\u00a0Les forces de l&rsquo;ordre viennent d&rsquo;\u00e9vacuer les maisons de la rue Abou Obaid Al Nabli Ibn Al Habhab, o\u00f9 se trouve la maison des pr\u00e9sum\u00e9s\u00a0terroristes. Les voisins sont loin des tirs maintenant.<br \/>\n|13h28\u00a0<br \/>\nUne dizaine de tirs. Nous ne savons pas d&rsquo;o\u00f9 est-ce qu&rsquo;ils proviennent. Entre temps, les minist\u00e8res de l&rsquo;Int\u00e9rieur et de la D\u00e9fense organisent un point de presse.<\/p>\n<p>|13h08\u00a0Ali La\u00e2rayadh, secr\u00e9taire g\u00e9n\u00e9ral et t\u00eate de liste de Tunis 1 du parti Ennahdha, avait un meeting ce soir \u00e0 la salle de f\u00eate pr\u00e8s du caf\u00e9 Saint Germain \u00e0 Oued Ellil \u00e0 la Mannouba pour sa campagne \u00e9lectorale. Des rumeurs disent que c&rsquo;est lui qui \u00e9tait vis\u00e9. Cependant, d&rsquo;apr\u00e8s N. R, les pr\u00e9sum\u00e9s terroristes ont lou\u00e9 la maison, rue Abou Obaid Al Nabli Ibn Habhab depuis deux mois, ce qui \u00e9liminerait la probabilit\u00e9 que Laarayadh soit vis\u00e9. A c\u00f4t\u00e9 de la maison des terroristes, une professeure habite avec sa fille, portant le niqab, et son mari. Ce dernier aurait \u00e9t\u00e9 arr\u00eat\u00e9 depuis une semaine. Par ailleurs, l&#8217;emplacement des pr\u00e9sum\u00e9s terroristes \u00e0 Oued Ellil a \u00e9t\u00e9 d\u00e9couvert gr\u00e2ce \u00e0 l&rsquo;op\u00e9ration de Kebili, d&rsquo;apr\u00e8s Mohamed Ali Laroui, porte-parole du minist\u00e8re de l&rsquo;Int\u00e9rieur, d&rsquo;o\u00f9 la descente \u00e0 l&rsquo;aube ce jeudi chez eux.<br \/>\n|12h37 :<br \/>\nL&rsquo;agent de la garde nationale qui a \u00e9t\u00e9 tu\u00e9 ce matin par des pr\u00e9sum\u00e9s terroristes serait le caporal des Forces sp\u00e9ciales de la GN Achref Ben Aziza.<br \/>\n|12h16 :<br \/>\nPlus d&rsquo;une 20 de tirs en rafales depuis ce matin. Notre journaliste @MaherC28 sur place nous informe qu&rsquo;il y a eu une 10 de tirs \u00e0 l&rsquo;instant. Un n\u00e9gociateur tente de persuader les terroristes de se rendre.<br \/>\n|11h46 :\u00a0<br \/>\nLes pr\u00e9sum\u00e9s terroristes ripostent en tir face \u00e0 l&rsquo;appel des forces de l&rsquo;ordre et aux supplications de la m\u00e8re de l&rsquo;un d&rsquo;eux d\u00e9nomm\u00e9 Houssem. 11h 30 Les nouveaux locataires de cette maison sont \u00ab\u00a0deux hommes, une femme et deux enfants\u00a0\u00bb, raconte-t-il. D&rsquo;apr\u00e8s les appels des forces de l&rsquo;ordre dans un m\u00e9gaphone, la femme s&rsquo;appelle Asma et les deux enfants Mokdad et Amal. D&rsquo;apr\u00e8s ce voisin, il y a eu des \u00e9changes de tirs en rafale plus d&rsquo;une vingtaine de fois, parfois pendant quelques secondes, parfois sur une dur\u00e9e de plusieurs minutes.<br \/>\n|11h :<br \/>\nOued Ellil : Les forces de l\u2019ordre appellent les pr\u00e9sum\u00e9s terroristes \u00e0 faire sortir les enfants\u00a0:\u00a0Les nouveaux locataires de cette maison sont \u00ab\u00a0deux hommes, une femme et deux enfants\u00a0\u00bb, raconte-t-il. D&rsquo;apr\u00e8s les appels des forces de l&rsquo;ordre dans un m\u00e9gaphone, la femme s&rsquo;appelle Asma et les deux enfants Mokdad et Amal.Plus de d\u00e9tails, cliquez ici<\/p>\n","protected":false},"excerpt":{"rendered":"<p>Live blogging : Op\u00e9ration Oued Ellil <\/p>\n","protected":false},"author":3222,"featured_media":375179,"comment_status":"open","ping_status":"closed","sticky":false,"template":"","format":"standard","meta":{"footnotes":""},"categories":[11342],"tags":[],"class_list":["post-180060","post","type-post","status-publish","format-standard","has-post-thumbnail","hentry","category-terrorisme"],"yoast_head":"<!-- This site is optimized with the Yoast SEO Premium plugin v27.5 (Yoast SEO v27.5) - https:\/\/yoast.com\/product\/yoast-seo-premium-wordpress\/ -->\n<title>Live blogging : Op\u00e9ration Oued Ellil<\/title>\n<meta name=\"description\" content=\"Live blogging : Op\u00e9ration Oued Ellil\" \/>\n<link rel=\"canonical\" href=\"https:\/\/www.webdo.tn\/fr\/actualite\/terrorisme\/live-blogging-maison-oued-ellil-presumes-terroristes-encerclee-les-forces-lordre\/180060\/\" \/>\n<meta property=\"og:locale\" content=\"fr_FR\" \/>\n<meta property=\"og:type\" content=\"article\" \/>\n<meta property=\"og:title\" content=\"Live blogging : Op\u00e9ration Oued Ellil\" \/>\n<meta property=\"og:description\" content=\"Live blogging : Op\u00e9ration Oued Ellil\" \/>\n<meta property=\"og:url\" content=\"https:\/\/www.webdo.tn\/fr\/actualite\/terrorisme\/live-blogging-maison-oued-ellil-presumes-terroristes-encerclee-les-forces-lordre\/180060\/\" \/>\n<meta property=\"og:site_name\" content=\"webdo\" \/>\n<meta property=\"article:publisher\" content=\"https:\/\/www.facebook.com\/webdotn\" \/>\n<meta property=\"article:published_time\" content=\"2014-10-23T12:46:00+00:00\" \/>\n<meta property=\"article:modified_time\" content=\"2025-05-22T13:22:41+00:00\" \/>\n<meta property=\"og:image\" content=\"https:\/\/www.webdo.tn\/fr\/wp-content\/uploads\/2025\/06\/Capture-decran-2014-10-23-a-13.53.55_180060.png\" \/>\n\t<meta property=\"og:image:width\" content=\"567\" \/>\n\t<meta property=\"og:image:height\" content=\"256\" \/>\n\t<meta property=\"og:image:type\" content=\"image\/png\" \/>\n<meta name=\"author\" content=\"webdo.tn\" \/>\n<meta name=\"twitter:card\" content=\"summary_large_image\" \/>\n<meta name=\"twitter:creator\" content=\"@webdo_tn\" \/>\n<meta name=\"twitter:site\" content=\"@webdo_tn\" \/>\n<meta name=\"twitter:label1\" content=\"\u00c9crit par\" \/>\n\t<meta name=\"twitter:data1\" content=\"webdo.tn\" \/>\n\t<meta name=\"twitter:label2\" content=\"Dur\u00e9e de lecture estim\u00e9e\" \/>\n\t<meta name=\"twitter:data2\" content=\"6 minutes\" \/>\n<script type=\"application\/ld+json\" class=\"yoast-schema-graph\">{\"@context\":\"https:\\\/\\\/schema.org\",\"@graph\":[{\"@type\":\"NewsArticle\",\"@id\":\"https:\\\/\\\/www.webdo.tn\\\/fr\\\/actualite\\\/terrorisme\\\/live-blogging-maison-oued-ellil-presumes-terroristes-encerclee-les-forces-lordre\\\/180060\\\/#article\",\"isPartOf\":{\"@id\":\"https:\\\/\\\/www.webdo.tn\\\/fr\\\/actualite\\\/terrorisme\\\/live-blogging-maison-oued-ellil-presumes-terroristes-encerclee-les-forces-lordre\\\/180060\\\/\"},\"author\":{\"name\":\"webdo.tn\",\"@id\":\"https:\\\/\\\/www.webdo.tn\\\/fr\\\/#\\\/schema\\\/person\\\/9a9c6118d687c117df8ef3cc36a4d175\"},\"headline\":\"Live blogging : Op\u00e9ration Oued Ellil\",\"datePublished\":\"2014-10-23T12:46:00+00:00\",\"dateModified\":\"2025-05-22T13:22:41+00:00\",\"mainEntityOfPage\":{\"@id\":\"https:\\\/\\\/www.webdo.tn\\\/fr\\\/actualite\\\/terrorisme\\\/live-blogging-maison-oued-ellil-presumes-terroristes-encerclee-les-forces-lordre\\\/180060\\\/\"},\"wordCount\":1175,\"commentCount\":0,\"publisher\":{\"@id\":\"https:\\\/\\\/www.webdo.tn\\\/fr\\\/#organization\"},\"image\":{\"@id\":\"https:\\\/\\\/www.webdo.tn\\\/fr\\\/actualite\\\/terrorisme\\\/live-blogging-maison-oued-ellil-presumes-terroristes-encerclee-les-forces-lordre\\\/180060\\\/#primaryimage\"},\"thumbnailUrl\":\"https:\\\/\\\/www.webdo.tn\\\/fr\\\/wp-content\\\/uploads\\\/2025\\\/06\\\/Capture-decran-2014-10-23-a-13.53.55_180060.png\",\"articleSection\":[\"Terrorisme\"],\"inLanguage\":\"fr-FR\"},{\"@type\":\"WebPage\",\"@id\":\"https:\\\/\\\/www.webdo.tn\\\/fr\\\/actualite\\\/terrorisme\\\/live-blogging-maison-oued-ellil-presumes-terroristes-encerclee-les-forces-lordre\\\/180060\\\/\",\"url\":\"https:\\\/\\\/www.webdo.tn\\\/fr\\\/actualite\\\/terrorisme\\\/live-blogging-maison-oued-ellil-presumes-terroristes-encerclee-les-forces-lordre\\\/180060\\\/\",\"name\":\"Live blogging : Op\u00e9ration Oued Ellil\",\"isPartOf\":{\"@id\":\"https:\\\/\\\/www.webdo.tn\\\/fr\\\/#website\"},\"primaryImageOfPage\":{\"@id\":\"https:\\\/\\\/www.webdo.tn\\\/fr\\\/actualite\\\/terrorisme\\\/live-blogging-maison-oued-ellil-presumes-terroristes-encerclee-les-forces-lordre\\\/180060\\\/#primaryimage\"},\"image\":{\"@id\":\"https:\\\/\\\/www.webdo.tn\\\/fr\\\/actualite\\\/terrorisme\\\/live-blogging-maison-oued-ellil-presumes-terroristes-encerclee-les-forces-lordre\\\/180060\\\/#primaryimage\"},\"thumbnailUrl\":\"https:\\\/\\\/www.webdo.tn\\\/fr\\\/wp-content\\\/uploads\\\/2025\\\/06\\\/Capture-decran-2014-10-23-a-13.53.55_180060.png\",\"datePublished\":\"2014-10-23T12:46:00+00:00\",\"dateModified\":\"2025-05-22T13:22:41+00:00\",\"description\":\"Live blogging : Op\u00e9ration Oued Ellil\",\"breadcrumb\":{\"@id\":\"https:\\\/\\\/www.webdo.tn\\\/fr\\\/actualite\\\/terrorisme\\\/live-blogging-maison-oued-ellil-presumes-terroristes-encerclee-les-forces-lordre\\\/180060\\\/#breadcrumb\"},\"inLanguage\":\"fr-FR\",\"potentialAction\":[{\"@type\":\"ReadAction\",\"target\":[\"https:\\\/\\\/www.webdo.tn\\\/fr\\\/actualite\\\/terrorisme\\\/live-blogging-maison-oued-ellil-presumes-terroristes-encerclee-les-forces-lordre\\\/180060\\\/\"]}]},{\"@type\":\"ImageObject\",\"inLanguage\":\"fr-FR\",\"@id\":\"https:\\\/\\\/www.webdo.tn\\\/fr\\\/actualite\\\/terrorisme\\\/live-blogging-maison-oued-ellil-presumes-terroristes-encerclee-les-forces-lordre\\\/180060\\\/#primaryimage\",\"url\":\"https:\\\/\\\/www.webdo.tn\\\/fr\\\/wp-content\\\/uploads\\\/2025\\\/06\\\/Capture-decran-2014-10-23-a-13.53.55_180060.png\",\"contentUrl\":\"https:\\\/\\\/www.webdo.tn\\\/fr\\\/wp-content\\\/uploads\\\/2025\\\/06\\\/Capture-decran-2014-10-23-a-13.53.55_180060.png\",\"width\":567,\"height\":256,\"caption\":\"Live blogging : Op\u00e9ration Oued Ellil\"},{\"@type\":\"BreadcrumbList\",\"@id\":\"https:\\\/\\\/www.webdo.tn\\\/fr\\\/actualite\\\/terrorisme\\\/live-blogging-maison-oued-ellil-presumes-terroristes-encerclee-les-forces-lordre\\\/180060\\\/#breadcrumb\",\"itemListElement\":[{\"@type\":\"ListItem\",\"position\":1,\"name\":\"Accueil\",\"item\":\"https:\\\/\\\/www.webdo.tn\\\/fr\\\/\"},{\"@type\":\"ListItem\",\"position\":2,\"name\":\"Live blogging : Op\u00e9ration Oued Ellil\"}]},{\"@type\":\"WebSite\",\"@id\":\"https:\\\/\\\/www.webdo.tn\\\/fr\\\/#website\",\"url\":\"https:\\\/\\\/www.webdo.tn\\\/fr\\\/\",\"name\":\"webdo\",\"description\":\"Tunisie - News en Tunisie et \u00e0 l&#039;international sur Webdo.tn\",\"publisher\":{\"@id\":\"https:\\\/\\\/www.webdo.tn\\\/fr\\\/#organization\"},\"potentialAction\":[{\"@type\":\"SearchAction\",\"target\":{\"@type\":\"EntryPoint\",\"urlTemplate\":\"https:\\\/\\\/www.webdo.tn\\\/fr\\\/?s={search_term_string}\"},\"query-input\":{\"@type\":\"PropertyValueSpecification\",\"valueRequired\":true,\"valueName\":\"search_term_string\"}}],\"inLanguage\":\"fr-FR\"},{\"@type\":\"Organization\",\"@id\":\"https:\\\/\\\/www.webdo.tn\\\/fr\\\/#organization\",\"name\":\"Webdo\",\"alternateName\":\"Webdo.tn\",\"url\":\"https:\\\/\\\/www.webdo.tn\\\/fr\\\/\",\"logo\":{\"@type\":\"ImageObject\",\"inLanguage\":\"fr-FR\",\"@id\":\"https:\\\/\\\/www.webdo.tn\\\/fr\\\/#\\\/schema\\\/logo\\\/image\\\/\",\"url\":\"https:\\\/\\\/www.webdo.tn\\\/fr\\\/wp-content\\\/uploads\\\/2025\\\/06\\\/Webdo-Tunisie_168377.jpg\",\"contentUrl\":\"https:\\\/\\\/www.webdo.tn\\\/fr\\\/wp-content\\\/uploads\\\/2025\\\/06\\\/Webdo-Tunisie_168377.jpg\",\"width\":301,\"height\":301,\"caption\":\"Webdo\"},\"image\":{\"@id\":\"https:\\\/\\\/www.webdo.tn\\\/fr\\\/#\\\/schema\\\/logo\\\/image\\\/\"},\"sameAs\":[\"https:\\\/\\\/www.facebook.com\\\/webdotn\",\"https:\\\/\\\/x.com\\\/webdo_tn\"],\"description\":\"Webdo est un m\u00e9dia num\u00e9rique tunisien fond\u00e9 en 2010, sp\u00e9cialis\u00e9 dans l\u2019actualit\u00e9 nationale et internationale, l\u2019\u00e9conomie, la soci\u00e9t\u00e9 et les analyses politiques. Le site s\u2019adresse \u00e0 un large public francophone et couvre l\u2019information tunisienne en temps r\u00e9el.\",\"email\":\"redac@webdo.tn\",\"legalName\":\"YNJ SARL\",\"foundingDate\":\"2010-09-06\",\"numberOfEmployees\":{\"@type\":\"QuantitativeValue\",\"minValue\":\"11\",\"maxValue\":\"50\"}},{\"@type\":\"Person\",\"@id\":\"https:\\\/\\\/www.webdo.tn\\\/fr\\\/#\\\/schema\\\/person\\\/9a9c6118d687c117df8ef3cc36a4d175\",\"name\":\"webdo.tn\",\"image\":{\"@type\":\"ImageObject\",\"inLanguage\":\"fr-FR\",\"@id\":\"https:\\\/\\\/secure.gravatar.com\\\/avatar\\\/7ce1f28c0c3bbac99ff550b85ef8e44a6950c6ee24514fb6a5489e51d06f0298?s=96&d=mm&r=g\",\"url\":\"https:\\\/\\\/secure.gravatar.com\\\/avatar\\\/7ce1f28c0c3bbac99ff550b85ef8e44a6950c6ee24514fb6a5489e51d06f0298?s=96&d=mm&r=g\",\"contentUrl\":\"https:\\\/\\\/secure.gravatar.com\\\/avatar\\\/7ce1f28c0c3bbac99ff550b85ef8e44a6950c6ee24514fb6a5489e51d06f0298?s=96&d=mm&r=g\",\"caption\":\"webdo.tn\"},\"url\":\"https:\\\/\\\/www.webdo.tn\\\/fr\\\/actualite\\\/author\\\/webdotn\\\/\"}]}<\/script>\n<!-- \/ Yoast SEO Premium plugin. -->","yoast_head_json":{"title":"Live blogging : Op\u00e9ration Oued Ellil","description":"Live blogging : Op\u00e9ration Oued Ellil","canonical":"https:\/\/www.webdo.tn\/fr\/actualite\/terrorisme\/live-blogging-maison-oued-ellil-presumes-terroristes-encerclee-les-forces-lordre\/180060\/","og_locale":"fr_FR","og_type":"article","og_title":"Live blogging : Op\u00e9ration Oued Ellil","og_description":"Live blogging : Op\u00e9ration Oued Ellil","og_url":"https:\/\/www.webdo.tn\/fr\/actualite\/terrorisme\/live-blogging-maison-oued-ellil-presumes-terroristes-encerclee-les-forces-lordre\/180060\/","og_site_name":"webdo","article_publisher":"https:\/\/www.facebook.com\/webdotn","article_published_time":"2014-10-23T12:46:00+00:00","article_modified_time":"2025-05-22T13:22:41+00:00","og_image":[{"width":567,"height":256,"url":"https:\/\/www.webdo.tn\/fr\/wp-content\/uploads\/2025\/06\/Capture-decran-2014-10-23-a-13.53.55_180060.png","type":"image\/png"}],"author":"webdo.tn","twitter_card":"summary_large_image","twitter_creator":"@webdo_tn","twitter_site":"@webdo_tn","twitter_misc":{"\u00c9crit par":"webdo.tn","Dur\u00e9e de lecture estim\u00e9e":"6 minutes"},"schema":{"@context":"https:\/\/schema.org","@graph":[{"@type":"NewsArticle","@id":"https:\/\/www.webdo.tn\/fr\/actualite\/terrorisme\/live-blogging-maison-oued-ellil-presumes-terroristes-encerclee-les-forces-lordre\/180060\/#article","isPartOf":{"@id":"https:\/\/www.webdo.tn\/fr\/actualite\/terrorisme\/live-blogging-maison-oued-ellil-presumes-terroristes-encerclee-les-forces-lordre\/180060\/"},"author":{"name":"webdo.tn","@id":"https:\/\/www.webdo.tn\/fr\/#\/schema\/person\/9a9c6118d687c117df8ef3cc36a4d175"},"headline":"Live blogging : Op\u00e9ration Oued Ellil","datePublished":"2014-10-23T12:46:00+00:00","dateModified":"2025-05-22T13:22:41+00:00","mainEntityOfPage":{"@id":"https:\/\/www.webdo.tn\/fr\/actualite\/terrorisme\/live-blogging-maison-oued-ellil-presumes-terroristes-encerclee-les-forces-lordre\/180060\/"},"wordCount":1175,"commentCount":0,"publisher":{"@id":"https:\/\/www.webdo.tn\/fr\/#organization"},"image":{"@id":"https:\/\/www.webdo.tn\/fr\/actualite\/terrorisme\/live-blogging-maison-oued-ellil-presumes-terroristes-encerclee-les-forces-lordre\/180060\/#primaryimage"},"thumbnailUrl":"https:\/\/www.webdo.tn\/fr\/wp-content\/uploads\/2025\/06\/Capture-decran-2014-10-23-a-13.53.55_180060.png","articleSection":["Terrorisme"],"inLanguage":"fr-FR"},{"@type":"WebPage","@id":"https:\/\/www.webdo.tn\/fr\/actualite\/terrorisme\/live-blogging-maison-oued-ellil-presumes-terroristes-encerclee-les-forces-lordre\/180060\/","url":"https:\/\/www.webdo.tn\/fr\/actualite\/terrorisme\/live-blogging-maison-oued-ellil-presumes-terroristes-encerclee-les-forces-lordre\/180060\/","name":"Live blogging : Op\u00e9ration Oued Ellil","isPartOf":{"@id":"https:\/\/www.webdo.tn\/fr\/#website"},"primaryImageOfPage":{"@id":"https:\/\/www.webdo.tn\/fr\/actualite\/terrorisme\/live-blogging-maison-oued-ellil-presumes-terroristes-encerclee-les-forces-lordre\/180060\/#primaryimage"},"image":{"@id":"https:\/\/www.webdo.tn\/fr\/actualite\/terrorisme\/live-blogging-maison-oued-ellil-presumes-terroristes-encerclee-les-forces-lordre\/180060\/#primaryimage"},"thumbnailUrl":"https:\/\/www.webdo.tn\/fr\/wp-content\/uploads\/2025\/06\/Capture-decran-2014-10-23-a-13.53.55_180060.png","datePublished":"2014-10-23T12:46:00+00:00","dateModified":"2025-05-22T13:22:41+00:00","description":"Live blogging : Op\u00e9ration Oued Ellil","breadcrumb":{"@id":"https:\/\/www.webdo.tn\/fr\/actualite\/terrorisme\/live-blogging-maison-oued-ellil-presumes-terroristes-encerclee-les-forces-lordre\/180060\/#breadcrumb"},"inLanguage":"fr-FR","potentialAction":[{"@type":"ReadAction","target":["https:\/\/www.webdo.tn\/fr\/actualite\/terrorisme\/live-blogging-maison-oued-ellil-presumes-terroristes-encerclee-les-forces-lordre\/180060\/"]}]},{"@type":"ImageObject","inLanguage":"fr-FR","@id":"https:\/\/www.webdo.tn\/fr\/actualite\/terrorisme\/live-blogging-maison-oued-ellil-presumes-terroristes-encerclee-les-forces-lordre\/180060\/#primaryimage","url":"https:\/\/www.webdo.tn\/fr\/wp-content\/uploads\/2025\/06\/Capture-decran-2014-10-23-a-13.53.55_180060.png","contentUrl":"https:\/\/www.webdo.tn\/fr\/wp-content\/uploads\/2025\/06\/Capture-decran-2014-10-23-a-13.53.55_180060.png","width":567,"height":256,"caption":"Live blogging : Op\u00e9ration Oued Ellil"},{"@type":"BreadcrumbList","@id":"https:\/\/www.webdo.tn\/fr\/actualite\/terrorisme\/live-blogging-maison-oued-ellil-presumes-terroristes-encerclee-les-forces-lordre\/180060\/#breadcrumb","itemListElement":[{"@type":"ListItem","position":1,"name":"Accueil","item":"https:\/\/www.webdo.tn\/fr\/"},{"@type":"ListItem","position":2,"name":"Live blogging : Op\u00e9ration Oued Ellil"}]},{"@type":"WebSite","@id":"https:\/\/www.webdo.tn\/fr\/#website","url":"https:\/\/www.webdo.tn\/fr\/","name":"webdo","description":"Tunisie - News en Tunisie et \u00e0 l&#039;international sur Webdo.tn","publisher":{"@id":"https:\/\/www.webdo.tn\/fr\/#organization"},"potentialAction":[{"@type":"SearchAction","target":{"@type":"EntryPoint","urlTemplate":"https:\/\/www.webdo.tn\/fr\/?s={search_term_string}"},"query-input":{"@type":"PropertyValueSpecification","valueRequired":true,"valueName":"search_term_string"}}],"inLanguage":"fr-FR"},{"@type":"Organization","@id":"https:\/\/www.webdo.tn\/fr\/#organization","name":"Webdo","alternateName":"Webdo.tn","url":"https:\/\/www.webdo.tn\/fr\/","logo":{"@type":"ImageObject","inLanguage":"fr-FR","@id":"https:\/\/www.webdo.tn\/fr\/#\/schema\/logo\/image\/","url":"https:\/\/www.webdo.tn\/fr\/wp-content\/uploads\/2025\/06\/Webdo-Tunisie_168377.jpg","contentUrl":"https:\/\/www.webdo.tn\/fr\/wp-content\/uploads\/2025\/06\/Webdo-Tunisie_168377.jpg","width":301,"height":301,"caption":"Webdo"},"image":{"@id":"https:\/\/www.webdo.tn\/fr\/#\/schema\/logo\/image\/"},"sameAs":["https:\/\/www.facebook.com\/webdotn","https:\/\/x.com\/webdo_tn"],"description":"Webdo est un m\u00e9dia num\u00e9rique tunisien fond\u00e9 en 2010, sp\u00e9cialis\u00e9 dans l\u2019actualit\u00e9 nationale et internationale, l\u2019\u00e9conomie, la soci\u00e9t\u00e9 et les analyses politiques. Le site s\u2019adresse \u00e0 un large public francophone et couvre l\u2019information tunisienne en temps r\u00e9el.","email":"redac@webdo.tn","legalName":"YNJ SARL","foundingDate":"2010-09-06","numberOfEmployees":{"@type":"QuantitativeValue","minValue":"11","maxValue":"50"}},{"@type":"Person","@id":"https:\/\/www.webdo.tn\/fr\/#\/schema\/person\/9a9c6118d687c117df8ef3cc36a4d175","name":"webdo.tn","image":{"@type":"ImageObject","inLanguage":"fr-FR","@id":"https:\/\/secure.gravatar.com\/avatar\/7ce1f28c0c3bbac99ff550b85ef8e44a6950c6ee24514fb6a5489e51d06f0298?s=96&d=mm&r=g","url":"https:\/\/secure.gravatar.com\/avatar\/7ce1f28c0c3bbac99ff550b85ef8e44a6950c6ee24514fb6a5489e51d06f0298?s=96&d=mm&r=g","contentUrl":"https:\/\/secure.gravatar.com\/avatar\/7ce1f28c0c3bbac99ff550b85ef8e44a6950c6ee24514fb6a5489e51d06f0298?s=96&d=mm&r=g","caption":"webdo.tn"},"url":"https:\/\/www.webdo.tn\/fr\/actualite\/author\/webdotn\/"}]}},"_links":{"self":[{"href":"https:\/\/www.webdo.tn\/fr\/wp-json\/wp\/v2\/posts\/180060","targetHints":{"allow":["GET"]}}],"collection":[{"href":"https:\/\/www.webdo.tn\/fr\/wp-json\/wp\/v2\/posts"}],"about":[{"href":"https:\/\/www.webdo.tn\/fr\/wp-json\/wp\/v2\/types\/post"}],"author":[{"embeddable":true,"href":"https:\/\/www.webdo.tn\/fr\/wp-json\/wp\/v2\/users\/3222"}],"replies":[{"embeddable":true,"href":"https:\/\/www.webdo.tn\/fr\/wp-json\/wp\/v2\/comments?post=180060"}],"version-history":[{"count":0,"href":"https:\/\/www.webdo.tn\/fr\/wp-json\/wp\/v2\/posts\/180060\/revisions"}],"wp:featuredmedia":[{"embeddable":true,"href":"https:\/\/www.webdo.tn\/fr\/wp-json\/wp\/v2\/media\/375179"}],"wp:attachment":[{"href":"https:\/\/www.webdo.tn\/fr\/wp-json\/wp\/v2\/media?parent=180060"}],"wp:term":[{"taxonomy":"category","embeddable":true,"href":"https:\/\/www.webdo.tn\/fr\/wp-json\/wp\/v2\/categories?post=180060"},{"taxonomy":"post_tag","embeddable":true,"href":"https:\/\/www.webdo.tn\/fr\/wp-json\/wp\/v2\/tags?post=180060"}],"curies":[{"name":"wp","href":"https:\/\/api.w.org\/{rel}","templated":true}]}}