{"id":180059,"date":"2014-10-23T14:10:00","date_gmt":"2014-10-23T14:10:00","guid":{"rendered":"https:\/\/www.webdo.tn\/fr\/blog\/deux-soldats-blesses-explosion-mine-sakiet-sidi-youssef-kef\/180059\/"},"modified":"2025-05-22T13:22:44","modified_gmt":"2025-05-22T13:22:44","slug":"deux-soldats-blesses-explosion-mine-sakiet-sidi-youssef-kef","status":"publish","type":"post","link":"https:\/\/www.webdo.tn\/fr\/actualite\/terrorisme\/deux-soldats-blesses-explosion-mine-sakiet-sidi-youssef-kef\/180059\/","title":{"rendered":"Deux soldats l\u00e9g\u00e8rement bless\u00e9s lors de l&rsquo;explosion d&rsquo;une mine \u00e0 Sakiet Sidi Youssef (Le Kef)"},"content":{"rendered":"<p>Deux soldats ont \u00e9t\u00e9 l\u00e9g\u00e8rement bless\u00e9s ce jeudi 23 octobre \u00e0 Sakiet Sidi Youssef, pr\u00e8s du Kef, suite \u00e0 l&rsquo;explosion d&rsquo;une mine lors d&rsquo;une op\u00e9ration de ratissage par l&rsquo;arm\u00e9e, nous a d\u00e9clar\u00e9 le lieutenant-colonel Belhassen Oueslati, porte-parole du minist\u00e8re de la D\u00e9fense.<\/p>\n<p>\u00ab\u00a0Ce ne sont que queles \u00e9gratignures, et les deux soldats sont vite retourn\u00e9s au travail\u00a0\u00bb, a-t-il pr\u00e9cis\u00e9.<\/p>\n<p>L&rsquo;accident a eu lieu alors qu&rsquo;une voiture de l&rsquo;arm\u00e9e passait \u00e0 c\u00f4t\u00e9 de la mine, et l&rsquo;explosion a secou\u00e9 la voiture, blessant tr\u00e8s l\u00e9g\u00e8rement les soldats. \u00ab\u00a0Ce n&rsquo;\u00e9tait pas l&rsquo;effet direct de l&rsquo;explosion. Nos voitures ne sont pas vraiment confortables, d&rsquo;o\u00f9 les \u00e9gratignures\u00a0\u00bb, ironise le lieutenant-colonel Belhassen Oueslati, qui ajoute que \u00ab\u00a0dans ces zones l\u00e0, l&rsquo;arm\u00e9e utilise des techniques de conduite sp\u00e9ciales pour \u00e9viter ce genre d&rsquo;accident\u00a0\u00bb.<\/p>\n<p>\u00ab\u00a0\u00c7a arrive tous les jours lors des op\u00e9rations de ratissage, explique le porte-parole du minist\u00e8re de la D\u00e9fense. D\u00e8s qu&rsquo;on est pr\u00e8s des lieux o\u00f9 se r\u00e9fugient les terroristes, on trouve des mines, et on les d\u00e9samorce ou on les fait exploser.\u00a0\u00bb<\/p>\n","protected":false},"excerpt":{"rendered":"<p>Deux soldats l\u00e9g\u00e8rement bless\u00e9s lors de l&rsquo;explosion d&rsquo;une mine \u00e0 Sakiet Sidi Youssef (Le Kef)<\/p>\n","protected":false},"author":3222,"featured_media":335165,"comment_status":"open","ping_status":"closed","sticky":false,"template":"","format":"standard","meta":{"footnotes":""},"categories":[11342],"tags":[],"class_list":["post-180059","post","type-post","status-publish","format-standard","has-post-thumbnail","hentry","category-terrorisme"],"yoast_head":"<!-- This site is optimized with the Yoast SEO Premium plugin v27.5 (Yoast SEO v27.5) - https:\/\/yoast.com\/product\/yoast-seo-premium-wordpress\/ -->\n<title>Deux soldats l\u00e9g\u00e8rement bless\u00e9s lors de l&#039;explosion d&#039;une mine \u00e0 Sakiet Sidi Youssef (Le Kef)<\/title>\n<meta name=\"description\" content=\"Deux soldats l\u00e9g\u00e8rement bless\u00e9s lors de l&#039;explosion d&#039;une mine \u00e0 Sakiet Sidi Youssef (Le Kef)\" \/>\n<link rel=\"canonical\" href=\"https:\/\/www.webdo.tn\/fr\/actualite\/terrorisme\/deux-soldats-blesses-explosion-mine-sakiet-sidi-youssef-kef\/180059\/\" \/>\n<meta property=\"og:locale\" content=\"fr_FR\" \/>\n<meta property=\"og:type\" content=\"article\" \/>\n<meta property=\"og:title\" content=\"Deux soldats l\u00e9g\u00e8rement bless\u00e9s lors de l&#039;explosion d&#039;une mine \u00e0 Sakiet Sidi Youssef (Le Kef)\" \/>\n<meta property=\"og:description\" content=\"Deux soldats l\u00e9g\u00e8rement bless\u00e9s lors de l&#039;explosion d&#039;une mine \u00e0 Sakiet Sidi Youssef (Le Kef)\" \/>\n<meta property=\"og:url\" content=\"https:\/\/www.webdo.tn\/fr\/actualite\/terrorisme\/deux-soldats-blesses-explosion-mine-sakiet-sidi-youssef-kef\/180059\/\" \/>\n<meta property=\"og:site_name\" content=\"webdo\" \/>\n<meta property=\"article:publisher\" content=\"https:\/\/www.facebook.com\/webdotn\" \/>\n<meta property=\"article:published_time\" content=\"2014-10-23T14:10:00+00:00\" \/>\n<meta property=\"article:modified_time\" content=\"2025-05-22T13:22:44+00:00\" \/>\n<meta property=\"og:image\" content=\"https:\/\/www.webdo.tn\/fr\/wp-content\/uploads\/2014\/10\/Le-Kef.jpg\" \/>\n\t<meta property=\"og:image:width\" content=\"235\" \/>\n\t<meta property=\"og:image:height\" content=\"245\" \/>\n\t<meta property=\"og:image:type\" content=\"image\/jpeg\" \/>\n<meta name=\"author\" content=\"webdo.tn\" \/>\n<meta name=\"twitter:card\" content=\"summary_large_image\" \/>\n<meta name=\"twitter:creator\" content=\"@webdo_tn\" \/>\n<meta name=\"twitter:site\" content=\"@webdo_tn\" \/>\n<meta name=\"twitter:label1\" content=\"\u00c9crit par\" \/>\n\t<meta name=\"twitter:data1\" content=\"webdo.tn\" \/>\n\t<meta name=\"twitter:label2\" content=\"Dur\u00e9e de lecture estim\u00e9e\" \/>\n\t<meta name=\"twitter:data2\" content=\"1 minute\" \/>\n<script type=\"application\/ld+json\" class=\"yoast-schema-graph\">{\"@context\":\"https:\\\/\\\/schema.org\",\"@graph\":[{\"@type\":\"NewsArticle\",\"@id\":\"https:\\\/\\\/www.webdo.tn\\\/fr\\\/actualite\\\/terrorisme\\\/deux-soldats-blesses-explosion-mine-sakiet-sidi-youssef-kef\\\/180059\\\/#article\",\"isPartOf\":{\"@id\":\"https:\\\/\\\/www.webdo.tn\\\/fr\\\/actualite\\\/terrorisme\\\/deux-soldats-blesses-explosion-mine-sakiet-sidi-youssef-kef\\\/180059\\\/\"},\"author\":{\"name\":\"webdo.tn\",\"@id\":\"https:\\\/\\\/www.webdo.tn\\\/fr\\\/#\\\/schema\\\/person\\\/9a9c6118d687c117df8ef3cc36a4d175\"},\"headline\":\"Deux soldats l\u00e9g\u00e8rement bless\u00e9s lors de l&rsquo;explosion d&rsquo;une mine \u00e0 Sakiet Sidi Youssef (Le Kef)\",\"datePublished\":\"2014-10-23T14:10:00+00:00\",\"dateModified\":\"2025-05-22T13:22:44+00:00\",\"mainEntityOfPage\":{\"@id\":\"https:\\\/\\\/www.webdo.tn\\\/fr\\\/actualite\\\/terrorisme\\\/deux-soldats-blesses-explosion-mine-sakiet-sidi-youssef-kef\\\/180059\\\/\"},\"wordCount\":223,\"commentCount\":0,\"publisher\":{\"@id\":\"https:\\\/\\\/www.webdo.tn\\\/fr\\\/#organization\"},\"image\":{\"@id\":\"https:\\\/\\\/www.webdo.tn\\\/fr\\\/actualite\\\/terrorisme\\\/deux-soldats-blesses-explosion-mine-sakiet-sidi-youssef-kef\\\/180059\\\/#primaryimage\"},\"thumbnailUrl\":\"https:\\\/\\\/www.webdo.tn\\\/fr\\\/wp-content\\\/uploads\\\/2014\\\/10\\\/Le-Kef.jpg\",\"articleSection\":[\"Terrorisme\"],\"inLanguage\":\"fr-FR\"},{\"@type\":\"WebPage\",\"@id\":\"https:\\\/\\\/www.webdo.tn\\\/fr\\\/actualite\\\/terrorisme\\\/deux-soldats-blesses-explosion-mine-sakiet-sidi-youssef-kef\\\/180059\\\/\",\"url\":\"https:\\\/\\\/www.webdo.tn\\\/fr\\\/actualite\\\/terrorisme\\\/deux-soldats-blesses-explosion-mine-sakiet-sidi-youssef-kef\\\/180059\\\/\",\"name\":\"Deux soldats l\u00e9g\u00e8rement bless\u00e9s lors de l'explosion d'une mine \u00e0 Sakiet Sidi Youssef (Le Kef)\",\"isPartOf\":{\"@id\":\"https:\\\/\\\/www.webdo.tn\\\/fr\\\/#website\"},\"primaryImageOfPage\":{\"@id\":\"https:\\\/\\\/www.webdo.tn\\\/fr\\\/actualite\\\/terrorisme\\\/deux-soldats-blesses-explosion-mine-sakiet-sidi-youssef-kef\\\/180059\\\/#primaryimage\"},\"image\":{\"@id\":\"https:\\\/\\\/www.webdo.tn\\\/fr\\\/actualite\\\/terrorisme\\\/deux-soldats-blesses-explosion-mine-sakiet-sidi-youssef-kef\\\/180059\\\/#primaryimage\"},\"thumbnailUrl\":\"https:\\\/\\\/www.webdo.tn\\\/fr\\\/wp-content\\\/uploads\\\/2014\\\/10\\\/Le-Kef.jpg\",\"datePublished\":\"2014-10-23T14:10:00+00:00\",\"dateModified\":\"2025-05-22T13:22:44+00:00\",\"description\":\"Deux soldats l\u00e9g\u00e8rement bless\u00e9s lors de l'explosion d'une mine \u00e0 Sakiet Sidi Youssef (Le Kef)\",\"breadcrumb\":{\"@id\":\"https:\\\/\\\/www.webdo.tn\\\/fr\\\/actualite\\\/terrorisme\\\/deux-soldats-blesses-explosion-mine-sakiet-sidi-youssef-kef\\\/180059\\\/#breadcrumb\"},\"inLanguage\":\"fr-FR\",\"potentialAction\":[{\"@type\":\"ReadAction\",\"target\":[\"https:\\\/\\\/www.webdo.tn\\\/fr\\\/actualite\\\/terrorisme\\\/deux-soldats-blesses-explosion-mine-sakiet-sidi-youssef-kef\\\/180059\\\/\"]}]},{\"@type\":\"ImageObject\",\"inLanguage\":\"fr-FR\",\"@id\":\"https:\\\/\\\/www.webdo.tn\\\/fr\\\/actualite\\\/terrorisme\\\/deux-soldats-blesses-explosion-mine-sakiet-sidi-youssef-kef\\\/180059\\\/#primaryimage\",\"url\":\"https:\\\/\\\/www.webdo.tn\\\/fr\\\/wp-content\\\/uploads\\\/2014\\\/10\\\/Le-Kef.jpg\",\"contentUrl\":\"https:\\\/\\\/www.webdo.tn\\\/fr\\\/wp-content\\\/uploads\\\/2014\\\/10\\\/Le-Kef.jpg\",\"width\":235,\"height\":245,\"caption\":\"Deux soldats l\u00e9g\u00e8rement bless\u00e9s lors de l'explosion d'une mine \u00e0 Sakiet Sidi Youssef (Le Kef)\"},{\"@type\":\"BreadcrumbList\",\"@id\":\"https:\\\/\\\/www.webdo.tn\\\/fr\\\/actualite\\\/terrorisme\\\/deux-soldats-blesses-explosion-mine-sakiet-sidi-youssef-kef\\\/180059\\\/#breadcrumb\",\"itemListElement\":[{\"@type\":\"ListItem\",\"position\":1,\"name\":\"Accueil\",\"item\":\"https:\\\/\\\/www.webdo.tn\\\/fr\\\/\"},{\"@type\":\"ListItem\",\"position\":2,\"name\":\"Deux soldats l\u00e9g\u00e8rement bless\u00e9s lors de l&rsquo;explosion d&rsquo;une mine \u00e0 Sakiet Sidi Youssef (Le Kef)\"}]},{\"@type\":\"WebSite\",\"@id\":\"https:\\\/\\\/www.webdo.tn\\\/fr\\\/#website\",\"url\":\"https:\\\/\\\/www.webdo.tn\\\/fr\\\/\",\"name\":\"webdo\",\"description\":\"Tunisie - News en Tunisie et \u00e0 l&#039;international sur Webdo.tn\",\"publisher\":{\"@id\":\"https:\\\/\\\/www.webdo.tn\\\/fr\\\/#organization\"},\"potentialAction\":[{\"@type\":\"SearchAction\",\"target\":{\"@type\":\"EntryPoint\",\"urlTemplate\":\"https:\\\/\\\/www.webdo.tn\\\/fr\\\/?s={search_term_string}\"},\"query-input\":{\"@type\":\"PropertyValueSpecification\",\"valueRequired\":true,\"valueName\":\"search_term_string\"}}],\"inLanguage\":\"fr-FR\"},{\"@type\":\"Organization\",\"@id\":\"https:\\\/\\\/www.webdo.tn\\\/fr\\\/#organization\",\"name\":\"Webdo\",\"alternateName\":\"Webdo.tn\",\"url\":\"https:\\\/\\\/www.webdo.tn\\\/fr\\\/\",\"logo\":{\"@type\":\"ImageObject\",\"inLanguage\":\"fr-FR\",\"@id\":\"https:\\\/\\\/www.webdo.tn\\\/fr\\\/#\\\/schema\\\/logo\\\/image\\\/\",\"url\":\"https:\\\/\\\/www.webdo.tn\\\/fr\\\/wp-content\\\/uploads\\\/2025\\\/06\\\/Webdo-Tunisie_168377.jpg\",\"contentUrl\":\"https:\\\/\\\/www.webdo.tn\\\/fr\\\/wp-content\\\/uploads\\\/2025\\\/06\\\/Webdo-Tunisie_168377.jpg\",\"width\":301,\"height\":301,\"caption\":\"Webdo\"},\"image\":{\"@id\":\"https:\\\/\\\/www.webdo.tn\\\/fr\\\/#\\\/schema\\\/logo\\\/image\\\/\"},\"sameAs\":[\"https:\\\/\\\/www.facebook.com\\\/webdotn\",\"https:\\\/\\\/x.com\\\/webdo_tn\"],\"description\":\"Webdo est un m\u00e9dia num\u00e9rique tunisien fond\u00e9 en 2010, sp\u00e9cialis\u00e9 dans l\u2019actualit\u00e9 nationale et internationale, l\u2019\u00e9conomie, la soci\u00e9t\u00e9 et les analyses politiques. Le site s\u2019adresse \u00e0 un large public francophone et couvre l\u2019information tunisienne en temps r\u00e9el.\",\"email\":\"redac@webdo.tn\",\"legalName\":\"YNJ SARL\",\"foundingDate\":\"2010-09-06\",\"numberOfEmployees\":{\"@type\":\"QuantitativeValue\",\"minValue\":\"11\",\"maxValue\":\"50\"}},{\"@type\":\"Person\",\"@id\":\"https:\\\/\\\/www.webdo.tn\\\/fr\\\/#\\\/schema\\\/person\\\/9a9c6118d687c117df8ef3cc36a4d175\",\"name\":\"webdo.tn\",\"image\":{\"@type\":\"ImageObject\",\"inLanguage\":\"fr-FR\",\"@id\":\"https:\\\/\\\/secure.gravatar.com\\\/avatar\\\/7ce1f28c0c3bbac99ff550b85ef8e44a6950c6ee24514fb6a5489e51d06f0298?s=96&d=mm&r=g\",\"url\":\"https:\\\/\\\/secure.gravatar.com\\\/avatar\\\/7ce1f28c0c3bbac99ff550b85ef8e44a6950c6ee24514fb6a5489e51d06f0298?s=96&d=mm&r=g\",\"contentUrl\":\"https:\\\/\\\/secure.gravatar.com\\\/avatar\\\/7ce1f28c0c3bbac99ff550b85ef8e44a6950c6ee24514fb6a5489e51d06f0298?s=96&d=mm&r=g\",\"caption\":\"webdo.tn\"},\"url\":\"https:\\\/\\\/www.webdo.tn\\\/fr\\\/actualite\\\/author\\\/webdotn\\\/\"}]}<\/script>\n<!-- \/ Yoast SEO Premium plugin. -->","yoast_head_json":{"title":"Deux soldats l\u00e9g\u00e8rement bless\u00e9s lors de l'explosion d'une mine \u00e0 Sakiet Sidi Youssef (Le Kef)","description":"Deux soldats l\u00e9g\u00e8rement bless\u00e9s lors de l'explosion d'une mine \u00e0 Sakiet Sidi Youssef (Le Kef)","canonical":"https:\/\/www.webdo.tn\/fr\/actualite\/terrorisme\/deux-soldats-blesses-explosion-mine-sakiet-sidi-youssef-kef\/180059\/","og_locale":"fr_FR","og_type":"article","og_title":"Deux soldats l\u00e9g\u00e8rement bless\u00e9s lors de l'explosion d'une mine \u00e0 Sakiet Sidi Youssef (Le Kef)","og_description":"Deux soldats l\u00e9g\u00e8rement bless\u00e9s lors de l'explosion d'une mine \u00e0 Sakiet Sidi Youssef (Le Kef)","og_url":"https:\/\/www.webdo.tn\/fr\/actualite\/terrorisme\/deux-soldats-blesses-explosion-mine-sakiet-sidi-youssef-kef\/180059\/","og_site_name":"webdo","article_publisher":"https:\/\/www.facebook.com\/webdotn","article_published_time":"2014-10-23T14:10:00+00:00","article_modified_time":"2025-05-22T13:22:44+00:00","og_image":[{"width":235,"height":245,"url":"https:\/\/www.webdo.tn\/fr\/wp-content\/uploads\/2014\/10\/Le-Kef.jpg","type":"image\/jpeg"}],"author":"webdo.tn","twitter_card":"summary_large_image","twitter_creator":"@webdo_tn","twitter_site":"@webdo_tn","twitter_misc":{"\u00c9crit par":"webdo.tn","Dur\u00e9e de lecture estim\u00e9e":"1 minute"},"schema":{"@context":"https:\/\/schema.org","@graph":[{"@type":"NewsArticle","@id":"https:\/\/www.webdo.tn\/fr\/actualite\/terrorisme\/deux-soldats-blesses-explosion-mine-sakiet-sidi-youssef-kef\/180059\/#article","isPartOf":{"@id":"https:\/\/www.webdo.tn\/fr\/actualite\/terrorisme\/deux-soldats-blesses-explosion-mine-sakiet-sidi-youssef-kef\/180059\/"},"author":{"name":"webdo.tn","@id":"https:\/\/www.webdo.tn\/fr\/#\/schema\/person\/9a9c6118d687c117df8ef3cc36a4d175"},"headline":"Deux soldats l\u00e9g\u00e8rement bless\u00e9s lors de l&rsquo;explosion d&rsquo;une mine \u00e0 Sakiet Sidi Youssef (Le Kef)","datePublished":"2014-10-23T14:10:00+00:00","dateModified":"2025-05-22T13:22:44+00:00","mainEntityOfPage":{"@id":"https:\/\/www.webdo.tn\/fr\/actualite\/terrorisme\/deux-soldats-blesses-explosion-mine-sakiet-sidi-youssef-kef\/180059\/"},"wordCount":223,"commentCount":0,"publisher":{"@id":"https:\/\/www.webdo.tn\/fr\/#organization"},"image":{"@id":"https:\/\/www.webdo.tn\/fr\/actualite\/terrorisme\/deux-soldats-blesses-explosion-mine-sakiet-sidi-youssef-kef\/180059\/#primaryimage"},"thumbnailUrl":"https:\/\/www.webdo.tn\/fr\/wp-content\/uploads\/2014\/10\/Le-Kef.jpg","articleSection":["Terrorisme"],"inLanguage":"fr-FR"},{"@type":"WebPage","@id":"https:\/\/www.webdo.tn\/fr\/actualite\/terrorisme\/deux-soldats-blesses-explosion-mine-sakiet-sidi-youssef-kef\/180059\/","url":"https:\/\/www.webdo.tn\/fr\/actualite\/terrorisme\/deux-soldats-blesses-explosion-mine-sakiet-sidi-youssef-kef\/180059\/","name":"Deux soldats l\u00e9g\u00e8rement bless\u00e9s lors de l'explosion d'une mine \u00e0 Sakiet Sidi Youssef (Le Kef)","isPartOf":{"@id":"https:\/\/www.webdo.tn\/fr\/#website"},"primaryImageOfPage":{"@id":"https:\/\/www.webdo.tn\/fr\/actualite\/terrorisme\/deux-soldats-blesses-explosion-mine-sakiet-sidi-youssef-kef\/180059\/#primaryimage"},"image":{"@id":"https:\/\/www.webdo.tn\/fr\/actualite\/terrorisme\/deux-soldats-blesses-explosion-mine-sakiet-sidi-youssef-kef\/180059\/#primaryimage"},"thumbnailUrl":"https:\/\/www.webdo.tn\/fr\/wp-content\/uploads\/2014\/10\/Le-Kef.jpg","datePublished":"2014-10-23T14:10:00+00:00","dateModified":"2025-05-22T13:22:44+00:00","description":"Deux soldats l\u00e9g\u00e8rement bless\u00e9s lors de l'explosion d'une mine \u00e0 Sakiet Sidi Youssef (Le Kef)","breadcrumb":{"@id":"https:\/\/www.webdo.tn\/fr\/actualite\/terrorisme\/deux-soldats-blesses-explosion-mine-sakiet-sidi-youssef-kef\/180059\/#breadcrumb"},"inLanguage":"fr-FR","potentialAction":[{"@type":"ReadAction","target":["https:\/\/www.webdo.tn\/fr\/actualite\/terrorisme\/deux-soldats-blesses-explosion-mine-sakiet-sidi-youssef-kef\/180059\/"]}]},{"@type":"ImageObject","inLanguage":"fr-FR","@id":"https:\/\/www.webdo.tn\/fr\/actualite\/terrorisme\/deux-soldats-blesses-explosion-mine-sakiet-sidi-youssef-kef\/180059\/#primaryimage","url":"https:\/\/www.webdo.tn\/fr\/wp-content\/uploads\/2014\/10\/Le-Kef.jpg","contentUrl":"https:\/\/www.webdo.tn\/fr\/wp-content\/uploads\/2014\/10\/Le-Kef.jpg","width":235,"height":245,"caption":"Deux soldats l\u00e9g\u00e8rement bless\u00e9s lors de l'explosion d'une mine \u00e0 Sakiet Sidi Youssef (Le Kef)"},{"@type":"BreadcrumbList","@id":"https:\/\/www.webdo.tn\/fr\/actualite\/terrorisme\/deux-soldats-blesses-explosion-mine-sakiet-sidi-youssef-kef\/180059\/#breadcrumb","itemListElement":[{"@type":"ListItem","position":1,"name":"Accueil","item":"https:\/\/www.webdo.tn\/fr\/"},{"@type":"ListItem","position":2,"name":"Deux soldats l\u00e9g\u00e8rement bless\u00e9s lors de l&rsquo;explosion d&rsquo;une mine \u00e0 Sakiet Sidi Youssef (Le Kef)"}]},{"@type":"WebSite","@id":"https:\/\/www.webdo.tn\/fr\/#website","url":"https:\/\/www.webdo.tn\/fr\/","name":"webdo","description":"Tunisie - News en Tunisie et \u00e0 l&#039;international sur Webdo.tn","publisher":{"@id":"https:\/\/www.webdo.tn\/fr\/#organization"},"potentialAction":[{"@type":"SearchAction","target":{"@type":"EntryPoint","urlTemplate":"https:\/\/www.webdo.tn\/fr\/?s={search_term_string}"},"query-input":{"@type":"PropertyValueSpecification","valueRequired":true,"valueName":"search_term_string"}}],"inLanguage":"fr-FR"},{"@type":"Organization","@id":"https:\/\/www.webdo.tn\/fr\/#organization","name":"Webdo","alternateName":"Webdo.tn","url":"https:\/\/www.webdo.tn\/fr\/","logo":{"@type":"ImageObject","inLanguage":"fr-FR","@id":"https:\/\/www.webdo.tn\/fr\/#\/schema\/logo\/image\/","url":"https:\/\/www.webdo.tn\/fr\/wp-content\/uploads\/2025\/06\/Webdo-Tunisie_168377.jpg","contentUrl":"https:\/\/www.webdo.tn\/fr\/wp-content\/uploads\/2025\/06\/Webdo-Tunisie_168377.jpg","width":301,"height":301,"caption":"Webdo"},"image":{"@id":"https:\/\/www.webdo.tn\/fr\/#\/schema\/logo\/image\/"},"sameAs":["https:\/\/www.facebook.com\/webdotn","https:\/\/x.com\/webdo_tn"],"description":"Webdo est un m\u00e9dia num\u00e9rique tunisien fond\u00e9 en 2010, sp\u00e9cialis\u00e9 dans l\u2019actualit\u00e9 nationale et internationale, l\u2019\u00e9conomie, la soci\u00e9t\u00e9 et les analyses politiques. Le site s\u2019adresse \u00e0 un large public francophone et couvre l\u2019information tunisienne en temps r\u00e9el.","email":"redac@webdo.tn","legalName":"YNJ SARL","foundingDate":"2010-09-06","numberOfEmployees":{"@type":"QuantitativeValue","minValue":"11","maxValue":"50"}},{"@type":"Person","@id":"https:\/\/www.webdo.tn\/fr\/#\/schema\/person\/9a9c6118d687c117df8ef3cc36a4d175","name":"webdo.tn","image":{"@type":"ImageObject","inLanguage":"fr-FR","@id":"https:\/\/secure.gravatar.com\/avatar\/7ce1f28c0c3bbac99ff550b85ef8e44a6950c6ee24514fb6a5489e51d06f0298?s=96&d=mm&r=g","url":"https:\/\/secure.gravatar.com\/avatar\/7ce1f28c0c3bbac99ff550b85ef8e44a6950c6ee24514fb6a5489e51d06f0298?s=96&d=mm&r=g","contentUrl":"https:\/\/secure.gravatar.com\/avatar\/7ce1f28c0c3bbac99ff550b85ef8e44a6950c6ee24514fb6a5489e51d06f0298?s=96&d=mm&r=g","caption":"webdo.tn"},"url":"https:\/\/www.webdo.tn\/fr\/actualite\/author\/webdotn\/"}]}},"_links":{"self":[{"href":"https:\/\/www.webdo.tn\/fr\/wp-json\/wp\/v2\/posts\/180059","targetHints":{"allow":["GET"]}}],"collection":[{"href":"https:\/\/www.webdo.tn\/fr\/wp-json\/wp\/v2\/posts"}],"about":[{"href":"https:\/\/www.webdo.tn\/fr\/wp-json\/wp\/v2\/types\/post"}],"author":[{"embeddable":true,"href":"https:\/\/www.webdo.tn\/fr\/wp-json\/wp\/v2\/users\/3222"}],"replies":[{"embeddable":true,"href":"https:\/\/www.webdo.tn\/fr\/wp-json\/wp\/v2\/comments?post=180059"}],"version-history":[{"count":0,"href":"https:\/\/www.webdo.tn\/fr\/wp-json\/wp\/v2\/posts\/180059\/revisions"}],"wp:featuredmedia":[{"embeddable":true,"href":"https:\/\/www.webdo.tn\/fr\/wp-json\/wp\/v2\/media\/335165"}],"wp:attachment":[{"href":"https:\/\/www.webdo.tn\/fr\/wp-json\/wp\/v2\/media?parent=180059"}],"wp:term":[{"taxonomy":"category","embeddable":true,"href":"https:\/\/www.webdo.tn\/fr\/wp-json\/wp\/v2\/categories?post=180059"},{"taxonomy":"post_tag","embeddable":true,"href":"https:\/\/www.webdo.tn\/fr\/wp-json\/wp\/v2\/tags?post=180059"}],"curies":[{"name":"wp","href":"https:\/\/api.w.org\/{rel}","templated":true}]}}