{"id":180050,"date":"2014-10-25T13:27:00","date_gmt":"2014-10-25T13:27:00","guid":{"rendered":"https:\/\/www.webdo.tn\/fr\/blog\/tunisie-les-excursions-touristiques-annulees-du-24-au-26-octobres-suite-aux-recents-evenements-securitaires\/180050\/"},"modified":"2025-05-22T13:02:31","modified_gmt":"2025-05-22T13:02:31","slug":"tunisie-les-excursions-touristiques-annulees-du-24-au-26-octobres-suite-aux-recents-evenements-securitaires","status":"publish","type":"post","link":"https:\/\/www.webdo.tn\/fr\/actualite\/terrorisme\/tunisie-les-excursions-touristiques-annulees-du-24-au-26-octobres-suite-aux-recents-evenements-securitaires\/180050\/","title":{"rendered":"Tunisie : Les excursions touristiques annul\u00e9es du 24 au 26 octobres suite aux r\u00e9cents \u00e9v\u00e9nements s\u00e9curitaires"},"content":{"rendered":"<p>Le pr\u00e9sident de la f\u00e9d\u00e9ration des Agence de voyage, Hatem Mejlissi, a d\u00e9clar\u00e9, ce samedi 25 octobre, que suite aux \u00e9v\u00e9nements d\u00e9roul\u00e9s \u00e0 Oued Ellil\u00a0o\u00a0et Kebilli,\u00a0il a \u00e9t\u00e9 d\u00e9cid\u00e9 l\u2019annulation de toutes les excursions au profit des touristes s\u00e9journant \u00e0 Jerba Zarzis.<\/p>\n<p>\u00abLes excursions touristiques \u00e9taient programm\u00e9es pour visiter les r\u00e9gions de Gab\u00e8s, Tataouine, Kebili et Tozeur. Nous avons demand\u00e9 aux agences de voyages de les annuler\u00a0\u00bb, a confi\u00e9 Hatem Mejlissi \u00e0 un correspondant de Shems Fm.<\/p>\n<p>Et d\u2019ajouter\u00a0: \u00ab\u00a0Les annulations ont commenc\u00e9 depuis hier (24 octobre), et devraient se poursuivre jusqu\u2019\u00e0 demain dimanche (26 octobre),\u00bb date de la fin des \u00e9lections l\u00e9gislatives en Tunisie.<\/p>\n<p>Par ailleurs, la ministre du tourisme n&rsquo;a rien mentionn\u00e9 de cela sur son compte twitter, continuant \u00e0 faire la promotion de la Tunisie et son tourisme.<br \/>\nLa #Tunisie class\u00e9e N\u00b01 des destinations les plus pris\u00e9es pour 2015 par @lonelyplanet http:\/\/t.co\/5O6ifUgMri #Tourisme #Bestdestination<\/p>\n<p>\u2014 Amel Karboul (@amelkarboul) 21 Octobre 2014<\/p>\n<p>Abdelhamid Ferchichi<\/p>\n","protected":false},"excerpt":{"rendered":"<p>Tunisie : Les excursions touristiques annul\u00e9es du 24 au 26 octobres suite aux r\u00e9cents \u00e9v\u00e9nements s\u00e9curitaires<\/p>\n","protected":false},"author":3222,"featured_media":373297,"comment_status":"open","ping_status":"closed","sticky":false,"template":"","format":"standard","meta":{"footnotes":""},"categories":[11342],"tags":[],"class_list":["post-180050","post","type-post","status-publish","format-standard","has-post-thumbnail","hentry","category-terrorisme"],"yoast_head":"<!-- This site is optimized with the Yoast SEO Premium plugin v27.5 (Yoast SEO v27.5) - https:\/\/yoast.com\/product\/yoast-seo-premium-wordpress\/ -->\n<title>Tunisie : Les excursions touristiques annul\u00e9es du 24 au 26 octobres suite aux r\u00e9cents \u00e9v\u00e9nements s\u00e9curitaires<\/title>\n<meta name=\"description\" content=\"Tunisie : Les excursions touristiques annul\u00e9es du 24 au 26 octobres suite aux r\u00e9cents \u00e9v\u00e9nements s\u00e9curitaires\" \/>\n<link rel=\"canonical\" href=\"https:\/\/www.webdo.tn\/fr\/actualite\/terrorisme\/tunisie-les-excursions-touristiques-annulees-du-24-au-26-octobres-suite-aux-recents-evenements-securitaires\/180050\/\" \/>\n<meta property=\"og:locale\" content=\"fr_FR\" \/>\n<meta property=\"og:type\" content=\"article\" \/>\n<meta property=\"og:title\" content=\"Tunisie : Les excursions touristiques annul\u00e9es du 24 au 26 octobres suite aux r\u00e9cents \u00e9v\u00e9nements s\u00e9curitaires\" \/>\n<meta property=\"og:description\" content=\"Tunisie : Les excursions touristiques annul\u00e9es du 24 au 26 octobres suite aux r\u00e9cents \u00e9v\u00e9nements s\u00e9curitaires\" \/>\n<meta property=\"og:url\" content=\"https:\/\/www.webdo.tn\/fr\/actualite\/terrorisme\/tunisie-les-excursions-touristiques-annulees-du-24-au-26-octobres-suite-aux-recents-evenements-securitaires\/180050\/\" \/>\n<meta property=\"og:site_name\" content=\"webdo\" \/>\n<meta property=\"article:publisher\" content=\"https:\/\/www.facebook.com\/webdotn\" \/>\n<meta property=\"article:published_time\" content=\"2014-10-25T13:27:00+00:00\" \/>\n<meta property=\"article:modified_time\" content=\"2025-05-22T13:02:31+00:00\" \/>\n<meta property=\"og:image\" content=\"https:\/\/www.webdo.tn\/fr\/wp-content\/uploads\/2025\/06\/Capture-decran-2014-10-25-a-13.15.21-e1414239672673_180050.png\" \/>\n\t<meta property=\"og:image:width\" content=\"249\" \/>\n\t<meta property=\"og:image:height\" content=\"200\" \/>\n\t<meta property=\"og:image:type\" content=\"image\/png\" \/>\n<meta name=\"author\" content=\"webdo.tn\" \/>\n<meta name=\"twitter:card\" content=\"summary_large_image\" \/>\n<meta name=\"twitter:creator\" content=\"@webdo_tn\" \/>\n<meta name=\"twitter:site\" content=\"@webdo_tn\" \/>\n<meta name=\"twitter:label1\" content=\"\u00c9crit par\" \/>\n\t<meta name=\"twitter:data1\" content=\"webdo.tn\" \/>\n\t<meta name=\"twitter:label2\" content=\"Dur\u00e9e de lecture estim\u00e9e\" \/>\n\t<meta name=\"twitter:data2\" content=\"1 minute\" \/>\n<script type=\"application\/ld+json\" class=\"yoast-schema-graph\">{\"@context\":\"https:\\\/\\\/schema.org\",\"@graph\":[{\"@type\":\"NewsArticle\",\"@id\":\"https:\\\/\\\/www.webdo.tn\\\/fr\\\/actualite\\\/terrorisme\\\/tunisie-les-excursions-touristiques-annulees-du-24-au-26-octobres-suite-aux-recents-evenements-securitaires\\\/180050\\\/#article\",\"isPartOf\":{\"@id\":\"https:\\\/\\\/www.webdo.tn\\\/fr\\\/actualite\\\/terrorisme\\\/tunisie-les-excursions-touristiques-annulees-du-24-au-26-octobres-suite-aux-recents-evenements-securitaires\\\/180050\\\/\"},\"author\":{\"name\":\"webdo.tn\",\"@id\":\"https:\\\/\\\/www.webdo.tn\\\/fr\\\/#\\\/schema\\\/person\\\/9a9c6118d687c117df8ef3cc36a4d175\"},\"headline\":\"Tunisie : Les excursions touristiques annul\u00e9es du 24 au 26 octobres suite aux r\u00e9cents \u00e9v\u00e9nements s\u00e9curitaires\",\"datePublished\":\"2014-10-25T13:27:00+00:00\",\"dateModified\":\"2025-05-22T13:02:31+00:00\",\"mainEntityOfPage\":{\"@id\":\"https:\\\/\\\/www.webdo.tn\\\/fr\\\/actualite\\\/terrorisme\\\/tunisie-les-excursions-touristiques-annulees-du-24-au-26-octobres-suite-aux-recents-evenements-securitaires\\\/180050\\\/\"},\"wordCount\":187,\"commentCount\":0,\"publisher\":{\"@id\":\"https:\\\/\\\/www.webdo.tn\\\/fr\\\/#organization\"},\"image\":{\"@id\":\"https:\\\/\\\/www.webdo.tn\\\/fr\\\/actualite\\\/terrorisme\\\/tunisie-les-excursions-touristiques-annulees-du-24-au-26-octobres-suite-aux-recents-evenements-securitaires\\\/180050\\\/#primaryimage\"},\"thumbnailUrl\":\"https:\\\/\\\/www.webdo.tn\\\/fr\\\/wp-content\\\/uploads\\\/2025\\\/06\\\/Capture-decran-2014-10-25-a-13.15.21-e1414239672673_180050.png\",\"articleSection\":[\"Terrorisme\"],\"inLanguage\":\"fr-FR\"},{\"@type\":\"WebPage\",\"@id\":\"https:\\\/\\\/www.webdo.tn\\\/fr\\\/actualite\\\/terrorisme\\\/tunisie-les-excursions-touristiques-annulees-du-24-au-26-octobres-suite-aux-recents-evenements-securitaires\\\/180050\\\/\",\"url\":\"https:\\\/\\\/www.webdo.tn\\\/fr\\\/actualite\\\/terrorisme\\\/tunisie-les-excursions-touristiques-annulees-du-24-au-26-octobres-suite-aux-recents-evenements-securitaires\\\/180050\\\/\",\"name\":\"Tunisie : Les excursions touristiques annul\u00e9es du 24 au 26 octobres suite aux r\u00e9cents \u00e9v\u00e9nements s\u00e9curitaires\",\"isPartOf\":{\"@id\":\"https:\\\/\\\/www.webdo.tn\\\/fr\\\/#website\"},\"primaryImageOfPage\":{\"@id\":\"https:\\\/\\\/www.webdo.tn\\\/fr\\\/actualite\\\/terrorisme\\\/tunisie-les-excursions-touristiques-annulees-du-24-au-26-octobres-suite-aux-recents-evenements-securitaires\\\/180050\\\/#primaryimage\"},\"image\":{\"@id\":\"https:\\\/\\\/www.webdo.tn\\\/fr\\\/actualite\\\/terrorisme\\\/tunisie-les-excursions-touristiques-annulees-du-24-au-26-octobres-suite-aux-recents-evenements-securitaires\\\/180050\\\/#primaryimage\"},\"thumbnailUrl\":\"https:\\\/\\\/www.webdo.tn\\\/fr\\\/wp-content\\\/uploads\\\/2025\\\/06\\\/Capture-decran-2014-10-25-a-13.15.21-e1414239672673_180050.png\",\"datePublished\":\"2014-10-25T13:27:00+00:00\",\"dateModified\":\"2025-05-22T13:02:31+00:00\",\"description\":\"Tunisie : Les excursions touristiques annul\u00e9es du 24 au 26 octobres suite aux r\u00e9cents \u00e9v\u00e9nements s\u00e9curitaires\",\"breadcrumb\":{\"@id\":\"https:\\\/\\\/www.webdo.tn\\\/fr\\\/actualite\\\/terrorisme\\\/tunisie-les-excursions-touristiques-annulees-du-24-au-26-octobres-suite-aux-recents-evenements-securitaires\\\/180050\\\/#breadcrumb\"},\"inLanguage\":\"fr-FR\",\"potentialAction\":[{\"@type\":\"ReadAction\",\"target\":[\"https:\\\/\\\/www.webdo.tn\\\/fr\\\/actualite\\\/terrorisme\\\/tunisie-les-excursions-touristiques-annulees-du-24-au-26-octobres-suite-aux-recents-evenements-securitaires\\\/180050\\\/\"]}]},{\"@type\":\"ImageObject\",\"inLanguage\":\"fr-FR\",\"@id\":\"https:\\\/\\\/www.webdo.tn\\\/fr\\\/actualite\\\/terrorisme\\\/tunisie-les-excursions-touristiques-annulees-du-24-au-26-octobres-suite-aux-recents-evenements-securitaires\\\/180050\\\/#primaryimage\",\"url\":\"https:\\\/\\\/www.webdo.tn\\\/fr\\\/wp-content\\\/uploads\\\/2025\\\/06\\\/Capture-decran-2014-10-25-a-13.15.21-e1414239672673_180050.png\",\"contentUrl\":\"https:\\\/\\\/www.webdo.tn\\\/fr\\\/wp-content\\\/uploads\\\/2025\\\/06\\\/Capture-decran-2014-10-25-a-13.15.21-e1414239672673_180050.png\",\"width\":249,\"height\":200,\"caption\":\"Tunisie : Les excursions touristiques annul\u00e9es du 24 au 26 octobres suite aux r\u00e9cents \u00e9v\u00e9nements s\u00e9curitaires\"},{\"@type\":\"BreadcrumbList\",\"@id\":\"https:\\\/\\\/www.webdo.tn\\\/fr\\\/actualite\\\/terrorisme\\\/tunisie-les-excursions-touristiques-annulees-du-24-au-26-octobres-suite-aux-recents-evenements-securitaires\\\/180050\\\/#breadcrumb\",\"itemListElement\":[{\"@type\":\"ListItem\",\"position\":1,\"name\":\"Accueil\",\"item\":\"https:\\\/\\\/www.webdo.tn\\\/fr\\\/\"},{\"@type\":\"ListItem\",\"position\":2,\"name\":\"Tunisie : Les excursions touristiques annul\u00e9es du 24 au 26 octobres suite aux r\u00e9cents \u00e9v\u00e9nements s\u00e9curitaires\"}]},{\"@type\":\"WebSite\",\"@id\":\"https:\\\/\\\/www.webdo.tn\\\/fr\\\/#website\",\"url\":\"https:\\\/\\\/www.webdo.tn\\\/fr\\\/\",\"name\":\"webdo\",\"description\":\"Tunisie - News en Tunisie et \u00e0 l&#039;international sur Webdo.tn\",\"publisher\":{\"@id\":\"https:\\\/\\\/www.webdo.tn\\\/fr\\\/#organization\"},\"potentialAction\":[{\"@type\":\"SearchAction\",\"target\":{\"@type\":\"EntryPoint\",\"urlTemplate\":\"https:\\\/\\\/www.webdo.tn\\\/fr\\\/?s={search_term_string}\"},\"query-input\":{\"@type\":\"PropertyValueSpecification\",\"valueRequired\":true,\"valueName\":\"search_term_string\"}}],\"inLanguage\":\"fr-FR\"},{\"@type\":\"Organization\",\"@id\":\"https:\\\/\\\/www.webdo.tn\\\/fr\\\/#organization\",\"name\":\"Webdo\",\"alternateName\":\"Webdo.tn\",\"url\":\"https:\\\/\\\/www.webdo.tn\\\/fr\\\/\",\"logo\":{\"@type\":\"ImageObject\",\"inLanguage\":\"fr-FR\",\"@id\":\"https:\\\/\\\/www.webdo.tn\\\/fr\\\/#\\\/schema\\\/logo\\\/image\\\/\",\"url\":\"https:\\\/\\\/www.webdo.tn\\\/fr\\\/wp-content\\\/uploads\\\/2025\\\/06\\\/Webdo-Tunisie_168377.jpg\",\"contentUrl\":\"https:\\\/\\\/www.webdo.tn\\\/fr\\\/wp-content\\\/uploads\\\/2025\\\/06\\\/Webdo-Tunisie_168377.jpg\",\"width\":301,\"height\":301,\"caption\":\"Webdo\"},\"image\":{\"@id\":\"https:\\\/\\\/www.webdo.tn\\\/fr\\\/#\\\/schema\\\/logo\\\/image\\\/\"},\"sameAs\":[\"https:\\\/\\\/www.facebook.com\\\/webdotn\",\"https:\\\/\\\/x.com\\\/webdo_tn\"],\"description\":\"Webdo est un m\u00e9dia num\u00e9rique tunisien fond\u00e9 en 2010, sp\u00e9cialis\u00e9 dans l\u2019actualit\u00e9 nationale et internationale, l\u2019\u00e9conomie, la soci\u00e9t\u00e9 et les analyses politiques. Le site s\u2019adresse \u00e0 un large public francophone et couvre l\u2019information tunisienne en temps r\u00e9el.\",\"email\":\"redac@webdo.tn\",\"legalName\":\"YNJ SARL\",\"foundingDate\":\"2010-09-06\",\"numberOfEmployees\":{\"@type\":\"QuantitativeValue\",\"minValue\":\"11\",\"maxValue\":\"50\"}},{\"@type\":\"Person\",\"@id\":\"https:\\\/\\\/www.webdo.tn\\\/fr\\\/#\\\/schema\\\/person\\\/9a9c6118d687c117df8ef3cc36a4d175\",\"name\":\"webdo.tn\",\"image\":{\"@type\":\"ImageObject\",\"inLanguage\":\"fr-FR\",\"@id\":\"https:\\\/\\\/secure.gravatar.com\\\/avatar\\\/7ce1f28c0c3bbac99ff550b85ef8e44a6950c6ee24514fb6a5489e51d06f0298?s=96&d=mm&r=g\",\"url\":\"https:\\\/\\\/secure.gravatar.com\\\/avatar\\\/7ce1f28c0c3bbac99ff550b85ef8e44a6950c6ee24514fb6a5489e51d06f0298?s=96&d=mm&r=g\",\"contentUrl\":\"https:\\\/\\\/secure.gravatar.com\\\/avatar\\\/7ce1f28c0c3bbac99ff550b85ef8e44a6950c6ee24514fb6a5489e51d06f0298?s=96&d=mm&r=g\",\"caption\":\"webdo.tn\"},\"url\":\"https:\\\/\\\/www.webdo.tn\\\/fr\\\/actualite\\\/author\\\/webdotn\\\/\"}]}<\/script>\n<!-- \/ Yoast SEO Premium plugin. -->","yoast_head_json":{"title":"Tunisie : Les excursions touristiques annul\u00e9es du 24 au 26 octobres suite aux r\u00e9cents \u00e9v\u00e9nements s\u00e9curitaires","description":"Tunisie : Les excursions touristiques annul\u00e9es du 24 au 26 octobres suite aux r\u00e9cents \u00e9v\u00e9nements s\u00e9curitaires","canonical":"https:\/\/www.webdo.tn\/fr\/actualite\/terrorisme\/tunisie-les-excursions-touristiques-annulees-du-24-au-26-octobres-suite-aux-recents-evenements-securitaires\/180050\/","og_locale":"fr_FR","og_type":"article","og_title":"Tunisie : Les excursions touristiques annul\u00e9es du 24 au 26 octobres suite aux r\u00e9cents \u00e9v\u00e9nements s\u00e9curitaires","og_description":"Tunisie : Les excursions touristiques annul\u00e9es du 24 au 26 octobres suite aux r\u00e9cents \u00e9v\u00e9nements s\u00e9curitaires","og_url":"https:\/\/www.webdo.tn\/fr\/actualite\/terrorisme\/tunisie-les-excursions-touristiques-annulees-du-24-au-26-octobres-suite-aux-recents-evenements-securitaires\/180050\/","og_site_name":"webdo","article_publisher":"https:\/\/www.facebook.com\/webdotn","article_published_time":"2014-10-25T13:27:00+00:00","article_modified_time":"2025-05-22T13:02:31+00:00","og_image":[{"width":249,"height":200,"url":"https:\/\/www.webdo.tn\/fr\/wp-content\/uploads\/2025\/06\/Capture-decran-2014-10-25-a-13.15.21-e1414239672673_180050.png","type":"image\/png"}],"author":"webdo.tn","twitter_card":"summary_large_image","twitter_creator":"@webdo_tn","twitter_site":"@webdo_tn","twitter_misc":{"\u00c9crit par":"webdo.tn","Dur\u00e9e de lecture estim\u00e9e":"1 minute"},"schema":{"@context":"https:\/\/schema.org","@graph":[{"@type":"NewsArticle","@id":"https:\/\/www.webdo.tn\/fr\/actualite\/terrorisme\/tunisie-les-excursions-touristiques-annulees-du-24-au-26-octobres-suite-aux-recents-evenements-securitaires\/180050\/#article","isPartOf":{"@id":"https:\/\/www.webdo.tn\/fr\/actualite\/terrorisme\/tunisie-les-excursions-touristiques-annulees-du-24-au-26-octobres-suite-aux-recents-evenements-securitaires\/180050\/"},"author":{"name":"webdo.tn","@id":"https:\/\/www.webdo.tn\/fr\/#\/schema\/person\/9a9c6118d687c117df8ef3cc36a4d175"},"headline":"Tunisie : Les excursions touristiques annul\u00e9es du 24 au 26 octobres suite aux r\u00e9cents \u00e9v\u00e9nements s\u00e9curitaires","datePublished":"2014-10-25T13:27:00+00:00","dateModified":"2025-05-22T13:02:31+00:00","mainEntityOfPage":{"@id":"https:\/\/www.webdo.tn\/fr\/actualite\/terrorisme\/tunisie-les-excursions-touristiques-annulees-du-24-au-26-octobres-suite-aux-recents-evenements-securitaires\/180050\/"},"wordCount":187,"commentCount":0,"publisher":{"@id":"https:\/\/www.webdo.tn\/fr\/#organization"},"image":{"@id":"https:\/\/www.webdo.tn\/fr\/actualite\/terrorisme\/tunisie-les-excursions-touristiques-annulees-du-24-au-26-octobres-suite-aux-recents-evenements-securitaires\/180050\/#primaryimage"},"thumbnailUrl":"https:\/\/www.webdo.tn\/fr\/wp-content\/uploads\/2025\/06\/Capture-decran-2014-10-25-a-13.15.21-e1414239672673_180050.png","articleSection":["Terrorisme"],"inLanguage":"fr-FR"},{"@type":"WebPage","@id":"https:\/\/www.webdo.tn\/fr\/actualite\/terrorisme\/tunisie-les-excursions-touristiques-annulees-du-24-au-26-octobres-suite-aux-recents-evenements-securitaires\/180050\/","url":"https:\/\/www.webdo.tn\/fr\/actualite\/terrorisme\/tunisie-les-excursions-touristiques-annulees-du-24-au-26-octobres-suite-aux-recents-evenements-securitaires\/180050\/","name":"Tunisie : Les excursions touristiques annul\u00e9es du 24 au 26 octobres suite aux r\u00e9cents \u00e9v\u00e9nements s\u00e9curitaires","isPartOf":{"@id":"https:\/\/www.webdo.tn\/fr\/#website"},"primaryImageOfPage":{"@id":"https:\/\/www.webdo.tn\/fr\/actualite\/terrorisme\/tunisie-les-excursions-touristiques-annulees-du-24-au-26-octobres-suite-aux-recents-evenements-securitaires\/180050\/#primaryimage"},"image":{"@id":"https:\/\/www.webdo.tn\/fr\/actualite\/terrorisme\/tunisie-les-excursions-touristiques-annulees-du-24-au-26-octobres-suite-aux-recents-evenements-securitaires\/180050\/#primaryimage"},"thumbnailUrl":"https:\/\/www.webdo.tn\/fr\/wp-content\/uploads\/2025\/06\/Capture-decran-2014-10-25-a-13.15.21-e1414239672673_180050.png","datePublished":"2014-10-25T13:27:00+00:00","dateModified":"2025-05-22T13:02:31+00:00","description":"Tunisie : Les excursions touristiques annul\u00e9es du 24 au 26 octobres suite aux r\u00e9cents \u00e9v\u00e9nements s\u00e9curitaires","breadcrumb":{"@id":"https:\/\/www.webdo.tn\/fr\/actualite\/terrorisme\/tunisie-les-excursions-touristiques-annulees-du-24-au-26-octobres-suite-aux-recents-evenements-securitaires\/180050\/#breadcrumb"},"inLanguage":"fr-FR","potentialAction":[{"@type":"ReadAction","target":["https:\/\/www.webdo.tn\/fr\/actualite\/terrorisme\/tunisie-les-excursions-touristiques-annulees-du-24-au-26-octobres-suite-aux-recents-evenements-securitaires\/180050\/"]}]},{"@type":"ImageObject","inLanguage":"fr-FR","@id":"https:\/\/www.webdo.tn\/fr\/actualite\/terrorisme\/tunisie-les-excursions-touristiques-annulees-du-24-au-26-octobres-suite-aux-recents-evenements-securitaires\/180050\/#primaryimage","url":"https:\/\/www.webdo.tn\/fr\/wp-content\/uploads\/2025\/06\/Capture-decran-2014-10-25-a-13.15.21-e1414239672673_180050.png","contentUrl":"https:\/\/www.webdo.tn\/fr\/wp-content\/uploads\/2025\/06\/Capture-decran-2014-10-25-a-13.15.21-e1414239672673_180050.png","width":249,"height":200,"caption":"Tunisie : Les excursions touristiques annul\u00e9es du 24 au 26 octobres suite aux r\u00e9cents \u00e9v\u00e9nements s\u00e9curitaires"},{"@type":"BreadcrumbList","@id":"https:\/\/www.webdo.tn\/fr\/actualite\/terrorisme\/tunisie-les-excursions-touristiques-annulees-du-24-au-26-octobres-suite-aux-recents-evenements-securitaires\/180050\/#breadcrumb","itemListElement":[{"@type":"ListItem","position":1,"name":"Accueil","item":"https:\/\/www.webdo.tn\/fr\/"},{"@type":"ListItem","position":2,"name":"Tunisie : Les excursions touristiques annul\u00e9es du 24 au 26 octobres suite aux r\u00e9cents \u00e9v\u00e9nements s\u00e9curitaires"}]},{"@type":"WebSite","@id":"https:\/\/www.webdo.tn\/fr\/#website","url":"https:\/\/www.webdo.tn\/fr\/","name":"webdo","description":"Tunisie - News en Tunisie et \u00e0 l&#039;international sur Webdo.tn","publisher":{"@id":"https:\/\/www.webdo.tn\/fr\/#organization"},"potentialAction":[{"@type":"SearchAction","target":{"@type":"EntryPoint","urlTemplate":"https:\/\/www.webdo.tn\/fr\/?s={search_term_string}"},"query-input":{"@type":"PropertyValueSpecification","valueRequired":true,"valueName":"search_term_string"}}],"inLanguage":"fr-FR"},{"@type":"Organization","@id":"https:\/\/www.webdo.tn\/fr\/#organization","name":"Webdo","alternateName":"Webdo.tn","url":"https:\/\/www.webdo.tn\/fr\/","logo":{"@type":"ImageObject","inLanguage":"fr-FR","@id":"https:\/\/www.webdo.tn\/fr\/#\/schema\/logo\/image\/","url":"https:\/\/www.webdo.tn\/fr\/wp-content\/uploads\/2025\/06\/Webdo-Tunisie_168377.jpg","contentUrl":"https:\/\/www.webdo.tn\/fr\/wp-content\/uploads\/2025\/06\/Webdo-Tunisie_168377.jpg","width":301,"height":301,"caption":"Webdo"},"image":{"@id":"https:\/\/www.webdo.tn\/fr\/#\/schema\/logo\/image\/"},"sameAs":["https:\/\/www.facebook.com\/webdotn","https:\/\/x.com\/webdo_tn"],"description":"Webdo est un m\u00e9dia num\u00e9rique tunisien fond\u00e9 en 2010, sp\u00e9cialis\u00e9 dans l\u2019actualit\u00e9 nationale et internationale, l\u2019\u00e9conomie, la soci\u00e9t\u00e9 et les analyses politiques. Le site s\u2019adresse \u00e0 un large public francophone et couvre l\u2019information tunisienne en temps r\u00e9el.","email":"redac@webdo.tn","legalName":"YNJ SARL","foundingDate":"2010-09-06","numberOfEmployees":{"@type":"QuantitativeValue","minValue":"11","maxValue":"50"}},{"@type":"Person","@id":"https:\/\/www.webdo.tn\/fr\/#\/schema\/person\/9a9c6118d687c117df8ef3cc36a4d175","name":"webdo.tn","image":{"@type":"ImageObject","inLanguage":"fr-FR","@id":"https:\/\/secure.gravatar.com\/avatar\/7ce1f28c0c3bbac99ff550b85ef8e44a6950c6ee24514fb6a5489e51d06f0298?s=96&d=mm&r=g","url":"https:\/\/secure.gravatar.com\/avatar\/7ce1f28c0c3bbac99ff550b85ef8e44a6950c6ee24514fb6a5489e51d06f0298?s=96&d=mm&r=g","contentUrl":"https:\/\/secure.gravatar.com\/avatar\/7ce1f28c0c3bbac99ff550b85ef8e44a6950c6ee24514fb6a5489e51d06f0298?s=96&d=mm&r=g","caption":"webdo.tn"},"url":"https:\/\/www.webdo.tn\/fr\/actualite\/author\/webdotn\/"}]}},"_links":{"self":[{"href":"https:\/\/www.webdo.tn\/fr\/wp-json\/wp\/v2\/posts\/180050","targetHints":{"allow":["GET"]}}],"collection":[{"href":"https:\/\/www.webdo.tn\/fr\/wp-json\/wp\/v2\/posts"}],"about":[{"href":"https:\/\/www.webdo.tn\/fr\/wp-json\/wp\/v2\/types\/post"}],"author":[{"embeddable":true,"href":"https:\/\/www.webdo.tn\/fr\/wp-json\/wp\/v2\/users\/3222"}],"replies":[{"embeddable":true,"href":"https:\/\/www.webdo.tn\/fr\/wp-json\/wp\/v2\/comments?post=180050"}],"version-history":[{"count":0,"href":"https:\/\/www.webdo.tn\/fr\/wp-json\/wp\/v2\/posts\/180050\/revisions"}],"wp:featuredmedia":[{"embeddable":true,"href":"https:\/\/www.webdo.tn\/fr\/wp-json\/wp\/v2\/media\/373297"}],"wp:attachment":[{"href":"https:\/\/www.webdo.tn\/fr\/wp-json\/wp\/v2\/media?parent=180050"}],"wp:term":[{"taxonomy":"category","embeddable":true,"href":"https:\/\/www.webdo.tn\/fr\/wp-json\/wp\/v2\/categories?post=180050"},{"taxonomy":"post_tag","embeddable":true,"href":"https:\/\/www.webdo.tn\/fr\/wp-json\/wp\/v2\/tags?post=180050"}],"curies":[{"name":"wp","href":"https:\/\/api.w.org\/{rel}","templated":true}]}}