{"id":180049,"date":"2014-10-25T17:37:00","date_gmt":"2014-10-25T17:37:00","guid":{"rendered":"https:\/\/www.webdo.tn\/fr\/blog\/tunisie-video-dune-femme-arretee-par-les-forces-de-lordre-probablement-du-groupe-arme-doued-ellil\/180049\/"},"modified":"2025-05-22T13:02:33","modified_gmt":"2025-05-22T13:02:33","slug":"tunisie-video-dune-femme-arretee-par-les-forces-de-lordre-probablement-du-groupe-arme-doued-ellil","status":"publish","type":"post","link":"https:\/\/www.webdo.tn\/fr\/actualite\/terrorisme\/tunisie-video-dune-femme-arretee-par-les-forces-de-lordre-probablement-du-groupe-arme-doued-ellil\/180049\/","title":{"rendered":"Vid\u00e9o d&rsquo;une femme arr\u00eat\u00e9e par les forces de l&rsquo;ordre, probablement du groupe arm\u00e9 d&rsquo;Oued Ellil"},"content":{"rendered":"<p>Cette vid\u00e9o a \u00e9t\u00e9 mise en ligne sur la page facebook Afassat Dostouria ce samedi 25 octobre 2014. On y voit une femme entour\u00e9e de plusieurs agents des forces de l&rsquo;ordre tunisiens.<br \/>\n-\u00ab\u00a0Pourquoi tires-tu avec eux ?\u00a0\u00bb<br \/>\n-\u00ab\u00a0Je ne porte rien (pas d&rsquo;arme) &#8230;<\/p>\n<p>L&rsquo;arrestation aurait \u00e9t\u00e9 effectu\u00e9e lors de l&rsquo;op\u00e9ration Oued Ellil, film\u00e9e \u00e9ventuellement par l&rsquo;un des agents des forces de l&rsquo;ordre.<\/p>\n<p>Dapr\u00e8s la page facebook qui a partag\u00e9 la vid\u00e9o, la femme s&rsquo;appellerait Asma Boukhari, l&rsquo;une des femmes qui \u00e9tait avec le groupe arm\u00e9 de Oued Ellil.<\/p>\n<p>Hier, cinq femmes et un homme ont \u00e9t\u00e9 tu\u00e9s. Un deuxi\u00e8me homme,\u00a0Houssem, a \u00e9t\u00e9 bless\u00e9\u00a0et transf\u00e9r\u00e9 \u00e0 l&rsquo;h\u00f4pital.\u00a0Une femme, Asma Boukhari, a \u00e9t\u00e9 bless\u00e9e \u00e0 l&rsquo;\u00e9paule. <\/p>\n<p>D&rsquo;apr\u00e8s le porte-parole du minist\u00e8re de l&rsquo;Int\u00e9rieur, elle a tir\u00e9 sur les agents de la Garde nationale, en utilisant deux b\u00e9b\u00e9s comme bouclier. L&rsquo;un d&rsquo;eux est\u00a0d\u00e9c\u00e9d\u00e9 d&rsquo;apr\u00e8s le procureur de la R\u00e9publique.<\/p>\n","protected":false},"excerpt":{"rendered":"<p>Vid\u00e9o d&rsquo;une femme arr\u00eat\u00e9e par les forces de l&rsquo;ordre, probablement du groupe arm\u00e9 d&rsquo;Oued Ellil <\/p>\n","protected":false},"author":3222,"featured_media":373300,"comment_status":"open","ping_status":"closed","sticky":false,"template":"","format":"standard","meta":{"footnotes":""},"categories":[11342],"tags":[],"class_list":["post-180049","post","type-post","status-publish","format-standard","has-post-thumbnail","hentry","category-terrorisme"],"yoast_head":"<!-- This site is optimized with the Yoast SEO Premium plugin v27.4 (Yoast SEO v27.5) - https:\/\/yoast.com\/product\/yoast-seo-premium-wordpress\/ -->\n<title>Vid\u00e9o d&#039;une femme arr\u00eat\u00e9e par les forces de l&#039;ordre, probablement du groupe arm\u00e9 d&#039;Oued Ellil<\/title>\n<meta name=\"description\" content=\"Vid\u00e9o d&#039;une femme arr\u00eat\u00e9e par les forces de l&#039;ordre, probablement du groupe arm\u00e9 d&#039;Oued Ellil\" \/>\n<link rel=\"canonical\" href=\"https:\/\/www.webdo.tn\/fr\/actualite\/terrorisme\/tunisie-video-dune-femme-arretee-par-les-forces-de-lordre-probablement-du-groupe-arme-doued-ellil\/180049\/\" \/>\n<meta property=\"og:locale\" content=\"fr_FR\" \/>\n<meta property=\"og:type\" content=\"article\" \/>\n<meta property=\"og:title\" content=\"Vid\u00e9o d&#039;une femme arr\u00eat\u00e9e par les forces de l&#039;ordre, probablement du groupe arm\u00e9 d&#039;Oued Ellil\" \/>\n<meta property=\"og:description\" content=\"Vid\u00e9o d&#039;une femme arr\u00eat\u00e9e par les forces de l&#039;ordre, probablement du groupe arm\u00e9 d&#039;Oued Ellil\" \/>\n<meta property=\"og:url\" content=\"https:\/\/www.webdo.tn\/fr\/actualite\/terrorisme\/tunisie-video-dune-femme-arretee-par-les-forces-de-lordre-probablement-du-groupe-arme-doued-ellil\/180049\/\" \/>\n<meta property=\"og:site_name\" content=\"webdo\" \/>\n<meta property=\"article:publisher\" content=\"https:\/\/www.facebook.com\/webdotn\" \/>\n<meta property=\"article:published_time\" content=\"2014-10-25T17:37:00+00:00\" \/>\n<meta property=\"article:modified_time\" content=\"2025-05-22T13:02:33+00:00\" \/>\n<meta property=\"og:image\" content=\"https:\/\/www.webdo.tn\/fr\/wp-content\/uploads\/2025\/06\/Capture-decran-2014-10-25-a-17.12.21-e1414254381299_180049.png\" \/>\n\t<meta property=\"og:image:width\" content=\"242\" \/>\n\t<meta property=\"og:image:height\" content=\"200\" \/>\n\t<meta property=\"og:image:type\" content=\"image\/png\" \/>\n<meta name=\"author\" content=\"webdo.tn\" \/>\n<meta name=\"twitter:card\" content=\"summary_large_image\" \/>\n<meta name=\"twitter:creator\" content=\"@webdo_tn\" \/>\n<meta name=\"twitter:site\" content=\"@webdo_tn\" \/>\n<meta name=\"twitter:label1\" content=\"\u00c9crit par\" \/>\n\t<meta name=\"twitter:data1\" content=\"webdo.tn\" \/>\n\t<meta name=\"twitter:label2\" content=\"Dur\u00e9e de lecture estim\u00e9e\" \/>\n\t<meta name=\"twitter:data2\" content=\"1 minute\" \/>\n<script type=\"application\/ld+json\" class=\"yoast-schema-graph\">{\"@context\":\"https:\\\/\\\/schema.org\",\"@graph\":[{\"@type\":\"NewsArticle\",\"@id\":\"https:\\\/\\\/www.webdo.tn\\\/fr\\\/actualite\\\/terrorisme\\\/tunisie-video-dune-femme-arretee-par-les-forces-de-lordre-probablement-du-groupe-arme-doued-ellil\\\/180049\\\/#article\",\"isPartOf\":{\"@id\":\"https:\\\/\\\/www.webdo.tn\\\/fr\\\/actualite\\\/terrorisme\\\/tunisie-video-dune-femme-arretee-par-les-forces-de-lordre-probablement-du-groupe-arme-doued-ellil\\\/180049\\\/\"},\"author\":{\"name\":\"webdo.tn\",\"@id\":\"https:\\\/\\\/www.webdo.tn\\\/fr\\\/#\\\/schema\\\/person\\\/9a9c6118d687c117df8ef3cc36a4d175\"},\"headline\":\"Vid\u00e9o d&rsquo;une femme arr\u00eat\u00e9e par les forces de l&rsquo;ordre, probablement du groupe arm\u00e9 d&rsquo;Oued Ellil\",\"datePublished\":\"2014-10-25T17:37:00+00:00\",\"dateModified\":\"2025-05-22T13:02:33+00:00\",\"mainEntityOfPage\":{\"@id\":\"https:\\\/\\\/www.webdo.tn\\\/fr\\\/actualite\\\/terrorisme\\\/tunisie-video-dune-femme-arretee-par-les-forces-de-lordre-probablement-du-groupe-arme-doued-ellil\\\/180049\\\/\"},\"wordCount\":204,\"commentCount\":0,\"publisher\":{\"@id\":\"https:\\\/\\\/www.webdo.tn\\\/fr\\\/#organization\"},\"image\":{\"@id\":\"https:\\\/\\\/www.webdo.tn\\\/fr\\\/actualite\\\/terrorisme\\\/tunisie-video-dune-femme-arretee-par-les-forces-de-lordre-probablement-du-groupe-arme-doued-ellil\\\/180049\\\/#primaryimage\"},\"thumbnailUrl\":\"https:\\\/\\\/www.webdo.tn\\\/fr\\\/wp-content\\\/uploads\\\/2025\\\/06\\\/Capture-decran-2014-10-25-a-17.12.21-e1414254381299_180049.png\",\"articleSection\":[\"Terrorisme\"],\"inLanguage\":\"fr-FR\"},{\"@type\":\"WebPage\",\"@id\":\"https:\\\/\\\/www.webdo.tn\\\/fr\\\/actualite\\\/terrorisme\\\/tunisie-video-dune-femme-arretee-par-les-forces-de-lordre-probablement-du-groupe-arme-doued-ellil\\\/180049\\\/\",\"url\":\"https:\\\/\\\/www.webdo.tn\\\/fr\\\/actualite\\\/terrorisme\\\/tunisie-video-dune-femme-arretee-par-les-forces-de-lordre-probablement-du-groupe-arme-doued-ellil\\\/180049\\\/\",\"name\":\"Vid\u00e9o d'une femme arr\u00eat\u00e9e par les forces de l'ordre, probablement du groupe arm\u00e9 d'Oued Ellil\",\"isPartOf\":{\"@id\":\"https:\\\/\\\/www.webdo.tn\\\/fr\\\/#website\"},\"primaryImageOfPage\":{\"@id\":\"https:\\\/\\\/www.webdo.tn\\\/fr\\\/actualite\\\/terrorisme\\\/tunisie-video-dune-femme-arretee-par-les-forces-de-lordre-probablement-du-groupe-arme-doued-ellil\\\/180049\\\/#primaryimage\"},\"image\":{\"@id\":\"https:\\\/\\\/www.webdo.tn\\\/fr\\\/actualite\\\/terrorisme\\\/tunisie-video-dune-femme-arretee-par-les-forces-de-lordre-probablement-du-groupe-arme-doued-ellil\\\/180049\\\/#primaryimage\"},\"thumbnailUrl\":\"https:\\\/\\\/www.webdo.tn\\\/fr\\\/wp-content\\\/uploads\\\/2025\\\/06\\\/Capture-decran-2014-10-25-a-17.12.21-e1414254381299_180049.png\",\"datePublished\":\"2014-10-25T17:37:00+00:00\",\"dateModified\":\"2025-05-22T13:02:33+00:00\",\"description\":\"Vid\u00e9o d'une femme arr\u00eat\u00e9e par les forces de l'ordre, probablement du groupe arm\u00e9 d'Oued Ellil\",\"breadcrumb\":{\"@id\":\"https:\\\/\\\/www.webdo.tn\\\/fr\\\/actualite\\\/terrorisme\\\/tunisie-video-dune-femme-arretee-par-les-forces-de-lordre-probablement-du-groupe-arme-doued-ellil\\\/180049\\\/#breadcrumb\"},\"inLanguage\":\"fr-FR\",\"potentialAction\":[{\"@type\":\"ReadAction\",\"target\":[\"https:\\\/\\\/www.webdo.tn\\\/fr\\\/actualite\\\/terrorisme\\\/tunisie-video-dune-femme-arretee-par-les-forces-de-lordre-probablement-du-groupe-arme-doued-ellil\\\/180049\\\/\"]}]},{\"@type\":\"ImageObject\",\"inLanguage\":\"fr-FR\",\"@id\":\"https:\\\/\\\/www.webdo.tn\\\/fr\\\/actualite\\\/terrorisme\\\/tunisie-video-dune-femme-arretee-par-les-forces-de-lordre-probablement-du-groupe-arme-doued-ellil\\\/180049\\\/#primaryimage\",\"url\":\"https:\\\/\\\/www.webdo.tn\\\/fr\\\/wp-content\\\/uploads\\\/2025\\\/06\\\/Capture-decran-2014-10-25-a-17.12.21-e1414254381299_180049.png\",\"contentUrl\":\"https:\\\/\\\/www.webdo.tn\\\/fr\\\/wp-content\\\/uploads\\\/2025\\\/06\\\/Capture-decran-2014-10-25-a-17.12.21-e1414254381299_180049.png\",\"width\":242,\"height\":200,\"caption\":\"Vid\u00e9o d'une femme arr\u00eat\u00e9e par les forces de l'ordre, probablement du groupe arm\u00e9 d'Oued Ellil\"},{\"@type\":\"BreadcrumbList\",\"@id\":\"https:\\\/\\\/www.webdo.tn\\\/fr\\\/actualite\\\/terrorisme\\\/tunisie-video-dune-femme-arretee-par-les-forces-de-lordre-probablement-du-groupe-arme-doued-ellil\\\/180049\\\/#breadcrumb\",\"itemListElement\":[{\"@type\":\"ListItem\",\"position\":1,\"name\":\"Accueil\",\"item\":\"https:\\\/\\\/www.webdo.tn\\\/fr\\\/\"},{\"@type\":\"ListItem\",\"position\":2,\"name\":\"Vid\u00e9o d&rsquo;une femme arr\u00eat\u00e9e par les forces de l&rsquo;ordre, probablement du groupe arm\u00e9 d&rsquo;Oued Ellil\"}]},{\"@type\":\"WebSite\",\"@id\":\"https:\\\/\\\/www.webdo.tn\\\/fr\\\/#website\",\"url\":\"https:\\\/\\\/www.webdo.tn\\\/fr\\\/\",\"name\":\"webdo\",\"description\":\"Tunisie - News en Tunisie et \u00e0 l&#039;international sur Webdo.tn\",\"publisher\":{\"@id\":\"https:\\\/\\\/www.webdo.tn\\\/fr\\\/#organization\"},\"potentialAction\":[{\"@type\":\"SearchAction\",\"target\":{\"@type\":\"EntryPoint\",\"urlTemplate\":\"https:\\\/\\\/www.webdo.tn\\\/fr\\\/?s={search_term_string}\"},\"query-input\":{\"@type\":\"PropertyValueSpecification\",\"valueRequired\":true,\"valueName\":\"search_term_string\"}}],\"inLanguage\":\"fr-FR\"},{\"@type\":\"Organization\",\"@id\":\"https:\\\/\\\/www.webdo.tn\\\/fr\\\/#organization\",\"name\":\"Webdo\",\"alternateName\":\"Webdo.tn\",\"url\":\"https:\\\/\\\/www.webdo.tn\\\/fr\\\/\",\"logo\":{\"@type\":\"ImageObject\",\"inLanguage\":\"fr-FR\",\"@id\":\"https:\\\/\\\/www.webdo.tn\\\/fr\\\/#\\\/schema\\\/logo\\\/image\\\/\",\"url\":\"https:\\\/\\\/www.webdo.tn\\\/fr\\\/wp-content\\\/uploads\\\/2025\\\/06\\\/Webdo-Tunisie_168377.jpg\",\"contentUrl\":\"https:\\\/\\\/www.webdo.tn\\\/fr\\\/wp-content\\\/uploads\\\/2025\\\/06\\\/Webdo-Tunisie_168377.jpg\",\"width\":301,\"height\":301,\"caption\":\"Webdo\"},\"image\":{\"@id\":\"https:\\\/\\\/www.webdo.tn\\\/fr\\\/#\\\/schema\\\/logo\\\/image\\\/\"},\"sameAs\":[\"https:\\\/\\\/www.facebook.com\\\/webdotn\",\"https:\\\/\\\/x.com\\\/webdo_tn\"],\"description\":\"Webdo est un m\u00e9dia num\u00e9rique tunisien fond\u00e9 en 2010, sp\u00e9cialis\u00e9 dans l\u2019actualit\u00e9 nationale et internationale, l\u2019\u00e9conomie, la soci\u00e9t\u00e9 et les analyses politiques. Le site s\u2019adresse \u00e0 un large public francophone et couvre l\u2019information tunisienne en temps r\u00e9el.\",\"email\":\"redac@webdo.tn\",\"legalName\":\"YNJ SARL\",\"foundingDate\":\"2010-09-06\",\"numberOfEmployees\":{\"@type\":\"QuantitativeValue\",\"minValue\":\"11\",\"maxValue\":\"50\"}},{\"@type\":\"Person\",\"@id\":\"https:\\\/\\\/www.webdo.tn\\\/fr\\\/#\\\/schema\\\/person\\\/9a9c6118d687c117df8ef3cc36a4d175\",\"name\":\"webdo.tn\",\"image\":{\"@type\":\"ImageObject\",\"inLanguage\":\"fr-FR\",\"@id\":\"https:\\\/\\\/secure.gravatar.com\\\/avatar\\\/7ce1f28c0c3bbac99ff550b85ef8e44a6950c6ee24514fb6a5489e51d06f0298?s=96&d=mm&r=g\",\"url\":\"https:\\\/\\\/secure.gravatar.com\\\/avatar\\\/7ce1f28c0c3bbac99ff550b85ef8e44a6950c6ee24514fb6a5489e51d06f0298?s=96&d=mm&r=g\",\"contentUrl\":\"https:\\\/\\\/secure.gravatar.com\\\/avatar\\\/7ce1f28c0c3bbac99ff550b85ef8e44a6950c6ee24514fb6a5489e51d06f0298?s=96&d=mm&r=g\",\"caption\":\"webdo.tn\"},\"url\":\"https:\\\/\\\/www.webdo.tn\\\/fr\\\/actualite\\\/author\\\/webdotn\\\/\"}]}<\/script>\n<!-- \/ Yoast SEO Premium plugin. -->","yoast_head_json":{"title":"Vid\u00e9o d'une femme arr\u00eat\u00e9e par les forces de l'ordre, probablement du groupe arm\u00e9 d'Oued Ellil","description":"Vid\u00e9o d'une femme arr\u00eat\u00e9e par les forces de l'ordre, probablement du groupe arm\u00e9 d'Oued Ellil","canonical":"https:\/\/www.webdo.tn\/fr\/actualite\/terrorisme\/tunisie-video-dune-femme-arretee-par-les-forces-de-lordre-probablement-du-groupe-arme-doued-ellil\/180049\/","og_locale":"fr_FR","og_type":"article","og_title":"Vid\u00e9o d'une femme arr\u00eat\u00e9e par les forces de l'ordre, probablement du groupe arm\u00e9 d'Oued Ellil","og_description":"Vid\u00e9o d'une femme arr\u00eat\u00e9e par les forces de l'ordre, probablement du groupe arm\u00e9 d'Oued Ellil","og_url":"https:\/\/www.webdo.tn\/fr\/actualite\/terrorisme\/tunisie-video-dune-femme-arretee-par-les-forces-de-lordre-probablement-du-groupe-arme-doued-ellil\/180049\/","og_site_name":"webdo","article_publisher":"https:\/\/www.facebook.com\/webdotn","article_published_time":"2014-10-25T17:37:00+00:00","article_modified_time":"2025-05-22T13:02:33+00:00","og_image":[{"width":242,"height":200,"url":"https:\/\/www.webdo.tn\/fr\/wp-content\/uploads\/2025\/06\/Capture-decran-2014-10-25-a-17.12.21-e1414254381299_180049.png","type":"image\/png"}],"author":"webdo.tn","twitter_card":"summary_large_image","twitter_creator":"@webdo_tn","twitter_site":"@webdo_tn","twitter_misc":{"\u00c9crit par":"webdo.tn","Dur\u00e9e de lecture estim\u00e9e":"1 minute"},"schema":{"@context":"https:\/\/schema.org","@graph":[{"@type":"NewsArticle","@id":"https:\/\/www.webdo.tn\/fr\/actualite\/terrorisme\/tunisie-video-dune-femme-arretee-par-les-forces-de-lordre-probablement-du-groupe-arme-doued-ellil\/180049\/#article","isPartOf":{"@id":"https:\/\/www.webdo.tn\/fr\/actualite\/terrorisme\/tunisie-video-dune-femme-arretee-par-les-forces-de-lordre-probablement-du-groupe-arme-doued-ellil\/180049\/"},"author":{"name":"webdo.tn","@id":"https:\/\/www.webdo.tn\/fr\/#\/schema\/person\/9a9c6118d687c117df8ef3cc36a4d175"},"headline":"Vid\u00e9o d&rsquo;une femme arr\u00eat\u00e9e par les forces de l&rsquo;ordre, probablement du groupe arm\u00e9 d&rsquo;Oued Ellil","datePublished":"2014-10-25T17:37:00+00:00","dateModified":"2025-05-22T13:02:33+00:00","mainEntityOfPage":{"@id":"https:\/\/www.webdo.tn\/fr\/actualite\/terrorisme\/tunisie-video-dune-femme-arretee-par-les-forces-de-lordre-probablement-du-groupe-arme-doued-ellil\/180049\/"},"wordCount":204,"commentCount":0,"publisher":{"@id":"https:\/\/www.webdo.tn\/fr\/#organization"},"image":{"@id":"https:\/\/www.webdo.tn\/fr\/actualite\/terrorisme\/tunisie-video-dune-femme-arretee-par-les-forces-de-lordre-probablement-du-groupe-arme-doued-ellil\/180049\/#primaryimage"},"thumbnailUrl":"https:\/\/www.webdo.tn\/fr\/wp-content\/uploads\/2025\/06\/Capture-decran-2014-10-25-a-17.12.21-e1414254381299_180049.png","articleSection":["Terrorisme"],"inLanguage":"fr-FR"},{"@type":"WebPage","@id":"https:\/\/www.webdo.tn\/fr\/actualite\/terrorisme\/tunisie-video-dune-femme-arretee-par-les-forces-de-lordre-probablement-du-groupe-arme-doued-ellil\/180049\/","url":"https:\/\/www.webdo.tn\/fr\/actualite\/terrorisme\/tunisie-video-dune-femme-arretee-par-les-forces-de-lordre-probablement-du-groupe-arme-doued-ellil\/180049\/","name":"Vid\u00e9o d'une femme arr\u00eat\u00e9e par les forces de l'ordre, probablement du groupe arm\u00e9 d'Oued Ellil","isPartOf":{"@id":"https:\/\/www.webdo.tn\/fr\/#website"},"primaryImageOfPage":{"@id":"https:\/\/www.webdo.tn\/fr\/actualite\/terrorisme\/tunisie-video-dune-femme-arretee-par-les-forces-de-lordre-probablement-du-groupe-arme-doued-ellil\/180049\/#primaryimage"},"image":{"@id":"https:\/\/www.webdo.tn\/fr\/actualite\/terrorisme\/tunisie-video-dune-femme-arretee-par-les-forces-de-lordre-probablement-du-groupe-arme-doued-ellil\/180049\/#primaryimage"},"thumbnailUrl":"https:\/\/www.webdo.tn\/fr\/wp-content\/uploads\/2025\/06\/Capture-decran-2014-10-25-a-17.12.21-e1414254381299_180049.png","datePublished":"2014-10-25T17:37:00+00:00","dateModified":"2025-05-22T13:02:33+00:00","description":"Vid\u00e9o d'une femme arr\u00eat\u00e9e par les forces de l'ordre, probablement du groupe arm\u00e9 d'Oued Ellil","breadcrumb":{"@id":"https:\/\/www.webdo.tn\/fr\/actualite\/terrorisme\/tunisie-video-dune-femme-arretee-par-les-forces-de-lordre-probablement-du-groupe-arme-doued-ellil\/180049\/#breadcrumb"},"inLanguage":"fr-FR","potentialAction":[{"@type":"ReadAction","target":["https:\/\/www.webdo.tn\/fr\/actualite\/terrorisme\/tunisie-video-dune-femme-arretee-par-les-forces-de-lordre-probablement-du-groupe-arme-doued-ellil\/180049\/"]}]},{"@type":"ImageObject","inLanguage":"fr-FR","@id":"https:\/\/www.webdo.tn\/fr\/actualite\/terrorisme\/tunisie-video-dune-femme-arretee-par-les-forces-de-lordre-probablement-du-groupe-arme-doued-ellil\/180049\/#primaryimage","url":"https:\/\/www.webdo.tn\/fr\/wp-content\/uploads\/2025\/06\/Capture-decran-2014-10-25-a-17.12.21-e1414254381299_180049.png","contentUrl":"https:\/\/www.webdo.tn\/fr\/wp-content\/uploads\/2025\/06\/Capture-decran-2014-10-25-a-17.12.21-e1414254381299_180049.png","width":242,"height":200,"caption":"Vid\u00e9o d'une femme arr\u00eat\u00e9e par les forces de l'ordre, probablement du groupe arm\u00e9 d'Oued Ellil"},{"@type":"BreadcrumbList","@id":"https:\/\/www.webdo.tn\/fr\/actualite\/terrorisme\/tunisie-video-dune-femme-arretee-par-les-forces-de-lordre-probablement-du-groupe-arme-doued-ellil\/180049\/#breadcrumb","itemListElement":[{"@type":"ListItem","position":1,"name":"Accueil","item":"https:\/\/www.webdo.tn\/fr\/"},{"@type":"ListItem","position":2,"name":"Vid\u00e9o d&rsquo;une femme arr\u00eat\u00e9e par les forces de l&rsquo;ordre, probablement du groupe arm\u00e9 d&rsquo;Oued Ellil"}]},{"@type":"WebSite","@id":"https:\/\/www.webdo.tn\/fr\/#website","url":"https:\/\/www.webdo.tn\/fr\/","name":"webdo","description":"Tunisie - News en Tunisie et \u00e0 l&#039;international sur Webdo.tn","publisher":{"@id":"https:\/\/www.webdo.tn\/fr\/#organization"},"potentialAction":[{"@type":"SearchAction","target":{"@type":"EntryPoint","urlTemplate":"https:\/\/www.webdo.tn\/fr\/?s={search_term_string}"},"query-input":{"@type":"PropertyValueSpecification","valueRequired":true,"valueName":"search_term_string"}}],"inLanguage":"fr-FR"},{"@type":"Organization","@id":"https:\/\/www.webdo.tn\/fr\/#organization","name":"Webdo","alternateName":"Webdo.tn","url":"https:\/\/www.webdo.tn\/fr\/","logo":{"@type":"ImageObject","inLanguage":"fr-FR","@id":"https:\/\/www.webdo.tn\/fr\/#\/schema\/logo\/image\/","url":"https:\/\/www.webdo.tn\/fr\/wp-content\/uploads\/2025\/06\/Webdo-Tunisie_168377.jpg","contentUrl":"https:\/\/www.webdo.tn\/fr\/wp-content\/uploads\/2025\/06\/Webdo-Tunisie_168377.jpg","width":301,"height":301,"caption":"Webdo"},"image":{"@id":"https:\/\/www.webdo.tn\/fr\/#\/schema\/logo\/image\/"},"sameAs":["https:\/\/www.facebook.com\/webdotn","https:\/\/x.com\/webdo_tn"],"description":"Webdo est un m\u00e9dia num\u00e9rique tunisien fond\u00e9 en 2010, sp\u00e9cialis\u00e9 dans l\u2019actualit\u00e9 nationale et internationale, l\u2019\u00e9conomie, la soci\u00e9t\u00e9 et les analyses politiques. Le site s\u2019adresse \u00e0 un large public francophone et couvre l\u2019information tunisienne en temps r\u00e9el.","email":"redac@webdo.tn","legalName":"YNJ SARL","foundingDate":"2010-09-06","numberOfEmployees":{"@type":"QuantitativeValue","minValue":"11","maxValue":"50"}},{"@type":"Person","@id":"https:\/\/www.webdo.tn\/fr\/#\/schema\/person\/9a9c6118d687c117df8ef3cc36a4d175","name":"webdo.tn","image":{"@type":"ImageObject","inLanguage":"fr-FR","@id":"https:\/\/secure.gravatar.com\/avatar\/7ce1f28c0c3bbac99ff550b85ef8e44a6950c6ee24514fb6a5489e51d06f0298?s=96&d=mm&r=g","url":"https:\/\/secure.gravatar.com\/avatar\/7ce1f28c0c3bbac99ff550b85ef8e44a6950c6ee24514fb6a5489e51d06f0298?s=96&d=mm&r=g","contentUrl":"https:\/\/secure.gravatar.com\/avatar\/7ce1f28c0c3bbac99ff550b85ef8e44a6950c6ee24514fb6a5489e51d06f0298?s=96&d=mm&r=g","caption":"webdo.tn"},"url":"https:\/\/www.webdo.tn\/fr\/actualite\/author\/webdotn\/"}]}},"_links":{"self":[{"href":"https:\/\/www.webdo.tn\/fr\/wp-json\/wp\/v2\/posts\/180049","targetHints":{"allow":["GET"]}}],"collection":[{"href":"https:\/\/www.webdo.tn\/fr\/wp-json\/wp\/v2\/posts"}],"about":[{"href":"https:\/\/www.webdo.tn\/fr\/wp-json\/wp\/v2\/types\/post"}],"author":[{"embeddable":true,"href":"https:\/\/www.webdo.tn\/fr\/wp-json\/wp\/v2\/users\/3222"}],"replies":[{"embeddable":true,"href":"https:\/\/www.webdo.tn\/fr\/wp-json\/wp\/v2\/comments?post=180049"}],"version-history":[{"count":0,"href":"https:\/\/www.webdo.tn\/fr\/wp-json\/wp\/v2\/posts\/180049\/revisions"}],"wp:featuredmedia":[{"embeddable":true,"href":"https:\/\/www.webdo.tn\/fr\/wp-json\/wp\/v2\/media\/373300"}],"wp:attachment":[{"href":"https:\/\/www.webdo.tn\/fr\/wp-json\/wp\/v2\/media?parent=180049"}],"wp:term":[{"taxonomy":"category","embeddable":true,"href":"https:\/\/www.webdo.tn\/fr\/wp-json\/wp\/v2\/categories?post=180049"},{"taxonomy":"post_tag","embeddable":true,"href":"https:\/\/www.webdo.tn\/fr\/wp-json\/wp\/v2\/tags?post=180049"}],"curies":[{"name":"wp","href":"https:\/\/api.w.org\/{rel}","templated":true}]}}