{"id":180048,"date":"2014-10-29T01:46:00","date_gmt":"2014-10-29T01:46:00","guid":{"rendered":"https:\/\/www.webdo.tn\/fr\/blog\/tunisie-siliana-demantelement-dune-cellule-de-presumes-terroristes-dapres-le-mi\/180048\/"},"modified":"2025-05-22T13:02:23","modified_gmt":"2025-05-22T13:02:23","slug":"tunisie-siliana-demantelement-dune-cellule-de-presumes-terroristes-dapres-le-mi","status":"publish","type":"post","link":"https:\/\/www.webdo.tn\/fr\/actualite\/terrorisme\/tunisie-siliana-demantelement-dune-cellule-de-presumes-terroristes-dapres-le-mi\/180048\/","title":{"rendered":"Siliana : D\u00e9mant\u00e8lement d\u2019une cellule de pr\u00e9sum\u00e9s terroristes d&rsquo;apr\u00e8s le MI"},"content":{"rendered":"<p>Une cellule de pr\u00e9sum\u00e9s terroristes compos\u00e9e de cinq personnes qualifi\u00e9es de \u00ab\u00a0takfiristes\u00a0\u00bb sp\u00e9cialis\u00e9s dans la fabrication d\u2019\u00e9quipements \u00e9lectroniques qui seraient destin\u00e9s \u00e0 faire exploser \u00e0 distance des bombes artisanales, a \u00e9t\u00e9 d\u00e9mantel\u00e9e au Krib, dans le gouvernorat de Siliana, d&rsquo;apr\u00e8s un communiqu\u00e9 du minist\u00e8re de l&rsquo;Int\u00e9rieur, ce mardi 28 octobre 2014.<\/p>\n<p>La m\u00eame source r\u00e9v\u00e8le que ces dits \u00ab\u00a0takfiristes\u00a0\u00bb \u00e9taient sur le point de lancer une radio num\u00e9rique pour diffuser la propagande du mouvement interdit Ansar Al Chariaa.<\/p>\n<p>Selon le minist\u00e8re de l&rsquo;Int\u00e9rieur, \u00ab\u00a0les investigations de la police ont r\u00e9v\u00e9l\u00e9 que tout ce mat\u00e9riel \u00e9tait destin\u00e9 aux terroristes retranch\u00e9s dans les montagnes pour \u00eatre utilis\u00e9 dans des attaques terroristes.\u00a0\u00bb<\/p>\n<p>Des \u00e9quipements de police et des ouvrages sur le \u00ab\u00a0takfirisme\u00a0\u00bbont \u00e9t\u00e9 \u00e9galement saisis lors de l&rsquo;intervention s\u00e9curitaire.<br \/>\nAbdelhamid Ferchichi<\/p>\n","protected":false},"excerpt":{"rendered":"<p>Siliana : D\u00e9mant\u00e8lement d\u2019une cellule de pr\u00e9sum\u00e9s terroristes d&rsquo;apr\u00e8s le MI <\/p>\n","protected":false},"author":3222,"featured_media":319977,"comment_status":"open","ping_status":"closed","sticky":false,"template":"","format":"standard","meta":{"footnotes":""},"categories":[11342],"tags":[],"class_list":["post-180048","post","type-post","status-publish","format-standard","has-post-thumbnail","hentry","category-terrorisme"],"yoast_head":"<!-- This site is optimized with the Yoast SEO Premium plugin v27.4 (Yoast SEO v27.5) - https:\/\/yoast.com\/product\/yoast-seo-premium-wordpress\/ -->\n<title>Siliana : D\u00e9mant\u00e8lement d\u2019une cellule de pr\u00e9sum\u00e9s terroristes d&#039;apr\u00e8s le MI<\/title>\n<meta name=\"description\" content=\"Siliana : D\u00e9mant\u00e8lement d\u2019une cellule de pr\u00e9sum\u00e9s terroristes d&#039;apr\u00e8s le MI\" \/>\n<link rel=\"canonical\" href=\"https:\/\/www.webdo.tn\/fr\/actualite\/terrorisme\/tunisie-siliana-demantelement-dune-cellule-de-presumes-terroristes-dapres-le-mi\/180048\/\" \/>\n<meta property=\"og:locale\" content=\"fr_FR\" \/>\n<meta property=\"og:type\" content=\"article\" \/>\n<meta property=\"og:title\" content=\"Siliana : D\u00e9mant\u00e8lement d\u2019une cellule de pr\u00e9sum\u00e9s terroristes d&#039;apr\u00e8s le MI\" \/>\n<meta property=\"og:description\" content=\"Siliana : D\u00e9mant\u00e8lement d\u2019une cellule de pr\u00e9sum\u00e9s terroristes d&#039;apr\u00e8s le MI\" \/>\n<meta property=\"og:url\" content=\"https:\/\/www.webdo.tn\/fr\/actualite\/terrorisme\/tunisie-siliana-demantelement-dune-cellule-de-presumes-terroristes-dapres-le-mi\/180048\/\" \/>\n<meta property=\"og:site_name\" content=\"webdo\" \/>\n<meta property=\"article:publisher\" content=\"https:\/\/www.facebook.com\/webdotn\" \/>\n<meta property=\"article:published_time\" content=\"2014-10-29T01:46:00+00:00\" \/>\n<meta property=\"article:modified_time\" content=\"2025-05-22T13:02:23+00:00\" \/>\n<meta property=\"og:image\" content=\"https:\/\/www.webdo.tn\/fr\/wp-content\/uploads\/2014\/10\/cellule-terroristes-Siliana.jpg\" \/>\n\t<meta property=\"og:image:width\" content=\"320\" \/>\n\t<meta property=\"og:image:height\" content=\"200\" \/>\n\t<meta property=\"og:image:type\" content=\"image\/jpeg\" \/>\n<meta name=\"author\" content=\"webdo.tn\" \/>\n<meta name=\"twitter:card\" content=\"summary_large_image\" \/>\n<meta name=\"twitter:creator\" content=\"@webdo_tn\" \/>\n<meta name=\"twitter:site\" content=\"@webdo_tn\" \/>\n<meta name=\"twitter:label1\" content=\"\u00c9crit par\" \/>\n\t<meta name=\"twitter:data1\" content=\"webdo.tn\" \/>\n\t<meta name=\"twitter:label2\" content=\"Dur\u00e9e de lecture estim\u00e9e\" \/>\n\t<meta name=\"twitter:data2\" content=\"1 minute\" \/>\n<script type=\"application\/ld+json\" class=\"yoast-schema-graph\">{\"@context\":\"https:\\\/\\\/schema.org\",\"@graph\":[{\"@type\":\"NewsArticle\",\"@id\":\"https:\\\/\\\/www.webdo.tn\\\/fr\\\/actualite\\\/terrorisme\\\/tunisie-siliana-demantelement-dune-cellule-de-presumes-terroristes-dapres-le-mi\\\/180048\\\/#article\",\"isPartOf\":{\"@id\":\"https:\\\/\\\/www.webdo.tn\\\/fr\\\/actualite\\\/terrorisme\\\/tunisie-siliana-demantelement-dune-cellule-de-presumes-terroristes-dapres-le-mi\\\/180048\\\/\"},\"author\":{\"name\":\"webdo.tn\",\"@id\":\"https:\\\/\\\/www.webdo.tn\\\/fr\\\/#\\\/schema\\\/person\\\/9a9c6118d687c117df8ef3cc36a4d175\"},\"headline\":\"Siliana : D\u00e9mant\u00e8lement d\u2019une cellule de pr\u00e9sum\u00e9s terroristes d&rsquo;apr\u00e8s le MI\",\"datePublished\":\"2014-10-29T01:46:00+00:00\",\"dateModified\":\"2025-05-22T13:02:23+00:00\",\"mainEntityOfPage\":{\"@id\":\"https:\\\/\\\/www.webdo.tn\\\/fr\\\/actualite\\\/terrorisme\\\/tunisie-siliana-demantelement-dune-cellule-de-presumes-terroristes-dapres-le-mi\\\/180048\\\/\"},\"wordCount\":170,\"commentCount\":0,\"publisher\":{\"@id\":\"https:\\\/\\\/www.webdo.tn\\\/fr\\\/#organization\"},\"image\":{\"@id\":\"https:\\\/\\\/www.webdo.tn\\\/fr\\\/actualite\\\/terrorisme\\\/tunisie-siliana-demantelement-dune-cellule-de-presumes-terroristes-dapres-le-mi\\\/180048\\\/#primaryimage\"},\"thumbnailUrl\":\"https:\\\/\\\/www.webdo.tn\\\/fr\\\/wp-content\\\/uploads\\\/2014\\\/10\\\/cellule-terroristes-Siliana.jpg\",\"articleSection\":[\"Terrorisme\"],\"inLanguage\":\"fr-FR\"},{\"@type\":\"WebPage\",\"@id\":\"https:\\\/\\\/www.webdo.tn\\\/fr\\\/actualite\\\/terrorisme\\\/tunisie-siliana-demantelement-dune-cellule-de-presumes-terroristes-dapres-le-mi\\\/180048\\\/\",\"url\":\"https:\\\/\\\/www.webdo.tn\\\/fr\\\/actualite\\\/terrorisme\\\/tunisie-siliana-demantelement-dune-cellule-de-presumes-terroristes-dapres-le-mi\\\/180048\\\/\",\"name\":\"Siliana : D\u00e9mant\u00e8lement d\u2019une cellule de pr\u00e9sum\u00e9s terroristes d'apr\u00e8s le MI\",\"isPartOf\":{\"@id\":\"https:\\\/\\\/www.webdo.tn\\\/fr\\\/#website\"},\"primaryImageOfPage\":{\"@id\":\"https:\\\/\\\/www.webdo.tn\\\/fr\\\/actualite\\\/terrorisme\\\/tunisie-siliana-demantelement-dune-cellule-de-presumes-terroristes-dapres-le-mi\\\/180048\\\/#primaryimage\"},\"image\":{\"@id\":\"https:\\\/\\\/www.webdo.tn\\\/fr\\\/actualite\\\/terrorisme\\\/tunisie-siliana-demantelement-dune-cellule-de-presumes-terroristes-dapres-le-mi\\\/180048\\\/#primaryimage\"},\"thumbnailUrl\":\"https:\\\/\\\/www.webdo.tn\\\/fr\\\/wp-content\\\/uploads\\\/2014\\\/10\\\/cellule-terroristes-Siliana.jpg\",\"datePublished\":\"2014-10-29T01:46:00+00:00\",\"dateModified\":\"2025-05-22T13:02:23+00:00\",\"description\":\"Siliana : D\u00e9mant\u00e8lement d\u2019une cellule de pr\u00e9sum\u00e9s terroristes d'apr\u00e8s le MI\",\"breadcrumb\":{\"@id\":\"https:\\\/\\\/www.webdo.tn\\\/fr\\\/actualite\\\/terrorisme\\\/tunisie-siliana-demantelement-dune-cellule-de-presumes-terroristes-dapres-le-mi\\\/180048\\\/#breadcrumb\"},\"inLanguage\":\"fr-FR\",\"potentialAction\":[{\"@type\":\"ReadAction\",\"target\":[\"https:\\\/\\\/www.webdo.tn\\\/fr\\\/actualite\\\/terrorisme\\\/tunisie-siliana-demantelement-dune-cellule-de-presumes-terroristes-dapres-le-mi\\\/180048\\\/\"]}]},{\"@type\":\"ImageObject\",\"inLanguage\":\"fr-FR\",\"@id\":\"https:\\\/\\\/www.webdo.tn\\\/fr\\\/actualite\\\/terrorisme\\\/tunisie-siliana-demantelement-dune-cellule-de-presumes-terroristes-dapres-le-mi\\\/180048\\\/#primaryimage\",\"url\":\"https:\\\/\\\/www.webdo.tn\\\/fr\\\/wp-content\\\/uploads\\\/2014\\\/10\\\/cellule-terroristes-Siliana.jpg\",\"contentUrl\":\"https:\\\/\\\/www.webdo.tn\\\/fr\\\/wp-content\\\/uploads\\\/2014\\\/10\\\/cellule-terroristes-Siliana.jpg\",\"width\":320,\"height\":200,\"caption\":\"Siliana : D\u00e9mant\u00e8lement d\u2019une cellule de pr\u00e9sum\u00e9s terroristes d'apr\u00e8s le MI\"},{\"@type\":\"BreadcrumbList\",\"@id\":\"https:\\\/\\\/www.webdo.tn\\\/fr\\\/actualite\\\/terrorisme\\\/tunisie-siliana-demantelement-dune-cellule-de-presumes-terroristes-dapres-le-mi\\\/180048\\\/#breadcrumb\",\"itemListElement\":[{\"@type\":\"ListItem\",\"position\":1,\"name\":\"Accueil\",\"item\":\"https:\\\/\\\/www.webdo.tn\\\/fr\\\/\"},{\"@type\":\"ListItem\",\"position\":2,\"name\":\"Siliana : D\u00e9mant\u00e8lement d\u2019une cellule de pr\u00e9sum\u00e9s terroristes d&rsquo;apr\u00e8s le MI\"}]},{\"@type\":\"WebSite\",\"@id\":\"https:\\\/\\\/www.webdo.tn\\\/fr\\\/#website\",\"url\":\"https:\\\/\\\/www.webdo.tn\\\/fr\\\/\",\"name\":\"webdo\",\"description\":\"Tunisie - News en Tunisie et \u00e0 l&#039;international sur Webdo.tn\",\"publisher\":{\"@id\":\"https:\\\/\\\/www.webdo.tn\\\/fr\\\/#organization\"},\"potentialAction\":[{\"@type\":\"SearchAction\",\"target\":{\"@type\":\"EntryPoint\",\"urlTemplate\":\"https:\\\/\\\/www.webdo.tn\\\/fr\\\/?s={search_term_string}\"},\"query-input\":{\"@type\":\"PropertyValueSpecification\",\"valueRequired\":true,\"valueName\":\"search_term_string\"}}],\"inLanguage\":\"fr-FR\"},{\"@type\":\"Organization\",\"@id\":\"https:\\\/\\\/www.webdo.tn\\\/fr\\\/#organization\",\"name\":\"Webdo\",\"alternateName\":\"Webdo.tn\",\"url\":\"https:\\\/\\\/www.webdo.tn\\\/fr\\\/\",\"logo\":{\"@type\":\"ImageObject\",\"inLanguage\":\"fr-FR\",\"@id\":\"https:\\\/\\\/www.webdo.tn\\\/fr\\\/#\\\/schema\\\/logo\\\/image\\\/\",\"url\":\"https:\\\/\\\/www.webdo.tn\\\/fr\\\/wp-content\\\/uploads\\\/2025\\\/06\\\/Webdo-Tunisie_168377.jpg\",\"contentUrl\":\"https:\\\/\\\/www.webdo.tn\\\/fr\\\/wp-content\\\/uploads\\\/2025\\\/06\\\/Webdo-Tunisie_168377.jpg\",\"width\":301,\"height\":301,\"caption\":\"Webdo\"},\"image\":{\"@id\":\"https:\\\/\\\/www.webdo.tn\\\/fr\\\/#\\\/schema\\\/logo\\\/image\\\/\"},\"sameAs\":[\"https:\\\/\\\/www.facebook.com\\\/webdotn\",\"https:\\\/\\\/x.com\\\/webdo_tn\"],\"description\":\"Webdo est un m\u00e9dia num\u00e9rique tunisien fond\u00e9 en 2010, sp\u00e9cialis\u00e9 dans l\u2019actualit\u00e9 nationale et internationale, l\u2019\u00e9conomie, la soci\u00e9t\u00e9 et les analyses politiques. Le site s\u2019adresse \u00e0 un large public francophone et couvre l\u2019information tunisienne en temps r\u00e9el.\",\"email\":\"redac@webdo.tn\",\"legalName\":\"YNJ SARL\",\"foundingDate\":\"2010-09-06\",\"numberOfEmployees\":{\"@type\":\"QuantitativeValue\",\"minValue\":\"11\",\"maxValue\":\"50\"}},{\"@type\":\"Person\",\"@id\":\"https:\\\/\\\/www.webdo.tn\\\/fr\\\/#\\\/schema\\\/person\\\/9a9c6118d687c117df8ef3cc36a4d175\",\"name\":\"webdo.tn\",\"image\":{\"@type\":\"ImageObject\",\"inLanguage\":\"fr-FR\",\"@id\":\"https:\\\/\\\/secure.gravatar.com\\\/avatar\\\/7ce1f28c0c3bbac99ff550b85ef8e44a6950c6ee24514fb6a5489e51d06f0298?s=96&d=mm&r=g\",\"url\":\"https:\\\/\\\/secure.gravatar.com\\\/avatar\\\/7ce1f28c0c3bbac99ff550b85ef8e44a6950c6ee24514fb6a5489e51d06f0298?s=96&d=mm&r=g\",\"contentUrl\":\"https:\\\/\\\/secure.gravatar.com\\\/avatar\\\/7ce1f28c0c3bbac99ff550b85ef8e44a6950c6ee24514fb6a5489e51d06f0298?s=96&d=mm&r=g\",\"caption\":\"webdo.tn\"},\"url\":\"https:\\\/\\\/www.webdo.tn\\\/fr\\\/actualite\\\/author\\\/webdotn\\\/\"}]}<\/script>\n<!-- \/ Yoast SEO Premium plugin. -->","yoast_head_json":{"title":"Siliana : D\u00e9mant\u00e8lement d\u2019une cellule de pr\u00e9sum\u00e9s terroristes d'apr\u00e8s le MI","description":"Siliana : D\u00e9mant\u00e8lement d\u2019une cellule de pr\u00e9sum\u00e9s terroristes d'apr\u00e8s le MI","canonical":"https:\/\/www.webdo.tn\/fr\/actualite\/terrorisme\/tunisie-siliana-demantelement-dune-cellule-de-presumes-terroristes-dapres-le-mi\/180048\/","og_locale":"fr_FR","og_type":"article","og_title":"Siliana : D\u00e9mant\u00e8lement d\u2019une cellule de pr\u00e9sum\u00e9s terroristes d'apr\u00e8s le MI","og_description":"Siliana : D\u00e9mant\u00e8lement d\u2019une cellule de pr\u00e9sum\u00e9s terroristes d'apr\u00e8s le MI","og_url":"https:\/\/www.webdo.tn\/fr\/actualite\/terrorisme\/tunisie-siliana-demantelement-dune-cellule-de-presumes-terroristes-dapres-le-mi\/180048\/","og_site_name":"webdo","article_publisher":"https:\/\/www.facebook.com\/webdotn","article_published_time":"2014-10-29T01:46:00+00:00","article_modified_time":"2025-05-22T13:02:23+00:00","og_image":[{"width":320,"height":200,"url":"https:\/\/www.webdo.tn\/fr\/wp-content\/uploads\/2014\/10\/cellule-terroristes-Siliana.jpg","type":"image\/jpeg"}],"author":"webdo.tn","twitter_card":"summary_large_image","twitter_creator":"@webdo_tn","twitter_site":"@webdo_tn","twitter_misc":{"\u00c9crit par":"webdo.tn","Dur\u00e9e de lecture estim\u00e9e":"1 minute"},"schema":{"@context":"https:\/\/schema.org","@graph":[{"@type":"NewsArticle","@id":"https:\/\/www.webdo.tn\/fr\/actualite\/terrorisme\/tunisie-siliana-demantelement-dune-cellule-de-presumes-terroristes-dapres-le-mi\/180048\/#article","isPartOf":{"@id":"https:\/\/www.webdo.tn\/fr\/actualite\/terrorisme\/tunisie-siliana-demantelement-dune-cellule-de-presumes-terroristes-dapres-le-mi\/180048\/"},"author":{"name":"webdo.tn","@id":"https:\/\/www.webdo.tn\/fr\/#\/schema\/person\/9a9c6118d687c117df8ef3cc36a4d175"},"headline":"Siliana : D\u00e9mant\u00e8lement d\u2019une cellule de pr\u00e9sum\u00e9s terroristes d&rsquo;apr\u00e8s le MI","datePublished":"2014-10-29T01:46:00+00:00","dateModified":"2025-05-22T13:02:23+00:00","mainEntityOfPage":{"@id":"https:\/\/www.webdo.tn\/fr\/actualite\/terrorisme\/tunisie-siliana-demantelement-dune-cellule-de-presumes-terroristes-dapres-le-mi\/180048\/"},"wordCount":170,"commentCount":0,"publisher":{"@id":"https:\/\/www.webdo.tn\/fr\/#organization"},"image":{"@id":"https:\/\/www.webdo.tn\/fr\/actualite\/terrorisme\/tunisie-siliana-demantelement-dune-cellule-de-presumes-terroristes-dapres-le-mi\/180048\/#primaryimage"},"thumbnailUrl":"https:\/\/www.webdo.tn\/fr\/wp-content\/uploads\/2014\/10\/cellule-terroristes-Siliana.jpg","articleSection":["Terrorisme"],"inLanguage":"fr-FR"},{"@type":"WebPage","@id":"https:\/\/www.webdo.tn\/fr\/actualite\/terrorisme\/tunisie-siliana-demantelement-dune-cellule-de-presumes-terroristes-dapres-le-mi\/180048\/","url":"https:\/\/www.webdo.tn\/fr\/actualite\/terrorisme\/tunisie-siliana-demantelement-dune-cellule-de-presumes-terroristes-dapres-le-mi\/180048\/","name":"Siliana : D\u00e9mant\u00e8lement d\u2019une cellule de pr\u00e9sum\u00e9s terroristes d'apr\u00e8s le MI","isPartOf":{"@id":"https:\/\/www.webdo.tn\/fr\/#website"},"primaryImageOfPage":{"@id":"https:\/\/www.webdo.tn\/fr\/actualite\/terrorisme\/tunisie-siliana-demantelement-dune-cellule-de-presumes-terroristes-dapres-le-mi\/180048\/#primaryimage"},"image":{"@id":"https:\/\/www.webdo.tn\/fr\/actualite\/terrorisme\/tunisie-siliana-demantelement-dune-cellule-de-presumes-terroristes-dapres-le-mi\/180048\/#primaryimage"},"thumbnailUrl":"https:\/\/www.webdo.tn\/fr\/wp-content\/uploads\/2014\/10\/cellule-terroristes-Siliana.jpg","datePublished":"2014-10-29T01:46:00+00:00","dateModified":"2025-05-22T13:02:23+00:00","description":"Siliana : D\u00e9mant\u00e8lement d\u2019une cellule de pr\u00e9sum\u00e9s terroristes d'apr\u00e8s le MI","breadcrumb":{"@id":"https:\/\/www.webdo.tn\/fr\/actualite\/terrorisme\/tunisie-siliana-demantelement-dune-cellule-de-presumes-terroristes-dapres-le-mi\/180048\/#breadcrumb"},"inLanguage":"fr-FR","potentialAction":[{"@type":"ReadAction","target":["https:\/\/www.webdo.tn\/fr\/actualite\/terrorisme\/tunisie-siliana-demantelement-dune-cellule-de-presumes-terroristes-dapres-le-mi\/180048\/"]}]},{"@type":"ImageObject","inLanguage":"fr-FR","@id":"https:\/\/www.webdo.tn\/fr\/actualite\/terrorisme\/tunisie-siliana-demantelement-dune-cellule-de-presumes-terroristes-dapres-le-mi\/180048\/#primaryimage","url":"https:\/\/www.webdo.tn\/fr\/wp-content\/uploads\/2014\/10\/cellule-terroristes-Siliana.jpg","contentUrl":"https:\/\/www.webdo.tn\/fr\/wp-content\/uploads\/2014\/10\/cellule-terroristes-Siliana.jpg","width":320,"height":200,"caption":"Siliana : D\u00e9mant\u00e8lement d\u2019une cellule de pr\u00e9sum\u00e9s terroristes d'apr\u00e8s le MI"},{"@type":"BreadcrumbList","@id":"https:\/\/www.webdo.tn\/fr\/actualite\/terrorisme\/tunisie-siliana-demantelement-dune-cellule-de-presumes-terroristes-dapres-le-mi\/180048\/#breadcrumb","itemListElement":[{"@type":"ListItem","position":1,"name":"Accueil","item":"https:\/\/www.webdo.tn\/fr\/"},{"@type":"ListItem","position":2,"name":"Siliana : D\u00e9mant\u00e8lement d\u2019une cellule de pr\u00e9sum\u00e9s terroristes d&rsquo;apr\u00e8s le MI"}]},{"@type":"WebSite","@id":"https:\/\/www.webdo.tn\/fr\/#website","url":"https:\/\/www.webdo.tn\/fr\/","name":"webdo","description":"Tunisie - News en Tunisie et \u00e0 l&#039;international sur Webdo.tn","publisher":{"@id":"https:\/\/www.webdo.tn\/fr\/#organization"},"potentialAction":[{"@type":"SearchAction","target":{"@type":"EntryPoint","urlTemplate":"https:\/\/www.webdo.tn\/fr\/?s={search_term_string}"},"query-input":{"@type":"PropertyValueSpecification","valueRequired":true,"valueName":"search_term_string"}}],"inLanguage":"fr-FR"},{"@type":"Organization","@id":"https:\/\/www.webdo.tn\/fr\/#organization","name":"Webdo","alternateName":"Webdo.tn","url":"https:\/\/www.webdo.tn\/fr\/","logo":{"@type":"ImageObject","inLanguage":"fr-FR","@id":"https:\/\/www.webdo.tn\/fr\/#\/schema\/logo\/image\/","url":"https:\/\/www.webdo.tn\/fr\/wp-content\/uploads\/2025\/06\/Webdo-Tunisie_168377.jpg","contentUrl":"https:\/\/www.webdo.tn\/fr\/wp-content\/uploads\/2025\/06\/Webdo-Tunisie_168377.jpg","width":301,"height":301,"caption":"Webdo"},"image":{"@id":"https:\/\/www.webdo.tn\/fr\/#\/schema\/logo\/image\/"},"sameAs":["https:\/\/www.facebook.com\/webdotn","https:\/\/x.com\/webdo_tn"],"description":"Webdo est un m\u00e9dia num\u00e9rique tunisien fond\u00e9 en 2010, sp\u00e9cialis\u00e9 dans l\u2019actualit\u00e9 nationale et internationale, l\u2019\u00e9conomie, la soci\u00e9t\u00e9 et les analyses politiques. Le site s\u2019adresse \u00e0 un large public francophone et couvre l\u2019information tunisienne en temps r\u00e9el.","email":"redac@webdo.tn","legalName":"YNJ SARL","foundingDate":"2010-09-06","numberOfEmployees":{"@type":"QuantitativeValue","minValue":"11","maxValue":"50"}},{"@type":"Person","@id":"https:\/\/www.webdo.tn\/fr\/#\/schema\/person\/9a9c6118d687c117df8ef3cc36a4d175","name":"webdo.tn","image":{"@type":"ImageObject","inLanguage":"fr-FR","@id":"https:\/\/secure.gravatar.com\/avatar\/7ce1f28c0c3bbac99ff550b85ef8e44a6950c6ee24514fb6a5489e51d06f0298?s=96&d=mm&r=g","url":"https:\/\/secure.gravatar.com\/avatar\/7ce1f28c0c3bbac99ff550b85ef8e44a6950c6ee24514fb6a5489e51d06f0298?s=96&d=mm&r=g","contentUrl":"https:\/\/secure.gravatar.com\/avatar\/7ce1f28c0c3bbac99ff550b85ef8e44a6950c6ee24514fb6a5489e51d06f0298?s=96&d=mm&r=g","caption":"webdo.tn"},"url":"https:\/\/www.webdo.tn\/fr\/actualite\/author\/webdotn\/"}]}},"_links":{"self":[{"href":"https:\/\/www.webdo.tn\/fr\/wp-json\/wp\/v2\/posts\/180048","targetHints":{"allow":["GET"]}}],"collection":[{"href":"https:\/\/www.webdo.tn\/fr\/wp-json\/wp\/v2\/posts"}],"about":[{"href":"https:\/\/www.webdo.tn\/fr\/wp-json\/wp\/v2\/types\/post"}],"author":[{"embeddable":true,"href":"https:\/\/www.webdo.tn\/fr\/wp-json\/wp\/v2\/users\/3222"}],"replies":[{"embeddable":true,"href":"https:\/\/www.webdo.tn\/fr\/wp-json\/wp\/v2\/comments?post=180048"}],"version-history":[{"count":0,"href":"https:\/\/www.webdo.tn\/fr\/wp-json\/wp\/v2\/posts\/180048\/revisions"}],"wp:featuredmedia":[{"embeddable":true,"href":"https:\/\/www.webdo.tn\/fr\/wp-json\/wp\/v2\/media\/319977"}],"wp:attachment":[{"href":"https:\/\/www.webdo.tn\/fr\/wp-json\/wp\/v2\/media?parent=180048"}],"wp:term":[{"taxonomy":"category","embeddable":true,"href":"https:\/\/www.webdo.tn\/fr\/wp-json\/wp\/v2\/categories?post=180048"},{"taxonomy":"post_tag","embeddable":true,"href":"https:\/\/www.webdo.tn\/fr\/wp-json\/wp\/v2\/tags?post=180048"}],"curies":[{"name":"wp","href":"https:\/\/api.w.org\/{rel}","templated":true}]}}